{"id":4916,"date":"2013-06-07T16:05:13","date_gmt":"2013-06-07T19:05:13","guid":{"rendered":"http:\/\/revistaregional.com.br\/site\/?p=4916"},"modified":"2024-01-26T10:54:38","modified_gmt":"2024-01-26T13:54:38","slug":"sim-de-sandy-chega-ao-interior","status":"publish","type":"post","link":"https:\/\/revistaregional.com.br\/site\/2013\/06\/07\/sim-de-sandy-chega-ao-interior\/","title":{"rendered":"\u201cSim\u201d de Sandy chega ao Interior"},"content":{"rendered":"<figure id=\"attachment_4917\" aria-describedby=\"caption-attachment-4917\" style=\"width: 384px\" class=\"wp-caption aligncenter\"><a href=\"http:\/\/revistaregional.com.br\/site\/wp-content\/uploads\/2013\/06\/agenda-sandy-2.jpg\" rel=\"attachment wp-att-4917\"><img fetchpriority=\"high\" decoding=\"async\" class=\" wp-image-4917 \" src=\"http:\/\/revistaregional.com.br\/site\/wp-content\/uploads\/2013\/06\/agenda-sandy-2.jpg\" alt=\"\" width=\"384\" height=\"256\" srcset=\"https:\/\/revistaregional.com.br\/site\/wp-content\/uploads\/2013\/06\/agenda-sandy-2.jpg 640w, https:\/\/revistaregional.com.br\/site\/wp-content\/uploads\/2013\/06\/agenda-sandy-2-300x200.jpg 300w\" sizes=\"(max-width: 384px) 100vw, 384px\" \/><\/a><figcaption id=\"caption-attachment-4917\" class=\"wp-caption-text\">Sandy durante show que estreia em Paul\u00ednia<\/figcaption><\/figure>\n<p>Depois do \u00e1lbum autobiogr\u00e1fico \u201cAquela dos 30\u201d, a cantora Sandy volta a fazer turn\u00ea com o seu novo trabalho. Intitulado de \u201cSim\u201d, a artista reafirma sua fase positiva, otimista e segura j\u00e1 apresentada no final do ano passado com o lan\u00e7amento digital do EP \u201cPrinc\u00edpios, Meios e Fins\u201d.\u201cSa\u00ed muito feliz de \u2018Manuscrito\u2019, minha primeira turn\u00ea e respons\u00e1vel por me apresentar em carreira solo. Ela cumpriu seu papel e senti que estava na hora de trazer novidades, tanto pra mim quanto para o p\u00fablico. Adiantei parte desta \u2018ansiedade art\u00edstica\u2019 no final do ano passado com o lan\u00e7amento do EP. Agora, no primeiro semestre, completo meu segundo \u00e1lbum com can\u00e7\u00f5es in\u00e9ditas e, ao mesmo tempo, viajo com a nova turn\u00ea\u201d, explica Sandy. \u201cEstou muito feliz e cheia de energia para produzir, criar, realizar. Tudo ao mesmo tempo, sim, mas, no meu tempo\u201d, comemora.Mais uma vez, \u00e1lbum e turn\u00ea dialogam de acordo com as vontades art\u00edsticas de Sandy que, como de costume, fez quest\u00e3o de cuidar pessoalmente de tudo. O m\u00fasico, compositor, produtor musical e marido da artista, Lucas Lima, repete a parceria de sucesso e assume novamente a dire\u00e7\u00e3o musical do espet\u00e1culo.Em 15 de junho, essa produ\u00e7\u00e3o poder\u00e1 ser vista no Theatro Municipal de Paul\u00ednia, a partir das 21h. Oportunidade \u00fanica para quem viu crescer diante dos olhos a artista que agora prefere <em>shows<\/em> mais intimistas. A produ\u00e7\u00e3o local \u00e9 da TeatroGT, com apoio de Revista Regional.<\/p>\n<p>MAIS: O Theatro Municipal de Paul\u00ednia fica na av. Jos\u00e9 Lozano Ara\u00fajo, 1551 \u2013 Pq Brasil 500. Informa\u00e7\u00f5es: (19) 3933-2140 \u2013 <a href=\"http:\/\/www.teatrogt.com.br\/\">www.teatrogt.com.br<\/a><\/p>\n<p><em>\u00a0foto: Divulga\u00e7\u00e3o\/TeatroGT<\/em><\/p>\n","protected":false},"excerpt":{"rendered":"<p>Depois do \u00e1lbum autobiogr\u00e1fico \u201cAquela dos 30\u201d, a cantora Sandy volta a fazer turn\u00ea com o seu novo trabalho. Intitulado de \u201cSim\u201d, a artista reafirma sua fase positiva, otimista e segura j\u00e1 apresentada no final do ano passado com o lan\u00e7amento digital do EP \u201cPrinc\u00edpios, Meios e Fins\u201d.\u201cSa\u00ed muito feliz de \u2018Manuscrito\u2019, minha primeira turn\u00ea [&hellip;]<\/p>\n","protected":false},"author":1,"featured_media":4917,"comment_status":"open","ping_status":"open","sticky":false,"template":"","format":"standard","meta":{"_acf_changed":false,"ngg_post_thumbnail":0,"_joinchat":[],"footnotes":""},"categories":[4],"tags":[533],"class_list":["post-4916","post","type-post","status-publish","format-standard","has-post-thumbnail","hentry","category-cultura","tag-cultura"],"acf":[],"yoast_head":"<!-- This site is optimized with the Yoast SEO plugin v27.4 - https:\/\/yoast.com\/product\/yoast-seo-wordpress\/ -->\n<title>\u201cSim\u201d de Sandy chega ao Interior - Revista Regional<\/title>\n<meta name=\"robots\" content=\"index, follow, max-snippet:-1, max-image-preview:large, max-video-preview:-1\" \/>\n<link rel=\"canonical\" href=\"https:\/\/revistaregional.com.br\/site\/2013\/06\/07\/sim-de-sandy-chega-ao-interior\/\" \/>\n<meta property=\"og:locale\" content=\"pt_BR\" \/>\n<meta property=\"og:type\" content=\"article\" \/>\n<meta property=\"og:title\" content=\"\u201cSim\u201d de Sandy chega ao Interior - Revista Regional\" \/>\n<meta property=\"og:description\" content=\"Depois do \u00e1lbum autobiogr\u00e1fico \u201cAquela dos 30\u201d, a cantora Sandy volta a fazer turn\u00ea com o seu novo trabalho. Intitulado de \u201cSim\u201d, a artista reafirma sua fase positiva, otimista e segura j\u00e1 apresentada no final do ano passado com o lan\u00e7amento digital do EP \u201cPrinc\u00edpios, Meios e Fins\u201d.\u201cSa\u00ed muito feliz de \u2018Manuscrito\u2019, minha primeira turn\u00ea [&hellip;]\" \/>\n<meta property=\"og:url\" content=\"https:\/\/revistaregional.com.br\/site\/2013\/06\/07\/sim-de-sandy-chega-ao-interior\/\" \/>\n<meta property=\"og:site_name\" content=\"Revista Regional\" \/>\n<meta property=\"article:published_time\" content=\"2013-06-07T19:05:13+00:00\" \/>\n<meta property=\"article:modified_time\" content=\"2024-01-26T13:54:38+00:00\" \/>\n<meta property=\"og:image\" content=\"https:\/\/revistaregional.com.br\/site\/wp-content\/uploads\/2013\/06\/agenda-sandy-2.jpg\" \/>\n\t<meta property=\"og:image:width\" content=\"640\" \/>\n\t<meta property=\"og:image:height\" content=\"427\" \/>\n\t<meta property=\"og:image:type\" content=\"image\/jpeg\" \/>\n<meta name=\"author\" content=\"contato@revistaregional.com.br\" \/>\n<meta name=\"twitter:card\" content=\"summary_large_image\" \/>\n<meta name=\"twitter:label1\" content=\"Escrito por\" \/>\n\t<meta name=\"twitter:data1\" content=\"contato@revistaregional.com.br\" \/>\n\t<meta name=\"twitter:label2\" content=\"Est. tempo de leitura\" \/>\n\t<meta name=\"twitter:data2\" content=\"1 minuto\" \/>\n<script type=\"application\/ld+json\" class=\"yoast-schema-graph\">{\"@context\":\"https:\\\/\\\/schema.org\",\"@graph\":[{\"@type\":\"Article\",\"@id\":\"https:\\\/\\\/revistaregional.com.br\\\/site\\\/2013\\\/06\\\/07\\\/sim-de-sandy-chega-ao-interior\\\/#article\",\"isPartOf\":{\"@id\":\"https:\\\/\\\/revistaregional.com.br\\\/site\\\/2013\\\/06\\\/07\\\/sim-de-sandy-chega-ao-interior\\\/\"},\"author\":{\"name\":\"contato@revistaregional.com.br\",\"@id\":\"https:\\\/\\\/revistaregional.com.br\\\/site\\\/#\\\/schema\\\/person\\\/382af97c580dc1b18f55107bc316010d\"},\"headline\":\"\u201cSim\u201d de Sandy chega ao Interior\",\"datePublished\":\"2013-06-07T19:05:13+00:00\",\"dateModified\":\"2024-01-26T13:54:38+00:00\",\"mainEntityOfPage\":{\"@id\":\"https:\\\/\\\/revistaregional.com.br\\\/site\\\/2013\\\/06\\\/07\\\/sim-de-sandy-chega-ao-interior\\\/\"},\"wordCount\":300,\"commentCount\":0,\"image\":{\"@id\":\"https:\\\/\\\/revistaregional.com.br\\\/site\\\/2013\\\/06\\\/07\\\/sim-de-sandy-chega-ao-interior\\\/#primaryimage\"},\"thumbnailUrl\":\"https:\\\/\\\/revistaregional.com.br\\\/site\\\/wp-content\\\/uploads\\\/2013\\\/06\\\/agenda-sandy-2.jpg\",\"keywords\":[\"Cultura\"],\"articleSection\":[\"Cultura\"],\"inLanguage\":\"pt-BR\",\"potentialAction\":[{\"@type\":\"CommentAction\",\"name\":\"Comment\",\"target\":[\"https:\\\/\\\/revistaregional.com.br\\\/site\\\/2013\\\/06\\\/07\\\/sim-de-sandy-chega-ao-interior\\\/#respond\"]}]},{\"@type\":\"WebPage\",\"@id\":\"https:\\\/\\\/revistaregional.com.br\\\/site\\\/2013\\\/06\\\/07\\\/sim-de-sandy-chega-ao-interior\\\/\",\"url\":\"https:\\\/\\\/revistaregional.com.br\\\/site\\\/2013\\\/06\\\/07\\\/sim-de-sandy-chega-ao-interior\\\/\",\"name\":\"\u201cSim\u201d de Sandy chega ao Interior - Revista Regional\",\"isPartOf\":{\"@id\":\"https:\\\/\\\/revistaregional.com.br\\\/site\\\/#website\"},\"primaryImageOfPage\":{\"@id\":\"https:\\\/\\\/revistaregional.com.br\\\/site\\\/2013\\\/06\\\/07\\\/sim-de-sandy-chega-ao-interior\\\/#primaryimage\"},\"image\":{\"@id\":\"https:\\\/\\\/revistaregional.com.br\\\/site\\\/2013\\\/06\\\/07\\\/sim-de-sandy-chega-ao-interior\\\/#primaryimage\"},\"thumbnailUrl\":\"https:\\\/\\\/revistaregional.com.br\\\/site\\\/wp-content\\\/uploads\\\/2013\\\/06\\\/agenda-sandy-2.jpg\",\"datePublished\":\"2013-06-07T19:05:13+00:00\",\"dateModified\":\"2024-01-26T13:54:38+00:00\",\"author\":{\"@id\":\"https:\\\/\\\/revistaregional.com.br\\\/site\\\/#\\\/schema\\\/person\\\/382af97c580dc1b18f55107bc316010d\"},\"breadcrumb\":{\"@id\":\"https:\\\/\\\/revistaregional.com.br\\\/site\\\/2013\\\/06\\\/07\\\/sim-de-sandy-chega-ao-interior\\\/#breadcrumb\"},\"inLanguage\":\"pt-BR\",\"potentialAction\":[{\"@type\":\"ReadAction\",\"target\":[\"https:\\\/\\\/revistaregional.com.br\\\/site\\\/2013\\\/06\\\/07\\\/sim-de-sandy-chega-ao-interior\\\/\"]}]},{\"@type\":\"ImageObject\",\"inLanguage\":\"pt-BR\",\"@id\":\"https:\\\/\\\/revistaregional.com.br\\\/site\\\/2013\\\/06\\\/07\\\/sim-de-sandy-chega-ao-interior\\\/#primaryimage\",\"url\":\"https:\\\/\\\/revistaregional.com.br\\\/site\\\/wp-content\\\/uploads\\\/2013\\\/06\\\/agenda-sandy-2.jpg\",\"contentUrl\":\"https:\\\/\\\/revistaregional.com.br\\\/site\\\/wp-content\\\/uploads\\\/2013\\\/06\\\/agenda-sandy-2.jpg\",\"width\":\"640\",\"height\":\"427\",\"caption\":\"Sandy durante show que estreia em Paul\u00ednia\"},{\"@type\":\"BreadcrumbList\",\"@id\":\"https:\\\/\\\/revistaregional.com.br\\\/site\\\/2013\\\/06\\\/07\\\/sim-de-sandy-chega-ao-interior\\\/#breadcrumb\",\"itemListElement\":[{\"@type\":\"ListItem\",\"position\":1,\"name\":\"In\u00edcio\",\"item\":\"https:\\\/\\\/revistaregional.com.br\\\/site\\\/\"},{\"@type\":\"ListItem\",\"position\":2,\"name\":\"\u201cSim\u201d de Sandy chega ao Interior\"}]},{\"@type\":\"WebSite\",\"@id\":\"https:\\\/\\\/revistaregional.com.br\\\/site\\\/#website\",\"url\":\"https:\\\/\\\/revistaregional.com.br\\\/site\\\/\",\"name\":\"Revista Regional\",\"description\":\"Salto - Itu - Indaituba\",\"potentialAction\":[{\"@type\":\"SearchAction\",\"target\":{\"@type\":\"EntryPoint\",\"urlTemplate\":\"https:\\\/\\\/revistaregional.com.br\\\/site\\\/?s={search_term_string}\"},\"query-input\":{\"@type\":\"PropertyValueSpecification\",\"valueRequired\":true,\"valueName\":\"search_term_string\"}}],\"inLanguage\":\"pt-BR\"},{\"@type\":\"Person\",\"@id\":\"https:\\\/\\\/revistaregional.com.br\\\/site\\\/#\\\/schema\\\/person\\\/382af97c580dc1b18f55107bc316010d\",\"name\":\"contato@revistaregional.com.br\",\"image\":{\"@type\":\"ImageObject\",\"inLanguage\":\"pt-BR\",\"@id\":\"https:\\\/\\\/secure.gravatar.com\\\/avatar\\\/869822917e96b2e292d5827e4635855396934485e7c4a0af84e9a214e32ca0cd?s=96&d=mm&r=g\",\"url\":\"https:\\\/\\\/secure.gravatar.com\\\/avatar\\\/869822917e96b2e292d5827e4635855396934485e7c4a0af84e9a214e32ca0cd?s=96&d=mm&r=g\",\"contentUrl\":\"https:\\\/\\\/secure.gravatar.com\\\/avatar\\\/869822917e96b2e292d5827e4635855396934485e7c4a0af84e9a214e32ca0cd?s=96&d=mm&r=g\",\"caption\":\"contato@revistaregional.com.br\"},\"url\":\"https:\\\/\\\/revistaregional.com.br\\\/site\\\/author\\\/contato@revistaregional.com.br\\\/\"}]}<\/script>\n<!-- \/ Yoast SEO plugin. -->","yoast_head_json":{"title":"\u201cSim\u201d de Sandy chega ao Interior - Revista Regional","robots":{"index":"index","follow":"follow","max-snippet":"max-snippet:-1","max-image-preview":"max-image-preview:large","max-video-preview":"max-video-preview:-1"},"canonical":"https:\/\/revistaregional.com.br\/site\/2013\/06\/07\/sim-de-sandy-chega-ao-interior\/","og_locale":"pt_BR","og_type":"article","og_title":"\u201cSim\u201d de Sandy chega ao Interior - Revista Regional","og_description":"Depois do \u00e1lbum autobiogr\u00e1fico \u201cAquela dos 30\u201d, a cantora Sandy volta a fazer turn\u00ea com o seu novo trabalho. Intitulado de \u201cSim\u201d, a artista reafirma sua fase positiva, otimista e segura j\u00e1 apresentada no final do ano passado com o lan\u00e7amento digital do EP \u201cPrinc\u00edpios, Meios e Fins\u201d.\u201cSa\u00ed muito feliz de \u2018Manuscrito\u2019, minha primeira turn\u00ea [&hellip;]","og_url":"https:\/\/revistaregional.com.br\/site\/2013\/06\/07\/sim-de-sandy-chega-ao-interior\/","og_site_name":"Revista Regional","article_published_time":"2013-06-07T19:05:13+00:00","article_modified_time":"2024-01-26T13:54:38+00:00","og_image":[{"width":640,"height":427,"url":"https:\/\/revistaregional.com.br\/site\/wp-content\/uploads\/2013\/06\/agenda-sandy-2.jpg","type":"image\/jpeg"}],"author":"contato@revistaregional.com.br","twitter_card":"summary_large_image","twitter_misc":{"Escrito por":"contato@revistaregional.com.br","Est. tempo de leitura":"1 minuto"},"schema":{"@context":"https:\/\/schema.org","@graph":[{"@type":"Article","@id":"https:\/\/revistaregional.com.br\/site\/2013\/06\/07\/sim-de-sandy-chega-ao-interior\/#article","isPartOf":{"@id":"https:\/\/revistaregional.com.br\/site\/2013\/06\/07\/sim-de-sandy-chega-ao-interior\/"},"author":{"name":"contato@revistaregional.com.br","@id":"https:\/\/revistaregional.com.br\/site\/#\/schema\/person\/382af97c580dc1b18f55107bc316010d"},"headline":"\u201cSim\u201d de Sandy chega ao Interior","datePublished":"2013-06-07T19:05:13+00:00","dateModified":"2024-01-26T13:54:38+00:00","mainEntityOfPage":{"@id":"https:\/\/revistaregional.com.br\/site\/2013\/06\/07\/sim-de-sandy-chega-ao-interior\/"},"wordCount":300,"commentCount":0,"image":{"@id":"https:\/\/revistaregional.com.br\/site\/2013\/06\/07\/sim-de-sandy-chega-ao-interior\/#primaryimage"},"thumbnailUrl":"https:\/\/revistaregional.com.br\/site\/wp-content\/uploads\/2013\/06\/agenda-sandy-2.jpg","keywords":["Cultura"],"articleSection":["Cultura"],"inLanguage":"pt-BR","potentialAction":[{"@type":"CommentAction","name":"Comment","target":["https:\/\/revistaregional.com.br\/site\/2013\/06\/07\/sim-de-sandy-chega-ao-interior\/#respond"]}]},{"@type":"WebPage","@id":"https:\/\/revistaregional.com.br\/site\/2013\/06\/07\/sim-de-sandy-chega-ao-interior\/","url":"https:\/\/revistaregional.com.br\/site\/2013\/06\/07\/sim-de-sandy-chega-ao-interior\/","name":"\u201cSim\u201d de Sandy chega ao Interior - Revista Regional","isPartOf":{"@id":"https:\/\/revistaregional.com.br\/site\/#website"},"primaryImageOfPage":{"@id":"https:\/\/revistaregional.com.br\/site\/2013\/06\/07\/sim-de-sandy-chega-ao-interior\/#primaryimage"},"image":{"@id":"https:\/\/revistaregional.com.br\/site\/2013\/06\/07\/sim-de-sandy-chega-ao-interior\/#primaryimage"},"thumbnailUrl":"https:\/\/revistaregional.com.br\/site\/wp-content\/uploads\/2013\/06\/agenda-sandy-2.jpg","datePublished":"2013-06-07T19:05:13+00:00","dateModified":"2024-01-26T13:54:38+00:00","author":{"@id":"https:\/\/revistaregional.com.br\/site\/#\/schema\/person\/382af97c580dc1b18f55107bc316010d"},"breadcrumb":{"@id":"https:\/\/revistaregional.com.br\/site\/2013\/06\/07\/sim-de-sandy-chega-ao-interior\/#breadcrumb"},"inLanguage":"pt-BR","potentialAction":[{"@type":"ReadAction","target":["https:\/\/revistaregional.com.br\/site\/2013\/06\/07\/sim-de-sandy-chega-ao-interior\/"]}]},{"@type":"ImageObject","inLanguage":"pt-BR","@id":"https:\/\/revistaregional.com.br\/site\/2013\/06\/07\/sim-de-sandy-chega-ao-interior\/#primaryimage","url":"https:\/\/revistaregional.com.br\/site\/wp-content\/uploads\/2013\/06\/agenda-sandy-2.jpg","contentUrl":"https:\/\/revistaregional.com.br\/site\/wp-content\/uploads\/2013\/06\/agenda-sandy-2.jpg","width":"640","height":"427","caption":"Sandy durante show que estreia em Paul\u00ednia"},{"@type":"BreadcrumbList","@id":"https:\/\/revistaregional.com.br\/site\/2013\/06\/07\/sim-de-sandy-chega-ao-interior\/#breadcrumb","itemListElement":[{"@type":"ListItem","position":1,"name":"In\u00edcio","item":"https:\/\/revistaregional.com.br\/site\/"},{"@type":"ListItem","position":2,"name":"\u201cSim\u201d de Sandy chega ao Interior"}]},{"@type":"WebSite","@id":"https:\/\/revistaregional.com.br\/site\/#website","url":"https:\/\/revistaregional.com.br\/site\/","name":"Revista Regional","description":"Salto - Itu - Indaituba","potentialAction":[{"@type":"SearchAction","target":{"@type":"EntryPoint","urlTemplate":"https:\/\/revistaregional.com.br\/site\/?s={search_term_string}"},"query-input":{"@type":"PropertyValueSpecification","valueRequired":true,"valueName":"search_term_string"}}],"inLanguage":"pt-BR"},{"@type":"Person","@id":"https:\/\/revistaregional.com.br\/site\/#\/schema\/person\/382af97c580dc1b18f55107bc316010d","name":"contato@revistaregional.com.br","image":{"@type":"ImageObject","inLanguage":"pt-BR","@id":"https:\/\/secure.gravatar.com\/avatar\/869822917e96b2e292d5827e4635855396934485e7c4a0af84e9a214e32ca0cd?s=96&d=mm&r=g","url":"https:\/\/secure.gravatar.com\/avatar\/869822917e96b2e292d5827e4635855396934485e7c4a0af84e9a214e32ca0cd?s=96&d=mm&r=g","contentUrl":"https:\/\/secure.gravatar.com\/avatar\/869822917e96b2e292d5827e4635855396934485e7c4a0af84e9a214e32ca0cd?s=96&d=mm&r=g","caption":"contato@revistaregional.com.br"},"url":"https:\/\/revistaregional.com.br\/site\/author\/contato@revistaregional.com.br\/"}]}},"views":61,"_links":{"self":[{"href":"https:\/\/revistaregional.com.br\/site\/wp-json\/wp\/v2\/posts\/4916","targetHints":{"allow":["GET"]}}],"collection":[{"href":"https:\/\/revistaregional.com.br\/site\/wp-json\/wp\/v2\/posts"}],"about":[{"href":"https:\/\/revistaregional.com.br\/site\/wp-json\/wp\/v2\/types\/post"}],"author":[{"embeddable":true,"href":"https:\/\/revistaregional.com.br\/site\/wp-json\/wp\/v2\/users\/1"}],"replies":[{"embeddable":true,"href":"https:\/\/revistaregional.com.br\/site\/wp-json\/wp\/v2\/comments?post=4916"}],"version-history":[{"count":3,"href":"https:\/\/revistaregional.com.br\/site\/wp-json\/wp\/v2\/posts\/4916\/revisions"}],"predecessor-version":[{"id":4919,"href":"https:\/\/revistaregional.com.br\/site\/wp-json\/wp\/v2\/posts\/4916\/revisions\/4919"}],"wp:featuredmedia":[{"embeddable":true,"href":"https:\/\/revistaregional.com.br\/site\/wp-json\/wp\/v2\/media\/4917"}],"wp:attachment":[{"href":"https:\/\/revistaregional.com.br\/site\/wp-json\/wp\/v2\/media?parent=4916"}],"wp:term":[{"taxonomy":"category","embeddable":true,"href":"https:\/\/revistaregional.com.br\/site\/wp-json\/wp\/v2\/categories?post=4916"},{"taxonomy":"post_tag","embeddable":true,"href":"https:\/\/revistaregional.com.br\/site\/wp-json\/wp\/v2\/tags?post=4916"}],"curies":[{"name":"wp","href":"https:\/\/api.w.org\/{rel}","templated":true}]}}