{"id":4905,"date":"2013-06-07T15:46:06","date_gmt":"2013-06-07T18:46:06","guid":{"rendered":"http:\/\/revistaregional.com.br\/site\/?p=4905"},"modified":"2024-01-26T09:57:24","modified_gmt":"2024-01-26T12:57:24","slug":"regiao-promove-campanha-do-agasalho","status":"publish","type":"post","link":"https:\/\/revistaregional.com.br\/site\/2013\/06\/07\/regiao-promove-campanha-do-agasalho\/","title":{"rendered":"Regi\u00e3o promove Campanha do Agasalho"},"content":{"rendered":"<figure id=\"attachment_4906\" aria-describedby=\"caption-attachment-4906\" style=\"width: 288px\" class=\"wp-caption alignright\"><a href=\"http:\/\/revistaregional.com.br\/site\/wp-content\/uploads\/2013\/06\/mundo-melhor-campanha-do-agasalho.jpg\" rel=\"attachment wp-att-4906\"><img fetchpriority=\"high\" decoding=\"async\" class=\" wp-image-4906 \" src=\"http:\/\/revistaregional.com.br\/site\/wp-content\/uploads\/2013\/06\/mundo-melhor-campanha-do-agasalho.jpg\" alt=\"\" width=\"288\" height=\"384\" srcset=\"https:\/\/revistaregional.com.br\/site\/wp-content\/uploads\/2013\/06\/mundo-melhor-campanha-do-agasalho.jpg 480w, https:\/\/revistaregional.com.br\/site\/wp-content\/uploads\/2013\/06\/mundo-melhor-campanha-do-agasalho-225x300.jpg 225w\" sizes=\"(max-width: 288px) 100vw, 288px\" \/><\/a><figcaption id=\"caption-attachment-4906\" class=\"wp-caption-text\">Agasalhos est\u00e3o sendo recolhidos em toda a regi\u00e3o para beneficiar crian\u00e7as e fam\u00edlias carentes<\/figcaption><\/figure>\n<p>As cidades da regi\u00e3o j\u00e1 est\u00e3o trabalhando em prol de aquecer a todos no inverno que se aproxima. Itu j\u00e1 deu in\u00edcio a sua Campanha do Agasalho 2013 atrav\u00e9s do Funssol \u2013 Fundo Social de Solidariedade. A campanha, que segue at\u00e9 o dia 15 de julho, conta com mais de 50 locais de arrecada\u00e7\u00e3o espalhados pela cidade como supermercados, academias e lojas, que podem ser identificados pelas caixas onde os agasalhos devem ser depositados. Est\u00e3o sendo arrecadados agasalhos, cobertores, len\u00e7\u00f3is e roupas em geral. As pe\u00e7as doadas podem ser novas ou em bom estado de conserva\u00e7\u00e3o. No ano de 2012 foram distribu\u00eddas mais de 30 mil pe\u00e7as arrecadadas \u00e0s pessoas em situa\u00e7\u00e3o de vulnerabilidade social cadastradas nos projetos sociais do Funssol, e funcionar\u00e1 da mesma maneira esse ano. As doa\u00e7\u00f5es tamb\u00e9m podem ser realizadas na sede do Funssol, na rua Floriano Peixoto, 1465, no Centro. Em Indaiatuba, a Prefeitura por meio do Funssol \u2013 Fundo Social de Solidariedade \u2013 com o apoio do Fussesp (Fundo Social de Solidariedade do Estado de S\u00e3o Paulo) tamb\u00e9m iniciou a Campanha do Agasalho 2013 e seguir\u00e1 at\u00e9 o dia 30 de junho. Os interessados em doar roupas e agasalhos em bom estado, devem procurar um dos pontos e entregar o material. Ap\u00f3s a arrecada\u00e7\u00e3o, o Funssol far\u00e1 a distribui\u00e7\u00e3o para as fam\u00edlias com vulnerabilidade social cadastradas nos Centros de Refer\u00eancia da Assist\u00eancia Social (Cras) e na Prefeitura. Segundo a presidente do Funssol, Enides Nogueira Lopes Cruz, muitas empresas, escolas p\u00fablicas e particulares realizam campanhas internas e depois repassam para o Fundo fazer a distribui\u00e7\u00e3o. Al\u00e9m da doa\u00e7\u00e3o de agasalhos, o Funssol far\u00e1 a doa\u00e7\u00e3o de cobertores novos, doados por empresas de Indaiatuba, que ser\u00e3o repassados com triagem do Cras para fam\u00edlias que n\u00e3o tenham recebido em 2011 e 2012. Mais informa\u00e7\u00f5es pelo telefone do Funssol (19) 3834-9236. Os pontos de coleta em Indaiatuba s\u00e3o: antiga Sub-Prefeitura (rua Zefiro Puccineli, s\/n, Jd. Morada do Sol), Saae (rua Bernardino de Campos, 799, Centro), Sede da Guarda Municipal (av. \u00c1rio Barnab\u00e9, 924, Jd. Morada do Sol) e Pa\u00e7o Municipal (av. Eng\u00ba F\u00e1bio Roberto Barnab\u00e9, 2.800, Jd. Esplanada II).<\/p>\n<p>No Plaza Shopping<\/p>\n<p>O Plaza Shopping Itu come\u00e7a a receber nesta semana doa\u00e7\u00f5es para a Campanha do Agasalho 2013. Com a chamada \u201cNeste inverno, mostre que voc\u00ea tem um cora\u00e7\u00e3o quente\u201d, a iniciativa faz parte da Campanha Pratique Gentileza, que foi lan\u00e7ada este ano pelo Plaza. Com expectativa de contar com o apoio de toda a regi\u00e3o, o ponto de arrecada\u00e7\u00e3o est\u00e1 localizado junto ao \u201cAtendimento ao Cliente\u201d, que fica pr\u00f3ximo \u00e0 \u201cEntrada 3\u201d do shopping, ao lado da loja Centauro. At\u00e9 30 de junho, os clientes poder\u00e3o doar roupas e agasalhos, que ser\u00e3o entregues ao Fundo Social de Solidariedade de Itu.<\/p>\n<p><em>foto: \u00a9 Lucky Dragon &#8211; Fotolia.com<\/em><\/p>\n","protected":false},"excerpt":{"rendered":"<p>As cidades da regi\u00e3o j\u00e1 est\u00e3o trabalhando em prol de aquecer a todos no inverno que se aproxima. Itu j\u00e1 deu in\u00edcio a sua Campanha do Agasalho 2013 atrav\u00e9s do Funssol \u2013 Fundo Social de Solidariedade. A campanha, que segue at\u00e9 o dia 15 de julho, conta com mais de 50 locais de arrecada\u00e7\u00e3o espalhados [&hellip;]<\/p>\n","protected":false},"author":1,"featured_media":4909,"comment_status":"open","ping_status":"open","sticky":false,"template":"","format":"standard","meta":{"_acf_changed":false,"ngg_post_thumbnail":0,"_joinchat":[],"footnotes":""},"categories":[12],"tags":[527],"class_list":["post-4905","post","type-post","status-publish","format-standard","has-post-thumbnail","hentry","category-regionais","tag-regionais"],"acf":[],"yoast_head":"<!-- This site is optimized with the Yoast SEO plugin v27.4 - https:\/\/yoast.com\/product\/yoast-seo-wordpress\/ -->\n<title>Regi\u00e3o promove Campanha do Agasalho - Revista Regional<\/title>\n<meta name=\"robots\" content=\"index, follow, max-snippet:-1, max-image-preview:large, max-video-preview:-1\" \/>\n<link rel=\"canonical\" href=\"https:\/\/revistaregional.com.br\/site\/2013\/06\/07\/regiao-promove-campanha-do-agasalho\/\" \/>\n<meta property=\"og:locale\" content=\"pt_BR\" \/>\n<meta property=\"og:type\" content=\"article\" \/>\n<meta property=\"og:title\" content=\"Regi\u00e3o promove Campanha do Agasalho - Revista Regional\" \/>\n<meta property=\"og:description\" content=\"As cidades da regi\u00e3o j\u00e1 est\u00e3o trabalhando em prol de aquecer a todos no inverno que se aproxima. Itu j\u00e1 deu in\u00edcio a sua Campanha do Agasalho 2013 atrav\u00e9s do Funssol \u2013 Fundo Social de Solidariedade. A campanha, que segue at\u00e9 o dia 15 de julho, conta com mais de 50 locais de arrecada\u00e7\u00e3o espalhados [&hellip;]\" \/>\n<meta property=\"og:url\" content=\"https:\/\/revistaregional.com.br\/site\/2013\/06\/07\/regiao-promove-campanha-do-agasalho\/\" \/>\n<meta property=\"og:site_name\" content=\"Revista Regional\" \/>\n<meta property=\"article:published_time\" content=\"2013-06-07T18:46:06+00:00\" \/>\n<meta property=\"article:modified_time\" content=\"2024-01-26T12:57:24+00:00\" \/>\n<meta property=\"og:image\" content=\"https:\/\/revistaregional.com.br\/site\/wp-content\/uploads\/2013\/06\/mundo-melhor-campanha-do-agasalho1.jpg\" \/>\n\t<meta property=\"og:image:width\" content=\"480\" \/>\n\t<meta property=\"og:image:height\" content=\"363\" \/>\n\t<meta property=\"og:image:type\" content=\"image\/jpeg\" \/>\n<meta name=\"author\" content=\"contato@revistaregional.com.br\" \/>\n<meta name=\"twitter:card\" content=\"summary_large_image\" \/>\n<meta name=\"twitter:label1\" content=\"Escrito por\" \/>\n\t<meta name=\"twitter:data1\" content=\"contato@revistaregional.com.br\" \/>\n\t<meta name=\"twitter:label2\" content=\"Est. tempo de leitura\" \/>\n\t<meta name=\"twitter:data2\" content=\"3 minutos\" \/>\n<script type=\"application\/ld+json\" class=\"yoast-schema-graph\">{\"@context\":\"https:\\\/\\\/schema.org\",\"@graph\":[{\"@type\":\"Article\",\"@id\":\"https:\\\/\\\/revistaregional.com.br\\\/site\\\/2013\\\/06\\\/07\\\/regiao-promove-campanha-do-agasalho\\\/#article\",\"isPartOf\":{\"@id\":\"https:\\\/\\\/revistaregional.com.br\\\/site\\\/2013\\\/06\\\/07\\\/regiao-promove-campanha-do-agasalho\\\/\"},\"author\":{\"name\":\"contato@revistaregional.com.br\",\"@id\":\"https:\\\/\\\/revistaregional.com.br\\\/site\\\/#\\\/schema\\\/person\\\/382af97c580dc1b18f55107bc316010d\"},\"headline\":\"Regi\u00e3o promove Campanha do Agasalho\",\"datePublished\":\"2013-06-07T18:46:06+00:00\",\"dateModified\":\"2024-01-26T12:57:24+00:00\",\"mainEntityOfPage\":{\"@id\":\"https:\\\/\\\/revistaregional.com.br\\\/site\\\/2013\\\/06\\\/07\\\/regiao-promove-campanha-do-agasalho\\\/\"},\"wordCount\":513,\"commentCount\":0,\"image\":{\"@id\":\"https:\\\/\\\/revistaregional.com.br\\\/site\\\/2013\\\/06\\\/07\\\/regiao-promove-campanha-do-agasalho\\\/#primaryimage\"},\"thumbnailUrl\":\"https:\\\/\\\/revistaregional.com.br\\\/site\\\/wp-content\\\/uploads\\\/2013\\\/06\\\/mundo-melhor-campanha-do-agasalho1.jpg\",\"keywords\":[\"Regionais\"],\"articleSection\":[\"Regionais\"],\"inLanguage\":\"pt-BR\",\"potentialAction\":[{\"@type\":\"CommentAction\",\"name\":\"Comment\",\"target\":[\"https:\\\/\\\/revistaregional.com.br\\\/site\\\/2013\\\/06\\\/07\\\/regiao-promove-campanha-do-agasalho\\\/#respond\"]}]},{\"@type\":\"WebPage\",\"@id\":\"https:\\\/\\\/revistaregional.com.br\\\/site\\\/2013\\\/06\\\/07\\\/regiao-promove-campanha-do-agasalho\\\/\",\"url\":\"https:\\\/\\\/revistaregional.com.br\\\/site\\\/2013\\\/06\\\/07\\\/regiao-promove-campanha-do-agasalho\\\/\",\"name\":\"Regi\u00e3o promove Campanha do Agasalho - Revista Regional\",\"isPartOf\":{\"@id\":\"https:\\\/\\\/revistaregional.com.br\\\/site\\\/#website\"},\"primaryImageOfPage\":{\"@id\":\"https:\\\/\\\/revistaregional.com.br\\\/site\\\/2013\\\/06\\\/07\\\/regiao-promove-campanha-do-agasalho\\\/#primaryimage\"},\"image\":{\"@id\":\"https:\\\/\\\/revistaregional.com.br\\\/site\\\/2013\\\/06\\\/07\\\/regiao-promove-campanha-do-agasalho\\\/#primaryimage\"},\"thumbnailUrl\":\"https:\\\/\\\/revistaregional.com.br\\\/site\\\/wp-content\\\/uploads\\\/2013\\\/06\\\/mundo-melhor-campanha-do-agasalho1.jpg\",\"datePublished\":\"2013-06-07T18:46:06+00:00\",\"dateModified\":\"2024-01-26T12:57:24+00:00\",\"author\":{\"@id\":\"https:\\\/\\\/revistaregional.com.br\\\/site\\\/#\\\/schema\\\/person\\\/382af97c580dc1b18f55107bc316010d\"},\"breadcrumb\":{\"@id\":\"https:\\\/\\\/revistaregional.com.br\\\/site\\\/2013\\\/06\\\/07\\\/regiao-promove-campanha-do-agasalho\\\/#breadcrumb\"},\"inLanguage\":\"pt-BR\",\"potentialAction\":[{\"@type\":\"ReadAction\",\"target\":[\"https:\\\/\\\/revistaregional.com.br\\\/site\\\/2013\\\/06\\\/07\\\/regiao-promove-campanha-do-agasalho\\\/\"]}]},{\"@type\":\"ImageObject\",\"inLanguage\":\"pt-BR\",\"@id\":\"https:\\\/\\\/revistaregional.com.br\\\/site\\\/2013\\\/06\\\/07\\\/regiao-promove-campanha-do-agasalho\\\/#primaryimage\",\"url\":\"https:\\\/\\\/revistaregional.com.br\\\/site\\\/wp-content\\\/uploads\\\/2013\\\/06\\\/mundo-melhor-campanha-do-agasalho1.jpg\",\"contentUrl\":\"https:\\\/\\\/revistaregional.com.br\\\/site\\\/wp-content\\\/uploads\\\/2013\\\/06\\\/mundo-melhor-campanha-do-agasalho1.jpg\",\"width\":\"480\",\"height\":\"363\"},{\"@type\":\"BreadcrumbList\",\"@id\":\"https:\\\/\\\/revistaregional.com.br\\\/site\\\/2013\\\/06\\\/07\\\/regiao-promove-campanha-do-agasalho\\\/#breadcrumb\",\"itemListElement\":[{\"@type\":\"ListItem\",\"position\":1,\"name\":\"In\u00edcio\",\"item\":\"https:\\\/\\\/revistaregional.com.br\\\/site\\\/\"},{\"@type\":\"ListItem\",\"position\":2,\"name\":\"Regi\u00e3o promove Campanha do Agasalho\"}]},{\"@type\":\"WebSite\",\"@id\":\"https:\\\/\\\/revistaregional.com.br\\\/site\\\/#website\",\"url\":\"https:\\\/\\\/revistaregional.com.br\\\/site\\\/\",\"name\":\"Revista Regional\",\"description\":\"Salto - Itu - Indaituba\",\"potentialAction\":[{\"@type\":\"SearchAction\",\"target\":{\"@type\":\"EntryPoint\",\"urlTemplate\":\"https:\\\/\\\/revistaregional.com.br\\\/site\\\/?s={search_term_string}\"},\"query-input\":{\"@type\":\"PropertyValueSpecification\",\"valueRequired\":true,\"valueName\":\"search_term_string\"}}],\"inLanguage\":\"pt-BR\"},{\"@type\":\"Person\",\"@id\":\"https:\\\/\\\/revistaregional.com.br\\\/site\\\/#\\\/schema\\\/person\\\/382af97c580dc1b18f55107bc316010d\",\"name\":\"contato@revistaregional.com.br\",\"image\":{\"@type\":\"ImageObject\",\"inLanguage\":\"pt-BR\",\"@id\":\"https:\\\/\\\/secure.gravatar.com\\\/avatar\\\/869822917e96b2e292d5827e4635855396934485e7c4a0af84e9a214e32ca0cd?s=96&d=mm&r=g\",\"url\":\"https:\\\/\\\/secure.gravatar.com\\\/avatar\\\/869822917e96b2e292d5827e4635855396934485e7c4a0af84e9a214e32ca0cd?s=96&d=mm&r=g\",\"contentUrl\":\"https:\\\/\\\/secure.gravatar.com\\\/avatar\\\/869822917e96b2e292d5827e4635855396934485e7c4a0af84e9a214e32ca0cd?s=96&d=mm&r=g\",\"caption\":\"contato@revistaregional.com.br\"},\"url\":\"https:\\\/\\\/revistaregional.com.br\\\/site\\\/author\\\/contato@revistaregional.com.br\\\/\"}]}<\/script>\n<!-- \/ Yoast SEO plugin. -->","yoast_head_json":{"title":"Regi\u00e3o promove Campanha do Agasalho - Revista Regional","robots":{"index":"index","follow":"follow","max-snippet":"max-snippet:-1","max-image-preview":"max-image-preview:large","max-video-preview":"max-video-preview:-1"},"canonical":"https:\/\/revistaregional.com.br\/site\/2013\/06\/07\/regiao-promove-campanha-do-agasalho\/","og_locale":"pt_BR","og_type":"article","og_title":"Regi\u00e3o promove Campanha do Agasalho - Revista Regional","og_description":"As cidades da regi\u00e3o j\u00e1 est\u00e3o trabalhando em prol de aquecer a todos no inverno que se aproxima. Itu j\u00e1 deu in\u00edcio a sua Campanha do Agasalho 2013 atrav\u00e9s do Funssol \u2013 Fundo Social de Solidariedade. A campanha, que segue at\u00e9 o dia 15 de julho, conta com mais de 50 locais de arrecada\u00e7\u00e3o espalhados [&hellip;]","og_url":"https:\/\/revistaregional.com.br\/site\/2013\/06\/07\/regiao-promove-campanha-do-agasalho\/","og_site_name":"Revista Regional","article_published_time":"2013-06-07T18:46:06+00:00","article_modified_time":"2024-01-26T12:57:24+00:00","og_image":[{"width":480,"height":363,"url":"https:\/\/revistaregional.com.br\/site\/wp-content\/uploads\/2013\/06\/mundo-melhor-campanha-do-agasalho1.jpg","type":"image\/jpeg"}],"author":"contato@revistaregional.com.br","twitter_card":"summary_large_image","twitter_misc":{"Escrito por":"contato@revistaregional.com.br","Est. tempo de leitura":"3 minutos"},"schema":{"@context":"https:\/\/schema.org","@graph":[{"@type":"Article","@id":"https:\/\/revistaregional.com.br\/site\/2013\/06\/07\/regiao-promove-campanha-do-agasalho\/#article","isPartOf":{"@id":"https:\/\/revistaregional.com.br\/site\/2013\/06\/07\/regiao-promove-campanha-do-agasalho\/"},"author":{"name":"contato@revistaregional.com.br","@id":"https:\/\/revistaregional.com.br\/site\/#\/schema\/person\/382af97c580dc1b18f55107bc316010d"},"headline":"Regi\u00e3o promove Campanha do Agasalho","datePublished":"2013-06-07T18:46:06+00:00","dateModified":"2024-01-26T12:57:24+00:00","mainEntityOfPage":{"@id":"https:\/\/revistaregional.com.br\/site\/2013\/06\/07\/regiao-promove-campanha-do-agasalho\/"},"wordCount":513,"commentCount":0,"image":{"@id":"https:\/\/revistaregional.com.br\/site\/2013\/06\/07\/regiao-promove-campanha-do-agasalho\/#primaryimage"},"thumbnailUrl":"https:\/\/revistaregional.com.br\/site\/wp-content\/uploads\/2013\/06\/mundo-melhor-campanha-do-agasalho1.jpg","keywords":["Regionais"],"articleSection":["Regionais"],"inLanguage":"pt-BR","potentialAction":[{"@type":"CommentAction","name":"Comment","target":["https:\/\/revistaregional.com.br\/site\/2013\/06\/07\/regiao-promove-campanha-do-agasalho\/#respond"]}]},{"@type":"WebPage","@id":"https:\/\/revistaregional.com.br\/site\/2013\/06\/07\/regiao-promove-campanha-do-agasalho\/","url":"https:\/\/revistaregional.com.br\/site\/2013\/06\/07\/regiao-promove-campanha-do-agasalho\/","name":"Regi\u00e3o promove Campanha do Agasalho - Revista Regional","isPartOf":{"@id":"https:\/\/revistaregional.com.br\/site\/#website"},"primaryImageOfPage":{"@id":"https:\/\/revistaregional.com.br\/site\/2013\/06\/07\/regiao-promove-campanha-do-agasalho\/#primaryimage"},"image":{"@id":"https:\/\/revistaregional.com.br\/site\/2013\/06\/07\/regiao-promove-campanha-do-agasalho\/#primaryimage"},"thumbnailUrl":"https:\/\/revistaregional.com.br\/site\/wp-content\/uploads\/2013\/06\/mundo-melhor-campanha-do-agasalho1.jpg","datePublished":"2013-06-07T18:46:06+00:00","dateModified":"2024-01-26T12:57:24+00:00","author":{"@id":"https:\/\/revistaregional.com.br\/site\/#\/schema\/person\/382af97c580dc1b18f55107bc316010d"},"breadcrumb":{"@id":"https:\/\/revistaregional.com.br\/site\/2013\/06\/07\/regiao-promove-campanha-do-agasalho\/#breadcrumb"},"inLanguage":"pt-BR","potentialAction":[{"@type":"ReadAction","target":["https:\/\/revistaregional.com.br\/site\/2013\/06\/07\/regiao-promove-campanha-do-agasalho\/"]}]},{"@type":"ImageObject","inLanguage":"pt-BR","@id":"https:\/\/revistaregional.com.br\/site\/2013\/06\/07\/regiao-promove-campanha-do-agasalho\/#primaryimage","url":"https:\/\/revistaregional.com.br\/site\/wp-content\/uploads\/2013\/06\/mundo-melhor-campanha-do-agasalho1.jpg","contentUrl":"https:\/\/revistaregional.com.br\/site\/wp-content\/uploads\/2013\/06\/mundo-melhor-campanha-do-agasalho1.jpg","width":"480","height":"363"},{"@type":"BreadcrumbList","@id":"https:\/\/revistaregional.com.br\/site\/2013\/06\/07\/regiao-promove-campanha-do-agasalho\/#breadcrumb","itemListElement":[{"@type":"ListItem","position":1,"name":"In\u00edcio","item":"https:\/\/revistaregional.com.br\/site\/"},{"@type":"ListItem","position":2,"name":"Regi\u00e3o promove Campanha do Agasalho"}]},{"@type":"WebSite","@id":"https:\/\/revistaregional.com.br\/site\/#website","url":"https:\/\/revistaregional.com.br\/site\/","name":"Revista Regional","description":"Salto - Itu - Indaituba","potentialAction":[{"@type":"SearchAction","target":{"@type":"EntryPoint","urlTemplate":"https:\/\/revistaregional.com.br\/site\/?s={search_term_string}"},"query-input":{"@type":"PropertyValueSpecification","valueRequired":true,"valueName":"search_term_string"}}],"inLanguage":"pt-BR"},{"@type":"Person","@id":"https:\/\/revistaregional.com.br\/site\/#\/schema\/person\/382af97c580dc1b18f55107bc316010d","name":"contato@revistaregional.com.br","image":{"@type":"ImageObject","inLanguage":"pt-BR","@id":"https:\/\/secure.gravatar.com\/avatar\/869822917e96b2e292d5827e4635855396934485e7c4a0af84e9a214e32ca0cd?s=96&d=mm&r=g","url":"https:\/\/secure.gravatar.com\/avatar\/869822917e96b2e292d5827e4635855396934485e7c4a0af84e9a214e32ca0cd?s=96&d=mm&r=g","contentUrl":"https:\/\/secure.gravatar.com\/avatar\/869822917e96b2e292d5827e4635855396934485e7c4a0af84e9a214e32ca0cd?s=96&d=mm&r=g","caption":"contato@revistaregional.com.br"},"url":"https:\/\/revistaregional.com.br\/site\/author\/contato@revistaregional.com.br\/"}]}},"views":60,"_links":{"self":[{"href":"https:\/\/revistaregional.com.br\/site\/wp-json\/wp\/v2\/posts\/4905","targetHints":{"allow":["GET"]}}],"collection":[{"href":"https:\/\/revistaregional.com.br\/site\/wp-json\/wp\/v2\/posts"}],"about":[{"href":"https:\/\/revistaregional.com.br\/site\/wp-json\/wp\/v2\/types\/post"}],"author":[{"embeddable":true,"href":"https:\/\/revistaregional.com.br\/site\/wp-json\/wp\/v2\/users\/1"}],"replies":[{"embeddable":true,"href":"https:\/\/revistaregional.com.br\/site\/wp-json\/wp\/v2\/comments?post=4905"}],"version-history":[{"count":4,"href":"https:\/\/revistaregional.com.br\/site\/wp-json\/wp\/v2\/posts\/4905\/revisions"}],"predecessor-version":[{"id":4908,"href":"https:\/\/revistaregional.com.br\/site\/wp-json\/wp\/v2\/posts\/4905\/revisions\/4908"}],"wp:featuredmedia":[{"embeddable":true,"href":"https:\/\/revistaregional.com.br\/site\/wp-json\/wp\/v2\/media\/4909"}],"wp:attachment":[{"href":"https:\/\/revistaregional.com.br\/site\/wp-json\/wp\/v2\/media?parent=4905"}],"wp:term":[{"taxonomy":"category","embeddable":true,"href":"https:\/\/revistaregional.com.br\/site\/wp-json\/wp\/v2\/categories?post=4905"},{"taxonomy":"post_tag","embeddable":true,"href":"https:\/\/revistaregional.com.br\/site\/wp-json\/wp\/v2\/tags?post=4905"}],"curies":[{"name":"wp","href":"https:\/\/api.w.org\/{rel}","templated":true}]}}