{"id":4834,"date":"2013-06-03T13:47:56","date_gmt":"2013-06-03T16:47:56","guid":{"rendered":"http:\/\/revistaregional.com.br\/site\/?p=4834"},"modified":"2024-01-26T09:21:28","modified_gmt":"2024-01-26T12:21:28","slug":"narguile-de-bonzinho-nao-tem-nada","status":"publish","type":"post","link":"https:\/\/revistaregional.com.br\/site\/2013\/06\/03\/narguile-de-bonzinho-nao-tem-nada\/","title":{"rendered":"Narguil\u00e9: de bonzinho n\u00e3o tem nada!"},"content":{"rendered":"<figure id=\"attachment_4837\" aria-describedby=\"caption-attachment-4837\" style=\"width: 256px\" class=\"wp-caption alignright\"><a href=\"http:\/\/revistaregional.com.br\/site\/wp-content\/uploads\/2013\/06\/vida-narguile-2.jpg\" rel=\"attachment wp-att-4837\"><img fetchpriority=\"high\" decoding=\"async\" class=\" wp-image-4837 \" src=\"http:\/\/revistaregional.com.br\/site\/wp-content\/uploads\/2013\/06\/vida-narguile-2.jpg\" alt=\"\" width=\"256\" height=\"384\" srcset=\"https:\/\/revistaregional.com.br\/site\/wp-content\/uploads\/2013\/06\/vida-narguile-2.jpg 427w, https:\/\/revistaregional.com.br\/site\/wp-content\/uploads\/2013\/06\/vida-narguile-2-200x300.jpg 200w\" sizes=\"(max-width: 256px) 100vw, 256px\" \/><\/a><figcaption id=\"caption-attachment-4837\" class=\"wp-caption-text\">O cheiro agrad\u00e1vel e o ritual para o uso do narguil\u00e9 escondem muitos malef\u00edcios, como a depend\u00eancia<\/figcaption><\/figure>\n<p><em>Uma \u00fanica sess\u00e3o de narguil\u00e9 significa cem cigarros fumados<\/em><\/p>\n<p><em>\u00a0<\/em>Desde 8 de abril de2013, Indaiatuba tem uma nova Lei. De n\u00famero 6.117, ela pro\u00edbe o uso do narguil\u00e9 em locais p\u00fablicos e privados para menores de 18 anos. Os estabelecimentos que comercializarem o produto ser\u00e3o obrigados a pedir a identifica\u00e7\u00e3o do consumidor.<\/p>\n<p>Essa a\u00e7\u00e3o \u00e9 providencial, afinal, n\u00e3o \u00e9 porque o narguil\u00e9 \u00e9 cheiroso e tem \u00e1gua em sua composi\u00e7\u00e3o, o que faz acreditar que o fumo \u00e9 \u201cfiltrado\u201d, que os riscos s\u00e3o menores que o cigarro comum. \u201c\u00c9 importante esclarecer que o narguil\u00e9 \u00e9 um equipamento utilizado para fazer uso de fumo. Ele \u00e9 composto por um fornilho (onde o fumo \u00e9 aquecido), um recipiente com \u00e1gua e um tubo por onde as pessoas inalam a fuma\u00e7a produzida. Sendo assim, quem faz uso de narguil\u00e9 est\u00e1 exposto aos mesmos riscos de quem fuma cigarro convencional, charuto, cachimbo ou qualquer outro derivado do fumo. Estas pessoas t\u00eam um risco muito maior de desenvolver c\u00e2ncer dos mais variados \u00f3rg\u00e3os (boca, laringe, faringe, es\u00f4fago, est\u00f4mago, pulm\u00e3o, etc.) e Doen\u00e7a Pulmonar Obstrutiva Cr\u00f4nica (DPOC &#8211; enfisema pulmonar e bronquite cr\u00f4nica), entre outras doen\u00e7as. V\u00e1rios estudos mostram que a concentra\u00e7\u00e3o de nicotina, mon\u00f3xido de carbono, metais pesados e subst\u00e2ncias cancer\u00edgenas \u00e9 muito maior na fuma\u00e7a do narguil\u00e9 do que na fuma\u00e7a do cigarro\u201d, explica\u00a0a pneumologista Luciane Gottardo Nunes.<\/p>\n<p>Devido a sua estrutura, o narguil\u00e9 \u00e9 feito para ser usado em grupo. Por conta de ser soci\u00e1vel, muitas pessoas acreditam que fumar somente aos finais de semana, se mant\u00e9m longe dos riscos trazidos pelo fumo. \u201cO malef\u00edcio provocado pode aparecer tanto em um consumidor \u2018eventual\u2019 quanto naquela pessoa que faz uso di\u00e1rio, assim como em fumantes passivos, ou seja, pessoas que n\u00e3o aspiram o fumo pelo tubo do narguil\u00e9 por\u00e9m permaneceram em locais onde as pessoas utilizam o aparelho.\u00a0Como sabemos que a nicotina causa depend\u00eancia, \u00e9 tamb\u00e9m poss\u00edvel que a pessoa comece fumando narguil\u00e9 e ent\u00e3o passe a fumar outros derivados do fumo, como o cigarro \u2018comum\u2019&#8221;, fala a pneumologista.<\/p>\n<p>Assim como Luciene, o oncologista Fabr\u00edcio ColliBadino tamb\u00e9m \u00e9 contra o uso, independentemente do tempo de consumo. \u201cAcredito, como oncologista, que traz s\u00e9rios riscos de tumor de pulm\u00e3o e vias a\u00e9reas superiores extremamente maiores que o cigarro. Mas tamb\u00e9m tem a parte de doen\u00e7as respirat\u00f3rias como um todo\u201d, conclui.<\/p>\n<p>Como qualquer outro produto derivado do tabaco, o narguil\u00e9 cont\u00e9m nicotina e as mesmas 4.700 subst\u00e2ncias t\u00f3xicas do cigarro convencional. Por\u00e9m, an\u00e1lises comprovam que sua fuma\u00e7a cont\u00e9m quantidades superiores de nicotina, mon\u00f3xido de carbono, metais pesados e subst\u00e2ncias cancer\u00edgenas do que na fuma\u00e7a do cigarro, pois al\u00e9m do tabaco, \u00e9 colocado um peda\u00e7o de carv\u00e3o em brasa. De acordo com Instituto Nacional do C\u00e2ncer (INCA), o narguil\u00e9 engana dando a sensa\u00e7\u00e3o de que as impurezas s\u00e3o filtradas pela \u00e1gua. Para ter uma ideia, em uma simples sess\u00e3o, o fumante inala uma quantidade de fuma\u00e7a equivalente ao consumo de cem cigarros ou mais. Quando se aspira pelo tubo, o ar aquecido pelo carv\u00e3o passa pelo tabaco, produzindo a fuma\u00e7a que desce, passa pela \u00e1gua, onde \u00e9 resfriada, e segue pelo tubo at\u00e9 ser aspirada pelo fumante e expirada em seguida.<\/p>\n<p>\u201cUma das nossas preocupa\u00e7\u00f5es com uso do narguil\u00e9 \u00e9 a faixa et\u00e1ria em que ele \u00e9 mais usado: entre adolescentes e adultos jovens, ou seja, a partir dos 13 anos de idade. Como tem a caracter\u00edstica de ser fumado em grupo, ele facilita a socializa\u00e7\u00e3o dos adolescentes. Na verdade, o narguil\u00e9 \u00e9 tamb\u00e9m um est\u00edmulo ao uso do tabaco, com todos seus riscos de doen\u00e7as e depend\u00eancia. \u00c9 preciso ensinar aos jovens e adolescentes sobre os riscos de consumir fumo sob qualquer forma, quer seja o narguil\u00e9, ou o cigarro \u2018convencional\u2019 ou o cachimbo, charuto ou cigarrilha. Sabemos que o narguil\u00e9, por ser apenas o ve\u00edculo, n\u00e3o traz qualquer tipo de advert\u00eancia sobre os riscos \u00e0 sa\u00fade, como ocorre com os produtos industrializados; e pelo fato de poder ser utilizado por v\u00e1rias pessoas ao mesmo tempo, refor\u00e7a a socializa\u00e7\u00e3o que \u00e9 t\u00e3o importante na adolesc\u00eancia. Por isso \u00e9 t\u00e3o importante divulgarmos os riscos deste uso!\u201d, finaliza a pneumologista.<\/p>\n<p>&nbsp;<\/p>\n<figure id=\"attachment_4836\" aria-describedby=\"caption-attachment-4836\" style=\"width: 255px\" class=\"wp-caption alignleft\"><a href=\"http:\/\/revistaregional.com.br\/site\/wp-content\/uploads\/2013\/06\/vida-narguile-11.jpg\" rel=\"attachment wp-att-4836\"><img decoding=\"async\" class=\" wp-image-4836 \" src=\"http:\/\/revistaregional.com.br\/site\/wp-content\/uploads\/2013\/06\/vida-narguile-11.jpg\" alt=\"\" width=\"255\" height=\"384\" srcset=\"https:\/\/revistaregional.com.br\/site\/wp-content\/uploads\/2013\/06\/vida-narguile-11.jpg 425w, https:\/\/revistaregional.com.br\/site\/wp-content\/uploads\/2013\/06\/vida-narguile-11-199x300.jpg 199w\" sizes=\"(max-width: 255px) 100vw, 255px\" \/><\/a><figcaption id=\"caption-attachment-4836\" class=\"wp-caption-text\">O narguil\u00e9 \u00e9 um grande cachimbo de origem indiana<\/figcaption><\/figure>\n<p><strong>O que \u00e9?<\/strong><\/p>\n<p>O narguil\u00e9 \u00e9 um grande cachimbo de origem indiana composto de um fornilho (onde o fumo \u00e9 queimado, que pode ter ess\u00eancias), um recipiente com \u00e1gua (que o fumo atravessa antes de chegar \u00e0 boca) e um tubo, por onde a fuma\u00e7a \u00e9 aspirada. Geralmente o narguil\u00e9 \u00e9 fumado por v\u00e1rias pessoas, em uma sess\u00e3o, sendo que o fumo pode ser trocado.<\/p>\n<p><strong>Mitos e verdades sobre o narguil\u00e9<\/strong><\/p>\n<p>Por ser aceito na sociedade, o narguil\u00e9 n\u00e3o \u00e9 visto com maus olhos, o que pode levar jovens e adolescentes a usarem. Por\u00e9m, o cheiro agrad\u00e1vel e o ritual para o usoescondem muitos malef\u00edcios, como a depend\u00eancia.<\/p>\n<p>Tanto que ele vicia, pois cont\u00e9m nicotina. Assim como o cigarro, mesmo sem tragar, o fumante inala subst\u00e2ncias t\u00f3xicas, al\u00e9m de uma grande quantidade de mon\u00f3xido de carbono, que \u00e9 proveniente da queima do carv\u00e3o.<\/p>\n<p>Por usar \u00e1gua, muitos acreditam que isso diminua, ou at\u00e9 que n\u00e3o tragam efeitos nocivos, mas essa \u00e1gua absorve apenas 5% da nicotina, fazendo com que os fumantes sejam expostos a quantidades suficientes para que a droga cause depend\u00eancia. A pessoa acaba fumando por mais tempo e se expondo a maiores quantidades de fuma\u00e7a, composta por subst\u00e2ncias cancer\u00edgenas e gases nocivos.<\/p>\n<p><em>texto Yara Alvarez<\/em><\/p>\n<p><em>fotosFotolia<\/em><\/p>\n","protected":false},"excerpt":{"rendered":"<p>Uma \u00fanica sess\u00e3o de narguil\u00e9 significa cem cigarros fumados \u00a0Desde 8 de abril de2013, Indaiatuba tem uma nova Lei. De n\u00famero 6.117, ela pro\u00edbe o uso do narguil\u00e9 em locais p\u00fablicos e privados para menores de 18 anos. Os estabelecimentos que comercializarem o produto ser\u00e3o obrigados a pedir a identifica\u00e7\u00e3o do consumidor. Essa a\u00e7\u00e3o \u00e9 [&hellip;]<\/p>\n","protected":false},"author":1,"featured_media":4840,"comment_status":"open","ping_status":"open","sticky":false,"template":"","format":"standard","meta":{"_acf_changed":false,"ngg_post_thumbnail":0,"_joinchat":[],"footnotes":""},"categories":[3,8],"tags":[525],"class_list":["post-4834","post","type-post","status-publish","format-standard","has-post-thumbnail","hentry","category-destaques","category-saude-e-beleza","tag-saude-e-beleza"],"acf":[],"yoast_head":"<!-- This site is optimized with the Yoast SEO plugin v27.4 - https:\/\/yoast.com\/product\/yoast-seo-wordpress\/ -->\n<title>Narguil\u00e9: de bonzinho n\u00e3o tem nada! - Revista Regional<\/title>\n<meta name=\"robots\" content=\"index, follow, max-snippet:-1, max-image-preview:large, max-video-preview:-1\" \/>\n<link rel=\"canonical\" href=\"https:\/\/revistaregional.com.br\/site\/2013\/06\/03\/narguile-de-bonzinho-nao-tem-nada\/\" \/>\n<meta property=\"og:locale\" content=\"pt_BR\" \/>\n<meta property=\"og:type\" content=\"article\" \/>\n<meta property=\"og:title\" content=\"Narguil\u00e9: de bonzinho n\u00e3o tem nada! - Revista Regional\" \/>\n<meta property=\"og:description\" content=\"Uma \u00fanica sess\u00e3o de narguil\u00e9 significa cem cigarros fumados \u00a0Desde 8 de abril de2013, Indaiatuba tem uma nova Lei. De n\u00famero 6.117, ela pro\u00edbe o uso do narguil\u00e9 em locais p\u00fablicos e privados para menores de 18 anos. Os estabelecimentos que comercializarem o produto ser\u00e3o obrigados a pedir a identifica\u00e7\u00e3o do consumidor. Essa a\u00e7\u00e3o \u00e9 [&hellip;]\" \/>\n<meta property=\"og:url\" content=\"https:\/\/revistaregional.com.br\/site\/2013\/06\/03\/narguile-de-bonzinho-nao-tem-nada\/\" \/>\n<meta property=\"og:site_name\" content=\"Revista Regional\" \/>\n<meta property=\"article:published_time\" content=\"2013-06-03T16:47:56+00:00\" \/>\n<meta property=\"article:modified_time\" content=\"2024-01-26T12:21:28+00:00\" \/>\n<meta property=\"og:image\" content=\"https:\/\/revistaregional.com.br\/site\/wp-content\/uploads\/2013\/06\/vida-narguile-21.jpg\" \/>\n\t<meta property=\"og:image:width\" content=\"427\" \/>\n\t<meta property=\"og:image:height\" content=\"338\" \/>\n\t<meta property=\"og:image:type\" content=\"image\/jpeg\" \/>\n<meta name=\"author\" content=\"contato@revistaregional.com.br\" \/>\n<meta name=\"twitter:card\" content=\"summary_large_image\" \/>\n<meta name=\"twitter:label1\" content=\"Escrito por\" \/>\n\t<meta name=\"twitter:data1\" content=\"contato@revistaregional.com.br\" \/>\n\t<meta name=\"twitter:label2\" content=\"Est. tempo de leitura\" \/>\n\t<meta name=\"twitter:data2\" content=\"5 minutos\" \/>\n<script type=\"application\/ld+json\" class=\"yoast-schema-graph\">{\"@context\":\"https:\\\/\\\/schema.org\",\"@graph\":[{\"@type\":\"Article\",\"@id\":\"https:\\\/\\\/revistaregional.com.br\\\/site\\\/2013\\\/06\\\/03\\\/narguile-de-bonzinho-nao-tem-nada\\\/#article\",\"isPartOf\":{\"@id\":\"https:\\\/\\\/revistaregional.com.br\\\/site\\\/2013\\\/06\\\/03\\\/narguile-de-bonzinho-nao-tem-nada\\\/\"},\"author\":{\"name\":\"contato@revistaregional.com.br\",\"@id\":\"https:\\\/\\\/revistaregional.com.br\\\/site\\\/#\\\/schema\\\/person\\\/382af97c580dc1b18f55107bc316010d\"},\"headline\":\"Narguil\u00e9: de bonzinho n\u00e3o tem nada!\",\"datePublished\":\"2013-06-03T16:47:56+00:00\",\"dateModified\":\"2024-01-26T12:21:28+00:00\",\"mainEntityOfPage\":{\"@id\":\"https:\\\/\\\/revistaregional.com.br\\\/site\\\/2013\\\/06\\\/03\\\/narguile-de-bonzinho-nao-tem-nada\\\/\"},\"wordCount\":1011,\"commentCount\":0,\"image\":{\"@id\":\"https:\\\/\\\/revistaregional.com.br\\\/site\\\/2013\\\/06\\\/03\\\/narguile-de-bonzinho-nao-tem-nada\\\/#primaryimage\"},\"thumbnailUrl\":\"https:\\\/\\\/revistaregional.com.br\\\/site\\\/wp-content\\\/uploads\\\/2013\\\/06\\\/vida-narguile-21.jpg\",\"keywords\":[\"Sa\u00fade e Beleza\"],\"articleSection\":[\"Destaques\",\"Sa\u00fade e Beleza\"],\"inLanguage\":\"pt-BR\",\"potentialAction\":[{\"@type\":\"CommentAction\",\"name\":\"Comment\",\"target\":[\"https:\\\/\\\/revistaregional.com.br\\\/site\\\/2013\\\/06\\\/03\\\/narguile-de-bonzinho-nao-tem-nada\\\/#respond\"]}]},{\"@type\":\"WebPage\",\"@id\":\"https:\\\/\\\/revistaregional.com.br\\\/site\\\/2013\\\/06\\\/03\\\/narguile-de-bonzinho-nao-tem-nada\\\/\",\"url\":\"https:\\\/\\\/revistaregional.com.br\\\/site\\\/2013\\\/06\\\/03\\\/narguile-de-bonzinho-nao-tem-nada\\\/\",\"name\":\"Narguil\u00e9: de bonzinho n\u00e3o tem nada! - Revista Regional\",\"isPartOf\":{\"@id\":\"https:\\\/\\\/revistaregional.com.br\\\/site\\\/#website\"},\"primaryImageOfPage\":{\"@id\":\"https:\\\/\\\/revistaregional.com.br\\\/site\\\/2013\\\/06\\\/03\\\/narguile-de-bonzinho-nao-tem-nada\\\/#primaryimage\"},\"image\":{\"@id\":\"https:\\\/\\\/revistaregional.com.br\\\/site\\\/2013\\\/06\\\/03\\\/narguile-de-bonzinho-nao-tem-nada\\\/#primaryimage\"},\"thumbnailUrl\":\"https:\\\/\\\/revistaregional.com.br\\\/site\\\/wp-content\\\/uploads\\\/2013\\\/06\\\/vida-narguile-21.jpg\",\"datePublished\":\"2013-06-03T16:47:56+00:00\",\"dateModified\":\"2024-01-26T12:21:28+00:00\",\"author\":{\"@id\":\"https:\\\/\\\/revistaregional.com.br\\\/site\\\/#\\\/schema\\\/person\\\/382af97c580dc1b18f55107bc316010d\"},\"breadcrumb\":{\"@id\":\"https:\\\/\\\/revistaregional.com.br\\\/site\\\/2013\\\/06\\\/03\\\/narguile-de-bonzinho-nao-tem-nada\\\/#breadcrumb\"},\"inLanguage\":\"pt-BR\",\"potentialAction\":[{\"@type\":\"ReadAction\",\"target\":[\"https:\\\/\\\/revistaregional.com.br\\\/site\\\/2013\\\/06\\\/03\\\/narguile-de-bonzinho-nao-tem-nada\\\/\"]}]},{\"@type\":\"ImageObject\",\"inLanguage\":\"pt-BR\",\"@id\":\"https:\\\/\\\/revistaregional.com.br\\\/site\\\/2013\\\/06\\\/03\\\/narguile-de-bonzinho-nao-tem-nada\\\/#primaryimage\",\"url\":\"https:\\\/\\\/revistaregional.com.br\\\/site\\\/wp-content\\\/uploads\\\/2013\\\/06\\\/vida-narguile-21.jpg\",\"contentUrl\":\"https:\\\/\\\/revistaregional.com.br\\\/site\\\/wp-content\\\/uploads\\\/2013\\\/06\\\/vida-narguile-21.jpg\",\"width\":\"427\",\"height\":\"338\"},{\"@type\":\"BreadcrumbList\",\"@id\":\"https:\\\/\\\/revistaregional.com.br\\\/site\\\/2013\\\/06\\\/03\\\/narguile-de-bonzinho-nao-tem-nada\\\/#breadcrumb\",\"itemListElement\":[{\"@type\":\"ListItem\",\"position\":1,\"name\":\"In\u00edcio\",\"item\":\"https:\\\/\\\/revistaregional.com.br\\\/site\\\/\"},{\"@type\":\"ListItem\",\"position\":2,\"name\":\"Narguil\u00e9: de bonzinho n\u00e3o tem nada!\"}]},{\"@type\":\"WebSite\",\"@id\":\"https:\\\/\\\/revistaregional.com.br\\\/site\\\/#website\",\"url\":\"https:\\\/\\\/revistaregional.com.br\\\/site\\\/\",\"name\":\"Revista Regional\",\"description\":\"Salto - Itu - Indaituba\",\"potentialAction\":[{\"@type\":\"SearchAction\",\"target\":{\"@type\":\"EntryPoint\",\"urlTemplate\":\"https:\\\/\\\/revistaregional.com.br\\\/site\\\/?s={search_term_string}\"},\"query-input\":{\"@type\":\"PropertyValueSpecification\",\"valueRequired\":true,\"valueName\":\"search_term_string\"}}],\"inLanguage\":\"pt-BR\"},{\"@type\":\"Person\",\"@id\":\"https:\\\/\\\/revistaregional.com.br\\\/site\\\/#\\\/schema\\\/person\\\/382af97c580dc1b18f55107bc316010d\",\"name\":\"contato@revistaregional.com.br\",\"image\":{\"@type\":\"ImageObject\",\"inLanguage\":\"pt-BR\",\"@id\":\"https:\\\/\\\/secure.gravatar.com\\\/avatar\\\/869822917e96b2e292d5827e4635855396934485e7c4a0af84e9a214e32ca0cd?s=96&d=mm&r=g\",\"url\":\"https:\\\/\\\/secure.gravatar.com\\\/avatar\\\/869822917e96b2e292d5827e4635855396934485e7c4a0af84e9a214e32ca0cd?s=96&d=mm&r=g\",\"contentUrl\":\"https:\\\/\\\/secure.gravatar.com\\\/avatar\\\/869822917e96b2e292d5827e4635855396934485e7c4a0af84e9a214e32ca0cd?s=96&d=mm&r=g\",\"caption\":\"contato@revistaregional.com.br\"},\"url\":\"https:\\\/\\\/revistaregional.com.br\\\/site\\\/author\\\/contato@revistaregional.com.br\\\/\"}]}<\/script>\n<!-- \/ Yoast SEO plugin. -->","yoast_head_json":{"title":"Narguil\u00e9: de bonzinho n\u00e3o tem nada! - Revista Regional","robots":{"index":"index","follow":"follow","max-snippet":"max-snippet:-1","max-image-preview":"max-image-preview:large","max-video-preview":"max-video-preview:-1"},"canonical":"https:\/\/revistaregional.com.br\/site\/2013\/06\/03\/narguile-de-bonzinho-nao-tem-nada\/","og_locale":"pt_BR","og_type":"article","og_title":"Narguil\u00e9: de bonzinho n\u00e3o tem nada! - Revista Regional","og_description":"Uma \u00fanica sess\u00e3o de narguil\u00e9 significa cem cigarros fumados \u00a0Desde 8 de abril de2013, Indaiatuba tem uma nova Lei. De n\u00famero 6.117, ela pro\u00edbe o uso do narguil\u00e9 em locais p\u00fablicos e privados para menores de 18 anos. Os estabelecimentos que comercializarem o produto ser\u00e3o obrigados a pedir a identifica\u00e7\u00e3o do consumidor. Essa a\u00e7\u00e3o \u00e9 [&hellip;]","og_url":"https:\/\/revistaregional.com.br\/site\/2013\/06\/03\/narguile-de-bonzinho-nao-tem-nada\/","og_site_name":"Revista Regional","article_published_time":"2013-06-03T16:47:56+00:00","article_modified_time":"2024-01-26T12:21:28+00:00","og_image":[{"width":427,"height":338,"url":"https:\/\/revistaregional.com.br\/site\/wp-content\/uploads\/2013\/06\/vida-narguile-21.jpg","type":"image\/jpeg"}],"author":"contato@revistaregional.com.br","twitter_card":"summary_large_image","twitter_misc":{"Escrito por":"contato@revistaregional.com.br","Est. tempo de leitura":"5 minutos"},"schema":{"@context":"https:\/\/schema.org","@graph":[{"@type":"Article","@id":"https:\/\/revistaregional.com.br\/site\/2013\/06\/03\/narguile-de-bonzinho-nao-tem-nada\/#article","isPartOf":{"@id":"https:\/\/revistaregional.com.br\/site\/2013\/06\/03\/narguile-de-bonzinho-nao-tem-nada\/"},"author":{"name":"contato@revistaregional.com.br","@id":"https:\/\/revistaregional.com.br\/site\/#\/schema\/person\/382af97c580dc1b18f55107bc316010d"},"headline":"Narguil\u00e9: de bonzinho n\u00e3o tem nada!","datePublished":"2013-06-03T16:47:56+00:00","dateModified":"2024-01-26T12:21:28+00:00","mainEntityOfPage":{"@id":"https:\/\/revistaregional.com.br\/site\/2013\/06\/03\/narguile-de-bonzinho-nao-tem-nada\/"},"wordCount":1011,"commentCount":0,"image":{"@id":"https:\/\/revistaregional.com.br\/site\/2013\/06\/03\/narguile-de-bonzinho-nao-tem-nada\/#primaryimage"},"thumbnailUrl":"https:\/\/revistaregional.com.br\/site\/wp-content\/uploads\/2013\/06\/vida-narguile-21.jpg","keywords":["Sa\u00fade e Beleza"],"articleSection":["Destaques","Sa\u00fade e Beleza"],"inLanguage":"pt-BR","potentialAction":[{"@type":"CommentAction","name":"Comment","target":["https:\/\/revistaregional.com.br\/site\/2013\/06\/03\/narguile-de-bonzinho-nao-tem-nada\/#respond"]}]},{"@type":"WebPage","@id":"https:\/\/revistaregional.com.br\/site\/2013\/06\/03\/narguile-de-bonzinho-nao-tem-nada\/","url":"https:\/\/revistaregional.com.br\/site\/2013\/06\/03\/narguile-de-bonzinho-nao-tem-nada\/","name":"Narguil\u00e9: de bonzinho n\u00e3o tem nada! - Revista Regional","isPartOf":{"@id":"https:\/\/revistaregional.com.br\/site\/#website"},"primaryImageOfPage":{"@id":"https:\/\/revistaregional.com.br\/site\/2013\/06\/03\/narguile-de-bonzinho-nao-tem-nada\/#primaryimage"},"image":{"@id":"https:\/\/revistaregional.com.br\/site\/2013\/06\/03\/narguile-de-bonzinho-nao-tem-nada\/#primaryimage"},"thumbnailUrl":"https:\/\/revistaregional.com.br\/site\/wp-content\/uploads\/2013\/06\/vida-narguile-21.jpg","datePublished":"2013-06-03T16:47:56+00:00","dateModified":"2024-01-26T12:21:28+00:00","author":{"@id":"https:\/\/revistaregional.com.br\/site\/#\/schema\/person\/382af97c580dc1b18f55107bc316010d"},"breadcrumb":{"@id":"https:\/\/revistaregional.com.br\/site\/2013\/06\/03\/narguile-de-bonzinho-nao-tem-nada\/#breadcrumb"},"inLanguage":"pt-BR","potentialAction":[{"@type":"ReadAction","target":["https:\/\/revistaregional.com.br\/site\/2013\/06\/03\/narguile-de-bonzinho-nao-tem-nada\/"]}]},{"@type":"ImageObject","inLanguage":"pt-BR","@id":"https:\/\/revistaregional.com.br\/site\/2013\/06\/03\/narguile-de-bonzinho-nao-tem-nada\/#primaryimage","url":"https:\/\/revistaregional.com.br\/site\/wp-content\/uploads\/2013\/06\/vida-narguile-21.jpg","contentUrl":"https:\/\/revistaregional.com.br\/site\/wp-content\/uploads\/2013\/06\/vida-narguile-21.jpg","width":"427","height":"338"},{"@type":"BreadcrumbList","@id":"https:\/\/revistaregional.com.br\/site\/2013\/06\/03\/narguile-de-bonzinho-nao-tem-nada\/#breadcrumb","itemListElement":[{"@type":"ListItem","position":1,"name":"In\u00edcio","item":"https:\/\/revistaregional.com.br\/site\/"},{"@type":"ListItem","position":2,"name":"Narguil\u00e9: de bonzinho n\u00e3o tem nada!"}]},{"@type":"WebSite","@id":"https:\/\/revistaregional.com.br\/site\/#website","url":"https:\/\/revistaregional.com.br\/site\/","name":"Revista Regional","description":"Salto - Itu - Indaituba","potentialAction":[{"@type":"SearchAction","target":{"@type":"EntryPoint","urlTemplate":"https:\/\/revistaregional.com.br\/site\/?s={search_term_string}"},"query-input":{"@type":"PropertyValueSpecification","valueRequired":true,"valueName":"search_term_string"}}],"inLanguage":"pt-BR"},{"@type":"Person","@id":"https:\/\/revistaregional.com.br\/site\/#\/schema\/person\/382af97c580dc1b18f55107bc316010d","name":"contato@revistaregional.com.br","image":{"@type":"ImageObject","inLanguage":"pt-BR","@id":"https:\/\/secure.gravatar.com\/avatar\/869822917e96b2e292d5827e4635855396934485e7c4a0af84e9a214e32ca0cd?s=96&d=mm&r=g","url":"https:\/\/secure.gravatar.com\/avatar\/869822917e96b2e292d5827e4635855396934485e7c4a0af84e9a214e32ca0cd?s=96&d=mm&r=g","contentUrl":"https:\/\/secure.gravatar.com\/avatar\/869822917e96b2e292d5827e4635855396934485e7c4a0af84e9a214e32ca0cd?s=96&d=mm&r=g","caption":"contato@revistaregional.com.br"},"url":"https:\/\/revistaregional.com.br\/site\/author\/contato@revistaregional.com.br\/"}]}},"views":98,"_links":{"self":[{"href":"https:\/\/revistaregional.com.br\/site\/wp-json\/wp\/v2\/posts\/4834","targetHints":{"allow":["GET"]}}],"collection":[{"href":"https:\/\/revistaregional.com.br\/site\/wp-json\/wp\/v2\/posts"}],"about":[{"href":"https:\/\/revistaregional.com.br\/site\/wp-json\/wp\/v2\/types\/post"}],"author":[{"embeddable":true,"href":"https:\/\/revistaregional.com.br\/site\/wp-json\/wp\/v2\/users\/1"}],"replies":[{"embeddable":true,"href":"https:\/\/revistaregional.com.br\/site\/wp-json\/wp\/v2\/comments?post=4834"}],"version-history":[{"count":3,"href":"https:\/\/revistaregional.com.br\/site\/wp-json\/wp\/v2\/posts\/4834\/revisions"}],"predecessor-version":[{"id":4839,"href":"https:\/\/revistaregional.com.br\/site\/wp-json\/wp\/v2\/posts\/4834\/revisions\/4839"}],"wp:featuredmedia":[{"embeddable":true,"href":"https:\/\/revistaregional.com.br\/site\/wp-json\/wp\/v2\/media\/4840"}],"wp:attachment":[{"href":"https:\/\/revistaregional.com.br\/site\/wp-json\/wp\/v2\/media?parent=4834"}],"wp:term":[{"taxonomy":"category","embeddable":true,"href":"https:\/\/revistaregional.com.br\/site\/wp-json\/wp\/v2\/categories?post=4834"},{"taxonomy":"post_tag","embeddable":true,"href":"https:\/\/revistaregional.com.br\/site\/wp-json\/wp\/v2\/tags?post=4834"}],"curies":[{"name":"wp","href":"https:\/\/api.w.org\/{rel}","templated":true}]}}