{"id":4793,"date":"2013-05-10T15:13:20","date_gmt":"2013-05-10T18:13:20","guid":{"rendered":"http:\/\/revistaregional.com.br\/site\/?p=4793"},"modified":"2024-01-26T10:54:45","modified_gmt":"2024-01-26T13:54:45","slug":"au-revoir-simone-na-virada-de-indaiatuba","status":"publish","type":"post","link":"https:\/\/revistaregional.com.br\/site\/2013\/05\/10\/au-revoir-simone-na-virada-de-indaiatuba\/","title":{"rendered":"Au Revoir Simone na Virada de Indaiatuba"},"content":{"rendered":"<figure id=\"attachment_4797\" aria-describedby=\"caption-attachment-4797\" style=\"width: 384px\" class=\"wp-caption aligncenter\"><a href=\"http:\/\/revistaregional.com.br\/site\/wp-content\/uploads\/2013\/05\/Au-Revoir-Simone-ars_sky_tom_haslinger1.jpg\" rel=\"attachment wp-att-4797\"><img fetchpriority=\"high\" decoding=\"async\" class=\" wp-image-4797 \" src=\"http:\/\/revistaregional.com.br\/site\/wp-content\/uploads\/2013\/05\/Au-Revoir-Simone-ars_sky_tom_haslinger1.jpg\" alt=\"\" width=\"384\" height=\"256\" srcset=\"https:\/\/revistaregional.com.br\/site\/wp-content\/uploads\/2013\/05\/Au-Revoir-Simone-ars_sky_tom_haslinger1.jpg 640w, https:\/\/revistaregional.com.br\/site\/wp-content\/uploads\/2013\/05\/Au-Revoir-Simone-ars_sky_tom_haslinger1-300x200.jpg 300w\" sizes=\"(max-width: 384px) 100vw, 384px\" \/><\/a><figcaption id=\"caption-attachment-4797\" class=\"wp-caption-text\">Trio americano \u00e9 atra\u00e7\u00e3o da Virada Cultural em Indaiatuba<\/figcaption><\/figure>\n<p>Quem acompanhou os seriados Ugly Betty e\u00a0Grey\u2019s Anatomy vai reconhecer as can\u00e7\u00f5es do Au Revoir Simone, trio de garotas do Brooklyn (Nova York, EUA) que vem pela primeira vez ao Brasil \u2013 com exclusividade \u2013 para participar da Virada Cultural Paulista 2013. Formado por Heather D\u2019Angelo, \u00c9rica Foster e Annie Har, o grupo tem como base arranjos de teclado e bateria eletr\u00f4nica, com composi\u00e7\u00f5es doces e buc\u00f3licas. O cineasta David Lynch, autor do cultuado seriado <em>Twin Peaks<\/em> e dos filmes <em>Veludo Azul <\/em>e <em>A Estrada Perdida,<\/em> j\u00e1 declarou sobre elas: \u201co jeito como cantam e usam os sintetizadores \u00e9 realmente m\u00e1gico para mim\u201d.<\/p>\n<p>O trio americano se apresenta em Indaiatuba \u00e0 0h30 de s\u00e1bado, dia 25 de maio, no Parque Ecol\u00f3gico. Confira uma entrevista com a integrante do Au Revoir Simone, Heather D\u2019Angelo, sobre sua vinda ao Brasil.<\/p>\n<p><strong>Quais s\u00e3o suas expectativas para os dois shows no Brasil?<\/strong><\/p>\n<p>N\u00f3s nunca tocamos no Brasil antes. Mas esperamos por isso h\u00e1 muito tempo, especialmente porque os brasileiros s\u00e3o conhecidos por seu grande amor pela m\u00fasica. Espero conhecer um monte de pessoas maravilhosas, passar dias maravilhosos no Brasil e experimentar a cultura brasileira!<\/p>\n<p><strong>Como podemos definir a m\u00fasica da banda?<\/strong><\/p>\n<p>Pop sonhador com teclados.<\/p>\n<p><strong>Voc\u00eas conhecem m\u00fasica brasileira?<\/strong><\/p>\n<p>Todo mundo conhece o \u00e1lbum Astrud Gilberto &amp; Stan Getz &#8211; eles s\u00e3o definitivamente dois dos meus artistas favoritos. Eu acho que eles nos influenciaram um pouco; nossas primeiras m\u00fasicas tinham v\u00e1rias batidas da Bossa Nova e melodias simples.<\/p>\n<p><strong>O que o p\u00fablico pode esperar do seu show?<\/strong><\/p>\n<p>Um monte de teclados.<\/p>\n<p><strong>Por que Au Revoir Simone?<\/strong><\/p>\n<p>O nome da nossa banda vem de um di\u00e1logo de um filme do Tim Burton, de 1985: \u201cGrandes Aventuras de Pee-Wee\u201d. Simone \u00e9 o nome de uma gar\u00e7onete no filme.<\/p>\n<p><strong>Por falar em cinema, voc\u00ea v\u00ea uma conex\u00e3o entre sua m\u00fasica e o cinema?<\/strong><\/p>\n<p>Acho que a nossa m\u00fasica passa uma sensa\u00e7\u00e3o cinematogr\u00e1fica.<\/p>\n<p><em>\u00a0foto: Tom Haslinger<\/em><\/p>\n","protected":false},"excerpt":{"rendered":"<p>Quem acompanhou os seriados Ugly Betty e\u00a0Grey\u2019s Anatomy vai reconhecer as can\u00e7\u00f5es do Au Revoir Simone, trio de garotas do Brooklyn (Nova York, EUA) que vem pela primeira vez ao Brasil \u2013 com exclusividade \u2013 para participar da Virada Cultural Paulista 2013. Formado por Heather D\u2019Angelo, \u00c9rica Foster e Annie Har, o grupo tem como [&hellip;]<\/p>\n","protected":false},"author":1,"featured_media":4797,"comment_status":"open","ping_status":"open","sticky":false,"template":"","format":"standard","meta":{"_acf_changed":false,"ngg_post_thumbnail":0,"_joinchat":[],"footnotes":""},"categories":[4,3],"tags":[533],"class_list":["post-4793","post","type-post","status-publish","format-standard","has-post-thumbnail","hentry","category-cultura","category-destaques","tag-cultura"],"acf":[],"yoast_head":"<!-- This site is optimized with the Yoast SEO plugin v27.4 - https:\/\/yoast.com\/product\/yoast-seo-wordpress\/ -->\n<title>Au Revoir Simone na Virada de Indaiatuba - Revista Regional<\/title>\n<meta name=\"robots\" content=\"index, follow, max-snippet:-1, max-image-preview:large, max-video-preview:-1\" \/>\n<link rel=\"canonical\" href=\"https:\/\/revistaregional.com.br\/site\/2013\/05\/10\/au-revoir-simone-na-virada-de-indaiatuba\/\" \/>\n<meta property=\"og:locale\" content=\"pt_BR\" \/>\n<meta property=\"og:type\" content=\"article\" \/>\n<meta property=\"og:title\" content=\"Au Revoir Simone na Virada de Indaiatuba - Revista Regional\" \/>\n<meta property=\"og:description\" content=\"Quem acompanhou os seriados Ugly Betty e\u00a0Grey\u2019s Anatomy vai reconhecer as can\u00e7\u00f5es do Au Revoir Simone, trio de garotas do Brooklyn (Nova York, EUA) que vem pela primeira vez ao Brasil \u2013 com exclusividade \u2013 para participar da Virada Cultural Paulista 2013. Formado por Heather D\u2019Angelo, \u00c9rica Foster e Annie Har, o grupo tem como [&hellip;]\" \/>\n<meta property=\"og:url\" content=\"https:\/\/revistaregional.com.br\/site\/2013\/05\/10\/au-revoir-simone-na-virada-de-indaiatuba\/\" \/>\n<meta property=\"og:site_name\" content=\"Revista Regional\" \/>\n<meta property=\"article:published_time\" content=\"2013-05-10T18:13:20+00:00\" \/>\n<meta property=\"article:modified_time\" content=\"2024-01-26T13:54:45+00:00\" \/>\n<meta property=\"og:image\" content=\"https:\/\/revistaregional.com.br\/site\/wp-content\/uploads\/2013\/05\/Au-Revoir-Simone-ars_sky_tom_haslinger1.jpg\" \/>\n\t<meta property=\"og:image:width\" content=\"640\" \/>\n\t<meta property=\"og:image:height\" content=\"427\" \/>\n\t<meta property=\"og:image:type\" content=\"image\/jpeg\" \/>\n<meta name=\"author\" content=\"contato@revistaregional.com.br\" \/>\n<meta name=\"twitter:card\" content=\"summary_large_image\" \/>\n<meta name=\"twitter:label1\" content=\"Escrito por\" \/>\n\t<meta name=\"twitter:data1\" content=\"contato@revistaregional.com.br\" \/>\n\t<meta name=\"twitter:label2\" content=\"Est. tempo de leitura\" \/>\n\t<meta name=\"twitter:data2\" content=\"2 minutos\" \/>\n<script type=\"application\/ld+json\" class=\"yoast-schema-graph\">{\"@context\":\"https:\\\/\\\/schema.org\",\"@graph\":[{\"@type\":\"Article\",\"@id\":\"https:\\\/\\\/revistaregional.com.br\\\/site\\\/2013\\\/05\\\/10\\\/au-revoir-simone-na-virada-de-indaiatuba\\\/#article\",\"isPartOf\":{\"@id\":\"https:\\\/\\\/revistaregional.com.br\\\/site\\\/2013\\\/05\\\/10\\\/au-revoir-simone-na-virada-de-indaiatuba\\\/\"},\"author\":{\"name\":\"contato@revistaregional.com.br\",\"@id\":\"https:\\\/\\\/revistaregional.com.br\\\/site\\\/#\\\/schema\\\/person\\\/382af97c580dc1b18f55107bc316010d\"},\"headline\":\"Au Revoir Simone na Virada de Indaiatuba\",\"datePublished\":\"2013-05-10T18:13:20+00:00\",\"dateModified\":\"2024-01-26T13:54:45+00:00\",\"mainEntityOfPage\":{\"@id\":\"https:\\\/\\\/revistaregional.com.br\\\/site\\\/2013\\\/05\\\/10\\\/au-revoir-simone-na-virada-de-indaiatuba\\\/\"},\"wordCount\":362,\"commentCount\":0,\"image\":{\"@id\":\"https:\\\/\\\/revistaregional.com.br\\\/site\\\/2013\\\/05\\\/10\\\/au-revoir-simone-na-virada-de-indaiatuba\\\/#primaryimage\"},\"thumbnailUrl\":\"https:\\\/\\\/revistaregional.com.br\\\/site\\\/wp-content\\\/uploads\\\/2013\\\/05\\\/Au-Revoir-Simone-ars_sky_tom_haslinger1.jpg\",\"keywords\":[\"Cultura\"],\"articleSection\":[\"Cultura\",\"Destaques\"],\"inLanguage\":\"pt-BR\",\"potentialAction\":[{\"@type\":\"CommentAction\",\"name\":\"Comment\",\"target\":[\"https:\\\/\\\/revistaregional.com.br\\\/site\\\/2013\\\/05\\\/10\\\/au-revoir-simone-na-virada-de-indaiatuba\\\/#respond\"]}]},{\"@type\":\"WebPage\",\"@id\":\"https:\\\/\\\/revistaregional.com.br\\\/site\\\/2013\\\/05\\\/10\\\/au-revoir-simone-na-virada-de-indaiatuba\\\/\",\"url\":\"https:\\\/\\\/revistaregional.com.br\\\/site\\\/2013\\\/05\\\/10\\\/au-revoir-simone-na-virada-de-indaiatuba\\\/\",\"name\":\"Au Revoir Simone na Virada de Indaiatuba - Revista Regional\",\"isPartOf\":{\"@id\":\"https:\\\/\\\/revistaregional.com.br\\\/site\\\/#website\"},\"primaryImageOfPage\":{\"@id\":\"https:\\\/\\\/revistaregional.com.br\\\/site\\\/2013\\\/05\\\/10\\\/au-revoir-simone-na-virada-de-indaiatuba\\\/#primaryimage\"},\"image\":{\"@id\":\"https:\\\/\\\/revistaregional.com.br\\\/site\\\/2013\\\/05\\\/10\\\/au-revoir-simone-na-virada-de-indaiatuba\\\/#primaryimage\"},\"thumbnailUrl\":\"https:\\\/\\\/revistaregional.com.br\\\/site\\\/wp-content\\\/uploads\\\/2013\\\/05\\\/Au-Revoir-Simone-ars_sky_tom_haslinger1.jpg\",\"datePublished\":\"2013-05-10T18:13:20+00:00\",\"dateModified\":\"2024-01-26T13:54:45+00:00\",\"author\":{\"@id\":\"https:\\\/\\\/revistaregional.com.br\\\/site\\\/#\\\/schema\\\/person\\\/382af97c580dc1b18f55107bc316010d\"},\"breadcrumb\":{\"@id\":\"https:\\\/\\\/revistaregional.com.br\\\/site\\\/2013\\\/05\\\/10\\\/au-revoir-simone-na-virada-de-indaiatuba\\\/#breadcrumb\"},\"inLanguage\":\"pt-BR\",\"potentialAction\":[{\"@type\":\"ReadAction\",\"target\":[\"https:\\\/\\\/revistaregional.com.br\\\/site\\\/2013\\\/05\\\/10\\\/au-revoir-simone-na-virada-de-indaiatuba\\\/\"]}]},{\"@type\":\"ImageObject\",\"inLanguage\":\"pt-BR\",\"@id\":\"https:\\\/\\\/revistaregional.com.br\\\/site\\\/2013\\\/05\\\/10\\\/au-revoir-simone-na-virada-de-indaiatuba\\\/#primaryimage\",\"url\":\"https:\\\/\\\/revistaregional.com.br\\\/site\\\/wp-content\\\/uploads\\\/2013\\\/05\\\/Au-Revoir-Simone-ars_sky_tom_haslinger1.jpg\",\"contentUrl\":\"https:\\\/\\\/revistaregional.com.br\\\/site\\\/wp-content\\\/uploads\\\/2013\\\/05\\\/Au-Revoir-Simone-ars_sky_tom_haslinger1.jpg\",\"width\":\"640\",\"height\":\"427\",\"caption\":\"Trio americano \u00e9 atra\u00e7\u00e3o da Virada Cultural em Indaiatuba\"},{\"@type\":\"BreadcrumbList\",\"@id\":\"https:\\\/\\\/revistaregional.com.br\\\/site\\\/2013\\\/05\\\/10\\\/au-revoir-simone-na-virada-de-indaiatuba\\\/#breadcrumb\",\"itemListElement\":[{\"@type\":\"ListItem\",\"position\":1,\"name\":\"In\u00edcio\",\"item\":\"https:\\\/\\\/revistaregional.com.br\\\/site\\\/\"},{\"@type\":\"ListItem\",\"position\":2,\"name\":\"Au Revoir Simone na Virada de Indaiatuba\"}]},{\"@type\":\"WebSite\",\"@id\":\"https:\\\/\\\/revistaregional.com.br\\\/site\\\/#website\",\"url\":\"https:\\\/\\\/revistaregional.com.br\\\/site\\\/\",\"name\":\"Revista Regional\",\"description\":\"Salto - Itu - Indaituba\",\"potentialAction\":[{\"@type\":\"SearchAction\",\"target\":{\"@type\":\"EntryPoint\",\"urlTemplate\":\"https:\\\/\\\/revistaregional.com.br\\\/site\\\/?s={search_term_string}\"},\"query-input\":{\"@type\":\"PropertyValueSpecification\",\"valueRequired\":true,\"valueName\":\"search_term_string\"}}],\"inLanguage\":\"pt-BR\"},{\"@type\":\"Person\",\"@id\":\"https:\\\/\\\/revistaregional.com.br\\\/site\\\/#\\\/schema\\\/person\\\/382af97c580dc1b18f55107bc316010d\",\"name\":\"contato@revistaregional.com.br\",\"image\":{\"@type\":\"ImageObject\",\"inLanguage\":\"pt-BR\",\"@id\":\"https:\\\/\\\/secure.gravatar.com\\\/avatar\\\/869822917e96b2e292d5827e4635855396934485e7c4a0af84e9a214e32ca0cd?s=96&d=mm&r=g\",\"url\":\"https:\\\/\\\/secure.gravatar.com\\\/avatar\\\/869822917e96b2e292d5827e4635855396934485e7c4a0af84e9a214e32ca0cd?s=96&d=mm&r=g\",\"contentUrl\":\"https:\\\/\\\/secure.gravatar.com\\\/avatar\\\/869822917e96b2e292d5827e4635855396934485e7c4a0af84e9a214e32ca0cd?s=96&d=mm&r=g\",\"caption\":\"contato@revistaregional.com.br\"},\"url\":\"https:\\\/\\\/revistaregional.com.br\\\/site\\\/author\\\/contato@revistaregional.com.br\\\/\"}]}<\/script>\n<!-- \/ Yoast SEO plugin. -->","yoast_head_json":{"title":"Au Revoir Simone na Virada de Indaiatuba - Revista Regional","robots":{"index":"index","follow":"follow","max-snippet":"max-snippet:-1","max-image-preview":"max-image-preview:large","max-video-preview":"max-video-preview:-1"},"canonical":"https:\/\/revistaregional.com.br\/site\/2013\/05\/10\/au-revoir-simone-na-virada-de-indaiatuba\/","og_locale":"pt_BR","og_type":"article","og_title":"Au Revoir Simone na Virada de Indaiatuba - Revista Regional","og_description":"Quem acompanhou os seriados Ugly Betty e\u00a0Grey\u2019s Anatomy vai reconhecer as can\u00e7\u00f5es do Au Revoir Simone, trio de garotas do Brooklyn (Nova York, EUA) que vem pela primeira vez ao Brasil \u2013 com exclusividade \u2013 para participar da Virada Cultural Paulista 2013. Formado por Heather D\u2019Angelo, \u00c9rica Foster e Annie Har, o grupo tem como [&hellip;]","og_url":"https:\/\/revistaregional.com.br\/site\/2013\/05\/10\/au-revoir-simone-na-virada-de-indaiatuba\/","og_site_name":"Revista Regional","article_published_time":"2013-05-10T18:13:20+00:00","article_modified_time":"2024-01-26T13:54:45+00:00","og_image":[{"width":640,"height":427,"url":"https:\/\/revistaregional.com.br\/site\/wp-content\/uploads\/2013\/05\/Au-Revoir-Simone-ars_sky_tom_haslinger1.jpg","type":"image\/jpeg"}],"author":"contato@revistaregional.com.br","twitter_card":"summary_large_image","twitter_misc":{"Escrito por":"contato@revistaregional.com.br","Est. tempo de leitura":"2 minutos"},"schema":{"@context":"https:\/\/schema.org","@graph":[{"@type":"Article","@id":"https:\/\/revistaregional.com.br\/site\/2013\/05\/10\/au-revoir-simone-na-virada-de-indaiatuba\/#article","isPartOf":{"@id":"https:\/\/revistaregional.com.br\/site\/2013\/05\/10\/au-revoir-simone-na-virada-de-indaiatuba\/"},"author":{"name":"contato@revistaregional.com.br","@id":"https:\/\/revistaregional.com.br\/site\/#\/schema\/person\/382af97c580dc1b18f55107bc316010d"},"headline":"Au Revoir Simone na Virada de Indaiatuba","datePublished":"2013-05-10T18:13:20+00:00","dateModified":"2024-01-26T13:54:45+00:00","mainEntityOfPage":{"@id":"https:\/\/revistaregional.com.br\/site\/2013\/05\/10\/au-revoir-simone-na-virada-de-indaiatuba\/"},"wordCount":362,"commentCount":0,"image":{"@id":"https:\/\/revistaregional.com.br\/site\/2013\/05\/10\/au-revoir-simone-na-virada-de-indaiatuba\/#primaryimage"},"thumbnailUrl":"https:\/\/revistaregional.com.br\/site\/wp-content\/uploads\/2013\/05\/Au-Revoir-Simone-ars_sky_tom_haslinger1.jpg","keywords":["Cultura"],"articleSection":["Cultura","Destaques"],"inLanguage":"pt-BR","potentialAction":[{"@type":"CommentAction","name":"Comment","target":["https:\/\/revistaregional.com.br\/site\/2013\/05\/10\/au-revoir-simone-na-virada-de-indaiatuba\/#respond"]}]},{"@type":"WebPage","@id":"https:\/\/revistaregional.com.br\/site\/2013\/05\/10\/au-revoir-simone-na-virada-de-indaiatuba\/","url":"https:\/\/revistaregional.com.br\/site\/2013\/05\/10\/au-revoir-simone-na-virada-de-indaiatuba\/","name":"Au Revoir Simone na Virada de Indaiatuba - Revista Regional","isPartOf":{"@id":"https:\/\/revistaregional.com.br\/site\/#website"},"primaryImageOfPage":{"@id":"https:\/\/revistaregional.com.br\/site\/2013\/05\/10\/au-revoir-simone-na-virada-de-indaiatuba\/#primaryimage"},"image":{"@id":"https:\/\/revistaregional.com.br\/site\/2013\/05\/10\/au-revoir-simone-na-virada-de-indaiatuba\/#primaryimage"},"thumbnailUrl":"https:\/\/revistaregional.com.br\/site\/wp-content\/uploads\/2013\/05\/Au-Revoir-Simone-ars_sky_tom_haslinger1.jpg","datePublished":"2013-05-10T18:13:20+00:00","dateModified":"2024-01-26T13:54:45+00:00","author":{"@id":"https:\/\/revistaregional.com.br\/site\/#\/schema\/person\/382af97c580dc1b18f55107bc316010d"},"breadcrumb":{"@id":"https:\/\/revistaregional.com.br\/site\/2013\/05\/10\/au-revoir-simone-na-virada-de-indaiatuba\/#breadcrumb"},"inLanguage":"pt-BR","potentialAction":[{"@type":"ReadAction","target":["https:\/\/revistaregional.com.br\/site\/2013\/05\/10\/au-revoir-simone-na-virada-de-indaiatuba\/"]}]},{"@type":"ImageObject","inLanguage":"pt-BR","@id":"https:\/\/revistaregional.com.br\/site\/2013\/05\/10\/au-revoir-simone-na-virada-de-indaiatuba\/#primaryimage","url":"https:\/\/revistaregional.com.br\/site\/wp-content\/uploads\/2013\/05\/Au-Revoir-Simone-ars_sky_tom_haslinger1.jpg","contentUrl":"https:\/\/revistaregional.com.br\/site\/wp-content\/uploads\/2013\/05\/Au-Revoir-Simone-ars_sky_tom_haslinger1.jpg","width":"640","height":"427","caption":"Trio americano \u00e9 atra\u00e7\u00e3o da Virada Cultural em Indaiatuba"},{"@type":"BreadcrumbList","@id":"https:\/\/revistaregional.com.br\/site\/2013\/05\/10\/au-revoir-simone-na-virada-de-indaiatuba\/#breadcrumb","itemListElement":[{"@type":"ListItem","position":1,"name":"In\u00edcio","item":"https:\/\/revistaregional.com.br\/site\/"},{"@type":"ListItem","position":2,"name":"Au Revoir Simone na Virada de Indaiatuba"}]},{"@type":"WebSite","@id":"https:\/\/revistaregional.com.br\/site\/#website","url":"https:\/\/revistaregional.com.br\/site\/","name":"Revista Regional","description":"Salto - Itu - Indaituba","potentialAction":[{"@type":"SearchAction","target":{"@type":"EntryPoint","urlTemplate":"https:\/\/revistaregional.com.br\/site\/?s={search_term_string}"},"query-input":{"@type":"PropertyValueSpecification","valueRequired":true,"valueName":"search_term_string"}}],"inLanguage":"pt-BR"},{"@type":"Person","@id":"https:\/\/revistaregional.com.br\/site\/#\/schema\/person\/382af97c580dc1b18f55107bc316010d","name":"contato@revistaregional.com.br","image":{"@type":"ImageObject","inLanguage":"pt-BR","@id":"https:\/\/secure.gravatar.com\/avatar\/869822917e96b2e292d5827e4635855396934485e7c4a0af84e9a214e32ca0cd?s=96&d=mm&r=g","url":"https:\/\/secure.gravatar.com\/avatar\/869822917e96b2e292d5827e4635855396934485e7c4a0af84e9a214e32ca0cd?s=96&d=mm&r=g","contentUrl":"https:\/\/secure.gravatar.com\/avatar\/869822917e96b2e292d5827e4635855396934485e7c4a0af84e9a214e32ca0cd?s=96&d=mm&r=g","caption":"contato@revistaregional.com.br"},"url":"https:\/\/revistaregional.com.br\/site\/author\/contato@revistaregional.com.br\/"}]}},"views":63,"_links":{"self":[{"href":"https:\/\/revistaregional.com.br\/site\/wp-json\/wp\/v2\/posts\/4793","targetHints":{"allow":["GET"]}}],"collection":[{"href":"https:\/\/revistaregional.com.br\/site\/wp-json\/wp\/v2\/posts"}],"about":[{"href":"https:\/\/revistaregional.com.br\/site\/wp-json\/wp\/v2\/types\/post"}],"author":[{"embeddable":true,"href":"https:\/\/revistaregional.com.br\/site\/wp-json\/wp\/v2\/users\/1"}],"replies":[{"embeddable":true,"href":"https:\/\/revistaregional.com.br\/site\/wp-json\/wp\/v2\/comments?post=4793"}],"version-history":[{"count":4,"href":"https:\/\/revistaregional.com.br\/site\/wp-json\/wp\/v2\/posts\/4793\/revisions"}],"predecessor-version":[{"id":32431,"href":"https:\/\/revistaregional.com.br\/site\/wp-json\/wp\/v2\/posts\/4793\/revisions\/32431"}],"wp:featuredmedia":[{"embeddable":true,"href":"https:\/\/revistaregional.com.br\/site\/wp-json\/wp\/v2\/media\/4797"}],"wp:attachment":[{"href":"https:\/\/revistaregional.com.br\/site\/wp-json\/wp\/v2\/media?parent=4793"}],"wp:term":[{"taxonomy":"category","embeddable":true,"href":"https:\/\/revistaregional.com.br\/site\/wp-json\/wp\/v2\/categories?post=4793"},{"taxonomy":"post_tag","embeddable":true,"href":"https:\/\/revistaregional.com.br\/site\/wp-json\/wp\/v2\/tags?post=4793"}],"curies":[{"name":"wp","href":"https:\/\/api.w.org\/{rel}","templated":true}]}}