{"id":4780,"date":"2013-05-10T13:48:10","date_gmt":"2013-05-10T16:48:10","guid":{"rendered":"http:\/\/revistaregional.com.br\/site\/?p=4780"},"modified":"2024-01-26T09:57:27","modified_gmt":"2024-01-26T12:57:27","slug":"abertas-inscricoes-para-garoto-e-garota-estudantil","status":"publish","type":"post","link":"https:\/\/revistaregional.com.br\/site\/2013\/05\/10\/abertas-inscricoes-para-garoto-e-garota-estudantil\/","title":{"rendered":"Abertas inscri\u00e7\u00f5es para o \u201cEstudantil\u201d"},"content":{"rendered":"<figure id=\"attachment_4781\" aria-describedby=\"caption-attachment-4781\" style=\"width: 384px\" class=\"wp-caption aligncenter\"><a href=\"http:\/\/revistaregional.com.br\/site\/wp-content\/uploads\/2013\/05\/GEB_9895.jpg\" rel=\"attachment wp-att-4781\"><img fetchpriority=\"high\" decoding=\"async\" class=\" wp-image-4781  \" src=\"http:\/\/revistaregional.com.br\/site\/wp-content\/uploads\/2013\/05\/GEB_9895.jpg\" alt=\"\" width=\"384\" height=\"256\" srcset=\"https:\/\/revistaregional.com.br\/site\/wp-content\/uploads\/2013\/05\/GEB_9895.jpg 640w, https:\/\/revistaregional.com.br\/site\/wp-content\/uploads\/2013\/05\/GEB_9895-300x199.jpg 300w\" sizes=\"(max-width: 384px) 100vw, 384px\" \/><\/a><figcaption id=\"caption-attachment-4781\" class=\"wp-caption-text\">Graciele Manfredini, vencedora de 2012, em editorial de moda na Revista Regional<\/figcaption><\/figure>\n<p style=\"text-align: left;\" align=\"center\">O tradicional concurso \u201cGaroto e Garota Estudantil \u2013 vers\u00e3o 2013\u201d j\u00e1 est\u00e1 selecionando os candidatos e candidatas que participar\u00e3o da grande final deste evento que \u00e9 promovido pela \u201cFeticheModels\u201d e dirigido pelo manager Sandro Bergamo. H\u00e1 18 anos o concurso tem descoberto grandes talentos para o mercado nacional e internacional.<\/p>\n<p style=\"text-align: left;\" align=\"center\">Neste ano, o evento ser\u00e1 regional, recebendo candidatos de Salto, Itu, Indaiatuba, Porto Feliz, Cabre\u00fava, Monte Mor, Sorocaba, Jundia\u00ed, Campinas, Elias Fausto, Capivari, Itupeva, Boituva, entre outras. Como no ano passado acontecer\u00e1 uma \u00fanica pr\u00e9-sele\u00e7\u00e3o com todos os estudantes inscritos. Esta pr\u00e9-sele\u00e7\u00e3o acontecer\u00e1 no dia 30 de junho, no Centro de Educa\u00e7\u00e3o e Cultura Anselmo Duarte, na cidade de Salto para todas as categorias: Infantil (de 06 a 12 anos) e Adulto (de 13 a 28 anos).<\/p>\n<p style=\"text-align: left;\">Entre as premia\u00e7\u00f5es, os grandes vencedores ganham um book fotogr\u00e1fico do Studio Betiol e ser\u00e3o agenciados na FeticheModels. A grande final est\u00e1 agendada para os dias 20 e 21 de julho, na Sala Palma de Ouro, em Salto. Os garotos e garotas interessados em ingressar na carreira de modelo e participar deste desfile que re\u00fane os mais belos modelos do ano e que tem revelado grandes nomes para o mercado da moda dever\u00e3o inscrever-se nos seguintes locais:<\/p>\n<p style=\"text-align: left;\" align=\"center\"><strong>Lojas Azul Cal\u00e7ados<\/strong> (Rua Nove de Julho n\u00ba 290 &#8211;\u00a0Centro \u2013 Salto \/ Rua Floriano Peixoto, 941 &#8211; Centro \u2013 Itu\/ Av. S\u00e3o Paulo, 750 &#8211; Jacar\u00e9 \u2013 Cabre\u00fava\/ Rua 9 de Julho, 309- Centro \u2013 Vinhedo\/ Rua Andr\u00e9 Rocha, 95 &#8211; Centro &#8211; Porto Feliz); <strong>LojaComoventt<\/strong> (Rua Floriano Peixoto, 859 \u2013 Centro \u2013 Itu\/ Plaza Shopping Itu, loja 65 &#8211; Itu \/ Rua Senador Fonseca, 861 \u2013 Centro \u2013 Jundia\u00ed);\u00a0 <strong>Loja Multi Ponto<\/strong> (Rua Floriano Peixoto, 889 \u2013 Centro \u2013 Itu \/ Rua 9 de Julho, 609 \u2013 Centro \u2013 Salto \/ Rua Siqueira Campos, 415 \u2013 Centro \u2013 Indaiatuba \/ Av. Francisco de Paula Leite, 1431 \u2013 Jd. Calif\u00f3rnia \u2013 Indaiatuba \/ Polo Shopping Indaiatuba \u2013 Indaiatuba); <strong>Jornal A Voz do Jacar\u00e9<\/strong> (Rua Maranh\u00e3o, 144 &#8211; Bairro Jacar\u00e9 \u2013 Cabre\u00fava); <strong>Val\u00e9ria Noivas<\/strong> (Rua Jo\u00e3o Angelieri, 150 \u2013 Centro \u2013 Porto Feliz \/Av. Mario Pedro Vercelino, 204 \u2013 Centro \u2013 Boituva); <strong>Loja Lel\u00e9 da Cuca<\/strong> (Rua Dr. Barros Junior, 485 \u2013 Centro \u2013 Salto). Ou mesmo\u00a0enviar pelo correio para a ag\u00eancia Fetiche Models (Av. Dom Pedro II, 209B &#8211; Centro &#8211; Salto\/SP &#8211; CEP 13320-240) Informa\u00e7\u00f5es: (11) 4029-1265 ou <a href=\"http:\/\/www.fetichemodels.com\/\" target=\"_blank\" rel=\"noopener\">www.fetichemodels.com<\/a>.<\/p>\n<p style=\"text-align: left;\" align=\"center\"><em>Fotos: Geraldo Betiol<\/em><\/p>\n","protected":false},"excerpt":{"rendered":"<p>O tradicional concurso \u201cGaroto e Garota Estudantil \u2013 vers\u00e3o 2013\u201d j\u00e1 est\u00e1 selecionando os candidatos e candidatas que participar\u00e3o da grande final deste evento que \u00e9 promovido pela \u201cFeticheModels\u201d e dirigido pelo manager Sandro Bergamo. H\u00e1 18 anos o concurso tem descoberto grandes talentos para o mercado nacional e internacional. Neste ano, o evento ser\u00e1 [&hellip;]<\/p>\n","protected":false},"author":1,"featured_media":4789,"comment_status":"open","ping_status":"open","sticky":false,"template":"","format":"standard","meta":{"_acf_changed":false,"ngg_post_thumbnail":0,"_joinchat":[],"footnotes":""},"categories":[3,12],"tags":[527],"class_list":["post-4780","post","type-post","status-publish","format-standard","has-post-thumbnail","hentry","category-destaques","category-regionais","tag-regionais"],"acf":[],"yoast_head":"<!-- This site is optimized with the Yoast SEO plugin v27.4 - https:\/\/yoast.com\/product\/yoast-seo-wordpress\/ -->\n<title>Abertas inscri\u00e7\u00f5es para o \u201cEstudantil\u201d - Revista Regional<\/title>\n<meta name=\"robots\" content=\"index, follow, max-snippet:-1, max-image-preview:large, max-video-preview:-1\" \/>\n<link rel=\"canonical\" href=\"https:\/\/revistaregional.com.br\/site\/2013\/05\/10\/abertas-inscricoes-para-garoto-e-garota-estudantil\/\" \/>\n<meta property=\"og:locale\" content=\"pt_BR\" \/>\n<meta property=\"og:type\" content=\"article\" \/>\n<meta property=\"og:title\" content=\"Abertas inscri\u00e7\u00f5es para o \u201cEstudantil\u201d - Revista Regional\" \/>\n<meta property=\"og:description\" content=\"O tradicional concurso \u201cGaroto e Garota Estudantil \u2013 vers\u00e3o 2013\u201d j\u00e1 est\u00e1 selecionando os candidatos e candidatas que participar\u00e3o da grande final deste evento que \u00e9 promovido pela \u201cFeticheModels\u201d e dirigido pelo manager Sandro Bergamo. H\u00e1 18 anos o concurso tem descoberto grandes talentos para o mercado nacional e internacional. Neste ano, o evento ser\u00e1 [&hellip;]\" \/>\n<meta property=\"og:url\" content=\"https:\/\/revistaregional.com.br\/site\/2013\/05\/10\/abertas-inscricoes-para-garoto-e-garota-estudantil\/\" \/>\n<meta property=\"og:site_name\" content=\"Revista Regional\" \/>\n<meta property=\"article:published_time\" content=\"2013-05-10T16:48:10+00:00\" \/>\n<meta property=\"article:modified_time\" content=\"2024-01-26T12:57:27+00:00\" \/>\n<meta property=\"og:image\" content=\"https:\/\/revistaregional.com.br\/site\/wp-content\/uploads\/2013\/05\/GEB_98951.jpg\" \/>\n\t<meta property=\"og:image:width\" content=\"640\" \/>\n\t<meta property=\"og:image:height\" content=\"426\" \/>\n\t<meta property=\"og:image:type\" content=\"image\/jpeg\" \/>\n<meta name=\"author\" content=\"contato@revistaregional.com.br\" \/>\n<meta name=\"twitter:card\" content=\"summary_large_image\" \/>\n<meta name=\"twitter:label1\" content=\"Escrito por\" \/>\n\t<meta name=\"twitter:data1\" content=\"contato@revistaregional.com.br\" \/>\n\t<meta name=\"twitter:label2\" content=\"Est. tempo de leitura\" \/>\n\t<meta name=\"twitter:data2\" content=\"2 minutos\" \/>\n<script type=\"application\/ld+json\" class=\"yoast-schema-graph\">{\"@context\":\"https:\\\/\\\/schema.org\",\"@graph\":[{\"@type\":\"Article\",\"@id\":\"https:\\\/\\\/revistaregional.com.br\\\/site\\\/2013\\\/05\\\/10\\\/abertas-inscricoes-para-garoto-e-garota-estudantil\\\/#article\",\"isPartOf\":{\"@id\":\"https:\\\/\\\/revistaregional.com.br\\\/site\\\/2013\\\/05\\\/10\\\/abertas-inscricoes-para-garoto-e-garota-estudantil\\\/\"},\"author\":{\"name\":\"contato@revistaregional.com.br\",\"@id\":\"https:\\\/\\\/revistaregional.com.br\\\/site\\\/#\\\/schema\\\/person\\\/382af97c580dc1b18f55107bc316010d\"},\"headline\":\"Abertas inscri\u00e7\u00f5es para o \u201cEstudantil\u201d\",\"datePublished\":\"2013-05-10T16:48:10+00:00\",\"dateModified\":\"2024-01-26T12:57:27+00:00\",\"mainEntityOfPage\":{\"@id\":\"https:\\\/\\\/revistaregional.com.br\\\/site\\\/2013\\\/05\\\/10\\\/abertas-inscricoes-para-garoto-e-garota-estudantil\\\/\"},\"wordCount\":391,\"commentCount\":0,\"image\":{\"@id\":\"https:\\\/\\\/revistaregional.com.br\\\/site\\\/2013\\\/05\\\/10\\\/abertas-inscricoes-para-garoto-e-garota-estudantil\\\/#primaryimage\"},\"thumbnailUrl\":\"https:\\\/\\\/revistaregional.com.br\\\/site\\\/wp-content\\\/uploads\\\/2013\\\/05\\\/GEB_98951.jpg\",\"keywords\":[\"Regionais\"],\"articleSection\":[\"Destaques\",\"Regionais\"],\"inLanguage\":\"pt-BR\",\"potentialAction\":[{\"@type\":\"CommentAction\",\"name\":\"Comment\",\"target\":[\"https:\\\/\\\/revistaregional.com.br\\\/site\\\/2013\\\/05\\\/10\\\/abertas-inscricoes-para-garoto-e-garota-estudantil\\\/#respond\"]}]},{\"@type\":\"WebPage\",\"@id\":\"https:\\\/\\\/revistaregional.com.br\\\/site\\\/2013\\\/05\\\/10\\\/abertas-inscricoes-para-garoto-e-garota-estudantil\\\/\",\"url\":\"https:\\\/\\\/revistaregional.com.br\\\/site\\\/2013\\\/05\\\/10\\\/abertas-inscricoes-para-garoto-e-garota-estudantil\\\/\",\"name\":\"Abertas inscri\u00e7\u00f5es para o \u201cEstudantil\u201d - Revista Regional\",\"isPartOf\":{\"@id\":\"https:\\\/\\\/revistaregional.com.br\\\/site\\\/#website\"},\"primaryImageOfPage\":{\"@id\":\"https:\\\/\\\/revistaregional.com.br\\\/site\\\/2013\\\/05\\\/10\\\/abertas-inscricoes-para-garoto-e-garota-estudantil\\\/#primaryimage\"},\"image\":{\"@id\":\"https:\\\/\\\/revistaregional.com.br\\\/site\\\/2013\\\/05\\\/10\\\/abertas-inscricoes-para-garoto-e-garota-estudantil\\\/#primaryimage\"},\"thumbnailUrl\":\"https:\\\/\\\/revistaregional.com.br\\\/site\\\/wp-content\\\/uploads\\\/2013\\\/05\\\/GEB_98951.jpg\",\"datePublished\":\"2013-05-10T16:48:10+00:00\",\"dateModified\":\"2024-01-26T12:57:27+00:00\",\"author\":{\"@id\":\"https:\\\/\\\/revistaregional.com.br\\\/site\\\/#\\\/schema\\\/person\\\/382af97c580dc1b18f55107bc316010d\"},\"breadcrumb\":{\"@id\":\"https:\\\/\\\/revistaregional.com.br\\\/site\\\/2013\\\/05\\\/10\\\/abertas-inscricoes-para-garoto-e-garota-estudantil\\\/#breadcrumb\"},\"inLanguage\":\"pt-BR\",\"potentialAction\":[{\"@type\":\"ReadAction\",\"target\":[\"https:\\\/\\\/revistaregional.com.br\\\/site\\\/2013\\\/05\\\/10\\\/abertas-inscricoes-para-garoto-e-garota-estudantil\\\/\"]}]},{\"@type\":\"ImageObject\",\"inLanguage\":\"pt-BR\",\"@id\":\"https:\\\/\\\/revistaregional.com.br\\\/site\\\/2013\\\/05\\\/10\\\/abertas-inscricoes-para-garoto-e-garota-estudantil\\\/#primaryimage\",\"url\":\"https:\\\/\\\/revistaregional.com.br\\\/site\\\/wp-content\\\/uploads\\\/2013\\\/05\\\/GEB_98951.jpg\",\"contentUrl\":\"https:\\\/\\\/revistaregional.com.br\\\/site\\\/wp-content\\\/uploads\\\/2013\\\/05\\\/GEB_98951.jpg\",\"width\":\"640\",\"height\":\"426\"},{\"@type\":\"BreadcrumbList\",\"@id\":\"https:\\\/\\\/revistaregional.com.br\\\/site\\\/2013\\\/05\\\/10\\\/abertas-inscricoes-para-garoto-e-garota-estudantil\\\/#breadcrumb\",\"itemListElement\":[{\"@type\":\"ListItem\",\"position\":1,\"name\":\"In\u00edcio\",\"item\":\"https:\\\/\\\/revistaregional.com.br\\\/site\\\/\"},{\"@type\":\"ListItem\",\"position\":2,\"name\":\"Abertas inscri\u00e7\u00f5es para o \u201cEstudantil\u201d\"}]},{\"@type\":\"WebSite\",\"@id\":\"https:\\\/\\\/revistaregional.com.br\\\/site\\\/#website\",\"url\":\"https:\\\/\\\/revistaregional.com.br\\\/site\\\/\",\"name\":\"Revista Regional\",\"description\":\"Salto - Itu - Indaituba\",\"potentialAction\":[{\"@type\":\"SearchAction\",\"target\":{\"@type\":\"EntryPoint\",\"urlTemplate\":\"https:\\\/\\\/revistaregional.com.br\\\/site\\\/?s={search_term_string}\"},\"query-input\":{\"@type\":\"PropertyValueSpecification\",\"valueRequired\":true,\"valueName\":\"search_term_string\"}}],\"inLanguage\":\"pt-BR\"},{\"@type\":\"Person\",\"@id\":\"https:\\\/\\\/revistaregional.com.br\\\/site\\\/#\\\/schema\\\/person\\\/382af97c580dc1b18f55107bc316010d\",\"name\":\"contato@revistaregional.com.br\",\"image\":{\"@type\":\"ImageObject\",\"inLanguage\":\"pt-BR\",\"@id\":\"https:\\\/\\\/secure.gravatar.com\\\/avatar\\\/869822917e96b2e292d5827e4635855396934485e7c4a0af84e9a214e32ca0cd?s=96&d=mm&r=g\",\"url\":\"https:\\\/\\\/secure.gravatar.com\\\/avatar\\\/869822917e96b2e292d5827e4635855396934485e7c4a0af84e9a214e32ca0cd?s=96&d=mm&r=g\",\"contentUrl\":\"https:\\\/\\\/secure.gravatar.com\\\/avatar\\\/869822917e96b2e292d5827e4635855396934485e7c4a0af84e9a214e32ca0cd?s=96&d=mm&r=g\",\"caption\":\"contato@revistaregional.com.br\"},\"url\":\"https:\\\/\\\/revistaregional.com.br\\\/site\\\/author\\\/contato@revistaregional.com.br\\\/\"}]}<\/script>\n<!-- \/ Yoast SEO plugin. -->","yoast_head_json":{"title":"Abertas inscri\u00e7\u00f5es para o \u201cEstudantil\u201d - Revista Regional","robots":{"index":"index","follow":"follow","max-snippet":"max-snippet:-1","max-image-preview":"max-image-preview:large","max-video-preview":"max-video-preview:-1"},"canonical":"https:\/\/revistaregional.com.br\/site\/2013\/05\/10\/abertas-inscricoes-para-garoto-e-garota-estudantil\/","og_locale":"pt_BR","og_type":"article","og_title":"Abertas inscri\u00e7\u00f5es para o \u201cEstudantil\u201d - Revista Regional","og_description":"O tradicional concurso \u201cGaroto e Garota Estudantil \u2013 vers\u00e3o 2013\u201d j\u00e1 est\u00e1 selecionando os candidatos e candidatas que participar\u00e3o da grande final deste evento que \u00e9 promovido pela \u201cFeticheModels\u201d e dirigido pelo manager Sandro Bergamo. H\u00e1 18 anos o concurso tem descoberto grandes talentos para o mercado nacional e internacional. Neste ano, o evento ser\u00e1 [&hellip;]","og_url":"https:\/\/revistaregional.com.br\/site\/2013\/05\/10\/abertas-inscricoes-para-garoto-e-garota-estudantil\/","og_site_name":"Revista Regional","article_published_time":"2013-05-10T16:48:10+00:00","article_modified_time":"2024-01-26T12:57:27+00:00","og_image":[{"width":640,"height":426,"url":"https:\/\/revistaregional.com.br\/site\/wp-content\/uploads\/2013\/05\/GEB_98951.jpg","type":"image\/jpeg"}],"author":"contato@revistaregional.com.br","twitter_card":"summary_large_image","twitter_misc":{"Escrito por":"contato@revistaregional.com.br","Est. tempo de leitura":"2 minutos"},"schema":{"@context":"https:\/\/schema.org","@graph":[{"@type":"Article","@id":"https:\/\/revistaregional.com.br\/site\/2013\/05\/10\/abertas-inscricoes-para-garoto-e-garota-estudantil\/#article","isPartOf":{"@id":"https:\/\/revistaregional.com.br\/site\/2013\/05\/10\/abertas-inscricoes-para-garoto-e-garota-estudantil\/"},"author":{"name":"contato@revistaregional.com.br","@id":"https:\/\/revistaregional.com.br\/site\/#\/schema\/person\/382af97c580dc1b18f55107bc316010d"},"headline":"Abertas inscri\u00e7\u00f5es para o \u201cEstudantil\u201d","datePublished":"2013-05-10T16:48:10+00:00","dateModified":"2024-01-26T12:57:27+00:00","mainEntityOfPage":{"@id":"https:\/\/revistaregional.com.br\/site\/2013\/05\/10\/abertas-inscricoes-para-garoto-e-garota-estudantil\/"},"wordCount":391,"commentCount":0,"image":{"@id":"https:\/\/revistaregional.com.br\/site\/2013\/05\/10\/abertas-inscricoes-para-garoto-e-garota-estudantil\/#primaryimage"},"thumbnailUrl":"https:\/\/revistaregional.com.br\/site\/wp-content\/uploads\/2013\/05\/GEB_98951.jpg","keywords":["Regionais"],"articleSection":["Destaques","Regionais"],"inLanguage":"pt-BR","potentialAction":[{"@type":"CommentAction","name":"Comment","target":["https:\/\/revistaregional.com.br\/site\/2013\/05\/10\/abertas-inscricoes-para-garoto-e-garota-estudantil\/#respond"]}]},{"@type":"WebPage","@id":"https:\/\/revistaregional.com.br\/site\/2013\/05\/10\/abertas-inscricoes-para-garoto-e-garota-estudantil\/","url":"https:\/\/revistaregional.com.br\/site\/2013\/05\/10\/abertas-inscricoes-para-garoto-e-garota-estudantil\/","name":"Abertas inscri\u00e7\u00f5es para o \u201cEstudantil\u201d - Revista Regional","isPartOf":{"@id":"https:\/\/revistaregional.com.br\/site\/#website"},"primaryImageOfPage":{"@id":"https:\/\/revistaregional.com.br\/site\/2013\/05\/10\/abertas-inscricoes-para-garoto-e-garota-estudantil\/#primaryimage"},"image":{"@id":"https:\/\/revistaregional.com.br\/site\/2013\/05\/10\/abertas-inscricoes-para-garoto-e-garota-estudantil\/#primaryimage"},"thumbnailUrl":"https:\/\/revistaregional.com.br\/site\/wp-content\/uploads\/2013\/05\/GEB_98951.jpg","datePublished":"2013-05-10T16:48:10+00:00","dateModified":"2024-01-26T12:57:27+00:00","author":{"@id":"https:\/\/revistaregional.com.br\/site\/#\/schema\/person\/382af97c580dc1b18f55107bc316010d"},"breadcrumb":{"@id":"https:\/\/revistaregional.com.br\/site\/2013\/05\/10\/abertas-inscricoes-para-garoto-e-garota-estudantil\/#breadcrumb"},"inLanguage":"pt-BR","potentialAction":[{"@type":"ReadAction","target":["https:\/\/revistaregional.com.br\/site\/2013\/05\/10\/abertas-inscricoes-para-garoto-e-garota-estudantil\/"]}]},{"@type":"ImageObject","inLanguage":"pt-BR","@id":"https:\/\/revistaregional.com.br\/site\/2013\/05\/10\/abertas-inscricoes-para-garoto-e-garota-estudantil\/#primaryimage","url":"https:\/\/revistaregional.com.br\/site\/wp-content\/uploads\/2013\/05\/GEB_98951.jpg","contentUrl":"https:\/\/revistaregional.com.br\/site\/wp-content\/uploads\/2013\/05\/GEB_98951.jpg","width":"640","height":"426"},{"@type":"BreadcrumbList","@id":"https:\/\/revistaregional.com.br\/site\/2013\/05\/10\/abertas-inscricoes-para-garoto-e-garota-estudantil\/#breadcrumb","itemListElement":[{"@type":"ListItem","position":1,"name":"In\u00edcio","item":"https:\/\/revistaregional.com.br\/site\/"},{"@type":"ListItem","position":2,"name":"Abertas inscri\u00e7\u00f5es para o \u201cEstudantil\u201d"}]},{"@type":"WebSite","@id":"https:\/\/revistaregional.com.br\/site\/#website","url":"https:\/\/revistaregional.com.br\/site\/","name":"Revista Regional","description":"Salto - Itu - Indaituba","potentialAction":[{"@type":"SearchAction","target":{"@type":"EntryPoint","urlTemplate":"https:\/\/revistaregional.com.br\/site\/?s={search_term_string}"},"query-input":{"@type":"PropertyValueSpecification","valueRequired":true,"valueName":"search_term_string"}}],"inLanguage":"pt-BR"},{"@type":"Person","@id":"https:\/\/revistaregional.com.br\/site\/#\/schema\/person\/382af97c580dc1b18f55107bc316010d","name":"contato@revistaregional.com.br","image":{"@type":"ImageObject","inLanguage":"pt-BR","@id":"https:\/\/secure.gravatar.com\/avatar\/869822917e96b2e292d5827e4635855396934485e7c4a0af84e9a214e32ca0cd?s=96&d=mm&r=g","url":"https:\/\/secure.gravatar.com\/avatar\/869822917e96b2e292d5827e4635855396934485e7c4a0af84e9a214e32ca0cd?s=96&d=mm&r=g","contentUrl":"https:\/\/secure.gravatar.com\/avatar\/869822917e96b2e292d5827e4635855396934485e7c4a0af84e9a214e32ca0cd?s=96&d=mm&r=g","caption":"contato@revistaregional.com.br"},"url":"https:\/\/revistaregional.com.br\/site\/author\/contato@revistaregional.com.br\/"}]}},"views":93,"_links":{"self":[{"href":"https:\/\/revistaregional.com.br\/site\/wp-json\/wp\/v2\/posts\/4780","targetHints":{"allow":["GET"]}}],"collection":[{"href":"https:\/\/revistaregional.com.br\/site\/wp-json\/wp\/v2\/posts"}],"about":[{"href":"https:\/\/revistaregional.com.br\/site\/wp-json\/wp\/v2\/types\/post"}],"author":[{"embeddable":true,"href":"https:\/\/revistaregional.com.br\/site\/wp-json\/wp\/v2\/users\/1"}],"replies":[{"embeddable":true,"href":"https:\/\/revistaregional.com.br\/site\/wp-json\/wp\/v2\/comments?post=4780"}],"version-history":[{"count":5,"href":"https:\/\/revistaregional.com.br\/site\/wp-json\/wp\/v2\/posts\/4780\/revisions"}],"predecessor-version":[{"id":32334,"href":"https:\/\/revistaregional.com.br\/site\/wp-json\/wp\/v2\/posts\/4780\/revisions\/32334"}],"wp:featuredmedia":[{"embeddable":true,"href":"https:\/\/revistaregional.com.br\/site\/wp-json\/wp\/v2\/media\/4789"}],"wp:attachment":[{"href":"https:\/\/revistaregional.com.br\/site\/wp-json\/wp\/v2\/media?parent=4780"}],"wp:term":[{"taxonomy":"category","embeddable":true,"href":"https:\/\/revistaregional.com.br\/site\/wp-json\/wp\/v2\/categories?post=4780"},{"taxonomy":"post_tag","embeddable":true,"href":"https:\/\/revistaregional.com.br\/site\/wp-json\/wp\/v2\/tags?post=4780"}],"curies":[{"name":"wp","href":"https:\/\/api.w.org\/{rel}","templated":true}]}}