{"id":4749,"date":"2013-05-06T16:16:04","date_gmt":"2013-05-06T19:16:04","guid":{"rendered":"http:\/\/revistaregional.com.br\/site\/?p=4749"},"modified":"2024-01-26T10:54:47","modified_gmt":"2024-01-26T13:54:47","slug":"sucesso-na-web-dilmais-estara-em-salto","status":"publish","type":"post","link":"https:\/\/revistaregional.com.br\/site\/2013\/05\/06\/sucesso-na-web-dilmais-estara-em-salto\/","title":{"rendered":"Sucesso na web, \u201cDilmais\u201d estar\u00e1 em Salto"},"content":{"rendered":"<p>&nbsp;<\/p>\n<figure id=\"attachment_4750\" aria-describedby=\"caption-attachment-4750\" style=\"width: 302px\" class=\"wp-caption aligncenter\"><a href=\"http:\/\/revistaregional.com.br\/site\/wp-content\/uploads\/2013\/05\/cultura-dilmais.jpg\" rel=\"attachment wp-att-4750\"><img fetchpriority=\"high\" decoding=\"async\" class=\" wp-image-4750 \" src=\"http:\/\/revistaregional.com.br\/site\/wp-content\/uploads\/2013\/05\/cultura-dilmais.jpg\" alt=\"\" width=\"302\" height=\"288\" srcset=\"https:\/\/revistaregional.com.br\/site\/wp-content\/uploads\/2013\/05\/cultura-dilmais.jpg 504w, https:\/\/revistaregional.com.br\/site\/wp-content\/uploads\/2013\/05\/cultura-dilmais-300x285.jpg 300w\" sizes=\"(max-width: 302px) 100vw, 302px\" \/><\/a><figcaption id=\"caption-attachment-4750\" class=\"wp-caption-text\">Gustavo Mendes \u00e9 atra\u00e7\u00e3o em Salto com apoio de Revista Regional<\/figcaption><\/figure>\n<p>A Teatro GT, com apoio da Revista Regional, traz direto da TV Globo para Salto, o ator Gustavo Mendes com seu show de humor \u201cMais que Dilmais\u201d. Em uma \u00fanica apresenta\u00e7\u00e3o dia 17 de maio, \u00e0s 21h, na Sala Palma de Ouro, o comediante promete arrancar boas risadas do p\u00fablico com sua famosa imita\u00e7\u00e3o da presidente Dilma Rousseff. Com apenas 23 anos, Gustavo Mendes \u00e9 a mais recente revela\u00e7\u00e3o do humor nacional. No ano de 2012 foi contratado pela TV Globo para integrar o elenco de \u201cCasseta &amp; Planeta Vai Fundo\u201d, onde imitava a presidente Dilma, e esse ano recebeu um convite para fazer parte do humor\u00edstico \u201cZorra Total\u201d, tamb\u00e9m na TV Globo. No show \u201cMais que Dilmais\u201d, ele apresenta uma compila\u00e7\u00e3o dos seus melhores textos, piadas, performances musicais e, claro, a imita\u00e7\u00e3o da presidente Dilma, personagem que lhe rendeu fama nacional, ap\u00f3s passar 12 milh\u00f5es de visualiza\u00e7\u00f5es no YouTube. Por sua imita\u00e7\u00e3o da presidente j\u00e1 recebeu elogios do escritor Lu\u00eds Fernando Ver\u00edssimo, do humorista Cl\u00e1udio Manoel \u201cCasseta\u201d e at\u00e9 mesmo da pr\u00f3pria presidente da Rep\u00fablica, em entrevista ao \u201cGlobo News em Pauta\u201d. Leitores de Revista Regional t\u00eam desconto na compra do ingresso. Basta recortar o cupom publicado nesta edi\u00e7\u00e3o.<\/p>\n<p><strong>\u00a0<\/strong><strong>MAIS:<\/strong> Sala Palma de Ouro \u2013 rua Prudente de Moraes, 580 \u2013 Centro \u2013 Salto. Informa\u00e7\u00f5es: (11) 4602-8693 ou <a href=\"http:\/\/www.teatrogt.com.br\/\" target=\"_blank\" rel=\"noopener\">www.teatrogt.com.br<\/a><\/p>\n<p><em>foto: Divulga\u00e7\u00e3o<\/em><\/p>\n","protected":false},"excerpt":{"rendered":"<p>&nbsp; A Teatro GT, com apoio da Revista Regional, traz direto da TV Globo para Salto, o ator Gustavo Mendes com seu show de humor \u201cMais que Dilmais\u201d. Em uma \u00fanica apresenta\u00e7\u00e3o dia 17 de maio, \u00e0s 21h, na Sala Palma de Ouro, o comediante promete arrancar boas risadas do p\u00fablico com sua famosa imita\u00e7\u00e3o [&hellip;]<\/p>\n","protected":false},"author":1,"featured_media":4751,"comment_status":"open","ping_status":"open","sticky":false,"template":"","format":"standard","meta":{"_acf_changed":false,"ngg_post_thumbnail":0,"_joinchat":[],"footnotes":""},"categories":[4],"tags":[533],"class_list":["post-4749","post","type-post","status-publish","format-standard","has-post-thumbnail","hentry","category-cultura","tag-cultura"],"acf":[],"yoast_head":"<!-- This site is optimized with the Yoast SEO plugin v27.4 - https:\/\/yoast.com\/product\/yoast-seo-wordpress\/ -->\n<title>Sucesso na web, \u201cDilmais\u201d estar\u00e1 em Salto - Revista Regional<\/title>\n<meta name=\"robots\" content=\"index, follow, max-snippet:-1, max-image-preview:large, max-video-preview:-1\" \/>\n<link rel=\"canonical\" href=\"https:\/\/revistaregional.com.br\/site\/2013\/05\/06\/sucesso-na-web-dilmais-estara-em-salto\/\" \/>\n<meta property=\"og:locale\" content=\"pt_BR\" \/>\n<meta property=\"og:type\" content=\"article\" \/>\n<meta property=\"og:title\" content=\"Sucesso na web, \u201cDilmais\u201d estar\u00e1 em Salto - Revista Regional\" \/>\n<meta property=\"og:description\" content=\"&nbsp; A Teatro GT, com apoio da Revista Regional, traz direto da TV Globo para Salto, o ator Gustavo Mendes com seu show de humor \u201cMais que Dilmais\u201d. Em uma \u00fanica apresenta\u00e7\u00e3o dia 17 de maio, \u00e0s 21h, na Sala Palma de Ouro, o comediante promete arrancar boas risadas do p\u00fablico com sua famosa imita\u00e7\u00e3o [&hellip;]\" \/>\n<meta property=\"og:url\" content=\"https:\/\/revistaregional.com.br\/site\/2013\/05\/06\/sucesso-na-web-dilmais-estara-em-salto\/\" \/>\n<meta property=\"og:site_name\" content=\"Revista Regional\" \/>\n<meta property=\"article:published_time\" content=\"2013-05-06T19:16:04+00:00\" \/>\n<meta property=\"article:modified_time\" content=\"2024-01-26T13:54:47+00:00\" \/>\n<meta property=\"og:image\" content=\"https:\/\/revistaregional.com.br\/site\/wp-content\/uploads\/2013\/05\/cultura-dilmais1.jpg\" \/>\n\t<meta property=\"og:image:width\" content=\"504\" \/>\n\t<meta property=\"og:image:height\" content=\"296\" \/>\n\t<meta property=\"og:image:type\" content=\"image\/jpeg\" \/>\n<meta name=\"author\" content=\"contato@revistaregional.com.br\" \/>\n<meta name=\"twitter:card\" content=\"summary_large_image\" \/>\n<meta name=\"twitter:label1\" content=\"Escrito por\" \/>\n\t<meta name=\"twitter:data1\" content=\"contato@revistaregional.com.br\" \/>\n\t<meta name=\"twitter:label2\" content=\"Est. tempo de leitura\" \/>\n\t<meta name=\"twitter:data2\" content=\"1 minuto\" \/>\n<script type=\"application\/ld+json\" class=\"yoast-schema-graph\">{\"@context\":\"https:\\\/\\\/schema.org\",\"@graph\":[{\"@type\":\"Article\",\"@id\":\"https:\\\/\\\/revistaregional.com.br\\\/site\\\/2013\\\/05\\\/06\\\/sucesso-na-web-dilmais-estara-em-salto\\\/#article\",\"isPartOf\":{\"@id\":\"https:\\\/\\\/revistaregional.com.br\\\/site\\\/2013\\\/05\\\/06\\\/sucesso-na-web-dilmais-estara-em-salto\\\/\"},\"author\":{\"name\":\"contato@revistaregional.com.br\",\"@id\":\"https:\\\/\\\/revistaregional.com.br\\\/site\\\/#\\\/schema\\\/person\\\/382af97c580dc1b18f55107bc316010d\"},\"headline\":\"Sucesso na web, \u201cDilmais\u201d estar\u00e1 em Salto\",\"datePublished\":\"2013-05-06T19:16:04+00:00\",\"dateModified\":\"2024-01-26T13:54:47+00:00\",\"mainEntityOfPage\":{\"@id\":\"https:\\\/\\\/revistaregional.com.br\\\/site\\\/2013\\\/05\\\/06\\\/sucesso-na-web-dilmais-estara-em-salto\\\/\"},\"wordCount\":262,\"commentCount\":0,\"image\":{\"@id\":\"https:\\\/\\\/revistaregional.com.br\\\/site\\\/2013\\\/05\\\/06\\\/sucesso-na-web-dilmais-estara-em-salto\\\/#primaryimage\"},\"thumbnailUrl\":\"https:\\\/\\\/revistaregional.com.br\\\/site\\\/wp-content\\\/uploads\\\/2013\\\/05\\\/cultura-dilmais1.jpg\",\"keywords\":[\"Cultura\"],\"articleSection\":[\"Cultura\"],\"inLanguage\":\"pt-BR\",\"potentialAction\":[{\"@type\":\"CommentAction\",\"name\":\"Comment\",\"target\":[\"https:\\\/\\\/revistaregional.com.br\\\/site\\\/2013\\\/05\\\/06\\\/sucesso-na-web-dilmais-estara-em-salto\\\/#respond\"]}]},{\"@type\":\"WebPage\",\"@id\":\"https:\\\/\\\/revistaregional.com.br\\\/site\\\/2013\\\/05\\\/06\\\/sucesso-na-web-dilmais-estara-em-salto\\\/\",\"url\":\"https:\\\/\\\/revistaregional.com.br\\\/site\\\/2013\\\/05\\\/06\\\/sucesso-na-web-dilmais-estara-em-salto\\\/\",\"name\":\"Sucesso na web, \u201cDilmais\u201d estar\u00e1 em Salto - Revista Regional\",\"isPartOf\":{\"@id\":\"https:\\\/\\\/revistaregional.com.br\\\/site\\\/#website\"},\"primaryImageOfPage\":{\"@id\":\"https:\\\/\\\/revistaregional.com.br\\\/site\\\/2013\\\/05\\\/06\\\/sucesso-na-web-dilmais-estara-em-salto\\\/#primaryimage\"},\"image\":{\"@id\":\"https:\\\/\\\/revistaregional.com.br\\\/site\\\/2013\\\/05\\\/06\\\/sucesso-na-web-dilmais-estara-em-salto\\\/#primaryimage\"},\"thumbnailUrl\":\"https:\\\/\\\/revistaregional.com.br\\\/site\\\/wp-content\\\/uploads\\\/2013\\\/05\\\/cultura-dilmais1.jpg\",\"datePublished\":\"2013-05-06T19:16:04+00:00\",\"dateModified\":\"2024-01-26T13:54:47+00:00\",\"author\":{\"@id\":\"https:\\\/\\\/revistaregional.com.br\\\/site\\\/#\\\/schema\\\/person\\\/382af97c580dc1b18f55107bc316010d\"},\"breadcrumb\":{\"@id\":\"https:\\\/\\\/revistaregional.com.br\\\/site\\\/2013\\\/05\\\/06\\\/sucesso-na-web-dilmais-estara-em-salto\\\/#breadcrumb\"},\"inLanguage\":\"pt-BR\",\"potentialAction\":[{\"@type\":\"ReadAction\",\"target\":[\"https:\\\/\\\/revistaregional.com.br\\\/site\\\/2013\\\/05\\\/06\\\/sucesso-na-web-dilmais-estara-em-salto\\\/\"]}]},{\"@type\":\"ImageObject\",\"inLanguage\":\"pt-BR\",\"@id\":\"https:\\\/\\\/revistaregional.com.br\\\/site\\\/2013\\\/05\\\/06\\\/sucesso-na-web-dilmais-estara-em-salto\\\/#primaryimage\",\"url\":\"https:\\\/\\\/revistaregional.com.br\\\/site\\\/wp-content\\\/uploads\\\/2013\\\/05\\\/cultura-dilmais1.jpg\",\"contentUrl\":\"https:\\\/\\\/revistaregional.com.br\\\/site\\\/wp-content\\\/uploads\\\/2013\\\/05\\\/cultura-dilmais1.jpg\",\"width\":\"504\",\"height\":\"296\"},{\"@type\":\"BreadcrumbList\",\"@id\":\"https:\\\/\\\/revistaregional.com.br\\\/site\\\/2013\\\/05\\\/06\\\/sucesso-na-web-dilmais-estara-em-salto\\\/#breadcrumb\",\"itemListElement\":[{\"@type\":\"ListItem\",\"position\":1,\"name\":\"In\u00edcio\",\"item\":\"https:\\\/\\\/revistaregional.com.br\\\/site\\\/\"},{\"@type\":\"ListItem\",\"position\":2,\"name\":\"Sucesso na web, \u201cDilmais\u201d estar\u00e1 em Salto\"}]},{\"@type\":\"WebSite\",\"@id\":\"https:\\\/\\\/revistaregional.com.br\\\/site\\\/#website\",\"url\":\"https:\\\/\\\/revistaregional.com.br\\\/site\\\/\",\"name\":\"Revista Regional\",\"description\":\"Salto - Itu - Indaituba\",\"potentialAction\":[{\"@type\":\"SearchAction\",\"target\":{\"@type\":\"EntryPoint\",\"urlTemplate\":\"https:\\\/\\\/revistaregional.com.br\\\/site\\\/?s={search_term_string}\"},\"query-input\":{\"@type\":\"PropertyValueSpecification\",\"valueRequired\":true,\"valueName\":\"search_term_string\"}}],\"inLanguage\":\"pt-BR\"},{\"@type\":\"Person\",\"@id\":\"https:\\\/\\\/revistaregional.com.br\\\/site\\\/#\\\/schema\\\/person\\\/382af97c580dc1b18f55107bc316010d\",\"name\":\"contato@revistaregional.com.br\",\"image\":{\"@type\":\"ImageObject\",\"inLanguage\":\"pt-BR\",\"@id\":\"https:\\\/\\\/secure.gravatar.com\\\/avatar\\\/869822917e96b2e292d5827e4635855396934485e7c4a0af84e9a214e32ca0cd?s=96&d=mm&r=g\",\"url\":\"https:\\\/\\\/secure.gravatar.com\\\/avatar\\\/869822917e96b2e292d5827e4635855396934485e7c4a0af84e9a214e32ca0cd?s=96&d=mm&r=g\",\"contentUrl\":\"https:\\\/\\\/secure.gravatar.com\\\/avatar\\\/869822917e96b2e292d5827e4635855396934485e7c4a0af84e9a214e32ca0cd?s=96&d=mm&r=g\",\"caption\":\"contato@revistaregional.com.br\"},\"url\":\"https:\\\/\\\/revistaregional.com.br\\\/site\\\/author\\\/contato@revistaregional.com.br\\\/\"}]}<\/script>\n<!-- \/ Yoast SEO plugin. -->","yoast_head_json":{"title":"Sucesso na web, \u201cDilmais\u201d estar\u00e1 em Salto - Revista Regional","robots":{"index":"index","follow":"follow","max-snippet":"max-snippet:-1","max-image-preview":"max-image-preview:large","max-video-preview":"max-video-preview:-1"},"canonical":"https:\/\/revistaregional.com.br\/site\/2013\/05\/06\/sucesso-na-web-dilmais-estara-em-salto\/","og_locale":"pt_BR","og_type":"article","og_title":"Sucesso na web, \u201cDilmais\u201d estar\u00e1 em Salto - Revista Regional","og_description":"&nbsp; A Teatro GT, com apoio da Revista Regional, traz direto da TV Globo para Salto, o ator Gustavo Mendes com seu show de humor \u201cMais que Dilmais\u201d. Em uma \u00fanica apresenta\u00e7\u00e3o dia 17 de maio, \u00e0s 21h, na Sala Palma de Ouro, o comediante promete arrancar boas risadas do p\u00fablico com sua famosa imita\u00e7\u00e3o [&hellip;]","og_url":"https:\/\/revistaregional.com.br\/site\/2013\/05\/06\/sucesso-na-web-dilmais-estara-em-salto\/","og_site_name":"Revista Regional","article_published_time":"2013-05-06T19:16:04+00:00","article_modified_time":"2024-01-26T13:54:47+00:00","og_image":[{"width":504,"height":296,"url":"https:\/\/revistaregional.com.br\/site\/wp-content\/uploads\/2013\/05\/cultura-dilmais1.jpg","type":"image\/jpeg"}],"author":"contato@revistaregional.com.br","twitter_card":"summary_large_image","twitter_misc":{"Escrito por":"contato@revistaregional.com.br","Est. tempo de leitura":"1 minuto"},"schema":{"@context":"https:\/\/schema.org","@graph":[{"@type":"Article","@id":"https:\/\/revistaregional.com.br\/site\/2013\/05\/06\/sucesso-na-web-dilmais-estara-em-salto\/#article","isPartOf":{"@id":"https:\/\/revistaregional.com.br\/site\/2013\/05\/06\/sucesso-na-web-dilmais-estara-em-salto\/"},"author":{"name":"contato@revistaregional.com.br","@id":"https:\/\/revistaregional.com.br\/site\/#\/schema\/person\/382af97c580dc1b18f55107bc316010d"},"headline":"Sucesso na web, \u201cDilmais\u201d estar\u00e1 em Salto","datePublished":"2013-05-06T19:16:04+00:00","dateModified":"2024-01-26T13:54:47+00:00","mainEntityOfPage":{"@id":"https:\/\/revistaregional.com.br\/site\/2013\/05\/06\/sucesso-na-web-dilmais-estara-em-salto\/"},"wordCount":262,"commentCount":0,"image":{"@id":"https:\/\/revistaregional.com.br\/site\/2013\/05\/06\/sucesso-na-web-dilmais-estara-em-salto\/#primaryimage"},"thumbnailUrl":"https:\/\/revistaregional.com.br\/site\/wp-content\/uploads\/2013\/05\/cultura-dilmais1.jpg","keywords":["Cultura"],"articleSection":["Cultura"],"inLanguage":"pt-BR","potentialAction":[{"@type":"CommentAction","name":"Comment","target":["https:\/\/revistaregional.com.br\/site\/2013\/05\/06\/sucesso-na-web-dilmais-estara-em-salto\/#respond"]}]},{"@type":"WebPage","@id":"https:\/\/revistaregional.com.br\/site\/2013\/05\/06\/sucesso-na-web-dilmais-estara-em-salto\/","url":"https:\/\/revistaregional.com.br\/site\/2013\/05\/06\/sucesso-na-web-dilmais-estara-em-salto\/","name":"Sucesso na web, \u201cDilmais\u201d estar\u00e1 em Salto - Revista Regional","isPartOf":{"@id":"https:\/\/revistaregional.com.br\/site\/#website"},"primaryImageOfPage":{"@id":"https:\/\/revistaregional.com.br\/site\/2013\/05\/06\/sucesso-na-web-dilmais-estara-em-salto\/#primaryimage"},"image":{"@id":"https:\/\/revistaregional.com.br\/site\/2013\/05\/06\/sucesso-na-web-dilmais-estara-em-salto\/#primaryimage"},"thumbnailUrl":"https:\/\/revistaregional.com.br\/site\/wp-content\/uploads\/2013\/05\/cultura-dilmais1.jpg","datePublished":"2013-05-06T19:16:04+00:00","dateModified":"2024-01-26T13:54:47+00:00","author":{"@id":"https:\/\/revistaregional.com.br\/site\/#\/schema\/person\/382af97c580dc1b18f55107bc316010d"},"breadcrumb":{"@id":"https:\/\/revistaregional.com.br\/site\/2013\/05\/06\/sucesso-na-web-dilmais-estara-em-salto\/#breadcrumb"},"inLanguage":"pt-BR","potentialAction":[{"@type":"ReadAction","target":["https:\/\/revistaregional.com.br\/site\/2013\/05\/06\/sucesso-na-web-dilmais-estara-em-salto\/"]}]},{"@type":"ImageObject","inLanguage":"pt-BR","@id":"https:\/\/revistaregional.com.br\/site\/2013\/05\/06\/sucesso-na-web-dilmais-estara-em-salto\/#primaryimage","url":"https:\/\/revistaregional.com.br\/site\/wp-content\/uploads\/2013\/05\/cultura-dilmais1.jpg","contentUrl":"https:\/\/revistaregional.com.br\/site\/wp-content\/uploads\/2013\/05\/cultura-dilmais1.jpg","width":"504","height":"296"},{"@type":"BreadcrumbList","@id":"https:\/\/revistaregional.com.br\/site\/2013\/05\/06\/sucesso-na-web-dilmais-estara-em-salto\/#breadcrumb","itemListElement":[{"@type":"ListItem","position":1,"name":"In\u00edcio","item":"https:\/\/revistaregional.com.br\/site\/"},{"@type":"ListItem","position":2,"name":"Sucesso na web, \u201cDilmais\u201d estar\u00e1 em Salto"}]},{"@type":"WebSite","@id":"https:\/\/revistaregional.com.br\/site\/#website","url":"https:\/\/revistaregional.com.br\/site\/","name":"Revista Regional","description":"Salto - Itu - Indaituba","potentialAction":[{"@type":"SearchAction","target":{"@type":"EntryPoint","urlTemplate":"https:\/\/revistaregional.com.br\/site\/?s={search_term_string}"},"query-input":{"@type":"PropertyValueSpecification","valueRequired":true,"valueName":"search_term_string"}}],"inLanguage":"pt-BR"},{"@type":"Person","@id":"https:\/\/revistaregional.com.br\/site\/#\/schema\/person\/382af97c580dc1b18f55107bc316010d","name":"contato@revistaregional.com.br","image":{"@type":"ImageObject","inLanguage":"pt-BR","@id":"https:\/\/secure.gravatar.com\/avatar\/869822917e96b2e292d5827e4635855396934485e7c4a0af84e9a214e32ca0cd?s=96&d=mm&r=g","url":"https:\/\/secure.gravatar.com\/avatar\/869822917e96b2e292d5827e4635855396934485e7c4a0af84e9a214e32ca0cd?s=96&d=mm&r=g","contentUrl":"https:\/\/secure.gravatar.com\/avatar\/869822917e96b2e292d5827e4635855396934485e7c4a0af84e9a214e32ca0cd?s=96&d=mm&r=g","caption":"contato@revistaregional.com.br"},"url":"https:\/\/revistaregional.com.br\/site\/author\/contato@revistaregional.com.br\/"}]}},"views":47,"_links":{"self":[{"href":"https:\/\/revistaregional.com.br\/site\/wp-json\/wp\/v2\/posts\/4749","targetHints":{"allow":["GET"]}}],"collection":[{"href":"https:\/\/revistaregional.com.br\/site\/wp-json\/wp\/v2\/posts"}],"about":[{"href":"https:\/\/revistaregional.com.br\/site\/wp-json\/wp\/v2\/types\/post"}],"author":[{"embeddable":true,"href":"https:\/\/revistaregional.com.br\/site\/wp-json\/wp\/v2\/users\/1"}],"replies":[{"embeddable":true,"href":"https:\/\/revistaregional.com.br\/site\/wp-json\/wp\/v2\/comments?post=4749"}],"version-history":[{"count":2,"href":"https:\/\/revistaregional.com.br\/site\/wp-json\/wp\/v2\/posts\/4749\/revisions"}],"predecessor-version":[{"id":32432,"href":"https:\/\/revistaregional.com.br\/site\/wp-json\/wp\/v2\/posts\/4749\/revisions\/32432"}],"wp:featuredmedia":[{"embeddable":true,"href":"https:\/\/revistaregional.com.br\/site\/wp-json\/wp\/v2\/media\/4751"}],"wp:attachment":[{"href":"https:\/\/revistaregional.com.br\/site\/wp-json\/wp\/v2\/media?parent=4749"}],"wp:term":[{"taxonomy":"category","embeddable":true,"href":"https:\/\/revistaregional.com.br\/site\/wp-json\/wp\/v2\/categories?post=4749"},{"taxonomy":"post_tag","embeddable":true,"href":"https:\/\/revistaregional.com.br\/site\/wp-json\/wp\/v2\/tags?post=4749"}],"curies":[{"name":"wp","href":"https:\/\/api.w.org\/{rel}","templated":true}]}}