{"id":4742,"date":"2013-05-06T16:08:53","date_gmt":"2013-05-06T19:08:53","guid":{"rendered":"http:\/\/revistaregional.com.br\/site\/?p=4742"},"modified":"2024-01-26T10:54:47","modified_gmt":"2024-01-26T13:54:47","slug":"indaiatuba-promove-maio-musical","status":"publish","type":"post","link":"https:\/\/revistaregional.com.br\/site\/2013\/05\/06\/indaiatuba-promove-maio-musical\/","title":{"rendered":"Indaiatuba promove Maio Musical"},"content":{"rendered":"<figure id=\"attachment_4743\" aria-describedby=\"caption-attachment-4743\" style=\"width: 384px\" class=\"wp-caption aligncenter\"><a href=\"http:\/\/revistaregional.com.br\/site\/wp-content\/uploads\/2013\/05\/cultura-maio-1.jpg\" rel=\"attachment wp-att-4743\"><img fetchpriority=\"high\" decoding=\"async\" class=\" wp-image-4743 \" src=\"http:\/\/revistaregional.com.br\/site\/wp-content\/uploads\/2013\/05\/cultura-maio-1.jpg\" alt=\"\" width=\"384\" height=\"256\" srcset=\"https:\/\/revistaregional.com.br\/site\/wp-content\/uploads\/2013\/05\/cultura-maio-1.jpg 640w, https:\/\/revistaregional.com.br\/site\/wp-content\/uploads\/2013\/05\/cultura-maio-1-300x200.jpg 300w\" sizes=\"(max-width: 384px) 100vw, 384px\" \/><\/a><figcaption id=\"caption-attachment-4743\" class=\"wp-caption-text\">Funk Como Le Gusta \u00e9 uma das atra\u00e7\u00f5es do Maio Musical<\/figcaption><\/figure>\n<p>Este ano Indaiatuba promove a 21\u00aa edi\u00e7\u00e3o do Maio Musical. A abertura do evento ser\u00e1 no dia 04 de maio, \u00e0s 20h, no Ciaei, com o cantor Ivan Lins. Durante todo o m\u00eas, o p\u00fablico poder\u00e1 conferir atra\u00e7\u00f5es musicais gratuitas, com destaques como as forma\u00e7\u00f5es da Osesp (Orquestra Sinf\u00f4nica do Estado de S\u00e3o Paulo) que englobam o Quinteto de Metais, o Quinteto de Cordas, Quinteto de Sopros e Coro. Entre as principais atra\u00e7\u00f5es, al\u00e9m de Ivan Lins, est\u00e3o o Funk como Le Gusta em \u201cA Cura pelo Som\u201d, no dia 11 de maio, \u00e0s 20h, na Sala Acr\u00edsio de Camargo, no Ciaei; e o Concerto do Quinteto de Metais da Orquestra Sinf\u00f4nica do Estado de S\u00e3o Paulo (Osesp) \u2013 Projeto Osesp Itinerante, no dia 17, \u00e0s 20h, tamb\u00e9m no Ciaei. O encerramento ser\u00e1 no dia 25, \u00e0s 20h, com apresenta\u00e7\u00e3o da Orquestra de Indaiatuba, criada em 2004, pela Secretaria Municipal de Cultura. Desde sua cria\u00e7\u00e3o a orquestra tem possibilitado a muitos jovens instrumentistas da cidade a oportunidade de se desenvolverem t\u00e9cnica e musicalmente, oferecendo aulas gratuitas de violino, viola e violoncelo e tamb\u00e9m permitindo sua participa\u00e7\u00e3o nos ensaios e apresenta\u00e7\u00f5es do grupo. Atualmente \u00e9 formada por 16 instrumentistas que s\u00e3o dirigidos pelo maestro Paulo de Paula. O concerto final ser\u00e1 na C\u00e2mara Municipal de Indaiatuba, com entrada gratuita.<\/p>\n<p><strong>Programa\u00e7\u00e3o 21\u00ba Maio Musical<\/strong><\/p>\n<p><strong>\u00a0<\/strong><strong>Dia 04 de maio, s\u00e1bado \u2013 20h<\/strong><\/p>\n<p><strong>Ivan Lins<\/strong><\/p>\n<p>M\u00fasico completo e grande compositor conhecido pelos diversos Grammys que recebeu, pelas in\u00fameras grava\u00e7\u00f5es de sua obra pelo mundo, por sua harmonia diferenciada, pelos arranjos refinados e ao mesmo tempo f\u00e1ceis de gostar. Sendo o artista brasileiro vivo mais gravado no exterior, come\u00e7ou a tocar piano aos dezoito anos e foi muito influenciado pela m\u00fasica que ouviu em sua inf\u00e2ncia nos Estados Unidos, pelo jazz e bossa nova. O compositor j\u00e1 mostrava nesta \u00e9poca uma constru\u00e7\u00e3o harm\u00f4nica diferenciada em sua obra, com rearmonizac\u00f5es e encadeamentos incomuns na m\u00fasica brasileira, uma das caracter\u00edsticas que faria com que Ivan Lins se tornasse t\u00e3o respeitado entre m\u00fasicos do mundo inteiro.<\/p>\n<p>Local: Sala Acr\u00edsio de Camargo \u2013 Ciaei.<\/p>\n<p>Ingressos: convites gratuitos devem ser retirados com anteced\u00eancia a partir de 29 de abril na Secretaria de Cultura mediante a doa\u00e7\u00e3o de 1 pacote de fralda geri\u00e1trica.<\/p>\n<p><strong>Dia 05 de maio, domingo \u2013 19h<\/strong><\/p>\n<p><strong>Crist\u00f3v\u00e3o Bastos e os mestres do samba e do choro, com participa\u00e7\u00e3o especial de Maur\u00edcio Carrilho<\/strong><\/p>\n<p>O pianista Cristov\u00e3o Bastos, que \u00e9 um dos mais premiados instrumentistas e arranjadores do Brasil, sobretudo no samba e choro, apresentar\u00e1 um repert\u00f3rio que evidencia o piano nesses estilos , fazendo uma homenagem a autores como Pixinguinha, Ary Barroso, Ernesto Nazareth e tocando composi\u00e7\u00f5es que fez em parceria com Paulinho da Viola e outros mestres contempor\u00e2neos.<\/p>\n<p>Local: Sala Acr\u00edsio de Camargo \u2013 Ciaei.<\/p>\n<p>Entrada gratuita.<\/p>\n<p><strong>Dia 09 de maio, quinta-feira \u2013 20h<\/strong><\/p>\n<p><strong>M\u00e1rcia \u00c1vila &amp; Banda em \u201cBrasileiras\u201d<\/strong><\/p>\n<p>O espet\u00e1culo &#8220;Brasileiras&#8221; \u00e9 uma colet\u00e2nea de grandes sucessos da MPB nas vozes de int\u00e9rpretes como Gal Costa, Elis Regina, Rita Lee, Marisa Monte, Leila Pinheiro, Vanessa da Mata, Ana Carolina, Maria Rita, Marina Lima, Adriana Calcanhoto, Jane Duboc, dentre outras.<\/p>\n<p>Local: Novo Centro Cultural do Jardim Morada do Sol.<\/p>\n<p>Entrada gratuita.<\/p>\n<p><strong>Dia 10 de maio, sexta-feira \u2013 20h<\/strong><\/p>\n<p><strong>Kika Baldasseirine e Jos\u00e9 Tatangelo em \u201cVin\u00edcius e Parceiros\u201d<\/strong><\/p>\n<p>Vin\u00edcius e Parceiros \u00e9 um show que mostra o quanto a arte brasileira foi enriquecida com as perfeitas parcerias entre o poeta Vin\u00edcius de Moraes e grandes m\u00fasicos brasileiros. Marcou uma \u00e9poca e mais de uma gera\u00e7\u00e3o foi embalada pela sensibilidade desses artistas.Com Tom Jobim foi declarado seu amor pelas mulheres e pelo Rio de Janeiro e tamb\u00e9m foi desta parceria que nasceu a brasileir\u00edssima bossa nova. J\u00e1 o chamado afro-samba surgiu da parceria com Baden Powell.<strong> <\/strong>Carlos Lira, Pixinguinha e Chico Buarque tamb\u00e9m tiveram casamentos perfeitos com o poetinha e o \u00faltimo grande parceiro, com quem dividiu seus \u00faltimos anos de vida foi Toquinho.Durante 90 minutos, gra\u00e7as a riqueza do repert\u00f3rio, o p\u00fablico experimenta emo\u00e7\u00f5es das mais sutis a euforia, na voz de KikaBaldasseirine e o viol\u00e3o de Jos\u00e9 Tatangelo.<\/p>\n<p>Local: Sala Acr\u00edsio de Camargo.<\/p>\n<p>Entrada gratuita.<\/p>\n<p><strong>Dia 11 de maio, s\u00e1bado \u2013 20h<\/strong><\/p>\n<p><strong>Funk como Le Gusta em \u201cA Cura pelo Som\u201d<\/strong><\/p>\n<p>Desde o final dos anos 90, o Funk Como Le Gusta vem mostrando seu singular trabalho musical, mixando samba, soul e m\u00fasica latina, sempre revalorizando a blackmusic brasileira. O FCLG se tornou not\u00f3rio por tocar funks cl\u00e1ssicos de trilhas de filmes e promover inesquec\u00edveis jamsessions, utilizando forma\u00e7\u00e3o de big band, protagonizando e influenciando artistas contempor\u00e2neos nesse estilo. O \u00e1lbum duplo \u201cA Cura Pelo Som\u201d da banda Funk Como Le Gusta conta com uma unidade f\u00edsica de 10 faixas que d\u00e1 acesso a \u201clado B\u201d virtual com outras 9 m\u00fasicas para download. A dire\u00e7\u00e3o musical \u00e9 assinada pelo pr\u00f3prio grupo com produ\u00e7\u00e3o art\u00edstica do integrante Emerson Villani.<strong> <\/strong>No repert\u00f3rio de in\u00e9ditas, experimenta\u00e7\u00f5es e composi\u00e7\u00f5es dos \u00faltimos cinco anos de carreira, incluindo instrumentais como \u201cLa Vida Ir\u00e1\u201d e as cantadas, \u201cMuchacha Fant\u00e1stica\u201d e \u201cSem Amor\u201d.<\/p>\n<p>Local: Sala Acr\u00edsio de Camargo.<\/p>\n<p>Ingressos: convites gratuitos devem ser retirados com anteced\u00eancia a partir de 29 de abril na Secretaria de Cultura mediante a doa\u00e7\u00e3o de 1 lata de leite em p\u00f3.<\/p>\n<p><strong>Dia 12 de maio, domingo \u2013 10h30<\/strong><\/p>\n<p><strong>Banda Sinf\u00f4nica do Conservat\u00f3rio de Tatu\u00ed<\/strong><\/p>\n<p>Em funcionamento desde 1992, surgiu a partir de um processo de semi-profissionaliza\u00e7\u00e3o. At\u00e9 o ano de 1996, era a \u00fanica oportunidade de alunos de n\u00edveis avan\u00e7ados interagirem com m\u00fasicos j\u00e1 profissionais, em apresenta\u00e7\u00f5es oficiais, propiciando uma troca de experi\u00eancias entre seus componentes.<strong> <\/strong>Uma caracter\u00edstica importante da Banda Sinf\u00f4nica do Conservat\u00f3rio de Tatu\u00ed \u00e9 seu esfor\u00e7o em formar novas plat\u00e9ias por meio de concertos did\u00e1ticos. Ao longo dos \u00faltimos anos, a banda vem realizando a\u00e7\u00f5es did\u00e1ticas com objetivos de educar e envolver crian\u00e7as e adolescentes no universo da m\u00fasica erudita. Nesse sentido, destacam-se projetos especiais como \u201cGuia para Banda\u201d, \u201cVilla-Lobos encontra Guarnieri\u201d, \u201cA Vinda da Fam\u00edlia Real ao Brasil\u201d e \u201cMomoPrecoce\u201d.<strong> <\/strong>Reg\u00eancia: Dario Sotelo.<\/p>\n<p>Local: Ao lado da Concha Ac\u00fastica do Parque Ecol\u00f3gico. Se o tempo estiver chuvoso, a apresenta\u00e7\u00e3o ser\u00e1 transferida para a Sala Acr\u00edsio de Camargo no mesmo hor\u00e1rio.<\/p>\n<p>Entrada gratuita.<\/p>\n<p><strong>\u00a0<\/strong><strong>Dia 12 de maio, domingo \u2013 19h<\/strong><\/p>\n<p><strong>Bia Packer com \u201cLove\u201d<\/strong><\/p>\n<p>Bia Packer, cantora e compositora, est\u00e1 desde seus 14 anos atuando na \u00e1rea musical.\u00a0 Seu foco, desde o in\u00edcio da carreira, s\u00e3o as m\u00fasicas em ingl\u00eas, predominantes, tamb\u00e9m, em suas composi\u00e7\u00f5es. Bia, em fevereiro de 2013, ganhou o American Idol Experience nos Estados Unidos e, por consequ\u00eancia disso e de sua paix\u00e3o pelas m\u00fasicas internacionais, montou seu show com um repertorio atenciosamente escolhido, optando por m\u00fasicas e autoresimportantes que fazem parte de seu gosto musical. Entre eles est\u00e3o Adele, Amy Winehouse, Maroon5 e Norah Jones.<strong> <\/strong>O show LOVE mostra a verdadeira ess\u00eancia da cantora, convidando todos a se sentirem em casa e se divertirem junto com ela.<\/p>\n<p>Local: Sala Acr\u00edsio de Camargo.<\/p>\n<p>Entrada gratuita.<\/p>\n<p><strong>Dia 16 de maio, quinta-feira \u2013 20h<\/strong><\/p>\n<p><strong>Magali Claudino e S\u00e9rgio Carotti interpretando Temas de Amor com Coral e Orquestra KMS<\/strong><\/p>\n<p>O Coral e Orquestra KMS foi fundado pelo trompetista Manoel Santos que trabalha h\u00e1 40 anos em bandas na TV. Os cantores Magali Claudino e S\u00e9rgio Carotti interpretar\u00e3o os mais belos temas de amor dos \u00faltimos tempos, desde Elvis a Tom Jobim, sem esquecer Roberto Carlos e os grandes musicais.<\/p>\n<p>Local: Sala Acr\u00edsio de Camargo.<\/p>\n<p>Entrada gratuita.<\/p>\n<p><strong>Dia 17 de maio, sexta-feira \u2013 20h<\/strong><\/p>\n<p><strong>\u201cReleituras da bossa ao jazz\u201d com Lincoln Soares (piano), Israel Castro (bateria) e Felipe Fidelis (baixo)<\/strong><\/p>\n<p>O Lincoln\u00b4s Jazz Trio surgiu em 2012, pelo pianista e compositor Lincoln Soares. O principal foco do trio est\u00e1 no resgate e na renova\u00e7\u00e3o da m\u00fasica brasileira, passando pelo pop com forte influ\u00eancia no jazz. O trio faz\u00a0releituras\u00a0dos grandes\u00a0<em>standards<\/em>\u00a0de jazz, bossa-nova e m\u00fasica pop, passando por Tom Jobim, Ivan Lins, Djavan, Beatles, Chico Buarque, Elton John, ChickCorea, Gerswin, entre outros. Dire\u00e7\u00e3o Musical: Lincoln Soares.<\/p>\n<p>Local: Novo Centro Cultural do Jardim Morada do Sol.<\/p>\n<p>Entrada gratuita.<\/p>\n<p><strong>Dia 17 de maio, sexta-feira \u2013 20h<\/strong><\/p>\n<p><strong>Concerto do Quinteto de Metais da Orquestra Sinf\u00f4nica do Estado de S\u00e3o Paulo (Osesp) \u2013 Projeto Osesp Itinerante<\/strong><\/p>\n<p>O projeto leva ao p\u00fablico participante uma s\u00e9rie de atividades musicais e educacionais inteiramente gratuitas, que incluem oficinas de instrumentos tanto para alunos de m\u00fasica como para interessados em geral, ministradas pelos pr\u00f3prios instrumentistas da orquestra; cursos de aprecia\u00e7\u00e3o musical com professores especializados e diversos concertos de m\u00fasica de c\u00e2mara e coral.A ideia \u00e9 que os profissionais da Osesp fiquem instalados por dois ou tr\u00eas dias em cada cidade em uma esp\u00e9cie de imers\u00e3o musical com a proposta de estender ao p\u00fablico do interior do Estado as diversas atividades realizadas pela Osesp em sua sede, a Sala S\u00e3o Paulo.<\/p>\n<p>Local: Sala Acr\u00edsio de Camargo.<\/p>\n<p>Entrada gratuita.<\/p>\n<p><strong>Dia 18 de maio, s\u00e1bado \u2013 18h<\/strong><\/p>\n<p><strong>Concerto do Quinteto de Cordas da Orquestra Sinf\u00f4nica do Estado de S\u00e3o Paulo (Osesp) \u2013 Projeto Osesp Itinerante<\/strong><\/p>\n<p>O projeto leva ao p\u00fablico participante uma s\u00e9rie de atividades musicais e educacionais inteiramente gratuitas, que incluem oficinas de instrumentos tanto para alunos de m\u00fasica como para interessados em geral, ministradas pelos pr\u00f3prios instrumentistas da orquestra; cursos de aprecia\u00e7\u00e3o musical com professores especializados e diversos concertos de m\u00fasica de c\u00e2mara e coral.A ideia \u00e9 que os profissionais da Osesp fiquem instalados por dois ou tr\u00eas dias em cada cidade em uma esp\u00e9cie de imers\u00e3o musical com a proposta de estender ao p\u00fablico do interior do Estado as diversas atividades realizadas pela Osesp em sua sede, a Sala S\u00e3o Paulo.<\/p>\n<p>Local: Sala Acr\u00edsio de Camargo.<\/p>\n<p>Entrada gratuita.<\/p>\n<p><strong>\u00a0<\/strong><strong>Dia 18 de maio, s\u00e1bado \u2013 19h30<\/strong><\/p>\n<p><strong>Concerto do Coro da Orquestra Sinf\u00f4nica do Estado de S\u00e3o Paulo (Osesp) \u2013 Projeto Osesp Itinerante<\/strong><\/p>\n<p>O projeto leva ao p\u00fablico participante uma s\u00e9rie de atividades musicais e educacionais inteiramente gratuitas, que incluem oficinas de instrumentos tanto para alunos de m\u00fasica como para interessados em geral, ministradas pelos pr\u00f3prios instrumentistas da orquestra; cursos de aprecia\u00e7\u00e3o musical com professores especializados e diversos concertos de m\u00fasica de c\u00e2mara e coral.A ideia \u00e9 que os profissionais da Osesp fiquem instalados por dois ou tr\u00eas dias em cada cidade em uma esp\u00e9cie de imers\u00e3o musical com a proposta de estender ao p\u00fablico do interior do Estado as diversas atividades realizadas pela Osesp em sua sede, a Sala S\u00e3o Paulo.<\/p>\n<p>Local: Igreja Matriz Nossa Senhora da Candel\u00e1ria.<\/p>\n<p>Entrada gratuita.<\/p>\n<p><strong>Dia 18 de maio, s\u00e1bado \u2013 20h30<\/strong><\/p>\n<p><strong>Balaio Bento<\/strong><\/p>\n<p>A banda Balaio Bento \u00e9 um grande experimento sonoro da regi\u00e3o. Possui diversas influ\u00eancias sonoras que misturadas ,d\u00e3o a cara do povo brasileiro. Quem ouve as composi\u00e7\u00f5es da banda sente que a evolu\u00e7\u00e3o cultural que o pa\u00eds vive nesse momento est\u00e1 refletida em cada tra\u00e7o do poder de uma nota musical. A banda completou 10 anos em dezembro de 2012, e cada vez mais conquista espa\u00e7o em eventos de grande porte, salientando sempre a for\u00e7a da m\u00fasica brasileira com seus diversos ritmos e influ\u00eancias.<strong> <\/strong>Dire\u00e7\u00e3o Musical: Erick Santana.<\/p>\n<p>Local: Sala Acr\u00edsio de Camargo.<\/p>\n<p>Entrada gratuita.<\/p>\n<p><strong>Dia 19 de maio, domingo \u2013 20h<\/strong><\/p>\n<p><strong>Concerto do Quinteto de Sopros da Orquestra Sinf\u00f4nica do Estado de S\u00e3o Paulo (Osesp) \u2013 Projeto Osesp Itinerante<\/strong><\/p>\n<p>O projeto leva ao p\u00fablico participante uma s\u00e9rie de atividades musicais e educacionais inteiramente gratuitas, que incluem oficinas de instrumentos tanto para alunos de m\u00fasica como para interessados em geral, ministradas pelos pr\u00f3prios instrumentistas da orquestra; cursos de aprecia\u00e7\u00e3o musical com professores especializados e diversos concertos de m\u00fasica de c\u00e2mara e coral.A ideia \u00e9 que os profissionais da Osesp fiquem instalados por dois ou tr\u00eas dias em cada cidade em uma esp\u00e9cie de imers\u00e3o musical com a proposta de estender ao p\u00fablico do interior do Estado as diversas atividades realizadas pela Osesp em sua sede, a Sala S\u00e3o Paulo.<\/p>\n<p>Local: Sala Acr\u00edsio de Camargo.<\/p>\n<p>Entrada gratuita.<\/p>\n<p><strong>Dia 23 de maio, quinta-feira \u2013 20h<\/strong><\/p>\n<p><strong>Atacama<\/strong><\/p>\n<p>O grupo Atacama iniciou seu projeto musical em 2012, sendo que todos os integrantes j\u00e1 tocaram juntos bem antes disso em outros trabalhos musicais. Com repert\u00f3rio de variados estilos, traz a magia das flautas andinas e viol\u00f5es ciganos, tocando os cl\u00e1ssicos da m\u00fasica latina de nomes como Gipsy Kings, Man\u00e1, Santana, at\u00e9 m\u00fasica regional brasileira. Faz parte do grupo integrantes do Raices de Am\u00e9rica, que at\u00e9 hoje \u00e9 considerado o \u00edcone da m\u00fasica latino-americana no Brasil na d\u00e9cada de 80. M\u00fasicos: Oscar Seg\u00f3via,Gilton Foschiani, Maur\u00edcio Martins Moreira (NAU), Paulo Bortoloto, Adilson Fernandes e Chico Pedro.<\/p>\n<p>Local: Sala Acr\u00edsio de Camargo.<\/p>\n<p>Entrada gratuita.<\/p>\n<p><strong>Dia 24 de maio, sexta-feira \u2013 20h<\/strong><\/p>\n<p><strong>Concerto do Coral de Campinas \u2013 M\u00fasica sacra do per\u00edodo colonial brasileiro<\/strong><\/p>\n<p>O Coral Campinas foi fundado em 1984. Desde sua funda\u00e7\u00e3o o coro \u00e9 formado pelos mais variados membros da sociedade de Campinas tendo como principal objetivo divulgar o Repert\u00f3rio Coral. Ao longo de seus 29 anos o Co.Ca se apresentou por diversas cidades destacando sua atua\u00e7\u00e3o junto a Orquestra Sinf\u00f4nica de Campinas onde participou da montagem de v\u00e1rias \u00f3peras. Durante esse tempo foi regido por diversos maestros dentre eles, Eduardo Ostegren e Carlos Fiorini.<strong> <\/strong>A forma\u00e7\u00e3o atual, sob a Reg\u00eancia de Rafael Garbuio, faz um trabalho especializado em M\u00fasica Sacra e tem-se apresentado em diversos locais da cidade de Campinas e regi\u00e3o. Reg\u00eancia: Rafael Garbuio.<\/p>\n<p>Local: Sala Acr\u00edsio de Camargo.<\/p>\n<p>Entrada gratuita.<\/p>\n<p><strong>Dia 24 de maio, sexta-feira \u2013 20h<\/strong><\/p>\n<p><strong>\u00cdris Bassi em \u201cUma Noite na Broadway\u201d<\/strong><\/p>\n<p>O espet\u00e1culo traz a atmosfera l\u00fadica e emocionante dos musicais mais conhecidos da Broadway, com um repert\u00f3rio vasto incluindo Os Miser\u00e1veis, O Rei Le\u00e3o, O Fantasma da \u00d3pera, A Bela e a Fera, entre outros.Com Iris Bassi no vocal, Jorge De Godoy no piano, e J\u00e9ssica Aline no baixo ac\u00fastico.<\/p>\n<p>Local: Novo Centro Cultural do Jardim Morada do Sol.<\/p>\n<p>Entrada gratuita.<\/p>\n<p><strong>Dia 25 de maio, s\u00e1bado \u2013 20h<\/strong><\/p>\n<figure id=\"attachment_4744\" aria-describedby=\"caption-attachment-4744\" style=\"width: 384px\" class=\"wp-caption alignright\"><a href=\"http:\/\/revistaregional.com.br\/site\/wp-content\/uploads\/2013\/05\/cultura-maio-2.jpg\" rel=\"attachment wp-att-4744\"><img decoding=\"async\" class=\" wp-image-4744 \" src=\"http:\/\/revistaregional.com.br\/site\/wp-content\/uploads\/2013\/05\/cultura-maio-2.jpg\" alt=\"\" width=\"384\" height=\"256\" srcset=\"https:\/\/revistaregional.com.br\/site\/wp-content\/uploads\/2013\/05\/cultura-maio-2.jpg 640w, https:\/\/revistaregional.com.br\/site\/wp-content\/uploads\/2013\/05\/cultura-maio-2-300x199.jpg 300w\" sizes=\"(max-width: 384px) 100vw, 384px\" \/><\/a><figcaption id=\"caption-attachment-4744\" class=\"wp-caption-text\">A Orquestra de Indaiatuba encerrar\u00e1 a programa\u00e7\u00e3o do Maio Musical<\/figcaption><\/figure>\n<p><strong>Concerto da Orquestra de Indaiatuba<\/strong><\/p>\n<p>A Orquestra foi criada no in\u00edcio de 2004 por iniciativa da Prefeitura e da Secretaria Municipal de Cultura. Desde sua cria\u00e7\u00e3o a orquestra tem possibilitado a muitos jovens instrumentistas da cidade a oportunidade de se desenvolverem t\u00e9cnica e musicalmente, oferecendo aulas gratuitas de violino, viola e violoncelo e tamb\u00e9m permitindo sua participa\u00e7\u00e3o nos ensaios e apresenta\u00e7\u00f5es do grupo. Atualmente \u00e9 formada por 16 instrumentistas que s\u00e3o dirigidos pelo maestro Paulo de Paula.<\/p>\n<p>Local: C\u00e2mara Municipal de Indaiatuba.<\/p>\n<p>Entrada gratuita.<\/p>\n<p><strong>\u00a0<\/strong><strong>MAIS:<\/strong><\/p>\n<p>C\u00e2mara Municipal de Indaiatuba &#8211; Rua Humait\u00e1, 1.167 \u2013 Centro<\/p>\n<p>Concha Ac\u00fastica do Parque Ecol\u00f3gico &#8211; Avenida Engenheiro F\u00e1bio Roberto Barnab\u00e9, s\/n\u00b0 &#8211; Vila Areal<\/p>\n<p>Igreja Matriz Nossa Senhora Candel\u00e1ria &#8211; Rua Padre Vicente Rizzo, 694 \u2013 Centro<\/p>\n<p>Novo centro cultural Jardim Morada do Sol \u2013 Av. Eng. F\u00e1bio Roberto Barnab\u00e9, 5.924 \u2013 Jardim Morada do Sol<\/p>\n<p>Sala Acr\u00edsio de Camargo \u2013 Ciaei &#8211; Avenida Engenheiro F\u00e1bio Roberto Barnab\u00e9, 3.665 &#8211; Jardim Regina<\/p>\n<p>Secretaria Municipal de Cultura \u2013 Pra\u00e7a Dom Pedro II, s\/n \u2013 Centro<\/p>\n<p><em>\u00a0fotos: Divulga\u00e7\u00e3o e Eliando Figueira<\/em><\/p>\n","protected":false},"excerpt":{"rendered":"<p>Este ano Indaiatuba promove a 21\u00aa edi\u00e7\u00e3o do Maio Musical. A abertura do evento ser\u00e1 no dia 04 de maio, \u00e0s 20h, no Ciaei, com o cantor Ivan Lins. Durante todo o m\u00eas, o p\u00fablico poder\u00e1 conferir atra\u00e7\u00f5es musicais gratuitas, com destaques como as forma\u00e7\u00f5es da Osesp (Orquestra Sinf\u00f4nica do Estado de S\u00e3o Paulo) que [&hellip;]<\/p>\n","protected":false},"author":1,"featured_media":4743,"comment_status":"open","ping_status":"open","sticky":false,"template":"","format":"standard","meta":{"_acf_changed":false,"ngg_post_thumbnail":0,"_joinchat":[],"footnotes":""},"categories":[4],"tags":[533],"class_list":["post-4742","post","type-post","status-publish","format-standard","has-post-thumbnail","hentry","category-cultura","tag-cultura"],"acf":[],"yoast_head":"<!-- This site is optimized with the Yoast SEO plugin v27.4 - https:\/\/yoast.com\/product\/yoast-seo-wordpress\/ -->\n<title>Indaiatuba promove Maio Musical - Revista Regional<\/title>\n<meta name=\"robots\" content=\"index, follow, max-snippet:-1, max-image-preview:large, max-video-preview:-1\" \/>\n<link rel=\"canonical\" href=\"https:\/\/revistaregional.com.br\/site\/2013\/05\/06\/indaiatuba-promove-maio-musical\/\" \/>\n<meta property=\"og:locale\" content=\"pt_BR\" \/>\n<meta property=\"og:type\" content=\"article\" \/>\n<meta property=\"og:title\" content=\"Indaiatuba promove Maio Musical - Revista Regional\" \/>\n<meta property=\"og:description\" content=\"Este ano Indaiatuba promove a 21\u00aa edi\u00e7\u00e3o do Maio Musical. A abertura do evento ser\u00e1 no dia 04 de maio, \u00e0s 20h, no Ciaei, com o cantor Ivan Lins. Durante todo o m\u00eas, o p\u00fablico poder\u00e1 conferir atra\u00e7\u00f5es musicais gratuitas, com destaques como as forma\u00e7\u00f5es da Osesp (Orquestra Sinf\u00f4nica do Estado de S\u00e3o Paulo) que [&hellip;]\" \/>\n<meta property=\"og:url\" content=\"https:\/\/revistaregional.com.br\/site\/2013\/05\/06\/indaiatuba-promove-maio-musical\/\" \/>\n<meta property=\"og:site_name\" content=\"Revista Regional\" \/>\n<meta property=\"article:published_time\" content=\"2013-05-06T19:08:53+00:00\" \/>\n<meta property=\"article:modified_time\" content=\"2024-01-26T13:54:47+00:00\" \/>\n<meta property=\"og:image\" content=\"https:\/\/revistaregional.com.br\/site\/wp-content\/uploads\/2013\/05\/cultura-maio-1.jpg\" \/>\n\t<meta property=\"og:image:width\" content=\"640\" \/>\n\t<meta property=\"og:image:height\" content=\"427\" \/>\n\t<meta property=\"og:image:type\" content=\"image\/jpeg\" \/>\n<meta name=\"author\" content=\"contato@revistaregional.com.br\" \/>\n<meta name=\"twitter:card\" content=\"summary_large_image\" \/>\n<meta name=\"twitter:label1\" content=\"Escrito por\" \/>\n\t<meta name=\"twitter:data1\" content=\"contato@revistaregional.com.br\" \/>\n\t<meta name=\"twitter:label2\" content=\"Est. tempo de leitura\" \/>\n\t<meta name=\"twitter:data2\" content=\"13 minutos\" \/>\n<script type=\"application\/ld+json\" class=\"yoast-schema-graph\">{\"@context\":\"https:\\\/\\\/schema.org\",\"@graph\":[{\"@type\":\"Article\",\"@id\":\"https:\\\/\\\/revistaregional.com.br\\\/site\\\/2013\\\/05\\\/06\\\/indaiatuba-promove-maio-musical\\\/#article\",\"isPartOf\":{\"@id\":\"https:\\\/\\\/revistaregional.com.br\\\/site\\\/2013\\\/05\\\/06\\\/indaiatuba-promove-maio-musical\\\/\"},\"author\":{\"name\":\"contato@revistaregional.com.br\",\"@id\":\"https:\\\/\\\/revistaregional.com.br\\\/site\\\/#\\\/schema\\\/person\\\/382af97c580dc1b18f55107bc316010d\"},\"headline\":\"Indaiatuba promove Maio Musical\",\"datePublished\":\"2013-05-06T19:08:53+00:00\",\"dateModified\":\"2024-01-26T13:54:47+00:00\",\"mainEntityOfPage\":{\"@id\":\"https:\\\/\\\/revistaregional.com.br\\\/site\\\/2013\\\/05\\\/06\\\/indaiatuba-promove-maio-musical\\\/\"},\"wordCount\":2663,\"commentCount\":0,\"image\":{\"@id\":\"https:\\\/\\\/revistaregional.com.br\\\/site\\\/2013\\\/05\\\/06\\\/indaiatuba-promove-maio-musical\\\/#primaryimage\"},\"thumbnailUrl\":\"https:\\\/\\\/revistaregional.com.br\\\/site\\\/wp-content\\\/uploads\\\/2013\\\/05\\\/cultura-maio-1.jpg\",\"keywords\":[\"Cultura\"],\"articleSection\":[\"Cultura\"],\"inLanguage\":\"pt-BR\",\"potentialAction\":[{\"@type\":\"CommentAction\",\"name\":\"Comment\",\"target\":[\"https:\\\/\\\/revistaregional.com.br\\\/site\\\/2013\\\/05\\\/06\\\/indaiatuba-promove-maio-musical\\\/#respond\"]}]},{\"@type\":\"WebPage\",\"@id\":\"https:\\\/\\\/revistaregional.com.br\\\/site\\\/2013\\\/05\\\/06\\\/indaiatuba-promove-maio-musical\\\/\",\"url\":\"https:\\\/\\\/revistaregional.com.br\\\/site\\\/2013\\\/05\\\/06\\\/indaiatuba-promove-maio-musical\\\/\",\"name\":\"Indaiatuba promove Maio Musical - Revista Regional\",\"isPartOf\":{\"@id\":\"https:\\\/\\\/revistaregional.com.br\\\/site\\\/#website\"},\"primaryImageOfPage\":{\"@id\":\"https:\\\/\\\/revistaregional.com.br\\\/site\\\/2013\\\/05\\\/06\\\/indaiatuba-promove-maio-musical\\\/#primaryimage\"},\"image\":{\"@id\":\"https:\\\/\\\/revistaregional.com.br\\\/site\\\/2013\\\/05\\\/06\\\/indaiatuba-promove-maio-musical\\\/#primaryimage\"},\"thumbnailUrl\":\"https:\\\/\\\/revistaregional.com.br\\\/site\\\/wp-content\\\/uploads\\\/2013\\\/05\\\/cultura-maio-1.jpg\",\"datePublished\":\"2013-05-06T19:08:53+00:00\",\"dateModified\":\"2024-01-26T13:54:47+00:00\",\"author\":{\"@id\":\"https:\\\/\\\/revistaregional.com.br\\\/site\\\/#\\\/schema\\\/person\\\/382af97c580dc1b18f55107bc316010d\"},\"breadcrumb\":{\"@id\":\"https:\\\/\\\/revistaregional.com.br\\\/site\\\/2013\\\/05\\\/06\\\/indaiatuba-promove-maio-musical\\\/#breadcrumb\"},\"inLanguage\":\"pt-BR\",\"potentialAction\":[{\"@type\":\"ReadAction\",\"target\":[\"https:\\\/\\\/revistaregional.com.br\\\/site\\\/2013\\\/05\\\/06\\\/indaiatuba-promove-maio-musical\\\/\"]}]},{\"@type\":\"ImageObject\",\"inLanguage\":\"pt-BR\",\"@id\":\"https:\\\/\\\/revistaregional.com.br\\\/site\\\/2013\\\/05\\\/06\\\/indaiatuba-promove-maio-musical\\\/#primaryimage\",\"url\":\"https:\\\/\\\/revistaregional.com.br\\\/site\\\/wp-content\\\/uploads\\\/2013\\\/05\\\/cultura-maio-1.jpg\",\"contentUrl\":\"https:\\\/\\\/revistaregional.com.br\\\/site\\\/wp-content\\\/uploads\\\/2013\\\/05\\\/cultura-maio-1.jpg\",\"width\":\"640\",\"height\":\"427\",\"caption\":\"Funk Como Le Gusta \u00e9 uma das atra\u00e7\u00f5es do Maio Musical\"},{\"@type\":\"BreadcrumbList\",\"@id\":\"https:\\\/\\\/revistaregional.com.br\\\/site\\\/2013\\\/05\\\/06\\\/indaiatuba-promove-maio-musical\\\/#breadcrumb\",\"itemListElement\":[{\"@type\":\"ListItem\",\"position\":1,\"name\":\"In\u00edcio\",\"item\":\"https:\\\/\\\/revistaregional.com.br\\\/site\\\/\"},{\"@type\":\"ListItem\",\"position\":2,\"name\":\"Indaiatuba promove Maio Musical\"}]},{\"@type\":\"WebSite\",\"@id\":\"https:\\\/\\\/revistaregional.com.br\\\/site\\\/#website\",\"url\":\"https:\\\/\\\/revistaregional.com.br\\\/site\\\/\",\"name\":\"Revista Regional\",\"description\":\"Salto - Itu - Indaituba\",\"potentialAction\":[{\"@type\":\"SearchAction\",\"target\":{\"@type\":\"EntryPoint\",\"urlTemplate\":\"https:\\\/\\\/revistaregional.com.br\\\/site\\\/?s={search_term_string}\"},\"query-input\":{\"@type\":\"PropertyValueSpecification\",\"valueRequired\":true,\"valueName\":\"search_term_string\"}}],\"inLanguage\":\"pt-BR\"},{\"@type\":\"Person\",\"@id\":\"https:\\\/\\\/revistaregional.com.br\\\/site\\\/#\\\/schema\\\/person\\\/382af97c580dc1b18f55107bc316010d\",\"name\":\"contato@revistaregional.com.br\",\"image\":{\"@type\":\"ImageObject\",\"inLanguage\":\"pt-BR\",\"@id\":\"https:\\\/\\\/secure.gravatar.com\\\/avatar\\\/869822917e96b2e292d5827e4635855396934485e7c4a0af84e9a214e32ca0cd?s=96&d=mm&r=g\",\"url\":\"https:\\\/\\\/secure.gravatar.com\\\/avatar\\\/869822917e96b2e292d5827e4635855396934485e7c4a0af84e9a214e32ca0cd?s=96&d=mm&r=g\",\"contentUrl\":\"https:\\\/\\\/secure.gravatar.com\\\/avatar\\\/869822917e96b2e292d5827e4635855396934485e7c4a0af84e9a214e32ca0cd?s=96&d=mm&r=g\",\"caption\":\"contato@revistaregional.com.br\"},\"url\":\"https:\\\/\\\/revistaregional.com.br\\\/site\\\/author\\\/contato@revistaregional.com.br\\\/\"}]}<\/script>\n<!-- \/ Yoast SEO plugin. -->","yoast_head_json":{"title":"Indaiatuba promove Maio Musical - Revista Regional","robots":{"index":"index","follow":"follow","max-snippet":"max-snippet:-1","max-image-preview":"max-image-preview:large","max-video-preview":"max-video-preview:-1"},"canonical":"https:\/\/revistaregional.com.br\/site\/2013\/05\/06\/indaiatuba-promove-maio-musical\/","og_locale":"pt_BR","og_type":"article","og_title":"Indaiatuba promove Maio Musical - Revista Regional","og_description":"Este ano Indaiatuba promove a 21\u00aa edi\u00e7\u00e3o do Maio Musical. A abertura do evento ser\u00e1 no dia 04 de maio, \u00e0s 20h, no Ciaei, com o cantor Ivan Lins. Durante todo o m\u00eas, o p\u00fablico poder\u00e1 conferir atra\u00e7\u00f5es musicais gratuitas, com destaques como as forma\u00e7\u00f5es da Osesp (Orquestra Sinf\u00f4nica do Estado de S\u00e3o Paulo) que [&hellip;]","og_url":"https:\/\/revistaregional.com.br\/site\/2013\/05\/06\/indaiatuba-promove-maio-musical\/","og_site_name":"Revista Regional","article_published_time":"2013-05-06T19:08:53+00:00","article_modified_time":"2024-01-26T13:54:47+00:00","og_image":[{"width":640,"height":427,"url":"https:\/\/revistaregional.com.br\/site\/wp-content\/uploads\/2013\/05\/cultura-maio-1.jpg","type":"image\/jpeg"}],"author":"contato@revistaregional.com.br","twitter_card":"summary_large_image","twitter_misc":{"Escrito por":"contato@revistaregional.com.br","Est. tempo de leitura":"13 minutos"},"schema":{"@context":"https:\/\/schema.org","@graph":[{"@type":"Article","@id":"https:\/\/revistaregional.com.br\/site\/2013\/05\/06\/indaiatuba-promove-maio-musical\/#article","isPartOf":{"@id":"https:\/\/revistaregional.com.br\/site\/2013\/05\/06\/indaiatuba-promove-maio-musical\/"},"author":{"name":"contato@revistaregional.com.br","@id":"https:\/\/revistaregional.com.br\/site\/#\/schema\/person\/382af97c580dc1b18f55107bc316010d"},"headline":"Indaiatuba promove Maio Musical","datePublished":"2013-05-06T19:08:53+00:00","dateModified":"2024-01-26T13:54:47+00:00","mainEntityOfPage":{"@id":"https:\/\/revistaregional.com.br\/site\/2013\/05\/06\/indaiatuba-promove-maio-musical\/"},"wordCount":2663,"commentCount":0,"image":{"@id":"https:\/\/revistaregional.com.br\/site\/2013\/05\/06\/indaiatuba-promove-maio-musical\/#primaryimage"},"thumbnailUrl":"https:\/\/revistaregional.com.br\/site\/wp-content\/uploads\/2013\/05\/cultura-maio-1.jpg","keywords":["Cultura"],"articleSection":["Cultura"],"inLanguage":"pt-BR","potentialAction":[{"@type":"CommentAction","name":"Comment","target":["https:\/\/revistaregional.com.br\/site\/2013\/05\/06\/indaiatuba-promove-maio-musical\/#respond"]}]},{"@type":"WebPage","@id":"https:\/\/revistaregional.com.br\/site\/2013\/05\/06\/indaiatuba-promove-maio-musical\/","url":"https:\/\/revistaregional.com.br\/site\/2013\/05\/06\/indaiatuba-promove-maio-musical\/","name":"Indaiatuba promove Maio Musical - Revista Regional","isPartOf":{"@id":"https:\/\/revistaregional.com.br\/site\/#website"},"primaryImageOfPage":{"@id":"https:\/\/revistaregional.com.br\/site\/2013\/05\/06\/indaiatuba-promove-maio-musical\/#primaryimage"},"image":{"@id":"https:\/\/revistaregional.com.br\/site\/2013\/05\/06\/indaiatuba-promove-maio-musical\/#primaryimage"},"thumbnailUrl":"https:\/\/revistaregional.com.br\/site\/wp-content\/uploads\/2013\/05\/cultura-maio-1.jpg","datePublished":"2013-05-06T19:08:53+00:00","dateModified":"2024-01-26T13:54:47+00:00","author":{"@id":"https:\/\/revistaregional.com.br\/site\/#\/schema\/person\/382af97c580dc1b18f55107bc316010d"},"breadcrumb":{"@id":"https:\/\/revistaregional.com.br\/site\/2013\/05\/06\/indaiatuba-promove-maio-musical\/#breadcrumb"},"inLanguage":"pt-BR","potentialAction":[{"@type":"ReadAction","target":["https:\/\/revistaregional.com.br\/site\/2013\/05\/06\/indaiatuba-promove-maio-musical\/"]}]},{"@type":"ImageObject","inLanguage":"pt-BR","@id":"https:\/\/revistaregional.com.br\/site\/2013\/05\/06\/indaiatuba-promove-maio-musical\/#primaryimage","url":"https:\/\/revistaregional.com.br\/site\/wp-content\/uploads\/2013\/05\/cultura-maio-1.jpg","contentUrl":"https:\/\/revistaregional.com.br\/site\/wp-content\/uploads\/2013\/05\/cultura-maio-1.jpg","width":"640","height":"427","caption":"Funk Como Le Gusta \u00e9 uma das atra\u00e7\u00f5es do Maio Musical"},{"@type":"BreadcrumbList","@id":"https:\/\/revistaregional.com.br\/site\/2013\/05\/06\/indaiatuba-promove-maio-musical\/#breadcrumb","itemListElement":[{"@type":"ListItem","position":1,"name":"In\u00edcio","item":"https:\/\/revistaregional.com.br\/site\/"},{"@type":"ListItem","position":2,"name":"Indaiatuba promove Maio Musical"}]},{"@type":"WebSite","@id":"https:\/\/revistaregional.com.br\/site\/#website","url":"https:\/\/revistaregional.com.br\/site\/","name":"Revista Regional","description":"Salto - Itu - Indaituba","potentialAction":[{"@type":"SearchAction","target":{"@type":"EntryPoint","urlTemplate":"https:\/\/revistaregional.com.br\/site\/?s={search_term_string}"},"query-input":{"@type":"PropertyValueSpecification","valueRequired":true,"valueName":"search_term_string"}}],"inLanguage":"pt-BR"},{"@type":"Person","@id":"https:\/\/revistaregional.com.br\/site\/#\/schema\/person\/382af97c580dc1b18f55107bc316010d","name":"contato@revistaregional.com.br","image":{"@type":"ImageObject","inLanguage":"pt-BR","@id":"https:\/\/secure.gravatar.com\/avatar\/869822917e96b2e292d5827e4635855396934485e7c4a0af84e9a214e32ca0cd?s=96&d=mm&r=g","url":"https:\/\/secure.gravatar.com\/avatar\/869822917e96b2e292d5827e4635855396934485e7c4a0af84e9a214e32ca0cd?s=96&d=mm&r=g","contentUrl":"https:\/\/secure.gravatar.com\/avatar\/869822917e96b2e292d5827e4635855396934485e7c4a0af84e9a214e32ca0cd?s=96&d=mm&r=g","caption":"contato@revistaregional.com.br"},"url":"https:\/\/revistaregional.com.br\/site\/author\/contato@revistaregional.com.br\/"}]}},"views":63,"_links":{"self":[{"href":"https:\/\/revistaregional.com.br\/site\/wp-json\/wp\/v2\/posts\/4742","targetHints":{"allow":["GET"]}}],"collection":[{"href":"https:\/\/revistaregional.com.br\/site\/wp-json\/wp\/v2\/posts"}],"about":[{"href":"https:\/\/revistaregional.com.br\/site\/wp-json\/wp\/v2\/types\/post"}],"author":[{"embeddable":true,"href":"https:\/\/revistaregional.com.br\/site\/wp-json\/wp\/v2\/users\/1"}],"replies":[{"embeddable":true,"href":"https:\/\/revistaregional.com.br\/site\/wp-json\/wp\/v2\/comments?post=4742"}],"version-history":[{"count":2,"href":"https:\/\/revistaregional.com.br\/site\/wp-json\/wp\/v2\/posts\/4742\/revisions"}],"predecessor-version":[{"id":4746,"href":"https:\/\/revistaregional.com.br\/site\/wp-json\/wp\/v2\/posts\/4742\/revisions\/4746"}],"wp:featuredmedia":[{"embeddable":true,"href":"https:\/\/revistaregional.com.br\/site\/wp-json\/wp\/v2\/media\/4743"}],"wp:attachment":[{"href":"https:\/\/revistaregional.com.br\/site\/wp-json\/wp\/v2\/media?parent=4742"}],"wp:term":[{"taxonomy":"category","embeddable":true,"href":"https:\/\/revistaregional.com.br\/site\/wp-json\/wp\/v2\/categories?post=4742"},{"taxonomy":"post_tag","embeddable":true,"href":"https:\/\/revistaregional.com.br\/site\/wp-json\/wp\/v2\/tags?post=4742"}],"curies":[{"name":"wp","href":"https:\/\/api.w.org\/{rel}","templated":true}]}}