{"id":4727,"date":"2013-05-06T15:56:11","date_gmt":"2013-05-06T18:56:11","guid":{"rendered":"http:\/\/revistaregional.com.br\/site\/?p=4727"},"modified":"2024-01-26T09:21:29","modified_gmt":"2024-01-26T12:21:29","slug":"dieta-da-beleza","status":"publish","type":"post","link":"https:\/\/revistaregional.com.br\/site\/2013\/05\/06\/dieta-da-beleza\/","title":{"rendered":"Dieta da beleza"},"content":{"rendered":"<figure id=\"attachment_4728\" aria-describedby=\"caption-attachment-4728\" style=\"width: 384px\" class=\"wp-caption aligncenter\"><a href=\"http:\/\/revistaregional.com.br\/site\/wp-content\/uploads\/2013\/05\/vida.jpg\" rel=\"attachment wp-att-4728\"><img fetchpriority=\"high\" decoding=\"async\" class=\" wp-image-4728 \" src=\"http:\/\/revistaregional.com.br\/site\/wp-content\/uploads\/2013\/05\/vida.jpg\" alt=\"\" width=\"384\" height=\"233\" srcset=\"https:\/\/revistaregional.com.br\/site\/wp-content\/uploads\/2013\/05\/vida.jpg 640w, https:\/\/revistaregional.com.br\/site\/wp-content\/uploads\/2013\/05\/vida-300x182.jpg 300w\" sizes=\"(max-width: 384px) 100vw, 384px\" \/><\/a><figcaption id=\"caption-attachment-4728\" class=\"wp-caption-text\">A nutricionista indica o consumo de vegetais e legumes crus, evitando, assim, a perda de vitaminas e a preserva\u00e7\u00e3o de seu teor de fibras<\/figcaption><\/figure>\n<p><em>V\u00e1rios alimentos s\u00e3o essenciais para quem busca cabelos, peles e unhas mais bonitos e saud\u00e1veis<\/em><\/p>\n<p>Muitas pessoas, preocupadas com a beleza e a boa forma, buscam a perfei\u00e7\u00e3o atrav\u00e9s das t\u00e9cnicas artificiais e cirurgias pl\u00e1sticas, esquecendo-se de que a alimenta\u00e7\u00e3o \u00e9 essencial para isso. V\u00e1rios vegetais, gr\u00e3os, frutas e outros alimentos possuem nutrientes importantes para deixar cabelos, unhas e pele mais bonitos e saud\u00e1veis.<\/p>\n<p>Embora n\u00e3o exista uma dieta milagrosa para ficar com o corpo mais belo, a nutricionista Renata Mattos explica que \u00e9 essencial ter uma alimenta\u00e7\u00e3o variada e rica em frutas, legumes, verduras, gr\u00e3os, carnes magras, leite e derivados. \u201cQuando n\u00e3o nos alimentamos corretamente, podemos perceber a pele mais ressecada, cabelos e unhas quebradi\u00e7as\u201d, aponta a profissional.<\/p>\n<p>Refor\u00e7ar a dieta com alimentos ricos em vitaminas do complexo B (g\u00e9rmen de trigo, leite, cereais integrais), vitamina A (gema de ovo, cenoura, ab\u00f3bora, vegetais amarelados), vitamina C (lim\u00e3o, laranja, goiaba, acerola) ajudam, segundo Renata, numa melhora e mais vitalidade para cabelos, pele e unhas.<\/p>\n<p>\u201cPessoas que fazem regimes radicais com falta de prote\u00ednas, vitaminas e minerais, tendem a ter cabelo sem brilho e com fraco crescimento\u201d, cita como exemplo a nutricionista.<\/p>\n<p>Mas para alcan\u00e7ar esse objetivo \u00e9 preciso aten\u00e7\u00e3o na forma como o alimento \u00e9 ingerido. Algumas vitaminas, como C e do complexo B, s\u00e3o muito sens\u00edveis ao cozimento e se perdem facilmente na \u00e1gua em que s\u00e3o fervidas. Por isso, a nutricionista indica o consumo de vegetais e legumes crus, evitando, assim, a perda de vitaminas e a preserva\u00e7\u00e3o de seu teor de fibras.<\/p>\n<p>E n\u00e3o s\u00e3o apenas as mulheres que se preocupam com a est\u00e9tica. Cada vez mais, a vaidade masculina invade consult\u00f3rios e cl\u00ednicas especializadas. Entre eles, a maior preocupa\u00e7\u00e3o sempre \u00e9 a calv\u00edcie. Pois saibam que a alimenta\u00e7\u00e3o tamb\u00e9m pode contribuir para retardar a queda dos cabelos.<\/p>\n<p>Al\u00e9m dos alimentos j\u00e1 citados, a nutricionista indica o refor\u00e7o no consumo de alimentos ricos em prote\u00ednas e amino\u00e1cidos, zinco (carne vermelha, castanha do Par\u00e1, nozes e frutos do mar) e cobre (f\u00edgado, castanhas, g\u00e9rmen de trigo). \u201cNo caso da calv\u00edcie, a principal causa \u00e9 gen\u00e9tica ou estresse, mas esses cuidados com a alimenta\u00e7\u00e3o podem ajudar a controlar o problema\u201d, recomenda Renata.<\/p>\n<p>E sabe o pepino e a cenoura que nossas av\u00f3s sempre disseram ser \u00f3timos para a pele? A nutricionista afirma que \u00e9 a mais pura verdade. O pepino \u00e9 um \u00f3timo diur\u00e9tico e tamb\u00e9m rico em pot\u00e1ssio, que d\u00e1 flexibilidade aos m\u00fasculos e elasticidade \u00e0 pele. J\u00e1 a cenoura, conforme Renata, \u00e9 rica em betacaroteno, que \u00e9 o precursor da vitamina A. Ela ajuda na manuten\u00e7\u00e3o da pele e da vis\u00e3o e tamb\u00e9m na fixa\u00e7\u00e3o do bronzeado.<\/p>\n<p>Perda da gordurinha<\/p>\n<p>Quando falamos em est\u00e9tica, automaticamente pensamos num corpo perfeito e sem barriga. De tempos em tempos, a grande m\u00eddia sempre aponta diversos sucos espec\u00edficos contra a gordura localizada e a celulite. Afinal, existe um suco milagroso?<\/p>\n<p>A nutricionista Renata Mattos faz um alerta e garante que o que existe \u00e9 um conjunto de fatores que contribuem para a melhora da gordura localizada, assim como da celulite. \u201cN\u00e3o adianta tomarmos um copo de suco que diz que reduz a celulite, ficarmos sentados no sof\u00e1 e continuarmos tendo uma alimenta\u00e7\u00e3o ruim. A\u00ed nada vai adiantar\u201d, explica.<\/p>\n<p>Para quem n\u00e3o resiste a um suco, Renata d\u00e1 a receita de um que contribui para desintoxicar e acelerar o metabolismo.<\/p>\n<p>Ingredientes<\/p>\n<p>150 ml de \u00e1gua<\/p>\n<p>2 fatias de abacaxi<\/p>\n<p>1 colher (sopa) de gengibre<\/p>\n<p>1 colher (sopa) de linha\u00e7a<\/p>\n<p>Preparo<\/p>\n<p>Bater todos os ingredientes no liquidificador e servir gelado. Se desejar, adoce.<\/p>\n<p>A nutricionista explica que o abacaxi \u00e9 uma fruta diur\u00e9tica; j\u00e1 o gengibre acelera o metabolismo e d\u00e1 saciedade e a linha\u00e7a \u00e9 rica em fibras e \u00f4mega 3 e 6, ajudando a prevenir doen\u00e7as cardiovasculares e colesterol.<\/p>\n<p><em>\u00a0foto: birf<\/em><\/p>\n","protected":false},"excerpt":{"rendered":"<p>V\u00e1rios alimentos s\u00e3o essenciais para quem busca cabelos, peles e unhas mais bonitos e saud\u00e1veis Muitas pessoas, preocupadas com a beleza e a boa forma, buscam a perfei\u00e7\u00e3o atrav\u00e9s das t\u00e9cnicas artificiais e cirurgias pl\u00e1sticas, esquecendo-se de que a alimenta\u00e7\u00e3o \u00e9 essencial para isso. V\u00e1rios vegetais, gr\u00e3os, frutas e outros alimentos possuem nutrientes importantes para [&hellip;]<\/p>\n","protected":false},"author":1,"featured_media":4728,"comment_status":"open","ping_status":"open","sticky":false,"template":"","format":"standard","meta":{"_acf_changed":false,"ngg_post_thumbnail":0,"_joinchat":[],"footnotes":""},"categories":[8],"tags":[525],"class_list":["post-4727","post","type-post","status-publish","format-standard","has-post-thumbnail","hentry","category-saude-e-beleza","tag-saude-e-beleza"],"acf":[],"yoast_head":"<!-- This site is optimized with the Yoast SEO plugin v27.4 - https:\/\/yoast.com\/product\/yoast-seo-wordpress\/ -->\n<title>Dieta da beleza - Revista Regional<\/title>\n<meta name=\"robots\" content=\"index, follow, max-snippet:-1, max-image-preview:large, max-video-preview:-1\" \/>\n<link rel=\"canonical\" href=\"https:\/\/revistaregional.com.br\/site\/2013\/05\/06\/dieta-da-beleza\/\" \/>\n<meta property=\"og:locale\" content=\"pt_BR\" \/>\n<meta property=\"og:type\" content=\"article\" \/>\n<meta property=\"og:title\" content=\"Dieta da beleza - Revista Regional\" \/>\n<meta property=\"og:description\" content=\"V\u00e1rios alimentos s\u00e3o essenciais para quem busca cabelos, peles e unhas mais bonitos e saud\u00e1veis Muitas pessoas, preocupadas com a beleza e a boa forma, buscam a perfei\u00e7\u00e3o atrav\u00e9s das t\u00e9cnicas artificiais e cirurgias pl\u00e1sticas, esquecendo-se de que a alimenta\u00e7\u00e3o \u00e9 essencial para isso. V\u00e1rios vegetais, gr\u00e3os, frutas e outros alimentos possuem nutrientes importantes para [&hellip;]\" \/>\n<meta property=\"og:url\" content=\"https:\/\/revistaregional.com.br\/site\/2013\/05\/06\/dieta-da-beleza\/\" \/>\n<meta property=\"og:site_name\" content=\"Revista Regional\" \/>\n<meta property=\"article:published_time\" content=\"2013-05-06T18:56:11+00:00\" \/>\n<meta property=\"article:modified_time\" content=\"2024-01-26T12:21:29+00:00\" \/>\n<meta property=\"og:image\" content=\"https:\/\/revistaregional.com.br\/site\/wp-content\/uploads\/2013\/05\/vida.jpg\" \/>\n\t<meta property=\"og:image:width\" content=\"640\" \/>\n\t<meta property=\"og:image:height\" content=\"389\" \/>\n\t<meta property=\"og:image:type\" content=\"image\/jpeg\" \/>\n<meta name=\"author\" content=\"contato@revistaregional.com.br\" \/>\n<meta name=\"twitter:card\" content=\"summary_large_image\" \/>\n<meta name=\"twitter:label1\" content=\"Escrito por\" \/>\n\t<meta name=\"twitter:data1\" content=\"contato@revistaregional.com.br\" \/>\n\t<meta name=\"twitter:label2\" content=\"Est. tempo de leitura\" \/>\n\t<meta name=\"twitter:data2\" content=\"4 minutos\" \/>\n<script type=\"application\/ld+json\" class=\"yoast-schema-graph\">{\"@context\":\"https:\\\/\\\/schema.org\",\"@graph\":[{\"@type\":\"Article\",\"@id\":\"https:\\\/\\\/revistaregional.com.br\\\/site\\\/2013\\\/05\\\/06\\\/dieta-da-beleza\\\/#article\",\"isPartOf\":{\"@id\":\"https:\\\/\\\/revistaregional.com.br\\\/site\\\/2013\\\/05\\\/06\\\/dieta-da-beleza\\\/\"},\"author\":{\"name\":\"contato@revistaregional.com.br\",\"@id\":\"https:\\\/\\\/revistaregional.com.br\\\/site\\\/#\\\/schema\\\/person\\\/382af97c580dc1b18f55107bc316010d\"},\"headline\":\"Dieta da beleza\",\"datePublished\":\"2013-05-06T18:56:11+00:00\",\"dateModified\":\"2024-01-26T12:21:29+00:00\",\"mainEntityOfPage\":{\"@id\":\"https:\\\/\\\/revistaregional.com.br\\\/site\\\/2013\\\/05\\\/06\\\/dieta-da-beleza\\\/\"},\"wordCount\":709,\"commentCount\":0,\"image\":{\"@id\":\"https:\\\/\\\/revistaregional.com.br\\\/site\\\/2013\\\/05\\\/06\\\/dieta-da-beleza\\\/#primaryimage\"},\"thumbnailUrl\":\"https:\\\/\\\/revistaregional.com.br\\\/site\\\/wp-content\\\/uploads\\\/2013\\\/05\\\/vida.jpg\",\"keywords\":[\"Sa\u00fade e Beleza\"],\"articleSection\":[\"Sa\u00fade e Beleza\"],\"inLanguage\":\"pt-BR\",\"potentialAction\":[{\"@type\":\"CommentAction\",\"name\":\"Comment\",\"target\":[\"https:\\\/\\\/revistaregional.com.br\\\/site\\\/2013\\\/05\\\/06\\\/dieta-da-beleza\\\/#respond\"]}]},{\"@type\":\"WebPage\",\"@id\":\"https:\\\/\\\/revistaregional.com.br\\\/site\\\/2013\\\/05\\\/06\\\/dieta-da-beleza\\\/\",\"url\":\"https:\\\/\\\/revistaregional.com.br\\\/site\\\/2013\\\/05\\\/06\\\/dieta-da-beleza\\\/\",\"name\":\"Dieta da beleza - Revista Regional\",\"isPartOf\":{\"@id\":\"https:\\\/\\\/revistaregional.com.br\\\/site\\\/#website\"},\"primaryImageOfPage\":{\"@id\":\"https:\\\/\\\/revistaregional.com.br\\\/site\\\/2013\\\/05\\\/06\\\/dieta-da-beleza\\\/#primaryimage\"},\"image\":{\"@id\":\"https:\\\/\\\/revistaregional.com.br\\\/site\\\/2013\\\/05\\\/06\\\/dieta-da-beleza\\\/#primaryimage\"},\"thumbnailUrl\":\"https:\\\/\\\/revistaregional.com.br\\\/site\\\/wp-content\\\/uploads\\\/2013\\\/05\\\/vida.jpg\",\"datePublished\":\"2013-05-06T18:56:11+00:00\",\"dateModified\":\"2024-01-26T12:21:29+00:00\",\"author\":{\"@id\":\"https:\\\/\\\/revistaregional.com.br\\\/site\\\/#\\\/schema\\\/person\\\/382af97c580dc1b18f55107bc316010d\"},\"breadcrumb\":{\"@id\":\"https:\\\/\\\/revistaregional.com.br\\\/site\\\/2013\\\/05\\\/06\\\/dieta-da-beleza\\\/#breadcrumb\"},\"inLanguage\":\"pt-BR\",\"potentialAction\":[{\"@type\":\"ReadAction\",\"target\":[\"https:\\\/\\\/revistaregional.com.br\\\/site\\\/2013\\\/05\\\/06\\\/dieta-da-beleza\\\/\"]}]},{\"@type\":\"ImageObject\",\"inLanguage\":\"pt-BR\",\"@id\":\"https:\\\/\\\/revistaregional.com.br\\\/site\\\/2013\\\/05\\\/06\\\/dieta-da-beleza\\\/#primaryimage\",\"url\":\"https:\\\/\\\/revistaregional.com.br\\\/site\\\/wp-content\\\/uploads\\\/2013\\\/05\\\/vida.jpg\",\"contentUrl\":\"https:\\\/\\\/revistaregional.com.br\\\/site\\\/wp-content\\\/uploads\\\/2013\\\/05\\\/vida.jpg\",\"width\":\"640\",\"height\":\"389\",\"caption\":\"A nutricionista indica o consumo de vegetais e legumes crus, evitando, assim, a perda de vitaminas e a preserva\u00e7\u00e3o de seu teor de fibras\"},{\"@type\":\"BreadcrumbList\",\"@id\":\"https:\\\/\\\/revistaregional.com.br\\\/site\\\/2013\\\/05\\\/06\\\/dieta-da-beleza\\\/#breadcrumb\",\"itemListElement\":[{\"@type\":\"ListItem\",\"position\":1,\"name\":\"In\u00edcio\",\"item\":\"https:\\\/\\\/revistaregional.com.br\\\/site\\\/\"},{\"@type\":\"ListItem\",\"position\":2,\"name\":\"Dieta da beleza\"}]},{\"@type\":\"WebSite\",\"@id\":\"https:\\\/\\\/revistaregional.com.br\\\/site\\\/#website\",\"url\":\"https:\\\/\\\/revistaregional.com.br\\\/site\\\/\",\"name\":\"Revista Regional\",\"description\":\"Salto - Itu - Indaituba\",\"potentialAction\":[{\"@type\":\"SearchAction\",\"target\":{\"@type\":\"EntryPoint\",\"urlTemplate\":\"https:\\\/\\\/revistaregional.com.br\\\/site\\\/?s={search_term_string}\"},\"query-input\":{\"@type\":\"PropertyValueSpecification\",\"valueRequired\":true,\"valueName\":\"search_term_string\"}}],\"inLanguage\":\"pt-BR\"},{\"@type\":\"Person\",\"@id\":\"https:\\\/\\\/revistaregional.com.br\\\/site\\\/#\\\/schema\\\/person\\\/382af97c580dc1b18f55107bc316010d\",\"name\":\"contato@revistaregional.com.br\",\"image\":{\"@type\":\"ImageObject\",\"inLanguage\":\"pt-BR\",\"@id\":\"https:\\\/\\\/secure.gravatar.com\\\/avatar\\\/869822917e96b2e292d5827e4635855396934485e7c4a0af84e9a214e32ca0cd?s=96&d=mm&r=g\",\"url\":\"https:\\\/\\\/secure.gravatar.com\\\/avatar\\\/869822917e96b2e292d5827e4635855396934485e7c4a0af84e9a214e32ca0cd?s=96&d=mm&r=g\",\"contentUrl\":\"https:\\\/\\\/secure.gravatar.com\\\/avatar\\\/869822917e96b2e292d5827e4635855396934485e7c4a0af84e9a214e32ca0cd?s=96&d=mm&r=g\",\"caption\":\"contato@revistaregional.com.br\"},\"url\":\"https:\\\/\\\/revistaregional.com.br\\\/site\\\/author\\\/contato@revistaregional.com.br\\\/\"}]}<\/script>\n<!-- \/ Yoast SEO plugin. -->","yoast_head_json":{"title":"Dieta da beleza - Revista Regional","robots":{"index":"index","follow":"follow","max-snippet":"max-snippet:-1","max-image-preview":"max-image-preview:large","max-video-preview":"max-video-preview:-1"},"canonical":"https:\/\/revistaregional.com.br\/site\/2013\/05\/06\/dieta-da-beleza\/","og_locale":"pt_BR","og_type":"article","og_title":"Dieta da beleza - Revista Regional","og_description":"V\u00e1rios alimentos s\u00e3o essenciais para quem busca cabelos, peles e unhas mais bonitos e saud\u00e1veis Muitas pessoas, preocupadas com a beleza e a boa forma, buscam a perfei\u00e7\u00e3o atrav\u00e9s das t\u00e9cnicas artificiais e cirurgias pl\u00e1sticas, esquecendo-se de que a alimenta\u00e7\u00e3o \u00e9 essencial para isso. V\u00e1rios vegetais, gr\u00e3os, frutas e outros alimentos possuem nutrientes importantes para [&hellip;]","og_url":"https:\/\/revistaregional.com.br\/site\/2013\/05\/06\/dieta-da-beleza\/","og_site_name":"Revista Regional","article_published_time":"2013-05-06T18:56:11+00:00","article_modified_time":"2024-01-26T12:21:29+00:00","og_image":[{"width":640,"height":389,"url":"https:\/\/revistaregional.com.br\/site\/wp-content\/uploads\/2013\/05\/vida.jpg","type":"image\/jpeg"}],"author":"contato@revistaregional.com.br","twitter_card":"summary_large_image","twitter_misc":{"Escrito por":"contato@revistaregional.com.br","Est. tempo de leitura":"4 minutos"},"schema":{"@context":"https:\/\/schema.org","@graph":[{"@type":"Article","@id":"https:\/\/revistaregional.com.br\/site\/2013\/05\/06\/dieta-da-beleza\/#article","isPartOf":{"@id":"https:\/\/revistaregional.com.br\/site\/2013\/05\/06\/dieta-da-beleza\/"},"author":{"name":"contato@revistaregional.com.br","@id":"https:\/\/revistaregional.com.br\/site\/#\/schema\/person\/382af97c580dc1b18f55107bc316010d"},"headline":"Dieta da beleza","datePublished":"2013-05-06T18:56:11+00:00","dateModified":"2024-01-26T12:21:29+00:00","mainEntityOfPage":{"@id":"https:\/\/revistaregional.com.br\/site\/2013\/05\/06\/dieta-da-beleza\/"},"wordCount":709,"commentCount":0,"image":{"@id":"https:\/\/revistaregional.com.br\/site\/2013\/05\/06\/dieta-da-beleza\/#primaryimage"},"thumbnailUrl":"https:\/\/revistaregional.com.br\/site\/wp-content\/uploads\/2013\/05\/vida.jpg","keywords":["Sa\u00fade e Beleza"],"articleSection":["Sa\u00fade e Beleza"],"inLanguage":"pt-BR","potentialAction":[{"@type":"CommentAction","name":"Comment","target":["https:\/\/revistaregional.com.br\/site\/2013\/05\/06\/dieta-da-beleza\/#respond"]}]},{"@type":"WebPage","@id":"https:\/\/revistaregional.com.br\/site\/2013\/05\/06\/dieta-da-beleza\/","url":"https:\/\/revistaregional.com.br\/site\/2013\/05\/06\/dieta-da-beleza\/","name":"Dieta da beleza - Revista Regional","isPartOf":{"@id":"https:\/\/revistaregional.com.br\/site\/#website"},"primaryImageOfPage":{"@id":"https:\/\/revistaregional.com.br\/site\/2013\/05\/06\/dieta-da-beleza\/#primaryimage"},"image":{"@id":"https:\/\/revistaregional.com.br\/site\/2013\/05\/06\/dieta-da-beleza\/#primaryimage"},"thumbnailUrl":"https:\/\/revistaregional.com.br\/site\/wp-content\/uploads\/2013\/05\/vida.jpg","datePublished":"2013-05-06T18:56:11+00:00","dateModified":"2024-01-26T12:21:29+00:00","author":{"@id":"https:\/\/revistaregional.com.br\/site\/#\/schema\/person\/382af97c580dc1b18f55107bc316010d"},"breadcrumb":{"@id":"https:\/\/revistaregional.com.br\/site\/2013\/05\/06\/dieta-da-beleza\/#breadcrumb"},"inLanguage":"pt-BR","potentialAction":[{"@type":"ReadAction","target":["https:\/\/revistaregional.com.br\/site\/2013\/05\/06\/dieta-da-beleza\/"]}]},{"@type":"ImageObject","inLanguage":"pt-BR","@id":"https:\/\/revistaregional.com.br\/site\/2013\/05\/06\/dieta-da-beleza\/#primaryimage","url":"https:\/\/revistaregional.com.br\/site\/wp-content\/uploads\/2013\/05\/vida.jpg","contentUrl":"https:\/\/revistaregional.com.br\/site\/wp-content\/uploads\/2013\/05\/vida.jpg","width":"640","height":"389","caption":"A nutricionista indica o consumo de vegetais e legumes crus, evitando, assim, a perda de vitaminas e a preserva\u00e7\u00e3o de seu teor de fibras"},{"@type":"BreadcrumbList","@id":"https:\/\/revistaregional.com.br\/site\/2013\/05\/06\/dieta-da-beleza\/#breadcrumb","itemListElement":[{"@type":"ListItem","position":1,"name":"In\u00edcio","item":"https:\/\/revistaregional.com.br\/site\/"},{"@type":"ListItem","position":2,"name":"Dieta da beleza"}]},{"@type":"WebSite","@id":"https:\/\/revistaregional.com.br\/site\/#website","url":"https:\/\/revistaregional.com.br\/site\/","name":"Revista Regional","description":"Salto - Itu - Indaituba","potentialAction":[{"@type":"SearchAction","target":{"@type":"EntryPoint","urlTemplate":"https:\/\/revistaregional.com.br\/site\/?s={search_term_string}"},"query-input":{"@type":"PropertyValueSpecification","valueRequired":true,"valueName":"search_term_string"}}],"inLanguage":"pt-BR"},{"@type":"Person","@id":"https:\/\/revistaregional.com.br\/site\/#\/schema\/person\/382af97c580dc1b18f55107bc316010d","name":"contato@revistaregional.com.br","image":{"@type":"ImageObject","inLanguage":"pt-BR","@id":"https:\/\/secure.gravatar.com\/avatar\/869822917e96b2e292d5827e4635855396934485e7c4a0af84e9a214e32ca0cd?s=96&d=mm&r=g","url":"https:\/\/secure.gravatar.com\/avatar\/869822917e96b2e292d5827e4635855396934485e7c4a0af84e9a214e32ca0cd?s=96&d=mm&r=g","contentUrl":"https:\/\/secure.gravatar.com\/avatar\/869822917e96b2e292d5827e4635855396934485e7c4a0af84e9a214e32ca0cd?s=96&d=mm&r=g","caption":"contato@revistaregional.com.br"},"url":"https:\/\/revistaregional.com.br\/site\/author\/contato@revistaregional.com.br\/"}]}},"views":114,"_links":{"self":[{"href":"https:\/\/revistaregional.com.br\/site\/wp-json\/wp\/v2\/posts\/4727","targetHints":{"allow":["GET"]}}],"collection":[{"href":"https:\/\/revistaregional.com.br\/site\/wp-json\/wp\/v2\/posts"}],"about":[{"href":"https:\/\/revistaregional.com.br\/site\/wp-json\/wp\/v2\/types\/post"}],"author":[{"embeddable":true,"href":"https:\/\/revistaregional.com.br\/site\/wp-json\/wp\/v2\/users\/1"}],"replies":[{"embeddable":true,"href":"https:\/\/revistaregional.com.br\/site\/wp-json\/wp\/v2\/comments?post=4727"}],"version-history":[{"count":2,"href":"https:\/\/revistaregional.com.br\/site\/wp-json\/wp\/v2\/posts\/4727\/revisions"}],"predecessor-version":[{"id":4730,"href":"https:\/\/revistaregional.com.br\/site\/wp-json\/wp\/v2\/posts\/4727\/revisions\/4730"}],"wp:featuredmedia":[{"embeddable":true,"href":"https:\/\/revistaregional.com.br\/site\/wp-json\/wp\/v2\/media\/4728"}],"wp:attachment":[{"href":"https:\/\/revistaregional.com.br\/site\/wp-json\/wp\/v2\/media?parent=4727"}],"wp:term":[{"taxonomy":"category","embeddable":true,"href":"https:\/\/revistaregional.com.br\/site\/wp-json\/wp\/v2\/categories?post=4727"},{"taxonomy":"post_tag","embeddable":true,"href":"https:\/\/revistaregional.com.br\/site\/wp-json\/wp\/v2\/tags?post=4727"}],"curies":[{"name":"wp","href":"https:\/\/api.w.org\/{rel}","templated":true}]}}