{"id":4711,"date":"2013-04-16T09:36:30","date_gmt":"2013-04-16T12:36:30","guid":{"rendered":"http:\/\/revistaregional.com.br\/site\/?p=4711"},"modified":"2024-01-26T10:54:49","modified_gmt":"2024-01-26T13:54:49","slug":"itu-lembra-convencao-republicana-com-eventos","status":"publish","type":"post","link":"https:\/\/revistaregional.com.br\/site\/2013\/04\/16\/itu-lembra-convencao-republicana-com-eventos\/","title":{"rendered":"Itu lembra \u2018Conven\u00e7\u00e3o  Republicana\u2019 com eventos"},"content":{"rendered":"<figure id=\"attachment_4712\" aria-describedby=\"caption-attachment-4712\" style=\"width: 384px\" class=\"wp-caption aligncenter\"><a href=\"http:\/\/revistaregional.com.br\/site\/wp-content\/uploads\/2013\/04\/Quadro-da-Conven\u00e7\u00e3o.jpg\" rel=\"attachment wp-att-4712\"><img fetchpriority=\"high\" decoding=\"async\" class=\"wp-image-4712 \" src=\"http:\/\/revistaregional.com.br\/site\/wp-content\/uploads\/2013\/04\/Quadro-da-Conven\u00e7\u00e3o.jpg\" alt=\"\" width=\"384\" height=\"243\" srcset=\"https:\/\/revistaregional.com.br\/site\/wp-content\/uploads\/2013\/04\/Quadro-da-Conven\u00e7\u00e3o.jpg 640w, https:\/\/revistaregional.com.br\/site\/wp-content\/uploads\/2013\/04\/Quadro-da-Conven\u00e7\u00e3o-300x189.jpg 300w\" sizes=\"(max-width: 384px) 100vw, 384px\" \/><\/a><figcaption id=\"caption-attachment-4712\" class=\"wp-caption-text\">A Conven\u00e7\u00e3o de Itu, 1873, representada pelo artista ituano Jonas de Barros (1875-1939) em pintura realizada em 1920\/21, que integra, desde o in\u00edcio, o acervo do Museu Republicano &#8220;Conven\u00e7\u00e3o de Itu&#8221;. \u00d3leo sobre tela, 52,5 x 102 cm<\/figcaption><\/figure>\n<p>Acontece entre os dias 18 e 25 de abril a Semana da \u201cConven\u00e7\u00e3o Republicana\u201d, em alus\u00e3o \u00e0 passagem da data comemorativa aos 140 anos da realiza\u00e7\u00e3o da \u201cConven\u00e7\u00e3o de Itu\u201d, realizada em 18 de abril de 1873.<\/p>\n<p>A programa\u00e7\u00e3o conta com saraus, exibi\u00e7\u00e3o de filme, exposi\u00e7\u00e3o, lan\u00e7amento de livro entre outras atividades que lembraram a passagem dos 140 Anos da Conven\u00e7\u00e3o de Itu, 90 anos de abertura ao p\u00fablico do Museu Republicano, 50 Anos do Museu Paulista e Museu Republicano na USP. A realiza\u00e7\u00e3o do evento tem a parceria da Secretaria Municipal de Cultura de Itu.<\/p>\n<p>Confira abaixo a programa\u00e7\u00e3o completa:<\/p>\n<p><strong>Data: 18\/04\/2013<\/strong><\/p>\n<p>Solenidade de Abertura da Semana da \u201cConven\u00e7\u00e3o\u201d para autoridades e imprensa.<\/p>\n<p>Lan\u00e7amento dos Selos comemorativos dos 140 anos da \u201cConven\u00e7\u00e3o de Itu\u201d, 90 anos de abertura do Museu Republicano e 50 anos de integra\u00e7\u00e3o \u00e0 USP.<\/p>\n<p>Lan\u00e7ado do concurso liter\u00e1rio: \u201cConven\u00e7\u00e3o de Itu\u201d, promovido pela Academia Ituana de Letras (ACADIL).<\/p>\n<p>Apresenta\u00e7\u00e3o do projeto Educativo do Museu Republicano: \u201cMem\u00f3rias da Conven\u00e7\u00e3o\u201d<\/p>\n<p>Exibi\u00e7\u00e3o de filme Conven\u00e7\u00e3o de Itu de Oswaldo de Oliveira, 1973.<\/p>\n<p>Interven\u00e7\u00e3o Musical \u2013 Museu da M\u00fasica \u2013 Itu<\/p>\n<p>Hor\u00e1rio: 18h<\/p>\n<p>Local:\u00a0 Audit\u00f3rio do Centro de Estudos do Museu Republicano \u201cConven\u00e7\u00e3o de Itu\u201d.<\/p>\n<p>Rua: Bar\u00e3o de Itaim, 140, Centro, Itu\/SP<\/p>\n<p>Abertura das Mostras:<\/p>\n<p>Biblioteca do Museu Republicano \u2013<\/p>\n<p>PROJETO EFEM\u00c9RIDES<\/p>\n<p>Abertura da Mostra bibliogr\u00e1fica: \u201cConven\u00e7\u00e3o de Itu\u201d &#8211; acervo da Biblioteca do Museu Republicano e Biblioteca P\u00fablica Prof. Olavo Valente.<\/p>\n<p>Local: Centro de Estudos do Museu Republicano \u201cConven\u00e7\u00e3o de Itu\u201d, 140, Centro, Itu\/SP<\/p>\n<p>Data: entre 18 e 30 de Abril<\/p>\n<p>Hor\u00e1rio:\u00a0 das 8h \u00e0s 17h<\/p>\n<p>Local:\u00a0 Centro de Estudos do Museu Republicano \u201cConven\u00e7\u00e3o de Itu\u201d.<\/p>\n<p>Rua: Bar\u00e3o de Itaim, 140, Centro, Itu\/SP<\/p>\n<p>Arquivo Hist\u00f3rico e Iconogr\u00e1fico do Museu Republicano \u201cConven\u00e7\u00e3o de Itu\u201d<\/p>\n<p>PROJETO DOCUMENTOS &amp; DOCUMENTA\u00c7\u00c3O.<\/p>\n<p>Tema: Fotografias das antigas exposi\u00e7\u00f5es do Museu Republicano.<\/p>\n<p>Local: Centro de Estudos do Museu Republicano \u201cConven\u00e7\u00e3o de Itu\u201d, 140, Centro, Itu\/SP<\/p>\n<p>Datas: entre 18 e 30 de Abril<\/p>\n<p>Hor\u00e1rio:\u00a0 das 8h \u00e0s 17h<\/p>\n<p>Local:\u00a0 Centro de Estudos do Museu Republicano \u201cConven\u00e7\u00e3o de Itu\u201d.<\/p>\n<p>Rua: Bar\u00e3o de Itaim, 140, Centro, Itu\/SP<\/p>\n<p><strong>Data: 19\/04\/2013<\/strong><\/p>\n<p><span style=\"text-decoration: underline;\">A\u00e7\u00e3o Educativa do Museu da Energia<\/span> \u2013 Itu: &#8220;Do Est\u00fadio \u00e0 Fotografia&#8221; (tamb\u00e9m realizada nos dias 23 e 26)<\/p>\n<p>Hor\u00e1rio: 10h<\/p>\n<p>Local: Museu da Energia<\/p>\n<p>Rua Paula Souza, 669, Centro, Itu\/SP<\/p>\n<p><span style=\"text-decoration: underline;\">Sarau Republicano<\/span> \u2013 Organizado pelo Museu da M\u00fasica \u2013 Itu, Instituto Cultural de Itu e Secretaria de Cultura de Itu<\/p>\n<p>Hor\u00e1rio: 20h<\/p>\n<p>Local: Centro de Estudos do Museu Republicano \u201cConven\u00e7\u00e3o de Itu\u201d,<\/p>\n<p>Rua: Bar\u00e3o de Itaim, 140, Centro, Itu\/SP<\/p>\n<p><strong>Data: 20\/04\/2013<\/strong><\/p>\n<p><span style=\"text-decoration: underline;\">Reuni\u00e3o da Academia Ituana de Letras<\/span>, com confer\u00eancia do Prof. Dr. Salvador Carpi J\u00fanior\/UNICAMP<\/p>\n<p>Hor\u00e1rio: 10h<\/p>\n<p>Local: Audit\u00f3rio do Centro de Estudos do Museu Republicano \u201cConven\u00e7\u00e3o de Itu\u201d, 140, Centro, Itu\/SP<\/p>\n<p><strong>\u00a0<\/strong><strong>Data: 21\/04\/2013<\/strong><\/p>\n<p>Concerto da Corpora\u00e7\u00e3o Musical Uni\u00e3o dos Artistas,\u00a0 e Estreia da Banda\u00a0 Escola Maestro Chiquito ( projeto de forma\u00e7\u00e3o musical para crian\u00e7as e jovens de 7 a 21 anos), promovidos pela Secretaria Municipal de Cultura de Itu.<\/p>\n<p>Hor\u00e1rio: 11h<\/p>\n<p>Local: Pra\u00e7a Padre Miguel, Centro, Itu\/SP<\/p>\n<p><strong>Data: 22\/04\/2013<\/strong><\/p>\n<p><span style=\"text-decoration: underline;\">Abertura da Exposi\u00e7\u00e3o: Elias Lobo, compositor republicano.<\/span><\/p>\n<p>Hor\u00e1rio: 11h<\/p>\n<p>Local: Museu da M\u00fasica- Itu<\/p>\n<p>Rua: Floriano Peixoto, 480 \u2013 Itu\/SP<\/p>\n<p><strong>\u00a0<\/strong><span style=\"text-decoration: underline;\">Caf\u00e9 com Turismo.<\/span><\/p>\n<p>T\u00edtulo: \u201cA Conven\u00e7\u00e3o de Itu vista por seus contempor\u00e2neos\u201d<\/p>\n<p>Palestrante: Dra. AnicleideZequini &#8211; Museu Republicano\/USP<\/p>\n<p>Hor\u00e1rio: 18h30<\/p>\n<p>Local: Secretaria de Turismo de Itu<\/p>\n<p>Rua: Bar\u00e3o de Itaim, 211<br \/>\nCentro &#8211; CEP: 13.300-160 &#8211; Itu\/SP<\/p>\n<p><strong>Data: 23\/04\/2013<\/strong><\/p>\n<p><span style=\"text-decoration: underline;\">Lan\u00e7amento da obra<\/span> Pain\u00e9is de Azulejos do Museu Republicano \u201cConven\u00e7\u00e3o de Itu\u201d, de autoria de Jonas Soares de Souza (EDUSP)<\/p>\n<p><span style=\"text-decoration: underline;\">Abertura da Exposi\u00e7\u00e3o:<\/span> Imagens da Conven\u00e7\u00e3o de Itu: circula\u00e7\u00f5es contempor\u00e2neas<\/p>\n<p>&nbsp;<\/p>\n<p>Nesta exposi\u00e7\u00e3o foram reunidas imagens da \u201cConven\u00e7\u00e3o de Itu\u201d na contemporaneidade.\u00a0 Podemos observar o uso da palavra \u201cConven\u00e7\u00e3o\u201d em diferentes institui\u00e7\u00f5es, estabelecimentos e produtos comerciais.<\/p>\n<p>Hor\u00e1rio: das 19h \u00e0 21h30<\/p>\n<p>Local: Museu Republicano \u201cConven\u00e7\u00e3o de itu\u201d<\/p>\n<p>Rua Bar\u00e3o de Itaim, 67, Centro-Itu\/SP<\/p>\n<p><strong>Data: 24\/04\/2013<\/strong><\/p>\n<p><span style=\"text-decoration: underline;\">A\u00e7\u00e3o Educativa do Museu da M\u00fasica-Itu: \u201cSeresteiros de Itu\u201d<\/span><\/p>\n<p>Hor\u00e1rio: 8h30<\/p>\n<p>Local: Museu da M\u00fasica \u2013 Itu<\/p>\n<p>Rua Floriano Peixoto, 480 \u2013 Itu\/SP<\/p>\n<p><span style=\"text-decoration: underline;\">Palestra \u201cUm olhar hist\u00f3rico sobre a Conven\u00e7\u00e3o de 1873\u201d.<\/span><\/p>\n<p>Palestrante: Prof. Carlos Augusto de Campos Valio- Col\u00e9gio Anglo de Itu<\/p>\n<p>Local: Lojas Ma\u00e7\u00f4nicas de Itu<\/p>\n<p>Rua Floriano Peixoto, 276 centro-Itu\/SP<\/p>\n<p><strong>\u00a0<\/strong><strong>Data: 25\/04\/2013<\/strong><\/p>\n<p><span style=\"text-decoration: underline;\">A\u00e7\u00e3o Educativa: Mem\u00f3rias da \u201cConven\u00e7\u00e3o\u201d<\/span><\/p>\n<p>Nesta a\u00e7\u00e3o pretendemos levantar junto ao p\u00fablico, diversas mem\u00f3rias acerca da \u201cConven\u00e7\u00e3o de Itu\u201d, reuni\u00e3o republicana realizada em 18 de Abril de 1873 no sobrado sede do Museu.\u00a0 Na ocasi\u00e3o, os alunos da Escola Municipal \u201cConven\u00e7\u00e3o de Itu\u201d\u00a0 ir\u00e3o apresentar o Hino do Grupo Escolar \u201cConven\u00e7\u00e3o de Itu\u201d, cuja letra foi escrita pela Dra. Maria L\u00facia D. M. Caselli.<\/p>\n<p>Hor\u00e1rio: 9h e 10h<\/p>\n<p>Local: Museu Republicano \u201cConven\u00e7\u00e3o de itu\u201d<\/p>\n<p>Rua Bar\u00e3o de Itaim, 67, Centro-Itu\/SP<\/p>\n<p><strong>Sess\u00e3o de Encerramento<\/strong><\/p>\n<p>Palestra: A Conven\u00e7\u00e3o de Itu e o Museu Republicano.<\/p>\n<p>Palestrante: Profa. Dra. Heloisa Barbuy &#8211; Supervisora do Museu Republicano\/USP<\/p>\n<p>Hor\u00e1rio: 19h30<\/p>\n<p>Local: Audit\u00f3rio do Centro de Estudos do Museu Republicano \u201cConven\u00e7\u00e3o de Itu\u201d, 140, Centro, Itu\/SP<\/p>\n<p><strong>MAIS<\/strong><\/p>\n<p>Local: Centro de Estudos do Museu Republicano \u201cConven\u00e7\u00e3o de Itu\u201d,<\/p>\n<p>Rua: Bar\u00e3o de Itaim, 140, Centro, Itu\/SP<\/p>\n<p>Fone: 11 40232525<\/p>\n<p>Local: Museu Republicano \u201cConven\u00e7\u00e3o de Itu\u201d<\/p>\n<p>Rua Bar\u00e3o de Itaim, 67, Centro-Itu\/SP<\/p>\n<p>Fone: 11 40230240<\/p>\n<p><em>\u00a0foto: Divulga\u00e7\u00e3o<\/em><\/p>\n","protected":false},"excerpt":{"rendered":"<p>Acontece entre os dias 18 e 25 de abril a Semana da \u201cConven\u00e7\u00e3o Republicana\u201d, em alus\u00e3o \u00e0 passagem da data comemorativa aos 140 anos da realiza\u00e7\u00e3o da \u201cConven\u00e7\u00e3o de Itu\u201d, realizada em 18 de abril de 1873. A programa\u00e7\u00e3o conta com saraus, exibi\u00e7\u00e3o de filme, exposi\u00e7\u00e3o, lan\u00e7amento de livro entre outras atividades que lembraram a [&hellip;]<\/p>\n","protected":false},"author":1,"featured_media":4712,"comment_status":"open","ping_status":"open","sticky":false,"template":"","format":"standard","meta":{"_acf_changed":false,"ngg_post_thumbnail":0,"_joinchat":[],"footnotes":""},"categories":[4],"tags":[533],"class_list":["post-4711","post","type-post","status-publish","format-standard","has-post-thumbnail","hentry","category-cultura","tag-cultura"],"acf":[],"yoast_head":"<!-- This site is optimized with the Yoast SEO plugin v27.4 - https:\/\/yoast.com\/product\/yoast-seo-wordpress\/ -->\n<title>Itu lembra \u2018Conven\u00e7\u00e3o Republicana\u2019 com eventos - Revista Regional<\/title>\n<meta name=\"robots\" content=\"index, follow, max-snippet:-1, max-image-preview:large, max-video-preview:-1\" \/>\n<link rel=\"canonical\" href=\"https:\/\/revistaregional.com.br\/site\/2013\/04\/16\/itu-lembra-convencao-republicana-com-eventos\/\" \/>\n<meta property=\"og:locale\" content=\"pt_BR\" \/>\n<meta property=\"og:type\" content=\"article\" \/>\n<meta property=\"og:title\" content=\"Itu lembra \u2018Conven\u00e7\u00e3o Republicana\u2019 com eventos - Revista Regional\" \/>\n<meta property=\"og:description\" content=\"Acontece entre os dias 18 e 25 de abril a Semana da \u201cConven\u00e7\u00e3o Republicana\u201d, em alus\u00e3o \u00e0 passagem da data comemorativa aos 140 anos da realiza\u00e7\u00e3o da \u201cConven\u00e7\u00e3o de Itu\u201d, realizada em 18 de abril de 1873. A programa\u00e7\u00e3o conta com saraus, exibi\u00e7\u00e3o de filme, exposi\u00e7\u00e3o, lan\u00e7amento de livro entre outras atividades que lembraram a [&hellip;]\" \/>\n<meta property=\"og:url\" content=\"https:\/\/revistaregional.com.br\/site\/2013\/04\/16\/itu-lembra-convencao-republicana-com-eventos\/\" \/>\n<meta property=\"og:site_name\" content=\"Revista Regional\" \/>\n<meta property=\"article:published_time\" content=\"2013-04-16T12:36:30+00:00\" \/>\n<meta property=\"article:modified_time\" content=\"2024-01-26T13:54:49+00:00\" \/>\n<meta property=\"og:image\" content=\"https:\/\/revistaregional.com.br\/site\/wp-content\/uploads\/2013\/04\/Quadro-da-Conven\u00e7\u00e3o.jpg\" \/>\n\t<meta property=\"og:image:width\" content=\"640\" \/>\n\t<meta property=\"og:image:height\" content=\"405\" \/>\n\t<meta property=\"og:image:type\" content=\"image\/jpeg\" \/>\n<meta name=\"author\" content=\"contato@revistaregional.com.br\" \/>\n<meta name=\"twitter:card\" content=\"summary_large_image\" \/>\n<meta name=\"twitter:label1\" content=\"Escrito por\" \/>\n\t<meta name=\"twitter:data1\" content=\"contato@revistaregional.com.br\" \/>\n\t<meta name=\"twitter:label2\" content=\"Est. tempo de leitura\" \/>\n\t<meta name=\"twitter:data2\" content=\"5 minutos\" \/>\n<script type=\"application\/ld+json\" class=\"yoast-schema-graph\">{\"@context\":\"https:\\\/\\\/schema.org\",\"@graph\":[{\"@type\":\"Article\",\"@id\":\"https:\\\/\\\/revistaregional.com.br\\\/site\\\/2013\\\/04\\\/16\\\/itu-lembra-convencao-republicana-com-eventos\\\/#article\",\"isPartOf\":{\"@id\":\"https:\\\/\\\/revistaregional.com.br\\\/site\\\/2013\\\/04\\\/16\\\/itu-lembra-convencao-republicana-com-eventos\\\/\"},\"author\":{\"name\":\"contato@revistaregional.com.br\",\"@id\":\"https:\\\/\\\/revistaregional.com.br\\\/site\\\/#\\\/schema\\\/person\\\/382af97c580dc1b18f55107bc316010d\"},\"headline\":\"Itu lembra \u2018Conven\u00e7\u00e3o Republicana\u2019 com eventos\",\"datePublished\":\"2013-04-16T12:36:30+00:00\",\"dateModified\":\"2024-01-26T13:54:49+00:00\",\"mainEntityOfPage\":{\"@id\":\"https:\\\/\\\/revistaregional.com.br\\\/site\\\/2013\\\/04\\\/16\\\/itu-lembra-convencao-republicana-com-eventos\\\/\"},\"wordCount\":967,\"commentCount\":0,\"image\":{\"@id\":\"https:\\\/\\\/revistaregional.com.br\\\/site\\\/2013\\\/04\\\/16\\\/itu-lembra-convencao-republicana-com-eventos\\\/#primaryimage\"},\"thumbnailUrl\":\"https:\\\/\\\/revistaregional.com.br\\\/site\\\/wp-content\\\/uploads\\\/2013\\\/04\\\/Quadro-da-Conven\u00e7\u00e3o.jpg\",\"keywords\":[\"Cultura\"],\"articleSection\":[\"Cultura\"],\"inLanguage\":\"pt-BR\",\"potentialAction\":[{\"@type\":\"CommentAction\",\"name\":\"Comment\",\"target\":[\"https:\\\/\\\/revistaregional.com.br\\\/site\\\/2013\\\/04\\\/16\\\/itu-lembra-convencao-republicana-com-eventos\\\/#respond\"]}]},{\"@type\":\"WebPage\",\"@id\":\"https:\\\/\\\/revistaregional.com.br\\\/site\\\/2013\\\/04\\\/16\\\/itu-lembra-convencao-republicana-com-eventos\\\/\",\"url\":\"https:\\\/\\\/revistaregional.com.br\\\/site\\\/2013\\\/04\\\/16\\\/itu-lembra-convencao-republicana-com-eventos\\\/\",\"name\":\"Itu lembra \u2018Conven\u00e7\u00e3o Republicana\u2019 com eventos - Revista Regional\",\"isPartOf\":{\"@id\":\"https:\\\/\\\/revistaregional.com.br\\\/site\\\/#website\"},\"primaryImageOfPage\":{\"@id\":\"https:\\\/\\\/revistaregional.com.br\\\/site\\\/2013\\\/04\\\/16\\\/itu-lembra-convencao-republicana-com-eventos\\\/#primaryimage\"},\"image\":{\"@id\":\"https:\\\/\\\/revistaregional.com.br\\\/site\\\/2013\\\/04\\\/16\\\/itu-lembra-convencao-republicana-com-eventos\\\/#primaryimage\"},\"thumbnailUrl\":\"https:\\\/\\\/revistaregional.com.br\\\/site\\\/wp-content\\\/uploads\\\/2013\\\/04\\\/Quadro-da-Conven\u00e7\u00e3o.jpg\",\"datePublished\":\"2013-04-16T12:36:30+00:00\",\"dateModified\":\"2024-01-26T13:54:49+00:00\",\"author\":{\"@id\":\"https:\\\/\\\/revistaregional.com.br\\\/site\\\/#\\\/schema\\\/person\\\/382af97c580dc1b18f55107bc316010d\"},\"breadcrumb\":{\"@id\":\"https:\\\/\\\/revistaregional.com.br\\\/site\\\/2013\\\/04\\\/16\\\/itu-lembra-convencao-republicana-com-eventos\\\/#breadcrumb\"},\"inLanguage\":\"pt-BR\",\"potentialAction\":[{\"@type\":\"ReadAction\",\"target\":[\"https:\\\/\\\/revistaregional.com.br\\\/site\\\/2013\\\/04\\\/16\\\/itu-lembra-convencao-republicana-com-eventos\\\/\"]}]},{\"@type\":\"ImageObject\",\"inLanguage\":\"pt-BR\",\"@id\":\"https:\\\/\\\/revistaregional.com.br\\\/site\\\/2013\\\/04\\\/16\\\/itu-lembra-convencao-republicana-com-eventos\\\/#primaryimage\",\"url\":\"https:\\\/\\\/revistaregional.com.br\\\/site\\\/wp-content\\\/uploads\\\/2013\\\/04\\\/Quadro-da-Conven\u00e7\u00e3o.jpg\",\"contentUrl\":\"https:\\\/\\\/revistaregional.com.br\\\/site\\\/wp-content\\\/uploads\\\/2013\\\/04\\\/Quadro-da-Conven\u00e7\u00e3o.jpg\",\"width\":\"640\",\"height\":\"405\",\"caption\":\"A Conven\u00e7\u00e3o de Itu, 1873, representada pelo artista ituano Jonas de Barros (1875-1939) em pintura realizada em 1920\\\/21, que integra, desde o in\u00edcio, o acervo do Museu Republicano \\\"Conven\u00e7\u00e3o de Itu\\\". \u00d3leo sobre tela, 52,5 x 102 cm\"},{\"@type\":\"BreadcrumbList\",\"@id\":\"https:\\\/\\\/revistaregional.com.br\\\/site\\\/2013\\\/04\\\/16\\\/itu-lembra-convencao-republicana-com-eventos\\\/#breadcrumb\",\"itemListElement\":[{\"@type\":\"ListItem\",\"position\":1,\"name\":\"In\u00edcio\",\"item\":\"https:\\\/\\\/revistaregional.com.br\\\/site\\\/\"},{\"@type\":\"ListItem\",\"position\":2,\"name\":\"Itu lembra \u2018Conven\u00e7\u00e3o Republicana\u2019 com eventos\"}]},{\"@type\":\"WebSite\",\"@id\":\"https:\\\/\\\/revistaregional.com.br\\\/site\\\/#website\",\"url\":\"https:\\\/\\\/revistaregional.com.br\\\/site\\\/\",\"name\":\"Revista Regional\",\"description\":\"Salto - Itu - Indaituba\",\"potentialAction\":[{\"@type\":\"SearchAction\",\"target\":{\"@type\":\"EntryPoint\",\"urlTemplate\":\"https:\\\/\\\/revistaregional.com.br\\\/site\\\/?s={search_term_string}\"},\"query-input\":{\"@type\":\"PropertyValueSpecification\",\"valueRequired\":true,\"valueName\":\"search_term_string\"}}],\"inLanguage\":\"pt-BR\"},{\"@type\":\"Person\",\"@id\":\"https:\\\/\\\/revistaregional.com.br\\\/site\\\/#\\\/schema\\\/person\\\/382af97c580dc1b18f55107bc316010d\",\"name\":\"contato@revistaregional.com.br\",\"image\":{\"@type\":\"ImageObject\",\"inLanguage\":\"pt-BR\",\"@id\":\"https:\\\/\\\/secure.gravatar.com\\\/avatar\\\/869822917e96b2e292d5827e4635855396934485e7c4a0af84e9a214e32ca0cd?s=96&d=mm&r=g\",\"url\":\"https:\\\/\\\/secure.gravatar.com\\\/avatar\\\/869822917e96b2e292d5827e4635855396934485e7c4a0af84e9a214e32ca0cd?s=96&d=mm&r=g\",\"contentUrl\":\"https:\\\/\\\/secure.gravatar.com\\\/avatar\\\/869822917e96b2e292d5827e4635855396934485e7c4a0af84e9a214e32ca0cd?s=96&d=mm&r=g\",\"caption\":\"contato@revistaregional.com.br\"},\"url\":\"https:\\\/\\\/revistaregional.com.br\\\/site\\\/author\\\/contato@revistaregional.com.br\\\/\"}]}<\/script>\n<!-- \/ Yoast SEO plugin. -->","yoast_head_json":{"title":"Itu lembra \u2018Conven\u00e7\u00e3o Republicana\u2019 com eventos - Revista Regional","robots":{"index":"index","follow":"follow","max-snippet":"max-snippet:-1","max-image-preview":"max-image-preview:large","max-video-preview":"max-video-preview:-1"},"canonical":"https:\/\/revistaregional.com.br\/site\/2013\/04\/16\/itu-lembra-convencao-republicana-com-eventos\/","og_locale":"pt_BR","og_type":"article","og_title":"Itu lembra \u2018Conven\u00e7\u00e3o Republicana\u2019 com eventos - Revista Regional","og_description":"Acontece entre os dias 18 e 25 de abril a Semana da \u201cConven\u00e7\u00e3o Republicana\u201d, em alus\u00e3o \u00e0 passagem da data comemorativa aos 140 anos da realiza\u00e7\u00e3o da \u201cConven\u00e7\u00e3o de Itu\u201d, realizada em 18 de abril de 1873. A programa\u00e7\u00e3o conta com saraus, exibi\u00e7\u00e3o de filme, exposi\u00e7\u00e3o, lan\u00e7amento de livro entre outras atividades que lembraram a [&hellip;]","og_url":"https:\/\/revistaregional.com.br\/site\/2013\/04\/16\/itu-lembra-convencao-republicana-com-eventos\/","og_site_name":"Revista Regional","article_published_time":"2013-04-16T12:36:30+00:00","article_modified_time":"2024-01-26T13:54:49+00:00","og_image":[{"width":640,"height":405,"url":"https:\/\/revistaregional.com.br\/site\/wp-content\/uploads\/2013\/04\/Quadro-da-Conven\u00e7\u00e3o.jpg","type":"image\/jpeg"}],"author":"contato@revistaregional.com.br","twitter_card":"summary_large_image","twitter_misc":{"Escrito por":"contato@revistaregional.com.br","Est. tempo de leitura":"5 minutos"},"schema":{"@context":"https:\/\/schema.org","@graph":[{"@type":"Article","@id":"https:\/\/revistaregional.com.br\/site\/2013\/04\/16\/itu-lembra-convencao-republicana-com-eventos\/#article","isPartOf":{"@id":"https:\/\/revistaregional.com.br\/site\/2013\/04\/16\/itu-lembra-convencao-republicana-com-eventos\/"},"author":{"name":"contato@revistaregional.com.br","@id":"https:\/\/revistaregional.com.br\/site\/#\/schema\/person\/382af97c580dc1b18f55107bc316010d"},"headline":"Itu lembra \u2018Conven\u00e7\u00e3o Republicana\u2019 com eventos","datePublished":"2013-04-16T12:36:30+00:00","dateModified":"2024-01-26T13:54:49+00:00","mainEntityOfPage":{"@id":"https:\/\/revistaregional.com.br\/site\/2013\/04\/16\/itu-lembra-convencao-republicana-com-eventos\/"},"wordCount":967,"commentCount":0,"image":{"@id":"https:\/\/revistaregional.com.br\/site\/2013\/04\/16\/itu-lembra-convencao-republicana-com-eventos\/#primaryimage"},"thumbnailUrl":"https:\/\/revistaregional.com.br\/site\/wp-content\/uploads\/2013\/04\/Quadro-da-Conven\u00e7\u00e3o.jpg","keywords":["Cultura"],"articleSection":["Cultura"],"inLanguage":"pt-BR","potentialAction":[{"@type":"CommentAction","name":"Comment","target":["https:\/\/revistaregional.com.br\/site\/2013\/04\/16\/itu-lembra-convencao-republicana-com-eventos\/#respond"]}]},{"@type":"WebPage","@id":"https:\/\/revistaregional.com.br\/site\/2013\/04\/16\/itu-lembra-convencao-republicana-com-eventos\/","url":"https:\/\/revistaregional.com.br\/site\/2013\/04\/16\/itu-lembra-convencao-republicana-com-eventos\/","name":"Itu lembra \u2018Conven\u00e7\u00e3o Republicana\u2019 com eventos - Revista Regional","isPartOf":{"@id":"https:\/\/revistaregional.com.br\/site\/#website"},"primaryImageOfPage":{"@id":"https:\/\/revistaregional.com.br\/site\/2013\/04\/16\/itu-lembra-convencao-republicana-com-eventos\/#primaryimage"},"image":{"@id":"https:\/\/revistaregional.com.br\/site\/2013\/04\/16\/itu-lembra-convencao-republicana-com-eventos\/#primaryimage"},"thumbnailUrl":"https:\/\/revistaregional.com.br\/site\/wp-content\/uploads\/2013\/04\/Quadro-da-Conven\u00e7\u00e3o.jpg","datePublished":"2013-04-16T12:36:30+00:00","dateModified":"2024-01-26T13:54:49+00:00","author":{"@id":"https:\/\/revistaregional.com.br\/site\/#\/schema\/person\/382af97c580dc1b18f55107bc316010d"},"breadcrumb":{"@id":"https:\/\/revistaregional.com.br\/site\/2013\/04\/16\/itu-lembra-convencao-republicana-com-eventos\/#breadcrumb"},"inLanguage":"pt-BR","potentialAction":[{"@type":"ReadAction","target":["https:\/\/revistaregional.com.br\/site\/2013\/04\/16\/itu-lembra-convencao-republicana-com-eventos\/"]}]},{"@type":"ImageObject","inLanguage":"pt-BR","@id":"https:\/\/revistaregional.com.br\/site\/2013\/04\/16\/itu-lembra-convencao-republicana-com-eventos\/#primaryimage","url":"https:\/\/revistaregional.com.br\/site\/wp-content\/uploads\/2013\/04\/Quadro-da-Conven\u00e7\u00e3o.jpg","contentUrl":"https:\/\/revistaregional.com.br\/site\/wp-content\/uploads\/2013\/04\/Quadro-da-Conven\u00e7\u00e3o.jpg","width":"640","height":"405","caption":"A Conven\u00e7\u00e3o de Itu, 1873, representada pelo artista ituano Jonas de Barros (1875-1939) em pintura realizada em 1920\/21, que integra, desde o in\u00edcio, o acervo do Museu Republicano \"Conven\u00e7\u00e3o de Itu\". \u00d3leo sobre tela, 52,5 x 102 cm"},{"@type":"BreadcrumbList","@id":"https:\/\/revistaregional.com.br\/site\/2013\/04\/16\/itu-lembra-convencao-republicana-com-eventos\/#breadcrumb","itemListElement":[{"@type":"ListItem","position":1,"name":"In\u00edcio","item":"https:\/\/revistaregional.com.br\/site\/"},{"@type":"ListItem","position":2,"name":"Itu lembra \u2018Conven\u00e7\u00e3o Republicana\u2019 com eventos"}]},{"@type":"WebSite","@id":"https:\/\/revistaregional.com.br\/site\/#website","url":"https:\/\/revistaregional.com.br\/site\/","name":"Revista Regional","description":"Salto - Itu - Indaituba","potentialAction":[{"@type":"SearchAction","target":{"@type":"EntryPoint","urlTemplate":"https:\/\/revistaregional.com.br\/site\/?s={search_term_string}"},"query-input":{"@type":"PropertyValueSpecification","valueRequired":true,"valueName":"search_term_string"}}],"inLanguage":"pt-BR"},{"@type":"Person","@id":"https:\/\/revistaregional.com.br\/site\/#\/schema\/person\/382af97c580dc1b18f55107bc316010d","name":"contato@revistaregional.com.br","image":{"@type":"ImageObject","inLanguage":"pt-BR","@id":"https:\/\/secure.gravatar.com\/avatar\/869822917e96b2e292d5827e4635855396934485e7c4a0af84e9a214e32ca0cd?s=96&d=mm&r=g","url":"https:\/\/secure.gravatar.com\/avatar\/869822917e96b2e292d5827e4635855396934485e7c4a0af84e9a214e32ca0cd?s=96&d=mm&r=g","contentUrl":"https:\/\/secure.gravatar.com\/avatar\/869822917e96b2e292d5827e4635855396934485e7c4a0af84e9a214e32ca0cd?s=96&d=mm&r=g","caption":"contato@revistaregional.com.br"},"url":"https:\/\/revistaregional.com.br\/site\/author\/contato@revistaregional.com.br\/"}]}},"views":66,"_links":{"self":[{"href":"https:\/\/revistaregional.com.br\/site\/wp-json\/wp\/v2\/posts\/4711","targetHints":{"allow":["GET"]}}],"collection":[{"href":"https:\/\/revistaregional.com.br\/site\/wp-json\/wp\/v2\/posts"}],"about":[{"href":"https:\/\/revistaregional.com.br\/site\/wp-json\/wp\/v2\/types\/post"}],"author":[{"embeddable":true,"href":"https:\/\/revistaregional.com.br\/site\/wp-json\/wp\/v2\/users\/1"}],"replies":[{"embeddable":true,"href":"https:\/\/revistaregional.com.br\/site\/wp-json\/wp\/v2\/comments?post=4711"}],"version-history":[{"count":4,"href":"https:\/\/revistaregional.com.br\/site\/wp-json\/wp\/v2\/posts\/4711\/revisions"}],"predecessor-version":[{"id":32433,"href":"https:\/\/revistaregional.com.br\/site\/wp-json\/wp\/v2\/posts\/4711\/revisions\/32433"}],"wp:featuredmedia":[{"embeddable":true,"href":"https:\/\/revistaregional.com.br\/site\/wp-json\/wp\/v2\/media\/4712"}],"wp:attachment":[{"href":"https:\/\/revistaregional.com.br\/site\/wp-json\/wp\/v2\/media?parent=4711"}],"wp:term":[{"taxonomy":"category","embeddable":true,"href":"https:\/\/revistaregional.com.br\/site\/wp-json\/wp\/v2\/categories?post=4711"},{"taxonomy":"post_tag","embeddable":true,"href":"https:\/\/revistaregional.com.br\/site\/wp-json\/wp\/v2\/tags?post=4711"}],"curies":[{"name":"wp","href":"https:\/\/api.w.org\/{rel}","templated":true}]}}