{"id":4656,"date":"2013-04-05T13:50:24","date_gmt":"2013-04-05T16:50:24","guid":{"rendered":"http:\/\/revistaregional.com.br\/site\/?p=4656"},"modified":"2024-01-26T10:54:53","modified_gmt":"2024-01-26T13:54:53","slug":"itu-promove-projeto-caminhos-da-leitura","status":"publish","type":"post","link":"https:\/\/revistaregional.com.br\/site\/2013\/04\/05\/itu-promove-projeto-caminhos-da-leitura\/","title":{"rendered":"Itu promove projeto \u201cCaminhos da Leitura\u201d"},"content":{"rendered":"<figure id=\"attachment_4658\" aria-describedby=\"caption-attachment-4658\" style=\"width: 384px\" class=\"wp-caption aligncenter\"><a href=\"http:\/\/revistaregional.com.br\/site\/wp-content\/uploads\/2013\/04\/caminhos-da-leitura.jpg\" rel=\"attachment wp-att-4658\"><img fetchpriority=\"high\" decoding=\"async\" class=\" wp-image-4658 \" src=\"http:\/\/revistaregional.com.br\/site\/wp-content\/uploads\/2013\/04\/caminhos-da-leitura.jpg\" alt=\"\" width=\"384\" height=\"219\" srcset=\"https:\/\/revistaregional.com.br\/site\/wp-content\/uploads\/2013\/04\/caminhos-da-leitura.jpg 640w, https:\/\/revistaregional.com.br\/site\/wp-content\/uploads\/2013\/04\/caminhos-da-leitura-300x171.jpg 300w\" sizes=\"(max-width: 384px) 100vw, 384px\" \/><\/a><figcaption id=\"caption-attachment-4658\" class=\"wp-caption-text\">: Projeto chega a Itu trazendo literatura e entretenimento<\/figcaption><\/figure>\n<p align=\"center\"><em>A\u00e7\u00e3o cultural re\u00fane oficinas, palestras, livros a pre\u00e7os acess\u00edveis e a presen\u00e7a de Laurentino Gomes<\/em><\/p>\n<p>\u00a0Entre os dias 11 e 14 de abril a Secretaria Municipal de Cultura de Itu traz para a cidade o projeto \u201cCaminhos da Leitura\u201d que oferece para a popula\u00e7\u00e3o venda de livros a pre\u00e7os acess\u00edveis, palestras, apresenta\u00e7\u00f5es musicais, filmes, oficinas, entre muitas outras atividades para adultos e crian\u00e7as.<\/p>\n<p>O projeto \u201cCaminhos da Leitura\u201d ser\u00e1 realizado no Centro Administrativo Municipal e contar\u00e1 com tendas para oficinas e palestras que ser\u00e3o realizadas durante os quatro dias de evento. A feira de livros oferece exemplares com pre\u00e7os que variam de R$ 1 a R$ 10 e Best Sellers de no m\u00e1ximo R$ 30.<\/p>\n<p>A presen\u00e7a do jornalista e autor Laurentino Gomes j\u00e1 est\u00e1 confirmada. Ele \u00e9 autor dos livros 1808 e 1822 e, atualmente, est\u00e1 escrevendo 1889, livro sobre a Proclama\u00e7\u00e3o da Rep\u00fablica que passa pela Conven\u00e7\u00e3o Republicana realizada em Itu. Laurentino Gomes, pelo livro 1808, ganhou o Pr\u00eamio Jabuti da C\u00e2mara Brasileira do Livro, nas categorias Melhor Livro Reportagem e Livro do Ano de N\u00e3o-Fic\u00e7\u00e3o. Sua obra tamb\u00e9m foi eleita o Melhor Ensaio de 2008 pela Academia Brasileira de Letras e permaneceu tr\u00eas anos consecutivos na lista dos livros mais vendidos de Portugal e Brasil.<\/p>\n<p>Tamb\u00e9m j\u00e1 confirmou presen\u00e7a o autor ituano Paulo Stucchi, jornalista, professor e escritor. Stucchi \u00e9 autor dos romances O Natal sem Mam\u00e3e (escrito em 2003, mas publicado em 2008), A Fonte (2010), O Triste Amor de Augusto Ramonet (2011) e Menina &#8211; Mitacu\u00f1a (2013). Tamb\u00e9m publicou no Itu.com a s\u00e9rie de artigos &#8220;Ruas por onde andamos&#8221;, que aborda a liga\u00e7\u00e3o entre os nomes das ruas de Itu e suas correspond\u00eancias hist\u00f3ricas. \u00c9 membro da Acadil (Academia Ituana de Letras) desde 2011. Atualmente, dirige a Parla!,empresa focada no ramo de assessoria de comunica\u00e7\u00e3o e eventos corporativos.<\/p>\n<p>O autor Ferr\u00e9z tamb\u00e9m marca presen\u00e7a. Apelidado pelos leitores como o romancista da trai\u00e7\u00e3o, j\u00e1 lan\u00e7ou o romance Manual Pr\u00e1tico do \u00f3dio; o infantil Amanhecer esmeralda e o livro de contos Ningu\u00e9m \u00e9 inocente em S\u00e3o Paulo. O autor teve suas obras traduzidas na It\u00e1lia, Alemanha, Portugal, Espanha e Estados Unidos. Ferr\u00e9z tamb\u00e9m atua como colunista na revista Caros Amigos desde 2000 e \u00e9 conselheiro editorial do Le MondDiplomatic Brasil.<\/p>\n<p>A escritora Patr\u00edcia EngelSecco, com v\u00e1rios t\u00edtulos publicados de literatura infantil\u00a0 tamb\u00e9m participa do bate-papo e ainda o autor de livros de mist\u00e9rio e suspense, Paulo Levy tamb\u00e9m confirmou sua participa\u00e7\u00e3o.<\/p>\n<p>Haver\u00e1 apresenta\u00e7\u00e3o do Grupo musical \u201cSeresteiros ao Luar\u201d, que far\u00e1 o lan\u00e7amento de seu cd com m\u00fasicas brasileiras de todos os tempos, al\u00e9m da apresenta\u00e7\u00e3o da Orquestra de Viola de Itu.<\/p>\n<p>O \u201cCaminhos da Leitura\u201d tamb\u00e9m conta com um display de livros do programa \u201cEsquenta\u201d, da TV Globo. Os exemplares foram doados por artistas, pol\u00edticos e celebridades, todos com dedicat\u00f3rias dos convidados da atra\u00e7\u00e3o comandada por Regina Cas\u00e9.<\/p>\n<p>A entrada para as atividades do projeto que ficar\u00e1 no sagu\u00e3o e nas laterais do Pa\u00e7o Municipal de Itu de 11 a 14 de abril, das 9h \u00e0s 19h, \u00e9 gratuita. O Centro Administrativo Municipal fica na rua Itu 400 anos, 111, bairro Itu Novo Centro.<\/p>\n<p>Confira abaixo a programa\u00e7\u00e3o completa do evento:<\/p>\n<p>11 de abril \u2013 abertura<\/p>\n<p>17h \u2013 Bate-papo \u2013 Ferr\u00e9z<\/p>\n<p>Literatura dando sentido pra vida<\/p>\n<p>12 de abril<\/p>\n<p>16h30 \u2013 Bate-papo na estrada \u2013 Paulo Levy<\/p>\n<p>O romance policial no Brasil \u2013 Vende pouco por que ningu\u00e9m escreve ou ningu\u00e9m escreve por que vende pouco?<\/p>\n<p>16h \u2013 Cinelivro<\/p>\n<p>Filme Al\u00f4, Al\u00f4 Terezinha<\/p>\n<p>Classifica\u00e7\u00e3o indicativa 12 anos<\/p>\n<p>18h \u2013 Laurentino Gomes<\/p>\n<p>13 de abril<\/p>\n<p>13h \u2013 Cinelivro<\/p>\n<p>Filme Brasil animado, de Mariana Caltabiano<\/p>\n<p>Classifica\u00e7\u00e3o indicativa livre<\/p>\n<p>14h \u2013 Apresenta\u00e7\u00e3o da Orquestra de Viola de Itu<\/p>\n<p>15h &#8211; Paulo Stucchi<\/p>\n<p>Pesquisa e cria\u00e7\u00e3o \u2013 Dos personagens ao enredo<\/p>\n<p>16h \u2013 Patr\u00edcia EngelSecco<\/p>\n<p>Autora de livros infantis com tem\u00e1tica ambiental<\/p>\n<p>16h \u2013 Grupo Musical Seresteiros ao Luar<\/p>\n<p>Apresenta\u00e7\u00e3o de m\u00fasicas brasileiras de todos os tempos<\/p>\n<p>14 de abril<\/p>\n<p>16h \u2013 Cinelivro<\/p>\n<p>Filme O Palha\u00e7o, com Selton Mello<\/p>\n<p>Classifica\u00e7\u00e3o indicativa 12 anos<\/p>\n<p>foto: Divulga\u00e7\u00e3o<\/p>\n","protected":false},"excerpt":{"rendered":"<p>A\u00e7\u00e3o cultural re\u00fane oficinas, palestras, livros a pre\u00e7os acess\u00edveis e a presen\u00e7a de Laurentino Gomes \u00a0Entre os dias 11 e 14 de abril a Secretaria Municipal de Cultura de Itu traz para a cidade o projeto \u201cCaminhos da Leitura\u201d que oferece para a popula\u00e7\u00e3o venda de livros a pre\u00e7os acess\u00edveis, palestras, apresenta\u00e7\u00f5es musicais, filmes, oficinas, [&hellip;]<\/p>\n","protected":false},"author":1,"featured_media":4658,"comment_status":"open","ping_status":"open","sticky":false,"template":"","format":"standard","meta":{"_acf_changed":false,"ngg_post_thumbnail":0,"_joinchat":[],"footnotes":""},"categories":[4],"tags":[533],"class_list":["post-4656","post","type-post","status-publish","format-standard","has-post-thumbnail","hentry","category-cultura","tag-cultura"],"acf":[],"yoast_head":"<!-- This site is optimized with the Yoast SEO plugin v27.4 - https:\/\/yoast.com\/product\/yoast-seo-wordpress\/ -->\n<title>Itu promove projeto \u201cCaminhos da Leitura\u201d - Revista Regional<\/title>\n<meta name=\"robots\" content=\"index, follow, max-snippet:-1, max-image-preview:large, max-video-preview:-1\" \/>\n<link rel=\"canonical\" href=\"https:\/\/revistaregional.com.br\/site\/2013\/04\/05\/itu-promove-projeto-caminhos-da-leitura\/\" \/>\n<meta property=\"og:locale\" content=\"pt_BR\" \/>\n<meta property=\"og:type\" content=\"article\" \/>\n<meta property=\"og:title\" content=\"Itu promove projeto \u201cCaminhos da Leitura\u201d - Revista Regional\" \/>\n<meta property=\"og:description\" content=\"A\u00e7\u00e3o cultural re\u00fane oficinas, palestras, livros a pre\u00e7os acess\u00edveis e a presen\u00e7a de Laurentino Gomes \u00a0Entre os dias 11 e 14 de abril a Secretaria Municipal de Cultura de Itu traz para a cidade o projeto \u201cCaminhos da Leitura\u201d que oferece para a popula\u00e7\u00e3o venda de livros a pre\u00e7os acess\u00edveis, palestras, apresenta\u00e7\u00f5es musicais, filmes, oficinas, [&hellip;]\" \/>\n<meta property=\"og:url\" content=\"https:\/\/revistaregional.com.br\/site\/2013\/04\/05\/itu-promove-projeto-caminhos-da-leitura\/\" \/>\n<meta property=\"og:site_name\" content=\"Revista Regional\" \/>\n<meta property=\"article:published_time\" content=\"2013-04-05T16:50:24+00:00\" \/>\n<meta property=\"article:modified_time\" content=\"2024-01-26T13:54:53+00:00\" \/>\n<meta property=\"og:image\" content=\"https:\/\/revistaregional.com.br\/site\/wp-content\/uploads\/2013\/04\/caminhos-da-leitura.jpg\" \/>\n\t<meta property=\"og:image:width\" content=\"640\" \/>\n\t<meta property=\"og:image:height\" content=\"365\" \/>\n\t<meta property=\"og:image:type\" content=\"image\/jpeg\" \/>\n<meta name=\"author\" content=\"contato@revistaregional.com.br\" \/>\n<meta name=\"twitter:card\" content=\"summary_large_image\" \/>\n<meta name=\"twitter:label1\" content=\"Escrito por\" \/>\n\t<meta name=\"twitter:data1\" content=\"contato@revistaregional.com.br\" \/>\n\t<meta name=\"twitter:label2\" content=\"Est. tempo de leitura\" \/>\n\t<meta name=\"twitter:data2\" content=\"4 minutos\" \/>\n<script type=\"application\/ld+json\" class=\"yoast-schema-graph\">{\"@context\":\"https:\\\/\\\/schema.org\",\"@graph\":[{\"@type\":\"Article\",\"@id\":\"https:\\\/\\\/revistaregional.com.br\\\/site\\\/2013\\\/04\\\/05\\\/itu-promove-projeto-caminhos-da-leitura\\\/#article\",\"isPartOf\":{\"@id\":\"https:\\\/\\\/revistaregional.com.br\\\/site\\\/2013\\\/04\\\/05\\\/itu-promove-projeto-caminhos-da-leitura\\\/\"},\"author\":{\"name\":\"contato@revistaregional.com.br\",\"@id\":\"https:\\\/\\\/revistaregional.com.br\\\/site\\\/#\\\/schema\\\/person\\\/382af97c580dc1b18f55107bc316010d\"},\"headline\":\"Itu promove projeto \u201cCaminhos da Leitura\u201d\",\"datePublished\":\"2013-04-05T16:50:24+00:00\",\"dateModified\":\"2024-01-26T13:54:53+00:00\",\"mainEntityOfPage\":{\"@id\":\"https:\\\/\\\/revistaregional.com.br\\\/site\\\/2013\\\/04\\\/05\\\/itu-promove-projeto-caminhos-da-leitura\\\/\"},\"wordCount\":718,\"commentCount\":0,\"image\":{\"@id\":\"https:\\\/\\\/revistaregional.com.br\\\/site\\\/2013\\\/04\\\/05\\\/itu-promove-projeto-caminhos-da-leitura\\\/#primaryimage\"},\"thumbnailUrl\":\"https:\\\/\\\/revistaregional.com.br\\\/site\\\/wp-content\\\/uploads\\\/2013\\\/04\\\/caminhos-da-leitura.jpg\",\"keywords\":[\"Cultura\"],\"articleSection\":[\"Cultura\"],\"inLanguage\":\"pt-BR\",\"potentialAction\":[{\"@type\":\"CommentAction\",\"name\":\"Comment\",\"target\":[\"https:\\\/\\\/revistaregional.com.br\\\/site\\\/2013\\\/04\\\/05\\\/itu-promove-projeto-caminhos-da-leitura\\\/#respond\"]}]},{\"@type\":\"WebPage\",\"@id\":\"https:\\\/\\\/revistaregional.com.br\\\/site\\\/2013\\\/04\\\/05\\\/itu-promove-projeto-caminhos-da-leitura\\\/\",\"url\":\"https:\\\/\\\/revistaregional.com.br\\\/site\\\/2013\\\/04\\\/05\\\/itu-promove-projeto-caminhos-da-leitura\\\/\",\"name\":\"Itu promove projeto \u201cCaminhos da Leitura\u201d - Revista Regional\",\"isPartOf\":{\"@id\":\"https:\\\/\\\/revistaregional.com.br\\\/site\\\/#website\"},\"primaryImageOfPage\":{\"@id\":\"https:\\\/\\\/revistaregional.com.br\\\/site\\\/2013\\\/04\\\/05\\\/itu-promove-projeto-caminhos-da-leitura\\\/#primaryimage\"},\"image\":{\"@id\":\"https:\\\/\\\/revistaregional.com.br\\\/site\\\/2013\\\/04\\\/05\\\/itu-promove-projeto-caminhos-da-leitura\\\/#primaryimage\"},\"thumbnailUrl\":\"https:\\\/\\\/revistaregional.com.br\\\/site\\\/wp-content\\\/uploads\\\/2013\\\/04\\\/caminhos-da-leitura.jpg\",\"datePublished\":\"2013-04-05T16:50:24+00:00\",\"dateModified\":\"2024-01-26T13:54:53+00:00\",\"author\":{\"@id\":\"https:\\\/\\\/revistaregional.com.br\\\/site\\\/#\\\/schema\\\/person\\\/382af97c580dc1b18f55107bc316010d\"},\"breadcrumb\":{\"@id\":\"https:\\\/\\\/revistaregional.com.br\\\/site\\\/2013\\\/04\\\/05\\\/itu-promove-projeto-caminhos-da-leitura\\\/#breadcrumb\"},\"inLanguage\":\"pt-BR\",\"potentialAction\":[{\"@type\":\"ReadAction\",\"target\":[\"https:\\\/\\\/revistaregional.com.br\\\/site\\\/2013\\\/04\\\/05\\\/itu-promove-projeto-caminhos-da-leitura\\\/\"]}]},{\"@type\":\"ImageObject\",\"inLanguage\":\"pt-BR\",\"@id\":\"https:\\\/\\\/revistaregional.com.br\\\/site\\\/2013\\\/04\\\/05\\\/itu-promove-projeto-caminhos-da-leitura\\\/#primaryimage\",\"url\":\"https:\\\/\\\/revistaregional.com.br\\\/site\\\/wp-content\\\/uploads\\\/2013\\\/04\\\/caminhos-da-leitura.jpg\",\"contentUrl\":\"https:\\\/\\\/revistaregional.com.br\\\/site\\\/wp-content\\\/uploads\\\/2013\\\/04\\\/caminhos-da-leitura.jpg\",\"width\":\"640\",\"height\":\"365\",\"caption\":\": Projeto chega a Itu trazendo literatura e entretenimento\"},{\"@type\":\"BreadcrumbList\",\"@id\":\"https:\\\/\\\/revistaregional.com.br\\\/site\\\/2013\\\/04\\\/05\\\/itu-promove-projeto-caminhos-da-leitura\\\/#breadcrumb\",\"itemListElement\":[{\"@type\":\"ListItem\",\"position\":1,\"name\":\"In\u00edcio\",\"item\":\"https:\\\/\\\/revistaregional.com.br\\\/site\\\/\"},{\"@type\":\"ListItem\",\"position\":2,\"name\":\"Itu promove projeto \u201cCaminhos da Leitura\u201d\"}]},{\"@type\":\"WebSite\",\"@id\":\"https:\\\/\\\/revistaregional.com.br\\\/site\\\/#website\",\"url\":\"https:\\\/\\\/revistaregional.com.br\\\/site\\\/\",\"name\":\"Revista Regional\",\"description\":\"Salto - Itu - Indaituba\",\"potentialAction\":[{\"@type\":\"SearchAction\",\"target\":{\"@type\":\"EntryPoint\",\"urlTemplate\":\"https:\\\/\\\/revistaregional.com.br\\\/site\\\/?s={search_term_string}\"},\"query-input\":{\"@type\":\"PropertyValueSpecification\",\"valueRequired\":true,\"valueName\":\"search_term_string\"}}],\"inLanguage\":\"pt-BR\"},{\"@type\":\"Person\",\"@id\":\"https:\\\/\\\/revistaregional.com.br\\\/site\\\/#\\\/schema\\\/person\\\/382af97c580dc1b18f55107bc316010d\",\"name\":\"contato@revistaregional.com.br\",\"image\":{\"@type\":\"ImageObject\",\"inLanguage\":\"pt-BR\",\"@id\":\"https:\\\/\\\/secure.gravatar.com\\\/avatar\\\/869822917e96b2e292d5827e4635855396934485e7c4a0af84e9a214e32ca0cd?s=96&d=mm&r=g\",\"url\":\"https:\\\/\\\/secure.gravatar.com\\\/avatar\\\/869822917e96b2e292d5827e4635855396934485e7c4a0af84e9a214e32ca0cd?s=96&d=mm&r=g\",\"contentUrl\":\"https:\\\/\\\/secure.gravatar.com\\\/avatar\\\/869822917e96b2e292d5827e4635855396934485e7c4a0af84e9a214e32ca0cd?s=96&d=mm&r=g\",\"caption\":\"contato@revistaregional.com.br\"},\"url\":\"https:\\\/\\\/revistaregional.com.br\\\/site\\\/author\\\/contato@revistaregional.com.br\\\/\"}]}<\/script>\n<!-- \/ Yoast SEO plugin. -->","yoast_head_json":{"title":"Itu promove projeto \u201cCaminhos da Leitura\u201d - Revista Regional","robots":{"index":"index","follow":"follow","max-snippet":"max-snippet:-1","max-image-preview":"max-image-preview:large","max-video-preview":"max-video-preview:-1"},"canonical":"https:\/\/revistaregional.com.br\/site\/2013\/04\/05\/itu-promove-projeto-caminhos-da-leitura\/","og_locale":"pt_BR","og_type":"article","og_title":"Itu promove projeto \u201cCaminhos da Leitura\u201d - Revista Regional","og_description":"A\u00e7\u00e3o cultural re\u00fane oficinas, palestras, livros a pre\u00e7os acess\u00edveis e a presen\u00e7a de Laurentino Gomes \u00a0Entre os dias 11 e 14 de abril a Secretaria Municipal de Cultura de Itu traz para a cidade o projeto \u201cCaminhos da Leitura\u201d que oferece para a popula\u00e7\u00e3o venda de livros a pre\u00e7os acess\u00edveis, palestras, apresenta\u00e7\u00f5es musicais, filmes, oficinas, [&hellip;]","og_url":"https:\/\/revistaregional.com.br\/site\/2013\/04\/05\/itu-promove-projeto-caminhos-da-leitura\/","og_site_name":"Revista Regional","article_published_time":"2013-04-05T16:50:24+00:00","article_modified_time":"2024-01-26T13:54:53+00:00","og_image":[{"width":640,"height":365,"url":"https:\/\/revistaregional.com.br\/site\/wp-content\/uploads\/2013\/04\/caminhos-da-leitura.jpg","type":"image\/jpeg"}],"author":"contato@revistaregional.com.br","twitter_card":"summary_large_image","twitter_misc":{"Escrito por":"contato@revistaregional.com.br","Est. tempo de leitura":"4 minutos"},"schema":{"@context":"https:\/\/schema.org","@graph":[{"@type":"Article","@id":"https:\/\/revistaregional.com.br\/site\/2013\/04\/05\/itu-promove-projeto-caminhos-da-leitura\/#article","isPartOf":{"@id":"https:\/\/revistaregional.com.br\/site\/2013\/04\/05\/itu-promove-projeto-caminhos-da-leitura\/"},"author":{"name":"contato@revistaregional.com.br","@id":"https:\/\/revistaregional.com.br\/site\/#\/schema\/person\/382af97c580dc1b18f55107bc316010d"},"headline":"Itu promove projeto \u201cCaminhos da Leitura\u201d","datePublished":"2013-04-05T16:50:24+00:00","dateModified":"2024-01-26T13:54:53+00:00","mainEntityOfPage":{"@id":"https:\/\/revistaregional.com.br\/site\/2013\/04\/05\/itu-promove-projeto-caminhos-da-leitura\/"},"wordCount":718,"commentCount":0,"image":{"@id":"https:\/\/revistaregional.com.br\/site\/2013\/04\/05\/itu-promove-projeto-caminhos-da-leitura\/#primaryimage"},"thumbnailUrl":"https:\/\/revistaregional.com.br\/site\/wp-content\/uploads\/2013\/04\/caminhos-da-leitura.jpg","keywords":["Cultura"],"articleSection":["Cultura"],"inLanguage":"pt-BR","potentialAction":[{"@type":"CommentAction","name":"Comment","target":["https:\/\/revistaregional.com.br\/site\/2013\/04\/05\/itu-promove-projeto-caminhos-da-leitura\/#respond"]}]},{"@type":"WebPage","@id":"https:\/\/revistaregional.com.br\/site\/2013\/04\/05\/itu-promove-projeto-caminhos-da-leitura\/","url":"https:\/\/revistaregional.com.br\/site\/2013\/04\/05\/itu-promove-projeto-caminhos-da-leitura\/","name":"Itu promove projeto \u201cCaminhos da Leitura\u201d - Revista Regional","isPartOf":{"@id":"https:\/\/revistaregional.com.br\/site\/#website"},"primaryImageOfPage":{"@id":"https:\/\/revistaregional.com.br\/site\/2013\/04\/05\/itu-promove-projeto-caminhos-da-leitura\/#primaryimage"},"image":{"@id":"https:\/\/revistaregional.com.br\/site\/2013\/04\/05\/itu-promove-projeto-caminhos-da-leitura\/#primaryimage"},"thumbnailUrl":"https:\/\/revistaregional.com.br\/site\/wp-content\/uploads\/2013\/04\/caminhos-da-leitura.jpg","datePublished":"2013-04-05T16:50:24+00:00","dateModified":"2024-01-26T13:54:53+00:00","author":{"@id":"https:\/\/revistaregional.com.br\/site\/#\/schema\/person\/382af97c580dc1b18f55107bc316010d"},"breadcrumb":{"@id":"https:\/\/revistaregional.com.br\/site\/2013\/04\/05\/itu-promove-projeto-caminhos-da-leitura\/#breadcrumb"},"inLanguage":"pt-BR","potentialAction":[{"@type":"ReadAction","target":["https:\/\/revistaregional.com.br\/site\/2013\/04\/05\/itu-promove-projeto-caminhos-da-leitura\/"]}]},{"@type":"ImageObject","inLanguage":"pt-BR","@id":"https:\/\/revistaregional.com.br\/site\/2013\/04\/05\/itu-promove-projeto-caminhos-da-leitura\/#primaryimage","url":"https:\/\/revistaregional.com.br\/site\/wp-content\/uploads\/2013\/04\/caminhos-da-leitura.jpg","contentUrl":"https:\/\/revistaregional.com.br\/site\/wp-content\/uploads\/2013\/04\/caminhos-da-leitura.jpg","width":"640","height":"365","caption":": Projeto chega a Itu trazendo literatura e entretenimento"},{"@type":"BreadcrumbList","@id":"https:\/\/revistaregional.com.br\/site\/2013\/04\/05\/itu-promove-projeto-caminhos-da-leitura\/#breadcrumb","itemListElement":[{"@type":"ListItem","position":1,"name":"In\u00edcio","item":"https:\/\/revistaregional.com.br\/site\/"},{"@type":"ListItem","position":2,"name":"Itu promove projeto \u201cCaminhos da Leitura\u201d"}]},{"@type":"WebSite","@id":"https:\/\/revistaregional.com.br\/site\/#website","url":"https:\/\/revistaregional.com.br\/site\/","name":"Revista Regional","description":"Salto - Itu - Indaituba","potentialAction":[{"@type":"SearchAction","target":{"@type":"EntryPoint","urlTemplate":"https:\/\/revistaregional.com.br\/site\/?s={search_term_string}"},"query-input":{"@type":"PropertyValueSpecification","valueRequired":true,"valueName":"search_term_string"}}],"inLanguage":"pt-BR"},{"@type":"Person","@id":"https:\/\/revistaregional.com.br\/site\/#\/schema\/person\/382af97c580dc1b18f55107bc316010d","name":"contato@revistaregional.com.br","image":{"@type":"ImageObject","inLanguage":"pt-BR","@id":"https:\/\/secure.gravatar.com\/avatar\/869822917e96b2e292d5827e4635855396934485e7c4a0af84e9a214e32ca0cd?s=96&d=mm&r=g","url":"https:\/\/secure.gravatar.com\/avatar\/869822917e96b2e292d5827e4635855396934485e7c4a0af84e9a214e32ca0cd?s=96&d=mm&r=g","contentUrl":"https:\/\/secure.gravatar.com\/avatar\/869822917e96b2e292d5827e4635855396934485e7c4a0af84e9a214e32ca0cd?s=96&d=mm&r=g","caption":"contato@revistaregional.com.br"},"url":"https:\/\/revistaregional.com.br\/site\/author\/contato@revistaregional.com.br\/"}]}},"views":63,"_links":{"self":[{"href":"https:\/\/revistaregional.com.br\/site\/wp-json\/wp\/v2\/posts\/4656","targetHints":{"allow":["GET"]}}],"collection":[{"href":"https:\/\/revistaregional.com.br\/site\/wp-json\/wp\/v2\/posts"}],"about":[{"href":"https:\/\/revistaregional.com.br\/site\/wp-json\/wp\/v2\/types\/post"}],"author":[{"embeddable":true,"href":"https:\/\/revistaregional.com.br\/site\/wp-json\/wp\/v2\/users\/1"}],"replies":[{"embeddable":true,"href":"https:\/\/revistaregional.com.br\/site\/wp-json\/wp\/v2\/comments?post=4656"}],"version-history":[{"count":4,"href":"https:\/\/revistaregional.com.br\/site\/wp-json\/wp\/v2\/posts\/4656\/revisions"}],"predecessor-version":[{"id":32437,"href":"https:\/\/revistaregional.com.br\/site\/wp-json\/wp\/v2\/posts\/4656\/revisions\/32437"}],"wp:featuredmedia":[{"embeddable":true,"href":"https:\/\/revistaregional.com.br\/site\/wp-json\/wp\/v2\/media\/4658"}],"wp:attachment":[{"href":"https:\/\/revistaregional.com.br\/site\/wp-json\/wp\/v2\/media?parent=4656"}],"wp:term":[{"taxonomy":"category","embeddable":true,"href":"https:\/\/revistaregional.com.br\/site\/wp-json\/wp\/v2\/categories?post=4656"},{"taxonomy":"post_tag","embeddable":true,"href":"https:\/\/revistaregional.com.br\/site\/wp-json\/wp\/v2\/tags?post=4656"}],"curies":[{"name":"wp","href":"https:\/\/api.w.org\/{rel}","templated":true}]}}