{"id":4583,"date":"2013-04-03T14:38:28","date_gmt":"2013-04-03T17:38:28","guid":{"rendered":"http:\/\/revistaregional.com.br\/site\/?p=4583"},"modified":"2024-01-26T09:57:32","modified_gmt":"2024-01-26T12:57:32","slug":"ituanos-ganham-medalhas-na-copa-paulista-de-jiujitsu","status":"publish","type":"post","link":"https:\/\/revistaregional.com.br\/site\/2013\/04\/03\/ituanos-ganham-medalhas-na-copa-paulista-de-jiujitsu\/","title":{"rendered":"Ituanos ganham medalhas na Copa Paulista de JiuJitsu"},"content":{"rendered":"<figure id=\"attachment_4584\" aria-describedby=\"caption-attachment-4584\" style=\"width: 288px\" class=\"wp-caption alignleft\"><a href=\"http:\/\/revistaregional.com.br\/site\/wp-content\/uploads\/2013\/04\/site-bruno-campeao.jpg\" rel=\"attachment wp-att-4584\"><img fetchpriority=\"high\" decoding=\"async\" class=\" wp-image-4584 \" src=\"http:\/\/revistaregional.com.br\/site\/wp-content\/uploads\/2013\/04\/site-bruno-campeao.jpg\" alt=\"\" width=\"288\" height=\"384\" srcset=\"https:\/\/revistaregional.com.br\/site\/wp-content\/uploads\/2013\/04\/site-bruno-campeao.jpg 480w, https:\/\/revistaregional.com.br\/site\/wp-content\/uploads\/2013\/04\/site-bruno-campeao-225x300.jpg 225w\" sizes=\"(max-width: 288px) 100vw, 288px\" \/><\/a><figcaption id=\"caption-attachment-4584\" class=\"wp-caption-text\">Ituanos na Copa Paulista de JiuJitsu<\/figcaption><\/figure>\n<p>Os atletas da Academia Lifestyle BJJ Bruno Martins e Danilo Azevedo representaram mais uma vez o jiujitsuituano lutando pela equipe Checkmatna 1\u00aa edi\u00e7\u00e3o da Copa Paulista de Jiujitsu, realizadaem Jundia\u00ed no \u00faltimo dia 24, evento que em breve se tornar\u00e1 um dos mais importantes do Interior com muitos atletas de ponta.<\/p>\n<p>Bruno Martins conseguiu mais uma vez o ouro na categoria adulto marrom m\u00e9dio ap\u00f3s fazer uma campanha impec\u00e1vel com \u00f3tima movimenta\u00e7\u00e3o e lutas dur\u00edssimas. A pr\u00f3xima batalha de Martins ser\u00e1 em abril no campeonato Brasileiro pela CBJJ. Danilo Azevedo, lutando na categoria Adulto Marrom Leve, garantiu o ouro ap\u00f3s fechar a final com outro atleta da mesma equipe, em seguida disputou ainda na categoria absoluto (categoria sem distin\u00e7\u00e3o de peso) fazendo uma luta espetacular com um atleta que tinha quase o dobro do seu peso.<\/p>\n<p><em>\u00a0Foto: Divulga\u00e7\u00e3o<\/em><\/p>\n","protected":false},"excerpt":{"rendered":"<p>Os atletas da Academia Lifestyle BJJ Bruno Martins e Danilo Azevedo representaram mais uma vez o jiujitsuituano lutando pela equipe Checkmatna 1\u00aa edi\u00e7\u00e3o da Copa Paulista de Jiujitsu, realizadaem Jundia\u00ed no \u00faltimo dia 24, evento que em breve se tornar\u00e1 um dos mais importantes do Interior com muitos atletas de ponta. Bruno Martins conseguiu mais [&hellip;]<\/p>\n","protected":false},"author":1,"featured_media":4584,"comment_status":"open","ping_status":"open","sticky":false,"template":"","format":"standard","meta":{"_acf_changed":false,"ngg_post_thumbnail":0,"_joinchat":[],"footnotes":""},"categories":[12],"tags":[527],"class_list":["post-4583","post","type-post","status-publish","format-standard","has-post-thumbnail","hentry","category-regionais","tag-regionais"],"acf":[],"yoast_head":"<!-- This site is optimized with the Yoast SEO plugin v27.4 - https:\/\/yoast.com\/product\/yoast-seo-wordpress\/ -->\n<title>Ituanos ganham medalhas na Copa Paulista de JiuJitsu - Revista Regional<\/title>\n<meta name=\"robots\" content=\"index, follow, max-snippet:-1, max-image-preview:large, max-video-preview:-1\" \/>\n<link rel=\"canonical\" href=\"https:\/\/revistaregional.com.br\/site\/2013\/04\/03\/ituanos-ganham-medalhas-na-copa-paulista-de-jiujitsu\/\" \/>\n<meta property=\"og:locale\" content=\"pt_BR\" \/>\n<meta property=\"og:type\" content=\"article\" \/>\n<meta property=\"og:title\" content=\"Ituanos ganham medalhas na Copa Paulista de JiuJitsu - Revista Regional\" \/>\n<meta property=\"og:description\" content=\"Os atletas da Academia Lifestyle BJJ Bruno Martins e Danilo Azevedo representaram mais uma vez o jiujitsuituano lutando pela equipe Checkmatna 1\u00aa edi\u00e7\u00e3o da Copa Paulista de Jiujitsu, realizadaem Jundia\u00ed no \u00faltimo dia 24, evento que em breve se tornar\u00e1 um dos mais importantes do Interior com muitos atletas de ponta. Bruno Martins conseguiu mais [&hellip;]\" \/>\n<meta property=\"og:url\" content=\"https:\/\/revistaregional.com.br\/site\/2013\/04\/03\/ituanos-ganham-medalhas-na-copa-paulista-de-jiujitsu\/\" \/>\n<meta property=\"og:site_name\" content=\"Revista Regional\" \/>\n<meta property=\"article:published_time\" content=\"2013-04-03T17:38:28+00:00\" \/>\n<meta property=\"article:modified_time\" content=\"2024-01-26T12:57:32+00:00\" \/>\n<meta property=\"og:image\" content=\"https:\/\/revistaregional.com.br\/site\/wp-content\/uploads\/2013\/04\/site-bruno-campeao.jpg\" \/>\n\t<meta property=\"og:image:width\" content=\"480\" \/>\n\t<meta property=\"og:image:height\" content=\"640\" \/>\n\t<meta property=\"og:image:type\" content=\"image\/jpeg\" \/>\n<meta name=\"author\" content=\"contato@revistaregional.com.br\" \/>\n<meta name=\"twitter:card\" content=\"summary_large_image\" \/>\n<meta name=\"twitter:label1\" content=\"Escrito por\" \/>\n\t<meta name=\"twitter:data1\" content=\"contato@revistaregional.com.br\" \/>\n\t<meta name=\"twitter:label2\" content=\"Est. tempo de leitura\" \/>\n\t<meta name=\"twitter:data2\" content=\"1 minuto\" \/>\n<script type=\"application\/ld+json\" class=\"yoast-schema-graph\">{\"@context\":\"https:\\\/\\\/schema.org\",\"@graph\":[{\"@type\":\"Article\",\"@id\":\"https:\\\/\\\/revistaregional.com.br\\\/site\\\/2013\\\/04\\\/03\\\/ituanos-ganham-medalhas-na-copa-paulista-de-jiujitsu\\\/#article\",\"isPartOf\":{\"@id\":\"https:\\\/\\\/revistaregional.com.br\\\/site\\\/2013\\\/04\\\/03\\\/ituanos-ganham-medalhas-na-copa-paulista-de-jiujitsu\\\/\"},\"author\":{\"name\":\"contato@revistaregional.com.br\",\"@id\":\"https:\\\/\\\/revistaregional.com.br\\\/site\\\/#\\\/schema\\\/person\\\/382af97c580dc1b18f55107bc316010d\"},\"headline\":\"Ituanos ganham medalhas na Copa Paulista de JiuJitsu\",\"datePublished\":\"2013-04-03T17:38:28+00:00\",\"dateModified\":\"2024-01-26T12:57:32+00:00\",\"mainEntityOfPage\":{\"@id\":\"https:\\\/\\\/revistaregional.com.br\\\/site\\\/2013\\\/04\\\/03\\\/ituanos-ganham-medalhas-na-copa-paulista-de-jiujitsu\\\/\"},\"wordCount\":167,\"commentCount\":1,\"image\":{\"@id\":\"https:\\\/\\\/revistaregional.com.br\\\/site\\\/2013\\\/04\\\/03\\\/ituanos-ganham-medalhas-na-copa-paulista-de-jiujitsu\\\/#primaryimage\"},\"thumbnailUrl\":\"https:\\\/\\\/revistaregional.com.br\\\/site\\\/wp-content\\\/uploads\\\/2013\\\/04\\\/site-bruno-campeao.jpg\",\"keywords\":[\"Regionais\"],\"articleSection\":[\"Regionais\"],\"inLanguage\":\"pt-BR\",\"potentialAction\":[{\"@type\":\"CommentAction\",\"name\":\"Comment\",\"target\":[\"https:\\\/\\\/revistaregional.com.br\\\/site\\\/2013\\\/04\\\/03\\\/ituanos-ganham-medalhas-na-copa-paulista-de-jiujitsu\\\/#respond\"]}]},{\"@type\":\"WebPage\",\"@id\":\"https:\\\/\\\/revistaregional.com.br\\\/site\\\/2013\\\/04\\\/03\\\/ituanos-ganham-medalhas-na-copa-paulista-de-jiujitsu\\\/\",\"url\":\"https:\\\/\\\/revistaregional.com.br\\\/site\\\/2013\\\/04\\\/03\\\/ituanos-ganham-medalhas-na-copa-paulista-de-jiujitsu\\\/\",\"name\":\"Ituanos ganham medalhas na Copa Paulista de JiuJitsu - Revista Regional\",\"isPartOf\":{\"@id\":\"https:\\\/\\\/revistaregional.com.br\\\/site\\\/#website\"},\"primaryImageOfPage\":{\"@id\":\"https:\\\/\\\/revistaregional.com.br\\\/site\\\/2013\\\/04\\\/03\\\/ituanos-ganham-medalhas-na-copa-paulista-de-jiujitsu\\\/#primaryimage\"},\"image\":{\"@id\":\"https:\\\/\\\/revistaregional.com.br\\\/site\\\/2013\\\/04\\\/03\\\/ituanos-ganham-medalhas-na-copa-paulista-de-jiujitsu\\\/#primaryimage\"},\"thumbnailUrl\":\"https:\\\/\\\/revistaregional.com.br\\\/site\\\/wp-content\\\/uploads\\\/2013\\\/04\\\/site-bruno-campeao.jpg\",\"datePublished\":\"2013-04-03T17:38:28+00:00\",\"dateModified\":\"2024-01-26T12:57:32+00:00\",\"author\":{\"@id\":\"https:\\\/\\\/revistaregional.com.br\\\/site\\\/#\\\/schema\\\/person\\\/382af97c580dc1b18f55107bc316010d\"},\"breadcrumb\":{\"@id\":\"https:\\\/\\\/revistaregional.com.br\\\/site\\\/2013\\\/04\\\/03\\\/ituanos-ganham-medalhas-na-copa-paulista-de-jiujitsu\\\/#breadcrumb\"},\"inLanguage\":\"pt-BR\",\"potentialAction\":[{\"@type\":\"ReadAction\",\"target\":[\"https:\\\/\\\/revistaregional.com.br\\\/site\\\/2013\\\/04\\\/03\\\/ituanos-ganham-medalhas-na-copa-paulista-de-jiujitsu\\\/\"]}]},{\"@type\":\"ImageObject\",\"inLanguage\":\"pt-BR\",\"@id\":\"https:\\\/\\\/revistaregional.com.br\\\/site\\\/2013\\\/04\\\/03\\\/ituanos-ganham-medalhas-na-copa-paulista-de-jiujitsu\\\/#primaryimage\",\"url\":\"https:\\\/\\\/revistaregional.com.br\\\/site\\\/wp-content\\\/uploads\\\/2013\\\/04\\\/site-bruno-campeao.jpg\",\"contentUrl\":\"https:\\\/\\\/revistaregional.com.br\\\/site\\\/wp-content\\\/uploads\\\/2013\\\/04\\\/site-bruno-campeao.jpg\",\"width\":\"480\",\"height\":\"640\",\"caption\":\"Ituanos na Copa Paulista de JiuJitsu\"},{\"@type\":\"BreadcrumbList\",\"@id\":\"https:\\\/\\\/revistaregional.com.br\\\/site\\\/2013\\\/04\\\/03\\\/ituanos-ganham-medalhas-na-copa-paulista-de-jiujitsu\\\/#breadcrumb\",\"itemListElement\":[{\"@type\":\"ListItem\",\"position\":1,\"name\":\"In\u00edcio\",\"item\":\"https:\\\/\\\/revistaregional.com.br\\\/site\\\/\"},{\"@type\":\"ListItem\",\"position\":2,\"name\":\"Ituanos ganham medalhas na Copa Paulista de JiuJitsu\"}]},{\"@type\":\"WebSite\",\"@id\":\"https:\\\/\\\/revistaregional.com.br\\\/site\\\/#website\",\"url\":\"https:\\\/\\\/revistaregional.com.br\\\/site\\\/\",\"name\":\"Revista Regional\",\"description\":\"Salto - Itu - Indaituba\",\"potentialAction\":[{\"@type\":\"SearchAction\",\"target\":{\"@type\":\"EntryPoint\",\"urlTemplate\":\"https:\\\/\\\/revistaregional.com.br\\\/site\\\/?s={search_term_string}\"},\"query-input\":{\"@type\":\"PropertyValueSpecification\",\"valueRequired\":true,\"valueName\":\"search_term_string\"}}],\"inLanguage\":\"pt-BR\"},{\"@type\":\"Person\",\"@id\":\"https:\\\/\\\/revistaregional.com.br\\\/site\\\/#\\\/schema\\\/person\\\/382af97c580dc1b18f55107bc316010d\",\"name\":\"contato@revistaregional.com.br\",\"image\":{\"@type\":\"ImageObject\",\"inLanguage\":\"pt-BR\",\"@id\":\"https:\\\/\\\/secure.gravatar.com\\\/avatar\\\/869822917e96b2e292d5827e4635855396934485e7c4a0af84e9a214e32ca0cd?s=96&d=mm&r=g\",\"url\":\"https:\\\/\\\/secure.gravatar.com\\\/avatar\\\/869822917e96b2e292d5827e4635855396934485e7c4a0af84e9a214e32ca0cd?s=96&d=mm&r=g\",\"contentUrl\":\"https:\\\/\\\/secure.gravatar.com\\\/avatar\\\/869822917e96b2e292d5827e4635855396934485e7c4a0af84e9a214e32ca0cd?s=96&d=mm&r=g\",\"caption\":\"contato@revistaregional.com.br\"},\"url\":\"https:\\\/\\\/revistaregional.com.br\\\/site\\\/author\\\/contato@revistaregional.com.br\\\/\"}]}<\/script>\n<!-- \/ Yoast SEO plugin. -->","yoast_head_json":{"title":"Ituanos ganham medalhas na Copa Paulista de JiuJitsu - Revista Regional","robots":{"index":"index","follow":"follow","max-snippet":"max-snippet:-1","max-image-preview":"max-image-preview:large","max-video-preview":"max-video-preview:-1"},"canonical":"https:\/\/revistaregional.com.br\/site\/2013\/04\/03\/ituanos-ganham-medalhas-na-copa-paulista-de-jiujitsu\/","og_locale":"pt_BR","og_type":"article","og_title":"Ituanos ganham medalhas na Copa Paulista de JiuJitsu - Revista Regional","og_description":"Os atletas da Academia Lifestyle BJJ Bruno Martins e Danilo Azevedo representaram mais uma vez o jiujitsuituano lutando pela equipe Checkmatna 1\u00aa edi\u00e7\u00e3o da Copa Paulista de Jiujitsu, realizadaem Jundia\u00ed no \u00faltimo dia 24, evento que em breve se tornar\u00e1 um dos mais importantes do Interior com muitos atletas de ponta. Bruno Martins conseguiu mais [&hellip;]","og_url":"https:\/\/revistaregional.com.br\/site\/2013\/04\/03\/ituanos-ganham-medalhas-na-copa-paulista-de-jiujitsu\/","og_site_name":"Revista Regional","article_published_time":"2013-04-03T17:38:28+00:00","article_modified_time":"2024-01-26T12:57:32+00:00","og_image":[{"width":480,"height":640,"url":"https:\/\/revistaregional.com.br\/site\/wp-content\/uploads\/2013\/04\/site-bruno-campeao.jpg","type":"image\/jpeg"}],"author":"contato@revistaregional.com.br","twitter_card":"summary_large_image","twitter_misc":{"Escrito por":"contato@revistaregional.com.br","Est. tempo de leitura":"1 minuto"},"schema":{"@context":"https:\/\/schema.org","@graph":[{"@type":"Article","@id":"https:\/\/revistaregional.com.br\/site\/2013\/04\/03\/ituanos-ganham-medalhas-na-copa-paulista-de-jiujitsu\/#article","isPartOf":{"@id":"https:\/\/revistaregional.com.br\/site\/2013\/04\/03\/ituanos-ganham-medalhas-na-copa-paulista-de-jiujitsu\/"},"author":{"name":"contato@revistaregional.com.br","@id":"https:\/\/revistaregional.com.br\/site\/#\/schema\/person\/382af97c580dc1b18f55107bc316010d"},"headline":"Ituanos ganham medalhas na Copa Paulista de JiuJitsu","datePublished":"2013-04-03T17:38:28+00:00","dateModified":"2024-01-26T12:57:32+00:00","mainEntityOfPage":{"@id":"https:\/\/revistaregional.com.br\/site\/2013\/04\/03\/ituanos-ganham-medalhas-na-copa-paulista-de-jiujitsu\/"},"wordCount":167,"commentCount":1,"image":{"@id":"https:\/\/revistaregional.com.br\/site\/2013\/04\/03\/ituanos-ganham-medalhas-na-copa-paulista-de-jiujitsu\/#primaryimage"},"thumbnailUrl":"https:\/\/revistaregional.com.br\/site\/wp-content\/uploads\/2013\/04\/site-bruno-campeao.jpg","keywords":["Regionais"],"articleSection":["Regionais"],"inLanguage":"pt-BR","potentialAction":[{"@type":"CommentAction","name":"Comment","target":["https:\/\/revistaregional.com.br\/site\/2013\/04\/03\/ituanos-ganham-medalhas-na-copa-paulista-de-jiujitsu\/#respond"]}]},{"@type":"WebPage","@id":"https:\/\/revistaregional.com.br\/site\/2013\/04\/03\/ituanos-ganham-medalhas-na-copa-paulista-de-jiujitsu\/","url":"https:\/\/revistaregional.com.br\/site\/2013\/04\/03\/ituanos-ganham-medalhas-na-copa-paulista-de-jiujitsu\/","name":"Ituanos ganham medalhas na Copa Paulista de JiuJitsu - Revista Regional","isPartOf":{"@id":"https:\/\/revistaregional.com.br\/site\/#website"},"primaryImageOfPage":{"@id":"https:\/\/revistaregional.com.br\/site\/2013\/04\/03\/ituanos-ganham-medalhas-na-copa-paulista-de-jiujitsu\/#primaryimage"},"image":{"@id":"https:\/\/revistaregional.com.br\/site\/2013\/04\/03\/ituanos-ganham-medalhas-na-copa-paulista-de-jiujitsu\/#primaryimage"},"thumbnailUrl":"https:\/\/revistaregional.com.br\/site\/wp-content\/uploads\/2013\/04\/site-bruno-campeao.jpg","datePublished":"2013-04-03T17:38:28+00:00","dateModified":"2024-01-26T12:57:32+00:00","author":{"@id":"https:\/\/revistaregional.com.br\/site\/#\/schema\/person\/382af97c580dc1b18f55107bc316010d"},"breadcrumb":{"@id":"https:\/\/revistaregional.com.br\/site\/2013\/04\/03\/ituanos-ganham-medalhas-na-copa-paulista-de-jiujitsu\/#breadcrumb"},"inLanguage":"pt-BR","potentialAction":[{"@type":"ReadAction","target":["https:\/\/revistaregional.com.br\/site\/2013\/04\/03\/ituanos-ganham-medalhas-na-copa-paulista-de-jiujitsu\/"]}]},{"@type":"ImageObject","inLanguage":"pt-BR","@id":"https:\/\/revistaregional.com.br\/site\/2013\/04\/03\/ituanos-ganham-medalhas-na-copa-paulista-de-jiujitsu\/#primaryimage","url":"https:\/\/revistaregional.com.br\/site\/wp-content\/uploads\/2013\/04\/site-bruno-campeao.jpg","contentUrl":"https:\/\/revistaregional.com.br\/site\/wp-content\/uploads\/2013\/04\/site-bruno-campeao.jpg","width":"480","height":"640","caption":"Ituanos na Copa Paulista de JiuJitsu"},{"@type":"BreadcrumbList","@id":"https:\/\/revistaregional.com.br\/site\/2013\/04\/03\/ituanos-ganham-medalhas-na-copa-paulista-de-jiujitsu\/#breadcrumb","itemListElement":[{"@type":"ListItem","position":1,"name":"In\u00edcio","item":"https:\/\/revistaregional.com.br\/site\/"},{"@type":"ListItem","position":2,"name":"Ituanos ganham medalhas na Copa Paulista de JiuJitsu"}]},{"@type":"WebSite","@id":"https:\/\/revistaregional.com.br\/site\/#website","url":"https:\/\/revistaregional.com.br\/site\/","name":"Revista Regional","description":"Salto - Itu - Indaituba","potentialAction":[{"@type":"SearchAction","target":{"@type":"EntryPoint","urlTemplate":"https:\/\/revistaregional.com.br\/site\/?s={search_term_string}"},"query-input":{"@type":"PropertyValueSpecification","valueRequired":true,"valueName":"search_term_string"}}],"inLanguage":"pt-BR"},{"@type":"Person","@id":"https:\/\/revistaregional.com.br\/site\/#\/schema\/person\/382af97c580dc1b18f55107bc316010d","name":"contato@revistaregional.com.br","image":{"@type":"ImageObject","inLanguage":"pt-BR","@id":"https:\/\/secure.gravatar.com\/avatar\/869822917e96b2e292d5827e4635855396934485e7c4a0af84e9a214e32ca0cd?s=96&d=mm&r=g","url":"https:\/\/secure.gravatar.com\/avatar\/869822917e96b2e292d5827e4635855396934485e7c4a0af84e9a214e32ca0cd?s=96&d=mm&r=g","contentUrl":"https:\/\/secure.gravatar.com\/avatar\/869822917e96b2e292d5827e4635855396934485e7c4a0af84e9a214e32ca0cd?s=96&d=mm&r=g","caption":"contato@revistaregional.com.br"},"url":"https:\/\/revistaregional.com.br\/site\/author\/contato@revistaregional.com.br\/"}]}},"views":97,"_links":{"self":[{"href":"https:\/\/revistaregional.com.br\/site\/wp-json\/wp\/v2\/posts\/4583","targetHints":{"allow":["GET"]}}],"collection":[{"href":"https:\/\/revistaregional.com.br\/site\/wp-json\/wp\/v2\/posts"}],"about":[{"href":"https:\/\/revistaregional.com.br\/site\/wp-json\/wp\/v2\/types\/post"}],"author":[{"embeddable":true,"href":"https:\/\/revistaregional.com.br\/site\/wp-json\/wp\/v2\/users\/1"}],"replies":[{"embeddable":true,"href":"https:\/\/revistaregional.com.br\/site\/wp-json\/wp\/v2\/comments?post=4583"}],"version-history":[{"count":2,"href":"https:\/\/revistaregional.com.br\/site\/wp-json\/wp\/v2\/posts\/4583\/revisions"}],"predecessor-version":[{"id":4586,"href":"https:\/\/revistaregional.com.br\/site\/wp-json\/wp\/v2\/posts\/4583\/revisions\/4586"}],"wp:featuredmedia":[{"embeddable":true,"href":"https:\/\/revistaregional.com.br\/site\/wp-json\/wp\/v2\/media\/4584"}],"wp:attachment":[{"href":"https:\/\/revistaregional.com.br\/site\/wp-json\/wp\/v2\/media?parent=4583"}],"wp:term":[{"taxonomy":"category","embeddable":true,"href":"https:\/\/revistaregional.com.br\/site\/wp-json\/wp\/v2\/categories?post=4583"},{"taxonomy":"post_tag","embeddable":true,"href":"https:\/\/revistaregional.com.br\/site\/wp-json\/wp\/v2\/tags?post=4583"}],"curies":[{"name":"wp","href":"https:\/\/api.w.org\/{rel}","templated":true}]}}