{"id":4533,"date":"2013-03-11T15:54:45","date_gmt":"2013-03-11T18:54:45","guid":{"rendered":"http:\/\/revistaregional.com.br\/site\/?p=4533"},"modified":"2024-01-26T10:54:56","modified_gmt":"2024-01-26T13:54:56","slug":"diogo-portugal-apresenta-ha-em-salto","status":"publish","type":"post","link":"https:\/\/revistaregional.com.br\/site\/2013\/03\/11\/diogo-portugal-apresenta-ha-em-salto\/","title":{"rendered":"Diogo Portugal apresenta \u201cH\u00e3?!\u201d em Salto"},"content":{"rendered":"<figure id=\"attachment_4534\" aria-describedby=\"caption-attachment-4534\" style=\"width: 256px\" class=\"wp-caption alignleft\"><a href=\"http:\/\/revistaregional.com.br\/site\/wp-content\/uploads\/2013\/03\/Diogo-Portugal.jpg\" rel=\"attachment wp-att-4534\"><img fetchpriority=\"high\" decoding=\"async\" class=\" wp-image-4534  \" src=\"http:\/\/revistaregional.com.br\/site\/wp-content\/uploads\/2013\/03\/Diogo-Portugal.jpg\" alt=\"\" width=\"256\" height=\"384\" srcset=\"https:\/\/revistaregional.com.br\/site\/wp-content\/uploads\/2013\/03\/Diogo-Portugal.jpg 427w, https:\/\/revistaregional.com.br\/site\/wp-content\/uploads\/2013\/03\/Diogo-Portugal-200x300.jpg 200w\" sizes=\"(max-width: 256px) 100vw, 256px\" \/><\/a><figcaption id=\"caption-attachment-4534\" class=\"wp-caption-text\">Diogo Portugal volta \u00e0 regi\u00e3o<\/figcaption><\/figure>\n<p align=\"center\"><em>Humorista j\u00e1 ultrapassa a marca de 16 milh\u00f5es de acessos em seus v\u00eddeos na net<\/em><\/p>\n<p>\u00a0O Teatro GT traz para Salto o humorista Diogo Portugal, com seu stand up comedy \u201cH\u00e3?!\u201d, em \u00fanica apresenta\u00e7\u00e3o no pr\u00f3ximo dia 14 de mar\u00e7o, quinta-feira, \u00e0s 20h30, na Sala Palma de Ouro \u2013 Centro de Educa\u00e7\u00e3o e Cultura Anselmo Duarte. Censura 14 anos. Ingressos R$ 60,00 (inteira), R$ 30,00 (meia), R$ 30,00 (antecipado), R$ 30,00 (recorte promocional), R$ 25,00 (Clube GT).<\/p>\n<p>Diogo Portugal, humorista vers\u00e1til, ele vai do stand-up comedy &#8211; a chamada com\u00e9dia de cara limpa, sem figurinos ou personagens &#8211; \u00e0s tradicionais esquetes, encarnando os tipos mais hil\u00e1rios e diferentes, al\u00e9m de criar, interpretar e dirigir seus espet\u00e1culos.<\/p>\n<p>Finalista do primeiro Pr\u00eamio Multishow do Bom Humor Brasileiro, ao lado da comediante Claudia Rodrigues, tamb\u00e9m participou do concurso de humoristas do Fant\u00e1stico em 2005. Sucesso na Internet \u00e9 um dos humoristas mais vistos na web, com mais de 20 milh\u00f5es de acesso no site You Tube.<\/p>\n<p>Portugal tamb\u00e9m se destaca na TV, onde fez seu personagem Elvisley, o &#8220;office boy&#8221; do Programa Zorra Total, da Rede Globo, e em participa\u00e7\u00f5es em outros programas da emissora. Al\u00e9m de suas cria\u00e7\u00f5es e apresenta\u00e7\u00f5es, ele tamb\u00e9m procura e incentiva novos comediantes, sendo o organizador do maior festival de humor da Am\u00e9rica do Sul, o Risorama, de Curitiba, que est\u00e1 em sua 8\u00aa edi\u00e7\u00e3o. Este ano Portugal tamb\u00e9m foi curador pela 2\u00aa vez do festival de humor de S\u00e3o Paulo, o Risadaria.<\/p>\n<p>Com cinco tipos de apresenta\u00e7\u00f5es diferentes, \u201cH\u00e3?!\u201d, \u201cSenta pra Rir\u201d, \u201cPortugal \u00e9 Aqui\u201d, \u201cFritada\u201d e \u201cAcusticozinho\u201d, o humorista viaja pelo Brasil levando risos por onde passa. Humor de cara limpa no cl\u00e1ssico \u201cH\u00e3?!\u201d, Diogo mostra suas piadas inteligentes e atuais, que remetem ao cotidiano de forma divertida e casual, no formato com\u00e9dia stand-up. \u00c9 neste espet\u00e1culo que o humorista tem a chance de mostrar toda sua criatividade nas observa\u00e7\u00f5es que faz e na cria\u00e7\u00e3o dos textos que vai apresentar.<\/p>\n<p>Leitores de Regional t\u00eam desconto de 50% no ingresso. Basta recortar o cupom de desconto na fan page de Revista Regional no Facebook, imprimir e levar ao teatro.<\/p>\n<p><strong>Servi\u00e7o:<\/strong><\/p>\n<p>Dia 14 de mar\u00e7o, quinta &#8211; 20h30<\/p>\n<p>Sala Palma de Ouro \u2013 Salto<\/p>\n<p>Rua Prudente de Moraes, 580 \u2013 Salto \u2013 SP<\/p>\n<p>Informa\u00e7\u00f5es (11) 4602-8693\u2013 <a href=\"http:\/\/www.teatrogt.com.br\/\">www.teatrogt.com.br<\/a><\/p>\n<p><strong><span style=\"text-decoration: underline;\">Vendas:<\/span><\/strong><\/p>\n<p>Bilheteria do Teatro &#8211; (11) 4602-8693 (de ter\u00e7a a domingo das 15 \u00e0s 21hs)<\/p>\n<p>Pela internet: <a href=\"http:\/\/www.bilheteriarapida.com.br\/\">www.bilheteriarapida.com.br<\/a><\/p>\n<p><em>\u00a0foto: Divulga\u00e7\u00e3o<\/em><\/p>\n","protected":false},"excerpt":{"rendered":"<p>Humorista j\u00e1 ultrapassa a marca de 16 milh\u00f5es de acessos em seus v\u00eddeos na net \u00a0O Teatro GT traz para Salto o humorista Diogo Portugal, com seu stand up comedy \u201cH\u00e3?!\u201d, em \u00fanica apresenta\u00e7\u00e3o no pr\u00f3ximo dia 14 de mar\u00e7o, quinta-feira, \u00e0s 20h30, na Sala Palma de Ouro \u2013 Centro de Educa\u00e7\u00e3o e Cultura Anselmo [&hellip;]<\/p>\n","protected":false},"author":1,"featured_media":4538,"comment_status":"open","ping_status":"open","sticky":false,"template":"","format":"standard","meta":{"_acf_changed":false,"ngg_post_thumbnail":0,"_joinchat":[],"footnotes":""},"categories":[4],"tags":[533],"class_list":["post-4533","post","type-post","status-publish","format-standard","has-post-thumbnail","hentry","category-cultura","tag-cultura"],"acf":[],"yoast_head":"<!-- This site is optimized with the Yoast SEO plugin v27.4 - https:\/\/yoast.com\/product\/yoast-seo-wordpress\/ -->\n<title>Diogo Portugal apresenta \u201cH\u00e3?!\u201d em Salto - Revista Regional<\/title>\n<meta name=\"robots\" content=\"index, follow, max-snippet:-1, max-image-preview:large, max-video-preview:-1\" \/>\n<link rel=\"canonical\" href=\"https:\/\/revistaregional.com.br\/site\/2013\/03\/11\/diogo-portugal-apresenta-ha-em-salto\/\" \/>\n<meta property=\"og:locale\" content=\"pt_BR\" \/>\n<meta property=\"og:type\" content=\"article\" \/>\n<meta property=\"og:title\" content=\"Diogo Portugal apresenta \u201cH\u00e3?!\u201d em Salto - Revista Regional\" \/>\n<meta property=\"og:description\" content=\"Humorista j\u00e1 ultrapassa a marca de 16 milh\u00f5es de acessos em seus v\u00eddeos na net \u00a0O Teatro GT traz para Salto o humorista Diogo Portugal, com seu stand up comedy \u201cH\u00e3?!\u201d, em \u00fanica apresenta\u00e7\u00e3o no pr\u00f3ximo dia 14 de mar\u00e7o, quinta-feira, \u00e0s 20h30, na Sala Palma de Ouro \u2013 Centro de Educa\u00e7\u00e3o e Cultura Anselmo [&hellip;]\" \/>\n<meta property=\"og:url\" content=\"https:\/\/revistaregional.com.br\/site\/2013\/03\/11\/diogo-portugal-apresenta-ha-em-salto\/\" \/>\n<meta property=\"og:site_name\" content=\"Revista Regional\" \/>\n<meta property=\"article:published_time\" content=\"2013-03-11T18:54:45+00:00\" \/>\n<meta property=\"article:modified_time\" content=\"2024-01-26T13:54:56+00:00\" \/>\n<meta property=\"og:image\" content=\"https:\/\/revistaregional.com.br\/site\/wp-content\/uploads\/2013\/03\/Diogo-Portugal1.jpg\" \/>\n\t<meta property=\"og:image:width\" content=\"427\" \/>\n\t<meta property=\"og:image:height\" content=\"311\" \/>\n\t<meta property=\"og:image:type\" content=\"image\/jpeg\" \/>\n<meta name=\"author\" content=\"contato@revistaregional.com.br\" \/>\n<meta name=\"twitter:card\" content=\"summary_large_image\" \/>\n<meta name=\"twitter:label1\" content=\"Escrito por\" \/>\n\t<meta name=\"twitter:data1\" content=\"contato@revistaregional.com.br\" \/>\n\t<meta name=\"twitter:label2\" content=\"Est. tempo de leitura\" \/>\n\t<meta name=\"twitter:data2\" content=\"2 minutos\" \/>\n<script type=\"application\/ld+json\" class=\"yoast-schema-graph\">{\"@context\":\"https:\\\/\\\/schema.org\",\"@graph\":[{\"@type\":\"Article\",\"@id\":\"https:\\\/\\\/revistaregional.com.br\\\/site\\\/2013\\\/03\\\/11\\\/diogo-portugal-apresenta-ha-em-salto\\\/#article\",\"isPartOf\":{\"@id\":\"https:\\\/\\\/revistaregional.com.br\\\/site\\\/2013\\\/03\\\/11\\\/diogo-portugal-apresenta-ha-em-salto\\\/\"},\"author\":{\"name\":\"contato@revistaregional.com.br\",\"@id\":\"https:\\\/\\\/revistaregional.com.br\\\/site\\\/#\\\/schema\\\/person\\\/382af97c580dc1b18f55107bc316010d\"},\"headline\":\"Diogo Portugal apresenta \u201cH\u00e3?!\u201d em Salto\",\"datePublished\":\"2013-03-11T18:54:45+00:00\",\"dateModified\":\"2024-01-26T13:54:56+00:00\",\"mainEntityOfPage\":{\"@id\":\"https:\\\/\\\/revistaregional.com.br\\\/site\\\/2013\\\/03\\\/11\\\/diogo-portugal-apresenta-ha-em-salto\\\/\"},\"wordCount\":435,\"commentCount\":0,\"image\":{\"@id\":\"https:\\\/\\\/revistaregional.com.br\\\/site\\\/2013\\\/03\\\/11\\\/diogo-portugal-apresenta-ha-em-salto\\\/#primaryimage\"},\"thumbnailUrl\":\"https:\\\/\\\/revistaregional.com.br\\\/site\\\/wp-content\\\/uploads\\\/2013\\\/03\\\/Diogo-Portugal1.jpg\",\"keywords\":[\"Cultura\"],\"articleSection\":[\"Cultura\"],\"inLanguage\":\"pt-BR\",\"potentialAction\":[{\"@type\":\"CommentAction\",\"name\":\"Comment\",\"target\":[\"https:\\\/\\\/revistaregional.com.br\\\/site\\\/2013\\\/03\\\/11\\\/diogo-portugal-apresenta-ha-em-salto\\\/#respond\"]}]},{\"@type\":\"WebPage\",\"@id\":\"https:\\\/\\\/revistaregional.com.br\\\/site\\\/2013\\\/03\\\/11\\\/diogo-portugal-apresenta-ha-em-salto\\\/\",\"url\":\"https:\\\/\\\/revistaregional.com.br\\\/site\\\/2013\\\/03\\\/11\\\/diogo-portugal-apresenta-ha-em-salto\\\/\",\"name\":\"Diogo Portugal apresenta \u201cH\u00e3?!\u201d em Salto - Revista Regional\",\"isPartOf\":{\"@id\":\"https:\\\/\\\/revistaregional.com.br\\\/site\\\/#website\"},\"primaryImageOfPage\":{\"@id\":\"https:\\\/\\\/revistaregional.com.br\\\/site\\\/2013\\\/03\\\/11\\\/diogo-portugal-apresenta-ha-em-salto\\\/#primaryimage\"},\"image\":{\"@id\":\"https:\\\/\\\/revistaregional.com.br\\\/site\\\/2013\\\/03\\\/11\\\/diogo-portugal-apresenta-ha-em-salto\\\/#primaryimage\"},\"thumbnailUrl\":\"https:\\\/\\\/revistaregional.com.br\\\/site\\\/wp-content\\\/uploads\\\/2013\\\/03\\\/Diogo-Portugal1.jpg\",\"datePublished\":\"2013-03-11T18:54:45+00:00\",\"dateModified\":\"2024-01-26T13:54:56+00:00\",\"author\":{\"@id\":\"https:\\\/\\\/revistaregional.com.br\\\/site\\\/#\\\/schema\\\/person\\\/382af97c580dc1b18f55107bc316010d\"},\"breadcrumb\":{\"@id\":\"https:\\\/\\\/revistaregional.com.br\\\/site\\\/2013\\\/03\\\/11\\\/diogo-portugal-apresenta-ha-em-salto\\\/#breadcrumb\"},\"inLanguage\":\"pt-BR\",\"potentialAction\":[{\"@type\":\"ReadAction\",\"target\":[\"https:\\\/\\\/revistaregional.com.br\\\/site\\\/2013\\\/03\\\/11\\\/diogo-portugal-apresenta-ha-em-salto\\\/\"]}]},{\"@type\":\"ImageObject\",\"inLanguage\":\"pt-BR\",\"@id\":\"https:\\\/\\\/revistaregional.com.br\\\/site\\\/2013\\\/03\\\/11\\\/diogo-portugal-apresenta-ha-em-salto\\\/#primaryimage\",\"url\":\"https:\\\/\\\/revistaregional.com.br\\\/site\\\/wp-content\\\/uploads\\\/2013\\\/03\\\/Diogo-Portugal1.jpg\",\"contentUrl\":\"https:\\\/\\\/revistaregional.com.br\\\/site\\\/wp-content\\\/uploads\\\/2013\\\/03\\\/Diogo-Portugal1.jpg\",\"width\":\"427\",\"height\":\"311\"},{\"@type\":\"BreadcrumbList\",\"@id\":\"https:\\\/\\\/revistaregional.com.br\\\/site\\\/2013\\\/03\\\/11\\\/diogo-portugal-apresenta-ha-em-salto\\\/#breadcrumb\",\"itemListElement\":[{\"@type\":\"ListItem\",\"position\":1,\"name\":\"In\u00edcio\",\"item\":\"https:\\\/\\\/revistaregional.com.br\\\/site\\\/\"},{\"@type\":\"ListItem\",\"position\":2,\"name\":\"Diogo Portugal apresenta \u201cH\u00e3?!\u201d em Salto\"}]},{\"@type\":\"WebSite\",\"@id\":\"https:\\\/\\\/revistaregional.com.br\\\/site\\\/#website\",\"url\":\"https:\\\/\\\/revistaregional.com.br\\\/site\\\/\",\"name\":\"Revista Regional\",\"description\":\"Salto - Itu - Indaituba\",\"potentialAction\":[{\"@type\":\"SearchAction\",\"target\":{\"@type\":\"EntryPoint\",\"urlTemplate\":\"https:\\\/\\\/revistaregional.com.br\\\/site\\\/?s={search_term_string}\"},\"query-input\":{\"@type\":\"PropertyValueSpecification\",\"valueRequired\":true,\"valueName\":\"search_term_string\"}}],\"inLanguage\":\"pt-BR\"},{\"@type\":\"Person\",\"@id\":\"https:\\\/\\\/revistaregional.com.br\\\/site\\\/#\\\/schema\\\/person\\\/382af97c580dc1b18f55107bc316010d\",\"name\":\"contato@revistaregional.com.br\",\"image\":{\"@type\":\"ImageObject\",\"inLanguage\":\"pt-BR\",\"@id\":\"https:\\\/\\\/secure.gravatar.com\\\/avatar\\\/869822917e96b2e292d5827e4635855396934485e7c4a0af84e9a214e32ca0cd?s=96&d=mm&r=g\",\"url\":\"https:\\\/\\\/secure.gravatar.com\\\/avatar\\\/869822917e96b2e292d5827e4635855396934485e7c4a0af84e9a214e32ca0cd?s=96&d=mm&r=g\",\"contentUrl\":\"https:\\\/\\\/secure.gravatar.com\\\/avatar\\\/869822917e96b2e292d5827e4635855396934485e7c4a0af84e9a214e32ca0cd?s=96&d=mm&r=g\",\"caption\":\"contato@revistaregional.com.br\"},\"url\":\"https:\\\/\\\/revistaregional.com.br\\\/site\\\/author\\\/contato@revistaregional.com.br\\\/\"}]}<\/script>\n<!-- \/ Yoast SEO plugin. -->","yoast_head_json":{"title":"Diogo Portugal apresenta \u201cH\u00e3?!\u201d em Salto - Revista Regional","robots":{"index":"index","follow":"follow","max-snippet":"max-snippet:-1","max-image-preview":"max-image-preview:large","max-video-preview":"max-video-preview:-1"},"canonical":"https:\/\/revistaregional.com.br\/site\/2013\/03\/11\/diogo-portugal-apresenta-ha-em-salto\/","og_locale":"pt_BR","og_type":"article","og_title":"Diogo Portugal apresenta \u201cH\u00e3?!\u201d em Salto - Revista Regional","og_description":"Humorista j\u00e1 ultrapassa a marca de 16 milh\u00f5es de acessos em seus v\u00eddeos na net \u00a0O Teatro GT traz para Salto o humorista Diogo Portugal, com seu stand up comedy \u201cH\u00e3?!\u201d, em \u00fanica apresenta\u00e7\u00e3o no pr\u00f3ximo dia 14 de mar\u00e7o, quinta-feira, \u00e0s 20h30, na Sala Palma de Ouro \u2013 Centro de Educa\u00e7\u00e3o e Cultura Anselmo [&hellip;]","og_url":"https:\/\/revistaregional.com.br\/site\/2013\/03\/11\/diogo-portugal-apresenta-ha-em-salto\/","og_site_name":"Revista Regional","article_published_time":"2013-03-11T18:54:45+00:00","article_modified_time":"2024-01-26T13:54:56+00:00","og_image":[{"width":427,"height":311,"url":"https:\/\/revistaregional.com.br\/site\/wp-content\/uploads\/2013\/03\/Diogo-Portugal1.jpg","type":"image\/jpeg"}],"author":"contato@revistaregional.com.br","twitter_card":"summary_large_image","twitter_misc":{"Escrito por":"contato@revistaregional.com.br","Est. tempo de leitura":"2 minutos"},"schema":{"@context":"https:\/\/schema.org","@graph":[{"@type":"Article","@id":"https:\/\/revistaregional.com.br\/site\/2013\/03\/11\/diogo-portugal-apresenta-ha-em-salto\/#article","isPartOf":{"@id":"https:\/\/revistaregional.com.br\/site\/2013\/03\/11\/diogo-portugal-apresenta-ha-em-salto\/"},"author":{"name":"contato@revistaregional.com.br","@id":"https:\/\/revistaregional.com.br\/site\/#\/schema\/person\/382af97c580dc1b18f55107bc316010d"},"headline":"Diogo Portugal apresenta \u201cH\u00e3?!\u201d em Salto","datePublished":"2013-03-11T18:54:45+00:00","dateModified":"2024-01-26T13:54:56+00:00","mainEntityOfPage":{"@id":"https:\/\/revistaregional.com.br\/site\/2013\/03\/11\/diogo-portugal-apresenta-ha-em-salto\/"},"wordCount":435,"commentCount":0,"image":{"@id":"https:\/\/revistaregional.com.br\/site\/2013\/03\/11\/diogo-portugal-apresenta-ha-em-salto\/#primaryimage"},"thumbnailUrl":"https:\/\/revistaregional.com.br\/site\/wp-content\/uploads\/2013\/03\/Diogo-Portugal1.jpg","keywords":["Cultura"],"articleSection":["Cultura"],"inLanguage":"pt-BR","potentialAction":[{"@type":"CommentAction","name":"Comment","target":["https:\/\/revistaregional.com.br\/site\/2013\/03\/11\/diogo-portugal-apresenta-ha-em-salto\/#respond"]}]},{"@type":"WebPage","@id":"https:\/\/revistaregional.com.br\/site\/2013\/03\/11\/diogo-portugal-apresenta-ha-em-salto\/","url":"https:\/\/revistaregional.com.br\/site\/2013\/03\/11\/diogo-portugal-apresenta-ha-em-salto\/","name":"Diogo Portugal apresenta \u201cH\u00e3?!\u201d em Salto - Revista Regional","isPartOf":{"@id":"https:\/\/revistaregional.com.br\/site\/#website"},"primaryImageOfPage":{"@id":"https:\/\/revistaregional.com.br\/site\/2013\/03\/11\/diogo-portugal-apresenta-ha-em-salto\/#primaryimage"},"image":{"@id":"https:\/\/revistaregional.com.br\/site\/2013\/03\/11\/diogo-portugal-apresenta-ha-em-salto\/#primaryimage"},"thumbnailUrl":"https:\/\/revistaregional.com.br\/site\/wp-content\/uploads\/2013\/03\/Diogo-Portugal1.jpg","datePublished":"2013-03-11T18:54:45+00:00","dateModified":"2024-01-26T13:54:56+00:00","author":{"@id":"https:\/\/revistaregional.com.br\/site\/#\/schema\/person\/382af97c580dc1b18f55107bc316010d"},"breadcrumb":{"@id":"https:\/\/revistaregional.com.br\/site\/2013\/03\/11\/diogo-portugal-apresenta-ha-em-salto\/#breadcrumb"},"inLanguage":"pt-BR","potentialAction":[{"@type":"ReadAction","target":["https:\/\/revistaregional.com.br\/site\/2013\/03\/11\/diogo-portugal-apresenta-ha-em-salto\/"]}]},{"@type":"ImageObject","inLanguage":"pt-BR","@id":"https:\/\/revistaregional.com.br\/site\/2013\/03\/11\/diogo-portugal-apresenta-ha-em-salto\/#primaryimage","url":"https:\/\/revistaregional.com.br\/site\/wp-content\/uploads\/2013\/03\/Diogo-Portugal1.jpg","contentUrl":"https:\/\/revistaregional.com.br\/site\/wp-content\/uploads\/2013\/03\/Diogo-Portugal1.jpg","width":"427","height":"311"},{"@type":"BreadcrumbList","@id":"https:\/\/revistaregional.com.br\/site\/2013\/03\/11\/diogo-portugal-apresenta-ha-em-salto\/#breadcrumb","itemListElement":[{"@type":"ListItem","position":1,"name":"In\u00edcio","item":"https:\/\/revistaregional.com.br\/site\/"},{"@type":"ListItem","position":2,"name":"Diogo Portugal apresenta \u201cH\u00e3?!\u201d em Salto"}]},{"@type":"WebSite","@id":"https:\/\/revistaregional.com.br\/site\/#website","url":"https:\/\/revistaregional.com.br\/site\/","name":"Revista Regional","description":"Salto - Itu - Indaituba","potentialAction":[{"@type":"SearchAction","target":{"@type":"EntryPoint","urlTemplate":"https:\/\/revistaregional.com.br\/site\/?s={search_term_string}"},"query-input":{"@type":"PropertyValueSpecification","valueRequired":true,"valueName":"search_term_string"}}],"inLanguage":"pt-BR"},{"@type":"Person","@id":"https:\/\/revistaregional.com.br\/site\/#\/schema\/person\/382af97c580dc1b18f55107bc316010d","name":"contato@revistaregional.com.br","image":{"@type":"ImageObject","inLanguage":"pt-BR","@id":"https:\/\/secure.gravatar.com\/avatar\/869822917e96b2e292d5827e4635855396934485e7c4a0af84e9a214e32ca0cd?s=96&d=mm&r=g","url":"https:\/\/secure.gravatar.com\/avatar\/869822917e96b2e292d5827e4635855396934485e7c4a0af84e9a214e32ca0cd?s=96&d=mm&r=g","contentUrl":"https:\/\/secure.gravatar.com\/avatar\/869822917e96b2e292d5827e4635855396934485e7c4a0af84e9a214e32ca0cd?s=96&d=mm&r=g","caption":"contato@revistaregional.com.br"},"url":"https:\/\/revistaregional.com.br\/site\/author\/contato@revistaregional.com.br\/"}]}},"views":29,"_links":{"self":[{"href":"https:\/\/revistaregional.com.br\/site\/wp-json\/wp\/v2\/posts\/4533","targetHints":{"allow":["GET"]}}],"collection":[{"href":"https:\/\/revistaregional.com.br\/site\/wp-json\/wp\/v2\/posts"}],"about":[{"href":"https:\/\/revistaregional.com.br\/site\/wp-json\/wp\/v2\/types\/post"}],"author":[{"embeddable":true,"href":"https:\/\/revistaregional.com.br\/site\/wp-json\/wp\/v2\/users\/1"}],"replies":[{"embeddable":true,"href":"https:\/\/revistaregional.com.br\/site\/wp-json\/wp\/v2\/comments?post=4533"}],"version-history":[{"count":4,"href":"https:\/\/revistaregional.com.br\/site\/wp-json\/wp\/v2\/posts\/4533\/revisions"}],"predecessor-version":[{"id":4536,"href":"https:\/\/revistaregional.com.br\/site\/wp-json\/wp\/v2\/posts\/4533\/revisions\/4536"}],"wp:featuredmedia":[{"embeddable":true,"href":"https:\/\/revistaregional.com.br\/site\/wp-json\/wp\/v2\/media\/4538"}],"wp:attachment":[{"href":"https:\/\/revistaregional.com.br\/site\/wp-json\/wp\/v2\/media?parent=4533"}],"wp:term":[{"taxonomy":"category","embeddable":true,"href":"https:\/\/revistaregional.com.br\/site\/wp-json\/wp\/v2\/categories?post=4533"},{"taxonomy":"post_tag","embeddable":true,"href":"https:\/\/revistaregional.com.br\/site\/wp-json\/wp\/v2\/tags?post=4533"}],"curies":[{"name":"wp","href":"https:\/\/api.w.org\/{rel}","templated":true}]}}