{"id":4425,"date":"2013-03-04T14:41:50","date_gmt":"2013-03-04T17:41:50","guid":{"rendered":"http:\/\/revistaregional.com.br\/site\/?p=4425"},"modified":"2024-01-26T10:54:58","modified_gmt":"2024-01-26T13:54:58","slug":"tamo-junto-de-marco-luque-em-indaiatuba","status":"publish","type":"post","link":"https:\/\/revistaregional.com.br\/site\/2013\/03\/04\/tamo-junto-de-marco-luque-em-indaiatuba\/","title":{"rendered":"\u2018Tamo Junto!\u2019 de Marco Luque em Indaiatuba"},"content":{"rendered":"<figure id=\"attachment_4426\" aria-describedby=\"caption-attachment-4426\" style=\"width: 288px\" class=\"wp-caption alignright\"><a href=\"http:\/\/revistaregional.com.br\/site\/wp-content\/uploads\/2013\/03\/agenda-Marco-Luque-Divulga\u00e7\u00e3o-92966.jpg\" rel=\"attachment wp-att-4426\"><img fetchpriority=\"high\" decoding=\"async\" class=\"wp-image-4426 \" src=\"http:\/\/revistaregional.com.br\/site\/wp-content\/uploads\/2013\/03\/agenda-Marco-Luque-Divulga\u00e7\u00e3o-92966.jpg\" alt=\"\" width=\"288\" height=\"384\" srcset=\"https:\/\/revistaregional.com.br\/site\/wp-content\/uploads\/2013\/03\/agenda-Marco-Luque-Divulga\u00e7\u00e3o-92966.jpg 480w, https:\/\/revistaregional.com.br\/site\/wp-content\/uploads\/2013\/03\/agenda-Marco-Luque-Divulga\u00e7\u00e3o-92966-225x300.jpg 225w\" sizes=\"(max-width: 288px) 100vw, 288px\" \/><\/a><figcaption id=\"caption-attachment-4426\" class=\"wp-caption-text\">Marco Luque volta a regi\u00e3o com \u201cTamo Junto!\u201d<\/figcaption><\/figure>\n<p align=\"center\">O Teatro GT traz para a regi\u00e3o a pe\u00e7a \u201cTamo Junto!\u201d, do apresentador do programa CQC, da Band, Marco Luque. Com apoio de Revista Regional, ele se apresentar\u00e1 no dia 10, \u00e0s 19h, no Ciaei, em Indaiatuba. Luque vem se destacando no teatro com o g\u00eanero <em>stand-up<\/em> por todo o Brasil. Em \u201cTamo Junto!\u201d, visto por mais de 250 mil pessoas at\u00e9 agora, ele conta hist\u00f3rias de sua vida de uma forma inusitada, argumenta assuntos do cotidiano e relembra acontecimentos pessoais, prometendo arrancar muitos risos do publico. A pe\u00e7a foi eleita pelo p\u00fablico como melhor com\u00e9dia <em>Stand-Up<\/em> de 2009 no Guia da Folha. Leitores de Revista Regional t\u00eam desconto na compra do ingresso, basta recortar o cupom publicado nesta edi\u00e7\u00e3o.<\/p>\n<p>\u00a0<strong>MAIS:<\/strong> A pe\u00e7a ser\u00e1 apresentada no dia 10 de mar\u00e7o, \u00e0s 19h, no Ciaei (Sala Acr\u00edsio de Camargo), que fica na av. Eng. F\u00e1bio Roberto Barnab\u00e9, 3665 \u2013 Jd. Regina. Informa\u00e7\u00f5es: (19) 3936-3083 ou 3834-7837 \u2013 <a href=\"http:\/\/www.teatrogt.com.br\/\" target=\"_blank\" rel=\"noopener\">www.teatrogt.com.br<\/a><\/p>\n<p>foto: Divulga\u00e7\u00e3o<\/p>\n","protected":false},"excerpt":{"rendered":"<p>O Teatro GT traz para a regi\u00e3o a pe\u00e7a \u201cTamo Junto!\u201d, do apresentador do programa CQC, da Band, Marco Luque. Com apoio de Revista Regional, ele se apresentar\u00e1 no dia 10, \u00e0s 19h, no Ciaei, em Indaiatuba. Luque vem se destacando no teatro com o g\u00eanero stand-up por todo o Brasil. Em \u201cTamo Junto!\u201d, visto [&hellip;]<\/p>\n","protected":false},"author":1,"featured_media":4435,"comment_status":"open","ping_status":"open","sticky":false,"template":"","format":"standard","meta":{"_acf_changed":false,"ngg_post_thumbnail":0,"_joinchat":[],"footnotes":""},"categories":[4],"tags":[533],"class_list":["post-4425","post","type-post","status-publish","format-standard","has-post-thumbnail","hentry","category-cultura","tag-cultura"],"acf":[],"yoast_head":"<!-- This site is optimized with the Yoast SEO plugin v27.4 - https:\/\/yoast.com\/product\/yoast-seo-wordpress\/ -->\n<title>\u2018Tamo Junto!\u2019 de Marco Luque em Indaiatuba - Revista Regional<\/title>\n<meta name=\"robots\" content=\"index, follow, max-snippet:-1, max-image-preview:large, max-video-preview:-1\" \/>\n<link rel=\"canonical\" href=\"https:\/\/revistaregional.com.br\/site\/2013\/03\/04\/tamo-junto-de-marco-luque-em-indaiatuba\/\" \/>\n<meta property=\"og:locale\" content=\"pt_BR\" \/>\n<meta property=\"og:type\" content=\"article\" \/>\n<meta property=\"og:title\" content=\"\u2018Tamo Junto!\u2019 de Marco Luque em Indaiatuba - Revista Regional\" \/>\n<meta property=\"og:description\" content=\"O Teatro GT traz para a regi\u00e3o a pe\u00e7a \u201cTamo Junto!\u201d, do apresentador do programa CQC, da Band, Marco Luque. Com apoio de Revista Regional, ele se apresentar\u00e1 no dia 10, \u00e0s 19h, no Ciaei, em Indaiatuba. Luque vem se destacando no teatro com o g\u00eanero stand-up por todo o Brasil. Em \u201cTamo Junto!\u201d, visto [&hellip;]\" \/>\n<meta property=\"og:url\" content=\"https:\/\/revistaregional.com.br\/site\/2013\/03\/04\/tamo-junto-de-marco-luque-em-indaiatuba\/\" \/>\n<meta property=\"og:site_name\" content=\"Revista Regional\" \/>\n<meta property=\"article:published_time\" content=\"2013-03-04T17:41:50+00:00\" \/>\n<meta property=\"article:modified_time\" content=\"2024-01-26T13:54:58+00:00\" \/>\n<meta property=\"og:image\" content=\"https:\/\/revistaregional.com.br\/site\/wp-content\/uploads\/2013\/03\/agenda-Marco-Luque-Divulga\u00e7\u00e3o-929661.jpg\" \/>\n\t<meta property=\"og:image:width\" content=\"480\" \/>\n\t<meta property=\"og:image:height\" content=\"353\" \/>\n\t<meta property=\"og:image:type\" content=\"image\/jpeg\" \/>\n<meta name=\"author\" content=\"contato@revistaregional.com.br\" \/>\n<meta name=\"twitter:card\" content=\"summary_large_image\" \/>\n<meta name=\"twitter:label1\" content=\"Escrito por\" \/>\n\t<meta name=\"twitter:data1\" content=\"contato@revistaregional.com.br\" \/>\n\t<meta name=\"twitter:label2\" content=\"Est. tempo de leitura\" \/>\n\t<meta name=\"twitter:data2\" content=\"1 minuto\" \/>\n<script type=\"application\/ld+json\" class=\"yoast-schema-graph\">{\"@context\":\"https:\\\/\\\/schema.org\",\"@graph\":[{\"@type\":\"Article\",\"@id\":\"https:\\\/\\\/revistaregional.com.br\\\/site\\\/2013\\\/03\\\/04\\\/tamo-junto-de-marco-luque-em-indaiatuba\\\/#article\",\"isPartOf\":{\"@id\":\"https:\\\/\\\/revistaregional.com.br\\\/site\\\/2013\\\/03\\\/04\\\/tamo-junto-de-marco-luque-em-indaiatuba\\\/\"},\"author\":{\"name\":\"contato@revistaregional.com.br\",\"@id\":\"https:\\\/\\\/revistaregional.com.br\\\/site\\\/#\\\/schema\\\/person\\\/382af97c580dc1b18f55107bc316010d\"},\"headline\":\"\u2018Tamo Junto!\u2019 de Marco Luque em Indaiatuba\",\"datePublished\":\"2013-03-04T17:41:50+00:00\",\"dateModified\":\"2024-01-26T13:54:58+00:00\",\"mainEntityOfPage\":{\"@id\":\"https:\\\/\\\/revistaregional.com.br\\\/site\\\/2013\\\/03\\\/04\\\/tamo-junto-de-marco-luque-em-indaiatuba\\\/\"},\"wordCount\":192,\"commentCount\":0,\"image\":{\"@id\":\"https:\\\/\\\/revistaregional.com.br\\\/site\\\/2013\\\/03\\\/04\\\/tamo-junto-de-marco-luque-em-indaiatuba\\\/#primaryimage\"},\"thumbnailUrl\":\"https:\\\/\\\/revistaregional.com.br\\\/site\\\/wp-content\\\/uploads\\\/2013\\\/03\\\/agenda-Marco-Luque-Divulga\u00e7\u00e3o-929661.jpg\",\"keywords\":[\"Cultura\"],\"articleSection\":[\"Cultura\"],\"inLanguage\":\"pt-BR\",\"potentialAction\":[{\"@type\":\"CommentAction\",\"name\":\"Comment\",\"target\":[\"https:\\\/\\\/revistaregional.com.br\\\/site\\\/2013\\\/03\\\/04\\\/tamo-junto-de-marco-luque-em-indaiatuba\\\/#respond\"]}]},{\"@type\":\"WebPage\",\"@id\":\"https:\\\/\\\/revistaregional.com.br\\\/site\\\/2013\\\/03\\\/04\\\/tamo-junto-de-marco-luque-em-indaiatuba\\\/\",\"url\":\"https:\\\/\\\/revistaregional.com.br\\\/site\\\/2013\\\/03\\\/04\\\/tamo-junto-de-marco-luque-em-indaiatuba\\\/\",\"name\":\"\u2018Tamo Junto!\u2019 de Marco Luque em Indaiatuba - Revista Regional\",\"isPartOf\":{\"@id\":\"https:\\\/\\\/revistaregional.com.br\\\/site\\\/#website\"},\"primaryImageOfPage\":{\"@id\":\"https:\\\/\\\/revistaregional.com.br\\\/site\\\/2013\\\/03\\\/04\\\/tamo-junto-de-marco-luque-em-indaiatuba\\\/#primaryimage\"},\"image\":{\"@id\":\"https:\\\/\\\/revistaregional.com.br\\\/site\\\/2013\\\/03\\\/04\\\/tamo-junto-de-marco-luque-em-indaiatuba\\\/#primaryimage\"},\"thumbnailUrl\":\"https:\\\/\\\/revistaregional.com.br\\\/site\\\/wp-content\\\/uploads\\\/2013\\\/03\\\/agenda-Marco-Luque-Divulga\u00e7\u00e3o-929661.jpg\",\"datePublished\":\"2013-03-04T17:41:50+00:00\",\"dateModified\":\"2024-01-26T13:54:58+00:00\",\"author\":{\"@id\":\"https:\\\/\\\/revistaregional.com.br\\\/site\\\/#\\\/schema\\\/person\\\/382af97c580dc1b18f55107bc316010d\"},\"breadcrumb\":{\"@id\":\"https:\\\/\\\/revistaregional.com.br\\\/site\\\/2013\\\/03\\\/04\\\/tamo-junto-de-marco-luque-em-indaiatuba\\\/#breadcrumb\"},\"inLanguage\":\"pt-BR\",\"potentialAction\":[{\"@type\":\"ReadAction\",\"target\":[\"https:\\\/\\\/revistaregional.com.br\\\/site\\\/2013\\\/03\\\/04\\\/tamo-junto-de-marco-luque-em-indaiatuba\\\/\"]}]},{\"@type\":\"ImageObject\",\"inLanguage\":\"pt-BR\",\"@id\":\"https:\\\/\\\/revistaregional.com.br\\\/site\\\/2013\\\/03\\\/04\\\/tamo-junto-de-marco-luque-em-indaiatuba\\\/#primaryimage\",\"url\":\"https:\\\/\\\/revistaregional.com.br\\\/site\\\/wp-content\\\/uploads\\\/2013\\\/03\\\/agenda-Marco-Luque-Divulga\u00e7\u00e3o-929661.jpg\",\"contentUrl\":\"https:\\\/\\\/revistaregional.com.br\\\/site\\\/wp-content\\\/uploads\\\/2013\\\/03\\\/agenda-Marco-Luque-Divulga\u00e7\u00e3o-929661.jpg\",\"width\":\"480\",\"height\":\"353\"},{\"@type\":\"BreadcrumbList\",\"@id\":\"https:\\\/\\\/revistaregional.com.br\\\/site\\\/2013\\\/03\\\/04\\\/tamo-junto-de-marco-luque-em-indaiatuba\\\/#breadcrumb\",\"itemListElement\":[{\"@type\":\"ListItem\",\"position\":1,\"name\":\"In\u00edcio\",\"item\":\"https:\\\/\\\/revistaregional.com.br\\\/site\\\/\"},{\"@type\":\"ListItem\",\"position\":2,\"name\":\"\u2018Tamo Junto!\u2019 de Marco Luque em Indaiatuba\"}]},{\"@type\":\"WebSite\",\"@id\":\"https:\\\/\\\/revistaregional.com.br\\\/site\\\/#website\",\"url\":\"https:\\\/\\\/revistaregional.com.br\\\/site\\\/\",\"name\":\"Revista Regional\",\"description\":\"Salto - Itu - Indaituba\",\"potentialAction\":[{\"@type\":\"SearchAction\",\"target\":{\"@type\":\"EntryPoint\",\"urlTemplate\":\"https:\\\/\\\/revistaregional.com.br\\\/site\\\/?s={search_term_string}\"},\"query-input\":{\"@type\":\"PropertyValueSpecification\",\"valueRequired\":true,\"valueName\":\"search_term_string\"}}],\"inLanguage\":\"pt-BR\"},{\"@type\":\"Person\",\"@id\":\"https:\\\/\\\/revistaregional.com.br\\\/site\\\/#\\\/schema\\\/person\\\/382af97c580dc1b18f55107bc316010d\",\"name\":\"contato@revistaregional.com.br\",\"image\":{\"@type\":\"ImageObject\",\"inLanguage\":\"pt-BR\",\"@id\":\"https:\\\/\\\/secure.gravatar.com\\\/avatar\\\/869822917e96b2e292d5827e4635855396934485e7c4a0af84e9a214e32ca0cd?s=96&d=mm&r=g\",\"url\":\"https:\\\/\\\/secure.gravatar.com\\\/avatar\\\/869822917e96b2e292d5827e4635855396934485e7c4a0af84e9a214e32ca0cd?s=96&d=mm&r=g\",\"contentUrl\":\"https:\\\/\\\/secure.gravatar.com\\\/avatar\\\/869822917e96b2e292d5827e4635855396934485e7c4a0af84e9a214e32ca0cd?s=96&d=mm&r=g\",\"caption\":\"contato@revistaregional.com.br\"},\"url\":\"https:\\\/\\\/revistaregional.com.br\\\/site\\\/author\\\/contato@revistaregional.com.br\\\/\"}]}<\/script>\n<!-- \/ Yoast SEO plugin. -->","yoast_head_json":{"title":"\u2018Tamo Junto!\u2019 de Marco Luque em Indaiatuba - Revista Regional","robots":{"index":"index","follow":"follow","max-snippet":"max-snippet:-1","max-image-preview":"max-image-preview:large","max-video-preview":"max-video-preview:-1"},"canonical":"https:\/\/revistaregional.com.br\/site\/2013\/03\/04\/tamo-junto-de-marco-luque-em-indaiatuba\/","og_locale":"pt_BR","og_type":"article","og_title":"\u2018Tamo Junto!\u2019 de Marco Luque em Indaiatuba - Revista Regional","og_description":"O Teatro GT traz para a regi\u00e3o a pe\u00e7a \u201cTamo Junto!\u201d, do apresentador do programa CQC, da Band, Marco Luque. Com apoio de Revista Regional, ele se apresentar\u00e1 no dia 10, \u00e0s 19h, no Ciaei, em Indaiatuba. Luque vem se destacando no teatro com o g\u00eanero stand-up por todo o Brasil. Em \u201cTamo Junto!\u201d, visto [&hellip;]","og_url":"https:\/\/revistaregional.com.br\/site\/2013\/03\/04\/tamo-junto-de-marco-luque-em-indaiatuba\/","og_site_name":"Revista Regional","article_published_time":"2013-03-04T17:41:50+00:00","article_modified_time":"2024-01-26T13:54:58+00:00","og_image":[{"width":480,"height":353,"url":"https:\/\/revistaregional.com.br\/site\/wp-content\/uploads\/2013\/03\/agenda-Marco-Luque-Divulga\u00e7\u00e3o-929661.jpg","type":"image\/jpeg"}],"author":"contato@revistaregional.com.br","twitter_card":"summary_large_image","twitter_misc":{"Escrito por":"contato@revistaregional.com.br","Est. tempo de leitura":"1 minuto"},"schema":{"@context":"https:\/\/schema.org","@graph":[{"@type":"Article","@id":"https:\/\/revistaregional.com.br\/site\/2013\/03\/04\/tamo-junto-de-marco-luque-em-indaiatuba\/#article","isPartOf":{"@id":"https:\/\/revistaregional.com.br\/site\/2013\/03\/04\/tamo-junto-de-marco-luque-em-indaiatuba\/"},"author":{"name":"contato@revistaregional.com.br","@id":"https:\/\/revistaregional.com.br\/site\/#\/schema\/person\/382af97c580dc1b18f55107bc316010d"},"headline":"\u2018Tamo Junto!\u2019 de Marco Luque em Indaiatuba","datePublished":"2013-03-04T17:41:50+00:00","dateModified":"2024-01-26T13:54:58+00:00","mainEntityOfPage":{"@id":"https:\/\/revistaregional.com.br\/site\/2013\/03\/04\/tamo-junto-de-marco-luque-em-indaiatuba\/"},"wordCount":192,"commentCount":0,"image":{"@id":"https:\/\/revistaregional.com.br\/site\/2013\/03\/04\/tamo-junto-de-marco-luque-em-indaiatuba\/#primaryimage"},"thumbnailUrl":"https:\/\/revistaregional.com.br\/site\/wp-content\/uploads\/2013\/03\/agenda-Marco-Luque-Divulga\u00e7\u00e3o-929661.jpg","keywords":["Cultura"],"articleSection":["Cultura"],"inLanguage":"pt-BR","potentialAction":[{"@type":"CommentAction","name":"Comment","target":["https:\/\/revistaregional.com.br\/site\/2013\/03\/04\/tamo-junto-de-marco-luque-em-indaiatuba\/#respond"]}]},{"@type":"WebPage","@id":"https:\/\/revistaregional.com.br\/site\/2013\/03\/04\/tamo-junto-de-marco-luque-em-indaiatuba\/","url":"https:\/\/revistaregional.com.br\/site\/2013\/03\/04\/tamo-junto-de-marco-luque-em-indaiatuba\/","name":"\u2018Tamo Junto!\u2019 de Marco Luque em Indaiatuba - Revista Regional","isPartOf":{"@id":"https:\/\/revistaregional.com.br\/site\/#website"},"primaryImageOfPage":{"@id":"https:\/\/revistaregional.com.br\/site\/2013\/03\/04\/tamo-junto-de-marco-luque-em-indaiatuba\/#primaryimage"},"image":{"@id":"https:\/\/revistaregional.com.br\/site\/2013\/03\/04\/tamo-junto-de-marco-luque-em-indaiatuba\/#primaryimage"},"thumbnailUrl":"https:\/\/revistaregional.com.br\/site\/wp-content\/uploads\/2013\/03\/agenda-Marco-Luque-Divulga\u00e7\u00e3o-929661.jpg","datePublished":"2013-03-04T17:41:50+00:00","dateModified":"2024-01-26T13:54:58+00:00","author":{"@id":"https:\/\/revistaregional.com.br\/site\/#\/schema\/person\/382af97c580dc1b18f55107bc316010d"},"breadcrumb":{"@id":"https:\/\/revistaregional.com.br\/site\/2013\/03\/04\/tamo-junto-de-marco-luque-em-indaiatuba\/#breadcrumb"},"inLanguage":"pt-BR","potentialAction":[{"@type":"ReadAction","target":["https:\/\/revistaregional.com.br\/site\/2013\/03\/04\/tamo-junto-de-marco-luque-em-indaiatuba\/"]}]},{"@type":"ImageObject","inLanguage":"pt-BR","@id":"https:\/\/revistaregional.com.br\/site\/2013\/03\/04\/tamo-junto-de-marco-luque-em-indaiatuba\/#primaryimage","url":"https:\/\/revistaregional.com.br\/site\/wp-content\/uploads\/2013\/03\/agenda-Marco-Luque-Divulga\u00e7\u00e3o-929661.jpg","contentUrl":"https:\/\/revistaregional.com.br\/site\/wp-content\/uploads\/2013\/03\/agenda-Marco-Luque-Divulga\u00e7\u00e3o-929661.jpg","width":"480","height":"353"},{"@type":"BreadcrumbList","@id":"https:\/\/revistaregional.com.br\/site\/2013\/03\/04\/tamo-junto-de-marco-luque-em-indaiatuba\/#breadcrumb","itemListElement":[{"@type":"ListItem","position":1,"name":"In\u00edcio","item":"https:\/\/revistaregional.com.br\/site\/"},{"@type":"ListItem","position":2,"name":"\u2018Tamo Junto!\u2019 de Marco Luque em Indaiatuba"}]},{"@type":"WebSite","@id":"https:\/\/revistaregional.com.br\/site\/#website","url":"https:\/\/revistaregional.com.br\/site\/","name":"Revista Regional","description":"Salto - Itu - Indaituba","potentialAction":[{"@type":"SearchAction","target":{"@type":"EntryPoint","urlTemplate":"https:\/\/revistaregional.com.br\/site\/?s={search_term_string}"},"query-input":{"@type":"PropertyValueSpecification","valueRequired":true,"valueName":"search_term_string"}}],"inLanguage":"pt-BR"},{"@type":"Person","@id":"https:\/\/revistaregional.com.br\/site\/#\/schema\/person\/382af97c580dc1b18f55107bc316010d","name":"contato@revistaregional.com.br","image":{"@type":"ImageObject","inLanguage":"pt-BR","@id":"https:\/\/secure.gravatar.com\/avatar\/869822917e96b2e292d5827e4635855396934485e7c4a0af84e9a214e32ca0cd?s=96&d=mm&r=g","url":"https:\/\/secure.gravatar.com\/avatar\/869822917e96b2e292d5827e4635855396934485e7c4a0af84e9a214e32ca0cd?s=96&d=mm&r=g","contentUrl":"https:\/\/secure.gravatar.com\/avatar\/869822917e96b2e292d5827e4635855396934485e7c4a0af84e9a214e32ca0cd?s=96&d=mm&r=g","caption":"contato@revistaregional.com.br"},"url":"https:\/\/revistaregional.com.br\/site\/author\/contato@revistaregional.com.br\/"}]}},"views":42,"_links":{"self":[{"href":"https:\/\/revistaregional.com.br\/site\/wp-json\/wp\/v2\/posts\/4425","targetHints":{"allow":["GET"]}}],"collection":[{"href":"https:\/\/revistaregional.com.br\/site\/wp-json\/wp\/v2\/posts"}],"about":[{"href":"https:\/\/revistaregional.com.br\/site\/wp-json\/wp\/v2\/types\/post"}],"author":[{"embeddable":true,"href":"https:\/\/revistaregional.com.br\/site\/wp-json\/wp\/v2\/users\/1"}],"replies":[{"embeddable":true,"href":"https:\/\/revistaregional.com.br\/site\/wp-json\/wp\/v2\/comments?post=4425"}],"version-history":[{"count":5,"href":"https:\/\/revistaregional.com.br\/site\/wp-json\/wp\/v2\/posts\/4425\/revisions"}],"predecessor-version":[{"id":32440,"href":"https:\/\/revistaregional.com.br\/site\/wp-json\/wp\/v2\/posts\/4425\/revisions\/32440"}],"wp:featuredmedia":[{"embeddable":true,"href":"https:\/\/revistaregional.com.br\/site\/wp-json\/wp\/v2\/media\/4435"}],"wp:attachment":[{"href":"https:\/\/revistaregional.com.br\/site\/wp-json\/wp\/v2\/media?parent=4425"}],"wp:term":[{"taxonomy":"category","embeddable":true,"href":"https:\/\/revistaregional.com.br\/site\/wp-json\/wp\/v2\/categories?post=4425"},{"taxonomy":"post_tag","embeddable":true,"href":"https:\/\/revistaregional.com.br\/site\/wp-json\/wp\/v2\/tags?post=4425"}],"curies":[{"name":"wp","href":"https:\/\/api.w.org\/{rel}","templated":true}]}}