{"id":4357,"date":"2013-02-21T13:25:10","date_gmt":"2013-02-21T16:25:10","guid":{"rendered":"http:\/\/revistaregional.com.br\/site\/?p=4357"},"modified":"2024-01-26T10:55:05","modified_gmt":"2024-01-26T13:55:05","slug":"joe-roberts-andfriends-na-sala-palma-de-ouro","status":"publish","type":"post","link":"https:\/\/revistaregional.com.br\/site\/2013\/02\/21\/joe-roberts-andfriends-na-sala-palma-de-ouro\/","title":{"rendered":"Joe Roberts andFriends na Sala Palma de Ouro"},"content":{"rendered":"<figure id=\"attachment_4358\" aria-describedby=\"caption-attachment-4358\" style=\"width: 384px\" class=\"wp-caption aligncenter\"><a href=\"http:\/\/revistaregional.com.br\/site\/wp-content\/uploads\/2013\/02\/Joe-Roberts-and-Friends-apresentam-Tributo-ao-Rock-Cl\u00e1ssico-Internacional-na-Sala-Palma-de-Ouro.jpg\" rel=\"attachment wp-att-4358\"><img fetchpriority=\"high\" decoding=\"async\" class=\" wp-image-4358 \" src=\"http:\/\/revistaregional.com.br\/site\/wp-content\/uploads\/2013\/02\/Joe-Roberts-and-Friends-apresentam-Tributo-ao-Rock-Cl\u00e1ssico-Internacional-na-Sala-Palma-de-Ouro.jpg\" alt=\"\" width=\"384\" height=\"288\" srcset=\"https:\/\/revistaregional.com.br\/site\/wp-content\/uploads\/2013\/02\/Joe-Roberts-and-Friends-apresentam-Tributo-ao-Rock-Cl\u00e1ssico-Internacional-na-Sala-Palma-de-Ouro.jpg 640w, https:\/\/revistaregional.com.br\/site\/wp-content\/uploads\/2013\/02\/Joe-Roberts-and-Friends-apresentam-Tributo-ao-Rock-Cl\u00e1ssico-Internacional-na-Sala-Palma-de-Ouro-300x225.jpg 300w\" sizes=\"(max-width: 384px) 100vw, 384px\" \/><\/a><figcaption id=\"caption-attachment-4358\" class=\"wp-caption-text\">Os m\u00fasicos se apresentam em Salto<\/figcaption><\/figure>\n<p align=\"center\">A Sala Palma de Ouro (Centro de Educa\u00e7\u00e3o e Cultura) Anselmo Duarte recebe no pr\u00f3ximo dia 2 de mar\u00e7o, s\u00e1bado, \u00e0s 21h, a atra\u00e7\u00e3o internacional Joe Roberts andFriends, que apresenta o show \u201cTributo ao Rock Cl\u00e1ssico Internacional\u201d. IngressosR$ 30,00 (inteira); R$ 15,00 (meia).<\/p>\n<p>Ainda no s\u00e1bado, dia 2 de mar\u00e7o, das 15h \u00e0s 16h30, Joe Roberts andFriends ministram na Sala Palma de Ouro, um workshop internacional, destacando t\u00e9cnicas e estilos musicais diversos, com \u00eanfase nos cl\u00e1ssicos do rock, destinado a m\u00fasicos profissionais, amadores e interessados em geral. Inscri\u00e7\u00f5es na data e local do evento, a partir das 14h, com entrada franca e apoio da Secretaria Municipal da Cultura e Turismo de Salto.<\/p>\n<p>O vocalista canadense Joe Roberts \u00e9 ex-integrante da banda norte americana MenWithoutHats, donos do sucesso Safety Dance, que vendeu como single no mundo mais de 19 milh\u00f5es de c\u00f3pias. Viajou apresentando-se em pa\u00edses como, os EUA, Canad\u00e1, B\u00e9lgica, Fran\u00e7a, Portugal, Espanha, Holanda, Su\u00ed\u00e7a, Inglaterra, Irlanda, Esc\u00f3cia, Austr\u00e1lia, Nova Zel\u00e2ndia, Finl\u00e2ndia, Pol\u00f4nia, e mais. Com a banda MenWithoutHats, o Joe participou de shows de 1982 at\u00e9 1987, al\u00e9m de se apresentar com bandas como The Police, The Guess Who, Bachman Turner Overdrive, Kraftwerk, The Sex Pistols, Gino Vanelli, Chris Isaak, Tommy James entre outros. Chegou a tocar com a banda Kashmir, junto com Aldo Nova, que hoje comp\u00f5e regularmente para a famosa \u201cDiva\u201d Internacional, &#8220;Celine Dion&#8221;, tamb\u00e9m da cidade natal do Joe (Montreal, Canad\u00e1).<\/p>\n<p>Tocando os maiores e mais conhecidos \u00eaxitos de rock cl\u00e1ssico dos anos 50, 60, 70 e 80, a banda Joe Roberts transporta o p\u00fablico atrav\u00e9s de um mundo repleto de sentimentos nost\u00e1lgicos e felizes. Impecavelmente vestidos de roupa preta, e com coreografia de palco de primeira, o visual e atua\u00e7\u00e3o desse grupo foi muito comentado por onde passa, sendo que em 2006 e 2010 foi convidado para se apresentar no Programa do J\u00f4 da TV Globo.<\/p>\n<p><strong>\u00a0<\/strong><strong>O show<\/strong><\/p>\n<p>Do come\u00e7o ao fim da apresenta\u00e7\u00e3o, os cl\u00e1ssicos s\u00e3o tocados de forma mais pr\u00f3xima ao som original da \u00e9poca. Para que a banda pudesse reproduzir ao m\u00e1ximo a qualidade sonora de cada m\u00fasica do repert\u00f3rio, ela faz quest\u00e3o de usar instrumentos vintage (originais), parecidos aos que foram usados nas grava\u00e7\u00f5es originais. A plateia vibra do come\u00e7o ao fim da apresenta\u00e7\u00e3o, ao som dos maiores \u201csucessos\u201d do Rock Cl\u00e1ssico, pertencendo a nomes imortais da m\u00fasica internacional tais como: Bill Haleyand The Comets, passando por Roy Orbison, Elvis Presley, Little Richard e Chuck Berry, continuando com The Mamas and The Papas, Creedence, The Monkees, Bob Dylan, Simon and Garfunkel, Johnny Rivers, Joe Cocker, The Rolling Stones, The Doors, America, The Beatles, Queen, The Eagles, Dire Straits, The Police, Supertramp, Pink Floyd, Eric Clapton, Phil Collins, Elton John, e muito mais.<\/p>\n<p><em>\u00a0foto: Divulga\u00e7\u00e3o<\/em><\/p>\n<p>&nbsp;<\/p>\n","protected":false},"excerpt":{"rendered":"<p>A Sala Palma de Ouro (Centro de Educa\u00e7\u00e3o e Cultura) Anselmo Duarte recebe no pr\u00f3ximo dia 2 de mar\u00e7o, s\u00e1bado, \u00e0s 21h, a atra\u00e7\u00e3o internacional Joe Roberts andFriends, que apresenta o show \u201cTributo ao Rock Cl\u00e1ssico Internacional\u201d. IngressosR$ 30,00 (inteira); R$ 15,00 (meia). Ainda no s\u00e1bado, dia 2 de mar\u00e7o, das 15h \u00e0s 16h30, Joe [&hellip;]<\/p>\n","protected":false},"author":1,"featured_media":4358,"comment_status":"open","ping_status":"open","sticky":false,"template":"","format":"standard","meta":{"_acf_changed":false,"ngg_post_thumbnail":0,"_joinchat":[],"footnotes":""},"categories":[4],"tags":[533],"class_list":["post-4357","post","type-post","status-publish","format-standard","has-post-thumbnail","hentry","category-cultura","tag-cultura"],"acf":[],"yoast_head":"<!-- This site is optimized with the Yoast SEO plugin v27.4 - https:\/\/yoast.com\/product\/yoast-seo-wordpress\/ -->\n<title>Joe Roberts andFriends na Sala Palma de Ouro - Revista Regional<\/title>\n<meta name=\"robots\" content=\"index, follow, max-snippet:-1, max-image-preview:large, max-video-preview:-1\" \/>\n<link rel=\"canonical\" href=\"https:\/\/revistaregional.com.br\/site\/2013\/02\/21\/joe-roberts-andfriends-na-sala-palma-de-ouro\/\" \/>\n<meta property=\"og:locale\" content=\"pt_BR\" \/>\n<meta property=\"og:type\" content=\"article\" \/>\n<meta property=\"og:title\" content=\"Joe Roberts andFriends na Sala Palma de Ouro - Revista Regional\" \/>\n<meta property=\"og:description\" content=\"A Sala Palma de Ouro (Centro de Educa\u00e7\u00e3o e Cultura) Anselmo Duarte recebe no pr\u00f3ximo dia 2 de mar\u00e7o, s\u00e1bado, \u00e0s 21h, a atra\u00e7\u00e3o internacional Joe Roberts andFriends, que apresenta o show \u201cTributo ao Rock Cl\u00e1ssico Internacional\u201d. IngressosR$ 30,00 (inteira); R$ 15,00 (meia). Ainda no s\u00e1bado, dia 2 de mar\u00e7o, das 15h \u00e0s 16h30, Joe [&hellip;]\" \/>\n<meta property=\"og:url\" content=\"https:\/\/revistaregional.com.br\/site\/2013\/02\/21\/joe-roberts-andfriends-na-sala-palma-de-ouro\/\" \/>\n<meta property=\"og:site_name\" content=\"Revista Regional\" \/>\n<meta property=\"article:published_time\" content=\"2013-02-21T16:25:10+00:00\" \/>\n<meta property=\"article:modified_time\" content=\"2024-01-26T13:55:05+00:00\" \/>\n<meta property=\"og:image\" content=\"https:\/\/revistaregional.com.br\/site\/wp-content\/uploads\/2013\/02\/Joe-Roberts-and-Friends-apresentam-Tributo-ao-Rock-Cl\u00e1ssico-Internacional-na-Sala-Palma-de-Ouro.jpg\" \/>\n\t<meta property=\"og:image:width\" content=\"640\" \/>\n\t<meta property=\"og:image:height\" content=\"480\" \/>\n\t<meta property=\"og:image:type\" content=\"image\/jpeg\" \/>\n<meta name=\"author\" content=\"contato@revistaregional.com.br\" \/>\n<meta name=\"twitter:card\" content=\"summary_large_image\" \/>\n<meta name=\"twitter:label1\" content=\"Escrito por\" \/>\n\t<meta name=\"twitter:data1\" content=\"contato@revistaregional.com.br\" \/>\n\t<meta name=\"twitter:label2\" content=\"Est. tempo de leitura\" \/>\n\t<meta name=\"twitter:data2\" content=\"3 minutos\" \/>\n<script type=\"application\/ld+json\" class=\"yoast-schema-graph\">{\"@context\":\"https:\\\/\\\/schema.org\",\"@graph\":[{\"@type\":\"Article\",\"@id\":\"https:\\\/\\\/revistaregional.com.br\\\/site\\\/2013\\\/02\\\/21\\\/joe-roberts-andfriends-na-sala-palma-de-ouro\\\/#article\",\"isPartOf\":{\"@id\":\"https:\\\/\\\/revistaregional.com.br\\\/site\\\/2013\\\/02\\\/21\\\/joe-roberts-andfriends-na-sala-palma-de-ouro\\\/\"},\"author\":{\"name\":\"contato@revistaregional.com.br\",\"@id\":\"https:\\\/\\\/revistaregional.com.br\\\/site\\\/#\\\/schema\\\/person\\\/382af97c580dc1b18f55107bc316010d\"},\"headline\":\"Joe Roberts andFriends na Sala Palma de Ouro\",\"datePublished\":\"2013-02-21T16:25:10+00:00\",\"dateModified\":\"2024-01-26T13:55:05+00:00\",\"mainEntityOfPage\":{\"@id\":\"https:\\\/\\\/revistaregional.com.br\\\/site\\\/2013\\\/02\\\/21\\\/joe-roberts-andfriends-na-sala-palma-de-ouro\\\/\"},\"wordCount\":508,\"commentCount\":0,\"image\":{\"@id\":\"https:\\\/\\\/revistaregional.com.br\\\/site\\\/2013\\\/02\\\/21\\\/joe-roberts-andfriends-na-sala-palma-de-ouro\\\/#primaryimage\"},\"thumbnailUrl\":\"https:\\\/\\\/revistaregional.com.br\\\/site\\\/wp-content\\\/uploads\\\/2013\\\/02\\\/Joe-Roberts-and-Friends-apresentam-Tributo-ao-Rock-Cl\u00e1ssico-Internacional-na-Sala-Palma-de-Ouro.jpg\",\"keywords\":[\"Cultura\"],\"articleSection\":[\"Cultura\"],\"inLanguage\":\"pt-BR\",\"potentialAction\":[{\"@type\":\"CommentAction\",\"name\":\"Comment\",\"target\":[\"https:\\\/\\\/revistaregional.com.br\\\/site\\\/2013\\\/02\\\/21\\\/joe-roberts-andfriends-na-sala-palma-de-ouro\\\/#respond\"]}]},{\"@type\":\"WebPage\",\"@id\":\"https:\\\/\\\/revistaregional.com.br\\\/site\\\/2013\\\/02\\\/21\\\/joe-roberts-andfriends-na-sala-palma-de-ouro\\\/\",\"url\":\"https:\\\/\\\/revistaregional.com.br\\\/site\\\/2013\\\/02\\\/21\\\/joe-roberts-andfriends-na-sala-palma-de-ouro\\\/\",\"name\":\"Joe Roberts andFriends na Sala Palma de Ouro - Revista Regional\",\"isPartOf\":{\"@id\":\"https:\\\/\\\/revistaregional.com.br\\\/site\\\/#website\"},\"primaryImageOfPage\":{\"@id\":\"https:\\\/\\\/revistaregional.com.br\\\/site\\\/2013\\\/02\\\/21\\\/joe-roberts-andfriends-na-sala-palma-de-ouro\\\/#primaryimage\"},\"image\":{\"@id\":\"https:\\\/\\\/revistaregional.com.br\\\/site\\\/2013\\\/02\\\/21\\\/joe-roberts-andfriends-na-sala-palma-de-ouro\\\/#primaryimage\"},\"thumbnailUrl\":\"https:\\\/\\\/revistaregional.com.br\\\/site\\\/wp-content\\\/uploads\\\/2013\\\/02\\\/Joe-Roberts-and-Friends-apresentam-Tributo-ao-Rock-Cl\u00e1ssico-Internacional-na-Sala-Palma-de-Ouro.jpg\",\"datePublished\":\"2013-02-21T16:25:10+00:00\",\"dateModified\":\"2024-01-26T13:55:05+00:00\",\"author\":{\"@id\":\"https:\\\/\\\/revistaregional.com.br\\\/site\\\/#\\\/schema\\\/person\\\/382af97c580dc1b18f55107bc316010d\"},\"breadcrumb\":{\"@id\":\"https:\\\/\\\/revistaregional.com.br\\\/site\\\/2013\\\/02\\\/21\\\/joe-roberts-andfriends-na-sala-palma-de-ouro\\\/#breadcrumb\"},\"inLanguage\":\"pt-BR\",\"potentialAction\":[{\"@type\":\"ReadAction\",\"target\":[\"https:\\\/\\\/revistaregional.com.br\\\/site\\\/2013\\\/02\\\/21\\\/joe-roberts-andfriends-na-sala-palma-de-ouro\\\/\"]}]},{\"@type\":\"ImageObject\",\"inLanguage\":\"pt-BR\",\"@id\":\"https:\\\/\\\/revistaregional.com.br\\\/site\\\/2013\\\/02\\\/21\\\/joe-roberts-andfriends-na-sala-palma-de-ouro\\\/#primaryimage\",\"url\":\"https:\\\/\\\/revistaregional.com.br\\\/site\\\/wp-content\\\/uploads\\\/2013\\\/02\\\/Joe-Roberts-and-Friends-apresentam-Tributo-ao-Rock-Cl\u00e1ssico-Internacional-na-Sala-Palma-de-Ouro.jpg\",\"contentUrl\":\"https:\\\/\\\/revistaregional.com.br\\\/site\\\/wp-content\\\/uploads\\\/2013\\\/02\\\/Joe-Roberts-and-Friends-apresentam-Tributo-ao-Rock-Cl\u00e1ssico-Internacional-na-Sala-Palma-de-Ouro.jpg\",\"width\":\"640\",\"height\":\"480\",\"caption\":\"Os m\u00fasicos se apresentam em Salto\"},{\"@type\":\"BreadcrumbList\",\"@id\":\"https:\\\/\\\/revistaregional.com.br\\\/site\\\/2013\\\/02\\\/21\\\/joe-roberts-andfriends-na-sala-palma-de-ouro\\\/#breadcrumb\",\"itemListElement\":[{\"@type\":\"ListItem\",\"position\":1,\"name\":\"In\u00edcio\",\"item\":\"https:\\\/\\\/revistaregional.com.br\\\/site\\\/\"},{\"@type\":\"ListItem\",\"position\":2,\"name\":\"Joe Roberts andFriends na Sala Palma de Ouro\"}]},{\"@type\":\"WebSite\",\"@id\":\"https:\\\/\\\/revistaregional.com.br\\\/site\\\/#website\",\"url\":\"https:\\\/\\\/revistaregional.com.br\\\/site\\\/\",\"name\":\"Revista Regional\",\"description\":\"Salto - Itu - Indaituba\",\"potentialAction\":[{\"@type\":\"SearchAction\",\"target\":{\"@type\":\"EntryPoint\",\"urlTemplate\":\"https:\\\/\\\/revistaregional.com.br\\\/site\\\/?s={search_term_string}\"},\"query-input\":{\"@type\":\"PropertyValueSpecification\",\"valueRequired\":true,\"valueName\":\"search_term_string\"}}],\"inLanguage\":\"pt-BR\"},{\"@type\":\"Person\",\"@id\":\"https:\\\/\\\/revistaregional.com.br\\\/site\\\/#\\\/schema\\\/person\\\/382af97c580dc1b18f55107bc316010d\",\"name\":\"contato@revistaregional.com.br\",\"image\":{\"@type\":\"ImageObject\",\"inLanguage\":\"pt-BR\",\"@id\":\"https:\\\/\\\/secure.gravatar.com\\\/avatar\\\/869822917e96b2e292d5827e4635855396934485e7c4a0af84e9a214e32ca0cd?s=96&d=mm&r=g\",\"url\":\"https:\\\/\\\/secure.gravatar.com\\\/avatar\\\/869822917e96b2e292d5827e4635855396934485e7c4a0af84e9a214e32ca0cd?s=96&d=mm&r=g\",\"contentUrl\":\"https:\\\/\\\/secure.gravatar.com\\\/avatar\\\/869822917e96b2e292d5827e4635855396934485e7c4a0af84e9a214e32ca0cd?s=96&d=mm&r=g\",\"caption\":\"contato@revistaregional.com.br\"},\"url\":\"https:\\\/\\\/revistaregional.com.br\\\/site\\\/author\\\/contato@revistaregional.com.br\\\/\"}]}<\/script>\n<!-- \/ Yoast SEO plugin. -->","yoast_head_json":{"title":"Joe Roberts andFriends na Sala Palma de Ouro - Revista Regional","robots":{"index":"index","follow":"follow","max-snippet":"max-snippet:-1","max-image-preview":"max-image-preview:large","max-video-preview":"max-video-preview:-1"},"canonical":"https:\/\/revistaregional.com.br\/site\/2013\/02\/21\/joe-roberts-andfriends-na-sala-palma-de-ouro\/","og_locale":"pt_BR","og_type":"article","og_title":"Joe Roberts andFriends na Sala Palma de Ouro - Revista Regional","og_description":"A Sala Palma de Ouro (Centro de Educa\u00e7\u00e3o e Cultura) Anselmo Duarte recebe no pr\u00f3ximo dia 2 de mar\u00e7o, s\u00e1bado, \u00e0s 21h, a atra\u00e7\u00e3o internacional Joe Roberts andFriends, que apresenta o show \u201cTributo ao Rock Cl\u00e1ssico Internacional\u201d. IngressosR$ 30,00 (inteira); R$ 15,00 (meia). Ainda no s\u00e1bado, dia 2 de mar\u00e7o, das 15h \u00e0s 16h30, Joe [&hellip;]","og_url":"https:\/\/revistaregional.com.br\/site\/2013\/02\/21\/joe-roberts-andfriends-na-sala-palma-de-ouro\/","og_site_name":"Revista Regional","article_published_time":"2013-02-21T16:25:10+00:00","article_modified_time":"2024-01-26T13:55:05+00:00","og_image":[{"width":640,"height":480,"url":"https:\/\/revistaregional.com.br\/site\/wp-content\/uploads\/2013\/02\/Joe-Roberts-and-Friends-apresentam-Tributo-ao-Rock-Cl\u00e1ssico-Internacional-na-Sala-Palma-de-Ouro.jpg","type":"image\/jpeg"}],"author":"contato@revistaregional.com.br","twitter_card":"summary_large_image","twitter_misc":{"Escrito por":"contato@revistaregional.com.br","Est. tempo de leitura":"3 minutos"},"schema":{"@context":"https:\/\/schema.org","@graph":[{"@type":"Article","@id":"https:\/\/revistaregional.com.br\/site\/2013\/02\/21\/joe-roberts-andfriends-na-sala-palma-de-ouro\/#article","isPartOf":{"@id":"https:\/\/revistaregional.com.br\/site\/2013\/02\/21\/joe-roberts-andfriends-na-sala-palma-de-ouro\/"},"author":{"name":"contato@revistaregional.com.br","@id":"https:\/\/revistaregional.com.br\/site\/#\/schema\/person\/382af97c580dc1b18f55107bc316010d"},"headline":"Joe Roberts andFriends na Sala Palma de Ouro","datePublished":"2013-02-21T16:25:10+00:00","dateModified":"2024-01-26T13:55:05+00:00","mainEntityOfPage":{"@id":"https:\/\/revistaregional.com.br\/site\/2013\/02\/21\/joe-roberts-andfriends-na-sala-palma-de-ouro\/"},"wordCount":508,"commentCount":0,"image":{"@id":"https:\/\/revistaregional.com.br\/site\/2013\/02\/21\/joe-roberts-andfriends-na-sala-palma-de-ouro\/#primaryimage"},"thumbnailUrl":"https:\/\/revistaregional.com.br\/site\/wp-content\/uploads\/2013\/02\/Joe-Roberts-and-Friends-apresentam-Tributo-ao-Rock-Cl\u00e1ssico-Internacional-na-Sala-Palma-de-Ouro.jpg","keywords":["Cultura"],"articleSection":["Cultura"],"inLanguage":"pt-BR","potentialAction":[{"@type":"CommentAction","name":"Comment","target":["https:\/\/revistaregional.com.br\/site\/2013\/02\/21\/joe-roberts-andfriends-na-sala-palma-de-ouro\/#respond"]}]},{"@type":"WebPage","@id":"https:\/\/revistaregional.com.br\/site\/2013\/02\/21\/joe-roberts-andfriends-na-sala-palma-de-ouro\/","url":"https:\/\/revistaregional.com.br\/site\/2013\/02\/21\/joe-roberts-andfriends-na-sala-palma-de-ouro\/","name":"Joe Roberts andFriends na Sala Palma de Ouro - Revista Regional","isPartOf":{"@id":"https:\/\/revistaregional.com.br\/site\/#website"},"primaryImageOfPage":{"@id":"https:\/\/revistaregional.com.br\/site\/2013\/02\/21\/joe-roberts-andfriends-na-sala-palma-de-ouro\/#primaryimage"},"image":{"@id":"https:\/\/revistaregional.com.br\/site\/2013\/02\/21\/joe-roberts-andfriends-na-sala-palma-de-ouro\/#primaryimage"},"thumbnailUrl":"https:\/\/revistaregional.com.br\/site\/wp-content\/uploads\/2013\/02\/Joe-Roberts-and-Friends-apresentam-Tributo-ao-Rock-Cl\u00e1ssico-Internacional-na-Sala-Palma-de-Ouro.jpg","datePublished":"2013-02-21T16:25:10+00:00","dateModified":"2024-01-26T13:55:05+00:00","author":{"@id":"https:\/\/revistaregional.com.br\/site\/#\/schema\/person\/382af97c580dc1b18f55107bc316010d"},"breadcrumb":{"@id":"https:\/\/revistaregional.com.br\/site\/2013\/02\/21\/joe-roberts-andfriends-na-sala-palma-de-ouro\/#breadcrumb"},"inLanguage":"pt-BR","potentialAction":[{"@type":"ReadAction","target":["https:\/\/revistaregional.com.br\/site\/2013\/02\/21\/joe-roberts-andfriends-na-sala-palma-de-ouro\/"]}]},{"@type":"ImageObject","inLanguage":"pt-BR","@id":"https:\/\/revistaregional.com.br\/site\/2013\/02\/21\/joe-roberts-andfriends-na-sala-palma-de-ouro\/#primaryimage","url":"https:\/\/revistaregional.com.br\/site\/wp-content\/uploads\/2013\/02\/Joe-Roberts-and-Friends-apresentam-Tributo-ao-Rock-Cl\u00e1ssico-Internacional-na-Sala-Palma-de-Ouro.jpg","contentUrl":"https:\/\/revistaregional.com.br\/site\/wp-content\/uploads\/2013\/02\/Joe-Roberts-and-Friends-apresentam-Tributo-ao-Rock-Cl\u00e1ssico-Internacional-na-Sala-Palma-de-Ouro.jpg","width":"640","height":"480","caption":"Os m\u00fasicos se apresentam em Salto"},{"@type":"BreadcrumbList","@id":"https:\/\/revistaregional.com.br\/site\/2013\/02\/21\/joe-roberts-andfriends-na-sala-palma-de-ouro\/#breadcrumb","itemListElement":[{"@type":"ListItem","position":1,"name":"In\u00edcio","item":"https:\/\/revistaregional.com.br\/site\/"},{"@type":"ListItem","position":2,"name":"Joe Roberts andFriends na Sala Palma de Ouro"}]},{"@type":"WebSite","@id":"https:\/\/revistaregional.com.br\/site\/#website","url":"https:\/\/revistaregional.com.br\/site\/","name":"Revista Regional","description":"Salto - Itu - Indaituba","potentialAction":[{"@type":"SearchAction","target":{"@type":"EntryPoint","urlTemplate":"https:\/\/revistaregional.com.br\/site\/?s={search_term_string}"},"query-input":{"@type":"PropertyValueSpecification","valueRequired":true,"valueName":"search_term_string"}}],"inLanguage":"pt-BR"},{"@type":"Person","@id":"https:\/\/revistaregional.com.br\/site\/#\/schema\/person\/382af97c580dc1b18f55107bc316010d","name":"contato@revistaregional.com.br","image":{"@type":"ImageObject","inLanguage":"pt-BR","@id":"https:\/\/secure.gravatar.com\/avatar\/869822917e96b2e292d5827e4635855396934485e7c4a0af84e9a214e32ca0cd?s=96&d=mm&r=g","url":"https:\/\/secure.gravatar.com\/avatar\/869822917e96b2e292d5827e4635855396934485e7c4a0af84e9a214e32ca0cd?s=96&d=mm&r=g","contentUrl":"https:\/\/secure.gravatar.com\/avatar\/869822917e96b2e292d5827e4635855396934485e7c4a0af84e9a214e32ca0cd?s=96&d=mm&r=g","caption":"contato@revistaregional.com.br"},"url":"https:\/\/revistaregional.com.br\/site\/author\/contato@revistaregional.com.br\/"}]}},"views":49,"_links":{"self":[{"href":"https:\/\/revistaregional.com.br\/site\/wp-json\/wp\/v2\/posts\/4357","targetHints":{"allow":["GET"]}}],"collection":[{"href":"https:\/\/revistaregional.com.br\/site\/wp-json\/wp\/v2\/posts"}],"about":[{"href":"https:\/\/revistaregional.com.br\/site\/wp-json\/wp\/v2\/types\/post"}],"author":[{"embeddable":true,"href":"https:\/\/revistaregional.com.br\/site\/wp-json\/wp\/v2\/users\/1"}],"replies":[{"embeddable":true,"href":"https:\/\/revistaregional.com.br\/site\/wp-json\/wp\/v2\/comments?post=4357"}],"version-history":[{"count":3,"href":"https:\/\/revistaregional.com.br\/site\/wp-json\/wp\/v2\/posts\/4357\/revisions"}],"predecessor-version":[{"id":32445,"href":"https:\/\/revistaregional.com.br\/site\/wp-json\/wp\/v2\/posts\/4357\/revisions\/32445"}],"wp:featuredmedia":[{"embeddable":true,"href":"https:\/\/revistaregional.com.br\/site\/wp-json\/wp\/v2\/media\/4358"}],"wp:attachment":[{"href":"https:\/\/revistaregional.com.br\/site\/wp-json\/wp\/v2\/media?parent=4357"}],"wp:term":[{"taxonomy":"category","embeddable":true,"href":"https:\/\/revistaregional.com.br\/site\/wp-json\/wp\/v2\/categories?post=4357"},{"taxonomy":"post_tag","embeddable":true,"href":"https:\/\/revistaregional.com.br\/site\/wp-json\/wp\/v2\/tags?post=4357"}],"curies":[{"name":"wp","href":"https:\/\/api.w.org\/{rel}","templated":true}]}}