{"id":4350,"date":"2013-02-19T09:57:07","date_gmt":"2013-02-19T12:57:07","guid":{"rendered":"http:\/\/revistaregional.com.br\/site\/?p=4350"},"modified":"2024-01-26T09:57:36","modified_gmt":"2024-01-26T12:57:36","slug":"liquidacao-no-plaza-shopping-itu","status":"publish","type":"post","link":"https:\/\/revistaregional.com.br\/site\/2013\/02\/19\/liquidacao-no-plaza-shopping-itu\/","title":{"rendered":"Liquida\u00e7\u00e3o no Plaza Shopping Itu"},"content":{"rendered":"<figure id=\"attachment_4351\" aria-describedby=\"caption-attachment-4351\" style=\"width: 384px\" class=\"wp-caption aligncenter\"><a href=\"http:\/\/revistaregional.com.br\/site\/wp-content\/uploads\/2013\/02\/quarteto.jpg\" rel=\"attachment wp-att-4351\"><img fetchpriority=\"high\" decoding=\"async\" class=\" wp-image-4351 \" src=\"http:\/\/revistaregional.com.br\/site\/wp-content\/uploads\/2013\/02\/quarteto.jpg\" alt=\"\" width=\"384\" height=\"288\" srcset=\"https:\/\/revistaregional.com.br\/site\/wp-content\/uploads\/2013\/02\/quarteto.jpg 640w, https:\/\/revistaregional.com.br\/site\/wp-content\/uploads\/2013\/02\/quarteto-300x225.jpg 300w\" sizes=\"(max-width: 384px) 100vw, 384px\" \/><\/a><figcaption id=\"caption-attachment-4351\" class=\"wp-caption-text\">Quarteto de cordas, pintura ao vivo e caricaturas s\u00e3o algumas das atra\u00e7\u00f5es do Vernissage Plaza, sucesso de p\u00fablico h\u00e1 duas semanas<\/figcaption><\/figure>\n<p align=\"center\"><em>Queima de estoque de todas as lojas devem chegar a 70% de desconto. Shopping traz atra\u00e7\u00f5es para todas as idades, como o Vernissage Plaza e a estreia do Teatrando<\/em><\/p>\n<p>\u00a0Entre 21 e 24 de fevereiro, o Plaza Shopping Itu apresenta a liquida\u00e7\u00e3o &#8220;42 Horas Insanas&#8221;, com uma queima de estoque da cole\u00e7\u00e3o de ver\u00e3o das lojas do shopping. Os descontos devem variar em at\u00e9 70%, nas lojas com o selo da campanha na vitrine. Al\u00e9m das promo\u00e7\u00f5es imperd\u00edveis, o Plaza ter\u00e1 atra\u00e7\u00f5es especiais durante o per\u00edodo da liquida\u00e7\u00e3o de ver\u00e3o: intera\u00e7\u00e3o com trupe de palha\u00e7os pelos corredores, distribui\u00e7\u00e3o de bexigas \u00e0s crian\u00e7as, oficinas recreativas em frente \u00e0s lojas Mr. Cat e Hobby Magazine, a exposi\u00e7\u00e3o &#8220;Vernissage Plaza&#8221; com obras de artistas pl\u00e1sticos e a estreia da 3\u00aa temporada de teatro infantil no Plaza, o &#8220;Teatrando&#8221;, que apresentar\u00e1 a pe\u00e7a &#8220;O M\u00e1gico de Oz&#8221;, no domingo, \u00e0s 11h da manh\u00e3.<\/p>\n<p>O shopping ganha uma decora\u00e7\u00e3o especial durante os dias da liquida\u00e7\u00e3o &#8220;42 Horas Insanas&#8221;, que deixar\u00e1 os momentos de compras ainda mais animados no Plaza Itu. A campanha do empreendimento foi criada pela Ag\u00eancia Desafio, respons\u00e1vel pela conta publicit\u00e1ria do centro de compras ituano, com pe\u00e7as exclusivas nos corredores do shopping, divulga\u00e7\u00e3o em jornais e filme para a televis\u00e3o.<\/p>\n<p>Os clientes podem acompanhar, em tempo real, dicas sobre as principais ofertas da liquida\u00e7\u00e3o &#8220;42 Horas Insanas&#8221; nas redes sociais do shopping, pelo Twitter e Facebook. Para os clientes que participam do Programa de Relacionamento do Plaza, o Departamento de Marketing prepara boletins com ofertas selecionadas para esta temporada. O hor\u00e1rio de funcionamento do Plaza \u00e9 das 10h \u00e0s 22h. Mais informa\u00e7\u00f5es no site: <a href=\"http:\/\/www.plazashoppingitu.com.br\/\">www.plazashoppingitu.com.br<\/a>.<\/p>\n<p><strong>Vernissage Plaza \u00e9 sucesso de p\u00fablico<\/strong><\/p>\n<p>O Plaza Shopping Itu abriu o projeto \u201cVernissage Plaza\u201d, com o \u201cLurdinha Perina Atelier\u201d, no dia 7 de fevereiro, mas as novidades n\u00e3o param no evento. Na \u00faltima sexta-feira, dia 15, um quarteto de cordas animou a tarde dos artistas e do p\u00fablico que prestigiou o evento. Diariamente, os participantes pintam telas ao vivo e fazem caricaturas dos presentes.<\/p>\n<p>O evento, que valoriza a cultura da regi\u00e3o, \u00e9 sucesso de p\u00fablico e destaque em toda a imprensa. No \u00faltimo s\u00e1bado, o Tem Not\u00edcias, da TV Tem (afiliada da Rede Globo), destacou o trabalho dos artistas em sua Agenda Cultural. \u201cEssa \u00e9 a chance do nosso p\u00fablico interagir com esses artistas, se envolver com o universo da arte e acompanhar o nascimento de um trabalho art\u00edstico\u201d, explicou o gerente de Marketing do Plaza Shopping Itu, Edgar Silveira. \u201cNosso objetivo \u00e9 trazer a arte ao encontro das pessoas\u201d, afirmou.<\/p>\n<p>Os artistas interessados em participar do projeto, podem entrar em contato com o Departamento de Marketing do Plaza Shopping Itu, enviando um e-mail, com o assunto \u201cVernissage Plaza\u201d, para <a href=\"mailto:contato@plazashoppingitu.com.br\">contato@plazashoppingitu.com.br<\/a>. Todas as informa\u00e7\u00f5es sobre os eventos do Plaza Shopping Itu est\u00e3o no site <a href=\"http:\/\/www.plazashoppingitu.com.br\/\">www.plazashoppingitu.com.br<\/a>.<\/p>\n<p><strong>MAIS:<\/strong><\/p>\n<p>O Plaza Shopping Itu fica na avenida Dr. Ermelindo Maffei, 1199, Jd. Para\u00edso, Itu. Tel.: (11) 4022-9400 | <a href=\"http:\/\/www.plazashoppingitu.com.br\/\">www.plazashoppingitu.com.br<\/a><\/p>\n<p><em>\u00a0 foto: Divulga\u00e7\u00e3o<\/em><\/p>\n","protected":false},"excerpt":{"rendered":"<p>Queima de estoque de todas as lojas devem chegar a 70% de desconto. Shopping traz atra\u00e7\u00f5es para todas as idades, como o Vernissage Plaza e a estreia do Teatrando \u00a0Entre 21 e 24 de fevereiro, o Plaza Shopping Itu apresenta a liquida\u00e7\u00e3o &#8220;42 Horas Insanas&#8221;, com uma queima de estoque da cole\u00e7\u00e3o de ver\u00e3o das [&hellip;]<\/p>\n","protected":false},"author":1,"featured_media":4354,"comment_status":"open","ping_status":"open","sticky":false,"template":"","format":"standard","meta":{"_acf_changed":false,"ngg_post_thumbnail":0,"_joinchat":[],"footnotes":""},"categories":[12],"tags":[527],"class_list":["post-4350","post","type-post","status-publish","format-standard","has-post-thumbnail","hentry","category-regionais","tag-regionais"],"acf":[],"yoast_head":"<!-- This site is optimized with the Yoast SEO plugin v27.4 - https:\/\/yoast.com\/product\/yoast-seo-wordpress\/ -->\n<title>Liquida\u00e7\u00e3o no Plaza Shopping Itu - Revista Regional<\/title>\n<meta name=\"robots\" content=\"index, follow, max-snippet:-1, max-image-preview:large, max-video-preview:-1\" \/>\n<link rel=\"canonical\" href=\"https:\/\/revistaregional.com.br\/site\/2013\/02\/19\/liquidacao-no-plaza-shopping-itu\/\" \/>\n<meta property=\"og:locale\" content=\"pt_BR\" \/>\n<meta property=\"og:type\" content=\"article\" \/>\n<meta property=\"og:title\" content=\"Liquida\u00e7\u00e3o no Plaza Shopping Itu - Revista Regional\" \/>\n<meta property=\"og:description\" content=\"Queima de estoque de todas as lojas devem chegar a 70% de desconto. Shopping traz atra\u00e7\u00f5es para todas as idades, como o Vernissage Plaza e a estreia do Teatrando \u00a0Entre 21 e 24 de fevereiro, o Plaza Shopping Itu apresenta a liquida\u00e7\u00e3o &#8220;42 Horas Insanas&#8221;, com uma queima de estoque da cole\u00e7\u00e3o de ver\u00e3o das [&hellip;]\" \/>\n<meta property=\"og:url\" content=\"https:\/\/revistaregional.com.br\/site\/2013\/02\/19\/liquidacao-no-plaza-shopping-itu\/\" \/>\n<meta property=\"og:site_name\" content=\"Revista Regional\" \/>\n<meta property=\"article:published_time\" content=\"2013-02-19T12:57:07+00:00\" \/>\n<meta property=\"article:modified_time\" content=\"2024-01-26T12:57:36+00:00\" \/>\n<meta property=\"og:image\" content=\"https:\/\/revistaregional.com.br\/site\/wp-content\/uploads\/2013\/02\/quarteto1.jpg\" \/>\n\t<meta property=\"og:image:width\" content=\"640\" \/>\n\t<meta property=\"og:image:height\" content=\"416\" \/>\n\t<meta property=\"og:image:type\" content=\"image\/jpeg\" \/>\n<meta name=\"author\" content=\"contato@revistaregional.com.br\" \/>\n<meta name=\"twitter:card\" content=\"summary_large_image\" \/>\n<meta name=\"twitter:label1\" content=\"Escrito por\" \/>\n\t<meta name=\"twitter:data1\" content=\"contato@revistaregional.com.br\" \/>\n\t<meta name=\"twitter:label2\" content=\"Est. tempo de leitura\" \/>\n\t<meta name=\"twitter:data2\" content=\"3 minutos\" \/>\n<script type=\"application\/ld+json\" class=\"yoast-schema-graph\">{\"@context\":\"https:\\\/\\\/schema.org\",\"@graph\":[{\"@type\":\"Article\",\"@id\":\"https:\\\/\\\/revistaregional.com.br\\\/site\\\/2013\\\/02\\\/19\\\/liquidacao-no-plaza-shopping-itu\\\/#article\",\"isPartOf\":{\"@id\":\"https:\\\/\\\/revistaregional.com.br\\\/site\\\/2013\\\/02\\\/19\\\/liquidacao-no-plaza-shopping-itu\\\/\"},\"author\":{\"name\":\"contato@revistaregional.com.br\",\"@id\":\"https:\\\/\\\/revistaregional.com.br\\\/site\\\/#\\\/schema\\\/person\\\/382af97c580dc1b18f55107bc316010d\"},\"headline\":\"Liquida\u00e7\u00e3o no Plaza Shopping Itu\",\"datePublished\":\"2013-02-19T12:57:07+00:00\",\"dateModified\":\"2024-01-26T12:57:36+00:00\",\"mainEntityOfPage\":{\"@id\":\"https:\\\/\\\/revistaregional.com.br\\\/site\\\/2013\\\/02\\\/19\\\/liquidacao-no-plaza-shopping-itu\\\/\"},\"wordCount\":566,\"commentCount\":0,\"image\":{\"@id\":\"https:\\\/\\\/revistaregional.com.br\\\/site\\\/2013\\\/02\\\/19\\\/liquidacao-no-plaza-shopping-itu\\\/#primaryimage\"},\"thumbnailUrl\":\"https:\\\/\\\/revistaregional.com.br\\\/site\\\/wp-content\\\/uploads\\\/2013\\\/02\\\/quarteto1.jpg\",\"keywords\":[\"Regionais\"],\"articleSection\":[\"Regionais\"],\"inLanguage\":\"pt-BR\",\"potentialAction\":[{\"@type\":\"CommentAction\",\"name\":\"Comment\",\"target\":[\"https:\\\/\\\/revistaregional.com.br\\\/site\\\/2013\\\/02\\\/19\\\/liquidacao-no-plaza-shopping-itu\\\/#respond\"]}]},{\"@type\":\"WebPage\",\"@id\":\"https:\\\/\\\/revistaregional.com.br\\\/site\\\/2013\\\/02\\\/19\\\/liquidacao-no-plaza-shopping-itu\\\/\",\"url\":\"https:\\\/\\\/revistaregional.com.br\\\/site\\\/2013\\\/02\\\/19\\\/liquidacao-no-plaza-shopping-itu\\\/\",\"name\":\"Liquida\u00e7\u00e3o no Plaza Shopping Itu - Revista Regional\",\"isPartOf\":{\"@id\":\"https:\\\/\\\/revistaregional.com.br\\\/site\\\/#website\"},\"primaryImageOfPage\":{\"@id\":\"https:\\\/\\\/revistaregional.com.br\\\/site\\\/2013\\\/02\\\/19\\\/liquidacao-no-plaza-shopping-itu\\\/#primaryimage\"},\"image\":{\"@id\":\"https:\\\/\\\/revistaregional.com.br\\\/site\\\/2013\\\/02\\\/19\\\/liquidacao-no-plaza-shopping-itu\\\/#primaryimage\"},\"thumbnailUrl\":\"https:\\\/\\\/revistaregional.com.br\\\/site\\\/wp-content\\\/uploads\\\/2013\\\/02\\\/quarteto1.jpg\",\"datePublished\":\"2013-02-19T12:57:07+00:00\",\"dateModified\":\"2024-01-26T12:57:36+00:00\",\"author\":{\"@id\":\"https:\\\/\\\/revistaregional.com.br\\\/site\\\/#\\\/schema\\\/person\\\/382af97c580dc1b18f55107bc316010d\"},\"breadcrumb\":{\"@id\":\"https:\\\/\\\/revistaregional.com.br\\\/site\\\/2013\\\/02\\\/19\\\/liquidacao-no-plaza-shopping-itu\\\/#breadcrumb\"},\"inLanguage\":\"pt-BR\",\"potentialAction\":[{\"@type\":\"ReadAction\",\"target\":[\"https:\\\/\\\/revistaregional.com.br\\\/site\\\/2013\\\/02\\\/19\\\/liquidacao-no-plaza-shopping-itu\\\/\"]}]},{\"@type\":\"ImageObject\",\"inLanguage\":\"pt-BR\",\"@id\":\"https:\\\/\\\/revistaregional.com.br\\\/site\\\/2013\\\/02\\\/19\\\/liquidacao-no-plaza-shopping-itu\\\/#primaryimage\",\"url\":\"https:\\\/\\\/revistaregional.com.br\\\/site\\\/wp-content\\\/uploads\\\/2013\\\/02\\\/quarteto1.jpg\",\"contentUrl\":\"https:\\\/\\\/revistaregional.com.br\\\/site\\\/wp-content\\\/uploads\\\/2013\\\/02\\\/quarteto1.jpg\",\"width\":\"640\",\"height\":\"416\"},{\"@type\":\"BreadcrumbList\",\"@id\":\"https:\\\/\\\/revistaregional.com.br\\\/site\\\/2013\\\/02\\\/19\\\/liquidacao-no-plaza-shopping-itu\\\/#breadcrumb\",\"itemListElement\":[{\"@type\":\"ListItem\",\"position\":1,\"name\":\"In\u00edcio\",\"item\":\"https:\\\/\\\/revistaregional.com.br\\\/site\\\/\"},{\"@type\":\"ListItem\",\"position\":2,\"name\":\"Liquida\u00e7\u00e3o no Plaza Shopping Itu\"}]},{\"@type\":\"WebSite\",\"@id\":\"https:\\\/\\\/revistaregional.com.br\\\/site\\\/#website\",\"url\":\"https:\\\/\\\/revistaregional.com.br\\\/site\\\/\",\"name\":\"Revista Regional\",\"description\":\"Salto - Itu - Indaituba\",\"potentialAction\":[{\"@type\":\"SearchAction\",\"target\":{\"@type\":\"EntryPoint\",\"urlTemplate\":\"https:\\\/\\\/revistaregional.com.br\\\/site\\\/?s={search_term_string}\"},\"query-input\":{\"@type\":\"PropertyValueSpecification\",\"valueRequired\":true,\"valueName\":\"search_term_string\"}}],\"inLanguage\":\"pt-BR\"},{\"@type\":\"Person\",\"@id\":\"https:\\\/\\\/revistaregional.com.br\\\/site\\\/#\\\/schema\\\/person\\\/382af97c580dc1b18f55107bc316010d\",\"name\":\"contato@revistaregional.com.br\",\"image\":{\"@type\":\"ImageObject\",\"inLanguage\":\"pt-BR\",\"@id\":\"https:\\\/\\\/secure.gravatar.com\\\/avatar\\\/869822917e96b2e292d5827e4635855396934485e7c4a0af84e9a214e32ca0cd?s=96&d=mm&r=g\",\"url\":\"https:\\\/\\\/secure.gravatar.com\\\/avatar\\\/869822917e96b2e292d5827e4635855396934485e7c4a0af84e9a214e32ca0cd?s=96&d=mm&r=g\",\"contentUrl\":\"https:\\\/\\\/secure.gravatar.com\\\/avatar\\\/869822917e96b2e292d5827e4635855396934485e7c4a0af84e9a214e32ca0cd?s=96&d=mm&r=g\",\"caption\":\"contato@revistaregional.com.br\"},\"url\":\"https:\\\/\\\/revistaregional.com.br\\\/site\\\/author\\\/contato@revistaregional.com.br\\\/\"}]}<\/script>\n<!-- \/ Yoast SEO plugin. -->","yoast_head_json":{"title":"Liquida\u00e7\u00e3o no Plaza Shopping Itu - Revista Regional","robots":{"index":"index","follow":"follow","max-snippet":"max-snippet:-1","max-image-preview":"max-image-preview:large","max-video-preview":"max-video-preview:-1"},"canonical":"https:\/\/revistaregional.com.br\/site\/2013\/02\/19\/liquidacao-no-plaza-shopping-itu\/","og_locale":"pt_BR","og_type":"article","og_title":"Liquida\u00e7\u00e3o no Plaza Shopping Itu - Revista Regional","og_description":"Queima de estoque de todas as lojas devem chegar a 70% de desconto. Shopping traz atra\u00e7\u00f5es para todas as idades, como o Vernissage Plaza e a estreia do Teatrando \u00a0Entre 21 e 24 de fevereiro, o Plaza Shopping Itu apresenta a liquida\u00e7\u00e3o &#8220;42 Horas Insanas&#8221;, com uma queima de estoque da cole\u00e7\u00e3o de ver\u00e3o das [&hellip;]","og_url":"https:\/\/revistaregional.com.br\/site\/2013\/02\/19\/liquidacao-no-plaza-shopping-itu\/","og_site_name":"Revista Regional","article_published_time":"2013-02-19T12:57:07+00:00","article_modified_time":"2024-01-26T12:57:36+00:00","og_image":[{"width":640,"height":416,"url":"https:\/\/revistaregional.com.br\/site\/wp-content\/uploads\/2013\/02\/quarteto1.jpg","type":"image\/jpeg"}],"author":"contato@revistaregional.com.br","twitter_card":"summary_large_image","twitter_misc":{"Escrito por":"contato@revistaregional.com.br","Est. tempo de leitura":"3 minutos"},"schema":{"@context":"https:\/\/schema.org","@graph":[{"@type":"Article","@id":"https:\/\/revistaregional.com.br\/site\/2013\/02\/19\/liquidacao-no-plaza-shopping-itu\/#article","isPartOf":{"@id":"https:\/\/revistaregional.com.br\/site\/2013\/02\/19\/liquidacao-no-plaza-shopping-itu\/"},"author":{"name":"contato@revistaregional.com.br","@id":"https:\/\/revistaregional.com.br\/site\/#\/schema\/person\/382af97c580dc1b18f55107bc316010d"},"headline":"Liquida\u00e7\u00e3o no Plaza Shopping Itu","datePublished":"2013-02-19T12:57:07+00:00","dateModified":"2024-01-26T12:57:36+00:00","mainEntityOfPage":{"@id":"https:\/\/revistaregional.com.br\/site\/2013\/02\/19\/liquidacao-no-plaza-shopping-itu\/"},"wordCount":566,"commentCount":0,"image":{"@id":"https:\/\/revistaregional.com.br\/site\/2013\/02\/19\/liquidacao-no-plaza-shopping-itu\/#primaryimage"},"thumbnailUrl":"https:\/\/revistaregional.com.br\/site\/wp-content\/uploads\/2013\/02\/quarteto1.jpg","keywords":["Regionais"],"articleSection":["Regionais"],"inLanguage":"pt-BR","potentialAction":[{"@type":"CommentAction","name":"Comment","target":["https:\/\/revistaregional.com.br\/site\/2013\/02\/19\/liquidacao-no-plaza-shopping-itu\/#respond"]}]},{"@type":"WebPage","@id":"https:\/\/revistaregional.com.br\/site\/2013\/02\/19\/liquidacao-no-plaza-shopping-itu\/","url":"https:\/\/revistaregional.com.br\/site\/2013\/02\/19\/liquidacao-no-plaza-shopping-itu\/","name":"Liquida\u00e7\u00e3o no Plaza Shopping Itu - Revista Regional","isPartOf":{"@id":"https:\/\/revistaregional.com.br\/site\/#website"},"primaryImageOfPage":{"@id":"https:\/\/revistaregional.com.br\/site\/2013\/02\/19\/liquidacao-no-plaza-shopping-itu\/#primaryimage"},"image":{"@id":"https:\/\/revistaregional.com.br\/site\/2013\/02\/19\/liquidacao-no-plaza-shopping-itu\/#primaryimage"},"thumbnailUrl":"https:\/\/revistaregional.com.br\/site\/wp-content\/uploads\/2013\/02\/quarteto1.jpg","datePublished":"2013-02-19T12:57:07+00:00","dateModified":"2024-01-26T12:57:36+00:00","author":{"@id":"https:\/\/revistaregional.com.br\/site\/#\/schema\/person\/382af97c580dc1b18f55107bc316010d"},"breadcrumb":{"@id":"https:\/\/revistaregional.com.br\/site\/2013\/02\/19\/liquidacao-no-plaza-shopping-itu\/#breadcrumb"},"inLanguage":"pt-BR","potentialAction":[{"@type":"ReadAction","target":["https:\/\/revistaregional.com.br\/site\/2013\/02\/19\/liquidacao-no-plaza-shopping-itu\/"]}]},{"@type":"ImageObject","inLanguage":"pt-BR","@id":"https:\/\/revistaregional.com.br\/site\/2013\/02\/19\/liquidacao-no-plaza-shopping-itu\/#primaryimage","url":"https:\/\/revistaregional.com.br\/site\/wp-content\/uploads\/2013\/02\/quarteto1.jpg","contentUrl":"https:\/\/revistaregional.com.br\/site\/wp-content\/uploads\/2013\/02\/quarteto1.jpg","width":"640","height":"416"},{"@type":"BreadcrumbList","@id":"https:\/\/revistaregional.com.br\/site\/2013\/02\/19\/liquidacao-no-plaza-shopping-itu\/#breadcrumb","itemListElement":[{"@type":"ListItem","position":1,"name":"In\u00edcio","item":"https:\/\/revistaregional.com.br\/site\/"},{"@type":"ListItem","position":2,"name":"Liquida\u00e7\u00e3o no Plaza Shopping Itu"}]},{"@type":"WebSite","@id":"https:\/\/revistaregional.com.br\/site\/#website","url":"https:\/\/revistaregional.com.br\/site\/","name":"Revista Regional","description":"Salto - Itu - Indaituba","potentialAction":[{"@type":"SearchAction","target":{"@type":"EntryPoint","urlTemplate":"https:\/\/revistaregional.com.br\/site\/?s={search_term_string}"},"query-input":{"@type":"PropertyValueSpecification","valueRequired":true,"valueName":"search_term_string"}}],"inLanguage":"pt-BR"},{"@type":"Person","@id":"https:\/\/revistaregional.com.br\/site\/#\/schema\/person\/382af97c580dc1b18f55107bc316010d","name":"contato@revistaregional.com.br","image":{"@type":"ImageObject","inLanguage":"pt-BR","@id":"https:\/\/secure.gravatar.com\/avatar\/869822917e96b2e292d5827e4635855396934485e7c4a0af84e9a214e32ca0cd?s=96&d=mm&r=g","url":"https:\/\/secure.gravatar.com\/avatar\/869822917e96b2e292d5827e4635855396934485e7c4a0af84e9a214e32ca0cd?s=96&d=mm&r=g","contentUrl":"https:\/\/secure.gravatar.com\/avatar\/869822917e96b2e292d5827e4635855396934485e7c4a0af84e9a214e32ca0cd?s=96&d=mm&r=g","caption":"contato@revistaregional.com.br"},"url":"https:\/\/revistaregional.com.br\/site\/author\/contato@revistaregional.com.br\/"}]}},"views":92,"_links":{"self":[{"href":"https:\/\/revistaregional.com.br\/site\/wp-json\/wp\/v2\/posts\/4350","targetHints":{"allow":["GET"]}}],"collection":[{"href":"https:\/\/revistaregional.com.br\/site\/wp-json\/wp\/v2\/posts"}],"about":[{"href":"https:\/\/revistaregional.com.br\/site\/wp-json\/wp\/v2\/types\/post"}],"author":[{"embeddable":true,"href":"https:\/\/revistaregional.com.br\/site\/wp-json\/wp\/v2\/users\/1"}],"replies":[{"embeddable":true,"href":"https:\/\/revistaregional.com.br\/site\/wp-json\/wp\/v2\/comments?post=4350"}],"version-history":[{"count":4,"href":"https:\/\/revistaregional.com.br\/site\/wp-json\/wp\/v2\/posts\/4350\/revisions"}],"predecessor-version":[{"id":4356,"href":"https:\/\/revistaregional.com.br\/site\/wp-json\/wp\/v2\/posts\/4350\/revisions\/4356"}],"wp:featuredmedia":[{"embeddable":true,"href":"https:\/\/revistaregional.com.br\/site\/wp-json\/wp\/v2\/media\/4354"}],"wp:attachment":[{"href":"https:\/\/revistaregional.com.br\/site\/wp-json\/wp\/v2\/media?parent=4350"}],"wp:term":[{"taxonomy":"category","embeddable":true,"href":"https:\/\/revistaregional.com.br\/site\/wp-json\/wp\/v2\/categories?post=4350"},{"taxonomy":"post_tag","embeddable":true,"href":"https:\/\/revistaregional.com.br\/site\/wp-json\/wp\/v2\/tags?post=4350"}],"curies":[{"name":"wp","href":"https:\/\/api.w.org\/{rel}","templated":true}]}}