{"id":4308,"date":"2013-01-25T14:29:22","date_gmt":"2013-01-25T17:29:22","guid":{"rendered":"http:\/\/revistaregional.com.br\/site\/?p=4308"},"modified":"2024-01-26T10:55:08","modified_gmt":"2024-01-26T13:55:08","slug":"bonecoes-da-barra-passam-por-restauracao","status":"publish","type":"post","link":"https:\/\/revistaregional.com.br\/site\/2013\/01\/25\/bonecoes-da-barra-passam-por-restauracao\/","title":{"rendered":"Bonec\u00f5es da Barra passam por restaura\u00e7\u00e3o"},"content":{"rendered":"<figure id=\"attachment_4309\" aria-describedby=\"caption-attachment-4309\" style=\"width: 384px\" class=\"wp-caption aligncenter\"><a href=\"http:\/\/revistaregional.com.br\/site\/wp-content\/uploads\/2013\/01\/bonecao.jpg\" rel=\"attachment wp-att-4309\"><img fetchpriority=\"high\" decoding=\"async\" class=\" wp-image-4309 \" src=\"http:\/\/revistaregional.com.br\/site\/wp-content\/uploads\/2013\/01\/bonecao.jpg\" alt=\"\" width=\"384\" height=\"288\" srcset=\"https:\/\/revistaregional.com.br\/site\/wp-content\/uploads\/2013\/01\/bonecao.jpg 640w, https:\/\/revistaregional.com.br\/site\/wp-content\/uploads\/2013\/01\/bonecao-300x225.jpg 300w\" sizes=\"(max-width: 384px) 100vw, 384px\" \/><\/a><figcaption id=\"caption-attachment-4309\" class=\"wp-caption-text\">Equipe restaura os Bonec\u00f5es para o Carnaval saltense<\/figcaption><\/figure>\n<p align=\"center\"><em>Os tradicionais bonecos desfilam tr\u00eas dias no carnaval de rua<\/em><\/p>\n<p>A Prefeitura de Salto convidou o artista pl\u00e1stico Marcelo Pranstetter e sua equipe para restaurar os tradicionais Bonec\u00f5es da Barra. A equipe est\u00e1 trabalhando no conserto dos bonecos, em espa\u00e7o gentilmente cedido por uma faculdade da cidade. Nesse Carnaval, a ideia da Secretaria de Cultura \u00e9 de que todos os bonec\u00f5es passem por recupera\u00e7\u00e3o (estrutura, figurinos e acess\u00f3rios).<\/p>\n<p>O desfile dos Bonec\u00f5es da Barra, acompanhados pela Banda Gomes Verdi, abre o Carnaval de rua, no s\u00e1bado, dia 09 de fevereiro, \u00e0s 20h30, com sa\u00edda da Casa da Cultura na pra\u00e7a Ant\u00f4nio Vieira Tavares, 36, centro percorrendo as ruas do bairro da Barra e chegada no Pavilh\u00e3o das Artes, onde acontece o Baile Popular com a Banda Camale\u00e3o, executando as tradicionais marchinhas carnavalescas. Os bonecos desfilam ainda, nos dias 10 e 11 de fevereiro, na avenida D. Pedro II.<\/p>\n<p>Neste ano, desfilam ao som das antigas marchinhas 18 bonec\u00f5es, que homenageiam figuras tradicionais da cidade, do Brasil e at\u00e9 internacionais: Anselmo Duarte, o eterno Rei Momo do Carnaval de Salto, Chic\u00e3o, Dercy Gon\u00e7alves, o jogador de futebol Neymar, a presidenta Dilma, o presidente dos EUA Barack Obama, o cantor Michael Jackson, entre outros.<\/p>\n<p><strong>Bonec\u00f5es da Barra<\/strong><\/p>\n<p><strong>\u00a0\u00a0\u00a0\u00a0\u00a0\u00a0\u00a0\u00a0\u00a0\u00a0\u00a0 <\/strong>Os chamados Bonec\u00f5es da Barra constituem uma das mais expressivas tradi\u00e7\u00f5es do Carnaval de rua da cidade de Salto, desde meados do s\u00e9culo XX. Essas cria\u00e7\u00f5es nasciam das m\u00e3os de populares, que moravam ou se reuniam na Barra, o simp\u00e1tico e pequeno bairro localizado junto aos rios Tiet\u00ea e Jundia\u00ed.<\/p>\n<p><em>\u00a0foto: AI Pref. Salto<\/em><\/p>\n","protected":false},"excerpt":{"rendered":"<p>Os tradicionais bonecos desfilam tr\u00eas dias no carnaval de rua A Prefeitura de Salto convidou o artista pl\u00e1stico Marcelo Pranstetter e sua equipe para restaurar os tradicionais Bonec\u00f5es da Barra. A equipe est\u00e1 trabalhando no conserto dos bonecos, em espa\u00e7o gentilmente cedido por uma faculdade da cidade. Nesse Carnaval, a ideia da Secretaria de Cultura [&hellip;]<\/p>\n","protected":false},"author":1,"featured_media":4309,"comment_status":"open","ping_status":"open","sticky":false,"template":"","format":"standard","meta":{"_acf_changed":false,"ngg_post_thumbnail":0,"_joinchat":[],"footnotes":""},"categories":[4],"tags":[533],"class_list":["post-4308","post","type-post","status-publish","format-standard","has-post-thumbnail","hentry","category-cultura","tag-cultura"],"acf":[],"yoast_head":"<!-- This site is optimized with the Yoast SEO plugin v27.4 - https:\/\/yoast.com\/product\/yoast-seo-wordpress\/ -->\n<title>Bonec\u00f5es da Barra passam por restaura\u00e7\u00e3o - Revista Regional<\/title>\n<meta name=\"robots\" content=\"index, follow, max-snippet:-1, max-image-preview:large, max-video-preview:-1\" \/>\n<link rel=\"canonical\" href=\"https:\/\/revistaregional.com.br\/site\/2013\/01\/25\/bonecoes-da-barra-passam-por-restauracao\/\" \/>\n<meta property=\"og:locale\" content=\"pt_BR\" \/>\n<meta property=\"og:type\" content=\"article\" \/>\n<meta property=\"og:title\" content=\"Bonec\u00f5es da Barra passam por restaura\u00e7\u00e3o - Revista Regional\" \/>\n<meta property=\"og:description\" content=\"Os tradicionais bonecos desfilam tr\u00eas dias no carnaval de rua A Prefeitura de Salto convidou o artista pl\u00e1stico Marcelo Pranstetter e sua equipe para restaurar os tradicionais Bonec\u00f5es da Barra. A equipe est\u00e1 trabalhando no conserto dos bonecos, em espa\u00e7o gentilmente cedido por uma faculdade da cidade. Nesse Carnaval, a ideia da Secretaria de Cultura [&hellip;]\" \/>\n<meta property=\"og:url\" content=\"https:\/\/revistaregional.com.br\/site\/2013\/01\/25\/bonecoes-da-barra-passam-por-restauracao\/\" \/>\n<meta property=\"og:site_name\" content=\"Revista Regional\" \/>\n<meta property=\"article:published_time\" content=\"2013-01-25T17:29:22+00:00\" \/>\n<meta property=\"article:modified_time\" content=\"2024-01-26T13:55:08+00:00\" \/>\n<meta property=\"og:image\" content=\"https:\/\/revistaregional.com.br\/site\/wp-content\/uploads\/2013\/01\/bonecao.jpg\" \/>\n\t<meta property=\"og:image:width\" content=\"640\" \/>\n\t<meta property=\"og:image:height\" content=\"480\" \/>\n\t<meta property=\"og:image:type\" content=\"image\/jpeg\" \/>\n<meta name=\"author\" content=\"contato@revistaregional.com.br\" \/>\n<meta name=\"twitter:card\" content=\"summary_large_image\" \/>\n<meta name=\"twitter:label1\" content=\"Escrito por\" \/>\n\t<meta name=\"twitter:data1\" content=\"contato@revistaregional.com.br\" \/>\n\t<meta name=\"twitter:label2\" content=\"Est. tempo de leitura\" \/>\n\t<meta name=\"twitter:data2\" content=\"1 minuto\" \/>\n<script type=\"application\/ld+json\" class=\"yoast-schema-graph\">{\"@context\":\"https:\\\/\\\/schema.org\",\"@graph\":[{\"@type\":\"Article\",\"@id\":\"https:\\\/\\\/revistaregional.com.br\\\/site\\\/2013\\\/01\\\/25\\\/bonecoes-da-barra-passam-por-restauracao\\\/#article\",\"isPartOf\":{\"@id\":\"https:\\\/\\\/revistaregional.com.br\\\/site\\\/2013\\\/01\\\/25\\\/bonecoes-da-barra-passam-por-restauracao\\\/\"},\"author\":{\"name\":\"contato@revistaregional.com.br\",\"@id\":\"https:\\\/\\\/revistaregional.com.br\\\/site\\\/#\\\/schema\\\/person\\\/382af97c580dc1b18f55107bc316010d\"},\"headline\":\"Bonec\u00f5es da Barra passam por restaura\u00e7\u00e3o\",\"datePublished\":\"2013-01-25T17:29:22+00:00\",\"dateModified\":\"2024-01-26T13:55:08+00:00\",\"mainEntityOfPage\":{\"@id\":\"https:\\\/\\\/revistaregional.com.br\\\/site\\\/2013\\\/01\\\/25\\\/bonecoes-da-barra-passam-por-restauracao\\\/\"},\"wordCount\":301,\"commentCount\":0,\"image\":{\"@id\":\"https:\\\/\\\/revistaregional.com.br\\\/site\\\/2013\\\/01\\\/25\\\/bonecoes-da-barra-passam-por-restauracao\\\/#primaryimage\"},\"thumbnailUrl\":\"https:\\\/\\\/revistaregional.com.br\\\/site\\\/wp-content\\\/uploads\\\/2013\\\/01\\\/bonecao.jpg\",\"keywords\":[\"Cultura\"],\"articleSection\":[\"Cultura\"],\"inLanguage\":\"pt-BR\",\"potentialAction\":[{\"@type\":\"CommentAction\",\"name\":\"Comment\",\"target\":[\"https:\\\/\\\/revistaregional.com.br\\\/site\\\/2013\\\/01\\\/25\\\/bonecoes-da-barra-passam-por-restauracao\\\/#respond\"]}]},{\"@type\":\"WebPage\",\"@id\":\"https:\\\/\\\/revistaregional.com.br\\\/site\\\/2013\\\/01\\\/25\\\/bonecoes-da-barra-passam-por-restauracao\\\/\",\"url\":\"https:\\\/\\\/revistaregional.com.br\\\/site\\\/2013\\\/01\\\/25\\\/bonecoes-da-barra-passam-por-restauracao\\\/\",\"name\":\"Bonec\u00f5es da Barra passam por restaura\u00e7\u00e3o - Revista Regional\",\"isPartOf\":{\"@id\":\"https:\\\/\\\/revistaregional.com.br\\\/site\\\/#website\"},\"primaryImageOfPage\":{\"@id\":\"https:\\\/\\\/revistaregional.com.br\\\/site\\\/2013\\\/01\\\/25\\\/bonecoes-da-barra-passam-por-restauracao\\\/#primaryimage\"},\"image\":{\"@id\":\"https:\\\/\\\/revistaregional.com.br\\\/site\\\/2013\\\/01\\\/25\\\/bonecoes-da-barra-passam-por-restauracao\\\/#primaryimage\"},\"thumbnailUrl\":\"https:\\\/\\\/revistaregional.com.br\\\/site\\\/wp-content\\\/uploads\\\/2013\\\/01\\\/bonecao.jpg\",\"datePublished\":\"2013-01-25T17:29:22+00:00\",\"dateModified\":\"2024-01-26T13:55:08+00:00\",\"author\":{\"@id\":\"https:\\\/\\\/revistaregional.com.br\\\/site\\\/#\\\/schema\\\/person\\\/382af97c580dc1b18f55107bc316010d\"},\"breadcrumb\":{\"@id\":\"https:\\\/\\\/revistaregional.com.br\\\/site\\\/2013\\\/01\\\/25\\\/bonecoes-da-barra-passam-por-restauracao\\\/#breadcrumb\"},\"inLanguage\":\"pt-BR\",\"potentialAction\":[{\"@type\":\"ReadAction\",\"target\":[\"https:\\\/\\\/revistaregional.com.br\\\/site\\\/2013\\\/01\\\/25\\\/bonecoes-da-barra-passam-por-restauracao\\\/\"]}]},{\"@type\":\"ImageObject\",\"inLanguage\":\"pt-BR\",\"@id\":\"https:\\\/\\\/revistaregional.com.br\\\/site\\\/2013\\\/01\\\/25\\\/bonecoes-da-barra-passam-por-restauracao\\\/#primaryimage\",\"url\":\"https:\\\/\\\/revistaregional.com.br\\\/site\\\/wp-content\\\/uploads\\\/2013\\\/01\\\/bonecao.jpg\",\"contentUrl\":\"https:\\\/\\\/revistaregional.com.br\\\/site\\\/wp-content\\\/uploads\\\/2013\\\/01\\\/bonecao.jpg\",\"width\":\"640\",\"height\":\"480\",\"caption\":\"Equipe restaura os Bonec\u00f5es para o Carnaval saltense\"},{\"@type\":\"BreadcrumbList\",\"@id\":\"https:\\\/\\\/revistaregional.com.br\\\/site\\\/2013\\\/01\\\/25\\\/bonecoes-da-barra-passam-por-restauracao\\\/#breadcrumb\",\"itemListElement\":[{\"@type\":\"ListItem\",\"position\":1,\"name\":\"In\u00edcio\",\"item\":\"https:\\\/\\\/revistaregional.com.br\\\/site\\\/\"},{\"@type\":\"ListItem\",\"position\":2,\"name\":\"Bonec\u00f5es da Barra passam por restaura\u00e7\u00e3o\"}]},{\"@type\":\"WebSite\",\"@id\":\"https:\\\/\\\/revistaregional.com.br\\\/site\\\/#website\",\"url\":\"https:\\\/\\\/revistaregional.com.br\\\/site\\\/\",\"name\":\"Revista Regional\",\"description\":\"Salto - Itu - Indaituba\",\"potentialAction\":[{\"@type\":\"SearchAction\",\"target\":{\"@type\":\"EntryPoint\",\"urlTemplate\":\"https:\\\/\\\/revistaregional.com.br\\\/site\\\/?s={search_term_string}\"},\"query-input\":{\"@type\":\"PropertyValueSpecification\",\"valueRequired\":true,\"valueName\":\"search_term_string\"}}],\"inLanguage\":\"pt-BR\"},{\"@type\":\"Person\",\"@id\":\"https:\\\/\\\/revistaregional.com.br\\\/site\\\/#\\\/schema\\\/person\\\/382af97c580dc1b18f55107bc316010d\",\"name\":\"contato@revistaregional.com.br\",\"image\":{\"@type\":\"ImageObject\",\"inLanguage\":\"pt-BR\",\"@id\":\"https:\\\/\\\/secure.gravatar.com\\\/avatar\\\/869822917e96b2e292d5827e4635855396934485e7c4a0af84e9a214e32ca0cd?s=96&d=mm&r=g\",\"url\":\"https:\\\/\\\/secure.gravatar.com\\\/avatar\\\/869822917e96b2e292d5827e4635855396934485e7c4a0af84e9a214e32ca0cd?s=96&d=mm&r=g\",\"contentUrl\":\"https:\\\/\\\/secure.gravatar.com\\\/avatar\\\/869822917e96b2e292d5827e4635855396934485e7c4a0af84e9a214e32ca0cd?s=96&d=mm&r=g\",\"caption\":\"contato@revistaregional.com.br\"},\"url\":\"https:\\\/\\\/revistaregional.com.br\\\/site\\\/author\\\/contato@revistaregional.com.br\\\/\"}]}<\/script>\n<!-- \/ Yoast SEO plugin. -->","yoast_head_json":{"title":"Bonec\u00f5es da Barra passam por restaura\u00e7\u00e3o - Revista Regional","robots":{"index":"index","follow":"follow","max-snippet":"max-snippet:-1","max-image-preview":"max-image-preview:large","max-video-preview":"max-video-preview:-1"},"canonical":"https:\/\/revistaregional.com.br\/site\/2013\/01\/25\/bonecoes-da-barra-passam-por-restauracao\/","og_locale":"pt_BR","og_type":"article","og_title":"Bonec\u00f5es da Barra passam por restaura\u00e7\u00e3o - Revista Regional","og_description":"Os tradicionais bonecos desfilam tr\u00eas dias no carnaval de rua A Prefeitura de Salto convidou o artista pl\u00e1stico Marcelo Pranstetter e sua equipe para restaurar os tradicionais Bonec\u00f5es da Barra. A equipe est\u00e1 trabalhando no conserto dos bonecos, em espa\u00e7o gentilmente cedido por uma faculdade da cidade. Nesse Carnaval, a ideia da Secretaria de Cultura [&hellip;]","og_url":"https:\/\/revistaregional.com.br\/site\/2013\/01\/25\/bonecoes-da-barra-passam-por-restauracao\/","og_site_name":"Revista Regional","article_published_time":"2013-01-25T17:29:22+00:00","article_modified_time":"2024-01-26T13:55:08+00:00","og_image":[{"width":640,"height":480,"url":"https:\/\/revistaregional.com.br\/site\/wp-content\/uploads\/2013\/01\/bonecao.jpg","type":"image\/jpeg"}],"author":"contato@revistaregional.com.br","twitter_card":"summary_large_image","twitter_misc":{"Escrito por":"contato@revistaregional.com.br","Est. tempo de leitura":"1 minuto"},"schema":{"@context":"https:\/\/schema.org","@graph":[{"@type":"Article","@id":"https:\/\/revistaregional.com.br\/site\/2013\/01\/25\/bonecoes-da-barra-passam-por-restauracao\/#article","isPartOf":{"@id":"https:\/\/revistaregional.com.br\/site\/2013\/01\/25\/bonecoes-da-barra-passam-por-restauracao\/"},"author":{"name":"contato@revistaregional.com.br","@id":"https:\/\/revistaregional.com.br\/site\/#\/schema\/person\/382af97c580dc1b18f55107bc316010d"},"headline":"Bonec\u00f5es da Barra passam por restaura\u00e7\u00e3o","datePublished":"2013-01-25T17:29:22+00:00","dateModified":"2024-01-26T13:55:08+00:00","mainEntityOfPage":{"@id":"https:\/\/revistaregional.com.br\/site\/2013\/01\/25\/bonecoes-da-barra-passam-por-restauracao\/"},"wordCount":301,"commentCount":0,"image":{"@id":"https:\/\/revistaregional.com.br\/site\/2013\/01\/25\/bonecoes-da-barra-passam-por-restauracao\/#primaryimage"},"thumbnailUrl":"https:\/\/revistaregional.com.br\/site\/wp-content\/uploads\/2013\/01\/bonecao.jpg","keywords":["Cultura"],"articleSection":["Cultura"],"inLanguage":"pt-BR","potentialAction":[{"@type":"CommentAction","name":"Comment","target":["https:\/\/revistaregional.com.br\/site\/2013\/01\/25\/bonecoes-da-barra-passam-por-restauracao\/#respond"]}]},{"@type":"WebPage","@id":"https:\/\/revistaregional.com.br\/site\/2013\/01\/25\/bonecoes-da-barra-passam-por-restauracao\/","url":"https:\/\/revistaregional.com.br\/site\/2013\/01\/25\/bonecoes-da-barra-passam-por-restauracao\/","name":"Bonec\u00f5es da Barra passam por restaura\u00e7\u00e3o - Revista Regional","isPartOf":{"@id":"https:\/\/revistaregional.com.br\/site\/#website"},"primaryImageOfPage":{"@id":"https:\/\/revistaregional.com.br\/site\/2013\/01\/25\/bonecoes-da-barra-passam-por-restauracao\/#primaryimage"},"image":{"@id":"https:\/\/revistaregional.com.br\/site\/2013\/01\/25\/bonecoes-da-barra-passam-por-restauracao\/#primaryimage"},"thumbnailUrl":"https:\/\/revistaregional.com.br\/site\/wp-content\/uploads\/2013\/01\/bonecao.jpg","datePublished":"2013-01-25T17:29:22+00:00","dateModified":"2024-01-26T13:55:08+00:00","author":{"@id":"https:\/\/revistaregional.com.br\/site\/#\/schema\/person\/382af97c580dc1b18f55107bc316010d"},"breadcrumb":{"@id":"https:\/\/revistaregional.com.br\/site\/2013\/01\/25\/bonecoes-da-barra-passam-por-restauracao\/#breadcrumb"},"inLanguage":"pt-BR","potentialAction":[{"@type":"ReadAction","target":["https:\/\/revistaregional.com.br\/site\/2013\/01\/25\/bonecoes-da-barra-passam-por-restauracao\/"]}]},{"@type":"ImageObject","inLanguage":"pt-BR","@id":"https:\/\/revistaregional.com.br\/site\/2013\/01\/25\/bonecoes-da-barra-passam-por-restauracao\/#primaryimage","url":"https:\/\/revistaregional.com.br\/site\/wp-content\/uploads\/2013\/01\/bonecao.jpg","contentUrl":"https:\/\/revistaregional.com.br\/site\/wp-content\/uploads\/2013\/01\/bonecao.jpg","width":"640","height":"480","caption":"Equipe restaura os Bonec\u00f5es para o Carnaval saltense"},{"@type":"BreadcrumbList","@id":"https:\/\/revistaregional.com.br\/site\/2013\/01\/25\/bonecoes-da-barra-passam-por-restauracao\/#breadcrumb","itemListElement":[{"@type":"ListItem","position":1,"name":"In\u00edcio","item":"https:\/\/revistaregional.com.br\/site\/"},{"@type":"ListItem","position":2,"name":"Bonec\u00f5es da Barra passam por restaura\u00e7\u00e3o"}]},{"@type":"WebSite","@id":"https:\/\/revistaregional.com.br\/site\/#website","url":"https:\/\/revistaregional.com.br\/site\/","name":"Revista Regional","description":"Salto - Itu - Indaituba","potentialAction":[{"@type":"SearchAction","target":{"@type":"EntryPoint","urlTemplate":"https:\/\/revistaregional.com.br\/site\/?s={search_term_string}"},"query-input":{"@type":"PropertyValueSpecification","valueRequired":true,"valueName":"search_term_string"}}],"inLanguage":"pt-BR"},{"@type":"Person","@id":"https:\/\/revistaregional.com.br\/site\/#\/schema\/person\/382af97c580dc1b18f55107bc316010d","name":"contato@revistaregional.com.br","image":{"@type":"ImageObject","inLanguage":"pt-BR","@id":"https:\/\/secure.gravatar.com\/avatar\/869822917e96b2e292d5827e4635855396934485e7c4a0af84e9a214e32ca0cd?s=96&d=mm&r=g","url":"https:\/\/secure.gravatar.com\/avatar\/869822917e96b2e292d5827e4635855396934485e7c4a0af84e9a214e32ca0cd?s=96&d=mm&r=g","contentUrl":"https:\/\/secure.gravatar.com\/avatar\/869822917e96b2e292d5827e4635855396934485e7c4a0af84e9a214e32ca0cd?s=96&d=mm&r=g","caption":"contato@revistaregional.com.br"},"url":"https:\/\/revistaregional.com.br\/site\/author\/contato@revistaregional.com.br\/"}]}},"views":45,"_links":{"self":[{"href":"https:\/\/revistaregional.com.br\/site\/wp-json\/wp\/v2\/posts\/4308","targetHints":{"allow":["GET"]}}],"collection":[{"href":"https:\/\/revistaregional.com.br\/site\/wp-json\/wp\/v2\/posts"}],"about":[{"href":"https:\/\/revistaregional.com.br\/site\/wp-json\/wp\/v2\/types\/post"}],"author":[{"embeddable":true,"href":"https:\/\/revistaregional.com.br\/site\/wp-json\/wp\/v2\/users\/1"}],"replies":[{"embeddable":true,"href":"https:\/\/revistaregional.com.br\/site\/wp-json\/wp\/v2\/comments?post=4308"}],"version-history":[{"count":2,"href":"https:\/\/revistaregional.com.br\/site\/wp-json\/wp\/v2\/posts\/4308\/revisions"}],"predecessor-version":[{"id":4311,"href":"https:\/\/revistaregional.com.br\/site\/wp-json\/wp\/v2\/posts\/4308\/revisions\/4311"}],"wp:featuredmedia":[{"embeddable":true,"href":"https:\/\/revistaregional.com.br\/site\/wp-json\/wp\/v2\/media\/4309"}],"wp:attachment":[{"href":"https:\/\/revistaregional.com.br\/site\/wp-json\/wp\/v2\/media?parent=4308"}],"wp:term":[{"taxonomy":"category","embeddable":true,"href":"https:\/\/revistaregional.com.br\/site\/wp-json\/wp\/v2\/categories?post=4308"},{"taxonomy":"post_tag","embeddable":true,"href":"https:\/\/revistaregional.com.br\/site\/wp-json\/wp\/v2\/tags?post=4308"}],"curies":[{"name":"wp","href":"https:\/\/api.w.org\/{rel}","templated":true}]}}