{"id":4237,"date":"2013-01-22T15:28:23","date_gmt":"2013-01-22T18:28:23","guid":{"rendered":"http:\/\/revistaregional.com.br\/site\/?p=4237"},"modified":"2024-01-26T09:57:38","modified_gmt":"2024-01-26T12:57:38","slug":"salto-estuda-projetos-da-ancine","status":"publish","type":"post","link":"https:\/\/revistaregional.com.br\/site\/2013\/01\/22\/salto-estuda-projetos-da-ancine\/","title":{"rendered":"Salto estuda projetos da Ancine"},"content":{"rendered":"<figure id=\"attachment_4238\" aria-describedby=\"caption-attachment-4238\" style=\"width: 384px\" class=\"wp-caption aligncenter\"><a href=\"http:\/\/revistaregional.com.br\/site\/wp-content\/uploads\/2013\/01\/regionais-Ancine-salto-3.jpg\" rel=\"attachment wp-att-4238\"><img fetchpriority=\"high\" decoding=\"async\" class=\" wp-image-4238 \" src=\"http:\/\/revistaregional.com.br\/site\/wp-content\/uploads\/2013\/01\/regionais-Ancine-salto-3.jpg\" alt=\"\" width=\"384\" height=\"272\" srcset=\"https:\/\/revistaregional.com.br\/site\/wp-content\/uploads\/2013\/01\/regionais-Ancine-salto-3.jpg 640w, https:\/\/revistaregional.com.br\/site\/wp-content\/uploads\/2013\/01\/regionais-Ancine-salto-3-300x212.jpg 300w\" sizes=\"(max-width: 384px) 100vw, 384px\" \/><\/a><figcaption id=\"caption-attachment-4238\" class=\"wp-caption-text\">Vice-prefeita e secret\u00e1rio recebem o diretor da Ancine<\/figcaption><\/figure>\n<p style=\"text-align: left;\" align=\"center\">O diretor da Ancine (Ag\u00eancia Nacional de Cinema), Glauber Piva, foi recebido no dia 11 de janeiro, pela vice-prefeita de Salto, Jussara Vila\u00e7a, e pelo secret\u00e1rio municipal de Cultura, Marcos Pardim. A conversa girou em torno de programas do governo federal que podem ser explorados pela Prefeitura. Piva falou do programa Cinema da Cidade, que estimula, por meio de conv\u00eanios com as Prefeituras e governos estaduais, a implanta\u00e7\u00e3o de complexos de cinema em cidades com mais de 20 mil e menos de 100 mil habitantes, que n\u00e3o disponham desse servi\u00e7o. Outro programa mencionado foi o Cine Mais Cultura, voltado para pessoas jur\u00eddicas sem fins lucrativos, que visa contemplar entidades como bibliotecas comunit\u00e1rias, pontos de cultura, associa\u00e7\u00f5es de moradores ou at\u00e9 mesmo escolas e universidades da rede p\u00fablica, bem como Prefeituras. Atrav\u00e9s de editais e parcerias diretas, disponibiliza equipamento audiovisual de proje\u00e7\u00e3o digital, obras brasileiras do cat\u00e1logo da <a href=\"http:\/\/www.programadorabrasil.org.br\/\" target=\"_blank\" rel=\"noopener\">Programadora Brasil<\/a> e oficina de capacita\u00e7\u00e3o cineclubista, atendendo prioritariamente periferias de grandes centros urbanos e munic\u00edpios, de acordo com os indicadores utilizados pelo <a href=\"http:\/\/www.territoriosdacidadania.gov.br\/\" target=\"_blank\" rel=\"noopener\">Programa Territ\u00f3rios da Cidadania<\/a>. Jussara Vila\u00e7a demonstrou interesse em integrar a segunda iniciativa \u00e0 Pra\u00e7a do PAC prevista para o Jardim Mar\u00edlia. Marcos Pardim, por sua vez, interessou-se pela dica dada pelo diretor da Ancine, da cria\u00e7\u00e3o de um F\u00f3rum Regional de Gestores de Cultura. \u201c\u00c9 uma iniciativa que pode viabilizar projetos, que sozinhos muitos munic\u00edpios n\u00e3o teriam como faz\u00ea-lo\u201d, observou Piva. Ele tamb\u00e9m foi levado a conhecer alguns espa\u00e7os culturais da cidade, assim como o pr\u00e9dio da Secretaria de Cultura.<\/p>\n<p style=\"text-align: left;\" align=\"center\">foto: AI\/Pref. Salto<\/p>\n<p align=\"center\">\n","protected":false},"excerpt":{"rendered":"<p>O diretor da Ancine (Ag\u00eancia Nacional de Cinema), Glauber Piva, foi recebido no dia 11 de janeiro, pela vice-prefeita de Salto, Jussara Vila\u00e7a, e pelo secret\u00e1rio municipal de Cultura, Marcos Pardim. A conversa girou em torno de programas do governo federal que podem ser explorados pela Prefeitura. Piva falou do programa Cinema da Cidade, que [&hellip;]<\/p>\n","protected":false},"author":1,"featured_media":4248,"comment_status":"open","ping_status":"open","sticky":false,"template":"","format":"standard","meta":{"_acf_changed":false,"ngg_post_thumbnail":0,"_joinchat":[],"footnotes":""},"categories":[12],"tags":[527],"class_list":["post-4237","post","type-post","status-publish","format-standard","has-post-thumbnail","hentry","category-regionais","tag-regionais"],"acf":[],"yoast_head":"<!-- This site is optimized with the Yoast SEO plugin v27.4 - https:\/\/yoast.com\/product\/yoast-seo-wordpress\/ -->\n<title>Salto estuda projetos da Ancine - Revista Regional<\/title>\n<meta name=\"robots\" content=\"index, follow, max-snippet:-1, max-image-preview:large, max-video-preview:-1\" \/>\n<link rel=\"canonical\" href=\"https:\/\/revistaregional.com.br\/site\/2013\/01\/22\/salto-estuda-projetos-da-ancine\/\" \/>\n<meta property=\"og:locale\" content=\"pt_BR\" \/>\n<meta property=\"og:type\" content=\"article\" \/>\n<meta property=\"og:title\" content=\"Salto estuda projetos da Ancine - Revista Regional\" \/>\n<meta property=\"og:description\" content=\"O diretor da Ancine (Ag\u00eancia Nacional de Cinema), Glauber Piva, foi recebido no dia 11 de janeiro, pela vice-prefeita de Salto, Jussara Vila\u00e7a, e pelo secret\u00e1rio municipal de Cultura, Marcos Pardim. A conversa girou em torno de programas do governo federal que podem ser explorados pela Prefeitura. Piva falou do programa Cinema da Cidade, que [&hellip;]\" \/>\n<meta property=\"og:url\" content=\"https:\/\/revistaregional.com.br\/site\/2013\/01\/22\/salto-estuda-projetos-da-ancine\/\" \/>\n<meta property=\"og:site_name\" content=\"Revista Regional\" \/>\n<meta property=\"article:published_time\" content=\"2013-01-22T18:28:23+00:00\" \/>\n<meta property=\"article:modified_time\" content=\"2024-01-26T12:57:38+00:00\" \/>\n<meta property=\"og:image\" content=\"https:\/\/revistaregional.com.br\/site\/wp-content\/uploads\/2013\/01\/regionais-Ancine-salto-31.jpg\" \/>\n\t<meta property=\"og:image:width\" content=\"640\" \/>\n\t<meta property=\"og:image:height\" content=\"453\" \/>\n\t<meta property=\"og:image:type\" content=\"image\/jpeg\" \/>\n<meta name=\"author\" content=\"contato@revistaregional.com.br\" \/>\n<meta name=\"twitter:card\" content=\"summary_large_image\" \/>\n<meta name=\"twitter:label1\" content=\"Escrito por\" \/>\n\t<meta name=\"twitter:data1\" content=\"contato@revistaregional.com.br\" \/>\n\t<meta name=\"twitter:label2\" content=\"Est. tempo de leitura\" \/>\n\t<meta name=\"twitter:data2\" content=\"1 minuto\" \/>\n<script type=\"application\/ld+json\" class=\"yoast-schema-graph\">{\"@context\":\"https:\\\/\\\/schema.org\",\"@graph\":[{\"@type\":\"Article\",\"@id\":\"https:\\\/\\\/revistaregional.com.br\\\/site\\\/2013\\\/01\\\/22\\\/salto-estuda-projetos-da-ancine\\\/#article\",\"isPartOf\":{\"@id\":\"https:\\\/\\\/revistaregional.com.br\\\/site\\\/2013\\\/01\\\/22\\\/salto-estuda-projetos-da-ancine\\\/\"},\"author\":{\"name\":\"contato@revistaregional.com.br\",\"@id\":\"https:\\\/\\\/revistaregional.com.br\\\/site\\\/#\\\/schema\\\/person\\\/382af97c580dc1b18f55107bc316010d\"},\"headline\":\"Salto estuda projetos da Ancine\",\"datePublished\":\"2013-01-22T18:28:23+00:00\",\"dateModified\":\"2024-01-26T12:57:38+00:00\",\"mainEntityOfPage\":{\"@id\":\"https:\\\/\\\/revistaregional.com.br\\\/site\\\/2013\\\/01\\\/22\\\/salto-estuda-projetos-da-ancine\\\/\"},\"wordCount\":299,\"commentCount\":0,\"image\":{\"@id\":\"https:\\\/\\\/revistaregional.com.br\\\/site\\\/2013\\\/01\\\/22\\\/salto-estuda-projetos-da-ancine\\\/#primaryimage\"},\"thumbnailUrl\":\"https:\\\/\\\/revistaregional.com.br\\\/site\\\/wp-content\\\/uploads\\\/2013\\\/01\\\/regionais-Ancine-salto-31.jpg\",\"keywords\":[\"Regionais\"],\"articleSection\":[\"Regionais\"],\"inLanguage\":\"pt-BR\",\"potentialAction\":[{\"@type\":\"CommentAction\",\"name\":\"Comment\",\"target\":[\"https:\\\/\\\/revistaregional.com.br\\\/site\\\/2013\\\/01\\\/22\\\/salto-estuda-projetos-da-ancine\\\/#respond\"]}]},{\"@type\":\"WebPage\",\"@id\":\"https:\\\/\\\/revistaregional.com.br\\\/site\\\/2013\\\/01\\\/22\\\/salto-estuda-projetos-da-ancine\\\/\",\"url\":\"https:\\\/\\\/revistaregional.com.br\\\/site\\\/2013\\\/01\\\/22\\\/salto-estuda-projetos-da-ancine\\\/\",\"name\":\"Salto estuda projetos da Ancine - Revista Regional\",\"isPartOf\":{\"@id\":\"https:\\\/\\\/revistaregional.com.br\\\/site\\\/#website\"},\"primaryImageOfPage\":{\"@id\":\"https:\\\/\\\/revistaregional.com.br\\\/site\\\/2013\\\/01\\\/22\\\/salto-estuda-projetos-da-ancine\\\/#primaryimage\"},\"image\":{\"@id\":\"https:\\\/\\\/revistaregional.com.br\\\/site\\\/2013\\\/01\\\/22\\\/salto-estuda-projetos-da-ancine\\\/#primaryimage\"},\"thumbnailUrl\":\"https:\\\/\\\/revistaregional.com.br\\\/site\\\/wp-content\\\/uploads\\\/2013\\\/01\\\/regionais-Ancine-salto-31.jpg\",\"datePublished\":\"2013-01-22T18:28:23+00:00\",\"dateModified\":\"2024-01-26T12:57:38+00:00\",\"author\":{\"@id\":\"https:\\\/\\\/revistaregional.com.br\\\/site\\\/#\\\/schema\\\/person\\\/382af97c580dc1b18f55107bc316010d\"},\"breadcrumb\":{\"@id\":\"https:\\\/\\\/revistaregional.com.br\\\/site\\\/2013\\\/01\\\/22\\\/salto-estuda-projetos-da-ancine\\\/#breadcrumb\"},\"inLanguage\":\"pt-BR\",\"potentialAction\":[{\"@type\":\"ReadAction\",\"target\":[\"https:\\\/\\\/revistaregional.com.br\\\/site\\\/2013\\\/01\\\/22\\\/salto-estuda-projetos-da-ancine\\\/\"]}]},{\"@type\":\"ImageObject\",\"inLanguage\":\"pt-BR\",\"@id\":\"https:\\\/\\\/revistaregional.com.br\\\/site\\\/2013\\\/01\\\/22\\\/salto-estuda-projetos-da-ancine\\\/#primaryimage\",\"url\":\"https:\\\/\\\/revistaregional.com.br\\\/site\\\/wp-content\\\/uploads\\\/2013\\\/01\\\/regionais-Ancine-salto-31.jpg\",\"contentUrl\":\"https:\\\/\\\/revistaregional.com.br\\\/site\\\/wp-content\\\/uploads\\\/2013\\\/01\\\/regionais-Ancine-salto-31.jpg\",\"width\":\"640\",\"height\":\"453\"},{\"@type\":\"BreadcrumbList\",\"@id\":\"https:\\\/\\\/revistaregional.com.br\\\/site\\\/2013\\\/01\\\/22\\\/salto-estuda-projetos-da-ancine\\\/#breadcrumb\",\"itemListElement\":[{\"@type\":\"ListItem\",\"position\":1,\"name\":\"In\u00edcio\",\"item\":\"https:\\\/\\\/revistaregional.com.br\\\/site\\\/\"},{\"@type\":\"ListItem\",\"position\":2,\"name\":\"Salto estuda projetos da Ancine\"}]},{\"@type\":\"WebSite\",\"@id\":\"https:\\\/\\\/revistaregional.com.br\\\/site\\\/#website\",\"url\":\"https:\\\/\\\/revistaregional.com.br\\\/site\\\/\",\"name\":\"Revista Regional\",\"description\":\"Salto - Itu - Indaituba\",\"potentialAction\":[{\"@type\":\"SearchAction\",\"target\":{\"@type\":\"EntryPoint\",\"urlTemplate\":\"https:\\\/\\\/revistaregional.com.br\\\/site\\\/?s={search_term_string}\"},\"query-input\":{\"@type\":\"PropertyValueSpecification\",\"valueRequired\":true,\"valueName\":\"search_term_string\"}}],\"inLanguage\":\"pt-BR\"},{\"@type\":\"Person\",\"@id\":\"https:\\\/\\\/revistaregional.com.br\\\/site\\\/#\\\/schema\\\/person\\\/382af97c580dc1b18f55107bc316010d\",\"name\":\"contato@revistaregional.com.br\",\"image\":{\"@type\":\"ImageObject\",\"inLanguage\":\"pt-BR\",\"@id\":\"https:\\\/\\\/secure.gravatar.com\\\/avatar\\\/869822917e96b2e292d5827e4635855396934485e7c4a0af84e9a214e32ca0cd?s=96&d=mm&r=g\",\"url\":\"https:\\\/\\\/secure.gravatar.com\\\/avatar\\\/869822917e96b2e292d5827e4635855396934485e7c4a0af84e9a214e32ca0cd?s=96&d=mm&r=g\",\"contentUrl\":\"https:\\\/\\\/secure.gravatar.com\\\/avatar\\\/869822917e96b2e292d5827e4635855396934485e7c4a0af84e9a214e32ca0cd?s=96&d=mm&r=g\",\"caption\":\"contato@revistaregional.com.br\"},\"url\":\"https:\\\/\\\/revistaregional.com.br\\\/site\\\/author\\\/contato@revistaregional.com.br\\\/\"}]}<\/script>\n<!-- \/ Yoast SEO plugin. -->","yoast_head_json":{"title":"Salto estuda projetos da Ancine - Revista Regional","robots":{"index":"index","follow":"follow","max-snippet":"max-snippet:-1","max-image-preview":"max-image-preview:large","max-video-preview":"max-video-preview:-1"},"canonical":"https:\/\/revistaregional.com.br\/site\/2013\/01\/22\/salto-estuda-projetos-da-ancine\/","og_locale":"pt_BR","og_type":"article","og_title":"Salto estuda projetos da Ancine - Revista Regional","og_description":"O diretor da Ancine (Ag\u00eancia Nacional de Cinema), Glauber Piva, foi recebido no dia 11 de janeiro, pela vice-prefeita de Salto, Jussara Vila\u00e7a, e pelo secret\u00e1rio municipal de Cultura, Marcos Pardim. A conversa girou em torno de programas do governo federal que podem ser explorados pela Prefeitura. Piva falou do programa Cinema da Cidade, que [&hellip;]","og_url":"https:\/\/revistaregional.com.br\/site\/2013\/01\/22\/salto-estuda-projetos-da-ancine\/","og_site_name":"Revista Regional","article_published_time":"2013-01-22T18:28:23+00:00","article_modified_time":"2024-01-26T12:57:38+00:00","og_image":[{"width":640,"height":453,"url":"https:\/\/revistaregional.com.br\/site\/wp-content\/uploads\/2013\/01\/regionais-Ancine-salto-31.jpg","type":"image\/jpeg"}],"author":"contato@revistaregional.com.br","twitter_card":"summary_large_image","twitter_misc":{"Escrito por":"contato@revistaregional.com.br","Est. tempo de leitura":"1 minuto"},"schema":{"@context":"https:\/\/schema.org","@graph":[{"@type":"Article","@id":"https:\/\/revistaregional.com.br\/site\/2013\/01\/22\/salto-estuda-projetos-da-ancine\/#article","isPartOf":{"@id":"https:\/\/revistaregional.com.br\/site\/2013\/01\/22\/salto-estuda-projetos-da-ancine\/"},"author":{"name":"contato@revistaregional.com.br","@id":"https:\/\/revistaregional.com.br\/site\/#\/schema\/person\/382af97c580dc1b18f55107bc316010d"},"headline":"Salto estuda projetos da Ancine","datePublished":"2013-01-22T18:28:23+00:00","dateModified":"2024-01-26T12:57:38+00:00","mainEntityOfPage":{"@id":"https:\/\/revistaregional.com.br\/site\/2013\/01\/22\/salto-estuda-projetos-da-ancine\/"},"wordCount":299,"commentCount":0,"image":{"@id":"https:\/\/revistaregional.com.br\/site\/2013\/01\/22\/salto-estuda-projetos-da-ancine\/#primaryimage"},"thumbnailUrl":"https:\/\/revistaregional.com.br\/site\/wp-content\/uploads\/2013\/01\/regionais-Ancine-salto-31.jpg","keywords":["Regionais"],"articleSection":["Regionais"],"inLanguage":"pt-BR","potentialAction":[{"@type":"CommentAction","name":"Comment","target":["https:\/\/revistaregional.com.br\/site\/2013\/01\/22\/salto-estuda-projetos-da-ancine\/#respond"]}]},{"@type":"WebPage","@id":"https:\/\/revistaregional.com.br\/site\/2013\/01\/22\/salto-estuda-projetos-da-ancine\/","url":"https:\/\/revistaregional.com.br\/site\/2013\/01\/22\/salto-estuda-projetos-da-ancine\/","name":"Salto estuda projetos da Ancine - Revista Regional","isPartOf":{"@id":"https:\/\/revistaregional.com.br\/site\/#website"},"primaryImageOfPage":{"@id":"https:\/\/revistaregional.com.br\/site\/2013\/01\/22\/salto-estuda-projetos-da-ancine\/#primaryimage"},"image":{"@id":"https:\/\/revistaregional.com.br\/site\/2013\/01\/22\/salto-estuda-projetos-da-ancine\/#primaryimage"},"thumbnailUrl":"https:\/\/revistaregional.com.br\/site\/wp-content\/uploads\/2013\/01\/regionais-Ancine-salto-31.jpg","datePublished":"2013-01-22T18:28:23+00:00","dateModified":"2024-01-26T12:57:38+00:00","author":{"@id":"https:\/\/revistaregional.com.br\/site\/#\/schema\/person\/382af97c580dc1b18f55107bc316010d"},"breadcrumb":{"@id":"https:\/\/revistaregional.com.br\/site\/2013\/01\/22\/salto-estuda-projetos-da-ancine\/#breadcrumb"},"inLanguage":"pt-BR","potentialAction":[{"@type":"ReadAction","target":["https:\/\/revistaregional.com.br\/site\/2013\/01\/22\/salto-estuda-projetos-da-ancine\/"]}]},{"@type":"ImageObject","inLanguage":"pt-BR","@id":"https:\/\/revistaregional.com.br\/site\/2013\/01\/22\/salto-estuda-projetos-da-ancine\/#primaryimage","url":"https:\/\/revistaregional.com.br\/site\/wp-content\/uploads\/2013\/01\/regionais-Ancine-salto-31.jpg","contentUrl":"https:\/\/revistaregional.com.br\/site\/wp-content\/uploads\/2013\/01\/regionais-Ancine-salto-31.jpg","width":"640","height":"453"},{"@type":"BreadcrumbList","@id":"https:\/\/revistaregional.com.br\/site\/2013\/01\/22\/salto-estuda-projetos-da-ancine\/#breadcrumb","itemListElement":[{"@type":"ListItem","position":1,"name":"In\u00edcio","item":"https:\/\/revistaregional.com.br\/site\/"},{"@type":"ListItem","position":2,"name":"Salto estuda projetos da Ancine"}]},{"@type":"WebSite","@id":"https:\/\/revistaregional.com.br\/site\/#website","url":"https:\/\/revistaregional.com.br\/site\/","name":"Revista Regional","description":"Salto - Itu - Indaituba","potentialAction":[{"@type":"SearchAction","target":{"@type":"EntryPoint","urlTemplate":"https:\/\/revistaregional.com.br\/site\/?s={search_term_string}"},"query-input":{"@type":"PropertyValueSpecification","valueRequired":true,"valueName":"search_term_string"}}],"inLanguage":"pt-BR"},{"@type":"Person","@id":"https:\/\/revistaregional.com.br\/site\/#\/schema\/person\/382af97c580dc1b18f55107bc316010d","name":"contato@revistaregional.com.br","image":{"@type":"ImageObject","inLanguage":"pt-BR","@id":"https:\/\/secure.gravatar.com\/avatar\/869822917e96b2e292d5827e4635855396934485e7c4a0af84e9a214e32ca0cd?s=96&d=mm&r=g","url":"https:\/\/secure.gravatar.com\/avatar\/869822917e96b2e292d5827e4635855396934485e7c4a0af84e9a214e32ca0cd?s=96&d=mm&r=g","contentUrl":"https:\/\/secure.gravatar.com\/avatar\/869822917e96b2e292d5827e4635855396934485e7c4a0af84e9a214e32ca0cd?s=96&d=mm&r=g","caption":"contato@revistaregional.com.br"},"url":"https:\/\/revistaregional.com.br\/site\/author\/contato@revistaregional.com.br\/"}]}},"views":71,"_links":{"self":[{"href":"https:\/\/revistaregional.com.br\/site\/wp-json\/wp\/v2\/posts\/4237","targetHints":{"allow":["GET"]}}],"collection":[{"href":"https:\/\/revistaregional.com.br\/site\/wp-json\/wp\/v2\/posts"}],"about":[{"href":"https:\/\/revistaregional.com.br\/site\/wp-json\/wp\/v2\/types\/post"}],"author":[{"embeddable":true,"href":"https:\/\/revistaregional.com.br\/site\/wp-json\/wp\/v2\/users\/1"}],"replies":[{"embeddable":true,"href":"https:\/\/revistaregional.com.br\/site\/wp-json\/wp\/v2\/comments?post=4237"}],"version-history":[{"count":5,"href":"https:\/\/revistaregional.com.br\/site\/wp-json\/wp\/v2\/posts\/4237\/revisions"}],"predecessor-version":[{"id":32338,"href":"https:\/\/revistaregional.com.br\/site\/wp-json\/wp\/v2\/posts\/4237\/revisions\/32338"}],"wp:featuredmedia":[{"embeddable":true,"href":"https:\/\/revistaregional.com.br\/site\/wp-json\/wp\/v2\/media\/4248"}],"wp:attachment":[{"href":"https:\/\/revistaregional.com.br\/site\/wp-json\/wp\/v2\/media?parent=4237"}],"wp:term":[{"taxonomy":"category","embeddable":true,"href":"https:\/\/revistaregional.com.br\/site\/wp-json\/wp\/v2\/categories?post=4237"},{"taxonomy":"post_tag","embeddable":true,"href":"https:\/\/revistaregional.com.br\/site\/wp-json\/wp\/v2\/tags?post=4237"}],"curies":[{"name":"wp","href":"https:\/\/api.w.org\/{rel}","templated":true}]}}