{"id":4226,"date":"2013-01-09T12:32:31","date_gmt":"2013-01-09T15:32:31","guid":{"rendered":"http:\/\/revistaregional.com.br\/site\/?p=4226"},"modified":"2024-01-26T10:55:12","modified_gmt":"2024-01-26T13:55:12","slug":"itu-realiza-semana-maestro-tristao-junior","status":"publish","type":"post","link":"https:\/\/revistaregional.com.br\/site\/2013\/01\/09\/itu-realiza-semana-maestro-tristao-junior\/","title":{"rendered":"Itu realiza Semana Maestro Trist\u00e3o J\u00fanior"},"content":{"rendered":"<figure id=\"attachment_4227\" aria-describedby=\"caption-attachment-4227\" style=\"width: 300px\" class=\"wp-caption aligncenter\"><a href=\"http:\/\/revistaregional.com.br\/site\/wp-content\/uploads\/2013\/01\/site-tristao.jpg\" rel=\"attachment wp-att-4227\"><img fetchpriority=\"high\" decoding=\"async\" class=\"size-full wp-image-4227\" title=\"\" src=\"http:\/\/revistaregional.com.br\/site\/wp-content\/uploads\/2013\/01\/site-tristao.jpg\" alt=\"\" width=\"300\" height=\"250\" \/><\/a><figcaption id=\"caption-attachment-4227\" class=\"wp-caption-text\">O evento homenageia Trist\u00e3o Junior<\/figcaption><\/figure>\n<p>Para quem gosta de serestas, a partir do 12, acontece a Semana Maestro Trist\u00e3o J\u00fanior, com diversas apresenta\u00e7\u00f5es musicais e performances sobre a m\u00fasica de seresta brasileira. A realiza\u00e7\u00e3o \u00e9 da Secretaria Municipal de Cultura da Prefeitura de Itu e do Museu da M\u00fasica \u2013 Itu, entidade mantida pelo Instituto Cultural de Itu.<\/p>\n<p>A data marca o anivers\u00e1rio de nascimento do compositor ituano Trist\u00e3o Mariano da Costa J\u00fanior (1880-1935), um dos mais importantes compositores paulistas de m\u00fasica de seresta no in\u00edcio do s\u00e9culo XX.<\/p>\n<p>Todos os eventos ser\u00e3o realizados no Largo do Bom Jesus (Pra\u00e7a Padre Anchieta), para que a m\u00fasica possa acontecer a c\u00e9u aberto, como \u00e9 pr\u00f3prio do g\u00eanero de seresta. Em caso de chuva, os eventos acontecer\u00e3o no Espa\u00e7o F\u00e1brica S\u00e3o Luiz, \u00e0 rua Paula Souza, 492 (cerca de50 metrosdo Largo do Bom Jesus).<\/p>\n<p>A mostra cultural Seresteiros de Itu estar\u00e1 aberta durante todos os eventos no Museu da M\u00fasica \u2013 Itu, \u00e0 rua Floriano Peixoto, 480, tamb\u00e9m a cerca de50 metrosdo Largo do Bom Jesus.<\/p>\n<p>Todas as atra\u00e7\u00f5es s\u00e3o gratuitas e toda popula\u00e7\u00e3o est\u00e1 convidada a prestigiar.<\/p>\n<p><strong>Confira abaixo a programa\u00e7\u00e3o:<\/strong><\/p>\n<p><strong><\/strong><strong>12\/01 (s\u00e1bado)<\/strong><\/p>\n<p>20h Largo do Bom Jesus \u2013 Trist\u00e3o J\u00fanior, uma vida, uma obra<\/p>\n<p>Quarteto Trist\u00e3o J\u00fanior e Museu da M\u00fasica &#8211; Itu<strong><\/strong><\/p>\n<p>O evento traz a biografia do m\u00fasico ituano, contada atrav\u00e9s de relatos e composi\u00e7\u00f5es.<\/p>\n<p><strong>13\/01 (domingo)<\/strong><\/p>\n<p>20h Largo do Bom Jesus \u2013 Seresta<\/p>\n<p>Grupo Serenoso<\/p>\n<p><strong>17\/01 (quinta-feira)<\/strong><\/p>\n<p>20h Largo do Bom Jesus \u2013 Da valsa \u00e0 bossa nova, 100 anos de seresta<\/p>\n<p>Seresteiros do Museu da M\u00fasica<\/p>\n<p>O evento narra, atrav\u00e9s de textos e m\u00fasicas a trajet\u00f3ria do g\u00eanero de seresta no Brasil.<\/p>\n<p><strong>\u00a0<\/strong><strong>18\/01 (sexta-feira)<\/strong><\/p>\n<p>20h Largo do Bom Jesus &#8211; Concerto<\/p>\n<p>Corpora\u00e7\u00e3o Musical Uni\u00e3o dos Artistas<\/p>\n<p><strong>19\/01 (s\u00e1bado)<\/strong><\/p>\n<p>20h Largo do Bom Jesus \u2013 Seresta Brasileira<\/p>\n<p>Quarteto Trist\u00e3o J\u00fanior <strong><\/strong><\/p>\n<p><strong>\u00a0<\/strong><em>foto: Divulga\u00e7\u00e3o<\/em><\/p>\n","protected":false},"excerpt":{"rendered":"<p>Para quem gosta de serestas, a partir do 12, acontece a Semana Maestro Trist\u00e3o J\u00fanior, com diversas apresenta\u00e7\u00f5es musicais e performances sobre a m\u00fasica de seresta brasileira. A realiza\u00e7\u00e3o \u00e9 da Secretaria Municipal de Cultura da Prefeitura de Itu e do Museu da M\u00fasica \u2013 Itu, entidade mantida pelo Instituto Cultural de Itu. A data [&hellip;]<\/p>\n","protected":false},"author":1,"featured_media":4227,"comment_status":"open","ping_status":"open","sticky":false,"template":"","format":"standard","meta":{"_acf_changed":false,"ngg_post_thumbnail":0,"_joinchat":[],"footnotes":""},"categories":[4],"tags":[533],"class_list":["post-4226","post","type-post","status-publish","format-standard","has-post-thumbnail","hentry","category-cultura","tag-cultura"],"acf":[],"yoast_head":"<!-- This site is optimized with the Yoast SEO plugin v27.4 - https:\/\/yoast.com\/product\/yoast-seo-wordpress\/ -->\n<title>Itu realiza Semana Maestro Trist\u00e3o J\u00fanior - Revista Regional<\/title>\n<meta name=\"robots\" content=\"index, follow, max-snippet:-1, max-image-preview:large, max-video-preview:-1\" \/>\n<link rel=\"canonical\" href=\"https:\/\/revistaregional.com.br\/site\/2013\/01\/09\/itu-realiza-semana-maestro-tristao-junior\/\" \/>\n<meta property=\"og:locale\" content=\"pt_BR\" \/>\n<meta property=\"og:type\" content=\"article\" \/>\n<meta property=\"og:title\" content=\"Itu realiza Semana Maestro Trist\u00e3o J\u00fanior - Revista Regional\" \/>\n<meta property=\"og:description\" content=\"Para quem gosta de serestas, a partir do 12, acontece a Semana Maestro Trist\u00e3o J\u00fanior, com diversas apresenta\u00e7\u00f5es musicais e performances sobre a m\u00fasica de seresta brasileira. A realiza\u00e7\u00e3o \u00e9 da Secretaria Municipal de Cultura da Prefeitura de Itu e do Museu da M\u00fasica \u2013 Itu, entidade mantida pelo Instituto Cultural de Itu. A data [&hellip;]\" \/>\n<meta property=\"og:url\" content=\"https:\/\/revistaregional.com.br\/site\/2013\/01\/09\/itu-realiza-semana-maestro-tristao-junior\/\" \/>\n<meta property=\"og:site_name\" content=\"Revista Regional\" \/>\n<meta property=\"article:published_time\" content=\"2013-01-09T15:32:31+00:00\" \/>\n<meta property=\"article:modified_time\" content=\"2024-01-26T13:55:12+00:00\" \/>\n<meta property=\"og:image\" content=\"https:\/\/revistaregional.com.br\/site\/wp-content\/uploads\/2013\/01\/site-tristao.jpg\" \/>\n\t<meta property=\"og:image:width\" content=\"300\" \/>\n\t<meta property=\"og:image:height\" content=\"250\" \/>\n\t<meta property=\"og:image:type\" content=\"image\/jpeg\" \/>\n<meta name=\"author\" content=\"contato@revistaregional.com.br\" \/>\n<meta name=\"twitter:card\" content=\"summary_large_image\" \/>\n<meta name=\"twitter:label1\" content=\"Escrito por\" \/>\n\t<meta name=\"twitter:data1\" content=\"contato@revistaregional.com.br\" \/>\n\t<meta name=\"twitter:label2\" content=\"Est. tempo de leitura\" \/>\n\t<meta name=\"twitter:data2\" content=\"2 minutos\" \/>\n<script type=\"application\/ld+json\" class=\"yoast-schema-graph\">{\"@context\":\"https:\\\/\\\/schema.org\",\"@graph\":[{\"@type\":\"Article\",\"@id\":\"https:\\\/\\\/revistaregional.com.br\\\/site\\\/2013\\\/01\\\/09\\\/itu-realiza-semana-maestro-tristao-junior\\\/#article\",\"isPartOf\":{\"@id\":\"https:\\\/\\\/revistaregional.com.br\\\/site\\\/2013\\\/01\\\/09\\\/itu-realiza-semana-maestro-tristao-junior\\\/\"},\"author\":{\"name\":\"contato@revistaregional.com.br\",\"@id\":\"https:\\\/\\\/revistaregional.com.br\\\/site\\\/#\\\/schema\\\/person\\\/382af97c580dc1b18f55107bc316010d\"},\"headline\":\"Itu realiza Semana Maestro Trist\u00e3o J\u00fanior\",\"datePublished\":\"2013-01-09T15:32:31+00:00\",\"dateModified\":\"2024-01-26T13:55:12+00:00\",\"mainEntityOfPage\":{\"@id\":\"https:\\\/\\\/revistaregional.com.br\\\/site\\\/2013\\\/01\\\/09\\\/itu-realiza-semana-maestro-tristao-junior\\\/\"},\"wordCount\":349,\"commentCount\":0,\"image\":{\"@id\":\"https:\\\/\\\/revistaregional.com.br\\\/site\\\/2013\\\/01\\\/09\\\/itu-realiza-semana-maestro-tristao-junior\\\/#primaryimage\"},\"thumbnailUrl\":\"https:\\\/\\\/revistaregional.com.br\\\/site\\\/wp-content\\\/uploads\\\/2013\\\/01\\\/site-tristao.jpg\",\"keywords\":[\"Cultura\"],\"articleSection\":[\"Cultura\"],\"inLanguage\":\"pt-BR\",\"potentialAction\":[{\"@type\":\"CommentAction\",\"name\":\"Comment\",\"target\":[\"https:\\\/\\\/revistaregional.com.br\\\/site\\\/2013\\\/01\\\/09\\\/itu-realiza-semana-maestro-tristao-junior\\\/#respond\"]}]},{\"@type\":\"WebPage\",\"@id\":\"https:\\\/\\\/revistaregional.com.br\\\/site\\\/2013\\\/01\\\/09\\\/itu-realiza-semana-maestro-tristao-junior\\\/\",\"url\":\"https:\\\/\\\/revistaregional.com.br\\\/site\\\/2013\\\/01\\\/09\\\/itu-realiza-semana-maestro-tristao-junior\\\/\",\"name\":\"Itu realiza Semana Maestro Trist\u00e3o J\u00fanior - Revista Regional\",\"isPartOf\":{\"@id\":\"https:\\\/\\\/revistaregional.com.br\\\/site\\\/#website\"},\"primaryImageOfPage\":{\"@id\":\"https:\\\/\\\/revistaregional.com.br\\\/site\\\/2013\\\/01\\\/09\\\/itu-realiza-semana-maestro-tristao-junior\\\/#primaryimage\"},\"image\":{\"@id\":\"https:\\\/\\\/revistaregional.com.br\\\/site\\\/2013\\\/01\\\/09\\\/itu-realiza-semana-maestro-tristao-junior\\\/#primaryimage\"},\"thumbnailUrl\":\"https:\\\/\\\/revistaregional.com.br\\\/site\\\/wp-content\\\/uploads\\\/2013\\\/01\\\/site-tristao.jpg\",\"datePublished\":\"2013-01-09T15:32:31+00:00\",\"dateModified\":\"2024-01-26T13:55:12+00:00\",\"author\":{\"@id\":\"https:\\\/\\\/revistaregional.com.br\\\/site\\\/#\\\/schema\\\/person\\\/382af97c580dc1b18f55107bc316010d\"},\"breadcrumb\":{\"@id\":\"https:\\\/\\\/revistaregional.com.br\\\/site\\\/2013\\\/01\\\/09\\\/itu-realiza-semana-maestro-tristao-junior\\\/#breadcrumb\"},\"inLanguage\":\"pt-BR\",\"potentialAction\":[{\"@type\":\"ReadAction\",\"target\":[\"https:\\\/\\\/revistaregional.com.br\\\/site\\\/2013\\\/01\\\/09\\\/itu-realiza-semana-maestro-tristao-junior\\\/\"]}]},{\"@type\":\"ImageObject\",\"inLanguage\":\"pt-BR\",\"@id\":\"https:\\\/\\\/revistaregional.com.br\\\/site\\\/2013\\\/01\\\/09\\\/itu-realiza-semana-maestro-tristao-junior\\\/#primaryimage\",\"url\":\"https:\\\/\\\/revistaregional.com.br\\\/site\\\/wp-content\\\/uploads\\\/2013\\\/01\\\/site-tristao.jpg\",\"contentUrl\":\"https:\\\/\\\/revistaregional.com.br\\\/site\\\/wp-content\\\/uploads\\\/2013\\\/01\\\/site-tristao.jpg\",\"width\":\"300\",\"height\":\"250\",\"caption\":\"O evento homenageia Trist\u00e3o Junior\"},{\"@type\":\"BreadcrumbList\",\"@id\":\"https:\\\/\\\/revistaregional.com.br\\\/site\\\/2013\\\/01\\\/09\\\/itu-realiza-semana-maestro-tristao-junior\\\/#breadcrumb\",\"itemListElement\":[{\"@type\":\"ListItem\",\"position\":1,\"name\":\"In\u00edcio\",\"item\":\"https:\\\/\\\/revistaregional.com.br\\\/site\\\/\"},{\"@type\":\"ListItem\",\"position\":2,\"name\":\"Itu realiza Semana Maestro Trist\u00e3o J\u00fanior\"}]},{\"@type\":\"WebSite\",\"@id\":\"https:\\\/\\\/revistaregional.com.br\\\/site\\\/#website\",\"url\":\"https:\\\/\\\/revistaregional.com.br\\\/site\\\/\",\"name\":\"Revista Regional\",\"description\":\"Salto - Itu - Indaituba\",\"potentialAction\":[{\"@type\":\"SearchAction\",\"target\":{\"@type\":\"EntryPoint\",\"urlTemplate\":\"https:\\\/\\\/revistaregional.com.br\\\/site\\\/?s={search_term_string}\"},\"query-input\":{\"@type\":\"PropertyValueSpecification\",\"valueRequired\":true,\"valueName\":\"search_term_string\"}}],\"inLanguage\":\"pt-BR\"},{\"@type\":\"Person\",\"@id\":\"https:\\\/\\\/revistaregional.com.br\\\/site\\\/#\\\/schema\\\/person\\\/382af97c580dc1b18f55107bc316010d\",\"name\":\"contato@revistaregional.com.br\",\"image\":{\"@type\":\"ImageObject\",\"inLanguage\":\"pt-BR\",\"@id\":\"https:\\\/\\\/secure.gravatar.com\\\/avatar\\\/869822917e96b2e292d5827e4635855396934485e7c4a0af84e9a214e32ca0cd?s=96&d=mm&r=g\",\"url\":\"https:\\\/\\\/secure.gravatar.com\\\/avatar\\\/869822917e96b2e292d5827e4635855396934485e7c4a0af84e9a214e32ca0cd?s=96&d=mm&r=g\",\"contentUrl\":\"https:\\\/\\\/secure.gravatar.com\\\/avatar\\\/869822917e96b2e292d5827e4635855396934485e7c4a0af84e9a214e32ca0cd?s=96&d=mm&r=g\",\"caption\":\"contato@revistaregional.com.br\"},\"url\":\"https:\\\/\\\/revistaregional.com.br\\\/site\\\/author\\\/contato@revistaregional.com.br\\\/\"}]}<\/script>\n<!-- \/ Yoast SEO plugin. -->","yoast_head_json":{"title":"Itu realiza Semana Maestro Trist\u00e3o J\u00fanior - Revista Regional","robots":{"index":"index","follow":"follow","max-snippet":"max-snippet:-1","max-image-preview":"max-image-preview:large","max-video-preview":"max-video-preview:-1"},"canonical":"https:\/\/revistaregional.com.br\/site\/2013\/01\/09\/itu-realiza-semana-maestro-tristao-junior\/","og_locale":"pt_BR","og_type":"article","og_title":"Itu realiza Semana Maestro Trist\u00e3o J\u00fanior - Revista Regional","og_description":"Para quem gosta de serestas, a partir do 12, acontece a Semana Maestro Trist\u00e3o J\u00fanior, com diversas apresenta\u00e7\u00f5es musicais e performances sobre a m\u00fasica de seresta brasileira. A realiza\u00e7\u00e3o \u00e9 da Secretaria Municipal de Cultura da Prefeitura de Itu e do Museu da M\u00fasica \u2013 Itu, entidade mantida pelo Instituto Cultural de Itu. A data [&hellip;]","og_url":"https:\/\/revistaregional.com.br\/site\/2013\/01\/09\/itu-realiza-semana-maestro-tristao-junior\/","og_site_name":"Revista Regional","article_published_time":"2013-01-09T15:32:31+00:00","article_modified_time":"2024-01-26T13:55:12+00:00","og_image":[{"width":300,"height":250,"url":"https:\/\/revistaregional.com.br\/site\/wp-content\/uploads\/2013\/01\/site-tristao.jpg","type":"image\/jpeg"}],"author":"contato@revistaregional.com.br","twitter_card":"summary_large_image","twitter_misc":{"Escrito por":"contato@revistaregional.com.br","Est. tempo de leitura":"2 minutos"},"schema":{"@context":"https:\/\/schema.org","@graph":[{"@type":"Article","@id":"https:\/\/revistaregional.com.br\/site\/2013\/01\/09\/itu-realiza-semana-maestro-tristao-junior\/#article","isPartOf":{"@id":"https:\/\/revistaregional.com.br\/site\/2013\/01\/09\/itu-realiza-semana-maestro-tristao-junior\/"},"author":{"name":"contato@revistaregional.com.br","@id":"https:\/\/revistaregional.com.br\/site\/#\/schema\/person\/382af97c580dc1b18f55107bc316010d"},"headline":"Itu realiza Semana Maestro Trist\u00e3o J\u00fanior","datePublished":"2013-01-09T15:32:31+00:00","dateModified":"2024-01-26T13:55:12+00:00","mainEntityOfPage":{"@id":"https:\/\/revistaregional.com.br\/site\/2013\/01\/09\/itu-realiza-semana-maestro-tristao-junior\/"},"wordCount":349,"commentCount":0,"image":{"@id":"https:\/\/revistaregional.com.br\/site\/2013\/01\/09\/itu-realiza-semana-maestro-tristao-junior\/#primaryimage"},"thumbnailUrl":"https:\/\/revistaregional.com.br\/site\/wp-content\/uploads\/2013\/01\/site-tristao.jpg","keywords":["Cultura"],"articleSection":["Cultura"],"inLanguage":"pt-BR","potentialAction":[{"@type":"CommentAction","name":"Comment","target":["https:\/\/revistaregional.com.br\/site\/2013\/01\/09\/itu-realiza-semana-maestro-tristao-junior\/#respond"]}]},{"@type":"WebPage","@id":"https:\/\/revistaregional.com.br\/site\/2013\/01\/09\/itu-realiza-semana-maestro-tristao-junior\/","url":"https:\/\/revistaregional.com.br\/site\/2013\/01\/09\/itu-realiza-semana-maestro-tristao-junior\/","name":"Itu realiza Semana Maestro Trist\u00e3o J\u00fanior - Revista Regional","isPartOf":{"@id":"https:\/\/revistaregional.com.br\/site\/#website"},"primaryImageOfPage":{"@id":"https:\/\/revistaregional.com.br\/site\/2013\/01\/09\/itu-realiza-semana-maestro-tristao-junior\/#primaryimage"},"image":{"@id":"https:\/\/revistaregional.com.br\/site\/2013\/01\/09\/itu-realiza-semana-maestro-tristao-junior\/#primaryimage"},"thumbnailUrl":"https:\/\/revistaregional.com.br\/site\/wp-content\/uploads\/2013\/01\/site-tristao.jpg","datePublished":"2013-01-09T15:32:31+00:00","dateModified":"2024-01-26T13:55:12+00:00","author":{"@id":"https:\/\/revistaregional.com.br\/site\/#\/schema\/person\/382af97c580dc1b18f55107bc316010d"},"breadcrumb":{"@id":"https:\/\/revistaregional.com.br\/site\/2013\/01\/09\/itu-realiza-semana-maestro-tristao-junior\/#breadcrumb"},"inLanguage":"pt-BR","potentialAction":[{"@type":"ReadAction","target":["https:\/\/revistaregional.com.br\/site\/2013\/01\/09\/itu-realiza-semana-maestro-tristao-junior\/"]}]},{"@type":"ImageObject","inLanguage":"pt-BR","@id":"https:\/\/revistaregional.com.br\/site\/2013\/01\/09\/itu-realiza-semana-maestro-tristao-junior\/#primaryimage","url":"https:\/\/revistaregional.com.br\/site\/wp-content\/uploads\/2013\/01\/site-tristao.jpg","contentUrl":"https:\/\/revistaregional.com.br\/site\/wp-content\/uploads\/2013\/01\/site-tristao.jpg","width":"300","height":"250","caption":"O evento homenageia Trist\u00e3o Junior"},{"@type":"BreadcrumbList","@id":"https:\/\/revistaregional.com.br\/site\/2013\/01\/09\/itu-realiza-semana-maestro-tristao-junior\/#breadcrumb","itemListElement":[{"@type":"ListItem","position":1,"name":"In\u00edcio","item":"https:\/\/revistaregional.com.br\/site\/"},{"@type":"ListItem","position":2,"name":"Itu realiza Semana Maestro Trist\u00e3o J\u00fanior"}]},{"@type":"WebSite","@id":"https:\/\/revistaregional.com.br\/site\/#website","url":"https:\/\/revistaregional.com.br\/site\/","name":"Revista Regional","description":"Salto - Itu - Indaituba","potentialAction":[{"@type":"SearchAction","target":{"@type":"EntryPoint","urlTemplate":"https:\/\/revistaregional.com.br\/site\/?s={search_term_string}"},"query-input":{"@type":"PropertyValueSpecification","valueRequired":true,"valueName":"search_term_string"}}],"inLanguage":"pt-BR"},{"@type":"Person","@id":"https:\/\/revistaregional.com.br\/site\/#\/schema\/person\/382af97c580dc1b18f55107bc316010d","name":"contato@revistaregional.com.br","image":{"@type":"ImageObject","inLanguage":"pt-BR","@id":"https:\/\/secure.gravatar.com\/avatar\/869822917e96b2e292d5827e4635855396934485e7c4a0af84e9a214e32ca0cd?s=96&d=mm&r=g","url":"https:\/\/secure.gravatar.com\/avatar\/869822917e96b2e292d5827e4635855396934485e7c4a0af84e9a214e32ca0cd?s=96&d=mm&r=g","contentUrl":"https:\/\/secure.gravatar.com\/avatar\/869822917e96b2e292d5827e4635855396934485e7c4a0af84e9a214e32ca0cd?s=96&d=mm&r=g","caption":"contato@revistaregional.com.br"},"url":"https:\/\/revistaregional.com.br\/site\/author\/contato@revistaregional.com.br\/"}]}},"views":108,"_links":{"self":[{"href":"https:\/\/revistaregional.com.br\/site\/wp-json\/wp\/v2\/posts\/4226","targetHints":{"allow":["GET"]}}],"collection":[{"href":"https:\/\/revistaregional.com.br\/site\/wp-json\/wp\/v2\/posts"}],"about":[{"href":"https:\/\/revistaregional.com.br\/site\/wp-json\/wp\/v2\/types\/post"}],"author":[{"embeddable":true,"href":"https:\/\/revistaregional.com.br\/site\/wp-json\/wp\/v2\/users\/1"}],"replies":[{"embeddable":true,"href":"https:\/\/revistaregional.com.br\/site\/wp-json\/wp\/v2\/comments?post=4226"}],"version-history":[{"count":3,"href":"https:\/\/revistaregional.com.br\/site\/wp-json\/wp\/v2\/posts\/4226\/revisions"}],"predecessor-version":[{"id":4230,"href":"https:\/\/revistaregional.com.br\/site\/wp-json\/wp\/v2\/posts\/4226\/revisions\/4230"}],"wp:featuredmedia":[{"embeddable":true,"href":"https:\/\/revistaregional.com.br\/site\/wp-json\/wp\/v2\/media\/4227"}],"wp:attachment":[{"href":"https:\/\/revistaregional.com.br\/site\/wp-json\/wp\/v2\/media?parent=4226"}],"wp:term":[{"taxonomy":"category","embeddable":true,"href":"https:\/\/revistaregional.com.br\/site\/wp-json\/wp\/v2\/categories?post=4226"},{"taxonomy":"post_tag","embeddable":true,"href":"https:\/\/revistaregional.com.br\/site\/wp-json\/wp\/v2\/tags?post=4226"}],"curies":[{"name":"wp","href":"https:\/\/api.w.org\/{rel}","templated":true}]}}