{"id":4222,"date":"2013-01-09T08:17:09","date_gmt":"2013-01-09T11:17:09","guid":{"rendered":"http:\/\/revistaregional.com.br\/site\/?p=4222"},"modified":"2024-01-26T09:57:40","modified_gmt":"2024-01-26T12:57:40","slug":"plaza-shopping-faz-concurso-em-homenagem-a-itu","status":"publish","type":"post","link":"https:\/\/revistaregional.com.br\/site\/2013\/01\/09\/plaza-shopping-faz-concurso-em-homenagem-a-itu\/","title":{"rendered":"Plaza Shopping faz concurso em homenagem a Itu"},"content":{"rendered":"<figure id=\"attachment_4223\" aria-describedby=\"caption-attachment-4223\" style=\"width: 506px\" class=\"wp-caption aligncenter\"><a href=\"http:\/\/revistaregional.com.br\/site\/wp-content\/uploads\/2013\/01\/site-plaza.jpg\" rel=\"attachment wp-att-4223\"><img fetchpriority=\"high\" decoding=\"async\" class=\" wp-image-4223 \" src=\"http:\/\/revistaregional.com.br\/site\/wp-content\/uploads\/2013\/01\/site-plaza.jpg\" alt=\"\" width=\"506\" height=\"242\" srcset=\"https:\/\/revistaregional.com.br\/site\/wp-content\/uploads\/2013\/01\/site-plaza.jpg 843w, https:\/\/revistaregional.com.br\/site\/wp-content\/uploads\/2013\/01\/site-plaza-300x143.jpg 300w\" sizes=\"(max-width: 506px) 100vw, 506px\" \/><\/a><figcaption id=\"caption-attachment-4223\" class=\"wp-caption-text\">Campanha do Plaza que homenageia a cidade de Itu com fotos<\/figcaption><\/figure>\n<p align=\"center\"><em>A campanha especial destacar\u00e1 fotos do patrim\u00f4nio hist\u00f3rico, natural ou cultural enviadas at\u00e9 o dia 15 de janeiro<\/em><\/p>\n<p>O Plaza Shopping Itu homenageia o anivers\u00e1rio de 403 anos da cidade de Itu com o \u201cConcurso Cultural As Belezas de Itu\u201d. O concurso especial, que contar\u00e1 com a participa\u00e7\u00e3o do p\u00fablico, vai eleger de uma a tr\u00eas fotos para a campanha \u201cItu \u2013 403 anos\u201d criada pelo empreendimento. Para participar, basta enviar foto in\u00e9dita, at\u00e9 o dia 15 de janeiro, de uma paisagem da cidade, patrim\u00f4nio hist\u00f3rico, natural ou cultural, ou um atrativo tur\u00edstico, para o e-mail <a href=\"mailto:contato@plazashoppingitu.com.br\">contato@plazashoppingitu.com.br<\/a>.<\/p>\n<p>A imagem deve estar no formato JPEG, com no m\u00ednimo 2 MB e resolu\u00e7\u00e3o em 300 dpi, em documento anexo, com os seguintes dados cadastrais: nome, CPF, RG, endere\u00e7o, cidade, telefone fixo, telefone celular e e-mail. N\u00e3o ser\u00e1 permitida a exposi\u00e7\u00e3o de nenhuma pessoa na foto, apenas da paisagem. A inscri\u00e7\u00e3o \u00e9 gratuita e n\u00e3o est\u00e1 aliada a compras.<\/p>\n<p>Os autores escolhidos pelo Departamento de Marketing e pela Ag\u00eancia Desafio ter\u00e3o suas fotos utilizadas na campanha do Shopping, com os nomes creditados na divulga\u00e7\u00e3o. Vale lembrar que o Plaza Shopping Itu n\u00e3o se responsabiliza pela autoria das imagens, sendo que ao enviar a foto ao sistema do Concurso Cultural, o participante garante que tem propriedade dos direitos da foto. O regulamento completo est\u00e1 no site <a href=\"http:\/\/www.plazashoppingitu.com.br\/\">www.plazashoppingitu.com.br<\/a>.<\/p>\n<p><strong>\u00a0MAIS<\/strong>: Acompanhe o mundo <strong>Plaza Shopping Itu<\/strong> nas <strong>Redes Sociais<\/strong> e conhe\u00e7a as novidades, promo\u00e7\u00f5es, agenda cultural e tudo o que o Shopping tem a oferecer:<\/p>\n<p><a href=\"http:\/\/www.facebook.com\/plazashoppingitu\">http:\/\/www.facebook.com\/plazashoppingitu<\/a><\/p>\n<p><a href=\"http:\/\/www.twitter.com\/plazashopping\">http:\/\/www.twitter.com\/plazashopping<\/a><\/p>\n","protected":false},"excerpt":{"rendered":"<p>A campanha especial destacar\u00e1 fotos do patrim\u00f4nio hist\u00f3rico, natural ou cultural enviadas at\u00e9 o dia 15 de janeiro O Plaza Shopping Itu homenageia o anivers\u00e1rio de 403 anos da cidade de Itu com o \u201cConcurso Cultural As Belezas de Itu\u201d. O concurso especial, que contar\u00e1 com a participa\u00e7\u00e3o do p\u00fablico, vai eleger de uma a [&hellip;]<\/p>\n","protected":false},"author":1,"featured_media":4223,"comment_status":"open","ping_status":"open","sticky":false,"template":"","format":"standard","meta":{"_acf_changed":false,"ngg_post_thumbnail":0,"_joinchat":[],"footnotes":""},"categories":[12],"tags":[527],"class_list":["post-4222","post","type-post","status-publish","format-standard","has-post-thumbnail","hentry","category-regionais","tag-regionais"],"acf":[],"yoast_head":"<!-- This site is optimized with the Yoast SEO plugin v27.4 - https:\/\/yoast.com\/product\/yoast-seo-wordpress\/ -->\n<title>Plaza Shopping faz concurso em homenagem a Itu - Revista Regional<\/title>\n<meta name=\"robots\" content=\"index, follow, max-snippet:-1, max-image-preview:large, max-video-preview:-1\" \/>\n<link rel=\"canonical\" href=\"https:\/\/revistaregional.com.br\/site\/2013\/01\/09\/plaza-shopping-faz-concurso-em-homenagem-a-itu\/\" \/>\n<meta property=\"og:locale\" content=\"pt_BR\" \/>\n<meta property=\"og:type\" content=\"article\" \/>\n<meta property=\"og:title\" content=\"Plaza Shopping faz concurso em homenagem a Itu - Revista Regional\" \/>\n<meta property=\"og:description\" content=\"A campanha especial destacar\u00e1 fotos do patrim\u00f4nio hist\u00f3rico, natural ou cultural enviadas at\u00e9 o dia 15 de janeiro O Plaza Shopping Itu homenageia o anivers\u00e1rio de 403 anos da cidade de Itu com o \u201cConcurso Cultural As Belezas de Itu\u201d. O concurso especial, que contar\u00e1 com a participa\u00e7\u00e3o do p\u00fablico, vai eleger de uma a [&hellip;]\" \/>\n<meta property=\"og:url\" content=\"https:\/\/revistaregional.com.br\/site\/2013\/01\/09\/plaza-shopping-faz-concurso-em-homenagem-a-itu\/\" \/>\n<meta property=\"og:site_name\" content=\"Revista Regional\" \/>\n<meta property=\"article:published_time\" content=\"2013-01-09T11:17:09+00:00\" \/>\n<meta property=\"article:modified_time\" content=\"2024-01-26T12:57:40+00:00\" \/>\n<meta property=\"og:image\" content=\"https:\/\/revistaregional.com.br\/site\/wp-content\/uploads\/2013\/01\/site-plaza.jpg\" \/>\n\t<meta property=\"og:image:width\" content=\"843\" \/>\n\t<meta property=\"og:image:height\" content=\"403\" \/>\n\t<meta property=\"og:image:type\" content=\"image\/jpeg\" \/>\n<meta name=\"author\" content=\"contato@revistaregional.com.br\" \/>\n<meta name=\"twitter:card\" content=\"summary_large_image\" \/>\n<meta name=\"twitter:label1\" content=\"Escrito por\" \/>\n\t<meta name=\"twitter:data1\" content=\"contato@revistaregional.com.br\" \/>\n\t<meta name=\"twitter:label2\" content=\"Est. tempo de leitura\" \/>\n\t<meta name=\"twitter:data2\" content=\"1 minuto\" \/>\n<script type=\"application\/ld+json\" class=\"yoast-schema-graph\">{\"@context\":\"https:\\\/\\\/schema.org\",\"@graph\":[{\"@type\":\"Article\",\"@id\":\"https:\\\/\\\/revistaregional.com.br\\\/site\\\/2013\\\/01\\\/09\\\/plaza-shopping-faz-concurso-em-homenagem-a-itu\\\/#article\",\"isPartOf\":{\"@id\":\"https:\\\/\\\/revistaregional.com.br\\\/site\\\/2013\\\/01\\\/09\\\/plaza-shopping-faz-concurso-em-homenagem-a-itu\\\/\"},\"author\":{\"name\":\"contato@revistaregional.com.br\",\"@id\":\"https:\\\/\\\/revistaregional.com.br\\\/site\\\/#\\\/schema\\\/person\\\/382af97c580dc1b18f55107bc316010d\"},\"headline\":\"Plaza Shopping faz concurso em homenagem a Itu\",\"datePublished\":\"2013-01-09T11:17:09+00:00\",\"dateModified\":\"2024-01-26T12:57:40+00:00\",\"mainEntityOfPage\":{\"@id\":\"https:\\\/\\\/revistaregional.com.br\\\/site\\\/2013\\\/01\\\/09\\\/plaza-shopping-faz-concurso-em-homenagem-a-itu\\\/\"},\"wordCount\":306,\"commentCount\":0,\"image\":{\"@id\":\"https:\\\/\\\/revistaregional.com.br\\\/site\\\/2013\\\/01\\\/09\\\/plaza-shopping-faz-concurso-em-homenagem-a-itu\\\/#primaryimage\"},\"thumbnailUrl\":\"https:\\\/\\\/revistaregional.com.br\\\/site\\\/wp-content\\\/uploads\\\/2013\\\/01\\\/site-plaza.jpg\",\"keywords\":[\"Regionais\"],\"articleSection\":[\"Regionais\"],\"inLanguage\":\"pt-BR\",\"potentialAction\":[{\"@type\":\"CommentAction\",\"name\":\"Comment\",\"target\":[\"https:\\\/\\\/revistaregional.com.br\\\/site\\\/2013\\\/01\\\/09\\\/plaza-shopping-faz-concurso-em-homenagem-a-itu\\\/#respond\"]}]},{\"@type\":\"WebPage\",\"@id\":\"https:\\\/\\\/revistaregional.com.br\\\/site\\\/2013\\\/01\\\/09\\\/plaza-shopping-faz-concurso-em-homenagem-a-itu\\\/\",\"url\":\"https:\\\/\\\/revistaregional.com.br\\\/site\\\/2013\\\/01\\\/09\\\/plaza-shopping-faz-concurso-em-homenagem-a-itu\\\/\",\"name\":\"Plaza Shopping faz concurso em homenagem a Itu - Revista Regional\",\"isPartOf\":{\"@id\":\"https:\\\/\\\/revistaregional.com.br\\\/site\\\/#website\"},\"primaryImageOfPage\":{\"@id\":\"https:\\\/\\\/revistaregional.com.br\\\/site\\\/2013\\\/01\\\/09\\\/plaza-shopping-faz-concurso-em-homenagem-a-itu\\\/#primaryimage\"},\"image\":{\"@id\":\"https:\\\/\\\/revistaregional.com.br\\\/site\\\/2013\\\/01\\\/09\\\/plaza-shopping-faz-concurso-em-homenagem-a-itu\\\/#primaryimage\"},\"thumbnailUrl\":\"https:\\\/\\\/revistaregional.com.br\\\/site\\\/wp-content\\\/uploads\\\/2013\\\/01\\\/site-plaza.jpg\",\"datePublished\":\"2013-01-09T11:17:09+00:00\",\"dateModified\":\"2024-01-26T12:57:40+00:00\",\"author\":{\"@id\":\"https:\\\/\\\/revistaregional.com.br\\\/site\\\/#\\\/schema\\\/person\\\/382af97c580dc1b18f55107bc316010d\"},\"breadcrumb\":{\"@id\":\"https:\\\/\\\/revistaregional.com.br\\\/site\\\/2013\\\/01\\\/09\\\/plaza-shopping-faz-concurso-em-homenagem-a-itu\\\/#breadcrumb\"},\"inLanguage\":\"pt-BR\",\"potentialAction\":[{\"@type\":\"ReadAction\",\"target\":[\"https:\\\/\\\/revistaregional.com.br\\\/site\\\/2013\\\/01\\\/09\\\/plaza-shopping-faz-concurso-em-homenagem-a-itu\\\/\"]}]},{\"@type\":\"ImageObject\",\"inLanguage\":\"pt-BR\",\"@id\":\"https:\\\/\\\/revistaregional.com.br\\\/site\\\/2013\\\/01\\\/09\\\/plaza-shopping-faz-concurso-em-homenagem-a-itu\\\/#primaryimage\",\"url\":\"https:\\\/\\\/revistaregional.com.br\\\/site\\\/wp-content\\\/uploads\\\/2013\\\/01\\\/site-plaza.jpg\",\"contentUrl\":\"https:\\\/\\\/revistaregional.com.br\\\/site\\\/wp-content\\\/uploads\\\/2013\\\/01\\\/site-plaza.jpg\",\"width\":\"843\",\"height\":\"403\",\"caption\":\"Campanha do Plaza que homenageia a cidade de Itu com fotos\"},{\"@type\":\"BreadcrumbList\",\"@id\":\"https:\\\/\\\/revistaregional.com.br\\\/site\\\/2013\\\/01\\\/09\\\/plaza-shopping-faz-concurso-em-homenagem-a-itu\\\/#breadcrumb\",\"itemListElement\":[{\"@type\":\"ListItem\",\"position\":1,\"name\":\"In\u00edcio\",\"item\":\"https:\\\/\\\/revistaregional.com.br\\\/site\\\/\"},{\"@type\":\"ListItem\",\"position\":2,\"name\":\"Plaza Shopping faz concurso em homenagem a Itu\"}]},{\"@type\":\"WebSite\",\"@id\":\"https:\\\/\\\/revistaregional.com.br\\\/site\\\/#website\",\"url\":\"https:\\\/\\\/revistaregional.com.br\\\/site\\\/\",\"name\":\"Revista Regional\",\"description\":\"Salto - Itu - Indaituba\",\"potentialAction\":[{\"@type\":\"SearchAction\",\"target\":{\"@type\":\"EntryPoint\",\"urlTemplate\":\"https:\\\/\\\/revistaregional.com.br\\\/site\\\/?s={search_term_string}\"},\"query-input\":{\"@type\":\"PropertyValueSpecification\",\"valueRequired\":true,\"valueName\":\"search_term_string\"}}],\"inLanguage\":\"pt-BR\"},{\"@type\":\"Person\",\"@id\":\"https:\\\/\\\/revistaregional.com.br\\\/site\\\/#\\\/schema\\\/person\\\/382af97c580dc1b18f55107bc316010d\",\"name\":\"contato@revistaregional.com.br\",\"image\":{\"@type\":\"ImageObject\",\"inLanguage\":\"pt-BR\",\"@id\":\"https:\\\/\\\/secure.gravatar.com\\\/avatar\\\/869822917e96b2e292d5827e4635855396934485e7c4a0af84e9a214e32ca0cd?s=96&d=mm&r=g\",\"url\":\"https:\\\/\\\/secure.gravatar.com\\\/avatar\\\/869822917e96b2e292d5827e4635855396934485e7c4a0af84e9a214e32ca0cd?s=96&d=mm&r=g\",\"contentUrl\":\"https:\\\/\\\/secure.gravatar.com\\\/avatar\\\/869822917e96b2e292d5827e4635855396934485e7c4a0af84e9a214e32ca0cd?s=96&d=mm&r=g\",\"caption\":\"contato@revistaregional.com.br\"},\"url\":\"https:\\\/\\\/revistaregional.com.br\\\/site\\\/author\\\/contato@revistaregional.com.br\\\/\"}]}<\/script>\n<!-- \/ Yoast SEO plugin. -->","yoast_head_json":{"title":"Plaza Shopping faz concurso em homenagem a Itu - Revista Regional","robots":{"index":"index","follow":"follow","max-snippet":"max-snippet:-1","max-image-preview":"max-image-preview:large","max-video-preview":"max-video-preview:-1"},"canonical":"https:\/\/revistaregional.com.br\/site\/2013\/01\/09\/plaza-shopping-faz-concurso-em-homenagem-a-itu\/","og_locale":"pt_BR","og_type":"article","og_title":"Plaza Shopping faz concurso em homenagem a Itu - Revista Regional","og_description":"A campanha especial destacar\u00e1 fotos do patrim\u00f4nio hist\u00f3rico, natural ou cultural enviadas at\u00e9 o dia 15 de janeiro O Plaza Shopping Itu homenageia o anivers\u00e1rio de 403 anos da cidade de Itu com o \u201cConcurso Cultural As Belezas de Itu\u201d. O concurso especial, que contar\u00e1 com a participa\u00e7\u00e3o do p\u00fablico, vai eleger de uma a [&hellip;]","og_url":"https:\/\/revistaregional.com.br\/site\/2013\/01\/09\/plaza-shopping-faz-concurso-em-homenagem-a-itu\/","og_site_name":"Revista Regional","article_published_time":"2013-01-09T11:17:09+00:00","article_modified_time":"2024-01-26T12:57:40+00:00","og_image":[{"width":843,"height":403,"url":"https:\/\/revistaregional.com.br\/site\/wp-content\/uploads\/2013\/01\/site-plaza.jpg","type":"image\/jpeg"}],"author":"contato@revistaregional.com.br","twitter_card":"summary_large_image","twitter_misc":{"Escrito por":"contato@revistaregional.com.br","Est. tempo de leitura":"1 minuto"},"schema":{"@context":"https:\/\/schema.org","@graph":[{"@type":"Article","@id":"https:\/\/revistaregional.com.br\/site\/2013\/01\/09\/plaza-shopping-faz-concurso-em-homenagem-a-itu\/#article","isPartOf":{"@id":"https:\/\/revistaregional.com.br\/site\/2013\/01\/09\/plaza-shopping-faz-concurso-em-homenagem-a-itu\/"},"author":{"name":"contato@revistaregional.com.br","@id":"https:\/\/revistaregional.com.br\/site\/#\/schema\/person\/382af97c580dc1b18f55107bc316010d"},"headline":"Plaza Shopping faz concurso em homenagem a Itu","datePublished":"2013-01-09T11:17:09+00:00","dateModified":"2024-01-26T12:57:40+00:00","mainEntityOfPage":{"@id":"https:\/\/revistaregional.com.br\/site\/2013\/01\/09\/plaza-shopping-faz-concurso-em-homenagem-a-itu\/"},"wordCount":306,"commentCount":0,"image":{"@id":"https:\/\/revistaregional.com.br\/site\/2013\/01\/09\/plaza-shopping-faz-concurso-em-homenagem-a-itu\/#primaryimage"},"thumbnailUrl":"https:\/\/revistaregional.com.br\/site\/wp-content\/uploads\/2013\/01\/site-plaza.jpg","keywords":["Regionais"],"articleSection":["Regionais"],"inLanguage":"pt-BR","potentialAction":[{"@type":"CommentAction","name":"Comment","target":["https:\/\/revistaregional.com.br\/site\/2013\/01\/09\/plaza-shopping-faz-concurso-em-homenagem-a-itu\/#respond"]}]},{"@type":"WebPage","@id":"https:\/\/revistaregional.com.br\/site\/2013\/01\/09\/plaza-shopping-faz-concurso-em-homenagem-a-itu\/","url":"https:\/\/revistaregional.com.br\/site\/2013\/01\/09\/plaza-shopping-faz-concurso-em-homenagem-a-itu\/","name":"Plaza Shopping faz concurso em homenagem a Itu - Revista Regional","isPartOf":{"@id":"https:\/\/revistaregional.com.br\/site\/#website"},"primaryImageOfPage":{"@id":"https:\/\/revistaregional.com.br\/site\/2013\/01\/09\/plaza-shopping-faz-concurso-em-homenagem-a-itu\/#primaryimage"},"image":{"@id":"https:\/\/revistaregional.com.br\/site\/2013\/01\/09\/plaza-shopping-faz-concurso-em-homenagem-a-itu\/#primaryimage"},"thumbnailUrl":"https:\/\/revistaregional.com.br\/site\/wp-content\/uploads\/2013\/01\/site-plaza.jpg","datePublished":"2013-01-09T11:17:09+00:00","dateModified":"2024-01-26T12:57:40+00:00","author":{"@id":"https:\/\/revistaregional.com.br\/site\/#\/schema\/person\/382af97c580dc1b18f55107bc316010d"},"breadcrumb":{"@id":"https:\/\/revistaregional.com.br\/site\/2013\/01\/09\/plaza-shopping-faz-concurso-em-homenagem-a-itu\/#breadcrumb"},"inLanguage":"pt-BR","potentialAction":[{"@type":"ReadAction","target":["https:\/\/revistaregional.com.br\/site\/2013\/01\/09\/plaza-shopping-faz-concurso-em-homenagem-a-itu\/"]}]},{"@type":"ImageObject","inLanguage":"pt-BR","@id":"https:\/\/revistaregional.com.br\/site\/2013\/01\/09\/plaza-shopping-faz-concurso-em-homenagem-a-itu\/#primaryimage","url":"https:\/\/revistaregional.com.br\/site\/wp-content\/uploads\/2013\/01\/site-plaza.jpg","contentUrl":"https:\/\/revistaregional.com.br\/site\/wp-content\/uploads\/2013\/01\/site-plaza.jpg","width":"843","height":"403","caption":"Campanha do Plaza que homenageia a cidade de Itu com fotos"},{"@type":"BreadcrumbList","@id":"https:\/\/revistaregional.com.br\/site\/2013\/01\/09\/plaza-shopping-faz-concurso-em-homenagem-a-itu\/#breadcrumb","itemListElement":[{"@type":"ListItem","position":1,"name":"In\u00edcio","item":"https:\/\/revistaregional.com.br\/site\/"},{"@type":"ListItem","position":2,"name":"Plaza Shopping faz concurso em homenagem a Itu"}]},{"@type":"WebSite","@id":"https:\/\/revistaregional.com.br\/site\/#website","url":"https:\/\/revistaregional.com.br\/site\/","name":"Revista Regional","description":"Salto - Itu - Indaituba","potentialAction":[{"@type":"SearchAction","target":{"@type":"EntryPoint","urlTemplate":"https:\/\/revistaregional.com.br\/site\/?s={search_term_string}"},"query-input":{"@type":"PropertyValueSpecification","valueRequired":true,"valueName":"search_term_string"}}],"inLanguage":"pt-BR"},{"@type":"Person","@id":"https:\/\/revistaregional.com.br\/site\/#\/schema\/person\/382af97c580dc1b18f55107bc316010d","name":"contato@revistaregional.com.br","image":{"@type":"ImageObject","inLanguage":"pt-BR","@id":"https:\/\/secure.gravatar.com\/avatar\/869822917e96b2e292d5827e4635855396934485e7c4a0af84e9a214e32ca0cd?s=96&d=mm&r=g","url":"https:\/\/secure.gravatar.com\/avatar\/869822917e96b2e292d5827e4635855396934485e7c4a0af84e9a214e32ca0cd?s=96&d=mm&r=g","contentUrl":"https:\/\/secure.gravatar.com\/avatar\/869822917e96b2e292d5827e4635855396934485e7c4a0af84e9a214e32ca0cd?s=96&d=mm&r=g","caption":"contato@revistaregional.com.br"},"url":"https:\/\/revistaregional.com.br\/site\/author\/contato@revistaregional.com.br\/"}]}},"views":79,"_links":{"self":[{"href":"https:\/\/revistaregional.com.br\/site\/wp-json\/wp\/v2\/posts\/4222","targetHints":{"allow":["GET"]}}],"collection":[{"href":"https:\/\/revistaregional.com.br\/site\/wp-json\/wp\/v2\/posts"}],"about":[{"href":"https:\/\/revistaregional.com.br\/site\/wp-json\/wp\/v2\/types\/post"}],"author":[{"embeddable":true,"href":"https:\/\/revistaregional.com.br\/site\/wp-json\/wp\/v2\/users\/1"}],"replies":[{"embeddable":true,"href":"https:\/\/revistaregional.com.br\/site\/wp-json\/wp\/v2\/comments?post=4222"}],"version-history":[{"count":2,"href":"https:\/\/revistaregional.com.br\/site\/wp-json\/wp\/v2\/posts\/4222\/revisions"}],"predecessor-version":[{"id":4225,"href":"https:\/\/revistaregional.com.br\/site\/wp-json\/wp\/v2\/posts\/4222\/revisions\/4225"}],"wp:featuredmedia":[{"embeddable":true,"href":"https:\/\/revistaregional.com.br\/site\/wp-json\/wp\/v2\/media\/4223"}],"wp:attachment":[{"href":"https:\/\/revistaregional.com.br\/site\/wp-json\/wp\/v2\/media?parent=4222"}],"wp:term":[{"taxonomy":"category","embeddable":true,"href":"https:\/\/revistaregional.com.br\/site\/wp-json\/wp\/v2\/categories?post=4222"},{"taxonomy":"post_tag","embeddable":true,"href":"https:\/\/revistaregional.com.br\/site\/wp-json\/wp\/v2\/tags?post=4222"}],"curies":[{"name":"wp","href":"https:\/\/api.w.org\/{rel}","templated":true}]}}