{"id":4158,"date":"2012-12-27T08:25:48","date_gmt":"2012-12-27T11:25:48","guid":{"rendered":"http:\/\/revistaregional.com.br\/site\/?p=4158"},"modified":"2024-01-26T09:21:32","modified_gmt":"2024-01-26T12:21:32","slug":"os-10-mandamentos-do-verao","status":"publish","type":"post","link":"https:\/\/revistaregional.com.br\/site\/2012\/12\/27\/os-10-mandamentos-do-verao\/","title":{"rendered":"Os 10 mandamentos do ver\u00e3o"},"content":{"rendered":"<figure id=\"attachment_4159\" aria-describedby=\"caption-attachment-4159\" style=\"width: 256px\" class=\"wp-caption alignleft\"><a href=\"http:\/\/revistaregional.com.br\/site\/wp-content\/uploads\/2012\/12\/site-10-mandamentos-ver\u00e3o.jpg\" rel=\"attachment wp-att-4159\"><img fetchpriority=\"high\" decoding=\"async\" class=\"wp-image-4159 \" src=\"http:\/\/revistaregional.com.br\/site\/wp-content\/uploads\/2012\/12\/site-10-mandamentos-ver\u00e3o.jpg\" alt=\"\" width=\"256\" height=\"384\" srcset=\"https:\/\/revistaregional.com.br\/site\/wp-content\/uploads\/2012\/12\/site-10-mandamentos-ver\u00e3o.jpg 427w, https:\/\/revistaregional.com.br\/site\/wp-content\/uploads\/2012\/12\/site-10-mandamentos-ver\u00e3o-200x300.jpg 200w\" sizes=\"(max-width: 256px) 100vw, 256px\" \/><\/a><figcaption id=\"caption-attachment-4159\" class=\"wp-caption-text\">A esta\u00e7\u00e3o mais quente do ano exige cuidados especiais, como uso de \u00f3culos escuros, chap\u00e9us e do protetor solar<\/figcaption><\/figure>\n<p>A Revista Regional pediu \u00e0 dermatologista Isabel Cristina Coelho que criasse uma lista com os dez mandamentos para proteger a pele e o corpo durante este ver\u00e3o. Confira:<\/p>\n<p>1 \u2013 Proteja sua pele do excesso de sol, use fotoprotetor di\u00e1rio adequado ao seu tipo de pele. Quando for expor-se diretamente ao sol, redobre os cuidados.<\/p>\n<p>2 \u2013 Se estiver fazendo tratamento para a sua pele, converse com seu dermatologista se pode mant\u00ea-lo durante o ver\u00e3o.<\/p>\n<p>3 \u2013 Evite a exposi\u00e7\u00e3o entre 11h e 16h.<\/p>\n<p>4 \u2013 Use \u00f3culos, roupas e prote\u00e7\u00e3o adequados.<\/p>\n<p>5 \u2013 Hidrate seu corpo e sua pele.<\/p>\n<p>6 \u2013 Mantenha uma alimenta\u00e7\u00e3o leve, adequada, \u00e0 base de frutas e verduras que fazem muito bem \u00e0 sua pele.<\/p>\n<p>7 \u2013 Mantenha atividade f\u00edsica, e se voc\u00ea gosta de faz\u00ea-la ao ar livre, aproveite o ver\u00e3o, apenas tome cuidado com o hor\u00e1rio adequado.<\/p>\n<p>8 \u2013 Cuidado redobrado com a higiene da pele e, principalmente, dos p\u00e9s para evitar as micoses de ver\u00e3o. Use -tanto na praia ou piscinas- chinelos e tamb\u00e9m toalhas nas cadeiras de praia.<\/p>\n<p>9 \u2013 Evite contato com frutas como lim\u00e3o, figo, entre outras, e mesmo o uso de perfumes e maquiagem quando estiver exposta ao sol para evitar o aparecimento de manchas. O uso de alguns medicamentos orais tamb\u00e9m deve ser evitado quando na exposi\u00e7\u00e3o solar.<\/p>\n<p>10 &#8211; Lembre-se de que o excesso de sol pode causar tanto o envelhecimento precoce como o c\u00e2ncer de pele, portanto previna-se e aproveite o ver\u00e3o!<\/p>\n<p><strong>\u00a0<\/strong><strong>Sol faz bem, mas com prote\u00e7\u00e3o<\/strong><\/p>\n<p>O sol faz bem e todo brasileiro adora. Embora ele tenha virado o vil\u00e3o dos \u00faltimos tempos por conta do aumento dos casos de c\u00e2ncer de pele, vale lembrar que o astro rei estimula a forma\u00e7\u00e3o de vitamina D, essencial para o fortalecimento dos ossos e ajuda na produ\u00e7\u00e3o de endorfina, subst\u00e2ncia que garante aquela deliciosa sensa\u00e7\u00e3o de bem-estar que surge principalmente nos dias claros de ver\u00e3o!<\/p>\n<p>Mas como aproveitar a nova esta\u00e7\u00e3o sem sofrer terr\u00edveis danos \u00e0 sa\u00fade? A dermatologista ituana Isabel Cristina Coelho lembra que as precau\u00e7\u00f5es devem ser em dobro nesta \u00e9poca do ano, j\u00e1 que no ver\u00e3o a incid\u00eancia de raios solares \u00e9 maior e tamb\u00e9m num per\u00edodo maior de tempo. Al\u00e9m disso, tem o hor\u00e1rio de ver\u00e3o e as f\u00e9rias, quando as pessoas se exp\u00f5em bem mais a radia\u00e7\u00e3o. \u201cO primeiro e mais importante cuidado deve ser o uso do fotoprotetor di\u00e1rio, mesmo para quem n\u00e3o v\u00e1 ficar exposto diretamente ao sol\u201d, afirma a m\u00e9dica. Esse protetor, segundo ela, deve ser passado logo pela manh\u00e3 em todas as \u00e1reas do corpo que n\u00e3o estar\u00e3o protegidas pela roupa, deve ser adequado ao tipo de pele e ao fototipo (quanto mais clara for a pessoa, maior deve ser o FPS do protetor solar). A recomenda\u00e7\u00e3o \u00e9 de que o mesmo seja repassado durante o dia.<\/p>\n<p>\u201cAl\u00e9m do protetor di\u00e1rio, quando as pessoas forem expor-se diretamente ao sol, devem usar um protetor solar FPS de pelo menos 30, o qual deve ser usado pelo menos 30 minutos antes de sair ao sol\u201d, acrescenta Isabel. S\u00e3o necess\u00e1rios tamb\u00e9m \u00f3culos escuros, chap\u00e9us ou bon\u00e9s e roupas que protejam do sol, al\u00e9m do velho guarda-sol. Para aqueles que gostam de uma piscina ou praia, a dermatologista ressalta que neste per\u00edodo do ano, a exposi\u00e7\u00e3o ao sol pode ser no m\u00e1ximo at\u00e9 as 11h ou ap\u00f3s as 16h. \u201cAp\u00f3s a exposi\u00e7\u00e3o solar, o banho deve ser r\u00e1pido com \u00e1gua morna ou fria, com pouco sabonete para n\u00e3o agredir ainda mais a pele. Tamb\u00e9m deve ser usado um hidratante adequado\u201d, completa.<\/p>\n<p>Olhos, cabelos e unhas<\/p>\n<p>Os olhos tamb\u00e9m sofrem com a a\u00e7\u00e3o dos raios ultravioletas do sol, que podem levar at\u00e9 a catarata. Para isso, os especialistas recomendam o uso de \u00f3culos de sol adequados, com lentes que contenham prote\u00e7\u00e3o ultravioleta \u2013 necess\u00e1rios e extremamente importantes. \u201cN\u00e3o arrisque seus olhos com o uso de \u00f3culos de sol falsificados que n\u00e3o proteger\u00e3o seus olhos\u201d, alerta a m\u00e9dica.<\/p>\n<p>Os excessos de sol, cloro e \u00e1gua do mar podem ressecar e danificar os cabelos, da\u00ed a import\u00e2ncia do uso de chap\u00e9us para prote\u00e7\u00e3o. A dermatologista Isabel Cristina Coelho recomenda tamb\u00e9m outros cuidados simples, como, por exemplo, lavar imediatamente os cabelos e hidrat\u00e1-los assim que sair da piscina ou do mar.<\/p>\n<p>As unhas, assim como os cabelos, tamb\u00e9m s\u00e3o prote\u00ednas que o organismo produz e a \u00e1gua da piscina pode ressec\u00e1-las. O contato com o iodo presente na \u00e1gua do mar, segundo Isabel, pode conferir \u00e0 unha uma tonalidade amarelada, principalmente com algumas cores de esmalte.<\/p>\n<p><em>\u00a0texto Renato Lima<\/em><\/p>\n<p><em>foto Microfoto<\/em><\/p>\n","protected":false},"excerpt":{"rendered":"<p>A Revista Regional pediu \u00e0 dermatologista Isabel Cristina Coelho que criasse uma lista com os dez mandamentos para proteger a pele e o corpo durante este ver\u00e3o. Confira: 1 \u2013 Proteja sua pele do excesso de sol, use fotoprotetor di\u00e1rio adequado ao seu tipo de pele. Quando for expor-se diretamente ao sol, redobre os cuidados. [&hellip;]<\/p>\n","protected":false},"author":1,"featured_media":4163,"comment_status":"open","ping_status":"open","sticky":false,"template":"","format":"standard","meta":{"_acf_changed":false,"ngg_post_thumbnail":0,"_joinchat":[],"footnotes":""},"categories":[8],"tags":[525],"class_list":["post-4158","post","type-post","status-publish","format-standard","has-post-thumbnail","hentry","category-saude-e-beleza","tag-saude-e-beleza"],"acf":[],"yoast_head":"<!-- This site is optimized with the Yoast SEO plugin v27.4 - https:\/\/yoast.com\/product\/yoast-seo-wordpress\/ -->\n<title>Os 10 mandamentos do ver\u00e3o - Revista Regional<\/title>\n<meta name=\"robots\" content=\"index, follow, max-snippet:-1, max-image-preview:large, max-video-preview:-1\" \/>\n<link rel=\"canonical\" href=\"https:\/\/revistaregional.com.br\/site\/2012\/12\/27\/os-10-mandamentos-do-verao\/\" \/>\n<meta property=\"og:locale\" content=\"pt_BR\" \/>\n<meta property=\"og:type\" content=\"article\" \/>\n<meta property=\"og:title\" content=\"Os 10 mandamentos do ver\u00e3o - Revista Regional\" \/>\n<meta property=\"og:description\" content=\"A Revista Regional pediu \u00e0 dermatologista Isabel Cristina Coelho que criasse uma lista com os dez mandamentos para proteger a pele e o corpo durante este ver\u00e3o. Confira: 1 \u2013 Proteja sua pele do excesso de sol, use fotoprotetor di\u00e1rio adequado ao seu tipo de pele. Quando for expor-se diretamente ao sol, redobre os cuidados. [&hellip;]\" \/>\n<meta property=\"og:url\" content=\"https:\/\/revistaregional.com.br\/site\/2012\/12\/27\/os-10-mandamentos-do-verao\/\" \/>\n<meta property=\"og:site_name\" content=\"Revista Regional\" \/>\n<meta property=\"article:published_time\" content=\"2012-12-27T11:25:48+00:00\" \/>\n<meta property=\"article:modified_time\" content=\"2024-01-26T12:21:32+00:00\" \/>\n<meta property=\"og:image\" content=\"https:\/\/revistaregional.com.br\/site\/wp-content\/uploads\/2012\/12\/site-10-mandamentos-ver\u00e3o1.jpg\" \/>\n\t<meta property=\"og:image:width\" content=\"427\" \/>\n\t<meta property=\"og:image:height\" content=\"294\" \/>\n\t<meta property=\"og:image:type\" content=\"image\/jpeg\" \/>\n<meta name=\"author\" content=\"contato@revistaregional.com.br\" \/>\n<meta name=\"twitter:card\" content=\"summary_large_image\" \/>\n<meta name=\"twitter:label1\" content=\"Escrito por\" \/>\n\t<meta name=\"twitter:data1\" content=\"contato@revistaregional.com.br\" \/>\n\t<meta name=\"twitter:label2\" content=\"Est. tempo de leitura\" \/>\n\t<meta name=\"twitter:data2\" content=\"4 minutos\" \/>\n<script type=\"application\/ld+json\" class=\"yoast-schema-graph\">{\"@context\":\"https:\\\/\\\/schema.org\",\"@graph\":[{\"@type\":\"Article\",\"@id\":\"https:\\\/\\\/revistaregional.com.br\\\/site\\\/2012\\\/12\\\/27\\\/os-10-mandamentos-do-verao\\\/#article\",\"isPartOf\":{\"@id\":\"https:\\\/\\\/revistaregional.com.br\\\/site\\\/2012\\\/12\\\/27\\\/os-10-mandamentos-do-verao\\\/\"},\"author\":{\"name\":\"contato@revistaregional.com.br\",\"@id\":\"https:\\\/\\\/revistaregional.com.br\\\/site\\\/#\\\/schema\\\/person\\\/382af97c580dc1b18f55107bc316010d\"},\"headline\":\"Os 10 mandamentos do ver\u00e3o\",\"datePublished\":\"2012-12-27T11:25:48+00:00\",\"dateModified\":\"2024-01-26T12:21:32+00:00\",\"mainEntityOfPage\":{\"@id\":\"https:\\\/\\\/revistaregional.com.br\\\/site\\\/2012\\\/12\\\/27\\\/os-10-mandamentos-do-verao\\\/\"},\"wordCount\":842,\"commentCount\":0,\"image\":{\"@id\":\"https:\\\/\\\/revistaregional.com.br\\\/site\\\/2012\\\/12\\\/27\\\/os-10-mandamentos-do-verao\\\/#primaryimage\"},\"thumbnailUrl\":\"https:\\\/\\\/revistaregional.com.br\\\/site\\\/wp-content\\\/uploads\\\/2012\\\/12\\\/site-10-mandamentos-ver\u00e3o1.jpg\",\"keywords\":[\"Sa\u00fade e Beleza\"],\"articleSection\":[\"Sa\u00fade e Beleza\"],\"inLanguage\":\"pt-BR\",\"potentialAction\":[{\"@type\":\"CommentAction\",\"name\":\"Comment\",\"target\":[\"https:\\\/\\\/revistaregional.com.br\\\/site\\\/2012\\\/12\\\/27\\\/os-10-mandamentos-do-verao\\\/#respond\"]}]},{\"@type\":\"WebPage\",\"@id\":\"https:\\\/\\\/revistaregional.com.br\\\/site\\\/2012\\\/12\\\/27\\\/os-10-mandamentos-do-verao\\\/\",\"url\":\"https:\\\/\\\/revistaregional.com.br\\\/site\\\/2012\\\/12\\\/27\\\/os-10-mandamentos-do-verao\\\/\",\"name\":\"Os 10 mandamentos do ver\u00e3o - Revista Regional\",\"isPartOf\":{\"@id\":\"https:\\\/\\\/revistaregional.com.br\\\/site\\\/#website\"},\"primaryImageOfPage\":{\"@id\":\"https:\\\/\\\/revistaregional.com.br\\\/site\\\/2012\\\/12\\\/27\\\/os-10-mandamentos-do-verao\\\/#primaryimage\"},\"image\":{\"@id\":\"https:\\\/\\\/revistaregional.com.br\\\/site\\\/2012\\\/12\\\/27\\\/os-10-mandamentos-do-verao\\\/#primaryimage\"},\"thumbnailUrl\":\"https:\\\/\\\/revistaregional.com.br\\\/site\\\/wp-content\\\/uploads\\\/2012\\\/12\\\/site-10-mandamentos-ver\u00e3o1.jpg\",\"datePublished\":\"2012-12-27T11:25:48+00:00\",\"dateModified\":\"2024-01-26T12:21:32+00:00\",\"author\":{\"@id\":\"https:\\\/\\\/revistaregional.com.br\\\/site\\\/#\\\/schema\\\/person\\\/382af97c580dc1b18f55107bc316010d\"},\"breadcrumb\":{\"@id\":\"https:\\\/\\\/revistaregional.com.br\\\/site\\\/2012\\\/12\\\/27\\\/os-10-mandamentos-do-verao\\\/#breadcrumb\"},\"inLanguage\":\"pt-BR\",\"potentialAction\":[{\"@type\":\"ReadAction\",\"target\":[\"https:\\\/\\\/revistaregional.com.br\\\/site\\\/2012\\\/12\\\/27\\\/os-10-mandamentos-do-verao\\\/\"]}]},{\"@type\":\"ImageObject\",\"inLanguage\":\"pt-BR\",\"@id\":\"https:\\\/\\\/revistaregional.com.br\\\/site\\\/2012\\\/12\\\/27\\\/os-10-mandamentos-do-verao\\\/#primaryimage\",\"url\":\"https:\\\/\\\/revistaregional.com.br\\\/site\\\/wp-content\\\/uploads\\\/2012\\\/12\\\/site-10-mandamentos-ver\u00e3o1.jpg\",\"contentUrl\":\"https:\\\/\\\/revistaregional.com.br\\\/site\\\/wp-content\\\/uploads\\\/2012\\\/12\\\/site-10-mandamentos-ver\u00e3o1.jpg\",\"width\":\"427\",\"height\":\"294\"},{\"@type\":\"BreadcrumbList\",\"@id\":\"https:\\\/\\\/revistaregional.com.br\\\/site\\\/2012\\\/12\\\/27\\\/os-10-mandamentos-do-verao\\\/#breadcrumb\",\"itemListElement\":[{\"@type\":\"ListItem\",\"position\":1,\"name\":\"In\u00edcio\",\"item\":\"https:\\\/\\\/revistaregional.com.br\\\/site\\\/\"},{\"@type\":\"ListItem\",\"position\":2,\"name\":\"Os 10 mandamentos do ver\u00e3o\"}]},{\"@type\":\"WebSite\",\"@id\":\"https:\\\/\\\/revistaregional.com.br\\\/site\\\/#website\",\"url\":\"https:\\\/\\\/revistaregional.com.br\\\/site\\\/\",\"name\":\"Revista Regional\",\"description\":\"Salto - Itu - Indaituba\",\"potentialAction\":[{\"@type\":\"SearchAction\",\"target\":{\"@type\":\"EntryPoint\",\"urlTemplate\":\"https:\\\/\\\/revistaregional.com.br\\\/site\\\/?s={search_term_string}\"},\"query-input\":{\"@type\":\"PropertyValueSpecification\",\"valueRequired\":true,\"valueName\":\"search_term_string\"}}],\"inLanguage\":\"pt-BR\"},{\"@type\":\"Person\",\"@id\":\"https:\\\/\\\/revistaregional.com.br\\\/site\\\/#\\\/schema\\\/person\\\/382af97c580dc1b18f55107bc316010d\",\"name\":\"contato@revistaregional.com.br\",\"image\":{\"@type\":\"ImageObject\",\"inLanguage\":\"pt-BR\",\"@id\":\"https:\\\/\\\/secure.gravatar.com\\\/avatar\\\/869822917e96b2e292d5827e4635855396934485e7c4a0af84e9a214e32ca0cd?s=96&d=mm&r=g\",\"url\":\"https:\\\/\\\/secure.gravatar.com\\\/avatar\\\/869822917e96b2e292d5827e4635855396934485e7c4a0af84e9a214e32ca0cd?s=96&d=mm&r=g\",\"contentUrl\":\"https:\\\/\\\/secure.gravatar.com\\\/avatar\\\/869822917e96b2e292d5827e4635855396934485e7c4a0af84e9a214e32ca0cd?s=96&d=mm&r=g\",\"caption\":\"contato@revistaregional.com.br\"},\"url\":\"https:\\\/\\\/revistaregional.com.br\\\/site\\\/author\\\/contato@revistaregional.com.br\\\/\"}]}<\/script>\n<!-- \/ Yoast SEO plugin. -->","yoast_head_json":{"title":"Os 10 mandamentos do ver\u00e3o - Revista Regional","robots":{"index":"index","follow":"follow","max-snippet":"max-snippet:-1","max-image-preview":"max-image-preview:large","max-video-preview":"max-video-preview:-1"},"canonical":"https:\/\/revistaregional.com.br\/site\/2012\/12\/27\/os-10-mandamentos-do-verao\/","og_locale":"pt_BR","og_type":"article","og_title":"Os 10 mandamentos do ver\u00e3o - Revista Regional","og_description":"A Revista Regional pediu \u00e0 dermatologista Isabel Cristina Coelho que criasse uma lista com os dez mandamentos para proteger a pele e o corpo durante este ver\u00e3o. Confira: 1 \u2013 Proteja sua pele do excesso de sol, use fotoprotetor di\u00e1rio adequado ao seu tipo de pele. Quando for expor-se diretamente ao sol, redobre os cuidados. [&hellip;]","og_url":"https:\/\/revistaregional.com.br\/site\/2012\/12\/27\/os-10-mandamentos-do-verao\/","og_site_name":"Revista Regional","article_published_time":"2012-12-27T11:25:48+00:00","article_modified_time":"2024-01-26T12:21:32+00:00","og_image":[{"width":427,"height":294,"url":"https:\/\/revistaregional.com.br\/site\/wp-content\/uploads\/2012\/12\/site-10-mandamentos-ver\u00e3o1.jpg","type":"image\/jpeg"}],"author":"contato@revistaregional.com.br","twitter_card":"summary_large_image","twitter_misc":{"Escrito por":"contato@revistaregional.com.br","Est. tempo de leitura":"4 minutos"},"schema":{"@context":"https:\/\/schema.org","@graph":[{"@type":"Article","@id":"https:\/\/revistaregional.com.br\/site\/2012\/12\/27\/os-10-mandamentos-do-verao\/#article","isPartOf":{"@id":"https:\/\/revistaregional.com.br\/site\/2012\/12\/27\/os-10-mandamentos-do-verao\/"},"author":{"name":"contato@revistaregional.com.br","@id":"https:\/\/revistaregional.com.br\/site\/#\/schema\/person\/382af97c580dc1b18f55107bc316010d"},"headline":"Os 10 mandamentos do ver\u00e3o","datePublished":"2012-12-27T11:25:48+00:00","dateModified":"2024-01-26T12:21:32+00:00","mainEntityOfPage":{"@id":"https:\/\/revistaregional.com.br\/site\/2012\/12\/27\/os-10-mandamentos-do-verao\/"},"wordCount":842,"commentCount":0,"image":{"@id":"https:\/\/revistaregional.com.br\/site\/2012\/12\/27\/os-10-mandamentos-do-verao\/#primaryimage"},"thumbnailUrl":"https:\/\/revistaregional.com.br\/site\/wp-content\/uploads\/2012\/12\/site-10-mandamentos-ver\u00e3o1.jpg","keywords":["Sa\u00fade e Beleza"],"articleSection":["Sa\u00fade e Beleza"],"inLanguage":"pt-BR","potentialAction":[{"@type":"CommentAction","name":"Comment","target":["https:\/\/revistaregional.com.br\/site\/2012\/12\/27\/os-10-mandamentos-do-verao\/#respond"]}]},{"@type":"WebPage","@id":"https:\/\/revistaregional.com.br\/site\/2012\/12\/27\/os-10-mandamentos-do-verao\/","url":"https:\/\/revistaregional.com.br\/site\/2012\/12\/27\/os-10-mandamentos-do-verao\/","name":"Os 10 mandamentos do ver\u00e3o - Revista Regional","isPartOf":{"@id":"https:\/\/revistaregional.com.br\/site\/#website"},"primaryImageOfPage":{"@id":"https:\/\/revistaregional.com.br\/site\/2012\/12\/27\/os-10-mandamentos-do-verao\/#primaryimage"},"image":{"@id":"https:\/\/revistaregional.com.br\/site\/2012\/12\/27\/os-10-mandamentos-do-verao\/#primaryimage"},"thumbnailUrl":"https:\/\/revistaregional.com.br\/site\/wp-content\/uploads\/2012\/12\/site-10-mandamentos-ver\u00e3o1.jpg","datePublished":"2012-12-27T11:25:48+00:00","dateModified":"2024-01-26T12:21:32+00:00","author":{"@id":"https:\/\/revistaregional.com.br\/site\/#\/schema\/person\/382af97c580dc1b18f55107bc316010d"},"breadcrumb":{"@id":"https:\/\/revistaregional.com.br\/site\/2012\/12\/27\/os-10-mandamentos-do-verao\/#breadcrumb"},"inLanguage":"pt-BR","potentialAction":[{"@type":"ReadAction","target":["https:\/\/revistaregional.com.br\/site\/2012\/12\/27\/os-10-mandamentos-do-verao\/"]}]},{"@type":"ImageObject","inLanguage":"pt-BR","@id":"https:\/\/revistaregional.com.br\/site\/2012\/12\/27\/os-10-mandamentos-do-verao\/#primaryimage","url":"https:\/\/revistaregional.com.br\/site\/wp-content\/uploads\/2012\/12\/site-10-mandamentos-ver\u00e3o1.jpg","contentUrl":"https:\/\/revistaregional.com.br\/site\/wp-content\/uploads\/2012\/12\/site-10-mandamentos-ver\u00e3o1.jpg","width":"427","height":"294"},{"@type":"BreadcrumbList","@id":"https:\/\/revistaregional.com.br\/site\/2012\/12\/27\/os-10-mandamentos-do-verao\/#breadcrumb","itemListElement":[{"@type":"ListItem","position":1,"name":"In\u00edcio","item":"https:\/\/revistaregional.com.br\/site\/"},{"@type":"ListItem","position":2,"name":"Os 10 mandamentos do ver\u00e3o"}]},{"@type":"WebSite","@id":"https:\/\/revistaregional.com.br\/site\/#website","url":"https:\/\/revistaregional.com.br\/site\/","name":"Revista Regional","description":"Salto - Itu - Indaituba","potentialAction":[{"@type":"SearchAction","target":{"@type":"EntryPoint","urlTemplate":"https:\/\/revistaregional.com.br\/site\/?s={search_term_string}"},"query-input":{"@type":"PropertyValueSpecification","valueRequired":true,"valueName":"search_term_string"}}],"inLanguage":"pt-BR"},{"@type":"Person","@id":"https:\/\/revistaregional.com.br\/site\/#\/schema\/person\/382af97c580dc1b18f55107bc316010d","name":"contato@revistaregional.com.br","image":{"@type":"ImageObject","inLanguage":"pt-BR","@id":"https:\/\/secure.gravatar.com\/avatar\/869822917e96b2e292d5827e4635855396934485e7c4a0af84e9a214e32ca0cd?s=96&d=mm&r=g","url":"https:\/\/secure.gravatar.com\/avatar\/869822917e96b2e292d5827e4635855396934485e7c4a0af84e9a214e32ca0cd?s=96&d=mm&r=g","contentUrl":"https:\/\/secure.gravatar.com\/avatar\/869822917e96b2e292d5827e4635855396934485e7c4a0af84e9a214e32ca0cd?s=96&d=mm&r=g","caption":"contato@revistaregional.com.br"},"url":"https:\/\/revistaregional.com.br\/site\/author\/contato@revistaregional.com.br\/"}]}},"views":97,"_links":{"self":[{"href":"https:\/\/revistaregional.com.br\/site\/wp-json\/wp\/v2\/posts\/4158","targetHints":{"allow":["GET"]}}],"collection":[{"href":"https:\/\/revistaregional.com.br\/site\/wp-json\/wp\/v2\/posts"}],"about":[{"href":"https:\/\/revistaregional.com.br\/site\/wp-json\/wp\/v2\/types\/post"}],"author":[{"embeddable":true,"href":"https:\/\/revistaregional.com.br\/site\/wp-json\/wp\/v2\/users\/1"}],"replies":[{"embeddable":true,"href":"https:\/\/revistaregional.com.br\/site\/wp-json\/wp\/v2\/comments?post=4158"}],"version-history":[{"count":4,"href":"https:\/\/revistaregional.com.br\/site\/wp-json\/wp\/v2\/posts\/4158\/revisions"}],"predecessor-version":[{"id":4162,"href":"https:\/\/revistaregional.com.br\/site\/wp-json\/wp\/v2\/posts\/4158\/revisions\/4162"}],"wp:featuredmedia":[{"embeddable":true,"href":"https:\/\/revistaregional.com.br\/site\/wp-json\/wp\/v2\/media\/4163"}],"wp:attachment":[{"href":"https:\/\/revistaregional.com.br\/site\/wp-json\/wp\/v2\/media?parent=4158"}],"wp:term":[{"taxonomy":"category","embeddable":true,"href":"https:\/\/revistaregional.com.br\/site\/wp-json\/wp\/v2\/categories?post=4158"},{"taxonomy":"post_tag","embeddable":true,"href":"https:\/\/revistaregional.com.br\/site\/wp-json\/wp\/v2\/tags?post=4158"}],"curies":[{"name":"wp","href":"https:\/\/api.w.org\/{rel}","templated":true}]}}