{"id":4017,"date":"2012-12-05T12:37:22","date_gmt":"2012-12-05T15:37:22","guid":{"rendered":"http:\/\/revistaregional.com.br\/site\/?p=4017"},"modified":"2024-01-26T10:55:13","modified_gmt":"2024-01-26T13:55:13","slug":"vozes-de-itu-faz-peregrinacao-de-natal","status":"publish","type":"post","link":"https:\/\/revistaregional.com.br\/site\/2012\/12\/05\/vozes-de-itu-faz-peregrinacao-de-natal\/","title":{"rendered":"\u2018Vozes de Itu\u2019 faz peregrina\u00e7\u00e3o de Natal"},"content":{"rendered":"<figure id=\"attachment_4018\" aria-describedby=\"caption-attachment-4018\" style=\"width: 288px\" class=\"wp-caption aligncenter\"><a href=\"http:\/\/revistaregional.com.br\/site\/wp-content\/uploads\/2012\/12\/NATAL-RELIGIAO.jpg\" rel=\"attachment wp-att-4018\"><img fetchpriority=\"high\" decoding=\"async\" class=\" wp-image-4018 \" src=\"http:\/\/revistaregional.com.br\/site\/wp-content\/uploads\/2012\/12\/NATAL-RELIGIAO.jpg\" alt=\"\" width=\"288\" height=\"304\" srcset=\"https:\/\/revistaregional.com.br\/site\/wp-content\/uploads\/2012\/12\/NATAL-RELIGIAO.jpg 480w, https:\/\/revistaregional.com.br\/site\/wp-content\/uploads\/2012\/12\/NATAL-RELIGIAO-284x300.jpg 284w\" sizes=\"(max-width: 288px) 100vw, 288px\" \/><\/a><figcaption id=\"caption-attachment-4018\" class=\"wp-caption-text\">A tem\u00e1tica natalina se faz presente nos eventos de fim de ano do Coral Vozes de Itu<\/figcaption><\/figure>\n<p>O Coral Vozes de Itu realizar\u00e1 nos dias 08 e 09 de dezembro eventos de tem\u00e1tica natalina, tradicionais em sua programa\u00e7\u00e3o, numa realiza\u00e7\u00e3o conjunta do grupo em parceria com o Museu da M\u00fasica \u2013 Itu, Instituto Cultural de Itu e Secretaria Municipal de Cultura da cidade. Desde 1975, o coral realiza a Peregrina\u00e7\u00e3o de Natal, passando por igrejas, asilos e comunidades de Itu, cantando m\u00fasicas tradicionais de Natal, europeias e brasileiras.<\/p>\n<p>Nesta 37\u00aa Peregrina\u00e7\u00e3o o coral estar\u00e1:<\/p>\n<p>Dia 08 de dezembro (s\u00e1bado)<\/p>\n<p>16h \u2013 Asilo da Vila Vicentina<\/p>\n<p>16h30\u00a0 \u2013 Asilo de Mendicidade N. Sra. Candel\u00e1ria<\/p>\n<p>17h20 &#8211;\u00a0 Conventinho N. Sra. das Merc\u00eas<\/p>\n<p>18h20 \u2013 Par\u00f3quia S\u00e3o Jos\u00e9 (Vila S\u00e3o Jos\u00e9)<\/p>\n<p>18h50 \u2013 Par\u00f3quia S\u00e3o Judas Tadeu (Rancho Grande)<\/p>\n<p>Dia 09 de dezembro (domingo)<\/p>\n<p>9h20 \u2013 Par\u00f3quia S\u00e3o Jo\u00e3o Baptista (Parque Industrial)<\/p>\n<p>10h15 \u2013 Museu Republicano Conven\u00e7\u00e3o de Itu<\/p>\n<p>\u00c0s 11h \u2013 Concerto Can\u00e7\u00f5es Natalinas na Par\u00f3quia N. Sra. Candel\u00e1ria<\/p>\n<p>No concerto, que ser\u00e1 realizado no Sal\u00e3o Paroquial da Igreja Matriz N. Sra. Candel\u00e1ria logo ap\u00f3s a missa das 10h, o Vozes de Itu apresentar\u00e1 um programa de m\u00fasicas compostas para o Natal desde o per\u00edodo do Renascimento at\u00e9 o s\u00e9culo XX, na Europa e no Brasil.<\/p>\n<p>Dia 15 de dezembro realizar\u00e1, na Igreja do Bom Jesus, a partir das 19h30, o evento Cancioneiro do Menino Deus.<\/p>\n<p>Todas as apresenta\u00e7\u00f5es t\u00eam entrada franca.<\/p>\n<p><strong>O Coral<\/strong><\/p>\n<p>O Vozes de Itu foi criado em 1965 e tem se dedicado \u00e0 manuten\u00e7\u00e3o do canto coral de diversos g\u00eaneros em Itu e regi\u00e3o. Destaca-se o repert\u00f3rio de m\u00fasica sacra e popular brasileira, que vem marcando os \u00faltimos quinze anos de atividade da entidade. O grupo tem por regente Lu\u00eds Roberto de Francisco e \u00e9 mantido pela Associa\u00e7\u00e3o Cultural Vozes de Itu, que tem por presidente Jos\u00e9 Carlos Safi, e conta com\u00a0 apoio cultural de Bar do Alem\u00e3o, Cer\u00e2mica Sagrado Cora\u00e7\u00e3o de Jesus, Col\u00e9gio Almeida J\u00fanior, Concession\u00e1ria Ferretti, Gaplan, Faculdade de Direito de Itu, Grupo Lorenzon, Igil, Indemetal, Lojas Do Carmo, Posto Simeira Camargo, Metal\u00fargica Cobra, Microtur, \u00d3ticas Du\u00edlio, Padovani, Starrett e Vidra\u00e7aria S\u00e3o Luis.<\/p>\n<p><em>\u00a0foto: Microfoto<\/em><\/p>\n","protected":false},"excerpt":{"rendered":"<p>O Coral Vozes de Itu realizar\u00e1 nos dias 08 e 09 de dezembro eventos de tem\u00e1tica natalina, tradicionais em sua programa\u00e7\u00e3o, numa realiza\u00e7\u00e3o conjunta do grupo em parceria com o Museu da M\u00fasica \u2013 Itu, Instituto Cultural de Itu e Secretaria Municipal de Cultura da cidade. Desde 1975, o coral realiza a Peregrina\u00e7\u00e3o de Natal, [&hellip;]<\/p>\n","protected":false},"author":1,"featured_media":4027,"comment_status":"open","ping_status":"open","sticky":false,"template":"","format":"standard","meta":{"_acf_changed":false,"ngg_post_thumbnail":0,"_joinchat":[],"footnotes":""},"categories":[4],"tags":[533],"class_list":["post-4017","post","type-post","status-publish","format-standard","has-post-thumbnail","hentry","category-cultura","tag-cultura"],"acf":[],"yoast_head":"<!-- This site is optimized with the Yoast SEO plugin v27.4 - https:\/\/yoast.com\/product\/yoast-seo-wordpress\/ -->\n<title>\u2018Vozes de Itu\u2019 faz peregrina\u00e7\u00e3o de Natal - Revista Regional<\/title>\n<meta name=\"robots\" content=\"index, follow, max-snippet:-1, max-image-preview:large, max-video-preview:-1\" \/>\n<link rel=\"canonical\" href=\"https:\/\/revistaregional.com.br\/site\/2012\/12\/05\/vozes-de-itu-faz-peregrinacao-de-natal\/\" \/>\n<meta property=\"og:locale\" content=\"pt_BR\" \/>\n<meta property=\"og:type\" content=\"article\" \/>\n<meta property=\"og:title\" content=\"\u2018Vozes de Itu\u2019 faz peregrina\u00e7\u00e3o de Natal - Revista Regional\" \/>\n<meta property=\"og:description\" content=\"O Coral Vozes de Itu realizar\u00e1 nos dias 08 e 09 de dezembro eventos de tem\u00e1tica natalina, tradicionais em sua programa\u00e7\u00e3o, numa realiza\u00e7\u00e3o conjunta do grupo em parceria com o Museu da M\u00fasica \u2013 Itu, Instituto Cultural de Itu e Secretaria Municipal de Cultura da cidade. Desde 1975, o coral realiza a Peregrina\u00e7\u00e3o de Natal, [&hellip;]\" \/>\n<meta property=\"og:url\" content=\"https:\/\/revistaregional.com.br\/site\/2012\/12\/05\/vozes-de-itu-faz-peregrinacao-de-natal\/\" \/>\n<meta property=\"og:site_name\" content=\"Revista Regional\" \/>\n<meta property=\"article:published_time\" content=\"2012-12-05T15:37:22+00:00\" \/>\n<meta property=\"article:modified_time\" content=\"2024-01-26T13:55:13+00:00\" \/>\n<meta property=\"og:image\" content=\"https:\/\/revistaregional.com.br\/site\/wp-content\/uploads\/2012\/12\/NATAL-RELIGIAO4.jpg\" \/>\n\t<meta property=\"og:image:width\" content=\"480\" \/>\n\t<meta property=\"og:image:height\" content=\"248\" \/>\n\t<meta property=\"og:image:type\" content=\"image\/jpeg\" \/>\n<meta name=\"author\" content=\"contato@revistaregional.com.br\" \/>\n<meta name=\"twitter:card\" content=\"summary_large_image\" \/>\n<meta name=\"twitter:label1\" content=\"Escrito por\" \/>\n\t<meta name=\"twitter:data1\" content=\"contato@revistaregional.com.br\" \/>\n\t<meta name=\"twitter:label2\" content=\"Est. tempo de leitura\" \/>\n\t<meta name=\"twitter:data2\" content=\"2 minutos\" \/>\n<script type=\"application\/ld+json\" class=\"yoast-schema-graph\">{\"@context\":\"https:\\\/\\\/schema.org\",\"@graph\":[{\"@type\":\"Article\",\"@id\":\"https:\\\/\\\/revistaregional.com.br\\\/site\\\/2012\\\/12\\\/05\\\/vozes-de-itu-faz-peregrinacao-de-natal\\\/#article\",\"isPartOf\":{\"@id\":\"https:\\\/\\\/revistaregional.com.br\\\/site\\\/2012\\\/12\\\/05\\\/vozes-de-itu-faz-peregrinacao-de-natal\\\/\"},\"author\":{\"name\":\"contato@revistaregional.com.br\",\"@id\":\"https:\\\/\\\/revistaregional.com.br\\\/site\\\/#\\\/schema\\\/person\\\/382af97c580dc1b18f55107bc316010d\"},\"headline\":\"\u2018Vozes de Itu\u2019 faz peregrina\u00e7\u00e3o de Natal\",\"datePublished\":\"2012-12-05T15:37:22+00:00\",\"dateModified\":\"2024-01-26T13:55:13+00:00\",\"mainEntityOfPage\":{\"@id\":\"https:\\\/\\\/revistaregional.com.br\\\/site\\\/2012\\\/12\\\/05\\\/vozes-de-itu-faz-peregrinacao-de-natal\\\/\"},\"wordCount\":404,\"commentCount\":0,\"image\":{\"@id\":\"https:\\\/\\\/revistaregional.com.br\\\/site\\\/2012\\\/12\\\/05\\\/vozes-de-itu-faz-peregrinacao-de-natal\\\/#primaryimage\"},\"thumbnailUrl\":\"https:\\\/\\\/revistaregional.com.br\\\/site\\\/wp-content\\\/uploads\\\/2012\\\/12\\\/NATAL-RELIGIAO4.jpg\",\"keywords\":[\"Cultura\"],\"articleSection\":[\"Cultura\"],\"inLanguage\":\"pt-BR\",\"potentialAction\":[{\"@type\":\"CommentAction\",\"name\":\"Comment\",\"target\":[\"https:\\\/\\\/revistaregional.com.br\\\/site\\\/2012\\\/12\\\/05\\\/vozes-de-itu-faz-peregrinacao-de-natal\\\/#respond\"]}]},{\"@type\":\"WebPage\",\"@id\":\"https:\\\/\\\/revistaregional.com.br\\\/site\\\/2012\\\/12\\\/05\\\/vozes-de-itu-faz-peregrinacao-de-natal\\\/\",\"url\":\"https:\\\/\\\/revistaregional.com.br\\\/site\\\/2012\\\/12\\\/05\\\/vozes-de-itu-faz-peregrinacao-de-natal\\\/\",\"name\":\"\u2018Vozes de Itu\u2019 faz peregrina\u00e7\u00e3o de Natal - Revista Regional\",\"isPartOf\":{\"@id\":\"https:\\\/\\\/revistaregional.com.br\\\/site\\\/#website\"},\"primaryImageOfPage\":{\"@id\":\"https:\\\/\\\/revistaregional.com.br\\\/site\\\/2012\\\/12\\\/05\\\/vozes-de-itu-faz-peregrinacao-de-natal\\\/#primaryimage\"},\"image\":{\"@id\":\"https:\\\/\\\/revistaregional.com.br\\\/site\\\/2012\\\/12\\\/05\\\/vozes-de-itu-faz-peregrinacao-de-natal\\\/#primaryimage\"},\"thumbnailUrl\":\"https:\\\/\\\/revistaregional.com.br\\\/site\\\/wp-content\\\/uploads\\\/2012\\\/12\\\/NATAL-RELIGIAO4.jpg\",\"datePublished\":\"2012-12-05T15:37:22+00:00\",\"dateModified\":\"2024-01-26T13:55:13+00:00\",\"author\":{\"@id\":\"https:\\\/\\\/revistaregional.com.br\\\/site\\\/#\\\/schema\\\/person\\\/382af97c580dc1b18f55107bc316010d\"},\"breadcrumb\":{\"@id\":\"https:\\\/\\\/revistaregional.com.br\\\/site\\\/2012\\\/12\\\/05\\\/vozes-de-itu-faz-peregrinacao-de-natal\\\/#breadcrumb\"},\"inLanguage\":\"pt-BR\",\"potentialAction\":[{\"@type\":\"ReadAction\",\"target\":[\"https:\\\/\\\/revistaregional.com.br\\\/site\\\/2012\\\/12\\\/05\\\/vozes-de-itu-faz-peregrinacao-de-natal\\\/\"]}]},{\"@type\":\"ImageObject\",\"inLanguage\":\"pt-BR\",\"@id\":\"https:\\\/\\\/revistaregional.com.br\\\/site\\\/2012\\\/12\\\/05\\\/vozes-de-itu-faz-peregrinacao-de-natal\\\/#primaryimage\",\"url\":\"https:\\\/\\\/revistaregional.com.br\\\/site\\\/wp-content\\\/uploads\\\/2012\\\/12\\\/NATAL-RELIGIAO4.jpg\",\"contentUrl\":\"https:\\\/\\\/revistaregional.com.br\\\/site\\\/wp-content\\\/uploads\\\/2012\\\/12\\\/NATAL-RELIGIAO4.jpg\",\"width\":\"480\",\"height\":\"248\"},{\"@type\":\"BreadcrumbList\",\"@id\":\"https:\\\/\\\/revistaregional.com.br\\\/site\\\/2012\\\/12\\\/05\\\/vozes-de-itu-faz-peregrinacao-de-natal\\\/#breadcrumb\",\"itemListElement\":[{\"@type\":\"ListItem\",\"position\":1,\"name\":\"In\u00edcio\",\"item\":\"https:\\\/\\\/revistaregional.com.br\\\/site\\\/\"},{\"@type\":\"ListItem\",\"position\":2,\"name\":\"\u2018Vozes de Itu\u2019 faz peregrina\u00e7\u00e3o de Natal\"}]},{\"@type\":\"WebSite\",\"@id\":\"https:\\\/\\\/revistaregional.com.br\\\/site\\\/#website\",\"url\":\"https:\\\/\\\/revistaregional.com.br\\\/site\\\/\",\"name\":\"Revista Regional\",\"description\":\"Salto - Itu - Indaituba\",\"potentialAction\":[{\"@type\":\"SearchAction\",\"target\":{\"@type\":\"EntryPoint\",\"urlTemplate\":\"https:\\\/\\\/revistaregional.com.br\\\/site\\\/?s={search_term_string}\"},\"query-input\":{\"@type\":\"PropertyValueSpecification\",\"valueRequired\":true,\"valueName\":\"search_term_string\"}}],\"inLanguage\":\"pt-BR\"},{\"@type\":\"Person\",\"@id\":\"https:\\\/\\\/revistaregional.com.br\\\/site\\\/#\\\/schema\\\/person\\\/382af97c580dc1b18f55107bc316010d\",\"name\":\"contato@revistaregional.com.br\",\"image\":{\"@type\":\"ImageObject\",\"inLanguage\":\"pt-BR\",\"@id\":\"https:\\\/\\\/secure.gravatar.com\\\/avatar\\\/869822917e96b2e292d5827e4635855396934485e7c4a0af84e9a214e32ca0cd?s=96&d=mm&r=g\",\"url\":\"https:\\\/\\\/secure.gravatar.com\\\/avatar\\\/869822917e96b2e292d5827e4635855396934485e7c4a0af84e9a214e32ca0cd?s=96&d=mm&r=g\",\"contentUrl\":\"https:\\\/\\\/secure.gravatar.com\\\/avatar\\\/869822917e96b2e292d5827e4635855396934485e7c4a0af84e9a214e32ca0cd?s=96&d=mm&r=g\",\"caption\":\"contato@revistaregional.com.br\"},\"url\":\"https:\\\/\\\/revistaregional.com.br\\\/site\\\/author\\\/contato@revistaregional.com.br\\\/\"}]}<\/script>\n<!-- \/ Yoast SEO plugin. -->","yoast_head_json":{"title":"\u2018Vozes de Itu\u2019 faz peregrina\u00e7\u00e3o de Natal - Revista Regional","robots":{"index":"index","follow":"follow","max-snippet":"max-snippet:-1","max-image-preview":"max-image-preview:large","max-video-preview":"max-video-preview:-1"},"canonical":"https:\/\/revistaregional.com.br\/site\/2012\/12\/05\/vozes-de-itu-faz-peregrinacao-de-natal\/","og_locale":"pt_BR","og_type":"article","og_title":"\u2018Vozes de Itu\u2019 faz peregrina\u00e7\u00e3o de Natal - Revista Regional","og_description":"O Coral Vozes de Itu realizar\u00e1 nos dias 08 e 09 de dezembro eventos de tem\u00e1tica natalina, tradicionais em sua programa\u00e7\u00e3o, numa realiza\u00e7\u00e3o conjunta do grupo em parceria com o Museu da M\u00fasica \u2013 Itu, Instituto Cultural de Itu e Secretaria Municipal de Cultura da cidade. Desde 1975, o coral realiza a Peregrina\u00e7\u00e3o de Natal, [&hellip;]","og_url":"https:\/\/revistaregional.com.br\/site\/2012\/12\/05\/vozes-de-itu-faz-peregrinacao-de-natal\/","og_site_name":"Revista Regional","article_published_time":"2012-12-05T15:37:22+00:00","article_modified_time":"2024-01-26T13:55:13+00:00","og_image":[{"width":480,"height":248,"url":"https:\/\/revistaregional.com.br\/site\/wp-content\/uploads\/2012\/12\/NATAL-RELIGIAO4.jpg","type":"image\/jpeg"}],"author":"contato@revistaregional.com.br","twitter_card":"summary_large_image","twitter_misc":{"Escrito por":"contato@revistaregional.com.br","Est. tempo de leitura":"2 minutos"},"schema":{"@context":"https:\/\/schema.org","@graph":[{"@type":"Article","@id":"https:\/\/revistaregional.com.br\/site\/2012\/12\/05\/vozes-de-itu-faz-peregrinacao-de-natal\/#article","isPartOf":{"@id":"https:\/\/revistaregional.com.br\/site\/2012\/12\/05\/vozes-de-itu-faz-peregrinacao-de-natal\/"},"author":{"name":"contato@revistaregional.com.br","@id":"https:\/\/revistaregional.com.br\/site\/#\/schema\/person\/382af97c580dc1b18f55107bc316010d"},"headline":"\u2018Vozes de Itu\u2019 faz peregrina\u00e7\u00e3o de Natal","datePublished":"2012-12-05T15:37:22+00:00","dateModified":"2024-01-26T13:55:13+00:00","mainEntityOfPage":{"@id":"https:\/\/revistaregional.com.br\/site\/2012\/12\/05\/vozes-de-itu-faz-peregrinacao-de-natal\/"},"wordCount":404,"commentCount":0,"image":{"@id":"https:\/\/revistaregional.com.br\/site\/2012\/12\/05\/vozes-de-itu-faz-peregrinacao-de-natal\/#primaryimage"},"thumbnailUrl":"https:\/\/revistaregional.com.br\/site\/wp-content\/uploads\/2012\/12\/NATAL-RELIGIAO4.jpg","keywords":["Cultura"],"articleSection":["Cultura"],"inLanguage":"pt-BR","potentialAction":[{"@type":"CommentAction","name":"Comment","target":["https:\/\/revistaregional.com.br\/site\/2012\/12\/05\/vozes-de-itu-faz-peregrinacao-de-natal\/#respond"]}]},{"@type":"WebPage","@id":"https:\/\/revistaregional.com.br\/site\/2012\/12\/05\/vozes-de-itu-faz-peregrinacao-de-natal\/","url":"https:\/\/revistaregional.com.br\/site\/2012\/12\/05\/vozes-de-itu-faz-peregrinacao-de-natal\/","name":"\u2018Vozes de Itu\u2019 faz peregrina\u00e7\u00e3o de Natal - Revista Regional","isPartOf":{"@id":"https:\/\/revistaregional.com.br\/site\/#website"},"primaryImageOfPage":{"@id":"https:\/\/revistaregional.com.br\/site\/2012\/12\/05\/vozes-de-itu-faz-peregrinacao-de-natal\/#primaryimage"},"image":{"@id":"https:\/\/revistaregional.com.br\/site\/2012\/12\/05\/vozes-de-itu-faz-peregrinacao-de-natal\/#primaryimage"},"thumbnailUrl":"https:\/\/revistaregional.com.br\/site\/wp-content\/uploads\/2012\/12\/NATAL-RELIGIAO4.jpg","datePublished":"2012-12-05T15:37:22+00:00","dateModified":"2024-01-26T13:55:13+00:00","author":{"@id":"https:\/\/revistaregional.com.br\/site\/#\/schema\/person\/382af97c580dc1b18f55107bc316010d"},"breadcrumb":{"@id":"https:\/\/revistaregional.com.br\/site\/2012\/12\/05\/vozes-de-itu-faz-peregrinacao-de-natal\/#breadcrumb"},"inLanguage":"pt-BR","potentialAction":[{"@type":"ReadAction","target":["https:\/\/revistaregional.com.br\/site\/2012\/12\/05\/vozes-de-itu-faz-peregrinacao-de-natal\/"]}]},{"@type":"ImageObject","inLanguage":"pt-BR","@id":"https:\/\/revistaregional.com.br\/site\/2012\/12\/05\/vozes-de-itu-faz-peregrinacao-de-natal\/#primaryimage","url":"https:\/\/revistaregional.com.br\/site\/wp-content\/uploads\/2012\/12\/NATAL-RELIGIAO4.jpg","contentUrl":"https:\/\/revistaregional.com.br\/site\/wp-content\/uploads\/2012\/12\/NATAL-RELIGIAO4.jpg","width":"480","height":"248"},{"@type":"BreadcrumbList","@id":"https:\/\/revistaregional.com.br\/site\/2012\/12\/05\/vozes-de-itu-faz-peregrinacao-de-natal\/#breadcrumb","itemListElement":[{"@type":"ListItem","position":1,"name":"In\u00edcio","item":"https:\/\/revistaregional.com.br\/site\/"},{"@type":"ListItem","position":2,"name":"\u2018Vozes de Itu\u2019 faz peregrina\u00e7\u00e3o de Natal"}]},{"@type":"WebSite","@id":"https:\/\/revistaregional.com.br\/site\/#website","url":"https:\/\/revistaregional.com.br\/site\/","name":"Revista Regional","description":"Salto - Itu - Indaituba","potentialAction":[{"@type":"SearchAction","target":{"@type":"EntryPoint","urlTemplate":"https:\/\/revistaregional.com.br\/site\/?s={search_term_string}"},"query-input":{"@type":"PropertyValueSpecification","valueRequired":true,"valueName":"search_term_string"}}],"inLanguage":"pt-BR"},{"@type":"Person","@id":"https:\/\/revistaregional.com.br\/site\/#\/schema\/person\/382af97c580dc1b18f55107bc316010d","name":"contato@revistaregional.com.br","image":{"@type":"ImageObject","inLanguage":"pt-BR","@id":"https:\/\/secure.gravatar.com\/avatar\/869822917e96b2e292d5827e4635855396934485e7c4a0af84e9a214e32ca0cd?s=96&d=mm&r=g","url":"https:\/\/secure.gravatar.com\/avatar\/869822917e96b2e292d5827e4635855396934485e7c4a0af84e9a214e32ca0cd?s=96&d=mm&r=g","contentUrl":"https:\/\/secure.gravatar.com\/avatar\/869822917e96b2e292d5827e4635855396934485e7c4a0af84e9a214e32ca0cd?s=96&d=mm&r=g","caption":"contato@revistaregional.com.br"},"url":"https:\/\/revistaregional.com.br\/site\/author\/contato@revistaregional.com.br\/"}]}},"views":52,"_links":{"self":[{"href":"https:\/\/revistaregional.com.br\/site\/wp-json\/wp\/v2\/posts\/4017","targetHints":{"allow":["GET"]}}],"collection":[{"href":"https:\/\/revistaregional.com.br\/site\/wp-json\/wp\/v2\/posts"}],"about":[{"href":"https:\/\/revistaregional.com.br\/site\/wp-json\/wp\/v2\/types\/post"}],"author":[{"embeddable":true,"href":"https:\/\/revistaregional.com.br\/site\/wp-json\/wp\/v2\/users\/1"}],"replies":[{"embeddable":true,"href":"https:\/\/revistaregional.com.br\/site\/wp-json\/wp\/v2\/comments?post=4017"}],"version-history":[{"count":5,"href":"https:\/\/revistaregional.com.br\/site\/wp-json\/wp\/v2\/posts\/4017\/revisions"}],"predecessor-version":[{"id":4023,"href":"https:\/\/revistaregional.com.br\/site\/wp-json\/wp\/v2\/posts\/4017\/revisions\/4023"}],"wp:featuredmedia":[{"embeddable":true,"href":"https:\/\/revistaregional.com.br\/site\/wp-json\/wp\/v2\/media\/4027"}],"wp:attachment":[{"href":"https:\/\/revistaregional.com.br\/site\/wp-json\/wp\/v2\/media?parent=4017"}],"wp:term":[{"taxonomy":"category","embeddable":true,"href":"https:\/\/revistaregional.com.br\/site\/wp-json\/wp\/v2\/categories?post=4017"},{"taxonomy":"post_tag","embeddable":true,"href":"https:\/\/revistaregional.com.br\/site\/wp-json\/wp\/v2\/tags?post=4017"}],"curies":[{"name":"wp","href":"https:\/\/api.w.org\/{rel}","templated":true}]}}