{"id":4002,"date":"2012-12-03T14:23:01","date_gmt":"2012-12-03T17:23:01","guid":{"rendered":"http:\/\/revistaregional.com.br\/site\/?p=4002"},"modified":"2024-01-26T09:57:44","modified_gmt":"2024-01-26T12:57:44","slug":"itu-promove-8a-edicao-do-natal-amigo","status":"publish","type":"post","link":"https:\/\/revistaregional.com.br\/site\/2012\/12\/03\/itu-promove-8a-edicao-do-natal-amigo\/","title":{"rendered":"Itu promove 8\u00aa edi\u00e7\u00e3o do \u2018Natal Amigo\u2019"},"content":{"rendered":"<figure id=\"attachment_4003\" aria-describedby=\"caption-attachment-4003\" style=\"width: 384px\" class=\"wp-caption aligncenter\"><a href=\"http:\/\/revistaregional.com.br\/site\/wp-content\/uploads\/2012\/12\/regionais-Natal-amigo-7.jpg\" rel=\"attachment wp-att-4003\"><img fetchpriority=\"high\" decoding=\"async\" class=\" wp-image-4003 \" src=\"http:\/\/revistaregional.com.br\/site\/wp-content\/uploads\/2012\/12\/regionais-Natal-amigo-7.jpg\" alt=\"\" width=\"384\" height=\"288\" srcset=\"https:\/\/revistaregional.com.br\/site\/wp-content\/uploads\/2012\/12\/regionais-Natal-amigo-7.jpg 640w, https:\/\/revistaregional.com.br\/site\/wp-content\/uploads\/2012\/12\/regionais-Natal-amigo-7-300x225.jpg 300w\" sizes=\"(max-width: 384px) 100vw, 384px\" \/><\/a><figcaption id=\"caption-attachment-4003\" class=\"wp-caption-text\">Papai Noel do projeto \u201cNatal Amigo\u201d doa brinquedos \u00e0s crian\u00e7as<\/figcaption><\/figure>\n<p>O Natal Amigo j\u00e1 deu in\u00edcio \u00e0s atividades para realiza\u00e7\u00e3o de sua oitava edi\u00e7\u00e3o. Esse ano, o projeto solid\u00e1rio ganhou novos \u201camigos\u201d, contando com maior envolvimento da popula\u00e7\u00e3o, assim como empres\u00e1rios e profissionais de diversos ramos. Tudo isso acontece de forma sigilosa, pois o objetivo \u00e9 fortalecer o esp\u00edrito natalino e a solidariedade e n\u00e3o a promo\u00e7\u00e3o social de nenhuma pessoa ou empresa. O projeto teve in\u00edcio em 2005, quando tr\u00eas colegas se uniram para doar brinquedos a crian\u00e7as de bairros carentes de Itu. Com o passar dos anos, v\u00e1rias pessoas foram se tornando adeptas e a campanha foi ganhando maiores propor\u00e7\u00f5es. Em 2011, foram mais de 28 horas distribuindo presentes, 8 mil brinquedos, 100 mil balas, 25 mil pirulitos e 4 mil pacotes de pipoca, al\u00e9m do tradicional caf\u00e9 da manh\u00e3 no asilo Vila Vicentina e do lanche da tarde no Ceaca, tudo isso com o maior trio el\u00e9trico de Natal do Brasil. Nessa edi\u00e7\u00e3o, o \u201cNatal Amigo\u201d pretende atender cerca de 1.500 crian\u00e7as, um asilo e um projeto assistencial para crian\u00e7as. Sendo assim, o grupo solicita doa\u00e7\u00f5es de balas, doces, pipoca, \u00e1gua,\u00a0brinquedos e refrigerantes, para a montagem de kits. A novidade desse ano \u00e9 a arrecada\u00e7\u00e3o, tamb\u00e9m, de livros infanto-juvenis para incentivar o h\u00e1bito da leitura nas comunidades mais carentes. Para o caf\u00e9 da manh\u00e3 e lanche da tarde, pedem doa\u00e7\u00f5es de sucos, frutas, bolos, p\u00e3es e frios. No dia 15 de dezembro, o grupo realizar\u00e1 um \u201cped\u00e1gio\u201d na regi\u00e3o central de Itu, com a presen\u00e7a do Papai Noel para divulgar o projeto. A a\u00e7\u00e3o do Natal Amigo acontecer\u00e1 no dia 22 de dezembro nas cidades de Itu e Salto.<\/p>\n<p><strong>MAIS<\/strong>: Os interessados em ajudar podem participar ativamente da a\u00e7\u00e3o \u2013 que contou com cerca de 150 pessoas em 2011 \u2013 ou atrav\u00e9s de doa\u00e7\u00f5es que podem ser feitas no stand de arrecada\u00e7\u00e3o no Plaza Shopping Itu, ou nos endere\u00e7os: Al. dos Cardeais, 107 \u2013 Jd. Para\u00edso ou na Av. Eugen Wissmann, 133 \u2013 S\u00e3o Luiz, ambos em Itu. Quempreferir pode entrar em contato pelo Disk Noel (11) 99799 6482 e um \u201cduende\u201d buscar\u00e1 as doa\u00e7\u00f5es. A campanha tamb\u00e9m possui postos de arrecada\u00e7\u00e3o em escolas, sindicatos, empresas e pontos comerciais que podem ser conferidos no site: <span style=\"text-decoration: underline;\"><a href=\"http:\/\/www.natalamigo.com.br\/\">http:\/\/www.natalamigo.com.br<\/a><\/span> ou atrav\u00e9s do e-mail <span style=\"text-decoration: underline;\"><a href=\"mailto:papainoel@natalamigo.com.br\">papainoel@natalamigo.com.br<\/a><\/span>.<\/p>\n<p><em>\u00a0fotos: Divulga\u00e7\u00e3o<\/em><\/p>\n","protected":false},"excerpt":{"rendered":"<p>O Natal Amigo j\u00e1 deu in\u00edcio \u00e0s atividades para realiza\u00e7\u00e3o de sua oitava edi\u00e7\u00e3o. Esse ano, o projeto solid\u00e1rio ganhou novos \u201camigos\u201d, contando com maior envolvimento da popula\u00e7\u00e3o, assim como empres\u00e1rios e profissionais de diversos ramos. Tudo isso acontece de forma sigilosa, pois o objetivo \u00e9 fortalecer o esp\u00edrito natalino e a solidariedade e n\u00e3o [&hellip;]<\/p>\n","protected":false},"author":1,"featured_media":4003,"comment_status":"open","ping_status":"open","sticky":false,"template":"","format":"standard","meta":{"_acf_changed":false,"ngg_post_thumbnail":0,"_joinchat":[],"footnotes":""},"categories":[12],"tags":[527],"class_list":["post-4002","post","type-post","status-publish","format-standard","has-post-thumbnail","hentry","category-regionais","tag-regionais"],"acf":[],"yoast_head":"<!-- This site is optimized with the Yoast SEO plugin v27.4 - https:\/\/yoast.com\/product\/yoast-seo-wordpress\/ -->\n<title>Itu promove 8\u00aa edi\u00e7\u00e3o do \u2018Natal Amigo\u2019 - Revista Regional<\/title>\n<meta name=\"robots\" content=\"index, follow, max-snippet:-1, max-image-preview:large, max-video-preview:-1\" \/>\n<link rel=\"canonical\" href=\"https:\/\/revistaregional.com.br\/site\/2012\/12\/03\/itu-promove-8a-edicao-do-natal-amigo\/\" \/>\n<meta property=\"og:locale\" content=\"pt_BR\" \/>\n<meta property=\"og:type\" content=\"article\" \/>\n<meta property=\"og:title\" content=\"Itu promove 8\u00aa edi\u00e7\u00e3o do \u2018Natal Amigo\u2019 - Revista Regional\" \/>\n<meta property=\"og:description\" content=\"O Natal Amigo j\u00e1 deu in\u00edcio \u00e0s atividades para realiza\u00e7\u00e3o de sua oitava edi\u00e7\u00e3o. Esse ano, o projeto solid\u00e1rio ganhou novos \u201camigos\u201d, contando com maior envolvimento da popula\u00e7\u00e3o, assim como empres\u00e1rios e profissionais de diversos ramos. Tudo isso acontece de forma sigilosa, pois o objetivo \u00e9 fortalecer o esp\u00edrito natalino e a solidariedade e n\u00e3o [&hellip;]\" \/>\n<meta property=\"og:url\" content=\"https:\/\/revistaregional.com.br\/site\/2012\/12\/03\/itu-promove-8a-edicao-do-natal-amigo\/\" \/>\n<meta property=\"og:site_name\" content=\"Revista Regional\" \/>\n<meta property=\"article:published_time\" content=\"2012-12-03T17:23:01+00:00\" \/>\n<meta property=\"article:modified_time\" content=\"2024-01-26T12:57:44+00:00\" \/>\n<meta property=\"og:image\" content=\"https:\/\/revistaregional.com.br\/site\/wp-content\/uploads\/2012\/12\/regionais-Natal-amigo-7.jpg\" \/>\n\t<meta property=\"og:image:width\" content=\"640\" \/>\n\t<meta property=\"og:image:height\" content=\"480\" \/>\n\t<meta property=\"og:image:type\" content=\"image\/jpeg\" \/>\n<meta name=\"author\" content=\"contato@revistaregional.com.br\" \/>\n<meta name=\"twitter:card\" content=\"summary_large_image\" \/>\n<meta name=\"twitter:label1\" content=\"Escrito por\" \/>\n\t<meta name=\"twitter:data1\" content=\"contato@revistaregional.com.br\" \/>\n\t<meta name=\"twitter:label2\" content=\"Est. tempo de leitura\" \/>\n\t<meta name=\"twitter:data2\" content=\"2 minutos\" \/>\n<script type=\"application\/ld+json\" class=\"yoast-schema-graph\">{\"@context\":\"https:\\\/\\\/schema.org\",\"@graph\":[{\"@type\":\"Article\",\"@id\":\"https:\\\/\\\/revistaregional.com.br\\\/site\\\/2012\\\/12\\\/03\\\/itu-promove-8a-edicao-do-natal-amigo\\\/#article\",\"isPartOf\":{\"@id\":\"https:\\\/\\\/revistaregional.com.br\\\/site\\\/2012\\\/12\\\/03\\\/itu-promove-8a-edicao-do-natal-amigo\\\/\"},\"author\":{\"name\":\"contato@revistaregional.com.br\",\"@id\":\"https:\\\/\\\/revistaregional.com.br\\\/site\\\/#\\\/schema\\\/person\\\/382af97c580dc1b18f55107bc316010d\"},\"headline\":\"Itu promove 8\u00aa edi\u00e7\u00e3o do \u2018Natal Amigo\u2019\",\"datePublished\":\"2012-12-03T17:23:01+00:00\",\"dateModified\":\"2024-01-26T12:57:44+00:00\",\"mainEntityOfPage\":{\"@id\":\"https:\\\/\\\/revistaregional.com.br\\\/site\\\/2012\\\/12\\\/03\\\/itu-promove-8a-edicao-do-natal-amigo\\\/\"},\"wordCount\":427,\"commentCount\":0,\"image\":{\"@id\":\"https:\\\/\\\/revistaregional.com.br\\\/site\\\/2012\\\/12\\\/03\\\/itu-promove-8a-edicao-do-natal-amigo\\\/#primaryimage\"},\"thumbnailUrl\":\"https:\\\/\\\/revistaregional.com.br\\\/site\\\/wp-content\\\/uploads\\\/2012\\\/12\\\/regionais-Natal-amigo-7.jpg\",\"keywords\":[\"Regionais\"],\"articleSection\":[\"Regionais\"],\"inLanguage\":\"pt-BR\",\"potentialAction\":[{\"@type\":\"CommentAction\",\"name\":\"Comment\",\"target\":[\"https:\\\/\\\/revistaregional.com.br\\\/site\\\/2012\\\/12\\\/03\\\/itu-promove-8a-edicao-do-natal-amigo\\\/#respond\"]}]},{\"@type\":\"WebPage\",\"@id\":\"https:\\\/\\\/revistaregional.com.br\\\/site\\\/2012\\\/12\\\/03\\\/itu-promove-8a-edicao-do-natal-amigo\\\/\",\"url\":\"https:\\\/\\\/revistaregional.com.br\\\/site\\\/2012\\\/12\\\/03\\\/itu-promove-8a-edicao-do-natal-amigo\\\/\",\"name\":\"Itu promove 8\u00aa edi\u00e7\u00e3o do \u2018Natal Amigo\u2019 - Revista Regional\",\"isPartOf\":{\"@id\":\"https:\\\/\\\/revistaregional.com.br\\\/site\\\/#website\"},\"primaryImageOfPage\":{\"@id\":\"https:\\\/\\\/revistaregional.com.br\\\/site\\\/2012\\\/12\\\/03\\\/itu-promove-8a-edicao-do-natal-amigo\\\/#primaryimage\"},\"image\":{\"@id\":\"https:\\\/\\\/revistaregional.com.br\\\/site\\\/2012\\\/12\\\/03\\\/itu-promove-8a-edicao-do-natal-amigo\\\/#primaryimage\"},\"thumbnailUrl\":\"https:\\\/\\\/revistaregional.com.br\\\/site\\\/wp-content\\\/uploads\\\/2012\\\/12\\\/regionais-Natal-amigo-7.jpg\",\"datePublished\":\"2012-12-03T17:23:01+00:00\",\"dateModified\":\"2024-01-26T12:57:44+00:00\",\"author\":{\"@id\":\"https:\\\/\\\/revistaregional.com.br\\\/site\\\/#\\\/schema\\\/person\\\/382af97c580dc1b18f55107bc316010d\"},\"breadcrumb\":{\"@id\":\"https:\\\/\\\/revistaregional.com.br\\\/site\\\/2012\\\/12\\\/03\\\/itu-promove-8a-edicao-do-natal-amigo\\\/#breadcrumb\"},\"inLanguage\":\"pt-BR\",\"potentialAction\":[{\"@type\":\"ReadAction\",\"target\":[\"https:\\\/\\\/revistaregional.com.br\\\/site\\\/2012\\\/12\\\/03\\\/itu-promove-8a-edicao-do-natal-amigo\\\/\"]}]},{\"@type\":\"ImageObject\",\"inLanguage\":\"pt-BR\",\"@id\":\"https:\\\/\\\/revistaregional.com.br\\\/site\\\/2012\\\/12\\\/03\\\/itu-promove-8a-edicao-do-natal-amigo\\\/#primaryimage\",\"url\":\"https:\\\/\\\/revistaregional.com.br\\\/site\\\/wp-content\\\/uploads\\\/2012\\\/12\\\/regionais-Natal-amigo-7.jpg\",\"contentUrl\":\"https:\\\/\\\/revistaregional.com.br\\\/site\\\/wp-content\\\/uploads\\\/2012\\\/12\\\/regionais-Natal-amigo-7.jpg\",\"width\":\"640\",\"height\":\"480\",\"caption\":\"Papai Noel do projeto \u201cNatal Amigo\u201d doa brinquedos \u00e0s crian\u00e7as\"},{\"@type\":\"BreadcrumbList\",\"@id\":\"https:\\\/\\\/revistaregional.com.br\\\/site\\\/2012\\\/12\\\/03\\\/itu-promove-8a-edicao-do-natal-amigo\\\/#breadcrumb\",\"itemListElement\":[{\"@type\":\"ListItem\",\"position\":1,\"name\":\"In\u00edcio\",\"item\":\"https:\\\/\\\/revistaregional.com.br\\\/site\\\/\"},{\"@type\":\"ListItem\",\"position\":2,\"name\":\"Itu promove 8\u00aa edi\u00e7\u00e3o do \u2018Natal Amigo\u2019\"}]},{\"@type\":\"WebSite\",\"@id\":\"https:\\\/\\\/revistaregional.com.br\\\/site\\\/#website\",\"url\":\"https:\\\/\\\/revistaregional.com.br\\\/site\\\/\",\"name\":\"Revista Regional\",\"description\":\"Salto - Itu - Indaituba\",\"potentialAction\":[{\"@type\":\"SearchAction\",\"target\":{\"@type\":\"EntryPoint\",\"urlTemplate\":\"https:\\\/\\\/revistaregional.com.br\\\/site\\\/?s={search_term_string}\"},\"query-input\":{\"@type\":\"PropertyValueSpecification\",\"valueRequired\":true,\"valueName\":\"search_term_string\"}}],\"inLanguage\":\"pt-BR\"},{\"@type\":\"Person\",\"@id\":\"https:\\\/\\\/revistaregional.com.br\\\/site\\\/#\\\/schema\\\/person\\\/382af97c580dc1b18f55107bc316010d\",\"name\":\"contato@revistaregional.com.br\",\"image\":{\"@type\":\"ImageObject\",\"inLanguage\":\"pt-BR\",\"@id\":\"https:\\\/\\\/secure.gravatar.com\\\/avatar\\\/869822917e96b2e292d5827e4635855396934485e7c4a0af84e9a214e32ca0cd?s=96&d=mm&r=g\",\"url\":\"https:\\\/\\\/secure.gravatar.com\\\/avatar\\\/869822917e96b2e292d5827e4635855396934485e7c4a0af84e9a214e32ca0cd?s=96&d=mm&r=g\",\"contentUrl\":\"https:\\\/\\\/secure.gravatar.com\\\/avatar\\\/869822917e96b2e292d5827e4635855396934485e7c4a0af84e9a214e32ca0cd?s=96&d=mm&r=g\",\"caption\":\"contato@revistaregional.com.br\"},\"url\":\"https:\\\/\\\/revistaregional.com.br\\\/site\\\/author\\\/contato@revistaregional.com.br\\\/\"}]}<\/script>\n<!-- \/ Yoast SEO plugin. -->","yoast_head_json":{"title":"Itu promove 8\u00aa edi\u00e7\u00e3o do \u2018Natal Amigo\u2019 - Revista Regional","robots":{"index":"index","follow":"follow","max-snippet":"max-snippet:-1","max-image-preview":"max-image-preview:large","max-video-preview":"max-video-preview:-1"},"canonical":"https:\/\/revistaregional.com.br\/site\/2012\/12\/03\/itu-promove-8a-edicao-do-natal-amigo\/","og_locale":"pt_BR","og_type":"article","og_title":"Itu promove 8\u00aa edi\u00e7\u00e3o do \u2018Natal Amigo\u2019 - Revista Regional","og_description":"O Natal Amigo j\u00e1 deu in\u00edcio \u00e0s atividades para realiza\u00e7\u00e3o de sua oitava edi\u00e7\u00e3o. Esse ano, o projeto solid\u00e1rio ganhou novos \u201camigos\u201d, contando com maior envolvimento da popula\u00e7\u00e3o, assim como empres\u00e1rios e profissionais de diversos ramos. Tudo isso acontece de forma sigilosa, pois o objetivo \u00e9 fortalecer o esp\u00edrito natalino e a solidariedade e n\u00e3o [&hellip;]","og_url":"https:\/\/revistaregional.com.br\/site\/2012\/12\/03\/itu-promove-8a-edicao-do-natal-amigo\/","og_site_name":"Revista Regional","article_published_time":"2012-12-03T17:23:01+00:00","article_modified_time":"2024-01-26T12:57:44+00:00","og_image":[{"width":640,"height":480,"url":"https:\/\/revistaregional.com.br\/site\/wp-content\/uploads\/2012\/12\/regionais-Natal-amigo-7.jpg","type":"image\/jpeg"}],"author":"contato@revistaregional.com.br","twitter_card":"summary_large_image","twitter_misc":{"Escrito por":"contato@revistaregional.com.br","Est. tempo de leitura":"2 minutos"},"schema":{"@context":"https:\/\/schema.org","@graph":[{"@type":"Article","@id":"https:\/\/revistaregional.com.br\/site\/2012\/12\/03\/itu-promove-8a-edicao-do-natal-amigo\/#article","isPartOf":{"@id":"https:\/\/revistaregional.com.br\/site\/2012\/12\/03\/itu-promove-8a-edicao-do-natal-amigo\/"},"author":{"name":"contato@revistaregional.com.br","@id":"https:\/\/revistaregional.com.br\/site\/#\/schema\/person\/382af97c580dc1b18f55107bc316010d"},"headline":"Itu promove 8\u00aa edi\u00e7\u00e3o do \u2018Natal Amigo\u2019","datePublished":"2012-12-03T17:23:01+00:00","dateModified":"2024-01-26T12:57:44+00:00","mainEntityOfPage":{"@id":"https:\/\/revistaregional.com.br\/site\/2012\/12\/03\/itu-promove-8a-edicao-do-natal-amigo\/"},"wordCount":427,"commentCount":0,"image":{"@id":"https:\/\/revistaregional.com.br\/site\/2012\/12\/03\/itu-promove-8a-edicao-do-natal-amigo\/#primaryimage"},"thumbnailUrl":"https:\/\/revistaregional.com.br\/site\/wp-content\/uploads\/2012\/12\/regionais-Natal-amigo-7.jpg","keywords":["Regionais"],"articleSection":["Regionais"],"inLanguage":"pt-BR","potentialAction":[{"@type":"CommentAction","name":"Comment","target":["https:\/\/revistaregional.com.br\/site\/2012\/12\/03\/itu-promove-8a-edicao-do-natal-amigo\/#respond"]}]},{"@type":"WebPage","@id":"https:\/\/revistaregional.com.br\/site\/2012\/12\/03\/itu-promove-8a-edicao-do-natal-amigo\/","url":"https:\/\/revistaregional.com.br\/site\/2012\/12\/03\/itu-promove-8a-edicao-do-natal-amigo\/","name":"Itu promove 8\u00aa edi\u00e7\u00e3o do \u2018Natal Amigo\u2019 - Revista Regional","isPartOf":{"@id":"https:\/\/revistaregional.com.br\/site\/#website"},"primaryImageOfPage":{"@id":"https:\/\/revistaregional.com.br\/site\/2012\/12\/03\/itu-promove-8a-edicao-do-natal-amigo\/#primaryimage"},"image":{"@id":"https:\/\/revistaregional.com.br\/site\/2012\/12\/03\/itu-promove-8a-edicao-do-natal-amigo\/#primaryimage"},"thumbnailUrl":"https:\/\/revistaregional.com.br\/site\/wp-content\/uploads\/2012\/12\/regionais-Natal-amigo-7.jpg","datePublished":"2012-12-03T17:23:01+00:00","dateModified":"2024-01-26T12:57:44+00:00","author":{"@id":"https:\/\/revistaregional.com.br\/site\/#\/schema\/person\/382af97c580dc1b18f55107bc316010d"},"breadcrumb":{"@id":"https:\/\/revistaregional.com.br\/site\/2012\/12\/03\/itu-promove-8a-edicao-do-natal-amigo\/#breadcrumb"},"inLanguage":"pt-BR","potentialAction":[{"@type":"ReadAction","target":["https:\/\/revistaregional.com.br\/site\/2012\/12\/03\/itu-promove-8a-edicao-do-natal-amigo\/"]}]},{"@type":"ImageObject","inLanguage":"pt-BR","@id":"https:\/\/revistaregional.com.br\/site\/2012\/12\/03\/itu-promove-8a-edicao-do-natal-amigo\/#primaryimage","url":"https:\/\/revistaregional.com.br\/site\/wp-content\/uploads\/2012\/12\/regionais-Natal-amigo-7.jpg","contentUrl":"https:\/\/revistaregional.com.br\/site\/wp-content\/uploads\/2012\/12\/regionais-Natal-amigo-7.jpg","width":"640","height":"480","caption":"Papai Noel do projeto \u201cNatal Amigo\u201d doa brinquedos \u00e0s crian\u00e7as"},{"@type":"BreadcrumbList","@id":"https:\/\/revistaregional.com.br\/site\/2012\/12\/03\/itu-promove-8a-edicao-do-natal-amigo\/#breadcrumb","itemListElement":[{"@type":"ListItem","position":1,"name":"In\u00edcio","item":"https:\/\/revistaregional.com.br\/site\/"},{"@type":"ListItem","position":2,"name":"Itu promove 8\u00aa edi\u00e7\u00e3o do \u2018Natal Amigo\u2019"}]},{"@type":"WebSite","@id":"https:\/\/revistaregional.com.br\/site\/#website","url":"https:\/\/revistaregional.com.br\/site\/","name":"Revista Regional","description":"Salto - Itu - Indaituba","potentialAction":[{"@type":"SearchAction","target":{"@type":"EntryPoint","urlTemplate":"https:\/\/revistaregional.com.br\/site\/?s={search_term_string}"},"query-input":{"@type":"PropertyValueSpecification","valueRequired":true,"valueName":"search_term_string"}}],"inLanguage":"pt-BR"},{"@type":"Person","@id":"https:\/\/revistaregional.com.br\/site\/#\/schema\/person\/382af97c580dc1b18f55107bc316010d","name":"contato@revistaregional.com.br","image":{"@type":"ImageObject","inLanguage":"pt-BR","@id":"https:\/\/secure.gravatar.com\/avatar\/869822917e96b2e292d5827e4635855396934485e7c4a0af84e9a214e32ca0cd?s=96&d=mm&r=g","url":"https:\/\/secure.gravatar.com\/avatar\/869822917e96b2e292d5827e4635855396934485e7c4a0af84e9a214e32ca0cd?s=96&d=mm&r=g","contentUrl":"https:\/\/secure.gravatar.com\/avatar\/869822917e96b2e292d5827e4635855396934485e7c4a0af84e9a214e32ca0cd?s=96&d=mm&r=g","caption":"contato@revistaregional.com.br"},"url":"https:\/\/revistaregional.com.br\/site\/author\/contato@revistaregional.com.br\/"}]}},"views":67,"_links":{"self":[{"href":"https:\/\/revistaregional.com.br\/site\/wp-json\/wp\/v2\/posts\/4002","targetHints":{"allow":["GET"]}}],"collection":[{"href":"https:\/\/revistaregional.com.br\/site\/wp-json\/wp\/v2\/posts"}],"about":[{"href":"https:\/\/revistaregional.com.br\/site\/wp-json\/wp\/v2\/types\/post"}],"author":[{"embeddable":true,"href":"https:\/\/revistaregional.com.br\/site\/wp-json\/wp\/v2\/users\/1"}],"replies":[{"embeddable":true,"href":"https:\/\/revistaregional.com.br\/site\/wp-json\/wp\/v2\/comments?post=4002"}],"version-history":[{"count":4,"href":"https:\/\/revistaregional.com.br\/site\/wp-json\/wp\/v2\/posts\/4002\/revisions"}],"predecessor-version":[{"id":32339,"href":"https:\/\/revistaregional.com.br\/site\/wp-json\/wp\/v2\/posts\/4002\/revisions\/32339"}],"wp:featuredmedia":[{"embeddable":true,"href":"https:\/\/revistaregional.com.br\/site\/wp-json\/wp\/v2\/media\/4003"}],"wp:attachment":[{"href":"https:\/\/revistaregional.com.br\/site\/wp-json\/wp\/v2\/media?parent=4002"}],"wp:term":[{"taxonomy":"category","embeddable":true,"href":"https:\/\/revistaregional.com.br\/site\/wp-json\/wp\/v2\/categories?post=4002"},{"taxonomy":"post_tag","embeddable":true,"href":"https:\/\/revistaregional.com.br\/site\/wp-json\/wp\/v2\/tags?post=4002"}],"curies":[{"name":"wp","href":"https:\/\/api.w.org\/{rel}","templated":true}]}}