{"id":3984,"date":"2012-12-03T13:15:50","date_gmt":"2012-12-03T16:15:50","guid":{"rendered":"http:\/\/revistaregional.com.br\/site\/?p=3984"},"modified":"2024-01-26T10:55:15","modified_gmt":"2024-01-26T13:55:15","slug":"indaiatuba-realiza-parada-de-natal","status":"publish","type":"post","link":"https:\/\/revistaregional.com.br\/site\/2012\/12\/03\/indaiatuba-realiza-parada-de-natal\/","title":{"rendered":"Indaiatuba realiza Parada de Natal"},"content":{"rendered":"<figure id=\"attachment_3985\" aria-describedby=\"caption-attachment-3985\" style=\"width: 384px\" class=\"wp-caption aligncenter\"><a href=\"http:\/\/revistaregional.com.br\/site\/wp-content\/uploads\/2012\/12\/div-essa-fig.jpg\" rel=\"attachment wp-att-3985\"><img fetchpriority=\"high\" decoding=\"async\" class=\" wp-image-3985 \" src=\"http:\/\/revistaregional.com.br\/site\/wp-content\/uploads\/2012\/12\/div-essa-fig.jpg\" alt=\"\" width=\"384\" height=\"255\" srcset=\"https:\/\/revistaregional.com.br\/site\/wp-content\/uploads\/2012\/12\/div-essa-fig.jpg 640w, https:\/\/revistaregional.com.br\/site\/wp-content\/uploads\/2012\/12\/div-essa-fig-300x199.jpg 300w\" sizes=\"(max-width: 384px) 100vw, 384px\" \/><\/a><figcaption id=\"caption-attachment-3985\" class=\"wp-caption-text\">Carro da Parada de Natal realizada no dia 1\u00ba no Centro de Indaiatuba<\/figcaption><\/figure>\n<p>A primeira Parada de Natal de Indaiatuba reuniu cerca de 35 mil pessoas no Centro da cidade na noite de s\u00e1bado, dia 1\u00ba. O desfile que foi realizado na rua Quinze de Novembro, entre as ruas Vinte e Quatro de Maio e Siqueira Campos, contou com tr\u00eas carros decorados e com a participa\u00e7\u00e3o de quase 500 pessoas. No pr\u00f3ximo s\u00e1bado, dia08, aParada acontece na avenida Francisco de Paula Leite, em toda a extens\u00e3o do Boulevard da Cecap, a partir das 19h30.<\/p>\n<p>A abertura do evento foi no palco montado na pra\u00e7a Dom Pedro II, com a apresenta\u00e7\u00e3o da Orquestra de Indaiatuba, Coral Cidade de Indaiatuba e Coral da 3\u00aa Idade, sob a reg\u00eancia de \u00c1urea Ambiel e Paulo de Paula.<\/p>\n<p>Partindo da rua Vinte e Quatro de Maio, o primeiro bloco trouxe o lado religioso do Natal onde desfilaram anjos, estrelas reis magos e pastores, seguidos por um carro com alegorias de um pres\u00e9pio vivo e, fechando o bloco, um grupo de anjos com perna de pau.<\/p>\n<p>O imagin\u00e1rio das crian\u00e7as foi representado no segundo bloco da Parada, que foi aberto por vinte crian\u00e7as vestidas de brinquedos, todas dentro de caixas de presentes, al\u00e9m dos demais participantes caracterizados de bonecas de pano, bichinhos de pel\u00facia, soldadinhos e bailarinas, marionetes, bengalas de a\u00e7\u00facar e pirulitos, seguidas pelo carro F\u00e1brica dos Sonhos.<\/p>\n<figure id=\"attachment_3986\" aria-describedby=\"caption-attachment-3986\" style=\"width: 384px\" class=\"wp-caption alignright\"><a href=\"http:\/\/revistaregional.com.br\/site\/wp-content\/uploads\/2012\/12\/div-essa-fig1.jpg\" rel=\"attachment wp-att-3986\"><img decoding=\"async\" class=\" wp-image-3986 \" src=\"http:\/\/revistaregional.com.br\/site\/wp-content\/uploads\/2012\/12\/div-essa-fig1.jpg\" alt=\"\" width=\"384\" height=\"255\" srcset=\"https:\/\/revistaregional.com.br\/site\/wp-content\/uploads\/2012\/12\/div-essa-fig1.jpg 640w, https:\/\/revistaregional.com.br\/site\/wp-content\/uploads\/2012\/12\/div-essa-fig1-300x199.jpg 300w\" sizes=\"(max-width: 384px) 100vw, 384px\" \/><\/a><figcaption id=\"caption-attachment-3986\" class=\"wp-caption-text\">Desfile de Natal realizado em Indaiatuba<\/figcaption><\/figure>\n<p>No terceiro bloco vieram os motivos cl\u00e1ssicos da tradi\u00e7\u00e3o do Natal, com pinheiros iluminados, um carro com um boneco de neve gigante, luzes de Natal, ajudantes do Papai Noel, sinos de Natal, mam\u00e3e Noel e, fechando o desfile, o carro que trouxe um tren\u00f3 gigante e o t\u00e3o esperado Papai Noel.<\/p>\n<p>Para o coordenador do projeto, o carnavalesco Eder Farias, o objetivo foi cumprido e o desfile realmente encantou o p\u00fablico. \u201cAgrade\u00e7o a confian\u00e7a que o prefeito Reinaldo Nogueira depositou em mim para concretizar o seu projeto de Natal, e todos os parceiros que colaboraram para o sucesso da Parada, entre eles as secretarias de Obras e Vias P\u00fablicas, com suas equipes de el\u00e9trica, serralheria e de tr\u00e2nsito, de Cultura, Educa\u00e7\u00e3o, Esporte e Urbanismo e tamb\u00e9m da academia EstudioEm Cena. Realmentefoi um presente para a popula\u00e7\u00e3o, assim como o prefeito queria\u201d, conclui.<\/p>\n<p>Para quem n\u00e3o conseguiu assistir a Parada de Natal, no pr\u00f3ximo s\u00e1bado, dia 08, ser\u00e1 realizado um segundo desfile, desta vez na avenida Francisco de Paula Leite, no sentido bairro-centro, em toda a extens\u00e3o do Boulevard da Cecap. A abertura ser\u00e1 \u00e0s 19h30 tamb\u00e9m com a apresenta\u00e7\u00e3o da Orquestra de Indaiatuba, Coral Cidade de Indaiatuba e Coral da 3\u00aa Idade. O palco ser\u00e1 montado na Pra\u00e7a do Cato. Em caso de chuva, o evento ser\u00e1 remarcado para outra data.<\/p>\n<p>A avenida ser\u00e1 interditada no trecho entre a avenida Toshiro Nakawara e a rua Nagib Ibrain, a partir das 18h, somente no sentido centro-bairro. Durante todo o s\u00e1bado, n\u00e3o ser\u00e1 permitido o estacionamento de ve\u00edculos no trecho. Ambulantes tamb\u00e9m n\u00e3o ser\u00e3o permitidos em todo o percurso.<\/p>\n<p>O desfile contar\u00e1 com a participa\u00e7\u00e3o de aproximadamente 500 pessoas e envolver\u00e1 as Secretarias de Cultura, de Esportes e da Educa\u00e7\u00e3o e o Est\u00fadioEm Cena. Da Educa\u00e7\u00e3oser\u00e3o cem crian\u00e7as da Emeb Prof. Ant\u00f4nio Luiz Balaminutti, 90 da Prof\u00aa. Renata Guimar\u00e3es Brand\u00e3o Anad\u00e3o e mais 30 do Projeto Vidart.<\/p>\n<p><em>fotos: Eliandro Figueira\u00a0 ACS\/PMI<\/em><\/p>\n","protected":false},"excerpt":{"rendered":"<p>A primeira Parada de Natal de Indaiatuba reuniu cerca de 35 mil pessoas no Centro da cidade na noite de s\u00e1bado, dia 1\u00ba. O desfile que foi realizado na rua Quinze de Novembro, entre as ruas Vinte e Quatro de Maio e Siqueira Campos, contou com tr\u00eas carros decorados e com a participa\u00e7\u00e3o de quase [&hellip;]<\/p>\n","protected":false},"author":1,"featured_media":3985,"comment_status":"open","ping_status":"open","sticky":false,"template":"","format":"standard","meta":{"_acf_changed":false,"ngg_post_thumbnail":0,"_joinchat":[],"footnotes":""},"categories":[4],"tags":[533],"class_list":["post-3984","post","type-post","status-publish","format-standard","has-post-thumbnail","hentry","category-cultura","tag-cultura"],"acf":[],"yoast_head":"<!-- This site is optimized with the Yoast SEO plugin v27.4 - https:\/\/yoast.com\/product\/yoast-seo-wordpress\/ -->\n<title>Indaiatuba realiza Parada de Natal - Revista Regional<\/title>\n<meta name=\"robots\" content=\"index, follow, max-snippet:-1, max-image-preview:large, max-video-preview:-1\" \/>\n<link rel=\"canonical\" href=\"https:\/\/revistaregional.com.br\/site\/2012\/12\/03\/indaiatuba-realiza-parada-de-natal\/\" \/>\n<meta property=\"og:locale\" content=\"pt_BR\" \/>\n<meta property=\"og:type\" content=\"article\" \/>\n<meta property=\"og:title\" content=\"Indaiatuba realiza Parada de Natal - Revista Regional\" \/>\n<meta property=\"og:description\" content=\"A primeira Parada de Natal de Indaiatuba reuniu cerca de 35 mil pessoas no Centro da cidade na noite de s\u00e1bado, dia 1\u00ba. O desfile que foi realizado na rua Quinze de Novembro, entre as ruas Vinte e Quatro de Maio e Siqueira Campos, contou com tr\u00eas carros decorados e com a participa\u00e7\u00e3o de quase [&hellip;]\" \/>\n<meta property=\"og:url\" content=\"https:\/\/revistaregional.com.br\/site\/2012\/12\/03\/indaiatuba-realiza-parada-de-natal\/\" \/>\n<meta property=\"og:site_name\" content=\"Revista Regional\" \/>\n<meta property=\"article:published_time\" content=\"2012-12-03T16:15:50+00:00\" \/>\n<meta property=\"article:modified_time\" content=\"2024-01-26T13:55:15+00:00\" \/>\n<meta property=\"og:image\" content=\"https:\/\/revistaregional.com.br\/site\/wp-content\/uploads\/2012\/12\/div-essa-fig.jpg\" \/>\n\t<meta property=\"og:image:width\" content=\"640\" \/>\n\t<meta property=\"og:image:height\" content=\"425\" \/>\n\t<meta property=\"og:image:type\" content=\"image\/jpeg\" \/>\n<meta name=\"author\" content=\"contato@revistaregional.com.br\" \/>\n<meta name=\"twitter:card\" content=\"summary_large_image\" \/>\n<meta name=\"twitter:label1\" content=\"Escrito por\" \/>\n\t<meta name=\"twitter:data1\" content=\"contato@revistaregional.com.br\" \/>\n\t<meta name=\"twitter:label2\" content=\"Est. tempo de leitura\" \/>\n\t<meta name=\"twitter:data2\" content=\"3 minutos\" \/>\n<script type=\"application\/ld+json\" class=\"yoast-schema-graph\">{\"@context\":\"https:\\\/\\\/schema.org\",\"@graph\":[{\"@type\":\"Article\",\"@id\":\"https:\\\/\\\/revistaregional.com.br\\\/site\\\/2012\\\/12\\\/03\\\/indaiatuba-realiza-parada-de-natal\\\/#article\",\"isPartOf\":{\"@id\":\"https:\\\/\\\/revistaregional.com.br\\\/site\\\/2012\\\/12\\\/03\\\/indaiatuba-realiza-parada-de-natal\\\/\"},\"author\":{\"name\":\"contato@revistaregional.com.br\",\"@id\":\"https:\\\/\\\/revistaregional.com.br\\\/site\\\/#\\\/schema\\\/person\\\/382af97c580dc1b18f55107bc316010d\"},\"headline\":\"Indaiatuba realiza Parada de Natal\",\"datePublished\":\"2012-12-03T16:15:50+00:00\",\"dateModified\":\"2024-01-26T13:55:15+00:00\",\"mainEntityOfPage\":{\"@id\":\"https:\\\/\\\/revistaregional.com.br\\\/site\\\/2012\\\/12\\\/03\\\/indaiatuba-realiza-parada-de-natal\\\/\"},\"wordCount\":621,\"commentCount\":0,\"image\":{\"@id\":\"https:\\\/\\\/revistaregional.com.br\\\/site\\\/2012\\\/12\\\/03\\\/indaiatuba-realiza-parada-de-natal\\\/#primaryimage\"},\"thumbnailUrl\":\"https:\\\/\\\/revistaregional.com.br\\\/site\\\/wp-content\\\/uploads\\\/2012\\\/12\\\/div-essa-fig.jpg\",\"keywords\":[\"Cultura\"],\"articleSection\":[\"Cultura\"],\"inLanguage\":\"pt-BR\",\"potentialAction\":[{\"@type\":\"CommentAction\",\"name\":\"Comment\",\"target\":[\"https:\\\/\\\/revistaregional.com.br\\\/site\\\/2012\\\/12\\\/03\\\/indaiatuba-realiza-parada-de-natal\\\/#respond\"]}]},{\"@type\":\"WebPage\",\"@id\":\"https:\\\/\\\/revistaregional.com.br\\\/site\\\/2012\\\/12\\\/03\\\/indaiatuba-realiza-parada-de-natal\\\/\",\"url\":\"https:\\\/\\\/revistaregional.com.br\\\/site\\\/2012\\\/12\\\/03\\\/indaiatuba-realiza-parada-de-natal\\\/\",\"name\":\"Indaiatuba realiza Parada de Natal - Revista Regional\",\"isPartOf\":{\"@id\":\"https:\\\/\\\/revistaregional.com.br\\\/site\\\/#website\"},\"primaryImageOfPage\":{\"@id\":\"https:\\\/\\\/revistaregional.com.br\\\/site\\\/2012\\\/12\\\/03\\\/indaiatuba-realiza-parada-de-natal\\\/#primaryimage\"},\"image\":{\"@id\":\"https:\\\/\\\/revistaregional.com.br\\\/site\\\/2012\\\/12\\\/03\\\/indaiatuba-realiza-parada-de-natal\\\/#primaryimage\"},\"thumbnailUrl\":\"https:\\\/\\\/revistaregional.com.br\\\/site\\\/wp-content\\\/uploads\\\/2012\\\/12\\\/div-essa-fig.jpg\",\"datePublished\":\"2012-12-03T16:15:50+00:00\",\"dateModified\":\"2024-01-26T13:55:15+00:00\",\"author\":{\"@id\":\"https:\\\/\\\/revistaregional.com.br\\\/site\\\/#\\\/schema\\\/person\\\/382af97c580dc1b18f55107bc316010d\"},\"breadcrumb\":{\"@id\":\"https:\\\/\\\/revistaregional.com.br\\\/site\\\/2012\\\/12\\\/03\\\/indaiatuba-realiza-parada-de-natal\\\/#breadcrumb\"},\"inLanguage\":\"pt-BR\",\"potentialAction\":[{\"@type\":\"ReadAction\",\"target\":[\"https:\\\/\\\/revistaregional.com.br\\\/site\\\/2012\\\/12\\\/03\\\/indaiatuba-realiza-parada-de-natal\\\/\"]}]},{\"@type\":\"ImageObject\",\"inLanguage\":\"pt-BR\",\"@id\":\"https:\\\/\\\/revistaregional.com.br\\\/site\\\/2012\\\/12\\\/03\\\/indaiatuba-realiza-parada-de-natal\\\/#primaryimage\",\"url\":\"https:\\\/\\\/revistaregional.com.br\\\/site\\\/wp-content\\\/uploads\\\/2012\\\/12\\\/div-essa-fig.jpg\",\"contentUrl\":\"https:\\\/\\\/revistaregional.com.br\\\/site\\\/wp-content\\\/uploads\\\/2012\\\/12\\\/div-essa-fig.jpg\",\"width\":\"640\",\"height\":\"425\",\"caption\":\"Carro da Parada de Natal realizada no dia 1\u00ba no Centro de Indaiatuba\"},{\"@type\":\"BreadcrumbList\",\"@id\":\"https:\\\/\\\/revistaregional.com.br\\\/site\\\/2012\\\/12\\\/03\\\/indaiatuba-realiza-parada-de-natal\\\/#breadcrumb\",\"itemListElement\":[{\"@type\":\"ListItem\",\"position\":1,\"name\":\"In\u00edcio\",\"item\":\"https:\\\/\\\/revistaregional.com.br\\\/site\\\/\"},{\"@type\":\"ListItem\",\"position\":2,\"name\":\"Indaiatuba realiza Parada de Natal\"}]},{\"@type\":\"WebSite\",\"@id\":\"https:\\\/\\\/revistaregional.com.br\\\/site\\\/#website\",\"url\":\"https:\\\/\\\/revistaregional.com.br\\\/site\\\/\",\"name\":\"Revista Regional\",\"description\":\"Salto - Itu - Indaituba\",\"potentialAction\":[{\"@type\":\"SearchAction\",\"target\":{\"@type\":\"EntryPoint\",\"urlTemplate\":\"https:\\\/\\\/revistaregional.com.br\\\/site\\\/?s={search_term_string}\"},\"query-input\":{\"@type\":\"PropertyValueSpecification\",\"valueRequired\":true,\"valueName\":\"search_term_string\"}}],\"inLanguage\":\"pt-BR\"},{\"@type\":\"Person\",\"@id\":\"https:\\\/\\\/revistaregional.com.br\\\/site\\\/#\\\/schema\\\/person\\\/382af97c580dc1b18f55107bc316010d\",\"name\":\"contato@revistaregional.com.br\",\"image\":{\"@type\":\"ImageObject\",\"inLanguage\":\"pt-BR\",\"@id\":\"https:\\\/\\\/secure.gravatar.com\\\/avatar\\\/869822917e96b2e292d5827e4635855396934485e7c4a0af84e9a214e32ca0cd?s=96&d=mm&r=g\",\"url\":\"https:\\\/\\\/secure.gravatar.com\\\/avatar\\\/869822917e96b2e292d5827e4635855396934485e7c4a0af84e9a214e32ca0cd?s=96&d=mm&r=g\",\"contentUrl\":\"https:\\\/\\\/secure.gravatar.com\\\/avatar\\\/869822917e96b2e292d5827e4635855396934485e7c4a0af84e9a214e32ca0cd?s=96&d=mm&r=g\",\"caption\":\"contato@revistaregional.com.br\"},\"url\":\"https:\\\/\\\/revistaregional.com.br\\\/site\\\/author\\\/contato@revistaregional.com.br\\\/\"}]}<\/script>\n<!-- \/ Yoast SEO plugin. -->","yoast_head_json":{"title":"Indaiatuba realiza Parada de Natal - Revista Regional","robots":{"index":"index","follow":"follow","max-snippet":"max-snippet:-1","max-image-preview":"max-image-preview:large","max-video-preview":"max-video-preview:-1"},"canonical":"https:\/\/revistaregional.com.br\/site\/2012\/12\/03\/indaiatuba-realiza-parada-de-natal\/","og_locale":"pt_BR","og_type":"article","og_title":"Indaiatuba realiza Parada de Natal - Revista Regional","og_description":"A primeira Parada de Natal de Indaiatuba reuniu cerca de 35 mil pessoas no Centro da cidade na noite de s\u00e1bado, dia 1\u00ba. O desfile que foi realizado na rua Quinze de Novembro, entre as ruas Vinte e Quatro de Maio e Siqueira Campos, contou com tr\u00eas carros decorados e com a participa\u00e7\u00e3o de quase [&hellip;]","og_url":"https:\/\/revistaregional.com.br\/site\/2012\/12\/03\/indaiatuba-realiza-parada-de-natal\/","og_site_name":"Revista Regional","article_published_time":"2012-12-03T16:15:50+00:00","article_modified_time":"2024-01-26T13:55:15+00:00","og_image":[{"width":640,"height":425,"url":"https:\/\/revistaregional.com.br\/site\/wp-content\/uploads\/2012\/12\/div-essa-fig.jpg","type":"image\/jpeg"}],"author":"contato@revistaregional.com.br","twitter_card":"summary_large_image","twitter_misc":{"Escrito por":"contato@revistaregional.com.br","Est. tempo de leitura":"3 minutos"},"schema":{"@context":"https:\/\/schema.org","@graph":[{"@type":"Article","@id":"https:\/\/revistaregional.com.br\/site\/2012\/12\/03\/indaiatuba-realiza-parada-de-natal\/#article","isPartOf":{"@id":"https:\/\/revistaregional.com.br\/site\/2012\/12\/03\/indaiatuba-realiza-parada-de-natal\/"},"author":{"name":"contato@revistaregional.com.br","@id":"https:\/\/revistaregional.com.br\/site\/#\/schema\/person\/382af97c580dc1b18f55107bc316010d"},"headline":"Indaiatuba realiza Parada de Natal","datePublished":"2012-12-03T16:15:50+00:00","dateModified":"2024-01-26T13:55:15+00:00","mainEntityOfPage":{"@id":"https:\/\/revistaregional.com.br\/site\/2012\/12\/03\/indaiatuba-realiza-parada-de-natal\/"},"wordCount":621,"commentCount":0,"image":{"@id":"https:\/\/revistaregional.com.br\/site\/2012\/12\/03\/indaiatuba-realiza-parada-de-natal\/#primaryimage"},"thumbnailUrl":"https:\/\/revistaregional.com.br\/site\/wp-content\/uploads\/2012\/12\/div-essa-fig.jpg","keywords":["Cultura"],"articleSection":["Cultura"],"inLanguage":"pt-BR","potentialAction":[{"@type":"CommentAction","name":"Comment","target":["https:\/\/revistaregional.com.br\/site\/2012\/12\/03\/indaiatuba-realiza-parada-de-natal\/#respond"]}]},{"@type":"WebPage","@id":"https:\/\/revistaregional.com.br\/site\/2012\/12\/03\/indaiatuba-realiza-parada-de-natal\/","url":"https:\/\/revistaregional.com.br\/site\/2012\/12\/03\/indaiatuba-realiza-parada-de-natal\/","name":"Indaiatuba realiza Parada de Natal - Revista Regional","isPartOf":{"@id":"https:\/\/revistaregional.com.br\/site\/#website"},"primaryImageOfPage":{"@id":"https:\/\/revistaregional.com.br\/site\/2012\/12\/03\/indaiatuba-realiza-parada-de-natal\/#primaryimage"},"image":{"@id":"https:\/\/revistaregional.com.br\/site\/2012\/12\/03\/indaiatuba-realiza-parada-de-natal\/#primaryimage"},"thumbnailUrl":"https:\/\/revistaregional.com.br\/site\/wp-content\/uploads\/2012\/12\/div-essa-fig.jpg","datePublished":"2012-12-03T16:15:50+00:00","dateModified":"2024-01-26T13:55:15+00:00","author":{"@id":"https:\/\/revistaregional.com.br\/site\/#\/schema\/person\/382af97c580dc1b18f55107bc316010d"},"breadcrumb":{"@id":"https:\/\/revistaregional.com.br\/site\/2012\/12\/03\/indaiatuba-realiza-parada-de-natal\/#breadcrumb"},"inLanguage":"pt-BR","potentialAction":[{"@type":"ReadAction","target":["https:\/\/revistaregional.com.br\/site\/2012\/12\/03\/indaiatuba-realiza-parada-de-natal\/"]}]},{"@type":"ImageObject","inLanguage":"pt-BR","@id":"https:\/\/revistaregional.com.br\/site\/2012\/12\/03\/indaiatuba-realiza-parada-de-natal\/#primaryimage","url":"https:\/\/revistaregional.com.br\/site\/wp-content\/uploads\/2012\/12\/div-essa-fig.jpg","contentUrl":"https:\/\/revistaregional.com.br\/site\/wp-content\/uploads\/2012\/12\/div-essa-fig.jpg","width":"640","height":"425","caption":"Carro da Parada de Natal realizada no dia 1\u00ba no Centro de Indaiatuba"},{"@type":"BreadcrumbList","@id":"https:\/\/revistaregional.com.br\/site\/2012\/12\/03\/indaiatuba-realiza-parada-de-natal\/#breadcrumb","itemListElement":[{"@type":"ListItem","position":1,"name":"In\u00edcio","item":"https:\/\/revistaregional.com.br\/site\/"},{"@type":"ListItem","position":2,"name":"Indaiatuba realiza Parada de Natal"}]},{"@type":"WebSite","@id":"https:\/\/revistaregional.com.br\/site\/#website","url":"https:\/\/revistaregional.com.br\/site\/","name":"Revista Regional","description":"Salto - Itu - Indaituba","potentialAction":[{"@type":"SearchAction","target":{"@type":"EntryPoint","urlTemplate":"https:\/\/revistaregional.com.br\/site\/?s={search_term_string}"},"query-input":{"@type":"PropertyValueSpecification","valueRequired":true,"valueName":"search_term_string"}}],"inLanguage":"pt-BR"},{"@type":"Person","@id":"https:\/\/revistaregional.com.br\/site\/#\/schema\/person\/382af97c580dc1b18f55107bc316010d","name":"contato@revistaregional.com.br","image":{"@type":"ImageObject","inLanguage":"pt-BR","@id":"https:\/\/secure.gravatar.com\/avatar\/869822917e96b2e292d5827e4635855396934485e7c4a0af84e9a214e32ca0cd?s=96&d=mm&r=g","url":"https:\/\/secure.gravatar.com\/avatar\/869822917e96b2e292d5827e4635855396934485e7c4a0af84e9a214e32ca0cd?s=96&d=mm&r=g","contentUrl":"https:\/\/secure.gravatar.com\/avatar\/869822917e96b2e292d5827e4635855396934485e7c4a0af84e9a214e32ca0cd?s=96&d=mm&r=g","caption":"contato@revistaregional.com.br"},"url":"https:\/\/revistaregional.com.br\/site\/author\/contato@revistaregional.com.br\/"}]}},"views":52,"_links":{"self":[{"href":"https:\/\/revistaregional.com.br\/site\/wp-json\/wp\/v2\/posts\/3984","targetHints":{"allow":["GET"]}}],"collection":[{"href":"https:\/\/revistaregional.com.br\/site\/wp-json\/wp\/v2\/posts"}],"about":[{"href":"https:\/\/revistaregional.com.br\/site\/wp-json\/wp\/v2\/types\/post"}],"author":[{"embeddable":true,"href":"https:\/\/revistaregional.com.br\/site\/wp-json\/wp\/v2\/users\/1"}],"replies":[{"embeddable":true,"href":"https:\/\/revistaregional.com.br\/site\/wp-json\/wp\/v2\/comments?post=3984"}],"version-history":[{"count":3,"href":"https:\/\/revistaregional.com.br\/site\/wp-json\/wp\/v2\/posts\/3984\/revisions"}],"predecessor-version":[{"id":3989,"href":"https:\/\/revistaregional.com.br\/site\/wp-json\/wp\/v2\/posts\/3984\/revisions\/3989"}],"wp:featuredmedia":[{"embeddable":true,"href":"https:\/\/revistaregional.com.br\/site\/wp-json\/wp\/v2\/media\/3985"}],"wp:attachment":[{"href":"https:\/\/revistaregional.com.br\/site\/wp-json\/wp\/v2\/media?parent=3984"}],"wp:term":[{"taxonomy":"category","embeddable":true,"href":"https:\/\/revistaregional.com.br\/site\/wp-json\/wp\/v2\/categories?post=3984"},{"taxonomy":"post_tag","embeddable":true,"href":"https:\/\/revistaregional.com.br\/site\/wp-json\/wp\/v2\/tags?post=3984"}],"curies":[{"name":"wp","href":"https:\/\/api.w.org\/{rel}","templated":true}]}}