{"id":3807,"date":"2012-11-07T13:45:01","date_gmt":"2012-11-07T16:45:01","guid":{"rendered":"http:\/\/revistaregional.com.br\/site\/?p=3807"},"modified":"2024-01-26T09:57:47","modified_gmt":"2024-01-26T12:57:47","slug":"livros-surpreendem-populacao-em-itu","status":"publish","type":"post","link":"https:\/\/revistaregional.com.br\/site\/2012\/11\/07\/livros-surpreendem-populacao-em-itu\/","title":{"rendered":"Livros surpreendem popula\u00e7\u00e3o em Itu"},"content":{"rendered":"<figure id=\"attachment_3808\" aria-describedby=\"caption-attachment-3808\" style=\"width: 384px\" class=\"wp-caption aligncenter\"><a href=\"http:\/\/revistaregional.com.br\/site\/wp-content\/uploads\/2012\/11\/mundo-melhor-livros-itu-2.jpg\" rel=\"attachment wp-att-3808\"><img fetchpriority=\"high\" decoding=\"async\" class=\" wp-image-3808\" title=\"mundo melhor livros itu (2)\" src=\"http:\/\/revistaregional.com.br\/site\/wp-content\/uploads\/2012\/11\/mundo-melhor-livros-itu-2.jpg\" alt=\"\" width=\"384\" height=\"256\" srcset=\"https:\/\/revistaregional.com.br\/site\/wp-content\/uploads\/2012\/11\/mundo-melhor-livros-itu-2.jpg 640w, https:\/\/revistaregional.com.br\/site\/wp-content\/uploads\/2012\/11\/mundo-melhor-livros-itu-2-300x200.jpg 300w\" sizes=\"(max-width: 384px) 100vw, 384px\" \/><\/a><figcaption id=\"caption-attachment-3808\" class=\"wp-caption-text\">Algumas pessoas ao se sentarem nos bancos das pra\u00e7as viram os livros, mas nem mexeram<\/figcaption><\/figure>\n<p align=\"center\"><em>Obras de diversos autores est\u00e3o sendo deixados em pontos estrat\u00e9gicos da cidade para que os ituanos os encontrem e levem para casa<\/em><\/p>\n<p>Come\u00e7ou na manh\u00e3 desta quarta-feira (dia 07) a campanha de incentivo \u00e0 leitura que distribuir\u00e1 gratuitamente mais de 400 livros para toda popula\u00e7\u00e3o da cidade de Itu. O projeto consiste em deixar livros em locais p\u00fablicos, para que as pessoas os encontrem e levem para casa. Todos os livros cont\u00eam uma folha explicando que, quem o encontrou, acaba de ganhar um livro e que, depois de ler pode emprest\u00e1-lo a um amigo, irm\u00e3o, vizinho ou qualquer outra pessoa que queira ler.<\/p>\n<p>Neste primeiro dia de distribui\u00e7\u00e3o houve v\u00e1rios tipos de rea\u00e7\u00e3o. Algumas pessoas ao se sentarem nos bancos das pra\u00e7as viram os livros, mas nem mexeram. Outras, mais curiosas, abriram e se surpreenderam ao descobrir que acabaram de ganhar um presente. Ainda teve quem iniciou a leitura no mesmo instante, aproveitando as sombras das \u00e1rvores para se deixar levar pela hist\u00f3ria.<\/p>\n<figure id=\"attachment_3809\" aria-describedby=\"caption-attachment-3809\" style=\"width: 384px\" class=\"wp-caption alignright\"><a href=\"http:\/\/revistaregional.com.br\/site\/wp-content\/uploads\/2012\/11\/mundo-melhor-livros-itu-4.jpg\" rel=\"attachment wp-att-3809\"><img decoding=\"async\" class=\" wp-image-3809 \" src=\"http:\/\/revistaregional.com.br\/site\/wp-content\/uploads\/2012\/11\/mundo-melhor-livros-itu-4.jpg\" alt=\"\" width=\"384\" height=\"255\" srcset=\"https:\/\/revistaregional.com.br\/site\/wp-content\/uploads\/2012\/11\/mundo-melhor-livros-itu-4.jpg 640w, https:\/\/revistaregional.com.br\/site\/wp-content\/uploads\/2012\/11\/mundo-melhor-livros-itu-4-300x199.jpg 300w\" sizes=\"(max-width: 384px) 100vw, 384px\" \/><\/a><figcaption id=\"caption-attachment-3809\" class=\"wp-caption-text\">Outras, mais curiosas, abriram e se surpreenderam ao descobrir que acabaram de ganhar um presente<\/figcaption><\/figure>\n<p>Os t\u00edtulos atingem todas as idades com autores como William Shakespeare, Pearl S. Buck, Sidney Sheldon, Agatha Christie, Clarice Lispector (\u00c1gua Viva), Vinicius de Moraes (A Arca de No\u00e9), Jorge Amado, Flaubert (Madame Bovary), Jorge Amado (Capit\u00e3es de Areia), Paulo Coelho (Um di\u00e1rio de um Mago), Stephenie Meyer (Eclipse), Sidney Sheldon (Um estranho no espelho), Ruth Rocha (Marcelo, Martelo, Marmelo) entre muitos outros.<\/p>\n<p>A distribui\u00e7\u00e3o segue at\u00e9 o s\u00e1bado (dia 10) em igrejas, pontos de \u00f4nibus, mercado municipal, rodovi\u00e1ria, parques, Melhor Idade, postos de sa\u00fade, F\u00f3rum, cart\u00f3rios, sal\u00f5es de beleza, restaurantes, cafeterias, laborat\u00f3rios e muitos outros lugares onde a popula\u00e7\u00e3o tem acesso.<\/p>\n<p>Este projeto integra a Semana da Cultura e Incentivo \u00e0 Leitura, que vai de05 a10 de novembro. A iniciativa \u00e9 da Secretaria Municipal de Cultura com o apoio da Acadil (Academia Ituana de Letras), Conselho Municipal de Cultura, Museu da Energia, Museu Republicano \u201cConven\u00e7\u00e3o de Itu\u201d, Museu da M\u00fasica e Regimento Deodoro.<\/p>\n<p>Acompanhe abaixo toda a programa\u00e7\u00e3o:<\/p>\n<p>05 a30\/11<\/p>\n<p>Projeto Efem\u00e9rides \u2013 mostra de livros sobre o processo pol\u00edtico e partidos pol\u00edticos brasileiros.<\/p>\n<p>Azulejaria: bibliografia para consulta \u2013 atividade complementar \u00e0 Exposi\u00e7\u00e3o Tempor\u00e1ria no edif\u00edcio sede do Museu Republicano Conven\u00e7\u00e3o de Itu \u2013 MP\/USP<\/p>\n<p>Treinamentos Individuais \u2013 elabora\u00e7\u00e3o de projetos e trabalhos acad\u00eamicos<\/p>\n<p>Agendamento: <a href=\"mailto:biblmrci@usp.br\">biblmrci@usp.br<\/a> ou (11) 4023-2525<\/p>\n<p>Hor\u00e1rio: segunda a sexta-feira, das 8h \u00e0s 17h<\/p>\n<p>Local: Centro de Estudos do Museu Republicano Conven\u00e7\u00e3o de Itu \u2013 MP\/USP &#8211; Rua Bar\u00e3o de Itaim, 140<\/p>\n<p>06 a11 de novembro \u2013 Mostra \u201cA vida como ela era&#8230;\u201d &#8211; Parceria com Emeja Professora Maria da Gl\u00f3ria Amirat<\/p>\n<p>Hor\u00e1rio: 10h \u00e0s 17h<\/p>\n<p>Local: Museu da Energia Itu<\/p>\n<p>08\/11 &#8211; Grupo Escolar Conven\u00e7\u00e3o deItu: mem\u00f3ria, restaura\u00e7\u00e3o, destina\u00e7\u00e3o.<\/p>\n<p>19h Apresenta\u00e7\u00e3o do Projeto Arquivo e Mem\u00f3ria Escolar, realizado pelos departamentos educativo e documenta\u00e7\u00e3o do Museu Republicano Conven\u00e7\u00e3o de Itu \u2013MP\/USP \u2013 MS. Aline Zanatta e Dr\u00aa Anicleide Zequini<\/p>\n<p>19h30 \u2013 Apresenta\u00e7\u00e3o do estudo para restaura\u00e7\u00e3o e uso do Grupo Escolar Conven\u00e7\u00e3o de Itu<\/p>\n<p>Arquiteta Ms. Shirlei Carvalho Dantas \u2013 Secret\u00e1ria Municipal de Planejamento<\/p>\n<p>Eng.\u00ba Jos\u00e9 Antonio Friguetto \u2013 Projeto Oficina Escola de Artes e Of\u00edcios de Santana do Parna\u00edba<\/p>\n<p>Eng.\u00ba Raul de Souza Almeida \u2013 Projeto Oficina Escola de Artes e Of\u00edcios de Itu<\/p>\n<p>Local: Centro de Estudos do Museu Republicano Conven\u00e7\u00e3o de Itu \u2013 MP\/USP Rua Bar\u00e3o de Itaim, 140 \u2013 Centro<\/p>\n<p>09\/11 &#8211; Mesa redonda &#8211; Pol\u00edticas P\u00fablicas em Cultura: a constru\u00e7\u00e3o do Plano Municipal de Cultura.<\/p>\n<p>Val\u00e9rio da Costa Bemfica e M\u00f4nica Severo &#8211; Minist\u00e9rio da Cultura<\/p>\n<p>Maria Cristina Tasca Monteiro &#8211; Conselho Municipal de Cultura<\/p>\n<p>Jonas Soares de Souza &#8211; Secret\u00e1rio Municipal de Cultura<\/p>\n<p>Hor\u00e1rio: 19h30<\/p>\n<p>Local: Centro de Estudos do Museu Republicano Conven\u00e7\u00e3o de Itu \u2013 MP\/USP<\/p>\n<p>10\/11 &#8211; Workshop: A arte de contar hist\u00f3rias \u2013 Professora Claudia Capelli\u00a0 &#8211; 30 vagas<\/p>\n<p>Inscri\u00e7\u00f5es info.cultura@itu.sp.gov.br<\/p>\n<p>Hor\u00e1rio: 9h<\/p>\n<p>Local: Museu da Energia- Itu<\/p>\n<p>10\/11 &#8211; A Hist\u00f3ria do Brasil atrav\u00e9s da M\u00fasica \u2013 Orquestra de C\u00e2mara Cantilena Ensemble e Irineu Franco Perp\u00e9tuo<\/p>\n<p>Hor\u00e1rio: 19h30<\/p>\n<p>Local: Regimento Deodoro, Pra\u00e7a Duque de Caxias, 284<\/p>\n","protected":false},"excerpt":{"rendered":"<p>Obras de diversos autores est\u00e3o sendo deixados em pontos estrat\u00e9gicos da cidade para que os ituanos os encontrem e levem para casa Come\u00e7ou na manh\u00e3 desta quarta-feira (dia 07) a campanha de incentivo \u00e0 leitura que distribuir\u00e1 gratuitamente mais de 400 livros para toda popula\u00e7\u00e3o da cidade de Itu. O projeto consiste em deixar livros [&hellip;]<\/p>\n","protected":false},"author":1,"featured_media":3808,"comment_status":"open","ping_status":"open","sticky":false,"template":"","format":"standard","meta":{"_acf_changed":false,"ngg_post_thumbnail":0,"_joinchat":[],"footnotes":""},"categories":[12],"tags":[527],"class_list":["post-3807","post","type-post","status-publish","format-standard","has-post-thumbnail","hentry","category-regionais","tag-regionais"],"acf":[],"yoast_head":"<!-- This site is optimized with the Yoast SEO plugin v27.4 - https:\/\/yoast.com\/product\/yoast-seo-wordpress\/ -->\n<title>Livros surpreendem popula\u00e7\u00e3o em Itu - Revista Regional<\/title>\n<meta name=\"robots\" content=\"index, follow, max-snippet:-1, max-image-preview:large, max-video-preview:-1\" \/>\n<link rel=\"canonical\" href=\"https:\/\/revistaregional.com.br\/site\/2012\/11\/07\/livros-surpreendem-populacao-em-itu\/\" \/>\n<meta property=\"og:locale\" content=\"pt_BR\" \/>\n<meta property=\"og:type\" content=\"article\" \/>\n<meta property=\"og:title\" content=\"Livros surpreendem popula\u00e7\u00e3o em Itu - Revista Regional\" \/>\n<meta property=\"og:description\" content=\"Obras de diversos autores est\u00e3o sendo deixados em pontos estrat\u00e9gicos da cidade para que os ituanos os encontrem e levem para casa Come\u00e7ou na manh\u00e3 desta quarta-feira (dia 07) a campanha de incentivo \u00e0 leitura que distribuir\u00e1 gratuitamente mais de 400 livros para toda popula\u00e7\u00e3o da cidade de Itu. O projeto consiste em deixar livros [&hellip;]\" \/>\n<meta property=\"og:url\" content=\"https:\/\/revistaregional.com.br\/site\/2012\/11\/07\/livros-surpreendem-populacao-em-itu\/\" \/>\n<meta property=\"og:site_name\" content=\"Revista Regional\" \/>\n<meta property=\"article:published_time\" content=\"2012-11-07T16:45:01+00:00\" \/>\n<meta property=\"article:modified_time\" content=\"2024-01-26T12:57:47+00:00\" \/>\n<meta property=\"og:image\" content=\"https:\/\/revistaregional.com.br\/site\/wp-content\/uploads\/2012\/11\/mundo-melhor-livros-itu-2.jpg\" \/>\n\t<meta property=\"og:image:width\" content=\"640\" \/>\n\t<meta property=\"og:image:height\" content=\"427\" \/>\n\t<meta property=\"og:image:type\" content=\"image\/jpeg\" \/>\n<meta name=\"author\" content=\"contato@revistaregional.com.br\" \/>\n<meta name=\"twitter:card\" content=\"summary_large_image\" \/>\n<meta name=\"twitter:label1\" content=\"Escrito por\" \/>\n\t<meta name=\"twitter:data1\" content=\"contato@revistaregional.com.br\" \/>\n\t<meta name=\"twitter:label2\" content=\"Est. tempo de leitura\" \/>\n\t<meta name=\"twitter:data2\" content=\"4 minutos\" \/>\n<script type=\"application\/ld+json\" class=\"yoast-schema-graph\">{\"@context\":\"https:\\\/\\\/schema.org\",\"@graph\":[{\"@type\":\"Article\",\"@id\":\"https:\\\/\\\/revistaregional.com.br\\\/site\\\/2012\\\/11\\\/07\\\/livros-surpreendem-populacao-em-itu\\\/#article\",\"isPartOf\":{\"@id\":\"https:\\\/\\\/revistaregional.com.br\\\/site\\\/2012\\\/11\\\/07\\\/livros-surpreendem-populacao-em-itu\\\/\"},\"author\":{\"name\":\"contato@revistaregional.com.br\",\"@id\":\"https:\\\/\\\/revistaregional.com.br\\\/site\\\/#\\\/schema\\\/person\\\/382af97c580dc1b18f55107bc316010d\"},\"headline\":\"Livros surpreendem popula\u00e7\u00e3o em Itu\",\"datePublished\":\"2012-11-07T16:45:01+00:00\",\"dateModified\":\"2024-01-26T12:57:47+00:00\",\"mainEntityOfPage\":{\"@id\":\"https:\\\/\\\/revistaregional.com.br\\\/site\\\/2012\\\/11\\\/07\\\/livros-surpreendem-populacao-em-itu\\\/\"},\"wordCount\":760,\"commentCount\":0,\"image\":{\"@id\":\"https:\\\/\\\/revistaregional.com.br\\\/site\\\/2012\\\/11\\\/07\\\/livros-surpreendem-populacao-em-itu\\\/#primaryimage\"},\"thumbnailUrl\":\"https:\\\/\\\/revistaregional.com.br\\\/site\\\/wp-content\\\/uploads\\\/2012\\\/11\\\/mundo-melhor-livros-itu-2.jpg\",\"keywords\":[\"Regionais\"],\"articleSection\":[\"Regionais\"],\"inLanguage\":\"pt-BR\",\"potentialAction\":[{\"@type\":\"CommentAction\",\"name\":\"Comment\",\"target\":[\"https:\\\/\\\/revistaregional.com.br\\\/site\\\/2012\\\/11\\\/07\\\/livros-surpreendem-populacao-em-itu\\\/#respond\"]}]},{\"@type\":\"WebPage\",\"@id\":\"https:\\\/\\\/revistaregional.com.br\\\/site\\\/2012\\\/11\\\/07\\\/livros-surpreendem-populacao-em-itu\\\/\",\"url\":\"https:\\\/\\\/revistaregional.com.br\\\/site\\\/2012\\\/11\\\/07\\\/livros-surpreendem-populacao-em-itu\\\/\",\"name\":\"Livros surpreendem popula\u00e7\u00e3o em Itu - Revista Regional\",\"isPartOf\":{\"@id\":\"https:\\\/\\\/revistaregional.com.br\\\/site\\\/#website\"},\"primaryImageOfPage\":{\"@id\":\"https:\\\/\\\/revistaregional.com.br\\\/site\\\/2012\\\/11\\\/07\\\/livros-surpreendem-populacao-em-itu\\\/#primaryimage\"},\"image\":{\"@id\":\"https:\\\/\\\/revistaregional.com.br\\\/site\\\/2012\\\/11\\\/07\\\/livros-surpreendem-populacao-em-itu\\\/#primaryimage\"},\"thumbnailUrl\":\"https:\\\/\\\/revistaregional.com.br\\\/site\\\/wp-content\\\/uploads\\\/2012\\\/11\\\/mundo-melhor-livros-itu-2.jpg\",\"datePublished\":\"2012-11-07T16:45:01+00:00\",\"dateModified\":\"2024-01-26T12:57:47+00:00\",\"author\":{\"@id\":\"https:\\\/\\\/revistaregional.com.br\\\/site\\\/#\\\/schema\\\/person\\\/382af97c580dc1b18f55107bc316010d\"},\"breadcrumb\":{\"@id\":\"https:\\\/\\\/revistaregional.com.br\\\/site\\\/2012\\\/11\\\/07\\\/livros-surpreendem-populacao-em-itu\\\/#breadcrumb\"},\"inLanguage\":\"pt-BR\",\"potentialAction\":[{\"@type\":\"ReadAction\",\"target\":[\"https:\\\/\\\/revistaregional.com.br\\\/site\\\/2012\\\/11\\\/07\\\/livros-surpreendem-populacao-em-itu\\\/\"]}]},{\"@type\":\"ImageObject\",\"inLanguage\":\"pt-BR\",\"@id\":\"https:\\\/\\\/revistaregional.com.br\\\/site\\\/2012\\\/11\\\/07\\\/livros-surpreendem-populacao-em-itu\\\/#primaryimage\",\"url\":\"https:\\\/\\\/revistaregional.com.br\\\/site\\\/wp-content\\\/uploads\\\/2012\\\/11\\\/mundo-melhor-livros-itu-2.jpg\",\"contentUrl\":\"https:\\\/\\\/revistaregional.com.br\\\/site\\\/wp-content\\\/uploads\\\/2012\\\/11\\\/mundo-melhor-livros-itu-2.jpg\",\"width\":\"640\",\"height\":\"427\"},{\"@type\":\"BreadcrumbList\",\"@id\":\"https:\\\/\\\/revistaregional.com.br\\\/site\\\/2012\\\/11\\\/07\\\/livros-surpreendem-populacao-em-itu\\\/#breadcrumb\",\"itemListElement\":[{\"@type\":\"ListItem\",\"position\":1,\"name\":\"In\u00edcio\",\"item\":\"https:\\\/\\\/revistaregional.com.br\\\/site\\\/\"},{\"@type\":\"ListItem\",\"position\":2,\"name\":\"Livros surpreendem popula\u00e7\u00e3o em Itu\"}]},{\"@type\":\"WebSite\",\"@id\":\"https:\\\/\\\/revistaregional.com.br\\\/site\\\/#website\",\"url\":\"https:\\\/\\\/revistaregional.com.br\\\/site\\\/\",\"name\":\"Revista Regional\",\"description\":\"Salto - Itu - Indaituba\",\"potentialAction\":[{\"@type\":\"SearchAction\",\"target\":{\"@type\":\"EntryPoint\",\"urlTemplate\":\"https:\\\/\\\/revistaregional.com.br\\\/site\\\/?s={search_term_string}\"},\"query-input\":{\"@type\":\"PropertyValueSpecification\",\"valueRequired\":true,\"valueName\":\"search_term_string\"}}],\"inLanguage\":\"pt-BR\"},{\"@type\":\"Person\",\"@id\":\"https:\\\/\\\/revistaregional.com.br\\\/site\\\/#\\\/schema\\\/person\\\/382af97c580dc1b18f55107bc316010d\",\"name\":\"contato@revistaregional.com.br\",\"image\":{\"@type\":\"ImageObject\",\"inLanguage\":\"pt-BR\",\"@id\":\"https:\\\/\\\/secure.gravatar.com\\\/avatar\\\/869822917e96b2e292d5827e4635855396934485e7c4a0af84e9a214e32ca0cd?s=96&d=mm&r=g\",\"url\":\"https:\\\/\\\/secure.gravatar.com\\\/avatar\\\/869822917e96b2e292d5827e4635855396934485e7c4a0af84e9a214e32ca0cd?s=96&d=mm&r=g\",\"contentUrl\":\"https:\\\/\\\/secure.gravatar.com\\\/avatar\\\/869822917e96b2e292d5827e4635855396934485e7c4a0af84e9a214e32ca0cd?s=96&d=mm&r=g\",\"caption\":\"contato@revistaregional.com.br\"},\"url\":\"https:\\\/\\\/revistaregional.com.br\\\/site\\\/author\\\/contato@revistaregional.com.br\\\/\"}]}<\/script>\n<!-- \/ Yoast SEO plugin. -->","yoast_head_json":{"title":"Livros surpreendem popula\u00e7\u00e3o em Itu - Revista Regional","robots":{"index":"index","follow":"follow","max-snippet":"max-snippet:-1","max-image-preview":"max-image-preview:large","max-video-preview":"max-video-preview:-1"},"canonical":"https:\/\/revistaregional.com.br\/site\/2012\/11\/07\/livros-surpreendem-populacao-em-itu\/","og_locale":"pt_BR","og_type":"article","og_title":"Livros surpreendem popula\u00e7\u00e3o em Itu - Revista Regional","og_description":"Obras de diversos autores est\u00e3o sendo deixados em pontos estrat\u00e9gicos da cidade para que os ituanos os encontrem e levem para casa Come\u00e7ou na manh\u00e3 desta quarta-feira (dia 07) a campanha de incentivo \u00e0 leitura que distribuir\u00e1 gratuitamente mais de 400 livros para toda popula\u00e7\u00e3o da cidade de Itu. O projeto consiste em deixar livros [&hellip;]","og_url":"https:\/\/revistaregional.com.br\/site\/2012\/11\/07\/livros-surpreendem-populacao-em-itu\/","og_site_name":"Revista Regional","article_published_time":"2012-11-07T16:45:01+00:00","article_modified_time":"2024-01-26T12:57:47+00:00","og_image":[{"width":640,"height":427,"url":"https:\/\/revistaregional.com.br\/site\/wp-content\/uploads\/2012\/11\/mundo-melhor-livros-itu-2.jpg","type":"image\/jpeg"}],"author":"contato@revistaregional.com.br","twitter_card":"summary_large_image","twitter_misc":{"Escrito por":"contato@revistaregional.com.br","Est. tempo de leitura":"4 minutos"},"schema":{"@context":"https:\/\/schema.org","@graph":[{"@type":"Article","@id":"https:\/\/revistaregional.com.br\/site\/2012\/11\/07\/livros-surpreendem-populacao-em-itu\/#article","isPartOf":{"@id":"https:\/\/revistaregional.com.br\/site\/2012\/11\/07\/livros-surpreendem-populacao-em-itu\/"},"author":{"name":"contato@revistaregional.com.br","@id":"https:\/\/revistaregional.com.br\/site\/#\/schema\/person\/382af97c580dc1b18f55107bc316010d"},"headline":"Livros surpreendem popula\u00e7\u00e3o em Itu","datePublished":"2012-11-07T16:45:01+00:00","dateModified":"2024-01-26T12:57:47+00:00","mainEntityOfPage":{"@id":"https:\/\/revistaregional.com.br\/site\/2012\/11\/07\/livros-surpreendem-populacao-em-itu\/"},"wordCount":760,"commentCount":0,"image":{"@id":"https:\/\/revistaregional.com.br\/site\/2012\/11\/07\/livros-surpreendem-populacao-em-itu\/#primaryimage"},"thumbnailUrl":"https:\/\/revistaregional.com.br\/site\/wp-content\/uploads\/2012\/11\/mundo-melhor-livros-itu-2.jpg","keywords":["Regionais"],"articleSection":["Regionais"],"inLanguage":"pt-BR","potentialAction":[{"@type":"CommentAction","name":"Comment","target":["https:\/\/revistaregional.com.br\/site\/2012\/11\/07\/livros-surpreendem-populacao-em-itu\/#respond"]}]},{"@type":"WebPage","@id":"https:\/\/revistaregional.com.br\/site\/2012\/11\/07\/livros-surpreendem-populacao-em-itu\/","url":"https:\/\/revistaregional.com.br\/site\/2012\/11\/07\/livros-surpreendem-populacao-em-itu\/","name":"Livros surpreendem popula\u00e7\u00e3o em Itu - Revista Regional","isPartOf":{"@id":"https:\/\/revistaregional.com.br\/site\/#website"},"primaryImageOfPage":{"@id":"https:\/\/revistaregional.com.br\/site\/2012\/11\/07\/livros-surpreendem-populacao-em-itu\/#primaryimage"},"image":{"@id":"https:\/\/revistaregional.com.br\/site\/2012\/11\/07\/livros-surpreendem-populacao-em-itu\/#primaryimage"},"thumbnailUrl":"https:\/\/revistaregional.com.br\/site\/wp-content\/uploads\/2012\/11\/mundo-melhor-livros-itu-2.jpg","datePublished":"2012-11-07T16:45:01+00:00","dateModified":"2024-01-26T12:57:47+00:00","author":{"@id":"https:\/\/revistaregional.com.br\/site\/#\/schema\/person\/382af97c580dc1b18f55107bc316010d"},"breadcrumb":{"@id":"https:\/\/revistaregional.com.br\/site\/2012\/11\/07\/livros-surpreendem-populacao-em-itu\/#breadcrumb"},"inLanguage":"pt-BR","potentialAction":[{"@type":"ReadAction","target":["https:\/\/revistaregional.com.br\/site\/2012\/11\/07\/livros-surpreendem-populacao-em-itu\/"]}]},{"@type":"ImageObject","inLanguage":"pt-BR","@id":"https:\/\/revistaregional.com.br\/site\/2012\/11\/07\/livros-surpreendem-populacao-em-itu\/#primaryimage","url":"https:\/\/revistaregional.com.br\/site\/wp-content\/uploads\/2012\/11\/mundo-melhor-livros-itu-2.jpg","contentUrl":"https:\/\/revistaregional.com.br\/site\/wp-content\/uploads\/2012\/11\/mundo-melhor-livros-itu-2.jpg","width":"640","height":"427"},{"@type":"BreadcrumbList","@id":"https:\/\/revistaregional.com.br\/site\/2012\/11\/07\/livros-surpreendem-populacao-em-itu\/#breadcrumb","itemListElement":[{"@type":"ListItem","position":1,"name":"In\u00edcio","item":"https:\/\/revistaregional.com.br\/site\/"},{"@type":"ListItem","position":2,"name":"Livros surpreendem popula\u00e7\u00e3o em Itu"}]},{"@type":"WebSite","@id":"https:\/\/revistaregional.com.br\/site\/#website","url":"https:\/\/revistaregional.com.br\/site\/","name":"Revista Regional","description":"Salto - Itu - Indaituba","potentialAction":[{"@type":"SearchAction","target":{"@type":"EntryPoint","urlTemplate":"https:\/\/revistaregional.com.br\/site\/?s={search_term_string}"},"query-input":{"@type":"PropertyValueSpecification","valueRequired":true,"valueName":"search_term_string"}}],"inLanguage":"pt-BR"},{"@type":"Person","@id":"https:\/\/revistaregional.com.br\/site\/#\/schema\/person\/382af97c580dc1b18f55107bc316010d","name":"contato@revistaregional.com.br","image":{"@type":"ImageObject","inLanguage":"pt-BR","@id":"https:\/\/secure.gravatar.com\/avatar\/869822917e96b2e292d5827e4635855396934485e7c4a0af84e9a214e32ca0cd?s=96&d=mm&r=g","url":"https:\/\/secure.gravatar.com\/avatar\/869822917e96b2e292d5827e4635855396934485e7c4a0af84e9a214e32ca0cd?s=96&d=mm&r=g","contentUrl":"https:\/\/secure.gravatar.com\/avatar\/869822917e96b2e292d5827e4635855396934485e7c4a0af84e9a214e32ca0cd?s=96&d=mm&r=g","caption":"contato@revistaregional.com.br"},"url":"https:\/\/revistaregional.com.br\/site\/author\/contato@revistaregional.com.br\/"}]}},"views":61,"_links":{"self":[{"href":"https:\/\/revistaregional.com.br\/site\/wp-json\/wp\/v2\/posts\/3807","targetHints":{"allow":["GET"]}}],"collection":[{"href":"https:\/\/revistaregional.com.br\/site\/wp-json\/wp\/v2\/posts"}],"about":[{"href":"https:\/\/revistaregional.com.br\/site\/wp-json\/wp\/v2\/types\/post"}],"author":[{"embeddable":true,"href":"https:\/\/revistaregional.com.br\/site\/wp-json\/wp\/v2\/users\/1"}],"replies":[{"embeddable":true,"href":"https:\/\/revistaregional.com.br\/site\/wp-json\/wp\/v2\/comments?post=3807"}],"version-history":[{"count":4,"href":"https:\/\/revistaregional.com.br\/site\/wp-json\/wp\/v2\/posts\/3807\/revisions"}],"predecessor-version":[{"id":3813,"href":"https:\/\/revistaregional.com.br\/site\/wp-json\/wp\/v2\/posts\/3807\/revisions\/3813"}],"wp:featuredmedia":[{"embeddable":true,"href":"https:\/\/revistaregional.com.br\/site\/wp-json\/wp\/v2\/media\/3808"}],"wp:attachment":[{"href":"https:\/\/revistaregional.com.br\/site\/wp-json\/wp\/v2\/media?parent=3807"}],"wp:term":[{"taxonomy":"category","embeddable":true,"href":"https:\/\/revistaregional.com.br\/site\/wp-json\/wp\/v2\/categories?post=3807"},{"taxonomy":"post_tag","embeddable":true,"href":"https:\/\/revistaregional.com.br\/site\/wp-json\/wp\/v2\/tags?post=3807"}],"curies":[{"name":"wp","href":"https:\/\/api.w.org\/{rel}","templated":true}]}}