{"id":3795,"date":"2012-11-06T09:43:44","date_gmt":"2012-11-06T12:43:44","guid":{"rendered":"http:\/\/revistaregional.com.br\/site\/?p=3795"},"modified":"2024-01-26T10:55:17","modified_gmt":"2024-01-26T13:55:17","slug":"indaiatuba-sedia-novembro-em-cena","status":"publish","type":"post","link":"https:\/\/revistaregional.com.br\/site\/2012\/11\/06\/indaiatuba-sedia-novembro-em-cena\/","title":{"rendered":"Indaiatuba sedia \u2018Novembro em Cena\u2019"},"content":{"rendered":"<figure id=\"attachment_3796\" aria-describedby=\"caption-attachment-3796\" style=\"width: 384px\" class=\"wp-caption aligncenter\"><a href=\"http:\/\/revistaregional.com.br\/site\/wp-content\/uploads\/2012\/11\/Terra-nos-Olhos.jpg\" rel=\"attachment wp-att-3796\"><img fetchpriority=\"high\" decoding=\"async\" class=\" wp-image-3796 \" src=\"http:\/\/revistaregional.com.br\/site\/wp-content\/uploads\/2012\/11\/Terra-nos-Olhos.jpg\" alt=\"\" width=\"384\" height=\"248\" srcset=\"https:\/\/revistaregional.com.br\/site\/wp-content\/uploads\/2012\/11\/Terra-nos-Olhos.jpg 640w, https:\/\/revistaregional.com.br\/site\/wp-content\/uploads\/2012\/11\/Terra-nos-Olhos-300x194.jpg 300w\" sizes=\"(max-width: 384px) 100vw, 384px\" \/><\/a><figcaption id=\"caption-attachment-3796\" class=\"wp-caption-text\">Com\u00e9dia Terra Nos Olhos \u00e9 atra\u00e7\u00e3o gratuita do Novembro em Cena<\/figcaption><\/figure>\n<p>A Secretaria Municipal de Cultura de Indaiatuba promove mais uma edi\u00e7\u00e3o do festival Novembro em Cena, projeto que visa fomentar o interesse e o gosto da popula\u00e7\u00e3o pelas artes c\u00eanicas em Indaiatuba e que traz uma s\u00e9rie de apresenta\u00e7\u00f5es, entre elas v\u00e1rias gratuitas, ao longo de todo o m\u00eas. H\u00e1 atra\u00e7\u00f5es para todas as idades e estilos, incluindo pe\u00e7as infantis, musicais e cl\u00e1ssicos adaptados. Confira a programa\u00e7\u00e3o e se agende. Informa\u00e7\u00f5es (19) 3825-2056.<\/p>\n<p><strong><span style=\"text-decoration: underline;\">09 de novembro \u2013 sexta-feira <\/span><\/strong><\/p>\n<p><strong>\u201cEu mexxxmo!!!\u201d \u2013 Evandro Santo <\/strong><strong><\/strong><\/p>\n<p>O artista, que interpreta o personagem Christian Pior do programa de TV P\u00e2nico, traz \u00e0 cidade espet\u00e1culo onde amplifica sua observa\u00e7\u00e3o do mundo e das coisas e aproveita a intera\u00e7\u00e3o com a plat\u00e9ia para mostrar sua versatilidade.<\/p>\n<p>Hor\u00e1rio: 21h. Local: Sala Acr\u00edsio de Camargo. Ingressos a venda.<\/p>\n<p><strong><span style=\"text-decoration: underline;\">\u00a0<\/span><\/strong><strong><span style=\"text-decoration: underline;\">10 de novembro \u2013 s\u00e1bado<\/span><\/strong><\/p>\n<p><strong>Como Panquecas (Manh\u00e3 Musical)<\/strong><\/p>\n<p>Pe\u00e7a escrita montada e encenada por um grupo de palha\u00e7os mostra a vida de tr\u00eas prolet\u00e1rios supervisionados por um carrasco carente, sob a tutela de um chefe ganancioso e ex\u00f3tico. A montagem foi realizada com o apoio art\u00edstico do Projeto Ademar Guerra. Com o grupo Indai\u00e1, dire\u00e7\u00e3o coletiva e orienta\u00e7\u00e3o art\u00edstica de Alexandre Dal Farra.<\/p>\n<p>Hor\u00e1rio: 10h. Local: Pra\u00e7a Dom Pedro II, Centro. Entrada gratuita.<\/p>\n<p><strong>\u00a0<\/strong><strong>Lambreta e Mereceu Qual a Gra\u00e7a de Laurinda (Manh\u00e3 Musical)<\/strong><\/p>\n<p>Sem o uso de di\u00e1logos, conta a hist\u00f3ria de dois palha\u00e7os que se apaixonam por uma palha\u00e7a famosa, Laurinda Gra\u00e7a. Com forte inspira\u00e7\u00e3o nos desenhos animados, os dois encontram a foto de Laurinda no jornal e fazem de tudo para ficar com ela. A disputa inclui v\u00e1rios duelos entre Mereceu e Lambreta, com armas de \u00e1gua, corrida e luta de boxe, entre outros. Dire\u00e7\u00e3o de Alexandre Simioni.<\/p>\n<p>Hor\u00e1rio: 11h. Local: Pra\u00e7a Dom Pedro II, Centro. Entrada gratuita.<\/p>\n<p><strong>\u00a0<\/strong><strong>Borboleta Azul<\/strong><\/p>\n<p>Novela de suspense inspirada num trecho da obra O Estrangeiro de A. Camus e ambientada num Brasil rural que ser\u00e1 tragado por uma represa, buscando paralelos com temas atuais, como Belo Monte. Na companhia de sua filha Belbelita,\u00a0 D.Cora espera pelo seu filho mais velho Jos\u00e9, vendido aos oito anos para que retornasse rico. O lugarejo onde moram ser\u00e1 inundado pelas \u00e1guas de uma represa. Toda a regi\u00e3o j\u00e1 fora desocupada, restando apenas as estranhas mulheres \u00e0 espera do parente. Durante os longos anos de espera, Belbelita faz um jardim para atrair borboletas azuis para sua cole\u00e7\u00e3o. Eis que chega Rafael, um h\u00f3spede interessado em comprar terras em volta da futura represa. Ele vai transformar para sempre o destino dessas mulheres. Com Pessoal do Faroeste da Cooperativa Paulista de Teatro. Dire\u00e7\u00e3o geral e dramaturgia de Paulo Faria. Com Beto Magnani, Juliana Fagundes e Thais Aguiar.<\/p>\n<p>Hor\u00e1rio: 20h. Local: Sala Acr\u00edsio de Camargo. Entrada gratuita.<\/p>\n<p><strong><span style=\"text-decoration: underline;\">\u00a0<\/span><\/strong><strong><span style=\"text-decoration: underline;\">11 de novembro \u2013 domingo<\/span><\/strong><\/p>\n<p><strong>Docururu ao Toror\u00f3<\/strong><\/p>\n<p>Passeio musical para crian\u00e7as at\u00e9 10 anos e adultos de todas as idades, com cantigas de roda do rico cancioneiro popular brasileiro. \u00c9 um momento onde as crian\u00e7as podem cantar as que conhecem enquanto se re-conhecem nas frutas mais raras destes quintais. Os adultos certamente v\u00e3o relembrar, felizes, os tempos em que cantar era um saboroso rito coletivo. Todos est\u00e3o convidados para esta cantoria, para participar \u00e9 s\u00f3 soltar a voz e a imagina\u00e7\u00e3o. Dire\u00e7\u00e3o de Alexandre Simioni e prepara\u00e7\u00e3o vocal de Meire Valin.<\/p>\n<p>Hor\u00e1rio: 17h. Local: Sala Acr\u00edsio de Camargo. Entrada gratuita.<\/p>\n<p><strong><span style=\"text-decoration: underline;\">\u00a0<\/span><\/strong><strong><span style=\"text-decoration: underline;\">16 de novembro \u2013 sexta-feira<\/span><\/strong><\/p>\n<p><strong>Terra nos Olhos<\/strong><\/p>\n<p>Com\u00e9dia que aborda uma s\u00e9rie de situa\u00e7\u00f5es engra\u00e7adas do dia-a-dia. Os atores advertem que, por ordem \u201cm\u00e9dica\u201d , n\u00e3o podem adiantar mais nada sobre a hist\u00f3ria, mas garantem que um cirurgi\u00e3o, acima de qualquer suspeita, est\u00e1 de olhoem voc\u00ea.\u00a0 Coma Cia S\u00e3o Paulo de Teatro e dire\u00e7\u00e3o geral de Carlos Meceni.<\/p>\n<p>Hor\u00e1rio: 20h. Local: Sala Acr\u00edsio de Camargo. Entrada gratuita.<\/p>\n<p><strong><span style=\"text-decoration: underline;\">\u00a0<\/span><\/strong><strong><span style=\"text-decoration: underline;\">17 de novembro \u2013 s\u00e1bado<\/span><\/strong><\/p>\n<p><strong>Cinderela<\/strong><\/p>\n<p>Traz a adapta\u00e7\u00e3o do famoso cl\u00e1ssico dos contos infantis. Cinderela era filha de um comerciante rico, por\u00e9m quando seu pai morreu, a madrasta malvada e as duas filhas fizeram Cinderela de criada. Um dia houve um baile, mas Cinderela n\u00e3o poderia ir pois tinha de limpar a casa e n\u00e3o tinha um vestido bonito para usar na festa. Sua fada madrinha apareceu e limpou toda a casa num piscar de olhos e deu um vestido lindo para Cinderela, por\u00e9m, ele s\u00f3 duraria at\u00e9 meia noite. O pr\u00edncipe se apaixonou por Cinderela e, na volta para casa, ela deixou cair na escada seu sapatinho de cristal. Querendo encontr\u00e1-la, o pr\u00edncipe ordenou que todas as mo\u00e7as do reino experimentassem o sapato. Cinderela experimentou e o sapato serviu. A jovem e o pr\u00edncipe se casaram e viveram felizes para sempre. Com Cia Teatral Valeu a Pena, adapta\u00e7\u00e3o de Carlos Falat e dire\u00e7\u00e3o de Bbeth Forini.<\/p>\n<p>Hor\u00e1rio: 20h. Local: Sala Acr\u00edsio de Camargo. Entrada gratuita.<\/p>\n<p><strong><span style=\"text-decoration: underline;\">\u00a0<\/span><\/strong><strong><span style=\"text-decoration: underline;\">18 de novembro \u2013 domingo<\/span><\/strong><\/p>\n<p><strong>As Bruxas Foram a Marte<\/strong><\/p>\n<p>Divertida hist\u00f3ria das Bruxas Beb\u00e9 e Antonieta que resolvem ir a Marte para conquistar o Planeta Vermelho, mas chegando l\u00e1 percebem que o planeta j\u00e1 tem dono e acabam tendo com os Marcianos e Marcianas uma grande li\u00e7\u00e3o de vida. Com alunos da oficina de teatro infantil da Secretaria de Cultura e dire\u00e7\u00e3o de Ger\u00ea Canova.<\/p>\n<p>Hor\u00e1rios (duas sess\u00f5es): 15h e 16h. Local: Sala Acr\u00edsio de Camargo. Entrada gratuita.<\/p>\n<p><strong>\u00a0<\/strong><strong>A Maldi\u00e7\u00e3o<\/strong><\/p>\n<p>Adapta\u00e7\u00e3o da trilogia Tebana, de Sofocles, \u201c\u00c9dipo Rei, \u201c\u00c9dipo em colono\u201d, e \u201cAnt\u00edgona\u201d, feita em dial\u00e9tica dram\u00e1tica para anular o efeito por vezes demasiadamente\u00a0 prolixo\u00a0 das trag\u00e9dias cl\u00e1ssicas gregas, por\u00e9m o enredo e os principais fatos est\u00e3o todos\u00a0 devidamente representados. <strong>\u00a0<\/strong>Com alunos da<strong> <\/strong>oficina de teatro adulto da Secretaria de Cultura e dire\u00e7\u00e3o de Ger\u00ea Canova.<\/p>\n<p>Hor\u00e1rio: 19h. Local: Sala Acr\u00edsio de Camargo. Entrada gratuita.<\/p>\n<p><strong><span style=\"text-decoration: underline;\">\u00a0<\/span><\/strong><strong><span style=\"text-decoration: underline;\">24 de novembro \u2013 s\u00e1bado<\/span><\/strong><\/p>\n<p><strong>R&amp;J de Shakespeare \u2013 Juventude Interrompida<\/strong><\/p>\n<p><strong>A<\/strong>dapta\u00e7\u00e3o de \u201cRomeu e Julieta\u201d por Joe Calarco para quatro jovens atores, \u00a0traduzida por Geraldo Carneiro. \u00a0Com dire\u00e7\u00e3o de Jo\u00e3o Fonseca.<\/p>\n<p>Hor\u00e1rio: 20h. Local: Sala Acr\u00edsio de Camargo. Entrada gratuita.<\/p>\n<p><strong><span style=\"text-decoration: underline;\">\u00a0<\/span><\/strong><strong><span style=\"text-decoration: underline;\">25 de novembro \u2013 domingo<\/span><\/strong><\/p>\n<p><strong>\u00d3pera do Malandro<\/strong><\/p>\n<p>Adapta\u00e7\u00e3o de Paloma Dourado para a pe\u00e7a \u00d3pera do Malandro de Chico Buarque de Holanda, com realiza\u00e7\u00e3o e produ\u00e7\u00e3o da Secretaria de Cultura, dire\u00e7\u00e3o c\u00eanica de Paloma Dourado, prepara\u00e7\u00e3o vocal de Ronnie Kneblewski e dire\u00e7\u00e3o musical de Viktor De Lima.<\/p>\n<p>Hor\u00e1rio: 19h. Local: Sala Acr\u00edsio de Camargo. Entrada gratuita.<\/p>\n<p><strong>Servi\u00e7o<\/strong><\/p>\n<p>Sala Acr\u00edsio de Camargo &#8211; Ciaei &#8211; Avenida Engenheiro F\u00e1bio Roberto Barnab\u00e9, 3.665 &#8211; Jardim Regina<\/p>\n<p><em>foto: Divulga\u00e7\u00e3o<\/em><\/p>\n","protected":false},"excerpt":{"rendered":"<p>A Secretaria Municipal de Cultura de Indaiatuba promove mais uma edi\u00e7\u00e3o do festival Novembro em Cena, projeto que visa fomentar o interesse e o gosto da popula\u00e7\u00e3o pelas artes c\u00eanicas em Indaiatuba e que traz uma s\u00e9rie de apresenta\u00e7\u00f5es, entre elas v\u00e1rias gratuitas, ao longo de todo o m\u00eas. H\u00e1 atra\u00e7\u00f5es para todas as idades [&hellip;]<\/p>\n","protected":false},"author":1,"featured_media":3796,"comment_status":"open","ping_status":"open","sticky":false,"template":"","format":"standard","meta":{"_acf_changed":false,"ngg_post_thumbnail":0,"_joinchat":[],"footnotes":""},"categories":[4],"tags":[533],"class_list":["post-3795","post","type-post","status-publish","format-standard","has-post-thumbnail","hentry","category-cultura","tag-cultura"],"acf":[],"yoast_head":"<!-- This site is optimized with the Yoast SEO plugin v27.4 - https:\/\/yoast.com\/product\/yoast-seo-wordpress\/ -->\n<title>Indaiatuba sedia \u2018Novembro em Cena\u2019 - Revista Regional<\/title>\n<meta name=\"robots\" content=\"index, follow, max-snippet:-1, max-image-preview:large, max-video-preview:-1\" \/>\n<link rel=\"canonical\" href=\"https:\/\/revistaregional.com.br\/site\/2012\/11\/06\/indaiatuba-sedia-novembro-em-cena\/\" \/>\n<meta property=\"og:locale\" content=\"pt_BR\" \/>\n<meta property=\"og:type\" content=\"article\" \/>\n<meta property=\"og:title\" content=\"Indaiatuba sedia \u2018Novembro em Cena\u2019 - Revista Regional\" \/>\n<meta property=\"og:description\" content=\"A Secretaria Municipal de Cultura de Indaiatuba promove mais uma edi\u00e7\u00e3o do festival Novembro em Cena, projeto que visa fomentar o interesse e o gosto da popula\u00e7\u00e3o pelas artes c\u00eanicas em Indaiatuba e que traz uma s\u00e9rie de apresenta\u00e7\u00f5es, entre elas v\u00e1rias gratuitas, ao longo de todo o m\u00eas. H\u00e1 atra\u00e7\u00f5es para todas as idades [&hellip;]\" \/>\n<meta property=\"og:url\" content=\"https:\/\/revistaregional.com.br\/site\/2012\/11\/06\/indaiatuba-sedia-novembro-em-cena\/\" \/>\n<meta property=\"og:site_name\" content=\"Revista Regional\" \/>\n<meta property=\"article:published_time\" content=\"2012-11-06T12:43:44+00:00\" \/>\n<meta property=\"article:modified_time\" content=\"2024-01-26T13:55:17+00:00\" \/>\n<meta property=\"og:image\" content=\"https:\/\/revistaregional.com.br\/site\/wp-content\/uploads\/2012\/11\/Terra-nos-Olhos.jpg\" \/>\n\t<meta property=\"og:image:width\" content=\"640\" \/>\n\t<meta property=\"og:image:height\" content=\"414\" \/>\n\t<meta property=\"og:image:type\" content=\"image\/jpeg\" \/>\n<meta name=\"author\" content=\"contato@revistaregional.com.br\" \/>\n<meta name=\"twitter:card\" content=\"summary_large_image\" \/>\n<meta name=\"twitter:label1\" content=\"Escrito por\" \/>\n\t<meta name=\"twitter:data1\" content=\"contato@revistaregional.com.br\" \/>\n\t<meta name=\"twitter:label2\" content=\"Est. tempo de leitura\" \/>\n\t<meta name=\"twitter:data2\" content=\"6 minutos\" \/>\n<script type=\"application\/ld+json\" class=\"yoast-schema-graph\">{\"@context\":\"https:\\\/\\\/schema.org\",\"@graph\":[{\"@type\":\"Article\",\"@id\":\"https:\\\/\\\/revistaregional.com.br\\\/site\\\/2012\\\/11\\\/06\\\/indaiatuba-sedia-novembro-em-cena\\\/#article\",\"isPartOf\":{\"@id\":\"https:\\\/\\\/revistaregional.com.br\\\/site\\\/2012\\\/11\\\/06\\\/indaiatuba-sedia-novembro-em-cena\\\/\"},\"author\":{\"name\":\"contato@revistaregional.com.br\",\"@id\":\"https:\\\/\\\/revistaregional.com.br\\\/site\\\/#\\\/schema\\\/person\\\/382af97c580dc1b18f55107bc316010d\"},\"headline\":\"Indaiatuba sedia \u2018Novembro em Cena\u2019\",\"datePublished\":\"2012-11-06T12:43:44+00:00\",\"dateModified\":\"2024-01-26T13:55:17+00:00\",\"mainEntityOfPage\":{\"@id\":\"https:\\\/\\\/revistaregional.com.br\\\/site\\\/2012\\\/11\\\/06\\\/indaiatuba-sedia-novembro-em-cena\\\/\"},\"wordCount\":1170,\"commentCount\":0,\"image\":{\"@id\":\"https:\\\/\\\/revistaregional.com.br\\\/site\\\/2012\\\/11\\\/06\\\/indaiatuba-sedia-novembro-em-cena\\\/#primaryimage\"},\"thumbnailUrl\":\"https:\\\/\\\/revistaregional.com.br\\\/site\\\/wp-content\\\/uploads\\\/2012\\\/11\\\/Terra-nos-Olhos.jpg\",\"keywords\":[\"Cultura\"],\"articleSection\":[\"Cultura\"],\"inLanguage\":\"pt-BR\",\"potentialAction\":[{\"@type\":\"CommentAction\",\"name\":\"Comment\",\"target\":[\"https:\\\/\\\/revistaregional.com.br\\\/site\\\/2012\\\/11\\\/06\\\/indaiatuba-sedia-novembro-em-cena\\\/#respond\"]}]},{\"@type\":\"WebPage\",\"@id\":\"https:\\\/\\\/revistaregional.com.br\\\/site\\\/2012\\\/11\\\/06\\\/indaiatuba-sedia-novembro-em-cena\\\/\",\"url\":\"https:\\\/\\\/revistaregional.com.br\\\/site\\\/2012\\\/11\\\/06\\\/indaiatuba-sedia-novembro-em-cena\\\/\",\"name\":\"Indaiatuba sedia \u2018Novembro em Cena\u2019 - Revista Regional\",\"isPartOf\":{\"@id\":\"https:\\\/\\\/revistaregional.com.br\\\/site\\\/#website\"},\"primaryImageOfPage\":{\"@id\":\"https:\\\/\\\/revistaregional.com.br\\\/site\\\/2012\\\/11\\\/06\\\/indaiatuba-sedia-novembro-em-cena\\\/#primaryimage\"},\"image\":{\"@id\":\"https:\\\/\\\/revistaregional.com.br\\\/site\\\/2012\\\/11\\\/06\\\/indaiatuba-sedia-novembro-em-cena\\\/#primaryimage\"},\"thumbnailUrl\":\"https:\\\/\\\/revistaregional.com.br\\\/site\\\/wp-content\\\/uploads\\\/2012\\\/11\\\/Terra-nos-Olhos.jpg\",\"datePublished\":\"2012-11-06T12:43:44+00:00\",\"dateModified\":\"2024-01-26T13:55:17+00:00\",\"author\":{\"@id\":\"https:\\\/\\\/revistaregional.com.br\\\/site\\\/#\\\/schema\\\/person\\\/382af97c580dc1b18f55107bc316010d\"},\"breadcrumb\":{\"@id\":\"https:\\\/\\\/revistaregional.com.br\\\/site\\\/2012\\\/11\\\/06\\\/indaiatuba-sedia-novembro-em-cena\\\/#breadcrumb\"},\"inLanguage\":\"pt-BR\",\"potentialAction\":[{\"@type\":\"ReadAction\",\"target\":[\"https:\\\/\\\/revistaregional.com.br\\\/site\\\/2012\\\/11\\\/06\\\/indaiatuba-sedia-novembro-em-cena\\\/\"]}]},{\"@type\":\"ImageObject\",\"inLanguage\":\"pt-BR\",\"@id\":\"https:\\\/\\\/revistaregional.com.br\\\/site\\\/2012\\\/11\\\/06\\\/indaiatuba-sedia-novembro-em-cena\\\/#primaryimage\",\"url\":\"https:\\\/\\\/revistaregional.com.br\\\/site\\\/wp-content\\\/uploads\\\/2012\\\/11\\\/Terra-nos-Olhos.jpg\",\"contentUrl\":\"https:\\\/\\\/revistaregional.com.br\\\/site\\\/wp-content\\\/uploads\\\/2012\\\/11\\\/Terra-nos-Olhos.jpg\",\"width\":\"640\",\"height\":\"414\",\"caption\":\"Com\u00e9dia Terra Nos Olhos \u00e9 atra\u00e7\u00e3o gratuita do Novembro em Cena\"},{\"@type\":\"BreadcrumbList\",\"@id\":\"https:\\\/\\\/revistaregional.com.br\\\/site\\\/2012\\\/11\\\/06\\\/indaiatuba-sedia-novembro-em-cena\\\/#breadcrumb\",\"itemListElement\":[{\"@type\":\"ListItem\",\"position\":1,\"name\":\"In\u00edcio\",\"item\":\"https:\\\/\\\/revistaregional.com.br\\\/site\\\/\"},{\"@type\":\"ListItem\",\"position\":2,\"name\":\"Indaiatuba sedia \u2018Novembro em Cena\u2019\"}]},{\"@type\":\"WebSite\",\"@id\":\"https:\\\/\\\/revistaregional.com.br\\\/site\\\/#website\",\"url\":\"https:\\\/\\\/revistaregional.com.br\\\/site\\\/\",\"name\":\"Revista Regional\",\"description\":\"Salto - Itu - Indaituba\",\"potentialAction\":[{\"@type\":\"SearchAction\",\"target\":{\"@type\":\"EntryPoint\",\"urlTemplate\":\"https:\\\/\\\/revistaregional.com.br\\\/site\\\/?s={search_term_string}\"},\"query-input\":{\"@type\":\"PropertyValueSpecification\",\"valueRequired\":true,\"valueName\":\"search_term_string\"}}],\"inLanguage\":\"pt-BR\"},{\"@type\":\"Person\",\"@id\":\"https:\\\/\\\/revistaregional.com.br\\\/site\\\/#\\\/schema\\\/person\\\/382af97c580dc1b18f55107bc316010d\",\"name\":\"contato@revistaregional.com.br\",\"image\":{\"@type\":\"ImageObject\",\"inLanguage\":\"pt-BR\",\"@id\":\"https:\\\/\\\/secure.gravatar.com\\\/avatar\\\/869822917e96b2e292d5827e4635855396934485e7c4a0af84e9a214e32ca0cd?s=96&d=mm&r=g\",\"url\":\"https:\\\/\\\/secure.gravatar.com\\\/avatar\\\/869822917e96b2e292d5827e4635855396934485e7c4a0af84e9a214e32ca0cd?s=96&d=mm&r=g\",\"contentUrl\":\"https:\\\/\\\/secure.gravatar.com\\\/avatar\\\/869822917e96b2e292d5827e4635855396934485e7c4a0af84e9a214e32ca0cd?s=96&d=mm&r=g\",\"caption\":\"contato@revistaregional.com.br\"},\"url\":\"https:\\\/\\\/revistaregional.com.br\\\/site\\\/author\\\/contato@revistaregional.com.br\\\/\"}]}<\/script>\n<!-- \/ Yoast SEO plugin. -->","yoast_head_json":{"title":"Indaiatuba sedia \u2018Novembro em Cena\u2019 - Revista Regional","robots":{"index":"index","follow":"follow","max-snippet":"max-snippet:-1","max-image-preview":"max-image-preview:large","max-video-preview":"max-video-preview:-1"},"canonical":"https:\/\/revistaregional.com.br\/site\/2012\/11\/06\/indaiatuba-sedia-novembro-em-cena\/","og_locale":"pt_BR","og_type":"article","og_title":"Indaiatuba sedia \u2018Novembro em Cena\u2019 - Revista Regional","og_description":"A Secretaria Municipal de Cultura de Indaiatuba promove mais uma edi\u00e7\u00e3o do festival Novembro em Cena, projeto que visa fomentar o interesse e o gosto da popula\u00e7\u00e3o pelas artes c\u00eanicas em Indaiatuba e que traz uma s\u00e9rie de apresenta\u00e7\u00f5es, entre elas v\u00e1rias gratuitas, ao longo de todo o m\u00eas. H\u00e1 atra\u00e7\u00f5es para todas as idades [&hellip;]","og_url":"https:\/\/revistaregional.com.br\/site\/2012\/11\/06\/indaiatuba-sedia-novembro-em-cena\/","og_site_name":"Revista Regional","article_published_time":"2012-11-06T12:43:44+00:00","article_modified_time":"2024-01-26T13:55:17+00:00","og_image":[{"width":640,"height":414,"url":"https:\/\/revistaregional.com.br\/site\/wp-content\/uploads\/2012\/11\/Terra-nos-Olhos.jpg","type":"image\/jpeg"}],"author":"contato@revistaregional.com.br","twitter_card":"summary_large_image","twitter_misc":{"Escrito por":"contato@revistaregional.com.br","Est. tempo de leitura":"6 minutos"},"schema":{"@context":"https:\/\/schema.org","@graph":[{"@type":"Article","@id":"https:\/\/revistaregional.com.br\/site\/2012\/11\/06\/indaiatuba-sedia-novembro-em-cena\/#article","isPartOf":{"@id":"https:\/\/revistaregional.com.br\/site\/2012\/11\/06\/indaiatuba-sedia-novembro-em-cena\/"},"author":{"name":"contato@revistaregional.com.br","@id":"https:\/\/revistaregional.com.br\/site\/#\/schema\/person\/382af97c580dc1b18f55107bc316010d"},"headline":"Indaiatuba sedia \u2018Novembro em Cena\u2019","datePublished":"2012-11-06T12:43:44+00:00","dateModified":"2024-01-26T13:55:17+00:00","mainEntityOfPage":{"@id":"https:\/\/revistaregional.com.br\/site\/2012\/11\/06\/indaiatuba-sedia-novembro-em-cena\/"},"wordCount":1170,"commentCount":0,"image":{"@id":"https:\/\/revistaregional.com.br\/site\/2012\/11\/06\/indaiatuba-sedia-novembro-em-cena\/#primaryimage"},"thumbnailUrl":"https:\/\/revistaregional.com.br\/site\/wp-content\/uploads\/2012\/11\/Terra-nos-Olhos.jpg","keywords":["Cultura"],"articleSection":["Cultura"],"inLanguage":"pt-BR","potentialAction":[{"@type":"CommentAction","name":"Comment","target":["https:\/\/revistaregional.com.br\/site\/2012\/11\/06\/indaiatuba-sedia-novembro-em-cena\/#respond"]}]},{"@type":"WebPage","@id":"https:\/\/revistaregional.com.br\/site\/2012\/11\/06\/indaiatuba-sedia-novembro-em-cena\/","url":"https:\/\/revistaregional.com.br\/site\/2012\/11\/06\/indaiatuba-sedia-novembro-em-cena\/","name":"Indaiatuba sedia \u2018Novembro em Cena\u2019 - Revista Regional","isPartOf":{"@id":"https:\/\/revistaregional.com.br\/site\/#website"},"primaryImageOfPage":{"@id":"https:\/\/revistaregional.com.br\/site\/2012\/11\/06\/indaiatuba-sedia-novembro-em-cena\/#primaryimage"},"image":{"@id":"https:\/\/revistaregional.com.br\/site\/2012\/11\/06\/indaiatuba-sedia-novembro-em-cena\/#primaryimage"},"thumbnailUrl":"https:\/\/revistaregional.com.br\/site\/wp-content\/uploads\/2012\/11\/Terra-nos-Olhos.jpg","datePublished":"2012-11-06T12:43:44+00:00","dateModified":"2024-01-26T13:55:17+00:00","author":{"@id":"https:\/\/revistaregional.com.br\/site\/#\/schema\/person\/382af97c580dc1b18f55107bc316010d"},"breadcrumb":{"@id":"https:\/\/revistaregional.com.br\/site\/2012\/11\/06\/indaiatuba-sedia-novembro-em-cena\/#breadcrumb"},"inLanguage":"pt-BR","potentialAction":[{"@type":"ReadAction","target":["https:\/\/revistaregional.com.br\/site\/2012\/11\/06\/indaiatuba-sedia-novembro-em-cena\/"]}]},{"@type":"ImageObject","inLanguage":"pt-BR","@id":"https:\/\/revistaregional.com.br\/site\/2012\/11\/06\/indaiatuba-sedia-novembro-em-cena\/#primaryimage","url":"https:\/\/revistaregional.com.br\/site\/wp-content\/uploads\/2012\/11\/Terra-nos-Olhos.jpg","contentUrl":"https:\/\/revistaregional.com.br\/site\/wp-content\/uploads\/2012\/11\/Terra-nos-Olhos.jpg","width":"640","height":"414","caption":"Com\u00e9dia Terra Nos Olhos \u00e9 atra\u00e7\u00e3o gratuita do Novembro em Cena"},{"@type":"BreadcrumbList","@id":"https:\/\/revistaregional.com.br\/site\/2012\/11\/06\/indaiatuba-sedia-novembro-em-cena\/#breadcrumb","itemListElement":[{"@type":"ListItem","position":1,"name":"In\u00edcio","item":"https:\/\/revistaregional.com.br\/site\/"},{"@type":"ListItem","position":2,"name":"Indaiatuba sedia \u2018Novembro em Cena\u2019"}]},{"@type":"WebSite","@id":"https:\/\/revistaregional.com.br\/site\/#website","url":"https:\/\/revistaregional.com.br\/site\/","name":"Revista Regional","description":"Salto - Itu - Indaituba","potentialAction":[{"@type":"SearchAction","target":{"@type":"EntryPoint","urlTemplate":"https:\/\/revistaregional.com.br\/site\/?s={search_term_string}"},"query-input":{"@type":"PropertyValueSpecification","valueRequired":true,"valueName":"search_term_string"}}],"inLanguage":"pt-BR"},{"@type":"Person","@id":"https:\/\/revistaregional.com.br\/site\/#\/schema\/person\/382af97c580dc1b18f55107bc316010d","name":"contato@revistaregional.com.br","image":{"@type":"ImageObject","inLanguage":"pt-BR","@id":"https:\/\/secure.gravatar.com\/avatar\/869822917e96b2e292d5827e4635855396934485e7c4a0af84e9a214e32ca0cd?s=96&d=mm&r=g","url":"https:\/\/secure.gravatar.com\/avatar\/869822917e96b2e292d5827e4635855396934485e7c4a0af84e9a214e32ca0cd?s=96&d=mm&r=g","contentUrl":"https:\/\/secure.gravatar.com\/avatar\/869822917e96b2e292d5827e4635855396934485e7c4a0af84e9a214e32ca0cd?s=96&d=mm&r=g","caption":"contato@revistaregional.com.br"},"url":"https:\/\/revistaregional.com.br\/site\/author\/contato@revistaregional.com.br\/"}]}},"views":45,"_links":{"self":[{"href":"https:\/\/revistaregional.com.br\/site\/wp-json\/wp\/v2\/posts\/3795","targetHints":{"allow":["GET"]}}],"collection":[{"href":"https:\/\/revistaregional.com.br\/site\/wp-json\/wp\/v2\/posts"}],"about":[{"href":"https:\/\/revistaregional.com.br\/site\/wp-json\/wp\/v2\/types\/post"}],"author":[{"embeddable":true,"href":"https:\/\/revistaregional.com.br\/site\/wp-json\/wp\/v2\/users\/1"}],"replies":[{"embeddable":true,"href":"https:\/\/revistaregional.com.br\/site\/wp-json\/wp\/v2\/comments?post=3795"}],"version-history":[{"count":3,"href":"https:\/\/revistaregional.com.br\/site\/wp-json\/wp\/v2\/posts\/3795\/revisions"}],"predecessor-version":[{"id":3799,"href":"https:\/\/revistaregional.com.br\/site\/wp-json\/wp\/v2\/posts\/3795\/revisions\/3799"}],"wp:featuredmedia":[{"embeddable":true,"href":"https:\/\/revistaregional.com.br\/site\/wp-json\/wp\/v2\/media\/3796"}],"wp:attachment":[{"href":"https:\/\/revistaregional.com.br\/site\/wp-json\/wp\/v2\/media?parent=3795"}],"wp:term":[{"taxonomy":"category","embeddable":true,"href":"https:\/\/revistaregional.com.br\/site\/wp-json\/wp\/v2\/categories?post=3795"},{"taxonomy":"post_tag","embeddable":true,"href":"https:\/\/revistaregional.com.br\/site\/wp-json\/wp\/v2\/tags?post=3795"}],"curies":[{"name":"wp","href":"https:\/\/api.w.org\/{rel}","templated":true}]}}