{"id":37144,"date":"2026-09-03T11:59:49","date_gmt":"2026-09-03T14:59:49","guid":{"rendered":"https:\/\/revistaregional.com.br\/site\/?p=37144"},"modified":"2026-09-03T11:59:49","modified_gmt":"2026-09-03T14:59:49","slug":"tudo-pronto-para-o-rodeio-itu-festival-que-celebra-20-anos","status":"publish","type":"post","link":"https:\/\/revistaregional.com.br\/site\/2026\/09\/03\/tudo-pronto-para-o-rodeio-itu-festival-que-celebra-20-anos\/","title":{"rendered":"Tudo pronto para o Rodeio Itu Festival, que celebra 20 anos"},"content":{"rendered":"<p><em>Evento come\u00e7a nesta sexta-feira, 04 de setembro, na Arena Itu, com pista gratuita na abertura; Festa re\u00fane diferentes ritmos em cinco noites de programa\u00e7\u00e3o<\/em><\/p>\n<figure id=\"attachment_36735\" aria-describedby=\"caption-attachment-36735\" style=\"width: 300px\" class=\"wp-caption aligncenter\"><a href=\"https:\/\/revistaregional.com.br\/site\/wp-content\/uploads\/2026\/06\/rodeio-1.png\"><img fetchpriority=\"high\" decoding=\"async\" class=\"wp-image-36735 size-medium\" src=\"https:\/\/revistaregional.com.br\/site\/wp-content\/uploads\/2026\/06\/rodeio-1-300x179.png\" alt=\"\" width=\"300\" height=\"179\" srcset=\"https:\/\/revistaregional.com.br\/site\/wp-content\/uploads\/2026\/06\/rodeio-1-300x179.png 300w, https:\/\/revistaregional.com.br\/site\/wp-content\/uploads\/2026\/06\/rodeio-1-1024x611.png 1024w, https:\/\/revistaregional.com.br\/site\/wp-content\/uploads\/2026\/06\/rodeio-1-1536x916.png 1536w, https:\/\/revistaregional.com.br\/site\/wp-content\/uploads\/2026\/06\/rodeio-1.png 1676w\" sizes=\"(max-width: 300px) 100vw, 300px\" \/><\/a><figcaption id=\"caption-attachment-36735\" class=\"wp-caption-text\">Rodeio Itu Festival celebra 20 anos<\/figcaption><\/figure>\n<p>O Rodeio Itu Festival inicia nesta sexta-feira, dia 04 de setembro, uma edi\u00e7\u00e3o especial em comemora\u00e7\u00e3o aos seus 20 anos. At\u00e9 o dia 12, a Arena Itu receber\u00e1 artistas do sertanejo, pagode, forr\u00f3 e funk, al\u00e9m de atra\u00e7\u00f5es regionais, provas e atividades para p\u00fablicos de diferentes idades. A abertura ter\u00e1 uma novidade: pela primeira vez, o p\u00fablico poder\u00e1 acompanhar gratuitamente, no setor pista, os shows do grupo Sorriso Maroto e da dupla Guilherme &amp; Santiago. Embora a entrada seja gratuita, \u00e9 necess\u00e1rio retirar antecipadamente o ingresso pelo site oficial do evento.<\/p>\n<p>A programa\u00e7\u00e3o continua no s\u00e1bado (05), com Natanzinho Lima e Matheus &amp; Kauan. No domingo (06), v\u00e9spera de feriado, Luan Santana apresenta a turn\u00ea \u201cRegistro Hist\u00f3rico\u201d. Na sequ\u00eancia, Pedro Sampaio encerra o primeiro fim de semana com um repert\u00f3rio marcado pelo funk e pela m\u00fasica eletr\u00f4nica.<\/p>\n<p>Para receber um p\u00fablico estimado em mais de 50 mil pessoas por noite, a estrutura da Arena Itu passou por mudan\u00e7as em 2026. Setores foram ampliados e remodelados para oferecer mais conforto, melhor circula\u00e7\u00e3o e maior visibilidade dos palcos, inclusive nas \u00e1reas VIP e nos camarotes.<\/p>\n<p>A valoriza\u00e7\u00e3o dos artistas da regi\u00e3o tamb\u00e9m permanece na programa\u00e7\u00e3o. O palco Novos Talentos ter\u00e1 duas apresenta\u00e7\u00f5es por noite: uma antes dos shows principais e outra no encerramento. J\u00e1 passaram por esse espa\u00e7o nomes que posteriormente ganharam proje\u00e7\u00e3o nacional, como a cantora Lauana Prado. Al\u00e9m dos espet\u00e1culos musicais, o festival contar\u00e1 com pra\u00e7a de alimenta\u00e7\u00e3o, parque de divers\u00f5es, provas dos Tr\u00eas Tambores e festas ap\u00f3s os shows no setor \u00danico. <em>\u201cO Rodeio Itu sempre teve o prop\u00f3sito de reunir fam\u00edlias, jovens e f\u00e3s de todas as idades em torno da m\u00fasica. Para celebrar esses 20 anos e retribuir o carinho do p\u00fablico, preparamos uma edi\u00e7\u00e3o comemorativa com setores maiores, estrutura totalmente remodelada e o presente da pista gratuita na primeira noite. Ser\u00e1 uma celebra\u00e7\u00e3o inesquec\u00edvel\u201d,<\/em> afirma Herculano Neto, CEO da NLN Eventos, empresa idealizadora do festival.<\/p>\n<figure id=\"attachment_36965\" aria-describedby=\"caption-attachment-36965\" style=\"width: 300px\" class=\"wp-caption aligncenter\"><a href=\"https:\/\/revistaregional.com.br\/site\/wp-content\/uploads\/2026\/07\/4-2.jpg\"><img decoding=\"async\" class=\"wp-image-36965 size-medium\" src=\"https:\/\/revistaregional.com.br\/site\/wp-content\/uploads\/2026\/07\/4-2-300x300.jpg\" alt=\"\" width=\"300\" height=\"300\" srcset=\"https:\/\/revistaregional.com.br\/site\/wp-content\/uploads\/2026\/07\/4-2-300x300.jpg 300w, https:\/\/revistaregional.com.br\/site\/wp-content\/uploads\/2026\/07\/4-2-270x270.jpg 270w, https:\/\/revistaregional.com.br\/site\/wp-content\/uploads\/2026\/07\/4-2.jpg 640w\" sizes=\"(max-width: 300px) 100vw, 300px\" \/><\/a><figcaption id=\"caption-attachment-36965\" class=\"wp-caption-text\">Luan Santana<\/figcaption><\/figure>\n<p><strong>Responsabilidade social e ambiental<\/strong><\/p>\n<p>O Ingresso Solid\u00e1rio ser\u00e1 novamente disponibilizado nesta edi\u00e7\u00e3o. A modalidade oferece desconto ao p\u00fablico mediante a entrega de um quilo de alimento n\u00e3o perec\u00edvel. As doa\u00e7\u00f5es arrecadadas ser\u00e3o encaminhadas a entidades beneficentes da regi\u00e3o. O evento tamb\u00e9m prev\u00ea iniciativas voltadas \u00e0 redu\u00e7\u00e3o das emiss\u00f5es de carbono. Segundo Herculano Neto, a dimens\u00e3o do festival exige aten\u00e7\u00e3o aos impactos gerados pela realiza\u00e7\u00e3o da festa. <em>\u201cUm evento deste porte mobiliza muitas pessoas. Por isso, atentos ao cen\u00e1rio global, n\u00e3o poder\u00edamos deixar de colocar as quest\u00f5es sociais e ambientais em pr\u00e1tica\u201d,<\/em> acrescenta.<\/p>\n<p><strong>Programa\u00e7\u00e3o do palco Novos Talentos<\/strong><\/p>\n<p><strong>04 de setembro:<\/strong> Thays Vianna, na abertura, e J\u00falia Bugari, no encerramento<br \/>\n<strong>05 de setembro:<\/strong> James Freitas, na abertura, e D\u2019Luka &amp; Matheo, no encerramento<br \/>\n<strong>06 de setembro:<\/strong> Pedro &amp; Juan, na abertura, e Dalila Andrade, no encerramento<br \/>\n<strong>11 de setembro:<\/strong> Ariane May, na abertura, e Rael Ferrall, no encerramento<br \/>\n<strong>12 de setembro:<\/strong> Thales Souza, na abertura, e Victor e Kauan, no encerramento<\/p>\n<p><strong>Shows principais<\/strong><\/p>\n<p><strong>04 de setembro:<\/strong> Sorriso Maroto e Guilherme &amp; Santiago<br \/>\n<strong>05 de setembro:<\/strong> Natanzinho Lima e Matheus &amp; Kauan<br \/>\n<strong>06 de setembro:<\/strong> Luan Santana e Pedro Sampaio<br \/>\n<strong>11 de setembro:<\/strong> Gusttavo Lima e Jo\u00e3o Bosco &amp; Vin\u00edcius<br \/>\n<strong>12 de setembro:<\/strong> Z\u00e9 Neto &amp; Cristiano e Dennis DJ<\/p>\n<p><strong>MAIS:<\/strong><\/p>\n<p><strong>Rodeio Itu Festival \u2013 edi\u00e7\u00e3o de 20 anos<\/strong><br \/>\n<strong>Local:<\/strong> Arena Itu, em Itu<br \/>\n<strong>Ingressos:<\/strong> <a href=\"https:\/\/q2ingressos.com.br\/eventgroup\/vendasgerais-rodeio-itu-festival-20-ano\">Q2 Ingressos<\/a> e <a href=\"https:\/\/baladapp.com.br\/pt-BR\/eventos\/rodeio-itu-festival\/8773\">BaladAPP<\/a><br \/>\n<strong>Site:<\/strong> <a href=\"https:\/\/www.rodeioitu.com.br\">www.rodeioitu.com.br<\/a><br \/>\n<strong>Redes sociais:<\/strong> @rodeioitu<\/p>\n<p>&nbsp;<\/p>\n<p><em>fotos: Divulga\u00e7\u00e3o<\/em><\/p>\n","protected":false},"excerpt":{"rendered":"<p>Evento come\u00e7a nesta sexta-feira, 04 de setembro, na Arena Itu, com pista gratuita na abertura; Festa re\u00fane diferentes ritmos em cinco noites de programa\u00e7\u00e3o O Rodeio Itu Festival inicia nesta sexta-feira, dia 04 de setembro, uma edi\u00e7\u00e3o especial em comemora\u00e7\u00e3o aos seus 20 anos. At\u00e9 o dia 12, a Arena Itu receber\u00e1 artistas do sertanejo, [&hellip;]<\/p>\n","protected":false},"author":2,"featured_media":35445,"comment_status":"open","ping_status":"open","sticky":false,"template":"","format":"standard","meta":{"_acf_changed":false,"ngg_post_thumbnail":0,"_joinchat":[],"footnotes":""},"categories":[449,5,482],"tags":[],"class_list":["post-37144","post","type-post","status-publish","format-standard","has-post-thumbnail","hentry","category-destaque-lateral","category-reporter-regional","category-slide"],"acf":[],"yoast_head":"<!-- This site is optimized with the Yoast SEO plugin v28.4 - https:\/\/yoast.com\/product\/yoast-seo-wordpress\/ -->\n<title>Tudo pronto para o Rodeio Itu Festival, que celebra 20 anos - Revista Regional<\/title>\n<meta name=\"robots\" content=\"index, follow, max-snippet:-1, max-image-preview:large, max-video-preview:-1\" \/>\n<link rel=\"canonical\" href=\"https:\/\/revistaregional.com.br\/site\/2026\/09\/03\/tudo-pronto-para-o-rodeio-itu-festival-que-celebra-20-anos\/\" \/>\n<meta property=\"og:locale\" content=\"pt_BR\" \/>\n<meta property=\"og:type\" content=\"article\" \/>\n<meta property=\"og:title\" content=\"Tudo pronto para o Rodeio Itu Festival, que celebra 20 anos - Revista Regional\" \/>\n<meta property=\"og:description\" content=\"Evento come\u00e7a nesta sexta-feira, 04 de setembro, na Arena Itu, com pista gratuita na abertura; Festa re\u00fane diferentes ritmos em cinco noites de programa\u00e7\u00e3o O Rodeio Itu Festival inicia nesta sexta-feira, dia 04 de setembro, uma edi\u00e7\u00e3o especial em comemora\u00e7\u00e3o aos seus 20 anos. At\u00e9 o dia 12, a Arena Itu receber\u00e1 artistas do sertanejo, [&hellip;]\" \/>\n<meta property=\"og:url\" content=\"https:\/\/revistaregional.com.br\/site\/2026\/09\/03\/tudo-pronto-para-o-rodeio-itu-festival-que-celebra-20-anos\/\" \/>\n<meta property=\"og:site_name\" content=\"Revista Regional\" \/>\n<meta property=\"article:published_time\" content=\"2026-09-03T14:59:49+00:00\" \/>\n<meta property=\"og:image\" content=\"https:\/\/revistaregional.com.br\/site\/wp-content\/uploads\/2025\/07\/Rodeio-Itu-Festival-2024-5.jpg\" \/>\n\t<meta property=\"og:image:width\" content=\"1280\" \/>\n\t<meta property=\"og:image:height\" content=\"853\" \/>\n\t<meta property=\"og:image:type\" content=\"image\/jpeg\" \/>\n<meta name=\"author\" content=\"Revista Regional\" \/>\n<meta name=\"twitter:card\" content=\"summary_large_image\" \/>\n<meta name=\"twitter:label1\" content=\"Escrito por\" \/>\n\t<meta name=\"twitter:data1\" content=\"Revista Regional\" \/>\n\t<meta name=\"twitter:label2\" content=\"Est. tempo de leitura\" \/>\n\t<meta name=\"twitter:data2\" content=\"4 minutos\" \/>\n<script type=\"application\/ld+json\" class=\"yoast-schema-graph\">{\"@context\":\"https:\\\/\\\/schema.org\",\"@graph\":[{\"@type\":\"Article\",\"@id\":\"https:\\\/\\\/revistaregional.com.br\\\/site\\\/2026\\\/09\\\/03\\\/tudo-pronto-para-o-rodeio-itu-festival-que-celebra-20-anos\\\/#article\",\"isPartOf\":{\"@id\":\"https:\\\/\\\/revistaregional.com.br\\\/site\\\/2026\\\/09\\\/03\\\/tudo-pronto-para-o-rodeio-itu-festival-que-celebra-20-anos\\\/\"},\"author\":{\"name\":\"Revista Regional\",\"@id\":\"https:\\\/\\\/revistaregional.com.br\\\/site\\\/#\\\/schema\\\/person\\\/36e364a1eecb8d0aa8b2b130df3b9978\"},\"headline\":\"Tudo pronto para o Rodeio Itu Festival, que celebra 20 anos\",\"datePublished\":\"2026-09-03T14:59:49+00:00\",\"mainEntityOfPage\":{\"@id\":\"https:\\\/\\\/revistaregional.com.br\\\/site\\\/2026\\\/09\\\/03\\\/tudo-pronto-para-o-rodeio-itu-festival-que-celebra-20-anos\\\/\"},\"wordCount\":658,\"commentCount\":0,\"image\":{\"@id\":\"https:\\\/\\\/revistaregional.com.br\\\/site\\\/2026\\\/09\\\/03\\\/tudo-pronto-para-o-rodeio-itu-festival-que-celebra-20-anos\\\/#primaryimage\"},\"thumbnailUrl\":\"https:\\\/\\\/revistaregional.com.br\\\/site\\\/wp-content\\\/uploads\\\/2025\\\/07\\\/Rodeio-Itu-Festival-2024-5.jpg\",\"articleSection\":[\"Destaque Lateral\",\"Rep\u00f3rter\",\"Slide\"],\"inLanguage\":\"pt-BR\",\"potentialAction\":[{\"@type\":\"CommentAction\",\"name\":\"Comment\",\"target\":[\"https:\\\/\\\/revistaregional.com.br\\\/site\\\/2026\\\/09\\\/03\\\/tudo-pronto-para-o-rodeio-itu-festival-que-celebra-20-anos\\\/#respond\"]}]},{\"@type\":\"WebPage\",\"@id\":\"https:\\\/\\\/revistaregional.com.br\\\/site\\\/2026\\\/09\\\/03\\\/tudo-pronto-para-o-rodeio-itu-festival-que-celebra-20-anos\\\/\",\"url\":\"https:\\\/\\\/revistaregional.com.br\\\/site\\\/2026\\\/09\\\/03\\\/tudo-pronto-para-o-rodeio-itu-festival-que-celebra-20-anos\\\/\",\"name\":\"Tudo pronto para o Rodeio Itu Festival, que celebra 20 anos - Revista Regional\",\"isPartOf\":{\"@id\":\"https:\\\/\\\/revistaregional.com.br\\\/site\\\/#website\"},\"primaryImageOfPage\":{\"@id\":\"https:\\\/\\\/revistaregional.com.br\\\/site\\\/2026\\\/09\\\/03\\\/tudo-pronto-para-o-rodeio-itu-festival-que-celebra-20-anos\\\/#primaryimage\"},\"image\":{\"@id\":\"https:\\\/\\\/revistaregional.com.br\\\/site\\\/2026\\\/09\\\/03\\\/tudo-pronto-para-o-rodeio-itu-festival-que-celebra-20-anos\\\/#primaryimage\"},\"thumbnailUrl\":\"https:\\\/\\\/revistaregional.com.br\\\/site\\\/wp-content\\\/uploads\\\/2025\\\/07\\\/Rodeio-Itu-Festival-2024-5.jpg\",\"datePublished\":\"2026-09-03T14:59:49+00:00\",\"author\":{\"@id\":\"https:\\\/\\\/revistaregional.com.br\\\/site\\\/#\\\/schema\\\/person\\\/36e364a1eecb8d0aa8b2b130df3b9978\"},\"breadcrumb\":{\"@id\":\"https:\\\/\\\/revistaregional.com.br\\\/site\\\/2026\\\/09\\\/03\\\/tudo-pronto-para-o-rodeio-itu-festival-que-celebra-20-anos\\\/#breadcrumb\"},\"inLanguage\":\"pt-BR\",\"potentialAction\":[{\"@type\":\"ReadAction\",\"target\":[\"https:\\\/\\\/revistaregional.com.br\\\/site\\\/2026\\\/09\\\/03\\\/tudo-pronto-para-o-rodeio-itu-festival-que-celebra-20-anos\\\/\"]}]},{\"@type\":\"ImageObject\",\"inLanguage\":\"pt-BR\",\"@id\":\"https:\\\/\\\/revistaregional.com.br\\\/site\\\/2026\\\/09\\\/03\\\/tudo-pronto-para-o-rodeio-itu-festival-que-celebra-20-anos\\\/#primaryimage\",\"url\":\"https:\\\/\\\/revistaregional.com.br\\\/site\\\/wp-content\\\/uploads\\\/2025\\\/07\\\/Rodeio-Itu-Festival-2024-5.jpg\",\"contentUrl\":\"https:\\\/\\\/revistaregional.com.br\\\/site\\\/wp-content\\\/uploads\\\/2025\\\/07\\\/Rodeio-Itu-Festival-2024-5.jpg\",\"width\":1280,\"height\":853,\"caption\":\"P\u00fablico do Rodeio Itu Festival do ano passado\"},{\"@type\":\"BreadcrumbList\",\"@id\":\"https:\\\/\\\/revistaregional.com.br\\\/site\\\/2026\\\/09\\\/03\\\/tudo-pronto-para-o-rodeio-itu-festival-que-celebra-20-anos\\\/#breadcrumb\",\"itemListElement\":[{\"@type\":\"ListItem\",\"position\":1,\"name\":\"In\u00edcio\",\"item\":\"https:\\\/\\\/revistaregional.com.br\\\/site\\\/\"},{\"@type\":\"ListItem\",\"position\":2,\"name\":\"Tudo pronto para o Rodeio Itu Festival, que celebra 20 anos\"}]},{\"@type\":\"WebSite\",\"@id\":\"https:\\\/\\\/revistaregional.com.br\\\/site\\\/#website\",\"url\":\"https:\\\/\\\/revistaregional.com.br\\\/site\\\/\",\"name\":\"Revista Regional\",\"description\":\"Salto - Itu - Indaituba\",\"potentialAction\":[{\"@type\":\"SearchAction\",\"target\":{\"@type\":\"EntryPoint\",\"urlTemplate\":\"https:\\\/\\\/revistaregional.com.br\\\/site\\\/?s={search_term_string}\"},\"query-input\":{\"@type\":\"PropertyValueSpecification\",\"valueRequired\":true,\"valueName\":\"search_term_string\"}}],\"inLanguage\":\"pt-BR\"},{\"@type\":\"Person\",\"@id\":\"https:\\\/\\\/revistaregional.com.br\\\/site\\\/#\\\/schema\\\/person\\\/36e364a1eecb8d0aa8b2b130df3b9978\",\"name\":\"Revista Regional\",\"image\":{\"@type\":\"ImageObject\",\"inLanguage\":\"pt-BR\",\"@id\":\"https:\\\/\\\/secure.gravatar.com\\\/avatar\\\/b66ebee092f43558ad764994726fd73529b28b6b57f917079eef3e7c5dbd34ad?s=96&d=mm&r=g\",\"url\":\"https:\\\/\\\/secure.gravatar.com\\\/avatar\\\/b66ebee092f43558ad764994726fd73529b28b6b57f917079eef3e7c5dbd34ad?s=96&d=mm&r=g\",\"contentUrl\":\"https:\\\/\\\/secure.gravatar.com\\\/avatar\\\/b66ebee092f43558ad764994726fd73529b28b6b57f917079eef3e7c5dbd34ad?s=96&d=mm&r=g\",\"caption\":\"Revista Regional\"},\"url\":\"https:\\\/\\\/revistaregional.com.br\\\/site\\\/author\\\/revista-regionaluol-com-br\\\/\"}]}<\/script>\n<!-- \/ Yoast SEO plugin. -->","yoast_head_json":{"title":"Tudo pronto para o Rodeio Itu Festival, que celebra 20 anos - Revista Regional","robots":{"index":"index","follow":"follow","max-snippet":"max-snippet:-1","max-image-preview":"max-image-preview:large","max-video-preview":"max-video-preview:-1"},"canonical":"https:\/\/revistaregional.com.br\/site\/2026\/09\/03\/tudo-pronto-para-o-rodeio-itu-festival-que-celebra-20-anos\/","og_locale":"pt_BR","og_type":"article","og_title":"Tudo pronto para o Rodeio Itu Festival, que celebra 20 anos - Revista Regional","og_description":"Evento come\u00e7a nesta sexta-feira, 04 de setembro, na Arena Itu, com pista gratuita na abertura; Festa re\u00fane diferentes ritmos em cinco noites de programa\u00e7\u00e3o O Rodeio Itu Festival inicia nesta sexta-feira, dia 04 de setembro, uma edi\u00e7\u00e3o especial em comemora\u00e7\u00e3o aos seus 20 anos. At\u00e9 o dia 12, a Arena Itu receber\u00e1 artistas do sertanejo, [&hellip;]","og_url":"https:\/\/revistaregional.com.br\/site\/2026\/09\/03\/tudo-pronto-para-o-rodeio-itu-festival-que-celebra-20-anos\/","og_site_name":"Revista Regional","article_published_time":"2026-09-03T14:59:49+00:00","og_image":[{"width":1280,"height":853,"url":"https:\/\/revistaregional.com.br\/site\/wp-content\/uploads\/2025\/07\/Rodeio-Itu-Festival-2024-5.jpg","type":"image\/jpeg"}],"author":"Revista Regional","twitter_card":"summary_large_image","twitter_misc":{"Escrito por":"Revista Regional","Est. tempo de leitura":"4 minutos"},"schema":{"@context":"https:\/\/schema.org","@graph":[{"@type":"Article","@id":"https:\/\/revistaregional.com.br\/site\/2026\/09\/03\/tudo-pronto-para-o-rodeio-itu-festival-que-celebra-20-anos\/#article","isPartOf":{"@id":"https:\/\/revistaregional.com.br\/site\/2026\/09\/03\/tudo-pronto-para-o-rodeio-itu-festival-que-celebra-20-anos\/"},"author":{"name":"Revista Regional","@id":"https:\/\/revistaregional.com.br\/site\/#\/schema\/person\/36e364a1eecb8d0aa8b2b130df3b9978"},"headline":"Tudo pronto para o Rodeio Itu Festival, que celebra 20 anos","datePublished":"2026-09-03T14:59:49+00:00","mainEntityOfPage":{"@id":"https:\/\/revistaregional.com.br\/site\/2026\/09\/03\/tudo-pronto-para-o-rodeio-itu-festival-que-celebra-20-anos\/"},"wordCount":658,"commentCount":0,"image":{"@id":"https:\/\/revistaregional.com.br\/site\/2026\/09\/03\/tudo-pronto-para-o-rodeio-itu-festival-que-celebra-20-anos\/#primaryimage"},"thumbnailUrl":"https:\/\/revistaregional.com.br\/site\/wp-content\/uploads\/2025\/07\/Rodeio-Itu-Festival-2024-5.jpg","articleSection":["Destaque Lateral","Rep\u00f3rter","Slide"],"inLanguage":"pt-BR","potentialAction":[{"@type":"CommentAction","name":"Comment","target":["https:\/\/revistaregional.com.br\/site\/2026\/09\/03\/tudo-pronto-para-o-rodeio-itu-festival-que-celebra-20-anos\/#respond"]}]},{"@type":"WebPage","@id":"https:\/\/revistaregional.com.br\/site\/2026\/09\/03\/tudo-pronto-para-o-rodeio-itu-festival-que-celebra-20-anos\/","url":"https:\/\/revistaregional.com.br\/site\/2026\/09\/03\/tudo-pronto-para-o-rodeio-itu-festival-que-celebra-20-anos\/","name":"Tudo pronto para o Rodeio Itu Festival, que celebra 20 anos - Revista Regional","isPartOf":{"@id":"https:\/\/revistaregional.com.br\/site\/#website"},"primaryImageOfPage":{"@id":"https:\/\/revistaregional.com.br\/site\/2026\/09\/03\/tudo-pronto-para-o-rodeio-itu-festival-que-celebra-20-anos\/#primaryimage"},"image":{"@id":"https:\/\/revistaregional.com.br\/site\/2026\/09\/03\/tudo-pronto-para-o-rodeio-itu-festival-que-celebra-20-anos\/#primaryimage"},"thumbnailUrl":"https:\/\/revistaregional.com.br\/site\/wp-content\/uploads\/2025\/07\/Rodeio-Itu-Festival-2024-5.jpg","datePublished":"2026-09-03T14:59:49+00:00","author":{"@id":"https:\/\/revistaregional.com.br\/site\/#\/schema\/person\/36e364a1eecb8d0aa8b2b130df3b9978"},"breadcrumb":{"@id":"https:\/\/revistaregional.com.br\/site\/2026\/09\/03\/tudo-pronto-para-o-rodeio-itu-festival-que-celebra-20-anos\/#breadcrumb"},"inLanguage":"pt-BR","potentialAction":[{"@type":"ReadAction","target":["https:\/\/revistaregional.com.br\/site\/2026\/09\/03\/tudo-pronto-para-o-rodeio-itu-festival-que-celebra-20-anos\/"]}]},{"@type":"ImageObject","inLanguage":"pt-BR","@id":"https:\/\/revistaregional.com.br\/site\/2026\/09\/03\/tudo-pronto-para-o-rodeio-itu-festival-que-celebra-20-anos\/#primaryimage","url":"https:\/\/revistaregional.com.br\/site\/wp-content\/uploads\/2025\/07\/Rodeio-Itu-Festival-2024-5.jpg","contentUrl":"https:\/\/revistaregional.com.br\/site\/wp-content\/uploads\/2025\/07\/Rodeio-Itu-Festival-2024-5.jpg","width":1280,"height":853,"caption":"P\u00fablico do Rodeio Itu Festival do ano passado"},{"@type":"BreadcrumbList","@id":"https:\/\/revistaregional.com.br\/site\/2026\/09\/03\/tudo-pronto-para-o-rodeio-itu-festival-que-celebra-20-anos\/#breadcrumb","itemListElement":[{"@type":"ListItem","position":1,"name":"In\u00edcio","item":"https:\/\/revistaregional.com.br\/site\/"},{"@type":"ListItem","position":2,"name":"Tudo pronto para o Rodeio Itu Festival, que celebra 20 anos"}]},{"@type":"WebSite","@id":"https:\/\/revistaregional.com.br\/site\/#website","url":"https:\/\/revistaregional.com.br\/site\/","name":"Revista Regional","description":"Salto - Itu - Indaituba","potentialAction":[{"@type":"SearchAction","target":{"@type":"EntryPoint","urlTemplate":"https:\/\/revistaregional.com.br\/site\/?s={search_term_string}"},"query-input":{"@type":"PropertyValueSpecification","valueRequired":true,"valueName":"search_term_string"}}],"inLanguage":"pt-BR"},{"@type":"Person","@id":"https:\/\/revistaregional.com.br\/site\/#\/schema\/person\/36e364a1eecb8d0aa8b2b130df3b9978","name":"Revista Regional","image":{"@type":"ImageObject","inLanguage":"pt-BR","@id":"https:\/\/secure.gravatar.com\/avatar\/b66ebee092f43558ad764994726fd73529b28b6b57f917079eef3e7c5dbd34ad?s=96&d=mm&r=g","url":"https:\/\/secure.gravatar.com\/avatar\/b66ebee092f43558ad764994726fd73529b28b6b57f917079eef3e7c5dbd34ad?s=96&d=mm&r=g","contentUrl":"https:\/\/secure.gravatar.com\/avatar\/b66ebee092f43558ad764994726fd73529b28b6b57f917079eef3e7c5dbd34ad?s=96&d=mm&r=g","caption":"Revista Regional"},"url":"https:\/\/revistaregional.com.br\/site\/author\/revista-regionaluol-com-br\/"}]}},"views":98,"_links":{"self":[{"href":"https:\/\/revistaregional.com.br\/site\/wp-json\/wp\/v2\/posts\/37144","targetHints":{"allow":["GET"]}}],"collection":[{"href":"https:\/\/revistaregional.com.br\/site\/wp-json\/wp\/v2\/posts"}],"about":[{"href":"https:\/\/revistaregional.com.br\/site\/wp-json\/wp\/v2\/types\/post"}],"author":[{"embeddable":true,"href":"https:\/\/revistaregional.com.br\/site\/wp-json\/wp\/v2\/users\/2"}],"replies":[{"embeddable":true,"href":"https:\/\/revistaregional.com.br\/site\/wp-json\/wp\/v2\/comments?post=37144"}],"version-history":[{"count":1,"href":"https:\/\/revistaregional.com.br\/site\/wp-json\/wp\/v2\/posts\/37144\/revisions"}],"predecessor-version":[{"id":37145,"href":"https:\/\/revistaregional.com.br\/site\/wp-json\/wp\/v2\/posts\/37144\/revisions\/37145"}],"wp:featuredmedia":[{"embeddable":true,"href":"https:\/\/revistaregional.com.br\/site\/wp-json\/wp\/v2\/media\/35445"}],"wp:attachment":[{"href":"https:\/\/revistaregional.com.br\/site\/wp-json\/wp\/v2\/media?parent=37144"}],"wp:term":[{"taxonomy":"category","embeddable":true,"href":"https:\/\/revistaregional.com.br\/site\/wp-json\/wp\/v2\/categories?post=37144"},{"taxonomy":"post_tag","embeddable":true,"href":"https:\/\/revistaregional.com.br\/site\/wp-json\/wp\/v2\/tags?post=37144"}],"curies":[{"name":"wp","href":"https:\/\/api.w.org\/{rel}","templated":true}]}}