{"id":37138,"date":"2026-09-03T11:51:10","date_gmt":"2026-09-03T14:51:10","guid":{"rendered":"https:\/\/revistaregional.com.br\/site\/?p=37138"},"modified":"2026-09-03T11:52:13","modified_gmt":"2026-09-03T14:52:13","slug":"feira-em-itu-reune-antiguidades-musica-em-vinil-e-ferromodelismo","status":"publish","type":"post","link":"https:\/\/revistaregional.com.br\/site\/2026\/09\/03\/feira-em-itu-reune-antiguidades-musica-em-vinil-e-ferromodelismo\/","title":{"rendered":"Feira em Itu re\u00fane antiguidades, m\u00fasica em vinil e ferromodelismo"},"content":{"rendered":"<p><em>Evento gratuito acontece no domingo, dia 06, com objetos colecion\u00e1veis, raridades, exposi\u00e7\u00e3o de ferromodelismo e passeio guiado pelo complexo<\/em><\/p>\n<figure id=\"attachment_37139\" aria-describedby=\"caption-attachment-37139\" style=\"width: 300px\" class=\"wp-caption aligncenter\"><a href=\"https:\/\/revistaregional.com.br\/site\/wp-content\/uploads\/2026\/09\/Feira-de-Antiguidades-2.jpg\"><img fetchpriority=\"high\" decoding=\"async\" class=\"wp-image-37139 size-medium\" src=\"https:\/\/revistaregional.com.br\/site\/wp-content\/uploads\/2026\/09\/Feira-de-Antiguidades-2-300x228.jpg\" alt=\"\" width=\"300\" height=\"228\" srcset=\"https:\/\/revistaregional.com.br\/site\/wp-content\/uploads\/2026\/09\/Feira-de-Antiguidades-2-300x228.jpg 300w, https:\/\/revistaregional.com.br\/site\/wp-content\/uploads\/2026\/09\/Feira-de-Antiguidades-2-1024x777.jpg 1024w, https:\/\/revistaregional.com.br\/site\/wp-content\/uploads\/2026\/09\/Feira-de-Antiguidades-2-1536x1165.jpg 1536w, https:\/\/revistaregional.com.br\/site\/wp-content\/uploads\/2026\/09\/Feira-de-Antiguidades-2.jpg 1600w\" sizes=\"(max-width: 300px) 100vw, 300px\" \/><\/a><figcaption id=\"caption-attachment-37139\" class=\"wp-caption-text\">Feira de antiguidades<\/figcaption><\/figure>\n<p>Objetos que atravessaram gera\u00e7\u00f5es e ajudam a contar diferentes per\u00edodos da hist\u00f3ria estar\u00e3o reunidos no domingo, dia 06 de setembro, em mais uma edi\u00e7\u00e3o da Feira de Antiguidades &amp; Curiosidades. Realizado no Espa\u00e7o F\u00e1brica S\u00e3o Luiz, no Centro de Itu, o evento acontecer\u00e1 das 9h30 \u00e0s 17h, com entrada gratuita.<\/p>\n<p>A feira contar\u00e1 com dezenas de expositores e uma variedade de antiguidades, artigos de decora\u00e7\u00e3o, pe\u00e7as colecion\u00e1veis, moedas antigas, artesanato, bijuterias, semijoias e outras raridades. A proposta \u00e9 proporcionar um espa\u00e7o de encontro para colecionadores, apreciadores e visitantes interessados em conhecer ou adquirir objetos que preservam mem\u00f3rias de diferentes \u00e9pocas.<\/p>\n<p>A ambienta\u00e7\u00e3o musical ficar\u00e1 a cargo de Vinicius e Nawmi, integrantes do Grupo Vitrola Velha. Durante a feira, a dupla apresentar\u00e1 uma sele\u00e7\u00e3o de m\u00fasicas reproduzidas em discos de vinil, resgatando sonoridades e sucessos de diferentes per\u00edodos da hist\u00f3ria da m\u00fasica. A atra\u00e7\u00e3o refor\u00e7a o clima de nostalgia do encontro e recupera uma maneira de ouvir m\u00fasica que voltou a conquistar colecionadores e novas gera\u00e7\u00f5es.<\/p>\n<figure id=\"attachment_37140\" aria-describedby=\"caption-attachment-37140\" style=\"width: 300px\" class=\"wp-caption aligncenter\"><a href=\"https:\/\/revistaregional.com.br\/site\/wp-content\/uploads\/2026\/09\/Visita-Guiada.jpg\"><img decoding=\"async\" class=\"wp-image-37140 size-medium\" src=\"https:\/\/revistaregional.com.br\/site\/wp-content\/uploads\/2026\/09\/Visita-Guiada-300x192.jpg\" alt=\"\" width=\"300\" height=\"192\" srcset=\"https:\/\/revistaregional.com.br\/site\/wp-content\/uploads\/2026\/09\/Visita-Guiada-300x192.jpg 300w, https:\/\/revistaregional.com.br\/site\/wp-content\/uploads\/2026\/09\/Visita-Guiada-1024x656.jpg 1024w, https:\/\/revistaregional.com.br\/site\/wp-content\/uploads\/2026\/09\/Visita-Guiada-1536x984.jpg 1536w, https:\/\/revistaregional.com.br\/site\/wp-content\/uploads\/2026\/09\/Visita-Guiada.jpg 1600w\" sizes=\"(max-width: 300px) 100vw, 300px\" \/><\/a><figcaption id=\"caption-attachment-37140\" class=\"wp-caption-text\">Visita guiada pela antiga f\u00e1brica<\/figcaption><\/figure>\n<p><strong>Visita revela hist\u00f3ria da antiga ind\u00fastria<\/strong><\/p>\n<p>\u00c0s 15h, o p\u00fablico poder\u00e1 participar de uma visita guiada pelas instala\u00e7\u00f5es da F\u00e1brica S\u00e3o Luiz. O passeio apresentar\u00e1 informa\u00e7\u00f5es sobre a trajet\u00f3ria do edif\u00edcio e detalhes de sua arquitetura preservada. O roteiro inclui o hist\u00f3rico t\u00fanel e a antiga caldeira, estruturas remanescentes do per\u00edodo em que a f\u00e1brica funcionava como uma das importantes ind\u00fastrias t\u00eaxteis do Estado de S\u00e3o Paulo.<\/p>\n<p>Inaugurada em 1869, a F\u00e1brica S\u00e3o Luiz foi a primeira ind\u00fastria a vapor do Estado. O edif\u00edcio, reconhecido como Patrim\u00f4nio Hist\u00f3rico Nacional pelo Iphan (Instituto do Patrim\u00f4nio Hist\u00f3rico e Art\u00edstico Nacional), encerrou suas atividades industriais em 1982. Desde 2004, o im\u00f3vel funciona como espa\u00e7o cultural e recebe feiras, exposi\u00e7\u00f5es e outros eventos. O pr\u00e9dio passa por um processo cont\u00ednuo de restaura\u00e7\u00e3o realizado por seus propriet\u00e1rios e viabilizado pela renda obtida com as atividades promovidas no local.<\/p>\n<figure id=\"attachment_37141\" aria-describedby=\"caption-attachment-37141\" style=\"width: 300px\" class=\"wp-caption aligncenter\"><a href=\"https:\/\/revistaregional.com.br\/site\/wp-content\/uploads\/2026\/09\/Espaco-Fabrica-Sao-Luiz_Itu.jpg\"><img decoding=\"async\" class=\"wp-image-37141 size-medium\" src=\"https:\/\/revistaregional.com.br\/site\/wp-content\/uploads\/2026\/09\/Espaco-Fabrica-Sao-Luiz_Itu-300x225.jpg\" alt=\"\" width=\"300\" height=\"225\" srcset=\"https:\/\/revistaregional.com.br\/site\/wp-content\/uploads\/2026\/09\/Espaco-Fabrica-Sao-Luiz_Itu-300x225.jpg 300w, https:\/\/revistaregional.com.br\/site\/wp-content\/uploads\/2026\/09\/Espaco-Fabrica-Sao-Luiz_Itu-1024x768.jpg 1024w, https:\/\/revistaregional.com.br\/site\/wp-content\/uploads\/2026\/09\/Espaco-Fabrica-Sao-Luiz_Itu.jpg 1280w\" sizes=\"(max-width: 300px) 100vw, 300px\" \/><\/a><figcaption id=\"caption-attachment-37141\" class=\"wp-caption-text\">Edif\u00edcio tombado como patrim\u00f4nio nacional<\/figcaption><\/figure>\n<p><strong>Ferromodelismo tamb\u00e9m \u00e9 atra\u00e7\u00e3o<\/strong><\/p>\n<p>Os visitantes tamb\u00e9m poder\u00e3o conhecer a sede do Clube do Ferromodelismo de Itu, instalada no complexo. O espa\u00e7o mant\u00e9m uma exposi\u00e7\u00e3o permanente de maquetes, locomotivas e miniaturas ferrovi\u00e1rias. A atra\u00e7\u00e3o costuma despertar a curiosidade de crian\u00e7as e adultos, especialmente dos apaixonados pela hist\u00f3ria das ferrovias e pelo universo dos trens em miniatura.<\/p>\n<p>Interessados em participar das pr\u00f3ximas edi\u00e7\u00f5es como expositores ou comercializar antiguidades e itens colecion\u00e1veis podem entrar em contato pelo telefone e WhatsApp (11) 98680-1192 ou diretamente com a administra\u00e7\u00e3o do Espa\u00e7o F\u00e1brica S\u00e3o Luiz.<\/p>\n<p><strong>MAIS:<\/strong><\/p>\n<p><strong>Feira de Antiguidades &amp; Curiosidades<\/strong><br \/>\nData: 06 de setembro de 2026, domingo<br \/>\nHor\u00e1rio: das 9h30 \u00e0s 17h<br \/>\nEntrada gratuita<br \/>\nLocal: Espa\u00e7o F\u00e1brica S\u00e3o Luiz<br \/>\nEndere\u00e7o: Rua Paula Souza, 492, Centro, Itu<br \/>\nInforma\u00e7\u00f5es: <a href=\"http:\/\/www.espacofabrica.com.br\">www.espacofabrica.com.br<\/a><br \/>\nInstagram: @espacofabrica<\/p>\n<p>&nbsp;<\/p>\n<p>fotos: Divulga\u00e7\u00e3o<\/p>\n","protected":false},"excerpt":{"rendered":"<p>Evento gratuito acontece no domingo, dia 06, com objetos colecion\u00e1veis, raridades, exposi\u00e7\u00e3o de ferromodelismo e passeio guiado pelo complexo Objetos que atravessaram gera\u00e7\u00f5es e ajudam a contar diferentes per\u00edodos da hist\u00f3ria estar\u00e3o reunidos no domingo, dia 06 de setembro, em mais uma edi\u00e7\u00e3o da Feira de Antiguidades &amp; Curiosidades. Realizado no Espa\u00e7o F\u00e1brica S\u00e3o Luiz, [&hellip;]<\/p>\n","protected":false},"author":2,"featured_media":37139,"comment_status":"open","ping_status":"open","sticky":false,"template":"","format":"standard","meta":{"_acf_changed":false,"ngg_post_thumbnail":0,"_joinchat":[],"footnotes":""},"categories":[449,476],"tags":[],"class_list":["post-37138","post","type-post","status-publish","format-standard","has-post-thumbnail","hentry","category-destaque-lateral","category-regionais-2"],"acf":[],"yoast_head":"<!-- This site is optimized with the Yoast SEO plugin v28.4 - https:\/\/yoast.com\/product\/yoast-seo-wordpress\/ -->\n<title>Feira em Itu re\u00fane antiguidades, m\u00fasica em vinil e ferromodelismo - Revista Regional<\/title>\n<meta name=\"robots\" content=\"index, follow, max-snippet:-1, max-image-preview:large, max-video-preview:-1\" \/>\n<link rel=\"canonical\" href=\"https:\/\/revistaregional.com.br\/site\/2026\/09\/03\/feira-em-itu-reune-antiguidades-musica-em-vinil-e-ferromodelismo\/\" \/>\n<meta property=\"og:locale\" content=\"pt_BR\" \/>\n<meta property=\"og:type\" content=\"article\" \/>\n<meta property=\"og:title\" content=\"Feira em Itu re\u00fane antiguidades, m\u00fasica em vinil e ferromodelismo - Revista Regional\" \/>\n<meta property=\"og:description\" content=\"Evento gratuito acontece no domingo, dia 06, com objetos colecion\u00e1veis, raridades, exposi\u00e7\u00e3o de ferromodelismo e passeio guiado pelo complexo Objetos que atravessaram gera\u00e7\u00f5es e ajudam a contar diferentes per\u00edodos da hist\u00f3ria estar\u00e3o reunidos no domingo, dia 06 de setembro, em mais uma edi\u00e7\u00e3o da Feira de Antiguidades &amp; Curiosidades. Realizado no Espa\u00e7o F\u00e1brica S\u00e3o Luiz, [&hellip;]\" \/>\n<meta property=\"og:url\" content=\"https:\/\/revistaregional.com.br\/site\/2026\/09\/03\/feira-em-itu-reune-antiguidades-musica-em-vinil-e-ferromodelismo\/\" \/>\n<meta property=\"og:site_name\" content=\"Revista Regional\" \/>\n<meta property=\"article:published_time\" content=\"2026-09-03T14:51:10+00:00\" \/>\n<meta property=\"article:modified_time\" content=\"2026-09-03T14:52:13+00:00\" \/>\n<meta property=\"og:image\" content=\"https:\/\/revistaregional.com.br\/site\/wp-content\/uploads\/2026\/09\/Feira-de-Antiguidades-2.jpg\" \/>\n\t<meta property=\"og:image:width\" content=\"1600\" \/>\n\t<meta property=\"og:image:height\" content=\"1214\" \/>\n\t<meta property=\"og:image:type\" content=\"image\/jpeg\" \/>\n<meta name=\"author\" content=\"Revista Regional\" \/>\n<meta name=\"twitter:card\" content=\"summary_large_image\" \/>\n<meta name=\"twitter:label1\" content=\"Escrito por\" \/>\n\t<meta name=\"twitter:data1\" content=\"Revista Regional\" \/>\n\t<meta name=\"twitter:label2\" content=\"Est. tempo de leitura\" \/>\n\t<meta name=\"twitter:data2\" content=\"4 minutos\" \/>\n<script type=\"application\/ld+json\" class=\"yoast-schema-graph\">{\"@context\":\"https:\\\/\\\/schema.org\",\"@graph\":[{\"@type\":\"Article\",\"@id\":\"https:\\\/\\\/revistaregional.com.br\\\/site\\\/2026\\\/09\\\/03\\\/feira-em-itu-reune-antiguidades-musica-em-vinil-e-ferromodelismo\\\/#article\",\"isPartOf\":{\"@id\":\"https:\\\/\\\/revistaregional.com.br\\\/site\\\/2026\\\/09\\\/03\\\/feira-em-itu-reune-antiguidades-musica-em-vinil-e-ferromodelismo\\\/\"},\"author\":{\"name\":\"Revista Regional\",\"@id\":\"https:\\\/\\\/revistaregional.com.br\\\/site\\\/#\\\/schema\\\/person\\\/36e364a1eecb8d0aa8b2b130df3b9978\"},\"headline\":\"Feira em Itu re\u00fane antiguidades, m\u00fasica em vinil e ferromodelismo\",\"datePublished\":\"2026-09-03T14:51:10+00:00\",\"dateModified\":\"2026-09-03T14:52:13+00:00\",\"mainEntityOfPage\":{\"@id\":\"https:\\\/\\\/revistaregional.com.br\\\/site\\\/2026\\\/09\\\/03\\\/feira-em-itu-reune-antiguidades-musica-em-vinil-e-ferromodelismo\\\/\"},\"wordCount\":579,\"commentCount\":0,\"image\":{\"@id\":\"https:\\\/\\\/revistaregional.com.br\\\/site\\\/2026\\\/09\\\/03\\\/feira-em-itu-reune-antiguidades-musica-em-vinil-e-ferromodelismo\\\/#primaryimage\"},\"thumbnailUrl\":\"https:\\\/\\\/revistaregional.com.br\\\/site\\\/wp-content\\\/uploads\\\/2026\\\/09\\\/Feira-de-Antiguidades-2.jpg\",\"articleSection\":[\"Destaque Lateral\",\"Regionais 2\"],\"inLanguage\":\"pt-BR\",\"potentialAction\":[{\"@type\":\"CommentAction\",\"name\":\"Comment\",\"target\":[\"https:\\\/\\\/revistaregional.com.br\\\/site\\\/2026\\\/09\\\/03\\\/feira-em-itu-reune-antiguidades-musica-em-vinil-e-ferromodelismo\\\/#respond\"]}]},{\"@type\":\"WebPage\",\"@id\":\"https:\\\/\\\/revistaregional.com.br\\\/site\\\/2026\\\/09\\\/03\\\/feira-em-itu-reune-antiguidades-musica-em-vinil-e-ferromodelismo\\\/\",\"url\":\"https:\\\/\\\/revistaregional.com.br\\\/site\\\/2026\\\/09\\\/03\\\/feira-em-itu-reune-antiguidades-musica-em-vinil-e-ferromodelismo\\\/\",\"name\":\"Feira em Itu re\u00fane antiguidades, m\u00fasica em vinil e ferromodelismo - Revista Regional\",\"isPartOf\":{\"@id\":\"https:\\\/\\\/revistaregional.com.br\\\/site\\\/#website\"},\"primaryImageOfPage\":{\"@id\":\"https:\\\/\\\/revistaregional.com.br\\\/site\\\/2026\\\/09\\\/03\\\/feira-em-itu-reune-antiguidades-musica-em-vinil-e-ferromodelismo\\\/#primaryimage\"},\"image\":{\"@id\":\"https:\\\/\\\/revistaregional.com.br\\\/site\\\/2026\\\/09\\\/03\\\/feira-em-itu-reune-antiguidades-musica-em-vinil-e-ferromodelismo\\\/#primaryimage\"},\"thumbnailUrl\":\"https:\\\/\\\/revistaregional.com.br\\\/site\\\/wp-content\\\/uploads\\\/2026\\\/09\\\/Feira-de-Antiguidades-2.jpg\",\"datePublished\":\"2026-09-03T14:51:10+00:00\",\"dateModified\":\"2026-09-03T14:52:13+00:00\",\"author\":{\"@id\":\"https:\\\/\\\/revistaregional.com.br\\\/site\\\/#\\\/schema\\\/person\\\/36e364a1eecb8d0aa8b2b130df3b9978\"},\"breadcrumb\":{\"@id\":\"https:\\\/\\\/revistaregional.com.br\\\/site\\\/2026\\\/09\\\/03\\\/feira-em-itu-reune-antiguidades-musica-em-vinil-e-ferromodelismo\\\/#breadcrumb\"},\"inLanguage\":\"pt-BR\",\"potentialAction\":[{\"@type\":\"ReadAction\",\"target\":[\"https:\\\/\\\/revistaregional.com.br\\\/site\\\/2026\\\/09\\\/03\\\/feira-em-itu-reune-antiguidades-musica-em-vinil-e-ferromodelismo\\\/\"]}]},{\"@type\":\"ImageObject\",\"inLanguage\":\"pt-BR\",\"@id\":\"https:\\\/\\\/revistaregional.com.br\\\/site\\\/2026\\\/09\\\/03\\\/feira-em-itu-reune-antiguidades-musica-em-vinil-e-ferromodelismo\\\/#primaryimage\",\"url\":\"https:\\\/\\\/revistaregional.com.br\\\/site\\\/wp-content\\\/uploads\\\/2026\\\/09\\\/Feira-de-Antiguidades-2.jpg\",\"contentUrl\":\"https:\\\/\\\/revistaregional.com.br\\\/site\\\/wp-content\\\/uploads\\\/2026\\\/09\\\/Feira-de-Antiguidades-2.jpg\",\"width\":1600,\"height\":1214},{\"@type\":\"BreadcrumbList\",\"@id\":\"https:\\\/\\\/revistaregional.com.br\\\/site\\\/2026\\\/09\\\/03\\\/feira-em-itu-reune-antiguidades-musica-em-vinil-e-ferromodelismo\\\/#breadcrumb\",\"itemListElement\":[{\"@type\":\"ListItem\",\"position\":1,\"name\":\"In\u00edcio\",\"item\":\"https:\\\/\\\/revistaregional.com.br\\\/site\\\/\"},{\"@type\":\"ListItem\",\"position\":2,\"name\":\"Feira em Itu re\u00fane antiguidades, m\u00fasica em vinil e ferromodelismo\"}]},{\"@type\":\"WebSite\",\"@id\":\"https:\\\/\\\/revistaregional.com.br\\\/site\\\/#website\",\"url\":\"https:\\\/\\\/revistaregional.com.br\\\/site\\\/\",\"name\":\"Revista Regional\",\"description\":\"Salto - Itu - Indaituba\",\"potentialAction\":[{\"@type\":\"SearchAction\",\"target\":{\"@type\":\"EntryPoint\",\"urlTemplate\":\"https:\\\/\\\/revistaregional.com.br\\\/site\\\/?s={search_term_string}\"},\"query-input\":{\"@type\":\"PropertyValueSpecification\",\"valueRequired\":true,\"valueName\":\"search_term_string\"}}],\"inLanguage\":\"pt-BR\"},{\"@type\":\"Person\",\"@id\":\"https:\\\/\\\/revistaregional.com.br\\\/site\\\/#\\\/schema\\\/person\\\/36e364a1eecb8d0aa8b2b130df3b9978\",\"name\":\"Revista Regional\",\"image\":{\"@type\":\"ImageObject\",\"inLanguage\":\"pt-BR\",\"@id\":\"https:\\\/\\\/secure.gravatar.com\\\/avatar\\\/b66ebee092f43558ad764994726fd73529b28b6b57f917079eef3e7c5dbd34ad?s=96&d=mm&r=g\",\"url\":\"https:\\\/\\\/secure.gravatar.com\\\/avatar\\\/b66ebee092f43558ad764994726fd73529b28b6b57f917079eef3e7c5dbd34ad?s=96&d=mm&r=g\",\"contentUrl\":\"https:\\\/\\\/secure.gravatar.com\\\/avatar\\\/b66ebee092f43558ad764994726fd73529b28b6b57f917079eef3e7c5dbd34ad?s=96&d=mm&r=g\",\"caption\":\"Revista Regional\"},\"url\":\"https:\\\/\\\/revistaregional.com.br\\\/site\\\/author\\\/revista-regionaluol-com-br\\\/\"}]}<\/script>\n<!-- \/ Yoast SEO plugin. -->","yoast_head_json":{"title":"Feira em Itu re\u00fane antiguidades, m\u00fasica em vinil e ferromodelismo - Revista Regional","robots":{"index":"index","follow":"follow","max-snippet":"max-snippet:-1","max-image-preview":"max-image-preview:large","max-video-preview":"max-video-preview:-1"},"canonical":"https:\/\/revistaregional.com.br\/site\/2026\/09\/03\/feira-em-itu-reune-antiguidades-musica-em-vinil-e-ferromodelismo\/","og_locale":"pt_BR","og_type":"article","og_title":"Feira em Itu re\u00fane antiguidades, m\u00fasica em vinil e ferromodelismo - Revista Regional","og_description":"Evento gratuito acontece no domingo, dia 06, com objetos colecion\u00e1veis, raridades, exposi\u00e7\u00e3o de ferromodelismo e passeio guiado pelo complexo Objetos que atravessaram gera\u00e7\u00f5es e ajudam a contar diferentes per\u00edodos da hist\u00f3ria estar\u00e3o reunidos no domingo, dia 06 de setembro, em mais uma edi\u00e7\u00e3o da Feira de Antiguidades &amp; Curiosidades. Realizado no Espa\u00e7o F\u00e1brica S\u00e3o Luiz, [&hellip;]","og_url":"https:\/\/revistaregional.com.br\/site\/2026\/09\/03\/feira-em-itu-reune-antiguidades-musica-em-vinil-e-ferromodelismo\/","og_site_name":"Revista Regional","article_published_time":"2026-09-03T14:51:10+00:00","article_modified_time":"2026-09-03T14:52:13+00:00","og_image":[{"width":1600,"height":1214,"url":"https:\/\/revistaregional.com.br\/site\/wp-content\/uploads\/2026\/09\/Feira-de-Antiguidades-2.jpg","type":"image\/jpeg"}],"author":"Revista Regional","twitter_card":"summary_large_image","twitter_misc":{"Escrito por":"Revista Regional","Est. tempo de leitura":"4 minutos"},"schema":{"@context":"https:\/\/schema.org","@graph":[{"@type":"Article","@id":"https:\/\/revistaregional.com.br\/site\/2026\/09\/03\/feira-em-itu-reune-antiguidades-musica-em-vinil-e-ferromodelismo\/#article","isPartOf":{"@id":"https:\/\/revistaregional.com.br\/site\/2026\/09\/03\/feira-em-itu-reune-antiguidades-musica-em-vinil-e-ferromodelismo\/"},"author":{"name":"Revista Regional","@id":"https:\/\/revistaregional.com.br\/site\/#\/schema\/person\/36e364a1eecb8d0aa8b2b130df3b9978"},"headline":"Feira em Itu re\u00fane antiguidades, m\u00fasica em vinil e ferromodelismo","datePublished":"2026-09-03T14:51:10+00:00","dateModified":"2026-09-03T14:52:13+00:00","mainEntityOfPage":{"@id":"https:\/\/revistaregional.com.br\/site\/2026\/09\/03\/feira-em-itu-reune-antiguidades-musica-em-vinil-e-ferromodelismo\/"},"wordCount":579,"commentCount":0,"image":{"@id":"https:\/\/revistaregional.com.br\/site\/2026\/09\/03\/feira-em-itu-reune-antiguidades-musica-em-vinil-e-ferromodelismo\/#primaryimage"},"thumbnailUrl":"https:\/\/revistaregional.com.br\/site\/wp-content\/uploads\/2026\/09\/Feira-de-Antiguidades-2.jpg","articleSection":["Destaque Lateral","Regionais 2"],"inLanguage":"pt-BR","potentialAction":[{"@type":"CommentAction","name":"Comment","target":["https:\/\/revistaregional.com.br\/site\/2026\/09\/03\/feira-em-itu-reune-antiguidades-musica-em-vinil-e-ferromodelismo\/#respond"]}]},{"@type":"WebPage","@id":"https:\/\/revistaregional.com.br\/site\/2026\/09\/03\/feira-em-itu-reune-antiguidades-musica-em-vinil-e-ferromodelismo\/","url":"https:\/\/revistaregional.com.br\/site\/2026\/09\/03\/feira-em-itu-reune-antiguidades-musica-em-vinil-e-ferromodelismo\/","name":"Feira em Itu re\u00fane antiguidades, m\u00fasica em vinil e ferromodelismo - Revista Regional","isPartOf":{"@id":"https:\/\/revistaregional.com.br\/site\/#website"},"primaryImageOfPage":{"@id":"https:\/\/revistaregional.com.br\/site\/2026\/09\/03\/feira-em-itu-reune-antiguidades-musica-em-vinil-e-ferromodelismo\/#primaryimage"},"image":{"@id":"https:\/\/revistaregional.com.br\/site\/2026\/09\/03\/feira-em-itu-reune-antiguidades-musica-em-vinil-e-ferromodelismo\/#primaryimage"},"thumbnailUrl":"https:\/\/revistaregional.com.br\/site\/wp-content\/uploads\/2026\/09\/Feira-de-Antiguidades-2.jpg","datePublished":"2026-09-03T14:51:10+00:00","dateModified":"2026-09-03T14:52:13+00:00","author":{"@id":"https:\/\/revistaregional.com.br\/site\/#\/schema\/person\/36e364a1eecb8d0aa8b2b130df3b9978"},"breadcrumb":{"@id":"https:\/\/revistaregional.com.br\/site\/2026\/09\/03\/feira-em-itu-reune-antiguidades-musica-em-vinil-e-ferromodelismo\/#breadcrumb"},"inLanguage":"pt-BR","potentialAction":[{"@type":"ReadAction","target":["https:\/\/revistaregional.com.br\/site\/2026\/09\/03\/feira-em-itu-reune-antiguidades-musica-em-vinil-e-ferromodelismo\/"]}]},{"@type":"ImageObject","inLanguage":"pt-BR","@id":"https:\/\/revistaregional.com.br\/site\/2026\/09\/03\/feira-em-itu-reune-antiguidades-musica-em-vinil-e-ferromodelismo\/#primaryimage","url":"https:\/\/revistaregional.com.br\/site\/wp-content\/uploads\/2026\/09\/Feira-de-Antiguidades-2.jpg","contentUrl":"https:\/\/revistaregional.com.br\/site\/wp-content\/uploads\/2026\/09\/Feira-de-Antiguidades-2.jpg","width":1600,"height":1214},{"@type":"BreadcrumbList","@id":"https:\/\/revistaregional.com.br\/site\/2026\/09\/03\/feira-em-itu-reune-antiguidades-musica-em-vinil-e-ferromodelismo\/#breadcrumb","itemListElement":[{"@type":"ListItem","position":1,"name":"In\u00edcio","item":"https:\/\/revistaregional.com.br\/site\/"},{"@type":"ListItem","position":2,"name":"Feira em Itu re\u00fane antiguidades, m\u00fasica em vinil e ferromodelismo"}]},{"@type":"WebSite","@id":"https:\/\/revistaregional.com.br\/site\/#website","url":"https:\/\/revistaregional.com.br\/site\/","name":"Revista Regional","description":"Salto - Itu - Indaituba","potentialAction":[{"@type":"SearchAction","target":{"@type":"EntryPoint","urlTemplate":"https:\/\/revistaregional.com.br\/site\/?s={search_term_string}"},"query-input":{"@type":"PropertyValueSpecification","valueRequired":true,"valueName":"search_term_string"}}],"inLanguage":"pt-BR"},{"@type":"Person","@id":"https:\/\/revistaregional.com.br\/site\/#\/schema\/person\/36e364a1eecb8d0aa8b2b130df3b9978","name":"Revista Regional","image":{"@type":"ImageObject","inLanguage":"pt-BR","@id":"https:\/\/secure.gravatar.com\/avatar\/b66ebee092f43558ad764994726fd73529b28b6b57f917079eef3e7c5dbd34ad?s=96&d=mm&r=g","url":"https:\/\/secure.gravatar.com\/avatar\/b66ebee092f43558ad764994726fd73529b28b6b57f917079eef3e7c5dbd34ad?s=96&d=mm&r=g","contentUrl":"https:\/\/secure.gravatar.com\/avatar\/b66ebee092f43558ad764994726fd73529b28b6b57f917079eef3e7c5dbd34ad?s=96&d=mm&r=g","caption":"Revista Regional"},"url":"https:\/\/revistaregional.com.br\/site\/author\/revista-regionaluol-com-br\/"}]}},"views":88,"_links":{"self":[{"href":"https:\/\/revistaregional.com.br\/site\/wp-json\/wp\/v2\/posts\/37138","targetHints":{"allow":["GET"]}}],"collection":[{"href":"https:\/\/revistaregional.com.br\/site\/wp-json\/wp\/v2\/posts"}],"about":[{"href":"https:\/\/revistaregional.com.br\/site\/wp-json\/wp\/v2\/types\/post"}],"author":[{"embeddable":true,"href":"https:\/\/revistaregional.com.br\/site\/wp-json\/wp\/v2\/users\/2"}],"replies":[{"embeddable":true,"href":"https:\/\/revistaregional.com.br\/site\/wp-json\/wp\/v2\/comments?post=37138"}],"version-history":[{"count":1,"href":"https:\/\/revistaregional.com.br\/site\/wp-json\/wp\/v2\/posts\/37138\/revisions"}],"predecessor-version":[{"id":37142,"href":"https:\/\/revistaregional.com.br\/site\/wp-json\/wp\/v2\/posts\/37138\/revisions\/37142"}],"wp:featuredmedia":[{"embeddable":true,"href":"https:\/\/revistaregional.com.br\/site\/wp-json\/wp\/v2\/media\/37139"}],"wp:attachment":[{"href":"https:\/\/revistaregional.com.br\/site\/wp-json\/wp\/v2\/media?parent=37138"}],"wp:term":[{"taxonomy":"category","embeddable":true,"href":"https:\/\/revistaregional.com.br\/site\/wp-json\/wp\/v2\/categories?post=37138"},{"taxonomy":"post_tag","embeddable":true,"href":"https:\/\/revistaregional.com.br\/site\/wp-json\/wp\/v2\/tags?post=37138"}],"curies":[{"name":"wp","href":"https:\/\/api.w.org\/{rel}","templated":true}]}}