{"id":37134,"date":"2026-09-03T11:45:06","date_gmt":"2026-09-03T14:45:06","guid":{"rendered":"https:\/\/revistaregional.com.br\/site\/?p=37134"},"modified":"2026-09-03T11:45:06","modified_gmt":"2026-09-03T14:45:06","slug":"museu-fama-revela-faceta-desenhista-de-tarsila-do-amaral","status":"publish","type":"post","link":"https:\/\/revistaregional.com.br\/site\/2026\/09\/03\/museu-fama-revela-faceta-desenhista-de-tarsila-do-amaral\/","title":{"rendered":"Museu Fama revela faceta desenhista de Tarsila do Amaral"},"content":{"rendered":"<p><em>Mostra re\u00fane cerca de 45 estudos realizados entre as d\u00e9cadas de 1910 e 1940, incluindo o \u00fanico autorretrato da artista e um estudo para a emblem\u00e1tica obra \u201cCuca\u201d<\/em><\/p>\n<figure id=\"attachment_37135\" aria-describedby=\"caption-attachment-37135\" style=\"width: 237px\" class=\"wp-caption aligncenter\"><a href=\"https:\/\/revistaregional.com.br\/site\/wp-content\/uploads\/2026\/09\/Obra-Autorretrato-de-cabelo-curto.jpg\"><img fetchpriority=\"high\" decoding=\"async\" class=\"wp-image-37135 size-medium\" src=\"https:\/\/revistaregional.com.br\/site\/wp-content\/uploads\/2026\/09\/Obra-Autorretrato-de-cabelo-curto-237x300.jpg\" alt=\"\" width=\"237\" height=\"300\" srcset=\"https:\/\/revistaregional.com.br\/site\/wp-content\/uploads\/2026\/09\/Obra-Autorretrato-de-cabelo-curto-237x300.jpg 237w, https:\/\/revistaregional.com.br\/site\/wp-content\/uploads\/2026\/09\/Obra-Autorretrato-de-cabelo-curto.jpg 461w\" sizes=\"(max-width: 237px) 100vw, 237px\" \/><\/a><figcaption id=\"caption-attachment-37135\" class=\"wp-caption-text\">Obra: Estudo de autorretrato de cabelo curto (1923) Medidas: 41,6 x 34,7 x 4 cm T\u00e9cnica: grafite e crayon sobre papel Cr\u00e9dito imagem: Acervo Museu Fama<\/figcaption><\/figure>\n<p>Antes das pinturas que transformaram a arte brasileira, existiram o tra\u00e7o, a pesquisa e a experimenta\u00e7\u00e3o. Essa etapa fundamental do processo criativo de Tarsila do Amaral ser\u00e1 apresentada pelo Museu Fama, em Itu, na exposi\u00e7\u00e3o \u201cTarsila: Onde Nascem as Imagens\u201d, que poder\u00e1 ser visitada a partir de 26 de setembro.<\/p>\n<p>A mostra re\u00fane cerca de 45 desenhos produzidos entre as d\u00e9cadas de 1910 e 1940, per\u00edodo que atravessa diferentes fases da trajet\u00f3ria da artista. Considerada um dos principais nomes do modernismo e da hist\u00f3ria da arte brasileira, Tarsila ser\u00e1 apresentada ao p\u00fablico n\u00e3o somente como pintora, mas como uma desenhista de grande capacidade t\u00e9cnica e inventiva.<\/p>\n<p>Os trabalhos integram uma rara cole\u00e7\u00e3o formada por 204 obras pertencentes ao fundador do Museu Fama, Marcos Amaro, respons\u00e1vel tamb\u00e9m pela curadoria da exposi\u00e7\u00e3o. A sele\u00e7\u00e3o procurou contemplar a variedade de temas, a riqueza das investiga\u00e7\u00f5es visuais e a integridade de cada desenho. <em>\u201cOs desenhos n\u00e3o aparecem apenas como estudos preparat\u00f3rios para pinturas futuras, mas como trabalhos dotados de autonomia, capazes de expressar processos de observa\u00e7\u00e3o, reflex\u00e3o e inven\u00e7\u00e3o. Cada um deles possui significado pr\u00f3prio e contribui para a compreens\u00e3o da extraordin\u00e1ria complexidade do universo criativo de Tarsila\u201d,<\/em> explica o curador.<\/p>\n<figure id=\"attachment_37136\" aria-describedby=\"caption-attachment-37136\" style=\"width: 222px\" class=\"wp-caption aligncenter\"><a href=\"https:\/\/revistaregional.com.br\/site\/wp-content\/uploads\/2026\/09\/Obra-estudo-da-obra-Cuca-\u2013-tatu-bichos-e-boneca-indigena.jpg\"><img decoding=\"async\" class=\"wp-image-37136 size-full\" src=\"https:\/\/revistaregional.com.br\/site\/wp-content\/uploads\/2026\/09\/Obra-estudo-da-obra-Cuca-\u2013-tatu-bichos-e-boneca-indigena.jpg\" alt=\"\" width=\"222\" height=\"283\"><\/a><figcaption id=\"caption-attachment-37136\" class=\"wp-caption-text\">Obra: estudo da obra Cuca \u2013 \u201ctatu, bichos e boneca ind\u00edgena\u201d Medidas: 23,4 x 18,1 cm T\u00e9cnica: Grafite sobre papel Cr\u00e9dito imagem: Acervo Museu Fama<\/figcaption><\/figure>\n<p><strong>Autorretrato e estudo de \u201cCuca\u201d <\/strong><\/p>\n<p>Um dos principais trabalhos da exposi\u00e7\u00e3o \u00e9 o \u00fanico autorretrato realizado por Tarsila do Amaral, datado de 1923. O p\u00fablico tamb\u00e9m poder\u00e1 conhecer um estudo relacionado \u00e0 obra \u201cCuca\u201d, cuja pintura pertence ao acervo do Mus\u00e9e de Grenoble, na Fran\u00e7a. Considerada uma das cria\u00e7\u00f5es emblem\u00e1ticas de Tarsila, \u201cCuca\u201d apresenta uma interpreta\u00e7\u00e3o colorida, l\u00fadica e divertida da personagem tradicionalmente descrita no folclore brasileiro como uma bruxa. A composi\u00e7\u00e3o tamb\u00e9m re\u00fane animais como lagarta, sapo e p\u00e1ssaro, al\u00e9m de uma vegeta\u00e7\u00e3o exuberante que remete \u00e0 fauna e \u00e0 flora nacionais. A obra est\u00e1 relacionada \u00e0s pesquisas que conduziriam ao ciclo antropof\u00e1gico da artista, fundamentado na apropria\u00e7\u00e3o e transforma\u00e7\u00e3o das influ\u00eancias europeias para a cria\u00e7\u00e3o de uma linguagem autenticamente brasileira.<\/p>\n<p>A diversidade do conjunto evidencia o car\u00e1ter curioso e investigativo da produ\u00e7\u00e3o de Tarsila. A exposi\u00e7\u00e3o re\u00fane paisagens, figuras humanas, estudos arquitet\u00f4nicos, cenas cotidianas, composi\u00e7\u00f5es imagin\u00e1rias e projetos relacionados ao universo teatral. Entre os trabalhos mais reveladores est\u00e3o desenhos de personagens desenvolvidos para uma pe\u00e7a idealizada por Tarsila e Oswald de Andrade, mas que nunca chegou a ser realizada. Os estudos mostram a habilidade da artista para criar tipos, gestos e express\u00f5es por meio de poucos elementos gr\u00e1ficos. Esses trabalhos tamb\u00e9m revelam o interesse de Tarsila por diferentes linguagens e sua capacidade de levar as pesquisas art\u00edsticas para al\u00e9m dos limites da pintura.<\/p>\n<p><strong>Cole\u00e7\u00e3o permaneceu longe do p\u00fablico por d\u00e9cadas<\/strong><\/p>\n<p>Os desenhos foram apresentados em uma exposi\u00e7\u00e3o no Museu de Arte Moderna do Rio de Janeiro, em 1969. Depois dessa mostra, segundo Marcos Amaro, o conjunto permaneceu guardado durante anos por um colecionador, sem acesso p\u00fablico e sem ser incorporado ao cat\u00e1logo raisonn\u00e9 da artista. A exposi\u00e7\u00e3o no Museu Fama oferece, novamente, uma oportunidade rara de aproxima\u00e7\u00e3o com obras que ajudam a compreender como Tarsila observava, experimentava e elaborava visualmente as ideias que marcariam sua produ\u00e7\u00e3o.<\/p>\n<p><em>\u201cO grande m\u00e9rito da exposi\u00e7\u00e3o est\u00e1 em demonstrar que o desenho n\u00e3o ocupa uma posi\u00e7\u00e3o secund\u00e1ria na trajet\u00f3ria de Tarsila. \u00c9 nele que se encontram as origens de sua capacidade inventiva\u201d,<\/em> afirma Amaro. Para o curador, os trabalhos permitem acompanhar o momento em que as imagens ainda estavam sendo descobertas e transformadas. <em>\u201cAntes das grandes pinturas que marcaram a hist\u00f3ria da arte brasileira, existiu o desenho. lugar de pesquisa, imagina\u00e7\u00e3o, descoberta e liberdade, onde efetivamente nasciam as imagens\u201d,<\/em> completa.<\/p>\n<p>A exposi\u00e7\u00e3o \u201cTarsila: Onde Nascem as Imagens\u201d \u00e9 realizada com recursos do Programa de A\u00e7\u00e3o Cultural do Estado de S\u00e3o Paulo (ProAC), por meio da Secretaria da Cultura, Economia e Ind\u00fastria Criativas.<\/p>\n<p><strong>MAIS:<\/strong><\/p>\n<p><strong>Museu Fama<\/strong><\/p>\n<p>Rua Padre Bartolomeu Tadei, 9 &#8211; Vila S\u00e3o Francisco &#8211; Itu<\/p>\n<p>Entrada em setores espec\u00edficos: R$ 40,00<\/p>\n<p>Visita\u00e7\u00e3o: \u00e0s quintas-feiras (gratuito), e de sexta a domingo, das 11h \u00e0s 17h&nbsp;<\/p>\n<p><strong>&nbsp;<\/strong><\/p>\n<p><strong>&nbsp;<\/strong><\/p>\n","protected":false},"excerpt":{"rendered":"<p>Mostra re\u00fane cerca de 45 estudos realizados entre as d\u00e9cadas de 1910 e 1940, incluindo o \u00fanico autorretrato da artista e um estudo para a emblem\u00e1tica obra \u201cCuca\u201d Antes das pinturas que transformaram a arte brasileira, existiram o tra\u00e7o, a pesquisa e a experimenta\u00e7\u00e3o. Essa etapa fundamental do processo criativo de Tarsila do Amaral ser\u00e1 [&hellip;]<\/p>\n","protected":false},"author":2,"featured_media":37135,"comment_status":"open","ping_status":"open","sticky":false,"template":"","format":"standard","meta":{"_acf_changed":false,"ngg_post_thumbnail":0,"_joinchat":[],"footnotes":""},"categories":[4,449],"tags":[],"class_list":["post-37134","post","type-post","status-publish","format-standard","has-post-thumbnail","hentry","category-cultura","category-destaque-lateral"],"acf":[],"yoast_head":"<!-- This site is optimized with the Yoast SEO plugin v28.4 - https:\/\/yoast.com\/product\/yoast-seo-wordpress\/ -->\n<title>Museu Fama revela faceta desenhista de Tarsila do Amaral - Revista Regional<\/title>\n<meta name=\"robots\" content=\"index, follow, max-snippet:-1, max-image-preview:large, max-video-preview:-1\" \/>\n<link rel=\"canonical\" href=\"https:\/\/revistaregional.com.br\/site\/2026\/09\/03\/museu-fama-revela-faceta-desenhista-de-tarsila-do-amaral\/\" \/>\n<meta property=\"og:locale\" content=\"pt_BR\" \/>\n<meta property=\"og:type\" content=\"article\" \/>\n<meta property=\"og:title\" content=\"Museu Fama revela faceta desenhista de Tarsila do Amaral - Revista Regional\" \/>\n<meta property=\"og:description\" content=\"Mostra re\u00fane cerca de 45 estudos realizados entre as d\u00e9cadas de 1910 e 1940, incluindo o \u00fanico autorretrato da artista e um estudo para a emblem\u00e1tica obra \u201cCuca\u201d Antes das pinturas que transformaram a arte brasileira, existiram o tra\u00e7o, a pesquisa e a experimenta\u00e7\u00e3o. Essa etapa fundamental do processo criativo de Tarsila do Amaral ser\u00e1 [&hellip;]\" \/>\n<meta property=\"og:url\" content=\"https:\/\/revistaregional.com.br\/site\/2026\/09\/03\/museu-fama-revela-faceta-desenhista-de-tarsila-do-amaral\/\" \/>\n<meta property=\"og:site_name\" content=\"Revista Regional\" \/>\n<meta property=\"article:published_time\" content=\"2026-09-03T14:45:06+00:00\" \/>\n<meta property=\"og:image\" content=\"https:\/\/revistaregional.com.br\/site\/wp-content\/uploads\/2026\/09\/Obra-Autorretrato-de-cabelo-curto.jpg\" \/>\n\t<meta property=\"og:image:width\" content=\"461\" \/>\n\t<meta property=\"og:image:height\" content=\"583\" \/>\n\t<meta property=\"og:image:type\" content=\"image\/jpeg\" \/>\n<meta name=\"author\" content=\"Revista Regional\" \/>\n<meta name=\"twitter:card\" content=\"summary_large_image\" \/>\n<meta name=\"twitter:label1\" content=\"Escrito por\" \/>\n\t<meta name=\"twitter:data1\" content=\"Revista Regional\" \/>\n\t<meta name=\"twitter:label2\" content=\"Est. tempo de leitura\" \/>\n\t<meta name=\"twitter:data2\" content=\"5 minutos\" \/>\n<script type=\"application\/ld+json\" class=\"yoast-schema-graph\">{\"@context\":\"https:\\\/\\\/schema.org\",\"@graph\":[{\"@type\":\"Article\",\"@id\":\"https:\\\/\\\/revistaregional.com.br\\\/site\\\/2026\\\/09\\\/03\\\/museu-fama-revela-faceta-desenhista-de-tarsila-do-amaral\\\/#article\",\"isPartOf\":{\"@id\":\"https:\\\/\\\/revistaregional.com.br\\\/site\\\/2026\\\/09\\\/03\\\/museu-fama-revela-faceta-desenhista-de-tarsila-do-amaral\\\/\"},\"author\":{\"name\":\"Revista Regional\",\"@id\":\"https:\\\/\\\/revistaregional.com.br\\\/site\\\/#\\\/schema\\\/person\\\/36e364a1eecb8d0aa8b2b130df3b9978\"},\"headline\":\"Museu Fama revela faceta desenhista de Tarsila do Amaral\",\"datePublished\":\"2026-09-03T14:45:06+00:00\",\"mainEntityOfPage\":{\"@id\":\"https:\\\/\\\/revistaregional.com.br\\\/site\\\/2026\\\/09\\\/03\\\/museu-fama-revela-faceta-desenhista-de-tarsila-do-amaral\\\/\"},\"wordCount\":820,\"commentCount\":0,\"image\":{\"@id\":\"https:\\\/\\\/revistaregional.com.br\\\/site\\\/2026\\\/09\\\/03\\\/museu-fama-revela-faceta-desenhista-de-tarsila-do-amaral\\\/#primaryimage\"},\"thumbnailUrl\":\"https:\\\/\\\/revistaregional.com.br\\\/site\\\/wp-content\\\/uploads\\\/2026\\\/09\\\/Obra-Autorretrato-de-cabelo-curto.jpg\",\"articleSection\":[\"Cultura\",\"Destaque Lateral\"],\"inLanguage\":\"pt-BR\",\"potentialAction\":[{\"@type\":\"CommentAction\",\"name\":\"Comment\",\"target\":[\"https:\\\/\\\/revistaregional.com.br\\\/site\\\/2026\\\/09\\\/03\\\/museu-fama-revela-faceta-desenhista-de-tarsila-do-amaral\\\/#respond\"]}]},{\"@type\":\"WebPage\",\"@id\":\"https:\\\/\\\/revistaregional.com.br\\\/site\\\/2026\\\/09\\\/03\\\/museu-fama-revela-faceta-desenhista-de-tarsila-do-amaral\\\/\",\"url\":\"https:\\\/\\\/revistaregional.com.br\\\/site\\\/2026\\\/09\\\/03\\\/museu-fama-revela-faceta-desenhista-de-tarsila-do-amaral\\\/\",\"name\":\"Museu Fama revela faceta desenhista de Tarsila do Amaral - Revista Regional\",\"isPartOf\":{\"@id\":\"https:\\\/\\\/revistaregional.com.br\\\/site\\\/#website\"},\"primaryImageOfPage\":{\"@id\":\"https:\\\/\\\/revistaregional.com.br\\\/site\\\/2026\\\/09\\\/03\\\/museu-fama-revela-faceta-desenhista-de-tarsila-do-amaral\\\/#primaryimage\"},\"image\":{\"@id\":\"https:\\\/\\\/revistaregional.com.br\\\/site\\\/2026\\\/09\\\/03\\\/museu-fama-revela-faceta-desenhista-de-tarsila-do-amaral\\\/#primaryimage\"},\"thumbnailUrl\":\"https:\\\/\\\/revistaregional.com.br\\\/site\\\/wp-content\\\/uploads\\\/2026\\\/09\\\/Obra-Autorretrato-de-cabelo-curto.jpg\",\"datePublished\":\"2026-09-03T14:45:06+00:00\",\"author\":{\"@id\":\"https:\\\/\\\/revistaregional.com.br\\\/site\\\/#\\\/schema\\\/person\\\/36e364a1eecb8d0aa8b2b130df3b9978\"},\"breadcrumb\":{\"@id\":\"https:\\\/\\\/revistaregional.com.br\\\/site\\\/2026\\\/09\\\/03\\\/museu-fama-revela-faceta-desenhista-de-tarsila-do-amaral\\\/#breadcrumb\"},\"inLanguage\":\"pt-BR\",\"potentialAction\":[{\"@type\":\"ReadAction\",\"target\":[\"https:\\\/\\\/revistaregional.com.br\\\/site\\\/2026\\\/09\\\/03\\\/museu-fama-revela-faceta-desenhista-de-tarsila-do-amaral\\\/\"]}]},{\"@type\":\"ImageObject\",\"inLanguage\":\"pt-BR\",\"@id\":\"https:\\\/\\\/revistaregional.com.br\\\/site\\\/2026\\\/09\\\/03\\\/museu-fama-revela-faceta-desenhista-de-tarsila-do-amaral\\\/#primaryimage\",\"url\":\"https:\\\/\\\/revistaregional.com.br\\\/site\\\/wp-content\\\/uploads\\\/2026\\\/09\\\/Obra-Autorretrato-de-cabelo-curto.jpg\",\"contentUrl\":\"https:\\\/\\\/revistaregional.com.br\\\/site\\\/wp-content\\\/uploads\\\/2026\\\/09\\\/Obra-Autorretrato-de-cabelo-curto.jpg\",\"width\":461,\"height\":583},{\"@type\":\"BreadcrumbList\",\"@id\":\"https:\\\/\\\/revistaregional.com.br\\\/site\\\/2026\\\/09\\\/03\\\/museu-fama-revela-faceta-desenhista-de-tarsila-do-amaral\\\/#breadcrumb\",\"itemListElement\":[{\"@type\":\"ListItem\",\"position\":1,\"name\":\"In\u00edcio\",\"item\":\"https:\\\/\\\/revistaregional.com.br\\\/site\\\/\"},{\"@type\":\"ListItem\",\"position\":2,\"name\":\"Museu Fama revela faceta desenhista de Tarsila do Amaral\"}]},{\"@type\":\"WebSite\",\"@id\":\"https:\\\/\\\/revistaregional.com.br\\\/site\\\/#website\",\"url\":\"https:\\\/\\\/revistaregional.com.br\\\/site\\\/\",\"name\":\"Revista Regional\",\"description\":\"Salto - Itu - Indaituba\",\"potentialAction\":[{\"@type\":\"SearchAction\",\"target\":{\"@type\":\"EntryPoint\",\"urlTemplate\":\"https:\\\/\\\/revistaregional.com.br\\\/site\\\/?s={search_term_string}\"},\"query-input\":{\"@type\":\"PropertyValueSpecification\",\"valueRequired\":true,\"valueName\":\"search_term_string\"}}],\"inLanguage\":\"pt-BR\"},{\"@type\":\"Person\",\"@id\":\"https:\\\/\\\/revistaregional.com.br\\\/site\\\/#\\\/schema\\\/person\\\/36e364a1eecb8d0aa8b2b130df3b9978\",\"name\":\"Revista Regional\",\"image\":{\"@type\":\"ImageObject\",\"inLanguage\":\"pt-BR\",\"@id\":\"https:\\\/\\\/secure.gravatar.com\\\/avatar\\\/b66ebee092f43558ad764994726fd73529b28b6b57f917079eef3e7c5dbd34ad?s=96&d=mm&r=g\",\"url\":\"https:\\\/\\\/secure.gravatar.com\\\/avatar\\\/b66ebee092f43558ad764994726fd73529b28b6b57f917079eef3e7c5dbd34ad?s=96&d=mm&r=g\",\"contentUrl\":\"https:\\\/\\\/secure.gravatar.com\\\/avatar\\\/b66ebee092f43558ad764994726fd73529b28b6b57f917079eef3e7c5dbd34ad?s=96&d=mm&r=g\",\"caption\":\"Revista Regional\"},\"url\":\"https:\\\/\\\/revistaregional.com.br\\\/site\\\/author\\\/revista-regionaluol-com-br\\\/\"}]}<\/script>\n<!-- \/ Yoast SEO plugin. -->","yoast_head_json":{"title":"Museu Fama revela faceta desenhista de Tarsila do Amaral - Revista Regional","robots":{"index":"index","follow":"follow","max-snippet":"max-snippet:-1","max-image-preview":"max-image-preview:large","max-video-preview":"max-video-preview:-1"},"canonical":"https:\/\/revistaregional.com.br\/site\/2026\/09\/03\/museu-fama-revela-faceta-desenhista-de-tarsila-do-amaral\/","og_locale":"pt_BR","og_type":"article","og_title":"Museu Fama revela faceta desenhista de Tarsila do Amaral - Revista Regional","og_description":"Mostra re\u00fane cerca de 45 estudos realizados entre as d\u00e9cadas de 1910 e 1940, incluindo o \u00fanico autorretrato da artista e um estudo para a emblem\u00e1tica obra \u201cCuca\u201d Antes das pinturas que transformaram a arte brasileira, existiram o tra\u00e7o, a pesquisa e a experimenta\u00e7\u00e3o. Essa etapa fundamental do processo criativo de Tarsila do Amaral ser\u00e1 [&hellip;]","og_url":"https:\/\/revistaregional.com.br\/site\/2026\/09\/03\/museu-fama-revela-faceta-desenhista-de-tarsila-do-amaral\/","og_site_name":"Revista Regional","article_published_time":"2026-09-03T14:45:06+00:00","og_image":[{"width":461,"height":583,"url":"https:\/\/revistaregional.com.br\/site\/wp-content\/uploads\/2026\/09\/Obra-Autorretrato-de-cabelo-curto.jpg","type":"image\/jpeg"}],"author":"Revista Regional","twitter_card":"summary_large_image","twitter_misc":{"Escrito por":"Revista Regional","Est. tempo de leitura":"5 minutos"},"schema":{"@context":"https:\/\/schema.org","@graph":[{"@type":"Article","@id":"https:\/\/revistaregional.com.br\/site\/2026\/09\/03\/museu-fama-revela-faceta-desenhista-de-tarsila-do-amaral\/#article","isPartOf":{"@id":"https:\/\/revistaregional.com.br\/site\/2026\/09\/03\/museu-fama-revela-faceta-desenhista-de-tarsila-do-amaral\/"},"author":{"name":"Revista Regional","@id":"https:\/\/revistaregional.com.br\/site\/#\/schema\/person\/36e364a1eecb8d0aa8b2b130df3b9978"},"headline":"Museu Fama revela faceta desenhista de Tarsila do Amaral","datePublished":"2026-09-03T14:45:06+00:00","mainEntityOfPage":{"@id":"https:\/\/revistaregional.com.br\/site\/2026\/09\/03\/museu-fama-revela-faceta-desenhista-de-tarsila-do-amaral\/"},"wordCount":820,"commentCount":0,"image":{"@id":"https:\/\/revistaregional.com.br\/site\/2026\/09\/03\/museu-fama-revela-faceta-desenhista-de-tarsila-do-amaral\/#primaryimage"},"thumbnailUrl":"https:\/\/revistaregional.com.br\/site\/wp-content\/uploads\/2026\/09\/Obra-Autorretrato-de-cabelo-curto.jpg","articleSection":["Cultura","Destaque Lateral"],"inLanguage":"pt-BR","potentialAction":[{"@type":"CommentAction","name":"Comment","target":["https:\/\/revistaregional.com.br\/site\/2026\/09\/03\/museu-fama-revela-faceta-desenhista-de-tarsila-do-amaral\/#respond"]}]},{"@type":"WebPage","@id":"https:\/\/revistaregional.com.br\/site\/2026\/09\/03\/museu-fama-revela-faceta-desenhista-de-tarsila-do-amaral\/","url":"https:\/\/revistaregional.com.br\/site\/2026\/09\/03\/museu-fama-revela-faceta-desenhista-de-tarsila-do-amaral\/","name":"Museu Fama revela faceta desenhista de Tarsila do Amaral - Revista Regional","isPartOf":{"@id":"https:\/\/revistaregional.com.br\/site\/#website"},"primaryImageOfPage":{"@id":"https:\/\/revistaregional.com.br\/site\/2026\/09\/03\/museu-fama-revela-faceta-desenhista-de-tarsila-do-amaral\/#primaryimage"},"image":{"@id":"https:\/\/revistaregional.com.br\/site\/2026\/09\/03\/museu-fama-revela-faceta-desenhista-de-tarsila-do-amaral\/#primaryimage"},"thumbnailUrl":"https:\/\/revistaregional.com.br\/site\/wp-content\/uploads\/2026\/09\/Obra-Autorretrato-de-cabelo-curto.jpg","datePublished":"2026-09-03T14:45:06+00:00","author":{"@id":"https:\/\/revistaregional.com.br\/site\/#\/schema\/person\/36e364a1eecb8d0aa8b2b130df3b9978"},"breadcrumb":{"@id":"https:\/\/revistaregional.com.br\/site\/2026\/09\/03\/museu-fama-revela-faceta-desenhista-de-tarsila-do-amaral\/#breadcrumb"},"inLanguage":"pt-BR","potentialAction":[{"@type":"ReadAction","target":["https:\/\/revistaregional.com.br\/site\/2026\/09\/03\/museu-fama-revela-faceta-desenhista-de-tarsila-do-amaral\/"]}]},{"@type":"ImageObject","inLanguage":"pt-BR","@id":"https:\/\/revistaregional.com.br\/site\/2026\/09\/03\/museu-fama-revela-faceta-desenhista-de-tarsila-do-amaral\/#primaryimage","url":"https:\/\/revistaregional.com.br\/site\/wp-content\/uploads\/2026\/09\/Obra-Autorretrato-de-cabelo-curto.jpg","contentUrl":"https:\/\/revistaregional.com.br\/site\/wp-content\/uploads\/2026\/09\/Obra-Autorretrato-de-cabelo-curto.jpg","width":461,"height":583},{"@type":"BreadcrumbList","@id":"https:\/\/revistaregional.com.br\/site\/2026\/09\/03\/museu-fama-revela-faceta-desenhista-de-tarsila-do-amaral\/#breadcrumb","itemListElement":[{"@type":"ListItem","position":1,"name":"In\u00edcio","item":"https:\/\/revistaregional.com.br\/site\/"},{"@type":"ListItem","position":2,"name":"Museu Fama revela faceta desenhista de Tarsila do Amaral"}]},{"@type":"WebSite","@id":"https:\/\/revistaregional.com.br\/site\/#website","url":"https:\/\/revistaregional.com.br\/site\/","name":"Revista Regional","description":"Salto - Itu - Indaituba","potentialAction":[{"@type":"SearchAction","target":{"@type":"EntryPoint","urlTemplate":"https:\/\/revistaregional.com.br\/site\/?s={search_term_string}"},"query-input":{"@type":"PropertyValueSpecification","valueRequired":true,"valueName":"search_term_string"}}],"inLanguage":"pt-BR"},{"@type":"Person","@id":"https:\/\/revistaregional.com.br\/site\/#\/schema\/person\/36e364a1eecb8d0aa8b2b130df3b9978","name":"Revista Regional","image":{"@type":"ImageObject","inLanguage":"pt-BR","@id":"https:\/\/secure.gravatar.com\/avatar\/b66ebee092f43558ad764994726fd73529b28b6b57f917079eef3e7c5dbd34ad?s=96&d=mm&r=g","url":"https:\/\/secure.gravatar.com\/avatar\/b66ebee092f43558ad764994726fd73529b28b6b57f917079eef3e7c5dbd34ad?s=96&d=mm&r=g","contentUrl":"https:\/\/secure.gravatar.com\/avatar\/b66ebee092f43558ad764994726fd73529b28b6b57f917079eef3e7c5dbd34ad?s=96&d=mm&r=g","caption":"Revista Regional"},"url":"https:\/\/revistaregional.com.br\/site\/author\/revista-regionaluol-com-br\/"}]}},"views":36,"_links":{"self":[{"href":"https:\/\/revistaregional.com.br\/site\/wp-json\/wp\/v2\/posts\/37134","targetHints":{"allow":["GET"]}}],"collection":[{"href":"https:\/\/revistaregional.com.br\/site\/wp-json\/wp\/v2\/posts"}],"about":[{"href":"https:\/\/revistaregional.com.br\/site\/wp-json\/wp\/v2\/types\/post"}],"author":[{"embeddable":true,"href":"https:\/\/revistaregional.com.br\/site\/wp-json\/wp\/v2\/users\/2"}],"replies":[{"embeddable":true,"href":"https:\/\/revistaregional.com.br\/site\/wp-json\/wp\/v2\/comments?post=37134"}],"version-history":[{"count":1,"href":"https:\/\/revistaregional.com.br\/site\/wp-json\/wp\/v2\/posts\/37134\/revisions"}],"predecessor-version":[{"id":37137,"href":"https:\/\/revistaregional.com.br\/site\/wp-json\/wp\/v2\/posts\/37134\/revisions\/37137"}],"wp:featuredmedia":[{"embeddable":true,"href":"https:\/\/revistaregional.com.br\/site\/wp-json\/wp\/v2\/media\/37135"}],"wp:attachment":[{"href":"https:\/\/revistaregional.com.br\/site\/wp-json\/wp\/v2\/media?parent=37134"}],"wp:term":[{"taxonomy":"category","embeddable":true,"href":"https:\/\/revistaregional.com.br\/site\/wp-json\/wp\/v2\/categories?post=37134"},{"taxonomy":"post_tag","embeddable":true,"href":"https:\/\/revistaregional.com.br\/site\/wp-json\/wp\/v2\/tags?post=37134"}],"curies":[{"name":"wp","href":"https:\/\/api.w.org\/{rel}","templated":true}]}}