{"id":37129,"date":"2026-09-03T11:37:15","date_gmt":"2026-09-03T14:37:15","guid":{"rendered":"https:\/\/revistaregional.com.br\/site\/?p=37129"},"modified":"2026-09-03T11:37:37","modified_gmt":"2026-09-03T14:37:37","slug":"memorias-de-um-jornaleiro-traz-as-cronicas-do-ze-do-periscopio-sobre-o-cotidiano-de-itu","status":"publish","type":"post","link":"https:\/\/revistaregional.com.br\/site\/2026\/09\/03\/memorias-de-um-jornaleiro-traz-as-cronicas-do-ze-do-periscopio-sobre-o-cotidiano-de-itu\/","title":{"rendered":"\u2018Mem\u00f3rias de um Jornaleiro\u2019 traz as cr\u00f4nicas do \u2018Z\u00e9 do Perisc\u00f3pio\u2019 sobre o cotidiano de Itu"},"content":{"rendered":"<p><em>Livro do jornalista Jos\u00e9 Carlos Rodrigues de Arruda, do Jornal Perisc\u00f3pio, re\u00fane cr\u00f4nicas publicadas durante quase tr\u00eas d\u00e9cadas e ser\u00e1 lan\u00e7ado no dia 17 de setembro, em Itu<\/em><\/p>\n<figure id=\"attachment_37130\" aria-describedby=\"caption-attachment-37130\" style=\"width: 208px\" class=\"wp-caption aligncenter\"><a href=\"https:\/\/revistaregional.com.br\/site\/wp-content\/uploads\/2026\/09\/WhatsApp-Image-2026-09-02-at-20.09.09.jpeg\"><img fetchpriority=\"high\" decoding=\"async\" class=\"wp-image-37130 size-medium\" src=\"https:\/\/revistaregional.com.br\/site\/wp-content\/uploads\/2026\/09\/WhatsApp-Image-2026-09-02-at-20.09.09-208x300.jpeg\" alt=\"\" width=\"208\" height=\"300\" srcset=\"https:\/\/revistaregional.com.br\/site\/wp-content\/uploads\/2026\/09\/WhatsApp-Image-2026-09-02-at-20.09.09-208x300.jpeg 208w, https:\/\/revistaregional.com.br\/site\/wp-content\/uploads\/2026\/09\/WhatsApp-Image-2026-09-02-at-20.09.09-710x1024.jpeg 710w, https:\/\/revistaregional.com.br\/site\/wp-content\/uploads\/2026\/09\/WhatsApp-Image-2026-09-02-at-20.09.09.jpeg 888w\" sizes=\"(max-width: 208px) 100vw, 208px\" \/><\/a><figcaption id=\"caption-attachment-37130\" class=\"wp-caption-text\">Jos\u00e9 Carlos Rodrigues de Arruda, jornalista<\/figcaption><\/figure>\n<p>As lembran\u00e7as de uma cidade n\u00e3o s\u00e3o constru\u00eddas apenas por seus monumentos, documentos oficiais ou grandes acontecimentos. Elas tamb\u00e9m permanecem nas conversas de balc\u00e3o, nos personagens conhecidos das ruas, nas hist\u00f3rias de inf\u00e2ncia e nos epis\u00f3dios cotidianos que atravessam gera\u00e7\u00f5es. \u00c9 esse universo que o jornalista Jos\u00e9 Carlos Rodrigues de Arruda resgata no livro \u201cMem\u00f3rias de um Jornaleiro\u201d.<\/p>\n<p>Conhecido como Z\u00e9 do Perisc\u00f3pio, o autor reuniu na obra cr\u00f4nicas publicadas ao longo de quase tr\u00eas d\u00e9cadas no Jornal Perisc\u00f3pio. Os textos recuperam personagens, costumes, acontecimentos e \u201ccausos\u201d que ajudam a compreender n\u00e3o somente a hist\u00f3ria de Itu, mas tamb\u00e9m o modo de viver e de se relacionar de seus moradores em diferentes \u00e9pocas.<\/p>\n<p>Com uma escrita marcada pelo humor, pela ironia e pelo olhar afetivo, Jos\u00e9 Carlos transforma acontecimentos aparentemente simples em registros da mem\u00f3ria coletiva ituana. S\u00e3o epis\u00f3dios que, justamente por pertencerem \u00e0 rotina e \u00e0s hist\u00f3rias transmitidas oralmente, poderiam desaparecer com o passar do tempo. \u201cMem\u00f3rias de um Jornaleiro\u201d apresenta, assim, um retrato de Itu constru\u00eddo por algu\u00e9m que acompanhou a cidade de perto e soube perceber a import\u00e2ncia das pequenas hist\u00f3rias. Ao avan\u00e7ar pelas cr\u00f4nicas, o leitor poder\u00e1 reencontrar uma Itu de outros tempos e, simultaneamente, reconhecer h\u00e1bitos, lugares e caracter\u00edsticas que continuam presentes.<\/p>\n<p><strong>Cr\u00f4nicas preservam uma \u00e9poca da imprensa local<\/strong><\/p>\n<p>A obra tamb\u00e9m recupera um per\u00edodo em que o jornal impresso ocupava uma posi\u00e7\u00e3o central no cotidiano das cidades. Publicadas regularmente, as cr\u00f4nicas de Z\u00e9 do Perisc\u00f3pio eram aguardadas, comentadas e compartilhadas pelos leitores, estabelecendo uma conversa permanente entre o autor e a comunidade. Mais do que republicar textos antigos, o livro organiza esse material como parte do patrim\u00f4nio afetivo de Itu. As palavras funcionam como fotografias de diferentes momentos da cidade, registrando pessoas e situa\u00e7\u00f5es que nem sempre aparecem na hist\u00f3ria oficial, mas permanecem vivas na lembran\u00e7a da popula\u00e7\u00e3o.<\/p>\n<p>Jos\u00e9 Carlos Rodrigues de Arruda construiu uma trajet\u00f3ria diretamente ligada ao jornalismo ituano e ao Jornal Perisc\u00f3pio. \u00c0 frente da publica\u00e7\u00e3o como s\u00f3cio-diretor, acompanhou importantes transforma\u00e7\u00f5es pol\u00edticas, sociais e culturais do munic\u00edpio, al\u00e9m de participar de diferentes momentos da hist\u00f3ria da imprensa local. Nas cr\u00f4nicas, encontrou uma forma mais pessoal, livre e bem-humorada de narrar essas mudan\u00e7as. Por isso, \u201cMem\u00f3rias de um Jornaleiro\u201d pode ser lido tanto como uma colet\u00e2nea liter\u00e1ria quanto como um \u00e1lbum de recorda\u00e7\u00f5es de Itu, feito de palavras, personagens e hist\u00f3rias no lugar de fotografias.<\/p>\n<p>O lan\u00e7amento de \u201cMem\u00f3rias de um Jornaleiro\u201d ser\u00e1 realizado no dia 17 de setembro, a partir das 18h30, no Botequim Santo Ant\u00f4nio, em Itu.<\/p>\n<p>&nbsp;<\/p>\n<p><em>foto: Divulga\u00e7\u00e3o<\/em><\/p>\n","protected":false},"excerpt":{"rendered":"<p>Livro do jornalista Jos\u00e9 Carlos Rodrigues de Arruda, do Jornal Perisc\u00f3pio, re\u00fane cr\u00f4nicas publicadas durante quase tr\u00eas d\u00e9cadas e ser\u00e1 lan\u00e7ado no dia 17 de setembro, em Itu As lembran\u00e7as de uma cidade n\u00e3o s\u00e3o constru\u00eddas apenas por seus monumentos, documentos oficiais ou grandes acontecimentos. Elas tamb\u00e9m permanecem nas conversas de balc\u00e3o, nos personagens conhecidos [&hellip;]<\/p>\n","protected":false},"author":2,"featured_media":37130,"comment_status":"open","ping_status":"open","sticky":false,"template":"","format":"standard","meta":{"_acf_changed":false,"ngg_post_thumbnail":0,"_joinchat":[],"footnotes":""},"categories":[449,17],"tags":[],"class_list":["post-37129","post","type-post","status-publish","format-standard","has-post-thumbnail","hentry","category-destaque-lateral","category-vip"],"acf":[],"yoast_head":"<!-- This site is optimized with the Yoast SEO plugin v28.4 - https:\/\/yoast.com\/product\/yoast-seo-wordpress\/ -->\n<title>\u2018Mem\u00f3rias de um Jornaleiro\u2019 traz as cr\u00f4nicas do \u2018Z\u00e9 do Perisc\u00f3pio\u2019 sobre o cotidiano de Itu - Revista Regional<\/title>\n<meta name=\"robots\" content=\"index, follow, max-snippet:-1, max-image-preview:large, max-video-preview:-1\" \/>\n<link rel=\"canonical\" href=\"https:\/\/revistaregional.com.br\/site\/2026\/09\/03\/memorias-de-um-jornaleiro-traz-as-cronicas-do-ze-do-periscopio-sobre-o-cotidiano-de-itu\/\" \/>\n<meta property=\"og:locale\" content=\"pt_BR\" \/>\n<meta property=\"og:type\" content=\"article\" \/>\n<meta property=\"og:title\" content=\"\u2018Mem\u00f3rias de um Jornaleiro\u2019 traz as cr\u00f4nicas do \u2018Z\u00e9 do Perisc\u00f3pio\u2019 sobre o cotidiano de Itu - Revista Regional\" \/>\n<meta property=\"og:description\" content=\"Livro do jornalista Jos\u00e9 Carlos Rodrigues de Arruda, do Jornal Perisc\u00f3pio, re\u00fane cr\u00f4nicas publicadas durante quase tr\u00eas d\u00e9cadas e ser\u00e1 lan\u00e7ado no dia 17 de setembro, em Itu As lembran\u00e7as de uma cidade n\u00e3o s\u00e3o constru\u00eddas apenas por seus monumentos, documentos oficiais ou grandes acontecimentos. Elas tamb\u00e9m permanecem nas conversas de balc\u00e3o, nos personagens conhecidos [&hellip;]\" \/>\n<meta property=\"og:url\" content=\"https:\/\/revistaregional.com.br\/site\/2026\/09\/03\/memorias-de-um-jornaleiro-traz-as-cronicas-do-ze-do-periscopio-sobre-o-cotidiano-de-itu\/\" \/>\n<meta property=\"og:site_name\" content=\"Revista Regional\" \/>\n<meta property=\"article:published_time\" content=\"2026-09-03T14:37:15+00:00\" \/>\n<meta property=\"article:modified_time\" content=\"2026-09-03T14:37:37+00:00\" \/>\n<meta property=\"og:image\" content=\"https:\/\/revistaregional.com.br\/site\/wp-content\/uploads\/2026\/09\/WhatsApp-Image-2026-09-02-at-20.09.09.jpeg\" \/>\n\t<meta property=\"og:image:width\" content=\"888\" \/>\n\t<meta property=\"og:image:height\" content=\"1280\" \/>\n\t<meta property=\"og:image:type\" content=\"image\/jpeg\" \/>\n<meta name=\"author\" content=\"Revista Regional\" \/>\n<meta name=\"twitter:card\" content=\"summary_large_image\" \/>\n<meta name=\"twitter:label1\" content=\"Escrito por\" \/>\n\t<meta name=\"twitter:data1\" content=\"Revista Regional\" \/>\n\t<meta name=\"twitter:label2\" content=\"Est. tempo de leitura\" \/>\n\t<meta name=\"twitter:data2\" content=\"3 minutos\" \/>\n<script type=\"application\/ld+json\" class=\"yoast-schema-graph\">{\"@context\":\"https:\\\/\\\/schema.org\",\"@graph\":[{\"@type\":\"Article\",\"@id\":\"https:\\\/\\\/revistaregional.com.br\\\/site\\\/2026\\\/09\\\/03\\\/memorias-de-um-jornaleiro-traz-as-cronicas-do-ze-do-periscopio-sobre-o-cotidiano-de-itu\\\/#article\",\"isPartOf\":{\"@id\":\"https:\\\/\\\/revistaregional.com.br\\\/site\\\/2026\\\/09\\\/03\\\/memorias-de-um-jornaleiro-traz-as-cronicas-do-ze-do-periscopio-sobre-o-cotidiano-de-itu\\\/\"},\"author\":{\"name\":\"Revista Regional\",\"@id\":\"https:\\\/\\\/revistaregional.com.br\\\/site\\\/#\\\/schema\\\/person\\\/36e364a1eecb8d0aa8b2b130df3b9978\"},\"headline\":\"\u2018Mem\u00f3rias de um Jornaleiro\u2019 traz as cr\u00f4nicas do \u2018Z\u00e9 do Perisc\u00f3pio\u2019 sobre o cotidiano de Itu\",\"datePublished\":\"2026-09-03T14:37:15+00:00\",\"dateModified\":\"2026-09-03T14:37:37+00:00\",\"mainEntityOfPage\":{\"@id\":\"https:\\\/\\\/revistaregional.com.br\\\/site\\\/2026\\\/09\\\/03\\\/memorias-de-um-jornaleiro-traz-as-cronicas-do-ze-do-periscopio-sobre-o-cotidiano-de-itu\\\/\"},\"wordCount\":544,\"commentCount\":0,\"image\":{\"@id\":\"https:\\\/\\\/revistaregional.com.br\\\/site\\\/2026\\\/09\\\/03\\\/memorias-de-um-jornaleiro-traz-as-cronicas-do-ze-do-periscopio-sobre-o-cotidiano-de-itu\\\/#primaryimage\"},\"thumbnailUrl\":\"https:\\\/\\\/revistaregional.com.br\\\/site\\\/wp-content\\\/uploads\\\/2026\\\/09\\\/WhatsApp-Image-2026-09-02-at-20.09.09.jpeg\",\"articleSection\":[\"Destaque Lateral\",\"VIP\"],\"inLanguage\":\"pt-BR\",\"potentialAction\":[{\"@type\":\"CommentAction\",\"name\":\"Comment\",\"target\":[\"https:\\\/\\\/revistaregional.com.br\\\/site\\\/2026\\\/09\\\/03\\\/memorias-de-um-jornaleiro-traz-as-cronicas-do-ze-do-periscopio-sobre-o-cotidiano-de-itu\\\/#respond\"]}]},{\"@type\":\"WebPage\",\"@id\":\"https:\\\/\\\/revistaregional.com.br\\\/site\\\/2026\\\/09\\\/03\\\/memorias-de-um-jornaleiro-traz-as-cronicas-do-ze-do-periscopio-sobre-o-cotidiano-de-itu\\\/\",\"url\":\"https:\\\/\\\/revistaregional.com.br\\\/site\\\/2026\\\/09\\\/03\\\/memorias-de-um-jornaleiro-traz-as-cronicas-do-ze-do-periscopio-sobre-o-cotidiano-de-itu\\\/\",\"name\":\"\u2018Mem\u00f3rias de um Jornaleiro\u2019 traz as cr\u00f4nicas do \u2018Z\u00e9 do Perisc\u00f3pio\u2019 sobre o cotidiano de Itu - Revista Regional\",\"isPartOf\":{\"@id\":\"https:\\\/\\\/revistaregional.com.br\\\/site\\\/#website\"},\"primaryImageOfPage\":{\"@id\":\"https:\\\/\\\/revistaregional.com.br\\\/site\\\/2026\\\/09\\\/03\\\/memorias-de-um-jornaleiro-traz-as-cronicas-do-ze-do-periscopio-sobre-o-cotidiano-de-itu\\\/#primaryimage\"},\"image\":{\"@id\":\"https:\\\/\\\/revistaregional.com.br\\\/site\\\/2026\\\/09\\\/03\\\/memorias-de-um-jornaleiro-traz-as-cronicas-do-ze-do-periscopio-sobre-o-cotidiano-de-itu\\\/#primaryimage\"},\"thumbnailUrl\":\"https:\\\/\\\/revistaregional.com.br\\\/site\\\/wp-content\\\/uploads\\\/2026\\\/09\\\/WhatsApp-Image-2026-09-02-at-20.09.09.jpeg\",\"datePublished\":\"2026-09-03T14:37:15+00:00\",\"dateModified\":\"2026-09-03T14:37:37+00:00\",\"author\":{\"@id\":\"https:\\\/\\\/revistaregional.com.br\\\/site\\\/#\\\/schema\\\/person\\\/36e364a1eecb8d0aa8b2b130df3b9978\"},\"breadcrumb\":{\"@id\":\"https:\\\/\\\/revistaregional.com.br\\\/site\\\/2026\\\/09\\\/03\\\/memorias-de-um-jornaleiro-traz-as-cronicas-do-ze-do-periscopio-sobre-o-cotidiano-de-itu\\\/#breadcrumb\"},\"inLanguage\":\"pt-BR\",\"potentialAction\":[{\"@type\":\"ReadAction\",\"target\":[\"https:\\\/\\\/revistaregional.com.br\\\/site\\\/2026\\\/09\\\/03\\\/memorias-de-um-jornaleiro-traz-as-cronicas-do-ze-do-periscopio-sobre-o-cotidiano-de-itu\\\/\"]}]},{\"@type\":\"ImageObject\",\"inLanguage\":\"pt-BR\",\"@id\":\"https:\\\/\\\/revistaregional.com.br\\\/site\\\/2026\\\/09\\\/03\\\/memorias-de-um-jornaleiro-traz-as-cronicas-do-ze-do-periscopio-sobre-o-cotidiano-de-itu\\\/#primaryimage\",\"url\":\"https:\\\/\\\/revistaregional.com.br\\\/site\\\/wp-content\\\/uploads\\\/2026\\\/09\\\/WhatsApp-Image-2026-09-02-at-20.09.09.jpeg\",\"contentUrl\":\"https:\\\/\\\/revistaregional.com.br\\\/site\\\/wp-content\\\/uploads\\\/2026\\\/09\\\/WhatsApp-Image-2026-09-02-at-20.09.09.jpeg\",\"width\":888,\"height\":1280},{\"@type\":\"BreadcrumbList\",\"@id\":\"https:\\\/\\\/revistaregional.com.br\\\/site\\\/2026\\\/09\\\/03\\\/memorias-de-um-jornaleiro-traz-as-cronicas-do-ze-do-periscopio-sobre-o-cotidiano-de-itu\\\/#breadcrumb\",\"itemListElement\":[{\"@type\":\"ListItem\",\"position\":1,\"name\":\"In\u00edcio\",\"item\":\"https:\\\/\\\/revistaregional.com.br\\\/site\\\/\"},{\"@type\":\"ListItem\",\"position\":2,\"name\":\"\u2018Mem\u00f3rias de um Jornaleiro\u2019 traz as cr\u00f4nicas do \u2018Z\u00e9 do Perisc\u00f3pio\u2019 sobre o cotidiano de Itu\"}]},{\"@type\":\"WebSite\",\"@id\":\"https:\\\/\\\/revistaregional.com.br\\\/site\\\/#website\",\"url\":\"https:\\\/\\\/revistaregional.com.br\\\/site\\\/\",\"name\":\"Revista Regional\",\"description\":\"Salto - Itu - Indaituba\",\"potentialAction\":[{\"@type\":\"SearchAction\",\"target\":{\"@type\":\"EntryPoint\",\"urlTemplate\":\"https:\\\/\\\/revistaregional.com.br\\\/site\\\/?s={search_term_string}\"},\"query-input\":{\"@type\":\"PropertyValueSpecification\",\"valueRequired\":true,\"valueName\":\"search_term_string\"}}],\"inLanguage\":\"pt-BR\"},{\"@type\":\"Person\",\"@id\":\"https:\\\/\\\/revistaregional.com.br\\\/site\\\/#\\\/schema\\\/person\\\/36e364a1eecb8d0aa8b2b130df3b9978\",\"name\":\"Revista Regional\",\"image\":{\"@type\":\"ImageObject\",\"inLanguage\":\"pt-BR\",\"@id\":\"https:\\\/\\\/secure.gravatar.com\\\/avatar\\\/b66ebee092f43558ad764994726fd73529b28b6b57f917079eef3e7c5dbd34ad?s=96&d=mm&r=g\",\"url\":\"https:\\\/\\\/secure.gravatar.com\\\/avatar\\\/b66ebee092f43558ad764994726fd73529b28b6b57f917079eef3e7c5dbd34ad?s=96&d=mm&r=g\",\"contentUrl\":\"https:\\\/\\\/secure.gravatar.com\\\/avatar\\\/b66ebee092f43558ad764994726fd73529b28b6b57f917079eef3e7c5dbd34ad?s=96&d=mm&r=g\",\"caption\":\"Revista Regional\"},\"url\":\"https:\\\/\\\/revistaregional.com.br\\\/site\\\/author\\\/revista-regionaluol-com-br\\\/\"}]}<\/script>\n<!-- \/ Yoast SEO plugin. -->","yoast_head_json":{"title":"\u2018Mem\u00f3rias de um Jornaleiro\u2019 traz as cr\u00f4nicas do \u2018Z\u00e9 do Perisc\u00f3pio\u2019 sobre o cotidiano de Itu - Revista Regional","robots":{"index":"index","follow":"follow","max-snippet":"max-snippet:-1","max-image-preview":"max-image-preview:large","max-video-preview":"max-video-preview:-1"},"canonical":"https:\/\/revistaregional.com.br\/site\/2026\/09\/03\/memorias-de-um-jornaleiro-traz-as-cronicas-do-ze-do-periscopio-sobre-o-cotidiano-de-itu\/","og_locale":"pt_BR","og_type":"article","og_title":"\u2018Mem\u00f3rias de um Jornaleiro\u2019 traz as cr\u00f4nicas do \u2018Z\u00e9 do Perisc\u00f3pio\u2019 sobre o cotidiano de Itu - Revista Regional","og_description":"Livro do jornalista Jos\u00e9 Carlos Rodrigues de Arruda, do Jornal Perisc\u00f3pio, re\u00fane cr\u00f4nicas publicadas durante quase tr\u00eas d\u00e9cadas e ser\u00e1 lan\u00e7ado no dia 17 de setembro, em Itu As lembran\u00e7as de uma cidade n\u00e3o s\u00e3o constru\u00eddas apenas por seus monumentos, documentos oficiais ou grandes acontecimentos. Elas tamb\u00e9m permanecem nas conversas de balc\u00e3o, nos personagens conhecidos [&hellip;]","og_url":"https:\/\/revistaregional.com.br\/site\/2026\/09\/03\/memorias-de-um-jornaleiro-traz-as-cronicas-do-ze-do-periscopio-sobre-o-cotidiano-de-itu\/","og_site_name":"Revista Regional","article_published_time":"2026-09-03T14:37:15+00:00","article_modified_time":"2026-09-03T14:37:37+00:00","og_image":[{"width":888,"height":1280,"url":"https:\/\/revistaregional.com.br\/site\/wp-content\/uploads\/2026\/09\/WhatsApp-Image-2026-09-02-at-20.09.09.jpeg","type":"image\/jpeg"}],"author":"Revista Regional","twitter_card":"summary_large_image","twitter_misc":{"Escrito por":"Revista Regional","Est. tempo de leitura":"3 minutos"},"schema":{"@context":"https:\/\/schema.org","@graph":[{"@type":"Article","@id":"https:\/\/revistaregional.com.br\/site\/2026\/09\/03\/memorias-de-um-jornaleiro-traz-as-cronicas-do-ze-do-periscopio-sobre-o-cotidiano-de-itu\/#article","isPartOf":{"@id":"https:\/\/revistaregional.com.br\/site\/2026\/09\/03\/memorias-de-um-jornaleiro-traz-as-cronicas-do-ze-do-periscopio-sobre-o-cotidiano-de-itu\/"},"author":{"name":"Revista Regional","@id":"https:\/\/revistaregional.com.br\/site\/#\/schema\/person\/36e364a1eecb8d0aa8b2b130df3b9978"},"headline":"\u2018Mem\u00f3rias de um Jornaleiro\u2019 traz as cr\u00f4nicas do \u2018Z\u00e9 do Perisc\u00f3pio\u2019 sobre o cotidiano de Itu","datePublished":"2026-09-03T14:37:15+00:00","dateModified":"2026-09-03T14:37:37+00:00","mainEntityOfPage":{"@id":"https:\/\/revistaregional.com.br\/site\/2026\/09\/03\/memorias-de-um-jornaleiro-traz-as-cronicas-do-ze-do-periscopio-sobre-o-cotidiano-de-itu\/"},"wordCount":544,"commentCount":0,"image":{"@id":"https:\/\/revistaregional.com.br\/site\/2026\/09\/03\/memorias-de-um-jornaleiro-traz-as-cronicas-do-ze-do-periscopio-sobre-o-cotidiano-de-itu\/#primaryimage"},"thumbnailUrl":"https:\/\/revistaregional.com.br\/site\/wp-content\/uploads\/2026\/09\/WhatsApp-Image-2026-09-02-at-20.09.09.jpeg","articleSection":["Destaque Lateral","VIP"],"inLanguage":"pt-BR","potentialAction":[{"@type":"CommentAction","name":"Comment","target":["https:\/\/revistaregional.com.br\/site\/2026\/09\/03\/memorias-de-um-jornaleiro-traz-as-cronicas-do-ze-do-periscopio-sobre-o-cotidiano-de-itu\/#respond"]}]},{"@type":"WebPage","@id":"https:\/\/revistaregional.com.br\/site\/2026\/09\/03\/memorias-de-um-jornaleiro-traz-as-cronicas-do-ze-do-periscopio-sobre-o-cotidiano-de-itu\/","url":"https:\/\/revistaregional.com.br\/site\/2026\/09\/03\/memorias-de-um-jornaleiro-traz-as-cronicas-do-ze-do-periscopio-sobre-o-cotidiano-de-itu\/","name":"\u2018Mem\u00f3rias de um Jornaleiro\u2019 traz as cr\u00f4nicas do \u2018Z\u00e9 do Perisc\u00f3pio\u2019 sobre o cotidiano de Itu - Revista Regional","isPartOf":{"@id":"https:\/\/revistaregional.com.br\/site\/#website"},"primaryImageOfPage":{"@id":"https:\/\/revistaregional.com.br\/site\/2026\/09\/03\/memorias-de-um-jornaleiro-traz-as-cronicas-do-ze-do-periscopio-sobre-o-cotidiano-de-itu\/#primaryimage"},"image":{"@id":"https:\/\/revistaregional.com.br\/site\/2026\/09\/03\/memorias-de-um-jornaleiro-traz-as-cronicas-do-ze-do-periscopio-sobre-o-cotidiano-de-itu\/#primaryimage"},"thumbnailUrl":"https:\/\/revistaregional.com.br\/site\/wp-content\/uploads\/2026\/09\/WhatsApp-Image-2026-09-02-at-20.09.09.jpeg","datePublished":"2026-09-03T14:37:15+00:00","dateModified":"2026-09-03T14:37:37+00:00","author":{"@id":"https:\/\/revistaregional.com.br\/site\/#\/schema\/person\/36e364a1eecb8d0aa8b2b130df3b9978"},"breadcrumb":{"@id":"https:\/\/revistaregional.com.br\/site\/2026\/09\/03\/memorias-de-um-jornaleiro-traz-as-cronicas-do-ze-do-periscopio-sobre-o-cotidiano-de-itu\/#breadcrumb"},"inLanguage":"pt-BR","potentialAction":[{"@type":"ReadAction","target":["https:\/\/revistaregional.com.br\/site\/2026\/09\/03\/memorias-de-um-jornaleiro-traz-as-cronicas-do-ze-do-periscopio-sobre-o-cotidiano-de-itu\/"]}]},{"@type":"ImageObject","inLanguage":"pt-BR","@id":"https:\/\/revistaregional.com.br\/site\/2026\/09\/03\/memorias-de-um-jornaleiro-traz-as-cronicas-do-ze-do-periscopio-sobre-o-cotidiano-de-itu\/#primaryimage","url":"https:\/\/revistaregional.com.br\/site\/wp-content\/uploads\/2026\/09\/WhatsApp-Image-2026-09-02-at-20.09.09.jpeg","contentUrl":"https:\/\/revistaregional.com.br\/site\/wp-content\/uploads\/2026\/09\/WhatsApp-Image-2026-09-02-at-20.09.09.jpeg","width":888,"height":1280},{"@type":"BreadcrumbList","@id":"https:\/\/revistaregional.com.br\/site\/2026\/09\/03\/memorias-de-um-jornaleiro-traz-as-cronicas-do-ze-do-periscopio-sobre-o-cotidiano-de-itu\/#breadcrumb","itemListElement":[{"@type":"ListItem","position":1,"name":"In\u00edcio","item":"https:\/\/revistaregional.com.br\/site\/"},{"@type":"ListItem","position":2,"name":"\u2018Mem\u00f3rias de um Jornaleiro\u2019 traz as cr\u00f4nicas do \u2018Z\u00e9 do Perisc\u00f3pio\u2019 sobre o cotidiano de Itu"}]},{"@type":"WebSite","@id":"https:\/\/revistaregional.com.br\/site\/#website","url":"https:\/\/revistaregional.com.br\/site\/","name":"Revista Regional","description":"Salto - Itu - Indaituba","potentialAction":[{"@type":"SearchAction","target":{"@type":"EntryPoint","urlTemplate":"https:\/\/revistaregional.com.br\/site\/?s={search_term_string}"},"query-input":{"@type":"PropertyValueSpecification","valueRequired":true,"valueName":"search_term_string"}}],"inLanguage":"pt-BR"},{"@type":"Person","@id":"https:\/\/revistaregional.com.br\/site\/#\/schema\/person\/36e364a1eecb8d0aa8b2b130df3b9978","name":"Revista Regional","image":{"@type":"ImageObject","inLanguage":"pt-BR","@id":"https:\/\/secure.gravatar.com\/avatar\/b66ebee092f43558ad764994726fd73529b28b6b57f917079eef3e7c5dbd34ad?s=96&d=mm&r=g","url":"https:\/\/secure.gravatar.com\/avatar\/b66ebee092f43558ad764994726fd73529b28b6b57f917079eef3e7c5dbd34ad?s=96&d=mm&r=g","contentUrl":"https:\/\/secure.gravatar.com\/avatar\/b66ebee092f43558ad764994726fd73529b28b6b57f917079eef3e7c5dbd34ad?s=96&d=mm&r=g","caption":"Revista Regional"},"url":"https:\/\/revistaregional.com.br\/site\/author\/revista-regionaluol-com-br\/"}]}},"views":38,"_links":{"self":[{"href":"https:\/\/revistaregional.com.br\/site\/wp-json\/wp\/v2\/posts\/37129","targetHints":{"allow":["GET"]}}],"collection":[{"href":"https:\/\/revistaregional.com.br\/site\/wp-json\/wp\/v2\/posts"}],"about":[{"href":"https:\/\/revistaregional.com.br\/site\/wp-json\/wp\/v2\/types\/post"}],"author":[{"embeddable":true,"href":"https:\/\/revistaregional.com.br\/site\/wp-json\/wp\/v2\/users\/2"}],"replies":[{"embeddable":true,"href":"https:\/\/revistaregional.com.br\/site\/wp-json\/wp\/v2\/comments?post=37129"}],"version-history":[{"count":2,"href":"https:\/\/revistaregional.com.br\/site\/wp-json\/wp\/v2\/posts\/37129\/revisions"}],"predecessor-version":[{"id":37133,"href":"https:\/\/revistaregional.com.br\/site\/wp-json\/wp\/v2\/posts\/37129\/revisions\/37133"}],"wp:featuredmedia":[{"embeddable":true,"href":"https:\/\/revistaregional.com.br\/site\/wp-json\/wp\/v2\/media\/37130"}],"wp:attachment":[{"href":"https:\/\/revistaregional.com.br\/site\/wp-json\/wp\/v2\/media?parent=37129"}],"wp:term":[{"taxonomy":"category","embeddable":true,"href":"https:\/\/revistaregional.com.br\/site\/wp-json\/wp\/v2\/categories?post=37129"},{"taxonomy":"post_tag","embeddable":true,"href":"https:\/\/revistaregional.com.br\/site\/wp-json\/wp\/v2\/tags?post=37129"}],"curies":[{"name":"wp","href":"https:\/\/api.w.org\/{rel}","templated":true}]}}