{"id":37125,"date":"2026-09-03T11:23:27","date_gmt":"2026-09-03T14:23:27","guid":{"rendered":"https:\/\/revistaregional.com.br\/site\/?p=37125"},"modified":"2026-09-03T11:24:06","modified_gmt":"2026-09-03T14:24:06","slug":"museu-republicano-destaca-paisagem-do-tiete-em-programacao-de-setembro","status":"publish","type":"post","link":"https:\/\/revistaregional.com.br\/site\/2026\/09\/03\/museu-republicano-destaca-paisagem-do-tiete-em-programacao-de-setembro\/","title":{"rendered":"Museu Republicano destaca paisagem do Tiet\u00ea em programa\u00e7\u00e3o de setembro"},"content":{"rendered":"<p><em>Agenda de setembro re\u00fane oficinas, media\u00e7\u00f5es educativas e curso de extens\u00e3o da USP que conecta os acervos de Itu e Salto para estudar a influ\u00eancia do rio na forma\u00e7\u00e3o hist\u00f3rica e cultural da regi\u00e3o<\/em><\/p>\n<figure id=\"attachment_37126\" aria-describedby=\"caption-attachment-37126\" style=\"width: 300px\" class=\"wp-caption aligncenter\"><a href=\"https:\/\/revistaregional.com.br\/site\/wp-content\/uploads\/2026\/09\/Jose-Ferraz-de-Almeida-Junior.-Salto-de-Itu-piquenique-da-familia-do-Dr.-Elias-Chaves-1866.-Acervo-do-Museu-Republicano-de-Itu-Museu-Paulista-USP.jpg-scaled.jpeg\"><img fetchpriority=\"high\" decoding=\"async\" class=\"wp-image-37126 size-medium\" src=\"https:\/\/revistaregional.com.br\/site\/wp-content\/uploads\/2026\/09\/Jose-Ferraz-de-Almeida-Junior.-Salto-de-Itu-piquenique-da-familia-do-Dr.-Elias-Chaves-1866.-Acervo-do-Museu-Republicano-de-Itu-Museu-Paulista-USP.jpg-300x203.jpeg\" alt=\"\" width=\"300\" height=\"203\" srcset=\"https:\/\/revistaregional.com.br\/site\/wp-content\/uploads\/2026\/09\/Jose-Ferraz-de-Almeida-Junior.-Salto-de-Itu-piquenique-da-familia-do-Dr.-Elias-Chaves-1866.-Acervo-do-Museu-Republicano-de-Itu-Museu-Paulista-USP.jpg-300x203.jpeg 300w, https:\/\/revistaregional.com.br\/site\/wp-content\/uploads\/2026\/09\/Jose-Ferraz-de-Almeida-Junior.-Salto-de-Itu-piquenique-da-familia-do-Dr.-Elias-Chaves-1866.-Acervo-do-Museu-Republicano-de-Itu-Museu-Paulista-USP.jpg-1024x694.jpeg 1024w, https:\/\/revistaregional.com.br\/site\/wp-content\/uploads\/2026\/09\/Jose-Ferraz-de-Almeida-Junior.-Salto-de-Itu-piquenique-da-familia-do-Dr.-Elias-Chaves-1866.-Acervo-do-Museu-Republicano-de-Itu-Museu-Paulista-USP.jpg-1536x1041.jpeg 1536w, https:\/\/revistaregional.com.br\/site\/wp-content\/uploads\/2026\/09\/Jose-Ferraz-de-Almeida-Junior.-Salto-de-Itu-piquenique-da-familia-do-Dr.-Elias-Chaves-1866.-Acervo-do-Museu-Republicano-de-Itu-Museu-Paulista-USP.jpg-2048x1388.jpeg 2048w\" sizes=\"(max-width: 300px) 100vw, 300px\" \/><\/a><figcaption id=\"caption-attachment-37126\" class=\"wp-caption-text\">Jos\u00e9 Ferraz de Almeida Junior. Salto de Itu &#8211; Piquenique da fam\u00edlia do Dr. Elias Chaves 1866. Acervo do Museu Republicano de Itu-Museu Paulista<\/figcaption><\/figure>\n<p>O rio Tiet\u00ea, que atravessa a regi\u00e3o e participa diretamente da hist\u00f3ria e da forma\u00e7\u00e3o social de cidades como Itu e Salto, ser\u00e1 o principal destaque da programa\u00e7\u00e3o cultural gratuita promovida pelo Museu Republicano de Itu durante o m\u00eas de setembro. Al\u00e9m de oficinas e visitas mediadas, a agenda inclui um curso de extens\u00e3o da USP (Universidade de S\u00e3o Paulo) dedicado ao estudo da paisagem, das mem\u00f3rias e do patrim\u00f4nio constru\u00eddo ao redor do rio.<\/p>\n<p>Marcado para o dia 26 de setembro, das 9h \u00e0s 17h, o curso \u201cA paisagem do rio Tiet\u00ea: di\u00e1logos entre os acervos do Museu Republicano \u2018Conven\u00e7\u00e3o de Itu\u2019 e Museu da Cidade de Salto \u2018Ettore Liberalesso\u2019\u201d prop\u00f5e uma leitura integrada do territ\u00f3rio cortado pelo Tiet\u00ea. A atividade \u00e9 gratuita, presencial e oferece 60 vagas para educadores, pesquisadores e demais interessados.<\/p>\n<p>A proposta parte dos acervos das duas institui\u00e7\u00f5es para investigar como a presen\u00e7a do rio e da cachoeira marcou a hist\u00f3ria, a ocupa\u00e7\u00e3o territorial, as mem\u00f3rias coletivas e a identidade cultural de Itu, Salto e cidades pr\u00f3ximas. Telas, azulejos, aquarelas e fotografias ser\u00e3o utilizados como documentos capazes de revelar diferentes formas de representa\u00e7\u00e3o e apropria\u00e7\u00e3o da paisagem regional.<\/p>\n<p>A programa\u00e7\u00e3o ter\u00e1 in\u00edcio em Itu com a atividade \u201cDe Langsdorff ao Museu Paulista: a iconografia do Rio Tiet\u00ea\u201d, conduzida por Sonia Leni Chamon, seguida por uma visita \u00e0s exposi\u00e7\u00f5es do Museu Republicano. No per\u00edodo da tarde, as atividades continuam em Salto, com a aula \u201cO Tiet\u00ea: um rio que desvenda o patrim\u00f4nio natural e cultural de Itu, Salto e regi\u00e3o\u201d, ministrada por Salvador Carpi Junior, e uma visita t\u00e9cnica ao Complexo da Cachoeira.<\/p>\n<p>Na etapa final, Aline Antunes Zanatta, Gislaine Silva Barros Topal e Gabrielle Cifelli apresentam a atividade \u201cUm rio nos acervos dos museus: propostas e pontes educativas\u201d. O encontro pretende aproximar os conte\u00fados preservados pelas duas institui\u00e7\u00f5es e estimular novas possibilidades de utiliza\u00e7\u00e3o dos acervos em a\u00e7\u00f5es educativas.<\/p>\n<p>As inscri\u00e7\u00f5es para o curso poder\u00e3o ser realizadas de 1\u00ba a 21 de setembro pelo Sistema Apolo da USP. A sele\u00e7\u00e3o ser\u00e1 feita por ordem de inscri\u00e7\u00e3o. O link de acesso \u00e9: <a href=\"https:\/\/uspdigital.usp.br\/apolo\/apoObterCurso?cod_curso=330400102&amp;cod_edicao=26001&amp;numseqofeedi=1\">https:\/\/uspdigital.usp.br\/apolo\/apoObterCurso?cod_curso=330400102&amp;cod_edicao=26001&amp;numseqofeedi=1<\/a><\/p>\n<p><strong>Atividades para diferentes p\u00fablicos<\/strong><\/p>\n<p>A programa\u00e7\u00e3o de setembro come\u00e7a no s\u00e1bado, dia 05, com a oficina educativa \u201cMiss\u00e3o curador por um dia: encontre o acervo do museu\u201d, oferecida \u00e0s 11h e \u00e0s 14h. Cada participante receber\u00e1 um kit educativo e ser\u00e1 convidado a localizar pe\u00e7as nas exposi\u00e7\u00f5es, conhecendo o significado desses objetos dentro da narrativa hist\u00f3rica apresentada pelo Museu Republicano.<\/p>\n<p>No dia 12, a media\u00e7\u00e3o \u201cMem\u00f3rias do museu\u201d utilizar\u00e1 recursos l\u00fadicos para abordar a forma\u00e7\u00e3o da institui\u00e7\u00e3o e de seu acervo. A atividade ser\u00e1 realizada das 11h \u00e0s 12h e das 13h30 \u00e0s 15h. A agenda continua no dia 19, \u00e0s 11h, com a oficina \u201cPintura de retratos: construindo identidades\u201d. Os participantes receber\u00e3o telas com rostos femininos e masculinos, tintas e pinc\u00e9is para realizar interven\u00e7\u00f5es e estabelecer um di\u00e1logo com os artistas e retratos presentes no acervo do museu.<\/p>\n<p>Encerrando a programa\u00e7\u00e3o, no domingo, dia 27, o Museu Republicano promover\u00e1 uma media\u00e7\u00e3o especialmente voltada a pessoas com defici\u00eancia visual. Com sess\u00f5es \u00e0s 11h e \u00e0s 14h, a atividade utilizar\u00e1 pe\u00e7as t\u00e1teis para apresentar e ampliar o acesso \u00e0s exposi\u00e7\u00f5es. Todas as a\u00e7\u00f5es s\u00e3o gratuitas. As oficinas e media\u00e7\u00f5es t\u00eam classifica\u00e7\u00e3o livre e s\u00e3o destinadas ao p\u00fablico espont\u00e2neo. Somente o curso de extens\u00e3o sobre a paisagem do Tiet\u00ea exige inscri\u00e7\u00e3o antecipada.<\/p>\n<p><strong>MAIS:<\/strong><\/p>\n<p><strong>Museu Republicano \u201cConven\u00e7\u00e3o de Itu\u201d<\/strong><br \/>\nEndere\u00e7o: Rua Bar\u00e3o de Itaim, 67, Centro Hist\u00f3rico, Itu<br \/>\nFuncionamento: de ter\u00e7a-feira a domingo, das 10h \u00e0s 17h<br \/>\nInforma\u00e7\u00f5es: <a href=\"mailto:edu.mrci@usp.br\">edu.mrci@usp.br<\/a><\/p>\n<p><strong>Curso \u201cA Paisagem do Rio Tiet\u00ea\u201d<\/strong><\/p>\n<p><strong>Etapa em Itu:<\/strong><br \/>\nCentro de Estudos do Museu Republicano de Itu<br \/>\nRua Bar\u00e3o de Itaim, 140, Centro<\/p>\n<p><strong>Etapa em Salto:<\/strong><br \/>\nMuseu da Cidade de Salto \u201cEttore Liberalesso\u201d<br \/>\nRua Jos\u00e9 Galv\u00e3o, 104, Centro<\/p>\n","protected":false},"excerpt":{"rendered":"<p>Agenda de setembro re\u00fane oficinas, media\u00e7\u00f5es educativas e curso de extens\u00e3o da USP que conecta os acervos de Itu e Salto para estudar a influ\u00eancia do rio na forma\u00e7\u00e3o hist\u00f3rica e cultural da regi\u00e3o O rio Tiet\u00ea, que atravessa a regi\u00e3o e participa diretamente da hist\u00f3ria e da forma\u00e7\u00e3o social de cidades como Itu e [&hellip;]<\/p>\n","protected":false},"author":2,"featured_media":37126,"comment_status":"open","ping_status":"open","sticky":false,"template":"","format":"standard","meta":{"_acf_changed":false,"ngg_post_thumbnail":0,"_joinchat":[],"footnotes":""},"categories":[449,12,482],"tags":[],"class_list":["post-37125","post","type-post","status-publish","format-standard","has-post-thumbnail","hentry","category-destaque-lateral","category-regionais","category-slide"],"acf":[],"yoast_head":"<!-- This site is optimized with the Yoast SEO plugin v28.4 - https:\/\/yoast.com\/product\/yoast-seo-wordpress\/ -->\n<title>Museu Republicano destaca paisagem do Tiet\u00ea em programa\u00e7\u00e3o de setembro - Revista Regional<\/title>\n<meta name=\"robots\" content=\"index, follow, max-snippet:-1, max-image-preview:large, max-video-preview:-1\" \/>\n<link rel=\"canonical\" href=\"https:\/\/revistaregional.com.br\/site\/2026\/09\/03\/museu-republicano-destaca-paisagem-do-tiete-em-programacao-de-setembro\/\" \/>\n<meta property=\"og:locale\" content=\"pt_BR\" \/>\n<meta property=\"og:type\" content=\"article\" \/>\n<meta property=\"og:title\" content=\"Museu Republicano destaca paisagem do Tiet\u00ea em programa\u00e7\u00e3o de setembro - Revista Regional\" \/>\n<meta property=\"og:description\" content=\"Agenda de setembro re\u00fane oficinas, media\u00e7\u00f5es educativas e curso de extens\u00e3o da USP que conecta os acervos de Itu e Salto para estudar a influ\u00eancia do rio na forma\u00e7\u00e3o hist\u00f3rica e cultural da regi\u00e3o O rio Tiet\u00ea, que atravessa a regi\u00e3o e participa diretamente da hist\u00f3ria e da forma\u00e7\u00e3o social de cidades como Itu e [&hellip;]\" \/>\n<meta property=\"og:url\" content=\"https:\/\/revistaregional.com.br\/site\/2026\/09\/03\/museu-republicano-destaca-paisagem-do-tiete-em-programacao-de-setembro\/\" \/>\n<meta property=\"og:site_name\" content=\"Revista Regional\" \/>\n<meta property=\"article:published_time\" content=\"2026-09-03T14:23:27+00:00\" \/>\n<meta property=\"article:modified_time\" content=\"2026-09-03T14:24:06+00:00\" \/>\n<meta property=\"og:image\" content=\"https:\/\/revistaregional.com.br\/site\/wp-content\/uploads\/2026\/09\/Jose-Ferraz-de-Almeida-Junior.-Salto-de-Itu-piquenique-da-familia-do-Dr.-Elias-Chaves-1866.-Acervo-do-Museu-Republicano-de-Itu-Museu-Paulista-USP.jpg-scaled.jpeg\" \/>\n\t<meta property=\"og:image:width\" content=\"2560\" \/>\n\t<meta property=\"og:image:height\" content=\"1735\" \/>\n\t<meta property=\"og:image:type\" content=\"image\/jpeg\" \/>\n<meta name=\"author\" content=\"Revista Regional\" \/>\n<meta name=\"twitter:card\" content=\"summary_large_image\" \/>\n<meta name=\"twitter:label1\" content=\"Escrito por\" \/>\n\t<meta name=\"twitter:data1\" content=\"Revista Regional\" \/>\n\t<meta name=\"twitter:label2\" content=\"Est. tempo de leitura\" \/>\n\t<meta name=\"twitter:data2\" content=\"5 minutos\" \/>\n<script type=\"application\/ld+json\" class=\"yoast-schema-graph\">{\"@context\":\"https:\\\/\\\/schema.org\",\"@graph\":[{\"@type\":\"Article\",\"@id\":\"https:\\\/\\\/revistaregional.com.br\\\/site\\\/2026\\\/09\\\/03\\\/museu-republicano-destaca-paisagem-do-tiete-em-programacao-de-setembro\\\/#article\",\"isPartOf\":{\"@id\":\"https:\\\/\\\/revistaregional.com.br\\\/site\\\/2026\\\/09\\\/03\\\/museu-republicano-destaca-paisagem-do-tiete-em-programacao-de-setembro\\\/\"},\"author\":{\"name\":\"Revista Regional\",\"@id\":\"https:\\\/\\\/revistaregional.com.br\\\/site\\\/#\\\/schema\\\/person\\\/36e364a1eecb8d0aa8b2b130df3b9978\"},\"headline\":\"Museu Republicano destaca paisagem do Tiet\u00ea em programa\u00e7\u00e3o de setembro\",\"datePublished\":\"2026-09-03T14:23:27+00:00\",\"dateModified\":\"2026-09-03T14:24:06+00:00\",\"mainEntityOfPage\":{\"@id\":\"https:\\\/\\\/revistaregional.com.br\\\/site\\\/2026\\\/09\\\/03\\\/museu-republicano-destaca-paisagem-do-tiete-em-programacao-de-setembro\\\/\"},\"wordCount\":787,\"commentCount\":0,\"image\":{\"@id\":\"https:\\\/\\\/revistaregional.com.br\\\/site\\\/2026\\\/09\\\/03\\\/museu-republicano-destaca-paisagem-do-tiete-em-programacao-de-setembro\\\/#primaryimage\"},\"thumbnailUrl\":\"https:\\\/\\\/revistaregional.com.br\\\/site\\\/wp-content\\\/uploads\\\/2026\\\/09\\\/Jose-Ferraz-de-Almeida-Junior.-Salto-de-Itu-piquenique-da-familia-do-Dr.-Elias-Chaves-1866.-Acervo-do-Museu-Republicano-de-Itu-Museu-Paulista-USP.jpg-scaled.jpeg\",\"articleSection\":[\"Destaque Lateral\",\"Regionais\",\"Slide\"],\"inLanguage\":\"pt-BR\",\"potentialAction\":[{\"@type\":\"CommentAction\",\"name\":\"Comment\",\"target\":[\"https:\\\/\\\/revistaregional.com.br\\\/site\\\/2026\\\/09\\\/03\\\/museu-republicano-destaca-paisagem-do-tiete-em-programacao-de-setembro\\\/#respond\"]}]},{\"@type\":\"WebPage\",\"@id\":\"https:\\\/\\\/revistaregional.com.br\\\/site\\\/2026\\\/09\\\/03\\\/museu-republicano-destaca-paisagem-do-tiete-em-programacao-de-setembro\\\/\",\"url\":\"https:\\\/\\\/revistaregional.com.br\\\/site\\\/2026\\\/09\\\/03\\\/museu-republicano-destaca-paisagem-do-tiete-em-programacao-de-setembro\\\/\",\"name\":\"Museu Republicano destaca paisagem do Tiet\u00ea em programa\u00e7\u00e3o de setembro - Revista Regional\",\"isPartOf\":{\"@id\":\"https:\\\/\\\/revistaregional.com.br\\\/site\\\/#website\"},\"primaryImageOfPage\":{\"@id\":\"https:\\\/\\\/revistaregional.com.br\\\/site\\\/2026\\\/09\\\/03\\\/museu-republicano-destaca-paisagem-do-tiete-em-programacao-de-setembro\\\/#primaryimage\"},\"image\":{\"@id\":\"https:\\\/\\\/revistaregional.com.br\\\/site\\\/2026\\\/09\\\/03\\\/museu-republicano-destaca-paisagem-do-tiete-em-programacao-de-setembro\\\/#primaryimage\"},\"thumbnailUrl\":\"https:\\\/\\\/revistaregional.com.br\\\/site\\\/wp-content\\\/uploads\\\/2026\\\/09\\\/Jose-Ferraz-de-Almeida-Junior.-Salto-de-Itu-piquenique-da-familia-do-Dr.-Elias-Chaves-1866.-Acervo-do-Museu-Republicano-de-Itu-Museu-Paulista-USP.jpg-scaled.jpeg\",\"datePublished\":\"2026-09-03T14:23:27+00:00\",\"dateModified\":\"2026-09-03T14:24:06+00:00\",\"author\":{\"@id\":\"https:\\\/\\\/revistaregional.com.br\\\/site\\\/#\\\/schema\\\/person\\\/36e364a1eecb8d0aa8b2b130df3b9978\"},\"breadcrumb\":{\"@id\":\"https:\\\/\\\/revistaregional.com.br\\\/site\\\/2026\\\/09\\\/03\\\/museu-republicano-destaca-paisagem-do-tiete-em-programacao-de-setembro\\\/#breadcrumb\"},\"inLanguage\":\"pt-BR\",\"potentialAction\":[{\"@type\":\"ReadAction\",\"target\":[\"https:\\\/\\\/revistaregional.com.br\\\/site\\\/2026\\\/09\\\/03\\\/museu-republicano-destaca-paisagem-do-tiete-em-programacao-de-setembro\\\/\"]}]},{\"@type\":\"ImageObject\",\"inLanguage\":\"pt-BR\",\"@id\":\"https:\\\/\\\/revistaregional.com.br\\\/site\\\/2026\\\/09\\\/03\\\/museu-republicano-destaca-paisagem-do-tiete-em-programacao-de-setembro\\\/#primaryimage\",\"url\":\"https:\\\/\\\/revistaregional.com.br\\\/site\\\/wp-content\\\/uploads\\\/2026\\\/09\\\/Jose-Ferraz-de-Almeida-Junior.-Salto-de-Itu-piquenique-da-familia-do-Dr.-Elias-Chaves-1866.-Acervo-do-Museu-Republicano-de-Itu-Museu-Paulista-USP.jpg-scaled.jpeg\",\"contentUrl\":\"https:\\\/\\\/revistaregional.com.br\\\/site\\\/wp-content\\\/uploads\\\/2026\\\/09\\\/Jose-Ferraz-de-Almeida-Junior.-Salto-de-Itu-piquenique-da-familia-do-Dr.-Elias-Chaves-1866.-Acervo-do-Museu-Republicano-de-Itu-Museu-Paulista-USP.jpg-scaled.jpeg\",\"width\":2560,\"height\":1735},{\"@type\":\"BreadcrumbList\",\"@id\":\"https:\\\/\\\/revistaregional.com.br\\\/site\\\/2026\\\/09\\\/03\\\/museu-republicano-destaca-paisagem-do-tiete-em-programacao-de-setembro\\\/#breadcrumb\",\"itemListElement\":[{\"@type\":\"ListItem\",\"position\":1,\"name\":\"In\u00edcio\",\"item\":\"https:\\\/\\\/revistaregional.com.br\\\/site\\\/\"},{\"@type\":\"ListItem\",\"position\":2,\"name\":\"Museu Republicano destaca paisagem do Tiet\u00ea em programa\u00e7\u00e3o de setembro\"}]},{\"@type\":\"WebSite\",\"@id\":\"https:\\\/\\\/revistaregional.com.br\\\/site\\\/#website\",\"url\":\"https:\\\/\\\/revistaregional.com.br\\\/site\\\/\",\"name\":\"Revista Regional\",\"description\":\"Salto - Itu - Indaituba\",\"potentialAction\":[{\"@type\":\"SearchAction\",\"target\":{\"@type\":\"EntryPoint\",\"urlTemplate\":\"https:\\\/\\\/revistaregional.com.br\\\/site\\\/?s={search_term_string}\"},\"query-input\":{\"@type\":\"PropertyValueSpecification\",\"valueRequired\":true,\"valueName\":\"search_term_string\"}}],\"inLanguage\":\"pt-BR\"},{\"@type\":\"Person\",\"@id\":\"https:\\\/\\\/revistaregional.com.br\\\/site\\\/#\\\/schema\\\/person\\\/36e364a1eecb8d0aa8b2b130df3b9978\",\"name\":\"Revista Regional\",\"image\":{\"@type\":\"ImageObject\",\"inLanguage\":\"pt-BR\",\"@id\":\"https:\\\/\\\/secure.gravatar.com\\\/avatar\\\/b66ebee092f43558ad764994726fd73529b28b6b57f917079eef3e7c5dbd34ad?s=96&d=mm&r=g\",\"url\":\"https:\\\/\\\/secure.gravatar.com\\\/avatar\\\/b66ebee092f43558ad764994726fd73529b28b6b57f917079eef3e7c5dbd34ad?s=96&d=mm&r=g\",\"contentUrl\":\"https:\\\/\\\/secure.gravatar.com\\\/avatar\\\/b66ebee092f43558ad764994726fd73529b28b6b57f917079eef3e7c5dbd34ad?s=96&d=mm&r=g\",\"caption\":\"Revista Regional\"},\"url\":\"https:\\\/\\\/revistaregional.com.br\\\/site\\\/author\\\/revista-regionaluol-com-br\\\/\"}]}<\/script>\n<!-- \/ Yoast SEO plugin. -->","yoast_head_json":{"title":"Museu Republicano destaca paisagem do Tiet\u00ea em programa\u00e7\u00e3o de setembro - Revista Regional","robots":{"index":"index","follow":"follow","max-snippet":"max-snippet:-1","max-image-preview":"max-image-preview:large","max-video-preview":"max-video-preview:-1"},"canonical":"https:\/\/revistaregional.com.br\/site\/2026\/09\/03\/museu-republicano-destaca-paisagem-do-tiete-em-programacao-de-setembro\/","og_locale":"pt_BR","og_type":"article","og_title":"Museu Republicano destaca paisagem do Tiet\u00ea em programa\u00e7\u00e3o de setembro - Revista Regional","og_description":"Agenda de setembro re\u00fane oficinas, media\u00e7\u00f5es educativas e curso de extens\u00e3o da USP que conecta os acervos de Itu e Salto para estudar a influ\u00eancia do rio na forma\u00e7\u00e3o hist\u00f3rica e cultural da regi\u00e3o O rio Tiet\u00ea, que atravessa a regi\u00e3o e participa diretamente da hist\u00f3ria e da forma\u00e7\u00e3o social de cidades como Itu e [&hellip;]","og_url":"https:\/\/revistaregional.com.br\/site\/2026\/09\/03\/museu-republicano-destaca-paisagem-do-tiete-em-programacao-de-setembro\/","og_site_name":"Revista Regional","article_published_time":"2026-09-03T14:23:27+00:00","article_modified_time":"2026-09-03T14:24:06+00:00","og_image":[{"width":2560,"height":1735,"url":"https:\/\/revistaregional.com.br\/site\/wp-content\/uploads\/2026\/09\/Jose-Ferraz-de-Almeida-Junior.-Salto-de-Itu-piquenique-da-familia-do-Dr.-Elias-Chaves-1866.-Acervo-do-Museu-Republicano-de-Itu-Museu-Paulista-USP.jpg-scaled.jpeg","type":"image\/jpeg"}],"author":"Revista Regional","twitter_card":"summary_large_image","twitter_misc":{"Escrito por":"Revista Regional","Est. tempo de leitura":"5 minutos"},"schema":{"@context":"https:\/\/schema.org","@graph":[{"@type":"Article","@id":"https:\/\/revistaregional.com.br\/site\/2026\/09\/03\/museu-republicano-destaca-paisagem-do-tiete-em-programacao-de-setembro\/#article","isPartOf":{"@id":"https:\/\/revistaregional.com.br\/site\/2026\/09\/03\/museu-republicano-destaca-paisagem-do-tiete-em-programacao-de-setembro\/"},"author":{"name":"Revista Regional","@id":"https:\/\/revistaregional.com.br\/site\/#\/schema\/person\/36e364a1eecb8d0aa8b2b130df3b9978"},"headline":"Museu Republicano destaca paisagem do Tiet\u00ea em programa\u00e7\u00e3o de setembro","datePublished":"2026-09-03T14:23:27+00:00","dateModified":"2026-09-03T14:24:06+00:00","mainEntityOfPage":{"@id":"https:\/\/revistaregional.com.br\/site\/2026\/09\/03\/museu-republicano-destaca-paisagem-do-tiete-em-programacao-de-setembro\/"},"wordCount":787,"commentCount":0,"image":{"@id":"https:\/\/revistaregional.com.br\/site\/2026\/09\/03\/museu-republicano-destaca-paisagem-do-tiete-em-programacao-de-setembro\/#primaryimage"},"thumbnailUrl":"https:\/\/revistaregional.com.br\/site\/wp-content\/uploads\/2026\/09\/Jose-Ferraz-de-Almeida-Junior.-Salto-de-Itu-piquenique-da-familia-do-Dr.-Elias-Chaves-1866.-Acervo-do-Museu-Republicano-de-Itu-Museu-Paulista-USP.jpg-scaled.jpeg","articleSection":["Destaque Lateral","Regionais","Slide"],"inLanguage":"pt-BR","potentialAction":[{"@type":"CommentAction","name":"Comment","target":["https:\/\/revistaregional.com.br\/site\/2026\/09\/03\/museu-republicano-destaca-paisagem-do-tiete-em-programacao-de-setembro\/#respond"]}]},{"@type":"WebPage","@id":"https:\/\/revistaregional.com.br\/site\/2026\/09\/03\/museu-republicano-destaca-paisagem-do-tiete-em-programacao-de-setembro\/","url":"https:\/\/revistaregional.com.br\/site\/2026\/09\/03\/museu-republicano-destaca-paisagem-do-tiete-em-programacao-de-setembro\/","name":"Museu Republicano destaca paisagem do Tiet\u00ea em programa\u00e7\u00e3o de setembro - Revista Regional","isPartOf":{"@id":"https:\/\/revistaregional.com.br\/site\/#website"},"primaryImageOfPage":{"@id":"https:\/\/revistaregional.com.br\/site\/2026\/09\/03\/museu-republicano-destaca-paisagem-do-tiete-em-programacao-de-setembro\/#primaryimage"},"image":{"@id":"https:\/\/revistaregional.com.br\/site\/2026\/09\/03\/museu-republicano-destaca-paisagem-do-tiete-em-programacao-de-setembro\/#primaryimage"},"thumbnailUrl":"https:\/\/revistaregional.com.br\/site\/wp-content\/uploads\/2026\/09\/Jose-Ferraz-de-Almeida-Junior.-Salto-de-Itu-piquenique-da-familia-do-Dr.-Elias-Chaves-1866.-Acervo-do-Museu-Republicano-de-Itu-Museu-Paulista-USP.jpg-scaled.jpeg","datePublished":"2026-09-03T14:23:27+00:00","dateModified":"2026-09-03T14:24:06+00:00","author":{"@id":"https:\/\/revistaregional.com.br\/site\/#\/schema\/person\/36e364a1eecb8d0aa8b2b130df3b9978"},"breadcrumb":{"@id":"https:\/\/revistaregional.com.br\/site\/2026\/09\/03\/museu-republicano-destaca-paisagem-do-tiete-em-programacao-de-setembro\/#breadcrumb"},"inLanguage":"pt-BR","potentialAction":[{"@type":"ReadAction","target":["https:\/\/revistaregional.com.br\/site\/2026\/09\/03\/museu-republicano-destaca-paisagem-do-tiete-em-programacao-de-setembro\/"]}]},{"@type":"ImageObject","inLanguage":"pt-BR","@id":"https:\/\/revistaregional.com.br\/site\/2026\/09\/03\/museu-republicano-destaca-paisagem-do-tiete-em-programacao-de-setembro\/#primaryimage","url":"https:\/\/revistaregional.com.br\/site\/wp-content\/uploads\/2026\/09\/Jose-Ferraz-de-Almeida-Junior.-Salto-de-Itu-piquenique-da-familia-do-Dr.-Elias-Chaves-1866.-Acervo-do-Museu-Republicano-de-Itu-Museu-Paulista-USP.jpg-scaled.jpeg","contentUrl":"https:\/\/revistaregional.com.br\/site\/wp-content\/uploads\/2026\/09\/Jose-Ferraz-de-Almeida-Junior.-Salto-de-Itu-piquenique-da-familia-do-Dr.-Elias-Chaves-1866.-Acervo-do-Museu-Republicano-de-Itu-Museu-Paulista-USP.jpg-scaled.jpeg","width":2560,"height":1735},{"@type":"BreadcrumbList","@id":"https:\/\/revistaregional.com.br\/site\/2026\/09\/03\/museu-republicano-destaca-paisagem-do-tiete-em-programacao-de-setembro\/#breadcrumb","itemListElement":[{"@type":"ListItem","position":1,"name":"In\u00edcio","item":"https:\/\/revistaregional.com.br\/site\/"},{"@type":"ListItem","position":2,"name":"Museu Republicano destaca paisagem do Tiet\u00ea em programa\u00e7\u00e3o de setembro"}]},{"@type":"WebSite","@id":"https:\/\/revistaregional.com.br\/site\/#website","url":"https:\/\/revistaregional.com.br\/site\/","name":"Revista Regional","description":"Salto - Itu - Indaituba","potentialAction":[{"@type":"SearchAction","target":{"@type":"EntryPoint","urlTemplate":"https:\/\/revistaregional.com.br\/site\/?s={search_term_string}"},"query-input":{"@type":"PropertyValueSpecification","valueRequired":true,"valueName":"search_term_string"}}],"inLanguage":"pt-BR"},{"@type":"Person","@id":"https:\/\/revistaregional.com.br\/site\/#\/schema\/person\/36e364a1eecb8d0aa8b2b130df3b9978","name":"Revista Regional","image":{"@type":"ImageObject","inLanguage":"pt-BR","@id":"https:\/\/secure.gravatar.com\/avatar\/b66ebee092f43558ad764994726fd73529b28b6b57f917079eef3e7c5dbd34ad?s=96&d=mm&r=g","url":"https:\/\/secure.gravatar.com\/avatar\/b66ebee092f43558ad764994726fd73529b28b6b57f917079eef3e7c5dbd34ad?s=96&d=mm&r=g","contentUrl":"https:\/\/secure.gravatar.com\/avatar\/b66ebee092f43558ad764994726fd73529b28b6b57f917079eef3e7c5dbd34ad?s=96&d=mm&r=g","caption":"Revista Regional"},"url":"https:\/\/revistaregional.com.br\/site\/author\/revista-regionaluol-com-br\/"}]}},"views":41,"_links":{"self":[{"href":"https:\/\/revistaregional.com.br\/site\/wp-json\/wp\/v2\/posts\/37125","targetHints":{"allow":["GET"]}}],"collection":[{"href":"https:\/\/revistaregional.com.br\/site\/wp-json\/wp\/v2\/posts"}],"about":[{"href":"https:\/\/revistaregional.com.br\/site\/wp-json\/wp\/v2\/types\/post"}],"author":[{"embeddable":true,"href":"https:\/\/revistaregional.com.br\/site\/wp-json\/wp\/v2\/users\/2"}],"replies":[{"embeddable":true,"href":"https:\/\/revistaregional.com.br\/site\/wp-json\/wp\/v2\/comments?post=37125"}],"version-history":[{"count":2,"href":"https:\/\/revistaregional.com.br\/site\/wp-json\/wp\/v2\/posts\/37125\/revisions"}],"predecessor-version":[{"id":37128,"href":"https:\/\/revistaregional.com.br\/site\/wp-json\/wp\/v2\/posts\/37125\/revisions\/37128"}],"wp:featuredmedia":[{"embeddable":true,"href":"https:\/\/revistaregional.com.br\/site\/wp-json\/wp\/v2\/media\/37126"}],"wp:attachment":[{"href":"https:\/\/revistaregional.com.br\/site\/wp-json\/wp\/v2\/media?parent=37125"}],"wp:term":[{"taxonomy":"category","embeddable":true,"href":"https:\/\/revistaregional.com.br\/site\/wp-json\/wp\/v2\/categories?post=37125"},{"taxonomy":"post_tag","embeddable":true,"href":"https:\/\/revistaregional.com.br\/site\/wp-json\/wp\/v2\/tags?post=37125"}],"curies":[{"name":"wp","href":"https:\/\/api.w.org\/{rel}","templated":true}]}}