{"id":37111,"date":"2026-09-01T15:27:51","date_gmt":"2026-09-01T18:27:51","guid":{"rendered":"https:\/\/revistaregional.com.br\/site\/?p=37111"},"modified":"2026-09-01T15:27:51","modified_gmt":"2026-09-01T18:27:51","slug":"gaudi-100-anos-barcelona-celebra-genio-que-transformou-arquitetura-em-arte-viva","status":"publish","type":"post","link":"https:\/\/revistaregional.com.br\/site\/2026\/09\/01\/gaudi-100-anos-barcelona-celebra-genio-que-transformou-arquitetura-em-arte-viva\/","title":{"rendered":"Gaud\u00ed 100 anos: Barcelona celebra g\u00eanio que transformou arquitetura em arte viva"},"content":{"rendered":"<p><em>Cem anos ap\u00f3s sua morte, a obra de Gaud\u00ed permanece viva, inspirando milh\u00f5es de pessoas e confirmando que algumas constru\u00e7\u00f5es ultrapassam o tempo para se transformar em verdadeiros patrim\u00f4nios da humanidade<\/em><\/p>\n<figure id=\"attachment_37112\" aria-describedby=\"caption-attachment-37112\" style=\"width: 300px\" class=\"wp-caption aligncenter\"><a href=\"https:\/\/revistaregional.com.br\/site\/wp-content\/uploads\/2026\/09\/5.jpg\"><img decoding=\"async\" class=\"wp-image-37112 size-medium\" src=\"https:\/\/revistaregional.com.br\/site\/wp-content\/uploads\/2026\/09\/5-300x134.jpg\" alt=\"\" width=\"300\" height=\"134\" srcset=\"https:\/\/revistaregional.com.br\/site\/wp-content\/uploads\/2026\/09\/5-300x134.jpg 300w, https:\/\/revistaregional.com.br\/site\/wp-content\/uploads\/2026\/09\/5-1024x456.jpg 1024w, https:\/\/revistaregional.com.br\/site\/wp-content\/uploads\/2026\/09\/5.jpg 1280w\" sizes=\"(max-width: 300px) 100vw, 300px\" \/><\/a><figcaption id=\"caption-attachment-37112\" class=\"wp-caption-text\">O horizonte de Barcelona visto do Parque G\u00fcell<\/figcaption><\/figure>\n<p>H\u00e1 cidades que encantam pelos monumentos. Barcelona vai al\u00e9m: emociona pela maneira como a arquitetura se mistura \u00e0 paisagem, \u00e0 luz e \u00e0 identidade de seu povo. Em 2026, esse cen\u00e1rio ganhou um significado ainda mais especial com as homenagens ao legado e ao centen\u00e1rio da morte de Antoni Gaud\u00ed, o arquiteto catal\u00e3o que revolucionou a hist\u00f3ria da arquitetura mundial e transformou a capital da Catalunha em um verdadeiro museu a c\u00e9u aberto.<\/p>\n<p>O ponto alto das homenagens aconteceu em 10 de junho de 2026, data que marcou exatamente cem anos da morte de Gaud\u00ed. A cerim\u00f4nia abriu oficialmente as principais celebra\u00e7\u00f5es do Ano Gaud\u00ed 2026, programa\u00e7\u00e3o cultural que continua ao longo deste ano reunindo exposi\u00e7\u00f5es, concertos, visitas especiais, confer\u00eancias e experi\u00eancias imersivas dedicadas ao legado do artista. A iniciativa refor\u00e7a o protagonismo de Barcelona como um dos destinos culturais mais importantes da Europa e atrai visitantes de todas as partes do mundo.<\/p>\n<figure id=\"attachment_37114\" aria-describedby=\"caption-attachment-37114\" style=\"width: 300px\" class=\"wp-caption aligncenter\"><a href=\"https:\/\/revistaregional.com.br\/site\/wp-content\/uploads\/2026\/09\/3.jpg\"><img fetchpriority=\"high\" decoding=\"async\" class=\"wp-image-37114 size-medium\" src=\"https:\/\/revistaregional.com.br\/site\/wp-content\/uploads\/2026\/09\/3-300x200.jpg\" alt=\"\" width=\"300\" height=\"200\" srcset=\"https:\/\/revistaregional.com.br\/site\/wp-content\/uploads\/2026\/09\/3-300x200.jpg 300w, https:\/\/revistaregional.com.br\/site\/wp-content\/uploads\/2026\/09\/3-1024x682.jpg 1024w, https:\/\/revistaregional.com.br\/site\/wp-content\/uploads\/2026\/09\/3.jpg 1280w\" sizes=\"(max-width: 300px) 100vw, 300px\" \/><\/a><figcaption id=\"caption-attachment-37114\" class=\"wp-caption-text\">A famosa e inacabada Sagrada Fam\u00edlia<\/figcaption><\/figure>\n<p>Para quem aprecia viagens que unem hist\u00f3ria, arte, gastronomia e sofistica\u00e7\u00e3o, 2026 tornou-se um dos momentos mais especiais para conhecer &#8211; ou revisitar &#8211; a cidade. No centro de todas as celebra\u00e7\u00f5es est\u00e1 a impressionante Bas\u00edlica da Sagrada Fam\u00edlia, considerada a obra-prima de Gaud\u00ed e um dos edif\u00edcios mais fascinantes do planeta. Iniciada em 1882, a igreja tornou-se a grande miss\u00e3o de sua vida. Nos \u00faltimos anos de carreira, Gaud\u00ed dedicou-se praticamente de forma exclusiva ao projeto, chegando inclusive a morar dentro do canteiro de obras para acompanhar cada detalhe da constru\u00e7\u00e3o.<\/p>\n<p>Sua morte, em 1926, interrompeu um trabalho que permanece em andamento at\u00e9 hoje. Mesmo inacabada, a Sagrada Fam\u00edlia tornou-se o monumento mais visitado da Espanha e um dos maiores s\u00edmbolos da arquitetura contempor\u00e2nea. Entrar na bas\u00edlica \u00e9 uma experi\u00eancia dif\u00edcil de traduzir em palavras. As colunas lembram \u00e1rvores gigantescas que sustentam uma floresta de pedra, enquanto a luz atravessa os vitrais coloridos criando um espet\u00e1culo que muda de intensidade conforme as horas do dia. O resultado \u00e9 uma atmosfera quase espiritual, independentemente da cren\u00e7a do visitante. Durante o Ano Gaud\u00ed, a bas\u00edlica segue recebendo uma programa\u00e7\u00e3o especial com concertos, exposi\u00e7\u00f5es e atividades culturais que aproximam o p\u00fablico da genialidade do arquiteto. A agenda comemorativa refor\u00e7a n\u00e3o apenas a import\u00e2ncia art\u00edstica da obra, mas tamb\u00e9m sua dimens\u00e3o simb\u00f3lica para Barcelona.<\/p>\n<figure id=\"attachment_37113\" aria-describedby=\"caption-attachment-37113\" style=\"width: 300px\" class=\"wp-caption aligncenter\"><a href=\"https:\/\/revistaregional.com.br\/site\/wp-content\/uploads\/2026\/09\/1.jpg\"><img decoding=\"async\" class=\"wp-image-37113 size-medium\" src=\"https:\/\/revistaregional.com.br\/site\/wp-content\/uploads\/2026\/09\/1-300x199.jpg\" alt=\"\" width=\"300\" height=\"199\" srcset=\"https:\/\/revistaregional.com.br\/site\/wp-content\/uploads\/2026\/09\/1-300x199.jpg 300w, https:\/\/revistaregional.com.br\/site\/wp-content\/uploads\/2026\/09\/1-1024x681.jpg 1024w, https:\/\/revistaregional.com.br\/site\/wp-content\/uploads\/2026\/09\/1.jpg 1280w\" sizes=\"(max-width: 300px) 100vw, 300px\" \/><\/a><figcaption id=\"caption-attachment-37113\" class=\"wp-caption-text\">Detalhes do mosaico no Parque G\u00fcell<\/figcaption><\/figure>\n<p><a href=\"https:\/\/revistaregional.com.br\/site\/wp-content\/uploads\/2026\/09\/2.jpg\"><img loading=\"lazy\" decoding=\"async\" class=\"size-medium wp-image-37116 aligncenter\" src=\"https:\/\/revistaregional.com.br\/site\/wp-content\/uploads\/2026\/09\/2-300x200.jpg\" alt=\"\" width=\"300\" height=\"200\" srcset=\"https:\/\/revistaregional.com.br\/site\/wp-content\/uploads\/2026\/09\/2-300x200.jpg 300w, https:\/\/revistaregional.com.br\/site\/wp-content\/uploads\/2026\/09\/2-1024x682.jpg 1024w, https:\/\/revistaregional.com.br\/site\/wp-content\/uploads\/2026\/09\/2.jpg 1280w\" sizes=\"(max-width: 300px) 100vw, 300px\" \/><\/a><\/p>\n<p>Mas conhecer Gaud\u00ed significa ir muito al\u00e9m da Sagrada Fam\u00edlia. Um roteiro completo passa pelo elegante Passeig de Gr\u00e0cia, onde est\u00e3o duas de suas mais famosas cria\u00e7\u00f5es: a Casa Batll\u00f3, inspirada nas formas da natureza e nas lendas catal\u00e3s, e a Casa Mil\u00e0, conhecida como La Pedrera, famosa pelas linhas onduladas e pelo terra\u00e7o com esculturas que lembram guerreiros futuristas. Outro endere\u00e7o indispens\u00e1vel \u00e9 o Parque G\u00fcell, onde mosaicos coloridos, jardins e mirantes revelam uma das mais belas vistas da cidade. Caminhar por seus caminhos sinuosos \u00e9 compreender como Gaud\u00ed enxergava a arquitetura como uma extens\u00e3o da pr\u00f3pria natureza.<\/p>\n<p>A atmosfera do Ano Gaud\u00ed tamb\u00e9m se espalha pelos museus, centros culturais e espa\u00e7os p\u00fablicos da capital catal\u00e3, oferecendo ao visitante uma oportunidade rara de mergulhar na vida e na obra do arquiteto por diferentes perspectivas. Barcelona aproveita o centen\u00e1rio para reafirmar sua posi\u00e7\u00e3o entre os destinos mais sofisticados da Europa. Hot\u00e9is boutique, restaurantes estrelados, bares de tapas contempor\u00e2neos, lojas de grandes marcas internacionais e uma vibrante cena cultural completam uma viagem que combina patrim\u00f4nio hist\u00f3rico, design, alta gastronomia e estilo de vida.<\/p>\n<figure id=\"attachment_37115\" aria-describedby=\"caption-attachment-37115\" style=\"width: 300px\" class=\"wp-caption aligncenter\"><a href=\"https:\/\/revistaregional.com.br\/site\/wp-content\/uploads\/2026\/09\/4.jpg\"><img loading=\"lazy\" decoding=\"async\" class=\"wp-image-37115 size-medium\" src=\"https:\/\/revistaregional.com.br\/site\/wp-content\/uploads\/2026\/09\/4-300x200.jpg\" alt=\"\" width=\"300\" height=\"200\" srcset=\"https:\/\/revistaregional.com.br\/site\/wp-content\/uploads\/2026\/09\/4-300x200.jpg 300w, https:\/\/revistaregional.com.br\/site\/wp-content\/uploads\/2026\/09\/4-1024x682.jpg 1024w, https:\/\/revistaregional.com.br\/site\/wp-content\/uploads\/2026\/09\/4.jpg 1280w\" sizes=\"(max-width: 300px) 100vw, 300px\" \/><\/a><figcaption id=\"caption-attachment-37115\" class=\"wp-caption-text\">Barcelona e sua grandiosidade art\u00edstica e arquitet\u00f4nica<\/figcaption><\/figure>\n<p><em>fotos: AdobeStock<\/em><\/p>\n<p>&nbsp;<\/p>\n","protected":false},"excerpt":{"rendered":"<p>Cem anos ap\u00f3s sua morte, a obra de Gaud\u00ed permanece viva, inspirando milh\u00f5es de pessoas e confirmando que algumas constru\u00e7\u00f5es ultrapassam o tempo para se transformar em verdadeiros patrim\u00f4nios da humanidade H\u00e1 cidades que encantam pelos monumentos. Barcelona vai al\u00e9m: emociona pela maneira como a arquitetura se mistura \u00e0 paisagem, \u00e0 luz e \u00e0 identidade [&hellip;]<\/p>\n","protected":false},"author":2,"featured_media":37116,"comment_status":"open","ping_status":"open","sticky":false,"template":"","format":"standard","meta":{"_acf_changed":false,"ngg_post_thumbnail":0,"_joinchat":[],"footnotes":""},"categories":[449,15,482],"tags":[],"class_list":["post-37111","post","type-post","status-publish","format-standard","has-post-thumbnail","hentry","category-destaque-lateral","category-diario-de-viagem","category-slide"],"acf":[],"yoast_head":"<!-- This site is optimized with the Yoast SEO plugin v28.4 - https:\/\/yoast.com\/product\/yoast-seo-wordpress\/ -->\n<title>Gaud\u00ed 100 anos: Barcelona celebra g\u00eanio que transformou arquitetura em arte viva - Revista Regional<\/title>\n<meta name=\"robots\" content=\"index, follow, max-snippet:-1, max-image-preview:large, max-video-preview:-1\" \/>\n<link rel=\"canonical\" href=\"https:\/\/revistaregional.com.br\/site\/2026\/09\/01\/gaudi-100-anos-barcelona-celebra-genio-que-transformou-arquitetura-em-arte-viva\/\" \/>\n<meta property=\"og:locale\" content=\"pt_BR\" \/>\n<meta property=\"og:type\" content=\"article\" \/>\n<meta property=\"og:title\" content=\"Gaud\u00ed 100 anos: Barcelona celebra g\u00eanio que transformou arquitetura em arte viva - Revista Regional\" \/>\n<meta property=\"og:description\" content=\"Cem anos ap\u00f3s sua morte, a obra de Gaud\u00ed permanece viva, inspirando milh\u00f5es de pessoas e confirmando que algumas constru\u00e7\u00f5es ultrapassam o tempo para se transformar em verdadeiros patrim\u00f4nios da humanidade H\u00e1 cidades que encantam pelos monumentos. Barcelona vai al\u00e9m: emociona pela maneira como a arquitetura se mistura \u00e0 paisagem, \u00e0 luz e \u00e0 identidade [&hellip;]\" \/>\n<meta property=\"og:url\" content=\"https:\/\/revistaregional.com.br\/site\/2026\/09\/01\/gaudi-100-anos-barcelona-celebra-genio-que-transformou-arquitetura-em-arte-viva\/\" \/>\n<meta property=\"og:site_name\" content=\"Revista Regional\" \/>\n<meta property=\"article:published_time\" content=\"2026-09-01T18:27:51+00:00\" \/>\n<meta property=\"og:image\" content=\"https:\/\/revistaregional.com.br\/site\/wp-content\/uploads\/2026\/09\/2.jpg\" \/>\n\t<meta property=\"og:image:width\" content=\"1280\" \/>\n\t<meta property=\"og:image:height\" content=\"853\" \/>\n\t<meta property=\"og:image:type\" content=\"image\/jpeg\" \/>\n<meta name=\"author\" content=\"Revista Regional\" \/>\n<meta name=\"twitter:card\" content=\"summary_large_image\" \/>\n<meta name=\"twitter:label1\" content=\"Escrito por\" \/>\n\t<meta name=\"twitter:data1\" content=\"Revista Regional\" \/>\n\t<meta name=\"twitter:label2\" content=\"Est. tempo de leitura\" \/>\n\t<meta name=\"twitter:data2\" content=\"5 minutos\" \/>\n<script type=\"application\/ld+json\" class=\"yoast-schema-graph\">{\"@context\":\"https:\\\/\\\/schema.org\",\"@graph\":[{\"@type\":\"Article\",\"@id\":\"https:\\\/\\\/revistaregional.com.br\\\/site\\\/2026\\\/09\\\/01\\\/gaudi-100-anos-barcelona-celebra-genio-que-transformou-arquitetura-em-arte-viva\\\/#article\",\"isPartOf\":{\"@id\":\"https:\\\/\\\/revistaregional.com.br\\\/site\\\/2026\\\/09\\\/01\\\/gaudi-100-anos-barcelona-celebra-genio-que-transformou-arquitetura-em-arte-viva\\\/\"},\"author\":{\"name\":\"Revista Regional\",\"@id\":\"https:\\\/\\\/revistaregional.com.br\\\/site\\\/#\\\/schema\\\/person\\\/36e364a1eecb8d0aa8b2b130df3b9978\"},\"headline\":\"Gaud\u00ed 100 anos: Barcelona celebra g\u00eanio que transformou arquitetura em arte viva\",\"datePublished\":\"2026-09-01T18:27:51+00:00\",\"mainEntityOfPage\":{\"@id\":\"https:\\\/\\\/revistaregional.com.br\\\/site\\\/2026\\\/09\\\/01\\\/gaudi-100-anos-barcelona-celebra-genio-que-transformou-arquitetura-em-arte-viva\\\/\"},\"wordCount\":713,\"commentCount\":0,\"image\":{\"@id\":\"https:\\\/\\\/revistaregional.com.br\\\/site\\\/2026\\\/09\\\/01\\\/gaudi-100-anos-barcelona-celebra-genio-que-transformou-arquitetura-em-arte-viva\\\/#primaryimage\"},\"thumbnailUrl\":\"https:\\\/\\\/revistaregional.com.br\\\/site\\\/wp-content\\\/uploads\\\/2026\\\/09\\\/2.jpg\",\"articleSection\":[\"Destaque Lateral\",\"Di\u00e1rio de Viagem\",\"Slide\"],\"inLanguage\":\"pt-BR\",\"potentialAction\":[{\"@type\":\"CommentAction\",\"name\":\"Comment\",\"target\":[\"https:\\\/\\\/revistaregional.com.br\\\/site\\\/2026\\\/09\\\/01\\\/gaudi-100-anos-barcelona-celebra-genio-que-transformou-arquitetura-em-arte-viva\\\/#respond\"]}]},{\"@type\":\"WebPage\",\"@id\":\"https:\\\/\\\/revistaregional.com.br\\\/site\\\/2026\\\/09\\\/01\\\/gaudi-100-anos-barcelona-celebra-genio-que-transformou-arquitetura-em-arte-viva\\\/\",\"url\":\"https:\\\/\\\/revistaregional.com.br\\\/site\\\/2026\\\/09\\\/01\\\/gaudi-100-anos-barcelona-celebra-genio-que-transformou-arquitetura-em-arte-viva\\\/\",\"name\":\"Gaud\u00ed 100 anos: Barcelona celebra g\u00eanio que transformou arquitetura em arte viva - Revista Regional\",\"isPartOf\":{\"@id\":\"https:\\\/\\\/revistaregional.com.br\\\/site\\\/#website\"},\"primaryImageOfPage\":{\"@id\":\"https:\\\/\\\/revistaregional.com.br\\\/site\\\/2026\\\/09\\\/01\\\/gaudi-100-anos-barcelona-celebra-genio-que-transformou-arquitetura-em-arte-viva\\\/#primaryimage\"},\"image\":{\"@id\":\"https:\\\/\\\/revistaregional.com.br\\\/site\\\/2026\\\/09\\\/01\\\/gaudi-100-anos-barcelona-celebra-genio-que-transformou-arquitetura-em-arte-viva\\\/#primaryimage\"},\"thumbnailUrl\":\"https:\\\/\\\/revistaregional.com.br\\\/site\\\/wp-content\\\/uploads\\\/2026\\\/09\\\/2.jpg\",\"datePublished\":\"2026-09-01T18:27:51+00:00\",\"author\":{\"@id\":\"https:\\\/\\\/revistaregional.com.br\\\/site\\\/#\\\/schema\\\/person\\\/36e364a1eecb8d0aa8b2b130df3b9978\"},\"breadcrumb\":{\"@id\":\"https:\\\/\\\/revistaregional.com.br\\\/site\\\/2026\\\/09\\\/01\\\/gaudi-100-anos-barcelona-celebra-genio-que-transformou-arquitetura-em-arte-viva\\\/#breadcrumb\"},\"inLanguage\":\"pt-BR\",\"potentialAction\":[{\"@type\":\"ReadAction\",\"target\":[\"https:\\\/\\\/revistaregional.com.br\\\/site\\\/2026\\\/09\\\/01\\\/gaudi-100-anos-barcelona-celebra-genio-que-transformou-arquitetura-em-arte-viva\\\/\"]}]},{\"@type\":\"ImageObject\",\"inLanguage\":\"pt-BR\",\"@id\":\"https:\\\/\\\/revistaregional.com.br\\\/site\\\/2026\\\/09\\\/01\\\/gaudi-100-anos-barcelona-celebra-genio-que-transformou-arquitetura-em-arte-viva\\\/#primaryimage\",\"url\":\"https:\\\/\\\/revistaregional.com.br\\\/site\\\/wp-content\\\/uploads\\\/2026\\\/09\\\/2.jpg\",\"contentUrl\":\"https:\\\/\\\/revistaregional.com.br\\\/site\\\/wp-content\\\/uploads\\\/2026\\\/09\\\/2.jpg\",\"width\":1280,\"height\":853},{\"@type\":\"BreadcrumbList\",\"@id\":\"https:\\\/\\\/revistaregional.com.br\\\/site\\\/2026\\\/09\\\/01\\\/gaudi-100-anos-barcelona-celebra-genio-que-transformou-arquitetura-em-arte-viva\\\/#breadcrumb\",\"itemListElement\":[{\"@type\":\"ListItem\",\"position\":1,\"name\":\"In\u00edcio\",\"item\":\"https:\\\/\\\/revistaregional.com.br\\\/site\\\/\"},{\"@type\":\"ListItem\",\"position\":2,\"name\":\"Gaud\u00ed 100 anos: Barcelona celebra g\u00eanio que transformou arquitetura em arte viva\"}]},{\"@type\":\"WebSite\",\"@id\":\"https:\\\/\\\/revistaregional.com.br\\\/site\\\/#website\",\"url\":\"https:\\\/\\\/revistaregional.com.br\\\/site\\\/\",\"name\":\"Revista Regional\",\"description\":\"Salto - Itu - Indaituba\",\"potentialAction\":[{\"@type\":\"SearchAction\",\"target\":{\"@type\":\"EntryPoint\",\"urlTemplate\":\"https:\\\/\\\/revistaregional.com.br\\\/site\\\/?s={search_term_string}\"},\"query-input\":{\"@type\":\"PropertyValueSpecification\",\"valueRequired\":true,\"valueName\":\"search_term_string\"}}],\"inLanguage\":\"pt-BR\"},{\"@type\":\"Person\",\"@id\":\"https:\\\/\\\/revistaregional.com.br\\\/site\\\/#\\\/schema\\\/person\\\/36e364a1eecb8d0aa8b2b130df3b9978\",\"name\":\"Revista Regional\",\"image\":{\"@type\":\"ImageObject\",\"inLanguage\":\"pt-BR\",\"@id\":\"https:\\\/\\\/secure.gravatar.com\\\/avatar\\\/b66ebee092f43558ad764994726fd73529b28b6b57f917079eef3e7c5dbd34ad?s=96&d=mm&r=g\",\"url\":\"https:\\\/\\\/secure.gravatar.com\\\/avatar\\\/b66ebee092f43558ad764994726fd73529b28b6b57f917079eef3e7c5dbd34ad?s=96&d=mm&r=g\",\"contentUrl\":\"https:\\\/\\\/secure.gravatar.com\\\/avatar\\\/b66ebee092f43558ad764994726fd73529b28b6b57f917079eef3e7c5dbd34ad?s=96&d=mm&r=g\",\"caption\":\"Revista Regional\"},\"url\":\"https:\\\/\\\/revistaregional.com.br\\\/site\\\/author\\\/revista-regionaluol-com-br\\\/\"}]}<\/script>\n<!-- \/ Yoast SEO plugin. -->","yoast_head_json":{"title":"Gaud\u00ed 100 anos: Barcelona celebra g\u00eanio que transformou arquitetura em arte viva - Revista Regional","robots":{"index":"index","follow":"follow","max-snippet":"max-snippet:-1","max-image-preview":"max-image-preview:large","max-video-preview":"max-video-preview:-1"},"canonical":"https:\/\/revistaregional.com.br\/site\/2026\/09\/01\/gaudi-100-anos-barcelona-celebra-genio-que-transformou-arquitetura-em-arte-viva\/","og_locale":"pt_BR","og_type":"article","og_title":"Gaud\u00ed 100 anos: Barcelona celebra g\u00eanio que transformou arquitetura em arte viva - Revista Regional","og_description":"Cem anos ap\u00f3s sua morte, a obra de Gaud\u00ed permanece viva, inspirando milh\u00f5es de pessoas e confirmando que algumas constru\u00e7\u00f5es ultrapassam o tempo para se transformar em verdadeiros patrim\u00f4nios da humanidade H\u00e1 cidades que encantam pelos monumentos. Barcelona vai al\u00e9m: emociona pela maneira como a arquitetura se mistura \u00e0 paisagem, \u00e0 luz e \u00e0 identidade [&hellip;]","og_url":"https:\/\/revistaregional.com.br\/site\/2026\/09\/01\/gaudi-100-anos-barcelona-celebra-genio-que-transformou-arquitetura-em-arte-viva\/","og_site_name":"Revista Regional","article_published_time":"2026-09-01T18:27:51+00:00","og_image":[{"width":1280,"height":853,"url":"https:\/\/revistaregional.com.br\/site\/wp-content\/uploads\/2026\/09\/2.jpg","type":"image\/jpeg"}],"author":"Revista Regional","twitter_card":"summary_large_image","twitter_misc":{"Escrito por":"Revista Regional","Est. tempo de leitura":"5 minutos"},"schema":{"@context":"https:\/\/schema.org","@graph":[{"@type":"Article","@id":"https:\/\/revistaregional.com.br\/site\/2026\/09\/01\/gaudi-100-anos-barcelona-celebra-genio-que-transformou-arquitetura-em-arte-viva\/#article","isPartOf":{"@id":"https:\/\/revistaregional.com.br\/site\/2026\/09\/01\/gaudi-100-anos-barcelona-celebra-genio-que-transformou-arquitetura-em-arte-viva\/"},"author":{"name":"Revista Regional","@id":"https:\/\/revistaregional.com.br\/site\/#\/schema\/person\/36e364a1eecb8d0aa8b2b130df3b9978"},"headline":"Gaud\u00ed 100 anos: Barcelona celebra g\u00eanio que transformou arquitetura em arte viva","datePublished":"2026-09-01T18:27:51+00:00","mainEntityOfPage":{"@id":"https:\/\/revistaregional.com.br\/site\/2026\/09\/01\/gaudi-100-anos-barcelona-celebra-genio-que-transformou-arquitetura-em-arte-viva\/"},"wordCount":713,"commentCount":0,"image":{"@id":"https:\/\/revistaregional.com.br\/site\/2026\/09\/01\/gaudi-100-anos-barcelona-celebra-genio-que-transformou-arquitetura-em-arte-viva\/#primaryimage"},"thumbnailUrl":"https:\/\/revistaregional.com.br\/site\/wp-content\/uploads\/2026\/09\/2.jpg","articleSection":["Destaque Lateral","Di\u00e1rio de Viagem","Slide"],"inLanguage":"pt-BR","potentialAction":[{"@type":"CommentAction","name":"Comment","target":["https:\/\/revistaregional.com.br\/site\/2026\/09\/01\/gaudi-100-anos-barcelona-celebra-genio-que-transformou-arquitetura-em-arte-viva\/#respond"]}]},{"@type":"WebPage","@id":"https:\/\/revistaregional.com.br\/site\/2026\/09\/01\/gaudi-100-anos-barcelona-celebra-genio-que-transformou-arquitetura-em-arte-viva\/","url":"https:\/\/revistaregional.com.br\/site\/2026\/09\/01\/gaudi-100-anos-barcelona-celebra-genio-que-transformou-arquitetura-em-arte-viva\/","name":"Gaud\u00ed 100 anos: Barcelona celebra g\u00eanio que transformou arquitetura em arte viva - Revista Regional","isPartOf":{"@id":"https:\/\/revistaregional.com.br\/site\/#website"},"primaryImageOfPage":{"@id":"https:\/\/revistaregional.com.br\/site\/2026\/09\/01\/gaudi-100-anos-barcelona-celebra-genio-que-transformou-arquitetura-em-arte-viva\/#primaryimage"},"image":{"@id":"https:\/\/revistaregional.com.br\/site\/2026\/09\/01\/gaudi-100-anos-barcelona-celebra-genio-que-transformou-arquitetura-em-arte-viva\/#primaryimage"},"thumbnailUrl":"https:\/\/revistaregional.com.br\/site\/wp-content\/uploads\/2026\/09\/2.jpg","datePublished":"2026-09-01T18:27:51+00:00","author":{"@id":"https:\/\/revistaregional.com.br\/site\/#\/schema\/person\/36e364a1eecb8d0aa8b2b130df3b9978"},"breadcrumb":{"@id":"https:\/\/revistaregional.com.br\/site\/2026\/09\/01\/gaudi-100-anos-barcelona-celebra-genio-que-transformou-arquitetura-em-arte-viva\/#breadcrumb"},"inLanguage":"pt-BR","potentialAction":[{"@type":"ReadAction","target":["https:\/\/revistaregional.com.br\/site\/2026\/09\/01\/gaudi-100-anos-barcelona-celebra-genio-que-transformou-arquitetura-em-arte-viva\/"]}]},{"@type":"ImageObject","inLanguage":"pt-BR","@id":"https:\/\/revistaregional.com.br\/site\/2026\/09\/01\/gaudi-100-anos-barcelona-celebra-genio-que-transformou-arquitetura-em-arte-viva\/#primaryimage","url":"https:\/\/revistaregional.com.br\/site\/wp-content\/uploads\/2026\/09\/2.jpg","contentUrl":"https:\/\/revistaregional.com.br\/site\/wp-content\/uploads\/2026\/09\/2.jpg","width":1280,"height":853},{"@type":"BreadcrumbList","@id":"https:\/\/revistaregional.com.br\/site\/2026\/09\/01\/gaudi-100-anos-barcelona-celebra-genio-que-transformou-arquitetura-em-arte-viva\/#breadcrumb","itemListElement":[{"@type":"ListItem","position":1,"name":"In\u00edcio","item":"https:\/\/revistaregional.com.br\/site\/"},{"@type":"ListItem","position":2,"name":"Gaud\u00ed 100 anos: Barcelona celebra g\u00eanio que transformou arquitetura em arte viva"}]},{"@type":"WebSite","@id":"https:\/\/revistaregional.com.br\/site\/#website","url":"https:\/\/revistaregional.com.br\/site\/","name":"Revista Regional","description":"Salto - Itu - Indaituba","potentialAction":[{"@type":"SearchAction","target":{"@type":"EntryPoint","urlTemplate":"https:\/\/revistaregional.com.br\/site\/?s={search_term_string}"},"query-input":{"@type":"PropertyValueSpecification","valueRequired":true,"valueName":"search_term_string"}}],"inLanguage":"pt-BR"},{"@type":"Person","@id":"https:\/\/revistaregional.com.br\/site\/#\/schema\/person\/36e364a1eecb8d0aa8b2b130df3b9978","name":"Revista Regional","image":{"@type":"ImageObject","inLanguage":"pt-BR","@id":"https:\/\/secure.gravatar.com\/avatar\/b66ebee092f43558ad764994726fd73529b28b6b57f917079eef3e7c5dbd34ad?s=96&d=mm&r=g","url":"https:\/\/secure.gravatar.com\/avatar\/b66ebee092f43558ad764994726fd73529b28b6b57f917079eef3e7c5dbd34ad?s=96&d=mm&r=g","contentUrl":"https:\/\/secure.gravatar.com\/avatar\/b66ebee092f43558ad764994726fd73529b28b6b57f917079eef3e7c5dbd34ad?s=96&d=mm&r=g","caption":"Revista Regional"},"url":"https:\/\/revistaregional.com.br\/site\/author\/revista-regionaluol-com-br\/"}]}},"views":29,"_links":{"self":[{"href":"https:\/\/revistaregional.com.br\/site\/wp-json\/wp\/v2\/posts\/37111","targetHints":{"allow":["GET"]}}],"collection":[{"href":"https:\/\/revistaregional.com.br\/site\/wp-json\/wp\/v2\/posts"}],"about":[{"href":"https:\/\/revistaregional.com.br\/site\/wp-json\/wp\/v2\/types\/post"}],"author":[{"embeddable":true,"href":"https:\/\/revistaregional.com.br\/site\/wp-json\/wp\/v2\/users\/2"}],"replies":[{"embeddable":true,"href":"https:\/\/revistaregional.com.br\/site\/wp-json\/wp\/v2\/comments?post=37111"}],"version-history":[{"count":1,"href":"https:\/\/revistaregional.com.br\/site\/wp-json\/wp\/v2\/posts\/37111\/revisions"}],"predecessor-version":[{"id":37117,"href":"https:\/\/revistaregional.com.br\/site\/wp-json\/wp\/v2\/posts\/37111\/revisions\/37117"}],"wp:featuredmedia":[{"embeddable":true,"href":"https:\/\/revistaregional.com.br\/site\/wp-json\/wp\/v2\/media\/37116"}],"wp:attachment":[{"href":"https:\/\/revistaregional.com.br\/site\/wp-json\/wp\/v2\/media?parent=37111"}],"wp:term":[{"taxonomy":"category","embeddable":true,"href":"https:\/\/revistaregional.com.br\/site\/wp-json\/wp\/v2\/categories?post=37111"},{"taxonomy":"post_tag","embeddable":true,"href":"https:\/\/revistaregional.com.br\/site\/wp-json\/wp\/v2\/tags?post=37111"}],"curies":[{"name":"wp","href":"https:\/\/api.w.org\/{rel}","templated":true}]}}