{"id":37096,"date":"2026-08-31T11:17:08","date_gmt":"2026-08-31T14:17:08","guid":{"rendered":"https:\/\/revistaregional.com.br\/site\/?p=37096"},"modified":"2026-08-31T11:17:08","modified_gmt":"2026-08-31T14:17:08","slug":"indaiatuba-tera-o-japan-festival-2026","status":"publish","type":"post","link":"https:\/\/revistaregional.com.br\/site\/2026\/08\/31\/indaiatuba-tera-o-japan-festival-2026\/","title":{"rendered":"Indaiatuba ter\u00e1 o \u2018Japan Festival 2026\u2019"},"content":{"rendered":"<p><em>Evento abre comemora\u00e7\u00f5es pelos 80 anos da Associa\u00e7\u00e3o Nipo Brasileira da cidade e ser\u00e1 realizado no Espa\u00e7o Viber<\/em><\/p>\n<figure id=\"attachment_37097\" aria-describedby=\"caption-attachment-37097\" style=\"width: 300px\" class=\"wp-caption aligncenter\"><a href=\"https:\/\/revistaregional.com.br\/site\/wp-content\/uploads\/2026\/08\/regionais-japan.png\"><img fetchpriority=\"high\" decoding=\"async\" class=\"wp-image-37097 size-medium\" src=\"https:\/\/revistaregional.com.br\/site\/wp-content\/uploads\/2026\/08\/regionais-japan-300x170.png\" alt=\"\" width=\"300\" height=\"170\" srcset=\"https:\/\/revistaregional.com.br\/site\/wp-content\/uploads\/2026\/08\/regionais-japan-300x170.png 300w, https:\/\/revistaregional.com.br\/site\/wp-content\/uploads\/2026\/08\/regionais-japan-1024x579.png 1024w, https:\/\/revistaregional.com.br\/site\/wp-content\/uploads\/2026\/08\/regionais-japan.png 1507w\" sizes=\"(max-width: 300px) 100vw, 300px\" \/><\/a><figcaption id=\"caption-attachment-37097\" class=\"wp-caption-text\">Japan Festival<\/figcaption><\/figure>\n<p>Omotenashi (\u304a\u3082\u3066\u306a\u3057) \u00e9 o conceito japon\u00eas de hospitalidade genu\u00edna, que consiste em cuidar bem do outro sem esperar algo em troca. E \u00e9 exatamente com este sentimento, que tem ra\u00edzes na cerim\u00f4nia do ch\u00e1 japonesa, que a Acenbi (Associa\u00e7\u00e3o Cultural Esportiva Nipo Brasileira de Indaiatuba) convida para o Japan Festival Indaiatuba 2026, que acontece entre os dias 09 e 11 de outubro no Espa\u00e7o Viber.<\/p>\n<p>O evento, que abre as comemora\u00e7\u00f5es pelos 80 anos de hist\u00f3ria da Associa\u00e7\u00e3o, que ser\u00e3o celebrados em 2027, re\u00fane uma programa\u00e7\u00e3o especial com exposi\u00e7\u00f5es, culin\u00e1ria oriental, apresenta\u00e7\u00f5es de grupos de Taiko, shows musicais, dan\u00e7as folcl\u00f3ricas, Desfile Cosplay e uma Alameda de Expositores com produtos e novidades relacionados \u00e0 cultura japonesa. A entrada ser\u00e1 solid\u00e1ria e o p\u00fablico poder\u00e1 contribuir com a doa\u00e7\u00e3o de produtos de higiene, que ser\u00e3o destinados ao Fundo Social de Solidariedade (Funssol) de Indaiatuba.<\/p>\n<p>Entre as atra\u00e7\u00f5es j\u00e1 confirmadas, destaque para a cantora de <em>anime songs<\/em> Sayuri Hirata. Filha de m\u00e3e brasileira e pai nikkei, nasceu no Brasil e foi morar no Jap\u00e3o aos cinco meses de idade, retornando ao pa\u00eds somente no in\u00edcio de 2024. Canta m\u00fasicas japonesas e internacionais. Sayuri participou do Yamaha Music Revolution 2007, um dos maiores concursos musicais do Jap\u00e3o, e integrou a ag\u00eancia de entretenimento Tristone, onde adquiriu experi\u00eancia em diferentes palcos e musicais. Em 2017, estreou na Universal Music com o trio Roys, respons\u00e1vel por m\u00fasicas-tema de animes e dramas. Ap\u00f3s o encerramento do grupo, Sayuri iniciou sua carreira solo, realizando apresenta\u00e7\u00f5es no Brasil e mantendo atividades musicais em v\u00eddeos e nas redes sociais.<\/p>\n<figure id=\"attachment_37098\" aria-describedby=\"caption-attachment-37098\" style=\"width: 200px\" class=\"wp-caption aligncenter\"><a href=\"https:\/\/revistaregional.com.br\/site\/wp-content\/uploads\/2026\/08\/Sayuri_Hirata_2.png\"><img decoding=\"async\" class=\"wp-image-37098 size-medium\" src=\"https:\/\/revistaregional.com.br\/site\/wp-content\/uploads\/2026\/08\/Sayuri_Hirata_2-200x300.png\" alt=\"\" width=\"200\" height=\"300\" srcset=\"https:\/\/revistaregional.com.br\/site\/wp-content\/uploads\/2026\/08\/Sayuri_Hirata_2-200x300.png 200w, https:\/\/revistaregional.com.br\/site\/wp-content\/uploads\/2026\/08\/Sayuri_Hirata_2-682x1024.png 682w, https:\/\/revistaregional.com.br\/site\/wp-content\/uploads\/2026\/08\/Sayuri_Hirata_2.png 1023w\" sizes=\"(max-width: 200px) 100vw, 200px\" \/><\/a><figcaption id=\"caption-attachment-37098\" class=\"wp-caption-text\">Sayuri Hirata<\/figcaption><\/figure>\n<p><strong>Programa\u00e7\u00e3o<\/strong><\/p>\n<p>A programa\u00e7\u00e3o tamb\u00e9m contar\u00e1 com a participa\u00e7\u00e3o de diversos grupos de Taiko, tendo como anfitri\u00e3o o Ryuu Taiko, da Acenbi. As apresenta\u00e7\u00f5es musicais e de dan\u00e7as folcl\u00f3ricas promovidas pelos departamentos internos da associa\u00e7\u00e3o tamb\u00e9m estar\u00e3o presentes, incluindo o tradicional Bon Odori. As atra\u00e7\u00f5es refor\u00e7am a trajet\u00f3ria da Associa\u00e7\u00e3o na preserva\u00e7\u00e3o, valoriza\u00e7\u00e3o e difus\u00e3o das tradi\u00e7\u00f5es japonesas, al\u00e9m de proporcionar ao p\u00fablico uma experi\u00eancia de integra\u00e7\u00e3o entre diferentes gera\u00e7\u00f5es.<\/p>\n<p>Outra atra\u00e7\u00e3o muito aguardada \u00e9 o Desfile Cosplay, que a cada edi\u00e7\u00e3o re\u00fane novos apaixonados pela cultura geek, especialmente por animes, mang\u00e1s e jogos japoneses. Os participantes apresentam produ\u00e7\u00f5es elaboradas e s\u00e3o avaliados por um corpo de jurados que considera crit\u00e9rios como a confec\u00e7\u00e3o das roupas, a fidelidade ao personagem e a presen\u00e7a de palco. As inscri\u00e7\u00f5es para o desfile estar\u00e3o dispon\u00edveis pelo site oficial do Japan Festival.<\/p>\n<p>Tamb\u00e9m j\u00e1 est\u00e1 confirmada a Alameda dos Expositores, espa\u00e7o que reunir\u00e1 comerciantes e empreendedores especializados em produtos japoneses, itens relacionados \u00e0 cultura pop e muitas novidades para o p\u00fablico.<\/p>\n<figure id=\"attachment_37099\" aria-describedby=\"caption-attachment-37099\" style=\"width: 300px\" class=\"wp-caption aligncenter\"><a href=\"https:\/\/revistaregional.com.br\/site\/wp-content\/uploads\/2026\/08\/Cosplay.png\"><img decoding=\"async\" class=\"wp-image-37099 size-medium\" src=\"https:\/\/revistaregional.com.br\/site\/wp-content\/uploads\/2026\/08\/Cosplay-300x261.png\" alt=\"\" width=\"300\" height=\"261\" srcset=\"https:\/\/revistaregional.com.br\/site\/wp-content\/uploads\/2026\/08\/Cosplay-300x261.png 300w, https:\/\/revistaregional.com.br\/site\/wp-content\/uploads\/2026\/08\/Cosplay-1024x892.png 1024w, https:\/\/revistaregional.com.br\/site\/wp-content\/uploads\/2026\/08\/Cosplay.png 1308w\" sizes=\"(max-width: 300px) 100vw, 300px\" \/><\/a><figcaption id=\"caption-attachment-37099\" class=\"wp-caption-text\">Cosplay<\/figcaption><\/figure>\n<p><strong>&nbsp;<\/strong><\/p>\n<p><strong>Japan Festival Indaiatuba 2026<\/strong><\/p>\n<p><strong>Datas: <\/strong>09, 10 e 11 de outubro<br \/>\n<strong>Hor\u00e1rios:<br \/>\n<\/strong>Dia 09, das 12h \u00e0s 22h30<br \/>\nDia 10, das 11h \u00e0s 22h30<br \/>\nDia 11, das 11h \u00e0s 20h<br \/>\n<strong>Local<\/strong>: Espa\u00e7o Viber (rua Goi\u00e1s, s\/n\u00ba, Cidade Nova, Indaiatuba)<br \/>\n<strong>Site<\/strong>: www.japanfestivalindaiatuba.com.br<br \/>\n<strong>Instagram: <\/strong>@japanfestivalindaiatuba<\/p>\n<figure id=\"attachment_37100\" aria-describedby=\"caption-attachment-37100\" style=\"width: 300px\" class=\"wp-caption aligncenter\"><a href=\"https:\/\/revistaregional.com.br\/site\/wp-content\/uploads\/2026\/08\/Entrada_Torii-2.png\"><img loading=\"lazy\" decoding=\"async\" class=\"wp-image-37100 size-medium\" src=\"https:\/\/revistaregional.com.br\/site\/wp-content\/uploads\/2026\/08\/Entrada_Torii-2-300x300.png\" alt=\"\" width=\"300\" height=\"300\" srcset=\"https:\/\/revistaregional.com.br\/site\/wp-content\/uploads\/2026\/08\/Entrada_Torii-2-300x300.png 300w, https:\/\/revistaregional.com.br\/site\/wp-content\/uploads\/2026\/08\/Entrada_Torii-2-1024x1024.png 1024w, https:\/\/revistaregional.com.br\/site\/wp-content\/uploads\/2026\/08\/Entrada_Torii-2-270x270.png 270w, https:\/\/revistaregional.com.br\/site\/wp-content\/uploads\/2026\/08\/Entrada_Torii-2.png 1254w\" sizes=\"(max-width: 300px) 100vw, 300px\" \/><\/a><figcaption id=\"caption-attachment-37100\" class=\"wp-caption-text\">Viber<\/figcaption><\/figure>\n<p>&nbsp;<\/p>\n<p><em>fotos: Divulga\u00e7\u00e3o<\/em><\/p>\n","protected":false},"excerpt":{"rendered":"<p>Evento abre comemora\u00e7\u00f5es pelos 80 anos da Associa\u00e7\u00e3o Nipo Brasileira da cidade e ser\u00e1 realizado no Espa\u00e7o Viber Omotenashi (\u304a\u3082\u3066\u306a\u3057) \u00e9 o conceito japon\u00eas de hospitalidade genu\u00edna, que consiste em cuidar bem do outro sem esperar algo em troca. E \u00e9 exatamente com este sentimento, que tem ra\u00edzes na cerim\u00f4nia do ch\u00e1 japonesa, que a [&hellip;]<\/p>\n","protected":false},"author":2,"featured_media":37097,"comment_status":"open","ping_status":"open","sticky":false,"template":"","format":"standard","meta":{"_acf_changed":false,"ngg_post_thumbnail":0,"_joinchat":[],"footnotes":""},"categories":[351,449,482],"tags":[],"class_list":["post-37096","post","type-post","status-publish","format-standard","has-post-thumbnail","hentry","category-cultura-2","category-destaque-lateral","category-slide"],"acf":[],"yoast_head":"<!-- This site is optimized with the Yoast SEO plugin v28.4 - https:\/\/yoast.com\/product\/yoast-seo-wordpress\/ -->\n<title>Indaiatuba ter\u00e1 o \u2018Japan Festival 2026\u2019 - Revista Regional<\/title>\n<meta name=\"robots\" content=\"index, follow, max-snippet:-1, max-image-preview:large, max-video-preview:-1\" \/>\n<link rel=\"canonical\" href=\"https:\/\/revistaregional.com.br\/site\/2026\/08\/31\/indaiatuba-tera-o-japan-festival-2026\/\" \/>\n<meta property=\"og:locale\" content=\"pt_BR\" \/>\n<meta property=\"og:type\" content=\"article\" \/>\n<meta property=\"og:title\" content=\"Indaiatuba ter\u00e1 o \u2018Japan Festival 2026\u2019 - Revista Regional\" \/>\n<meta property=\"og:description\" content=\"Evento abre comemora\u00e7\u00f5es pelos 80 anos da Associa\u00e7\u00e3o Nipo Brasileira da cidade e ser\u00e1 realizado no Espa\u00e7o Viber Omotenashi (\u304a\u3082\u3066\u306a\u3057) \u00e9 o conceito japon\u00eas de hospitalidade genu\u00edna, que consiste em cuidar bem do outro sem esperar algo em troca. E \u00e9 exatamente com este sentimento, que tem ra\u00edzes na cerim\u00f4nia do ch\u00e1 japonesa, que a [&hellip;]\" \/>\n<meta property=\"og:url\" content=\"https:\/\/revistaregional.com.br\/site\/2026\/08\/31\/indaiatuba-tera-o-japan-festival-2026\/\" \/>\n<meta property=\"og:site_name\" content=\"Revista Regional\" \/>\n<meta property=\"article:published_time\" content=\"2026-08-31T14:17:08+00:00\" \/>\n<meta property=\"og:image\" content=\"https:\/\/revistaregional.com.br\/site\/wp-content\/uploads\/2026\/08\/regionais-japan-1024x579.png\" \/>\n\t<meta property=\"og:image:width\" content=\"1024\" \/>\n\t<meta property=\"og:image:height\" content=\"579\" \/>\n\t<meta property=\"og:image:type\" content=\"image\/png\" \/>\n<meta name=\"author\" content=\"Revista Regional\" \/>\n<meta name=\"twitter:card\" content=\"summary_large_image\" \/>\n<meta name=\"twitter:label1\" content=\"Escrito por\" \/>\n\t<meta name=\"twitter:data1\" content=\"Revista Regional\" \/>\n\t<meta name=\"twitter:label2\" content=\"Est. tempo de leitura\" \/>\n\t<meta name=\"twitter:data2\" content=\"4 minutos\" \/>\n<script type=\"application\/ld+json\" class=\"yoast-schema-graph\">{\"@context\":\"https:\\\/\\\/schema.org\",\"@graph\":[{\"@type\":\"Article\",\"@id\":\"https:\\\/\\\/revistaregional.com.br\\\/site\\\/2026\\\/08\\\/31\\\/indaiatuba-tera-o-japan-festival-2026\\\/#article\",\"isPartOf\":{\"@id\":\"https:\\\/\\\/revistaregional.com.br\\\/site\\\/2026\\\/08\\\/31\\\/indaiatuba-tera-o-japan-festival-2026\\\/\"},\"author\":{\"name\":\"Revista Regional\",\"@id\":\"https:\\\/\\\/revistaregional.com.br\\\/site\\\/#\\\/schema\\\/person\\\/36e364a1eecb8d0aa8b2b130df3b9978\"},\"headline\":\"Indaiatuba ter\u00e1 o \u2018Japan Festival 2026\u2019\",\"datePublished\":\"2026-08-31T14:17:08+00:00\",\"mainEntityOfPage\":{\"@id\":\"https:\\\/\\\/revistaregional.com.br\\\/site\\\/2026\\\/08\\\/31\\\/indaiatuba-tera-o-japan-festival-2026\\\/\"},\"wordCount\":592,\"commentCount\":0,\"image\":{\"@id\":\"https:\\\/\\\/revistaregional.com.br\\\/site\\\/2026\\\/08\\\/31\\\/indaiatuba-tera-o-japan-festival-2026\\\/#primaryimage\"},\"thumbnailUrl\":\"https:\\\/\\\/revistaregional.com.br\\\/site\\\/wp-content\\\/uploads\\\/2026\\\/08\\\/regionais-japan.png\",\"articleSection\":[\"Cultura 2\",\"Destaque Lateral\",\"Slide\"],\"inLanguage\":\"pt-BR\",\"potentialAction\":[{\"@type\":\"CommentAction\",\"name\":\"Comment\",\"target\":[\"https:\\\/\\\/revistaregional.com.br\\\/site\\\/2026\\\/08\\\/31\\\/indaiatuba-tera-o-japan-festival-2026\\\/#respond\"]}]},{\"@type\":\"WebPage\",\"@id\":\"https:\\\/\\\/revistaregional.com.br\\\/site\\\/2026\\\/08\\\/31\\\/indaiatuba-tera-o-japan-festival-2026\\\/\",\"url\":\"https:\\\/\\\/revistaregional.com.br\\\/site\\\/2026\\\/08\\\/31\\\/indaiatuba-tera-o-japan-festival-2026\\\/\",\"name\":\"Indaiatuba ter\u00e1 o \u2018Japan Festival 2026\u2019 - Revista Regional\",\"isPartOf\":{\"@id\":\"https:\\\/\\\/revistaregional.com.br\\\/site\\\/#website\"},\"primaryImageOfPage\":{\"@id\":\"https:\\\/\\\/revistaregional.com.br\\\/site\\\/2026\\\/08\\\/31\\\/indaiatuba-tera-o-japan-festival-2026\\\/#primaryimage\"},\"image\":{\"@id\":\"https:\\\/\\\/revistaregional.com.br\\\/site\\\/2026\\\/08\\\/31\\\/indaiatuba-tera-o-japan-festival-2026\\\/#primaryimage\"},\"thumbnailUrl\":\"https:\\\/\\\/revistaregional.com.br\\\/site\\\/wp-content\\\/uploads\\\/2026\\\/08\\\/regionais-japan.png\",\"datePublished\":\"2026-08-31T14:17:08+00:00\",\"author\":{\"@id\":\"https:\\\/\\\/revistaregional.com.br\\\/site\\\/#\\\/schema\\\/person\\\/36e364a1eecb8d0aa8b2b130df3b9978\"},\"breadcrumb\":{\"@id\":\"https:\\\/\\\/revistaregional.com.br\\\/site\\\/2026\\\/08\\\/31\\\/indaiatuba-tera-o-japan-festival-2026\\\/#breadcrumb\"},\"inLanguage\":\"pt-BR\",\"potentialAction\":[{\"@type\":\"ReadAction\",\"target\":[\"https:\\\/\\\/revistaregional.com.br\\\/site\\\/2026\\\/08\\\/31\\\/indaiatuba-tera-o-japan-festival-2026\\\/\"]}]},{\"@type\":\"ImageObject\",\"inLanguage\":\"pt-BR\",\"@id\":\"https:\\\/\\\/revistaregional.com.br\\\/site\\\/2026\\\/08\\\/31\\\/indaiatuba-tera-o-japan-festival-2026\\\/#primaryimage\",\"url\":\"https:\\\/\\\/revistaregional.com.br\\\/site\\\/wp-content\\\/uploads\\\/2026\\\/08\\\/regionais-japan.png\",\"contentUrl\":\"https:\\\/\\\/revistaregional.com.br\\\/site\\\/wp-content\\\/uploads\\\/2026\\\/08\\\/regionais-japan.png\",\"width\":1507,\"height\":852},{\"@type\":\"BreadcrumbList\",\"@id\":\"https:\\\/\\\/revistaregional.com.br\\\/site\\\/2026\\\/08\\\/31\\\/indaiatuba-tera-o-japan-festival-2026\\\/#breadcrumb\",\"itemListElement\":[{\"@type\":\"ListItem\",\"position\":1,\"name\":\"In\u00edcio\",\"item\":\"https:\\\/\\\/revistaregional.com.br\\\/site\\\/\"},{\"@type\":\"ListItem\",\"position\":2,\"name\":\"Indaiatuba ter\u00e1 o \u2018Japan Festival 2026\u2019\"}]},{\"@type\":\"WebSite\",\"@id\":\"https:\\\/\\\/revistaregional.com.br\\\/site\\\/#website\",\"url\":\"https:\\\/\\\/revistaregional.com.br\\\/site\\\/\",\"name\":\"Revista Regional\",\"description\":\"Salto - Itu - Indaituba\",\"potentialAction\":[{\"@type\":\"SearchAction\",\"target\":{\"@type\":\"EntryPoint\",\"urlTemplate\":\"https:\\\/\\\/revistaregional.com.br\\\/site\\\/?s={search_term_string}\"},\"query-input\":{\"@type\":\"PropertyValueSpecification\",\"valueRequired\":true,\"valueName\":\"search_term_string\"}}],\"inLanguage\":\"pt-BR\"},{\"@type\":\"Person\",\"@id\":\"https:\\\/\\\/revistaregional.com.br\\\/site\\\/#\\\/schema\\\/person\\\/36e364a1eecb8d0aa8b2b130df3b9978\",\"name\":\"Revista Regional\",\"image\":{\"@type\":\"ImageObject\",\"inLanguage\":\"pt-BR\",\"@id\":\"https:\\\/\\\/secure.gravatar.com\\\/avatar\\\/b66ebee092f43558ad764994726fd73529b28b6b57f917079eef3e7c5dbd34ad?s=96&d=mm&r=g\",\"url\":\"https:\\\/\\\/secure.gravatar.com\\\/avatar\\\/b66ebee092f43558ad764994726fd73529b28b6b57f917079eef3e7c5dbd34ad?s=96&d=mm&r=g\",\"contentUrl\":\"https:\\\/\\\/secure.gravatar.com\\\/avatar\\\/b66ebee092f43558ad764994726fd73529b28b6b57f917079eef3e7c5dbd34ad?s=96&d=mm&r=g\",\"caption\":\"Revista Regional\"},\"url\":\"https:\\\/\\\/revistaregional.com.br\\\/site\\\/author\\\/revista-regionaluol-com-br\\\/\"}]}<\/script>\n<!-- \/ Yoast SEO plugin. -->","yoast_head_json":{"title":"Indaiatuba ter\u00e1 o \u2018Japan Festival 2026\u2019 - Revista Regional","robots":{"index":"index","follow":"follow","max-snippet":"max-snippet:-1","max-image-preview":"max-image-preview:large","max-video-preview":"max-video-preview:-1"},"canonical":"https:\/\/revistaregional.com.br\/site\/2026\/08\/31\/indaiatuba-tera-o-japan-festival-2026\/","og_locale":"pt_BR","og_type":"article","og_title":"Indaiatuba ter\u00e1 o \u2018Japan Festival 2026\u2019 - Revista Regional","og_description":"Evento abre comemora\u00e7\u00f5es pelos 80 anos da Associa\u00e7\u00e3o Nipo Brasileira da cidade e ser\u00e1 realizado no Espa\u00e7o Viber Omotenashi (\u304a\u3082\u3066\u306a\u3057) \u00e9 o conceito japon\u00eas de hospitalidade genu\u00edna, que consiste em cuidar bem do outro sem esperar algo em troca. E \u00e9 exatamente com este sentimento, que tem ra\u00edzes na cerim\u00f4nia do ch\u00e1 japonesa, que a [&hellip;]","og_url":"https:\/\/revistaregional.com.br\/site\/2026\/08\/31\/indaiatuba-tera-o-japan-festival-2026\/","og_site_name":"Revista Regional","article_published_time":"2026-08-31T14:17:08+00:00","og_image":[{"width":1024,"height":579,"url":"https:\/\/revistaregional.com.br\/site\/wp-content\/uploads\/2026\/08\/regionais-japan-1024x579.png","type":"image\/png"}],"author":"Revista Regional","twitter_card":"summary_large_image","twitter_misc":{"Escrito por":"Revista Regional","Est. tempo de leitura":"4 minutos"},"schema":{"@context":"https:\/\/schema.org","@graph":[{"@type":"Article","@id":"https:\/\/revistaregional.com.br\/site\/2026\/08\/31\/indaiatuba-tera-o-japan-festival-2026\/#article","isPartOf":{"@id":"https:\/\/revistaregional.com.br\/site\/2026\/08\/31\/indaiatuba-tera-o-japan-festival-2026\/"},"author":{"name":"Revista Regional","@id":"https:\/\/revistaregional.com.br\/site\/#\/schema\/person\/36e364a1eecb8d0aa8b2b130df3b9978"},"headline":"Indaiatuba ter\u00e1 o \u2018Japan Festival 2026\u2019","datePublished":"2026-08-31T14:17:08+00:00","mainEntityOfPage":{"@id":"https:\/\/revistaregional.com.br\/site\/2026\/08\/31\/indaiatuba-tera-o-japan-festival-2026\/"},"wordCount":592,"commentCount":0,"image":{"@id":"https:\/\/revistaregional.com.br\/site\/2026\/08\/31\/indaiatuba-tera-o-japan-festival-2026\/#primaryimage"},"thumbnailUrl":"https:\/\/revistaregional.com.br\/site\/wp-content\/uploads\/2026\/08\/regionais-japan.png","articleSection":["Cultura 2","Destaque Lateral","Slide"],"inLanguage":"pt-BR","potentialAction":[{"@type":"CommentAction","name":"Comment","target":["https:\/\/revistaregional.com.br\/site\/2026\/08\/31\/indaiatuba-tera-o-japan-festival-2026\/#respond"]}]},{"@type":"WebPage","@id":"https:\/\/revistaregional.com.br\/site\/2026\/08\/31\/indaiatuba-tera-o-japan-festival-2026\/","url":"https:\/\/revistaregional.com.br\/site\/2026\/08\/31\/indaiatuba-tera-o-japan-festival-2026\/","name":"Indaiatuba ter\u00e1 o \u2018Japan Festival 2026\u2019 - Revista Regional","isPartOf":{"@id":"https:\/\/revistaregional.com.br\/site\/#website"},"primaryImageOfPage":{"@id":"https:\/\/revistaregional.com.br\/site\/2026\/08\/31\/indaiatuba-tera-o-japan-festival-2026\/#primaryimage"},"image":{"@id":"https:\/\/revistaregional.com.br\/site\/2026\/08\/31\/indaiatuba-tera-o-japan-festival-2026\/#primaryimage"},"thumbnailUrl":"https:\/\/revistaregional.com.br\/site\/wp-content\/uploads\/2026\/08\/regionais-japan.png","datePublished":"2026-08-31T14:17:08+00:00","author":{"@id":"https:\/\/revistaregional.com.br\/site\/#\/schema\/person\/36e364a1eecb8d0aa8b2b130df3b9978"},"breadcrumb":{"@id":"https:\/\/revistaregional.com.br\/site\/2026\/08\/31\/indaiatuba-tera-o-japan-festival-2026\/#breadcrumb"},"inLanguage":"pt-BR","potentialAction":[{"@type":"ReadAction","target":["https:\/\/revistaregional.com.br\/site\/2026\/08\/31\/indaiatuba-tera-o-japan-festival-2026\/"]}]},{"@type":"ImageObject","inLanguage":"pt-BR","@id":"https:\/\/revistaregional.com.br\/site\/2026\/08\/31\/indaiatuba-tera-o-japan-festival-2026\/#primaryimage","url":"https:\/\/revistaregional.com.br\/site\/wp-content\/uploads\/2026\/08\/regionais-japan.png","contentUrl":"https:\/\/revistaregional.com.br\/site\/wp-content\/uploads\/2026\/08\/regionais-japan.png","width":1507,"height":852},{"@type":"BreadcrumbList","@id":"https:\/\/revistaregional.com.br\/site\/2026\/08\/31\/indaiatuba-tera-o-japan-festival-2026\/#breadcrumb","itemListElement":[{"@type":"ListItem","position":1,"name":"In\u00edcio","item":"https:\/\/revistaregional.com.br\/site\/"},{"@type":"ListItem","position":2,"name":"Indaiatuba ter\u00e1 o \u2018Japan Festival 2026\u2019"}]},{"@type":"WebSite","@id":"https:\/\/revistaregional.com.br\/site\/#website","url":"https:\/\/revistaregional.com.br\/site\/","name":"Revista Regional","description":"Salto - Itu - Indaituba","potentialAction":[{"@type":"SearchAction","target":{"@type":"EntryPoint","urlTemplate":"https:\/\/revistaregional.com.br\/site\/?s={search_term_string}"},"query-input":{"@type":"PropertyValueSpecification","valueRequired":true,"valueName":"search_term_string"}}],"inLanguage":"pt-BR"},{"@type":"Person","@id":"https:\/\/revistaregional.com.br\/site\/#\/schema\/person\/36e364a1eecb8d0aa8b2b130df3b9978","name":"Revista Regional","image":{"@type":"ImageObject","inLanguage":"pt-BR","@id":"https:\/\/secure.gravatar.com\/avatar\/b66ebee092f43558ad764994726fd73529b28b6b57f917079eef3e7c5dbd34ad?s=96&d=mm&r=g","url":"https:\/\/secure.gravatar.com\/avatar\/b66ebee092f43558ad764994726fd73529b28b6b57f917079eef3e7c5dbd34ad?s=96&d=mm&r=g","contentUrl":"https:\/\/secure.gravatar.com\/avatar\/b66ebee092f43558ad764994726fd73529b28b6b57f917079eef3e7c5dbd34ad?s=96&d=mm&r=g","caption":"Revista Regional"},"url":"https:\/\/revistaregional.com.br\/site\/author\/revista-regionaluol-com-br\/"}]}},"views":50,"_links":{"self":[{"href":"https:\/\/revistaregional.com.br\/site\/wp-json\/wp\/v2\/posts\/37096","targetHints":{"allow":["GET"]}}],"collection":[{"href":"https:\/\/revistaregional.com.br\/site\/wp-json\/wp\/v2\/posts"}],"about":[{"href":"https:\/\/revistaregional.com.br\/site\/wp-json\/wp\/v2\/types\/post"}],"author":[{"embeddable":true,"href":"https:\/\/revistaregional.com.br\/site\/wp-json\/wp\/v2\/users\/2"}],"replies":[{"embeddable":true,"href":"https:\/\/revistaregional.com.br\/site\/wp-json\/wp\/v2\/comments?post=37096"}],"version-history":[{"count":1,"href":"https:\/\/revistaregional.com.br\/site\/wp-json\/wp\/v2\/posts\/37096\/revisions"}],"predecessor-version":[{"id":37101,"href":"https:\/\/revistaregional.com.br\/site\/wp-json\/wp\/v2\/posts\/37096\/revisions\/37101"}],"wp:featuredmedia":[{"embeddable":true,"href":"https:\/\/revistaregional.com.br\/site\/wp-json\/wp\/v2\/media\/37097"}],"wp:attachment":[{"href":"https:\/\/revistaregional.com.br\/site\/wp-json\/wp\/v2\/media?parent=37096"}],"wp:term":[{"taxonomy":"category","embeddable":true,"href":"https:\/\/revistaregional.com.br\/site\/wp-json\/wp\/v2\/categories?post=37096"},{"taxonomy":"post_tag","embeddable":true,"href":"https:\/\/revistaregional.com.br\/site\/wp-json\/wp\/v2\/tags?post=37096"}],"curies":[{"name":"wp","href":"https:\/\/api.w.org\/{rel}","templated":true}]}}