{"id":36637,"date":"2026-04-30T14:19:32","date_gmt":"2026-04-30T17:19:32","guid":{"rendered":"https:\/\/revistaregional.com.br\/site\/?p=36637"},"modified":"2026-04-30T14:19:32","modified_gmt":"2026-04-30T17:19:32","slug":"museu-asas-no-fama-recebe-tres-aeronaves-historicas","status":"publish","type":"post","link":"https:\/\/revistaregional.com.br\/site\/2026\/04\/30\/museu-asas-no-fama-recebe-tres-aeronaves-historicas\/","title":{"rendered":"Museu \u2018Asas\u2019, no Fama, recebe tr\u00eas aeronaves hist\u00f3ricas"},"content":{"rendered":"<p><em>Opera\u00e7\u00e3o log\u00edstica mobiliza transporte e estrutura in\u00e9dita para instala\u00e7\u00e3o de novos avi\u00f5es na F\u00e1brica S\u00e3o Pedro, sede do Museu Fama<\/em><\/p>\n<figure id=\"attachment_36638\" aria-describedby=\"caption-attachment-36638\" style=\"width: 300px\" class=\"wp-caption aligncenter\"><a href=\"https:\/\/revistaregional.com.br\/site\/wp-content\/uploads\/2026\/04\/fama-HAWKER-SIDDELEY-HS-12512062011_0328.jpg\"><img fetchpriority=\"high\" decoding=\"async\" class=\"size-medium wp-image-36638\" src=\"https:\/\/revistaregional.com.br\/site\/wp-content\/uploads\/2026\/04\/fama-HAWKER-SIDDELEY-HS-12512062011_0328-300x200.jpg\" alt=\"\" width=\"300\" height=\"200\" srcset=\"https:\/\/revistaregional.com.br\/site\/wp-content\/uploads\/2026\/04\/fama-HAWKER-SIDDELEY-HS-12512062011_0328-300x200.jpg 300w, https:\/\/revistaregional.com.br\/site\/wp-content\/uploads\/2026\/04\/fama-HAWKER-SIDDELEY-HS-12512062011_0328-1024x682.jpg 1024w, https:\/\/revistaregional.com.br\/site\/wp-content\/uploads\/2026\/04\/fama-HAWKER-SIDDELEY-HS-12512062011_0328-1536x1024.jpg 1536w, https:\/\/revistaregional.com.br\/site\/wp-content\/uploads\/2026\/04\/fama-HAWKER-SIDDELEY-HS-12512062011_0328.jpg 2000w\" sizes=\"(max-width: 300px) 100vw, 300px\" \/><\/a><figcaption id=\"caption-attachment-36638\" class=\"wp-caption-text\">Modelo brit\u00e2nico Hawker Siddeley HS-125 (VU-93)<\/figcaption><\/figure>\n<p>O Museu Asas de um Sonho, que possui parte de suas instala\u00e7\u00f5es na F\u00e1brica S\u00e3o Pedro, sede do Museu Fama, anuncia a amplia\u00e7\u00e3o de seu acervo aeron\u00e1utico com a chegada de tr\u00eas novas aeronaves hist\u00f3ricas que passar\u00e3o a integrar a visita\u00e7\u00e3o p\u00fablica em Itu a partir de maio.<\/p>\n<p>A opera\u00e7\u00e3o log\u00edstica ter\u00e1 in\u00edcio em S\u00e3o Carlos (SP), de onde partir\u00e3o as aeronaves desmontadas, e ser\u00e1 realizada em duas etapas. Na primeira, ser\u00e3o transportadas as aeronaves Xavante e Paulistinha, com posterior in\u00edcio do processo de montagem no novo espa\u00e7o expositivo.<\/p>\n<p>Na sequ\u00eancia, a equipe retorna a S\u00e3o Carlos para a desmontagem e o transporte da aeronave Hawker Siddeley HS-125, concluindo o ciclo log\u00edstico. Ao todo, a opera\u00e7\u00e3o deve se estender por cerca de 17 dias, considerando todas as etapas de transporte e instala\u00e7\u00e3o.<\/p>\n<p><strong>Novo espa\u00e7o e requalifica\u00e7\u00e3o de acesso<\/strong><\/p>\n<p>As aeronaves passar\u00e3o a compor um novo ambiente expositivo em implanta\u00e7\u00e3o na F\u00e1brica S\u00e3o Pedro, que ser\u00e1 denominado Hangar Comandante Jo\u00e3o Francisco Amaro, ampliando a experi\u00eancia cultural do p\u00fablico e integrando o circuito de visita\u00e7\u00e3o do complexo. O projeto inclui tamb\u00e9m a cria\u00e7\u00e3o de um novo acesso, facilitando a circula\u00e7\u00e3o de visitantes e conectando o espa\u00e7o \u00e0 rua Gaciliano Geribello.<\/p>\n<p>A iniciativa, segundo a dire\u00e7\u00e3o do museu, refor\u00e7a o papel do complexo como um dos principais polos culturais e tur\u00edsticos da regi\u00e3o, ao unir patrim\u00f4nio hist\u00f3rico, arte e tecnologia em um mesmo espa\u00e7o.<\/p>\n<figure id=\"attachment_36639\" aria-describedby=\"caption-attachment-36639\" style=\"width: 300px\" class=\"wp-caption aligncenter\"><a href=\"https:\/\/revistaregional.com.br\/site\/wp-content\/uploads\/2026\/04\/fama-XAVANTE2.jpg\"><img decoding=\"async\" class=\"size-medium wp-image-36639\" src=\"https:\/\/revistaregional.com.br\/site\/wp-content\/uploads\/2026\/04\/fama-XAVANTE2-300x200.jpg\" alt=\"\" width=\"300\" height=\"200\" srcset=\"https:\/\/revistaregional.com.br\/site\/wp-content\/uploads\/2026\/04\/fama-XAVANTE2-300x200.jpg 300w, https:\/\/revistaregional.com.br\/site\/wp-content\/uploads\/2026\/04\/fama-XAVANTE2-1024x682.jpg 1024w, https:\/\/revistaregional.com.br\/site\/wp-content\/uploads\/2026\/04\/fama-XAVANTE2-1536x1024.jpg 1536w, https:\/\/revistaregional.com.br\/site\/wp-content\/uploads\/2026\/04\/fama-XAVANTE2.jpg 2000w\" sizes=\"(max-width: 300px) 100vw, 300px\" \/><\/a><figcaption id=\"caption-attachment-36639\" class=\"wp-caption-text\">Brasileiro Xavante<\/figcaption><\/figure>\n<p><strong>Aeronaves que passam a integrar o acervo<\/strong><\/p>\n<p>A amplia\u00e7\u00e3o contempla tr\u00eas modelos com relev\u00e2ncia hist\u00f3rica para a avia\u00e7\u00e3o brasileira, cada um representando diferentes momentos e fun\u00e7\u00f5es da evolu\u00e7\u00e3o aeron\u00e1utica.<\/p>\n<p><strong>Hawker Siddeley HS-125 (VU-93): <\/strong>A aeronave de fabrica\u00e7\u00e3o brit\u00e2nica foi utilizada para transporte executivo de oficiais e autoridades, al\u00e9m de desempenhar fun\u00e7\u00f5es t\u00e9cnicas na aferi\u00e7\u00e3o de instrumentos de navega\u00e7\u00e3o a\u00e9rea, fundamentais para a seguran\u00e7a de pousos e aproxima\u00e7\u00f5es. O exemplar incorporado ao acervo apresenta pintura que homenageia o esquadr\u00e3o respons\u00e1vel por essas opera\u00e7\u00f5es especializadas.<\/p>\n<p><strong>Xavante BEM-326: <\/strong>\u00cdcone da avia\u00e7\u00e3o militar brasileira, o Xavante \u00e9 um avi\u00e3o de treinamento avan\u00e7ado fabricado no pa\u00eds pela Embraer, sendo amplamente utilizado na forma\u00e7\u00e3o de pilotos militares. O modelo, embora n\u00e3o esteja em condi\u00e7\u00f5es de voo, possui grande valor hist\u00f3rico e educativo.<\/p>\n<p><strong>Paulistinha CAP-4: <\/strong>Um dos avi\u00f5es mais emblem\u00e1ticos da forma\u00e7\u00e3o de pilotos no Brasil, o Paulistinha CAP-4 foi fabricado em Utinga (Santo Andr\u00e9\/SP) pela Companhia Aeron\u00e1utica Paulista. O exemplar que ser\u00e1 exposto, fabricado em 1945, foi doado pelo comandante Paulo S\u00e9rgio de Moraes. Diferentemente das demais aeronaves, este modelo encontra-se em condi\u00e7\u00f5es de voo, preservando caracter\u00edsticas originais.<\/p>\n<p>&nbsp;<\/p>\n<p>&nbsp;<\/p>\n<p><em>fotos: Divulga\u00e7\u00e3o<\/em><\/p>\n<p>&nbsp;<\/p>\n","protected":false},"excerpt":{"rendered":"<p>Opera\u00e7\u00e3o log\u00edstica mobiliza transporte e estrutura in\u00e9dita para instala\u00e7\u00e3o de novos avi\u00f5es na F\u00e1brica S\u00e3o Pedro, sede do Museu Fama O Museu Asas de um Sonho, que possui parte de suas instala\u00e7\u00f5es na F\u00e1brica S\u00e3o Pedro, sede do Museu Fama, anuncia a amplia\u00e7\u00e3o de seu acervo aeron\u00e1utico com a chegada de tr\u00eas novas aeronaves hist\u00f3ricas [&hellip;]<\/p>\n","protected":false},"author":2,"featured_media":36639,"comment_status":"open","ping_status":"open","sticky":false,"template":"","format":"standard","meta":{"_acf_changed":false,"ngg_post_thumbnail":0,"_joinchat":[],"footnotes":""},"categories":[351,449,482],"tags":[],"class_list":["post-36637","post","type-post","status-publish","format-standard","has-post-thumbnail","hentry","category-cultura-2","category-destaque-lateral","category-slide"],"acf":[],"yoast_head":"<!-- This site is optimized with the Yoast SEO plugin v27.5 - https:\/\/yoast.com\/product\/yoast-seo-wordpress\/ -->\n<title>Museu \u2018Asas\u2019, no Fama, recebe tr\u00eas aeronaves hist\u00f3ricas - Revista Regional<\/title>\n<meta name=\"robots\" content=\"index, follow, max-snippet:-1, max-image-preview:large, max-video-preview:-1\" \/>\n<link rel=\"canonical\" href=\"https:\/\/revistaregional.com.br\/site\/2026\/04\/30\/museu-asas-no-fama-recebe-tres-aeronaves-historicas\/\" \/>\n<meta property=\"og:locale\" content=\"pt_BR\" \/>\n<meta property=\"og:type\" content=\"article\" \/>\n<meta property=\"og:title\" content=\"Museu \u2018Asas\u2019, no Fama, recebe tr\u00eas aeronaves hist\u00f3ricas - Revista Regional\" \/>\n<meta property=\"og:description\" content=\"Opera\u00e7\u00e3o log\u00edstica mobiliza transporte e estrutura in\u00e9dita para instala\u00e7\u00e3o de novos avi\u00f5es na F\u00e1brica S\u00e3o Pedro, sede do Museu Fama O Museu Asas de um Sonho, que possui parte de suas instala\u00e7\u00f5es na F\u00e1brica S\u00e3o Pedro, sede do Museu Fama, anuncia a amplia\u00e7\u00e3o de seu acervo aeron\u00e1utico com a chegada de tr\u00eas novas aeronaves hist\u00f3ricas [&hellip;]\" \/>\n<meta property=\"og:url\" content=\"https:\/\/revistaregional.com.br\/site\/2026\/04\/30\/museu-asas-no-fama-recebe-tres-aeronaves-historicas\/\" \/>\n<meta property=\"og:site_name\" content=\"Revista Regional\" \/>\n<meta property=\"article:published_time\" content=\"2026-04-30T17:19:32+00:00\" \/>\n<meta property=\"og:image\" content=\"https:\/\/revistaregional.com.br\/site\/wp-content\/uploads\/2026\/04\/fama-XAVANTE2.jpg\" \/>\n\t<meta property=\"og:image:width\" content=\"2000\" \/>\n\t<meta property=\"og:image:height\" content=\"1333\" \/>\n\t<meta property=\"og:image:type\" content=\"image\/jpeg\" \/>\n<meta name=\"author\" content=\"Revista Regional\" \/>\n<meta name=\"twitter:card\" content=\"summary_large_image\" \/>\n<meta name=\"twitter:label1\" content=\"Escrito por\" \/>\n\t<meta name=\"twitter:data1\" content=\"Revista Regional\" \/>\n\t<meta name=\"twitter:label2\" content=\"Est. tempo de leitura\" \/>\n\t<meta name=\"twitter:data2\" content=\"4 minutos\" \/>\n<script type=\"application\/ld+json\" class=\"yoast-schema-graph\">{\"@context\":\"https:\\\/\\\/schema.org\",\"@graph\":[{\"@type\":\"Article\",\"@id\":\"https:\\\/\\\/revistaregional.com.br\\\/site\\\/2026\\\/04\\\/30\\\/museu-asas-no-fama-recebe-tres-aeronaves-historicas\\\/#article\",\"isPartOf\":{\"@id\":\"https:\\\/\\\/revistaregional.com.br\\\/site\\\/2026\\\/04\\\/30\\\/museu-asas-no-fama-recebe-tres-aeronaves-historicas\\\/\"},\"author\":{\"name\":\"Revista Regional\",\"@id\":\"https:\\\/\\\/revistaregional.com.br\\\/site\\\/#\\\/schema\\\/person\\\/36e364a1eecb8d0aa8b2b130df3b9978\"},\"headline\":\"Museu \u2018Asas\u2019, no Fama, recebe tr\u00eas aeronaves hist\u00f3ricas\",\"datePublished\":\"2026-04-30T17:19:32+00:00\",\"mainEntityOfPage\":{\"@id\":\"https:\\\/\\\/revistaregional.com.br\\\/site\\\/2026\\\/04\\\/30\\\/museu-asas-no-fama-recebe-tres-aeronaves-historicas\\\/\"},\"wordCount\":556,\"commentCount\":0,\"image\":{\"@id\":\"https:\\\/\\\/revistaregional.com.br\\\/site\\\/2026\\\/04\\\/30\\\/museu-asas-no-fama-recebe-tres-aeronaves-historicas\\\/#primaryimage\"},\"thumbnailUrl\":\"https:\\\/\\\/revistaregional.com.br\\\/site\\\/wp-content\\\/uploads\\\/2026\\\/04\\\/fama-XAVANTE2.jpg\",\"articleSection\":[\"Cultura 2\",\"Destaque Lateral\",\"Slide\"],\"inLanguage\":\"pt-BR\",\"potentialAction\":[{\"@type\":\"CommentAction\",\"name\":\"Comment\",\"target\":[\"https:\\\/\\\/revistaregional.com.br\\\/site\\\/2026\\\/04\\\/30\\\/museu-asas-no-fama-recebe-tres-aeronaves-historicas\\\/#respond\"]}]},{\"@type\":\"WebPage\",\"@id\":\"https:\\\/\\\/revistaregional.com.br\\\/site\\\/2026\\\/04\\\/30\\\/museu-asas-no-fama-recebe-tres-aeronaves-historicas\\\/\",\"url\":\"https:\\\/\\\/revistaregional.com.br\\\/site\\\/2026\\\/04\\\/30\\\/museu-asas-no-fama-recebe-tres-aeronaves-historicas\\\/\",\"name\":\"Museu \u2018Asas\u2019, no Fama, recebe tr\u00eas aeronaves hist\u00f3ricas - Revista Regional\",\"isPartOf\":{\"@id\":\"https:\\\/\\\/revistaregional.com.br\\\/site\\\/#website\"},\"primaryImageOfPage\":{\"@id\":\"https:\\\/\\\/revistaregional.com.br\\\/site\\\/2026\\\/04\\\/30\\\/museu-asas-no-fama-recebe-tres-aeronaves-historicas\\\/#primaryimage\"},\"image\":{\"@id\":\"https:\\\/\\\/revistaregional.com.br\\\/site\\\/2026\\\/04\\\/30\\\/museu-asas-no-fama-recebe-tres-aeronaves-historicas\\\/#primaryimage\"},\"thumbnailUrl\":\"https:\\\/\\\/revistaregional.com.br\\\/site\\\/wp-content\\\/uploads\\\/2026\\\/04\\\/fama-XAVANTE2.jpg\",\"datePublished\":\"2026-04-30T17:19:32+00:00\",\"author\":{\"@id\":\"https:\\\/\\\/revistaregional.com.br\\\/site\\\/#\\\/schema\\\/person\\\/36e364a1eecb8d0aa8b2b130df3b9978\"},\"breadcrumb\":{\"@id\":\"https:\\\/\\\/revistaregional.com.br\\\/site\\\/2026\\\/04\\\/30\\\/museu-asas-no-fama-recebe-tres-aeronaves-historicas\\\/#breadcrumb\"},\"inLanguage\":\"pt-BR\",\"potentialAction\":[{\"@type\":\"ReadAction\",\"target\":[\"https:\\\/\\\/revistaregional.com.br\\\/site\\\/2026\\\/04\\\/30\\\/museu-asas-no-fama-recebe-tres-aeronaves-historicas\\\/\"]}]},{\"@type\":\"ImageObject\",\"inLanguage\":\"pt-BR\",\"@id\":\"https:\\\/\\\/revistaregional.com.br\\\/site\\\/2026\\\/04\\\/30\\\/museu-asas-no-fama-recebe-tres-aeronaves-historicas\\\/#primaryimage\",\"url\":\"https:\\\/\\\/revistaregional.com.br\\\/site\\\/wp-content\\\/uploads\\\/2026\\\/04\\\/fama-XAVANTE2.jpg\",\"contentUrl\":\"https:\\\/\\\/revistaregional.com.br\\\/site\\\/wp-content\\\/uploads\\\/2026\\\/04\\\/fama-XAVANTE2.jpg\",\"width\":2000,\"height\":1333,\"caption\":\"Brasileiro Xavante\"},{\"@type\":\"BreadcrumbList\",\"@id\":\"https:\\\/\\\/revistaregional.com.br\\\/site\\\/2026\\\/04\\\/30\\\/museu-asas-no-fama-recebe-tres-aeronaves-historicas\\\/#breadcrumb\",\"itemListElement\":[{\"@type\":\"ListItem\",\"position\":1,\"name\":\"In\u00edcio\",\"item\":\"https:\\\/\\\/revistaregional.com.br\\\/site\\\/\"},{\"@type\":\"ListItem\",\"position\":2,\"name\":\"Museu \u2018Asas\u2019, no Fama, recebe tr\u00eas aeronaves hist\u00f3ricas\"}]},{\"@type\":\"WebSite\",\"@id\":\"https:\\\/\\\/revistaregional.com.br\\\/site\\\/#website\",\"url\":\"https:\\\/\\\/revistaregional.com.br\\\/site\\\/\",\"name\":\"Revista Regional\",\"description\":\"Salto - Itu - Indaituba\",\"potentialAction\":[{\"@type\":\"SearchAction\",\"target\":{\"@type\":\"EntryPoint\",\"urlTemplate\":\"https:\\\/\\\/revistaregional.com.br\\\/site\\\/?s={search_term_string}\"},\"query-input\":{\"@type\":\"PropertyValueSpecification\",\"valueRequired\":true,\"valueName\":\"search_term_string\"}}],\"inLanguage\":\"pt-BR\"},{\"@type\":\"Person\",\"@id\":\"https:\\\/\\\/revistaregional.com.br\\\/site\\\/#\\\/schema\\\/person\\\/36e364a1eecb8d0aa8b2b130df3b9978\",\"name\":\"Revista Regional\",\"image\":{\"@type\":\"ImageObject\",\"inLanguage\":\"pt-BR\",\"@id\":\"https:\\\/\\\/secure.gravatar.com\\\/avatar\\\/b66ebee092f43558ad764994726fd73529b28b6b57f917079eef3e7c5dbd34ad?s=96&d=mm&r=g\",\"url\":\"https:\\\/\\\/secure.gravatar.com\\\/avatar\\\/b66ebee092f43558ad764994726fd73529b28b6b57f917079eef3e7c5dbd34ad?s=96&d=mm&r=g\",\"contentUrl\":\"https:\\\/\\\/secure.gravatar.com\\\/avatar\\\/b66ebee092f43558ad764994726fd73529b28b6b57f917079eef3e7c5dbd34ad?s=96&d=mm&r=g\",\"caption\":\"Revista Regional\"},\"url\":\"https:\\\/\\\/revistaregional.com.br\\\/site\\\/author\\\/revista-regionaluol-com-br\\\/\"}]}<\/script>\n<!-- \/ Yoast SEO plugin. -->","yoast_head_json":{"title":"Museu \u2018Asas\u2019, no Fama, recebe tr\u00eas aeronaves hist\u00f3ricas - Revista Regional","robots":{"index":"index","follow":"follow","max-snippet":"max-snippet:-1","max-image-preview":"max-image-preview:large","max-video-preview":"max-video-preview:-1"},"canonical":"https:\/\/revistaregional.com.br\/site\/2026\/04\/30\/museu-asas-no-fama-recebe-tres-aeronaves-historicas\/","og_locale":"pt_BR","og_type":"article","og_title":"Museu \u2018Asas\u2019, no Fama, recebe tr\u00eas aeronaves hist\u00f3ricas - Revista Regional","og_description":"Opera\u00e7\u00e3o log\u00edstica mobiliza transporte e estrutura in\u00e9dita para instala\u00e7\u00e3o de novos avi\u00f5es na F\u00e1brica S\u00e3o Pedro, sede do Museu Fama O Museu Asas de um Sonho, que possui parte de suas instala\u00e7\u00f5es na F\u00e1brica S\u00e3o Pedro, sede do Museu Fama, anuncia a amplia\u00e7\u00e3o de seu acervo aeron\u00e1utico com a chegada de tr\u00eas novas aeronaves hist\u00f3ricas [&hellip;]","og_url":"https:\/\/revistaregional.com.br\/site\/2026\/04\/30\/museu-asas-no-fama-recebe-tres-aeronaves-historicas\/","og_site_name":"Revista Regional","article_published_time":"2026-04-30T17:19:32+00:00","og_image":[{"width":2000,"height":1333,"url":"https:\/\/revistaregional.com.br\/site\/wp-content\/uploads\/2026\/04\/fama-XAVANTE2.jpg","type":"image\/jpeg"}],"author":"Revista Regional","twitter_card":"summary_large_image","twitter_misc":{"Escrito por":"Revista Regional","Est. tempo de leitura":"4 minutos"},"schema":{"@context":"https:\/\/schema.org","@graph":[{"@type":"Article","@id":"https:\/\/revistaregional.com.br\/site\/2026\/04\/30\/museu-asas-no-fama-recebe-tres-aeronaves-historicas\/#article","isPartOf":{"@id":"https:\/\/revistaregional.com.br\/site\/2026\/04\/30\/museu-asas-no-fama-recebe-tres-aeronaves-historicas\/"},"author":{"name":"Revista Regional","@id":"https:\/\/revistaregional.com.br\/site\/#\/schema\/person\/36e364a1eecb8d0aa8b2b130df3b9978"},"headline":"Museu \u2018Asas\u2019, no Fama, recebe tr\u00eas aeronaves hist\u00f3ricas","datePublished":"2026-04-30T17:19:32+00:00","mainEntityOfPage":{"@id":"https:\/\/revistaregional.com.br\/site\/2026\/04\/30\/museu-asas-no-fama-recebe-tres-aeronaves-historicas\/"},"wordCount":556,"commentCount":0,"image":{"@id":"https:\/\/revistaregional.com.br\/site\/2026\/04\/30\/museu-asas-no-fama-recebe-tres-aeronaves-historicas\/#primaryimage"},"thumbnailUrl":"https:\/\/revistaregional.com.br\/site\/wp-content\/uploads\/2026\/04\/fama-XAVANTE2.jpg","articleSection":["Cultura 2","Destaque Lateral","Slide"],"inLanguage":"pt-BR","potentialAction":[{"@type":"CommentAction","name":"Comment","target":["https:\/\/revistaregional.com.br\/site\/2026\/04\/30\/museu-asas-no-fama-recebe-tres-aeronaves-historicas\/#respond"]}]},{"@type":"WebPage","@id":"https:\/\/revistaregional.com.br\/site\/2026\/04\/30\/museu-asas-no-fama-recebe-tres-aeronaves-historicas\/","url":"https:\/\/revistaregional.com.br\/site\/2026\/04\/30\/museu-asas-no-fama-recebe-tres-aeronaves-historicas\/","name":"Museu \u2018Asas\u2019, no Fama, recebe tr\u00eas aeronaves hist\u00f3ricas - Revista Regional","isPartOf":{"@id":"https:\/\/revistaregional.com.br\/site\/#website"},"primaryImageOfPage":{"@id":"https:\/\/revistaregional.com.br\/site\/2026\/04\/30\/museu-asas-no-fama-recebe-tres-aeronaves-historicas\/#primaryimage"},"image":{"@id":"https:\/\/revistaregional.com.br\/site\/2026\/04\/30\/museu-asas-no-fama-recebe-tres-aeronaves-historicas\/#primaryimage"},"thumbnailUrl":"https:\/\/revistaregional.com.br\/site\/wp-content\/uploads\/2026\/04\/fama-XAVANTE2.jpg","datePublished":"2026-04-30T17:19:32+00:00","author":{"@id":"https:\/\/revistaregional.com.br\/site\/#\/schema\/person\/36e364a1eecb8d0aa8b2b130df3b9978"},"breadcrumb":{"@id":"https:\/\/revistaregional.com.br\/site\/2026\/04\/30\/museu-asas-no-fama-recebe-tres-aeronaves-historicas\/#breadcrumb"},"inLanguage":"pt-BR","potentialAction":[{"@type":"ReadAction","target":["https:\/\/revistaregional.com.br\/site\/2026\/04\/30\/museu-asas-no-fama-recebe-tres-aeronaves-historicas\/"]}]},{"@type":"ImageObject","inLanguage":"pt-BR","@id":"https:\/\/revistaregional.com.br\/site\/2026\/04\/30\/museu-asas-no-fama-recebe-tres-aeronaves-historicas\/#primaryimage","url":"https:\/\/revistaregional.com.br\/site\/wp-content\/uploads\/2026\/04\/fama-XAVANTE2.jpg","contentUrl":"https:\/\/revistaregional.com.br\/site\/wp-content\/uploads\/2026\/04\/fama-XAVANTE2.jpg","width":2000,"height":1333,"caption":"Brasileiro Xavante"},{"@type":"BreadcrumbList","@id":"https:\/\/revistaregional.com.br\/site\/2026\/04\/30\/museu-asas-no-fama-recebe-tres-aeronaves-historicas\/#breadcrumb","itemListElement":[{"@type":"ListItem","position":1,"name":"In\u00edcio","item":"https:\/\/revistaregional.com.br\/site\/"},{"@type":"ListItem","position":2,"name":"Museu \u2018Asas\u2019, no Fama, recebe tr\u00eas aeronaves hist\u00f3ricas"}]},{"@type":"WebSite","@id":"https:\/\/revistaregional.com.br\/site\/#website","url":"https:\/\/revistaregional.com.br\/site\/","name":"Revista Regional","description":"Salto - Itu - Indaituba","potentialAction":[{"@type":"SearchAction","target":{"@type":"EntryPoint","urlTemplate":"https:\/\/revistaregional.com.br\/site\/?s={search_term_string}"},"query-input":{"@type":"PropertyValueSpecification","valueRequired":true,"valueName":"search_term_string"}}],"inLanguage":"pt-BR"},{"@type":"Person","@id":"https:\/\/revistaregional.com.br\/site\/#\/schema\/person\/36e364a1eecb8d0aa8b2b130df3b9978","name":"Revista Regional","image":{"@type":"ImageObject","inLanguage":"pt-BR","@id":"https:\/\/secure.gravatar.com\/avatar\/b66ebee092f43558ad764994726fd73529b28b6b57f917079eef3e7c5dbd34ad?s=96&d=mm&r=g","url":"https:\/\/secure.gravatar.com\/avatar\/b66ebee092f43558ad764994726fd73529b28b6b57f917079eef3e7c5dbd34ad?s=96&d=mm&r=g","contentUrl":"https:\/\/secure.gravatar.com\/avatar\/b66ebee092f43558ad764994726fd73529b28b6b57f917079eef3e7c5dbd34ad?s=96&d=mm&r=g","caption":"Revista Regional"},"url":"https:\/\/revistaregional.com.br\/site\/author\/revista-regionaluol-com-br\/"}]}},"views":78,"_links":{"self":[{"href":"https:\/\/revistaregional.com.br\/site\/wp-json\/wp\/v2\/posts\/36637","targetHints":{"allow":["GET"]}}],"collection":[{"href":"https:\/\/revistaregional.com.br\/site\/wp-json\/wp\/v2\/posts"}],"about":[{"href":"https:\/\/revistaregional.com.br\/site\/wp-json\/wp\/v2\/types\/post"}],"author":[{"embeddable":true,"href":"https:\/\/revistaregional.com.br\/site\/wp-json\/wp\/v2\/users\/2"}],"replies":[{"embeddable":true,"href":"https:\/\/revistaregional.com.br\/site\/wp-json\/wp\/v2\/comments?post=36637"}],"version-history":[{"count":1,"href":"https:\/\/revistaregional.com.br\/site\/wp-json\/wp\/v2\/posts\/36637\/revisions"}],"predecessor-version":[{"id":36640,"href":"https:\/\/revistaregional.com.br\/site\/wp-json\/wp\/v2\/posts\/36637\/revisions\/36640"}],"wp:featuredmedia":[{"embeddable":true,"href":"https:\/\/revistaregional.com.br\/site\/wp-json\/wp\/v2\/media\/36639"}],"wp:attachment":[{"href":"https:\/\/revistaregional.com.br\/site\/wp-json\/wp\/v2\/media?parent=36637"}],"wp:term":[{"taxonomy":"category","embeddable":true,"href":"https:\/\/revistaregional.com.br\/site\/wp-json\/wp\/v2\/categories?post=36637"},{"taxonomy":"post_tag","embeddable":true,"href":"https:\/\/revistaregional.com.br\/site\/wp-json\/wp\/v2\/tags?post=36637"}],"curies":[{"name":"wp","href":"https:\/\/api.w.org\/{rel}","templated":true}]}}