{"id":36631,"date":"2026-04-28T12:15:03","date_gmt":"2026-04-28T15:15:03","guid":{"rendered":"https:\/\/revistaregional.com.br\/site\/?p=36631"},"modified":"2026-04-28T12:15:03","modified_gmt":"2026-04-28T15:15:03","slug":"atleta-saltense-se-prepara-para-mundial-de-duathlon-em-abu-dhabi","status":"publish","type":"post","link":"https:\/\/revistaregional.com.br\/site\/2026\/04\/28\/atleta-saltense-se-prepara-para-mundial-de-duathlon-em-abu-dhabi\/","title":{"rendered":"Atleta saltense se prepara para Mundial de Duathlon em Abu Dhabi"},"content":{"rendered":"<p><em>Representando Salto, Marcos leva consigo n\u00e3o apenas o desafio esportivo, mas tamb\u00e9m o orgulho de competir em n\u00edvel internacional; Empresas interessadas em apoiar o atleta devem procurar sua equipe<\/em><\/p>\n<figure id=\"attachment_36632\" aria-describedby=\"caption-attachment-36632\" style=\"width: 200px\" class=\"wp-caption aligncenter\"><a href=\"https:\/\/revistaregional.com.br\/site\/wp-content\/uploads\/2026\/04\/site.jpg\"><img fetchpriority=\"high\" decoding=\"async\" class=\"size-medium wp-image-36632\" src=\"https:\/\/revistaregional.com.br\/site\/wp-content\/uploads\/2026\/04\/site-200x300.jpg\" alt=\"\" width=\"200\" height=\"300\" srcset=\"https:\/\/revistaregional.com.br\/site\/wp-content\/uploads\/2026\/04\/site-200x300.jpg 200w, https:\/\/revistaregional.com.br\/site\/wp-content\/uploads\/2026\/04\/site.jpg 682w\" sizes=\"(max-width: 200px) 100vw, 200px\" \/><\/a><figcaption id=\"caption-attachment-36632\" class=\"wp-caption-text\">Marcos durante competi\u00e7\u00e3o<\/figcaption><\/figure>\n<p>O atleta saltense Marcos Vin\u00edcius de Ara\u00fajo, de 23 anos, est\u00e1 em fase final de prepara\u00e7\u00e3o para um dos maiores desafios de sua carreira: a disputa do Mundial de Duathlon, que ser\u00e1 realizado em Abu Dhabi. Professor de Educa\u00e7\u00e3o F\u00edsica e atleta federado, Marcos concilia a rotina profissional com treinos intensivos de alto rendimento, caracter\u00edstica que tem marcado sua trajet\u00f3ria no esporte. Atualmente, ele tamb\u00e9m vive a transi\u00e7\u00e3o para o triathlon, ampliando seus objetivos e proje\u00e7\u00e3o dentro do cen\u00e1rio esportivo.<\/p>\n<p>Al\u00e9m do Mundial, o atleta tamb\u00e9m participar\u00e1 do Campeonato Paulista e do Campeonato Brasileiro de Duathlon Sprint, consolidando sua presen\u00e7a nas principais competi\u00e7\u00f5es da modalidade no pa\u00eds. A prepara\u00e7\u00e3o envolve treinos di\u00e1rios e acompanhamento t\u00e9cnico especializado, refor\u00e7ando o comprometimento necess\u00e1rio para competir em n\u00edvel internacional. \u201cMinha rotina \u00e9 bastante intensa, mas \u00e9 exatamente isso que o alto rendimento exige. Cada treino faz parte de um objetivo maior\u201d, destaca o atleta.<\/p>\n<p>Representando a cidade de Salto, Marcos leva consigo n\u00e3o apenas o desafio esportivo, mas tamb\u00e9m o orgulho de competir em n\u00edvel internacional, mostrando a for\u00e7a do esporte desenvolvido no Interior paulista. Interessados em apoiar o atleta, devem entrar em contato pelo whatsapp: <strong>(11) 97665-4588 <\/strong>ou<strong> (11) 95842-9783.<\/strong> Sua equipe tamb\u00e9m est\u00e1 vendendo uma rifa solid\u00e1ria para arrecadar fundos para as despesas de toda a viagem ao Mundial.<\/p>\n<p><strong>DEDICA\u00c7\u00c3O<\/strong><\/p>\n<p>Marcos Vin\u00edcius \u00e9 atleta federado de duathlon e atua como professor de Educa\u00e7\u00e3o F\u00edsica, o que fortalece sua compreens\u00e3o t\u00e9cnica e aplica\u00e7\u00e3o pr\u00e1tica no treinamento, unindo teoria e performance.<\/p>\n<p><em>Participa\u00e7\u00e3o em competi\u00e7\u00f5es:<\/em><\/p>\n<ul>\n<li>Segundo Colocado na Corrida Nipo Brasileiro 2024 &#8211; Cat 14\/29<\/li>\n<li>Quarto Colocado na Corrida Nipo Brasileiro 2025 &#8211; Cat 20\/29<\/li>\n<li>Quarto Colocado na Nutty Run 2025 &#8211; Cat 20\/29<\/li>\n<li>Segundo Colocado Corrida Fim de Ano Ravelli Sports &#8211; Cat 20\/29<\/li>\n<li>Segundo Colocado Super Action Duathlon Sprint 2026 &#8211; Cat 20\/25 (classificado para o Campeonato Mundial de Duathlon Sprint &#8211; Abu Dhabi)<\/li>\n<\/ul>\n<p><em>Agenda esportiva de competi\u00e7\u00f5es futuras:<\/em><\/p>\n<ul>\n<li>Super Action Duathlon Sprint &#8211; Indaiatuba &#8211; 20\/06<\/li>\n<li>Campeonato Paulista de Duathlon Sprint &#8211; a definir<\/li>\n<li>Campeonato Brasileiro de Duathlon Sprint &#8211; Barueri &#8211; 16\/08<\/li>\n<li>Campeonato Mundial de Duathlon Sprint &#8211; Abu Dhabi &#8211; 14\/11<\/li>\n<\/ul>\n<p>&nbsp;<\/p>\n<p><em>foto: Arquivo pessoal<\/em><\/p>\n","protected":false},"excerpt":{"rendered":"<p>Representando Salto, Marcos leva consigo n\u00e3o apenas o desafio esportivo, mas tamb\u00e9m o orgulho de competir em n\u00edvel internacional; Empresas interessadas em apoiar o atleta devem procurar sua equipe O atleta saltense Marcos Vin\u00edcius de Ara\u00fajo, de 23 anos, est\u00e1 em fase final de prepara\u00e7\u00e3o para um dos maiores desafios de sua carreira: a disputa [&hellip;]<\/p>\n","protected":false},"author":2,"featured_media":36632,"comment_status":"open","ping_status":"open","sticky":false,"template":"","format":"standard","meta":{"_acf_changed":false,"ngg_post_thumbnail":0,"_joinchat":[],"footnotes":""},"categories":[449,12],"tags":[],"class_list":["post-36631","post","type-post","status-publish","format-standard","has-post-thumbnail","hentry","category-destaque-lateral","category-regionais"],"acf":[],"yoast_head":"<!-- This site is optimized with the Yoast SEO plugin v27.5 - https:\/\/yoast.com\/product\/yoast-seo-wordpress\/ -->\n<title>Atleta saltense se prepara para Mundial de Duathlon em Abu Dhabi - Revista Regional<\/title>\n<meta name=\"robots\" content=\"index, follow, max-snippet:-1, max-image-preview:large, max-video-preview:-1\" \/>\n<link rel=\"canonical\" href=\"https:\/\/revistaregional.com.br\/site\/2026\/04\/28\/atleta-saltense-se-prepara-para-mundial-de-duathlon-em-abu-dhabi\/\" \/>\n<meta property=\"og:locale\" content=\"pt_BR\" \/>\n<meta property=\"og:type\" content=\"article\" \/>\n<meta property=\"og:title\" content=\"Atleta saltense se prepara para Mundial de Duathlon em Abu Dhabi - Revista Regional\" \/>\n<meta property=\"og:description\" content=\"Representando Salto, Marcos leva consigo n\u00e3o apenas o desafio esportivo, mas tamb\u00e9m o orgulho de competir em n\u00edvel internacional; Empresas interessadas em apoiar o atleta devem procurar sua equipe O atleta saltense Marcos Vin\u00edcius de Ara\u00fajo, de 23 anos, est\u00e1 em fase final de prepara\u00e7\u00e3o para um dos maiores desafios de sua carreira: a disputa [&hellip;]\" \/>\n<meta property=\"og:url\" content=\"https:\/\/revistaregional.com.br\/site\/2026\/04\/28\/atleta-saltense-se-prepara-para-mundial-de-duathlon-em-abu-dhabi\/\" \/>\n<meta property=\"og:site_name\" content=\"Revista Regional\" \/>\n<meta property=\"article:published_time\" content=\"2026-04-28T15:15:03+00:00\" \/>\n<meta property=\"og:image\" content=\"https:\/\/revistaregional.com.br\/site\/wp-content\/uploads\/2026\/04\/site.jpg\" \/>\n\t<meta property=\"og:image:width\" content=\"682\" \/>\n\t<meta property=\"og:image:height\" content=\"1024\" \/>\n\t<meta property=\"og:image:type\" content=\"image\/jpeg\" \/>\n<meta name=\"author\" content=\"Revista Regional\" \/>\n<meta name=\"twitter:card\" content=\"summary_large_image\" \/>\n<meta name=\"twitter:label1\" content=\"Escrito por\" \/>\n\t<meta name=\"twitter:data1\" content=\"Revista Regional\" \/>\n\t<meta name=\"twitter:label2\" content=\"Est. tempo de leitura\" \/>\n\t<meta name=\"twitter:data2\" content=\"3 minutos\" \/>\n<script type=\"application\/ld+json\" class=\"yoast-schema-graph\">{\"@context\":\"https:\\\/\\\/schema.org\",\"@graph\":[{\"@type\":\"Article\",\"@id\":\"https:\\\/\\\/revistaregional.com.br\\\/site\\\/2026\\\/04\\\/28\\\/atleta-saltense-se-prepara-para-mundial-de-duathlon-em-abu-dhabi\\\/#article\",\"isPartOf\":{\"@id\":\"https:\\\/\\\/revistaregional.com.br\\\/site\\\/2026\\\/04\\\/28\\\/atleta-saltense-se-prepara-para-mundial-de-duathlon-em-abu-dhabi\\\/\"},\"author\":{\"name\":\"Revista Regional\",\"@id\":\"https:\\\/\\\/revistaregional.com.br\\\/site\\\/#\\\/schema\\\/person\\\/36e364a1eecb8d0aa8b2b130df3b9978\"},\"headline\":\"Atleta saltense se prepara para Mundial de Duathlon em Abu Dhabi\",\"datePublished\":\"2026-04-28T15:15:03+00:00\",\"mainEntityOfPage\":{\"@id\":\"https:\\\/\\\/revistaregional.com.br\\\/site\\\/2026\\\/04\\\/28\\\/atleta-saltense-se-prepara-para-mundial-de-duathlon-em-abu-dhabi\\\/\"},\"wordCount\":430,\"commentCount\":0,\"image\":{\"@id\":\"https:\\\/\\\/revistaregional.com.br\\\/site\\\/2026\\\/04\\\/28\\\/atleta-saltense-se-prepara-para-mundial-de-duathlon-em-abu-dhabi\\\/#primaryimage\"},\"thumbnailUrl\":\"https:\\\/\\\/revistaregional.com.br\\\/site\\\/wp-content\\\/uploads\\\/2026\\\/04\\\/site.jpg\",\"articleSection\":[\"Destaque Lateral\",\"Regionais\"],\"inLanguage\":\"pt-BR\",\"potentialAction\":[{\"@type\":\"CommentAction\",\"name\":\"Comment\",\"target\":[\"https:\\\/\\\/revistaregional.com.br\\\/site\\\/2026\\\/04\\\/28\\\/atleta-saltense-se-prepara-para-mundial-de-duathlon-em-abu-dhabi\\\/#respond\"]}]},{\"@type\":\"WebPage\",\"@id\":\"https:\\\/\\\/revistaregional.com.br\\\/site\\\/2026\\\/04\\\/28\\\/atleta-saltense-se-prepara-para-mundial-de-duathlon-em-abu-dhabi\\\/\",\"url\":\"https:\\\/\\\/revistaregional.com.br\\\/site\\\/2026\\\/04\\\/28\\\/atleta-saltense-se-prepara-para-mundial-de-duathlon-em-abu-dhabi\\\/\",\"name\":\"Atleta saltense se prepara para Mundial de Duathlon em Abu Dhabi - Revista Regional\",\"isPartOf\":{\"@id\":\"https:\\\/\\\/revistaregional.com.br\\\/site\\\/#website\"},\"primaryImageOfPage\":{\"@id\":\"https:\\\/\\\/revistaregional.com.br\\\/site\\\/2026\\\/04\\\/28\\\/atleta-saltense-se-prepara-para-mundial-de-duathlon-em-abu-dhabi\\\/#primaryimage\"},\"image\":{\"@id\":\"https:\\\/\\\/revistaregional.com.br\\\/site\\\/2026\\\/04\\\/28\\\/atleta-saltense-se-prepara-para-mundial-de-duathlon-em-abu-dhabi\\\/#primaryimage\"},\"thumbnailUrl\":\"https:\\\/\\\/revistaregional.com.br\\\/site\\\/wp-content\\\/uploads\\\/2026\\\/04\\\/site.jpg\",\"datePublished\":\"2026-04-28T15:15:03+00:00\",\"author\":{\"@id\":\"https:\\\/\\\/revistaregional.com.br\\\/site\\\/#\\\/schema\\\/person\\\/36e364a1eecb8d0aa8b2b130df3b9978\"},\"breadcrumb\":{\"@id\":\"https:\\\/\\\/revistaregional.com.br\\\/site\\\/2026\\\/04\\\/28\\\/atleta-saltense-se-prepara-para-mundial-de-duathlon-em-abu-dhabi\\\/#breadcrumb\"},\"inLanguage\":\"pt-BR\",\"potentialAction\":[{\"@type\":\"ReadAction\",\"target\":[\"https:\\\/\\\/revistaregional.com.br\\\/site\\\/2026\\\/04\\\/28\\\/atleta-saltense-se-prepara-para-mundial-de-duathlon-em-abu-dhabi\\\/\"]}]},{\"@type\":\"ImageObject\",\"inLanguage\":\"pt-BR\",\"@id\":\"https:\\\/\\\/revistaregional.com.br\\\/site\\\/2026\\\/04\\\/28\\\/atleta-saltense-se-prepara-para-mundial-de-duathlon-em-abu-dhabi\\\/#primaryimage\",\"url\":\"https:\\\/\\\/revistaregional.com.br\\\/site\\\/wp-content\\\/uploads\\\/2026\\\/04\\\/site.jpg\",\"contentUrl\":\"https:\\\/\\\/revistaregional.com.br\\\/site\\\/wp-content\\\/uploads\\\/2026\\\/04\\\/site.jpg\",\"width\":682,\"height\":1024,\"caption\":\"Marcos durante competi\u00e7\u00e3o\"},{\"@type\":\"BreadcrumbList\",\"@id\":\"https:\\\/\\\/revistaregional.com.br\\\/site\\\/2026\\\/04\\\/28\\\/atleta-saltense-se-prepara-para-mundial-de-duathlon-em-abu-dhabi\\\/#breadcrumb\",\"itemListElement\":[{\"@type\":\"ListItem\",\"position\":1,\"name\":\"In\u00edcio\",\"item\":\"https:\\\/\\\/revistaregional.com.br\\\/site\\\/\"},{\"@type\":\"ListItem\",\"position\":2,\"name\":\"Atleta saltense se prepara para Mundial de Duathlon em Abu Dhabi\"}]},{\"@type\":\"WebSite\",\"@id\":\"https:\\\/\\\/revistaregional.com.br\\\/site\\\/#website\",\"url\":\"https:\\\/\\\/revistaregional.com.br\\\/site\\\/\",\"name\":\"Revista Regional\",\"description\":\"Salto - Itu - Indaituba\",\"potentialAction\":[{\"@type\":\"SearchAction\",\"target\":{\"@type\":\"EntryPoint\",\"urlTemplate\":\"https:\\\/\\\/revistaregional.com.br\\\/site\\\/?s={search_term_string}\"},\"query-input\":{\"@type\":\"PropertyValueSpecification\",\"valueRequired\":true,\"valueName\":\"search_term_string\"}}],\"inLanguage\":\"pt-BR\"},{\"@type\":\"Person\",\"@id\":\"https:\\\/\\\/revistaregional.com.br\\\/site\\\/#\\\/schema\\\/person\\\/36e364a1eecb8d0aa8b2b130df3b9978\",\"name\":\"Revista Regional\",\"image\":{\"@type\":\"ImageObject\",\"inLanguage\":\"pt-BR\",\"@id\":\"https:\\\/\\\/secure.gravatar.com\\\/avatar\\\/b66ebee092f43558ad764994726fd73529b28b6b57f917079eef3e7c5dbd34ad?s=96&d=mm&r=g\",\"url\":\"https:\\\/\\\/secure.gravatar.com\\\/avatar\\\/b66ebee092f43558ad764994726fd73529b28b6b57f917079eef3e7c5dbd34ad?s=96&d=mm&r=g\",\"contentUrl\":\"https:\\\/\\\/secure.gravatar.com\\\/avatar\\\/b66ebee092f43558ad764994726fd73529b28b6b57f917079eef3e7c5dbd34ad?s=96&d=mm&r=g\",\"caption\":\"Revista Regional\"},\"url\":\"https:\\\/\\\/revistaregional.com.br\\\/site\\\/author\\\/revista-regionaluol-com-br\\\/\"}]}<\/script>\n<!-- \/ Yoast SEO plugin. -->","yoast_head_json":{"title":"Atleta saltense se prepara para Mundial de Duathlon em Abu Dhabi - Revista Regional","robots":{"index":"index","follow":"follow","max-snippet":"max-snippet:-1","max-image-preview":"max-image-preview:large","max-video-preview":"max-video-preview:-1"},"canonical":"https:\/\/revistaregional.com.br\/site\/2026\/04\/28\/atleta-saltense-se-prepara-para-mundial-de-duathlon-em-abu-dhabi\/","og_locale":"pt_BR","og_type":"article","og_title":"Atleta saltense se prepara para Mundial de Duathlon em Abu Dhabi - Revista Regional","og_description":"Representando Salto, Marcos leva consigo n\u00e3o apenas o desafio esportivo, mas tamb\u00e9m o orgulho de competir em n\u00edvel internacional; Empresas interessadas em apoiar o atleta devem procurar sua equipe O atleta saltense Marcos Vin\u00edcius de Ara\u00fajo, de 23 anos, est\u00e1 em fase final de prepara\u00e7\u00e3o para um dos maiores desafios de sua carreira: a disputa [&hellip;]","og_url":"https:\/\/revistaregional.com.br\/site\/2026\/04\/28\/atleta-saltense-se-prepara-para-mundial-de-duathlon-em-abu-dhabi\/","og_site_name":"Revista Regional","article_published_time":"2026-04-28T15:15:03+00:00","og_image":[{"width":682,"height":1024,"url":"https:\/\/revistaregional.com.br\/site\/wp-content\/uploads\/2026\/04\/site.jpg","type":"image\/jpeg"}],"author":"Revista Regional","twitter_card":"summary_large_image","twitter_misc":{"Escrito por":"Revista Regional","Est. tempo de leitura":"3 minutos"},"schema":{"@context":"https:\/\/schema.org","@graph":[{"@type":"Article","@id":"https:\/\/revistaregional.com.br\/site\/2026\/04\/28\/atleta-saltense-se-prepara-para-mundial-de-duathlon-em-abu-dhabi\/#article","isPartOf":{"@id":"https:\/\/revistaregional.com.br\/site\/2026\/04\/28\/atleta-saltense-se-prepara-para-mundial-de-duathlon-em-abu-dhabi\/"},"author":{"name":"Revista Regional","@id":"https:\/\/revistaregional.com.br\/site\/#\/schema\/person\/36e364a1eecb8d0aa8b2b130df3b9978"},"headline":"Atleta saltense se prepara para Mundial de Duathlon em Abu Dhabi","datePublished":"2026-04-28T15:15:03+00:00","mainEntityOfPage":{"@id":"https:\/\/revistaregional.com.br\/site\/2026\/04\/28\/atleta-saltense-se-prepara-para-mundial-de-duathlon-em-abu-dhabi\/"},"wordCount":430,"commentCount":0,"image":{"@id":"https:\/\/revistaregional.com.br\/site\/2026\/04\/28\/atleta-saltense-se-prepara-para-mundial-de-duathlon-em-abu-dhabi\/#primaryimage"},"thumbnailUrl":"https:\/\/revistaregional.com.br\/site\/wp-content\/uploads\/2026\/04\/site.jpg","articleSection":["Destaque Lateral","Regionais"],"inLanguage":"pt-BR","potentialAction":[{"@type":"CommentAction","name":"Comment","target":["https:\/\/revistaregional.com.br\/site\/2026\/04\/28\/atleta-saltense-se-prepara-para-mundial-de-duathlon-em-abu-dhabi\/#respond"]}]},{"@type":"WebPage","@id":"https:\/\/revistaregional.com.br\/site\/2026\/04\/28\/atleta-saltense-se-prepara-para-mundial-de-duathlon-em-abu-dhabi\/","url":"https:\/\/revistaregional.com.br\/site\/2026\/04\/28\/atleta-saltense-se-prepara-para-mundial-de-duathlon-em-abu-dhabi\/","name":"Atleta saltense se prepara para Mundial de Duathlon em Abu Dhabi - Revista Regional","isPartOf":{"@id":"https:\/\/revistaregional.com.br\/site\/#website"},"primaryImageOfPage":{"@id":"https:\/\/revistaregional.com.br\/site\/2026\/04\/28\/atleta-saltense-se-prepara-para-mundial-de-duathlon-em-abu-dhabi\/#primaryimage"},"image":{"@id":"https:\/\/revistaregional.com.br\/site\/2026\/04\/28\/atleta-saltense-se-prepara-para-mundial-de-duathlon-em-abu-dhabi\/#primaryimage"},"thumbnailUrl":"https:\/\/revistaregional.com.br\/site\/wp-content\/uploads\/2026\/04\/site.jpg","datePublished":"2026-04-28T15:15:03+00:00","author":{"@id":"https:\/\/revistaregional.com.br\/site\/#\/schema\/person\/36e364a1eecb8d0aa8b2b130df3b9978"},"breadcrumb":{"@id":"https:\/\/revistaregional.com.br\/site\/2026\/04\/28\/atleta-saltense-se-prepara-para-mundial-de-duathlon-em-abu-dhabi\/#breadcrumb"},"inLanguage":"pt-BR","potentialAction":[{"@type":"ReadAction","target":["https:\/\/revistaregional.com.br\/site\/2026\/04\/28\/atleta-saltense-se-prepara-para-mundial-de-duathlon-em-abu-dhabi\/"]}]},{"@type":"ImageObject","inLanguage":"pt-BR","@id":"https:\/\/revistaregional.com.br\/site\/2026\/04\/28\/atleta-saltense-se-prepara-para-mundial-de-duathlon-em-abu-dhabi\/#primaryimage","url":"https:\/\/revistaregional.com.br\/site\/wp-content\/uploads\/2026\/04\/site.jpg","contentUrl":"https:\/\/revistaregional.com.br\/site\/wp-content\/uploads\/2026\/04\/site.jpg","width":682,"height":1024,"caption":"Marcos durante competi\u00e7\u00e3o"},{"@type":"BreadcrumbList","@id":"https:\/\/revistaregional.com.br\/site\/2026\/04\/28\/atleta-saltense-se-prepara-para-mundial-de-duathlon-em-abu-dhabi\/#breadcrumb","itemListElement":[{"@type":"ListItem","position":1,"name":"In\u00edcio","item":"https:\/\/revistaregional.com.br\/site\/"},{"@type":"ListItem","position":2,"name":"Atleta saltense se prepara para Mundial de Duathlon em Abu Dhabi"}]},{"@type":"WebSite","@id":"https:\/\/revistaregional.com.br\/site\/#website","url":"https:\/\/revistaregional.com.br\/site\/","name":"Revista Regional","description":"Salto - Itu - Indaituba","potentialAction":[{"@type":"SearchAction","target":{"@type":"EntryPoint","urlTemplate":"https:\/\/revistaregional.com.br\/site\/?s={search_term_string}"},"query-input":{"@type":"PropertyValueSpecification","valueRequired":true,"valueName":"search_term_string"}}],"inLanguage":"pt-BR"},{"@type":"Person","@id":"https:\/\/revistaregional.com.br\/site\/#\/schema\/person\/36e364a1eecb8d0aa8b2b130df3b9978","name":"Revista Regional","image":{"@type":"ImageObject","inLanguage":"pt-BR","@id":"https:\/\/secure.gravatar.com\/avatar\/b66ebee092f43558ad764994726fd73529b28b6b57f917079eef3e7c5dbd34ad?s=96&d=mm&r=g","url":"https:\/\/secure.gravatar.com\/avatar\/b66ebee092f43558ad764994726fd73529b28b6b57f917079eef3e7c5dbd34ad?s=96&d=mm&r=g","contentUrl":"https:\/\/secure.gravatar.com\/avatar\/b66ebee092f43558ad764994726fd73529b28b6b57f917079eef3e7c5dbd34ad?s=96&d=mm&r=g","caption":"Revista Regional"},"url":"https:\/\/revistaregional.com.br\/site\/author\/revista-regionaluol-com-br\/"}]}},"views":18,"_links":{"self":[{"href":"https:\/\/revistaregional.com.br\/site\/wp-json\/wp\/v2\/posts\/36631","targetHints":{"allow":["GET"]}}],"collection":[{"href":"https:\/\/revistaregional.com.br\/site\/wp-json\/wp\/v2\/posts"}],"about":[{"href":"https:\/\/revistaregional.com.br\/site\/wp-json\/wp\/v2\/types\/post"}],"author":[{"embeddable":true,"href":"https:\/\/revistaregional.com.br\/site\/wp-json\/wp\/v2\/users\/2"}],"replies":[{"embeddable":true,"href":"https:\/\/revistaregional.com.br\/site\/wp-json\/wp\/v2\/comments?post=36631"}],"version-history":[{"count":1,"href":"https:\/\/revistaregional.com.br\/site\/wp-json\/wp\/v2\/posts\/36631\/revisions"}],"predecessor-version":[{"id":36633,"href":"https:\/\/revistaregional.com.br\/site\/wp-json\/wp\/v2\/posts\/36631\/revisions\/36633"}],"wp:featuredmedia":[{"embeddable":true,"href":"https:\/\/revistaregional.com.br\/site\/wp-json\/wp\/v2\/media\/36632"}],"wp:attachment":[{"href":"https:\/\/revistaregional.com.br\/site\/wp-json\/wp\/v2\/media?parent=36631"}],"wp:term":[{"taxonomy":"category","embeddable":true,"href":"https:\/\/revistaregional.com.br\/site\/wp-json\/wp\/v2\/categories?post=36631"},{"taxonomy":"post_tag","embeddable":true,"href":"https:\/\/revistaregional.com.br\/site\/wp-json\/wp\/v2\/tags?post=36631"}],"curies":[{"name":"wp","href":"https:\/\/api.w.org\/{rel}","templated":true}]}}