{"id":36626,"date":"2026-04-28T10:27:17","date_gmt":"2026-04-28T13:27:17","guid":{"rendered":"https:\/\/revistaregional.com.br\/site\/?p=36626"},"modified":"2026-04-28T10:27:17","modified_gmt":"2026-04-28T13:27:17","slug":"fundacao-bienal-leva-exposicoes-ao-museu-fama","status":"publish","type":"post","link":"https:\/\/revistaregional.com.br\/site\/2026\/04\/28\/fundacao-bienal-leva-exposicoes-ao-museu-fama\/","title":{"rendered":"Funda\u00e7\u00e3o Bienal leva exposi\u00e7\u00f5es ao Museu Fama"},"content":{"rendered":"<p><em>O projeto Bienal no Territ\u00f3rio Paulista \u2013 Arte Contempor\u00e2nea e Patrim\u00f4nio Cultural realiza atividades gratuitas no Museu Fama, em Itu <\/em><\/p>\n<figure id=\"attachment_36627\" aria-describedby=\"caption-attachment-36627\" style=\"width: 300px\" class=\"wp-caption aligncenter\"><a href=\"https:\/\/revistaregional.com.br\/site\/wp-content\/uploads\/2026\/04\/1.jpg\"><img fetchpriority=\"high\" decoding=\"async\" class=\"size-medium wp-image-36627\" src=\"https:\/\/revistaregional.com.br\/site\/wp-content\/uploads\/2026\/04\/1-300x207.jpg\" alt=\"\" width=\"300\" height=\"207\" srcset=\"https:\/\/revistaregional.com.br\/site\/wp-content\/uploads\/2026\/04\/1-300x207.jpg 300w, https:\/\/revistaregional.com.br\/site\/wp-content\/uploads\/2026\/04\/1-1024x706.jpg 1024w, https:\/\/revistaregional.com.br\/site\/wp-content\/uploads\/2026\/04\/1-1536x1059.jpg 1536w, https:\/\/revistaregional.com.br\/site\/wp-content\/uploads\/2026\/04\/1.jpg 2000w\" sizes=\"(max-width: 300px) 100vw, 300px\" \/><\/a><figcaption id=\"caption-attachment-36627\" class=\"wp-caption-text\">2\u00aa Bienal de S\u00e3o Paulo, 1953 \u00a9 Funda\u00e7\u00e3o Bienal de S\u00e3o Paulo<\/figcaption><\/figure>\n<p>A Funda\u00e7\u00e3o Bienal de S\u00e3o Paulo realiza, at\u00e9 final de maio, a mostra Bienal no Territ\u00f3rio Paulista &#8211; Arte Contempor\u00e2nea e Patrim\u00f4nio Cultural, iniciativa que leva ao Interior do Estado atividades gratuitas nas \u00e1reas de artes visuais, audiovisual, preserva\u00e7\u00e3o patrimonial e forma\u00e7\u00e3o cultural. Realizado com recursos do Fomento Cult SP &#8211; ProAC ICMS, programa do Governo do Estado por meio da Secretaria da Cultura, Economia e Ind\u00fastria Criativas, o projeto aportou em Itu, em parceria com o Museu Fama.<\/p>\n<p>A programa\u00e7\u00e3o teve in\u00edcio em abril com a exposi\u00e7\u00e3o fotogr\u00e1fica que re\u00fane imagens que percorrem a hist\u00f3ria da Bienal de S\u00e3o Paulo desde sua primeira edi\u00e7\u00e3o, em 1951, e permanece em cartaz at\u00e9 31 de maio. Al\u00e9m da mostra e de uma programa\u00e7\u00e3o audiovisual, o projeto contempla um ciclo de oficinas e forma\u00e7\u00f5es ministradas por equipes da Funda\u00e7\u00e3o Bienal de S\u00e3o Paulo. Em Itu, as atividades se estendem at\u00e9 maio, e s\u00e3o voltadas a artistas, educadores, jovens aprendizes e gestores culturais.<\/p>\n<figure id=\"attachment_36628\" aria-describedby=\"caption-attachment-36628\" style=\"width: 300px\" class=\"wp-caption aligncenter\"><a href=\"https:\/\/revistaregional.com.br\/site\/wp-content\/uploads\/2026\/04\/2-1.jpg\"><img decoding=\"async\" class=\"size-medium wp-image-36628\" src=\"https:\/\/revistaregional.com.br\/site\/wp-content\/uploads\/2026\/04\/2-1-300x200.jpg\" alt=\"\" width=\"300\" height=\"200\" srcset=\"https:\/\/revistaregional.com.br\/site\/wp-content\/uploads\/2026\/04\/2-1-300x200.jpg 300w, https:\/\/revistaregional.com.br\/site\/wp-content\/uploads\/2026\/04\/2-1-1024x684.jpg 1024w, https:\/\/revistaregional.com.br\/site\/wp-content\/uploads\/2026\/04\/2-1-1536x1025.jpg 1536w, https:\/\/revistaregional.com.br\/site\/wp-content\/uploads\/2026\/04\/2-1.jpg 2000w\" sizes=\"(max-width: 300px) 100vw, 300px\" \/><\/a><figcaption id=\"caption-attachment-36628\" class=\"wp-caption-text\">32\u00aa Bienal de S\u00e3o Paulo, 2016 \u00a9 Tiago Baccarin _ Est\u00fadio Garagem _ Funda\u00e7\u00e3o Bienal de S\u00e3o Paulo<\/figcaption><\/figure>\n<p>O programa de forma\u00e7\u00e3o est\u00e1 estruturado em tr\u00eas eixos. O primeiro, conduzido pela equipe do Arquivo Hist\u00f3rico Wanda Svevo, apresenta conceitos de conserva\u00e7\u00e3o e digitaliza\u00e7\u00e3o de acervos documentais, com \u00eanfase na preserva\u00e7\u00e3o de documenta\u00e7\u00e3o iconogr\u00e1fica, como fotografias, slides e negativos. O segundo eixo consiste em uma conversa sobre expografia, com foco nos processos de elabora\u00e7\u00e3o de projetos expogr\u00e1ficos e sua adapta\u00e7\u00e3o a edif\u00edcios hist\u00f3ricos, tendo como refer\u00eancia o pr\u00f3prio Pavilh\u00e3o Ciccillo Matarazzo. O terceiro, coordenado pela equipe de educa\u00e7\u00e3o da Funda\u00e7\u00e3o, aborda os processos de cria\u00e7\u00e3o das publica\u00e7\u00f5es educativas das Bienais e a organiza\u00e7\u00e3o de equipes de media\u00e7\u00e3o em exposi\u00e7\u00f5es. Todas as oficinas s\u00e3o gratuitas e t\u00eam capacidade para grupos de at\u00e9 20 pessoas.<\/p>\n<p>Para Andrea Pinheiro, presidente da Funda\u00e7\u00e3o Bienal de S\u00e3o Paulo, o projeto Bienal no Territ\u00f3rio Paulista nasce do entendimento de que a miss\u00e3o da Funda\u00e7\u00e3o n\u00e3o se encerra nos limites do Pavilh\u00e3o Ciccillo Matarazzo. <em>&#8220;Ao levar a Itu n\u00e3o apenas fotos hist\u00f3ricas, mas o saber acumulado ao longo de mais de sete d\u00e9cadas de Bienais, em conserva\u00e7\u00e3o, expografia e educa\u00e7\u00e3o, afirmamos que a arte contempor\u00e2nea \u00e9 um campo vivo de forma\u00e7\u00e3o e troca. \u00c9 com esse esp\u00edrito que chegamos ao territ\u00f3rio paulista&#8221;<\/em>, afirma.<\/p>\n<figure id=\"attachment_36629\" aria-describedby=\"caption-attachment-36629\" style=\"width: 300px\" class=\"wp-caption aligncenter\"><a href=\"https:\/\/revistaregional.com.br\/site\/wp-content\/uploads\/2026\/04\/3.jpg\"><img decoding=\"async\" class=\"size-medium wp-image-36629\" src=\"https:\/\/revistaregional.com.br\/site\/wp-content\/uploads\/2026\/04\/3-300x200.jpg\" alt=\"\" width=\"300\" height=\"200\" srcset=\"https:\/\/revistaregional.com.br\/site\/wp-content\/uploads\/2026\/04\/3-300x200.jpg 300w, https:\/\/revistaregional.com.br\/site\/wp-content\/uploads\/2026\/04\/3-1024x684.jpg 1024w, https:\/\/revistaregional.com.br\/site\/wp-content\/uploads\/2026\/04\/3-1536x1025.jpg 1536w, https:\/\/revistaregional.com.br\/site\/wp-content\/uploads\/2026\/04\/3.jpg 2000w\" sizes=\"(max-width: 300px) 100vw, 300px\" \/><\/a><figcaption id=\"caption-attachment-36629\" class=\"wp-caption-text\">34\u00aa Bienal de S\u00e3o Paulo, 2021 \u00a9 Levi Fanan _ Funda\u00e7\u00e3o Bienal de S\u00e3o Paulo<\/figcaption><\/figure>\n<p><em>\u201cA escolha do Museu Fama para integrar o projeto Bienal no Territ\u00f3rio Paulista demonstra a maturidade do museu ituano em se articular com os principais centros de arte contempor\u00e2nea do Estado, com destaque para a Bienal de S\u00e3o Paulo e a Trienal de Artes de Sorocaba\u201d,<\/em> afirma Emerson Castilho, diretor educativo do museu.<\/p>\n<p>Ao final do projeto, o conjunto fotogr\u00e1fico exibido nas exposi\u00e7\u00f5es ser\u00e1 oferecido aos acervos das institui\u00e7\u00f5es parceiras, garantindo que o patrim\u00f4nio simb\u00f3lico da Bienal permane\u00e7a nas pr\u00f3prias cidades contempladas. Cada institui\u00e7\u00e3o receber\u00e1 ainda um kit de conserva\u00e7\u00e3o e um equipamento de digitaliza\u00e7\u00e3o para dar continuidade \u00e0s pr\u00e1ticas aprendidas nas oficinas. O projeto conta com recursos de acessibilidade em todas as atividades, incluindo textos com fontes ampliadas e int\u00e9rpretes de Libras.<\/p>\n","protected":false},"excerpt":{"rendered":"<p>O projeto Bienal no Territ\u00f3rio Paulista \u2013 Arte Contempor\u00e2nea e Patrim\u00f4nio Cultural realiza atividades gratuitas no Museu Fama, em Itu A Funda\u00e7\u00e3o Bienal de S\u00e3o Paulo realiza, at\u00e9 final de maio, a mostra Bienal no Territ\u00f3rio Paulista &#8211; Arte Contempor\u00e2nea e Patrim\u00f4nio Cultural, iniciativa que leva ao Interior do Estado atividades gratuitas nas \u00e1reas de [&hellip;]<\/p>\n","protected":false},"author":2,"featured_media":36629,"comment_status":"open","ping_status":"open","sticky":false,"template":"","format":"standard","meta":{"_acf_changed":false,"ngg_post_thumbnail":0,"_joinchat":[],"footnotes":""},"categories":[351,449,482],"tags":[],"class_list":["post-36626","post","type-post","status-publish","format-standard","has-post-thumbnail","hentry","category-cultura-2","category-destaque-lateral","category-slide"],"acf":[],"yoast_head":"<!-- This site is optimized with the Yoast SEO plugin v27.5 - https:\/\/yoast.com\/product\/yoast-seo-wordpress\/ -->\n<title>Funda\u00e7\u00e3o Bienal leva exposi\u00e7\u00f5es ao Museu Fama - Revista Regional<\/title>\n<meta name=\"robots\" content=\"index, follow, max-snippet:-1, max-image-preview:large, max-video-preview:-1\" \/>\n<link rel=\"canonical\" href=\"https:\/\/revistaregional.com.br\/site\/2026\/04\/28\/fundacao-bienal-leva-exposicoes-ao-museu-fama\/\" \/>\n<meta property=\"og:locale\" content=\"pt_BR\" \/>\n<meta property=\"og:type\" content=\"article\" \/>\n<meta property=\"og:title\" content=\"Funda\u00e7\u00e3o Bienal leva exposi\u00e7\u00f5es ao Museu Fama - Revista Regional\" \/>\n<meta property=\"og:description\" content=\"O projeto Bienal no Territ\u00f3rio Paulista \u2013 Arte Contempor\u00e2nea e Patrim\u00f4nio Cultural realiza atividades gratuitas no Museu Fama, em Itu A Funda\u00e7\u00e3o Bienal de S\u00e3o Paulo realiza, at\u00e9 final de maio, a mostra Bienal no Territ\u00f3rio Paulista &#8211; Arte Contempor\u00e2nea e Patrim\u00f4nio Cultural, iniciativa que leva ao Interior do Estado atividades gratuitas nas \u00e1reas de [&hellip;]\" \/>\n<meta property=\"og:url\" content=\"https:\/\/revistaregional.com.br\/site\/2026\/04\/28\/fundacao-bienal-leva-exposicoes-ao-museu-fama\/\" \/>\n<meta property=\"og:site_name\" content=\"Revista Regional\" \/>\n<meta property=\"article:published_time\" content=\"2026-04-28T13:27:17+00:00\" \/>\n<meta property=\"og:image\" content=\"https:\/\/revistaregional.com.br\/site\/wp-content\/uploads\/2026\/04\/3.jpg\" \/>\n\t<meta property=\"og:image:width\" content=\"2000\" \/>\n\t<meta property=\"og:image:height\" content=\"1335\" \/>\n\t<meta property=\"og:image:type\" content=\"image\/jpeg\" \/>\n<meta name=\"author\" content=\"Revista Regional\" \/>\n<meta name=\"twitter:card\" content=\"summary_large_image\" \/>\n<meta name=\"twitter:label1\" content=\"Escrito por\" \/>\n\t<meta name=\"twitter:data1\" content=\"Revista Regional\" \/>\n\t<meta name=\"twitter:label2\" content=\"Est. tempo de leitura\" \/>\n\t<meta name=\"twitter:data2\" content=\"4 minutos\" \/>\n<script type=\"application\/ld+json\" class=\"yoast-schema-graph\">{\"@context\":\"https:\\\/\\\/schema.org\",\"@graph\":[{\"@type\":\"Article\",\"@id\":\"https:\\\/\\\/revistaregional.com.br\\\/site\\\/2026\\\/04\\\/28\\\/fundacao-bienal-leva-exposicoes-ao-museu-fama\\\/#article\",\"isPartOf\":{\"@id\":\"https:\\\/\\\/revistaregional.com.br\\\/site\\\/2026\\\/04\\\/28\\\/fundacao-bienal-leva-exposicoes-ao-museu-fama\\\/\"},\"author\":{\"name\":\"Revista Regional\",\"@id\":\"https:\\\/\\\/revistaregional.com.br\\\/site\\\/#\\\/schema\\\/person\\\/36e364a1eecb8d0aa8b2b130df3b9978\"},\"headline\":\"Funda\u00e7\u00e3o Bienal leva exposi\u00e7\u00f5es ao Museu Fama\",\"datePublished\":\"2026-04-28T13:27:17+00:00\",\"mainEntityOfPage\":{\"@id\":\"https:\\\/\\\/revistaregional.com.br\\\/site\\\/2026\\\/04\\\/28\\\/fundacao-bienal-leva-exposicoes-ao-museu-fama\\\/\"},\"wordCount\":648,\"commentCount\":0,\"image\":{\"@id\":\"https:\\\/\\\/revistaregional.com.br\\\/site\\\/2026\\\/04\\\/28\\\/fundacao-bienal-leva-exposicoes-ao-museu-fama\\\/#primaryimage\"},\"thumbnailUrl\":\"https:\\\/\\\/revistaregional.com.br\\\/site\\\/wp-content\\\/uploads\\\/2026\\\/04\\\/3.jpg\",\"articleSection\":[\"Cultura 2\",\"Destaque Lateral\",\"Slide\"],\"inLanguage\":\"pt-BR\",\"potentialAction\":[{\"@type\":\"CommentAction\",\"name\":\"Comment\",\"target\":[\"https:\\\/\\\/revistaregional.com.br\\\/site\\\/2026\\\/04\\\/28\\\/fundacao-bienal-leva-exposicoes-ao-museu-fama\\\/#respond\"]}]},{\"@type\":\"WebPage\",\"@id\":\"https:\\\/\\\/revistaregional.com.br\\\/site\\\/2026\\\/04\\\/28\\\/fundacao-bienal-leva-exposicoes-ao-museu-fama\\\/\",\"url\":\"https:\\\/\\\/revistaregional.com.br\\\/site\\\/2026\\\/04\\\/28\\\/fundacao-bienal-leva-exposicoes-ao-museu-fama\\\/\",\"name\":\"Funda\u00e7\u00e3o Bienal leva exposi\u00e7\u00f5es ao Museu Fama - Revista Regional\",\"isPartOf\":{\"@id\":\"https:\\\/\\\/revistaregional.com.br\\\/site\\\/#website\"},\"primaryImageOfPage\":{\"@id\":\"https:\\\/\\\/revistaregional.com.br\\\/site\\\/2026\\\/04\\\/28\\\/fundacao-bienal-leva-exposicoes-ao-museu-fama\\\/#primaryimage\"},\"image\":{\"@id\":\"https:\\\/\\\/revistaregional.com.br\\\/site\\\/2026\\\/04\\\/28\\\/fundacao-bienal-leva-exposicoes-ao-museu-fama\\\/#primaryimage\"},\"thumbnailUrl\":\"https:\\\/\\\/revistaregional.com.br\\\/site\\\/wp-content\\\/uploads\\\/2026\\\/04\\\/3.jpg\",\"datePublished\":\"2026-04-28T13:27:17+00:00\",\"author\":{\"@id\":\"https:\\\/\\\/revistaregional.com.br\\\/site\\\/#\\\/schema\\\/person\\\/36e364a1eecb8d0aa8b2b130df3b9978\"},\"breadcrumb\":{\"@id\":\"https:\\\/\\\/revistaregional.com.br\\\/site\\\/2026\\\/04\\\/28\\\/fundacao-bienal-leva-exposicoes-ao-museu-fama\\\/#breadcrumb\"},\"inLanguage\":\"pt-BR\",\"potentialAction\":[{\"@type\":\"ReadAction\",\"target\":[\"https:\\\/\\\/revistaregional.com.br\\\/site\\\/2026\\\/04\\\/28\\\/fundacao-bienal-leva-exposicoes-ao-museu-fama\\\/\"]}]},{\"@type\":\"ImageObject\",\"inLanguage\":\"pt-BR\",\"@id\":\"https:\\\/\\\/revistaregional.com.br\\\/site\\\/2026\\\/04\\\/28\\\/fundacao-bienal-leva-exposicoes-ao-museu-fama\\\/#primaryimage\",\"url\":\"https:\\\/\\\/revistaregional.com.br\\\/site\\\/wp-content\\\/uploads\\\/2026\\\/04\\\/3.jpg\",\"contentUrl\":\"https:\\\/\\\/revistaregional.com.br\\\/site\\\/wp-content\\\/uploads\\\/2026\\\/04\\\/3.jpg\",\"width\":2000,\"height\":1335,\"caption\":\"34\u00aa Bienal de S\u00e3o Paulo, 2021 \u00a9 Levi Fanan _ Funda\u00e7\u00e3o Bienal de S\u00e3o Paulo\"},{\"@type\":\"BreadcrumbList\",\"@id\":\"https:\\\/\\\/revistaregional.com.br\\\/site\\\/2026\\\/04\\\/28\\\/fundacao-bienal-leva-exposicoes-ao-museu-fama\\\/#breadcrumb\",\"itemListElement\":[{\"@type\":\"ListItem\",\"position\":1,\"name\":\"In\u00edcio\",\"item\":\"https:\\\/\\\/revistaregional.com.br\\\/site\\\/\"},{\"@type\":\"ListItem\",\"position\":2,\"name\":\"Funda\u00e7\u00e3o Bienal leva exposi\u00e7\u00f5es ao Museu Fama\"}]},{\"@type\":\"WebSite\",\"@id\":\"https:\\\/\\\/revistaregional.com.br\\\/site\\\/#website\",\"url\":\"https:\\\/\\\/revistaregional.com.br\\\/site\\\/\",\"name\":\"Revista Regional\",\"description\":\"Salto - Itu - Indaituba\",\"potentialAction\":[{\"@type\":\"SearchAction\",\"target\":{\"@type\":\"EntryPoint\",\"urlTemplate\":\"https:\\\/\\\/revistaregional.com.br\\\/site\\\/?s={search_term_string}\"},\"query-input\":{\"@type\":\"PropertyValueSpecification\",\"valueRequired\":true,\"valueName\":\"search_term_string\"}}],\"inLanguage\":\"pt-BR\"},{\"@type\":\"Person\",\"@id\":\"https:\\\/\\\/revistaregional.com.br\\\/site\\\/#\\\/schema\\\/person\\\/36e364a1eecb8d0aa8b2b130df3b9978\",\"name\":\"Revista Regional\",\"image\":{\"@type\":\"ImageObject\",\"inLanguage\":\"pt-BR\",\"@id\":\"https:\\\/\\\/secure.gravatar.com\\\/avatar\\\/b66ebee092f43558ad764994726fd73529b28b6b57f917079eef3e7c5dbd34ad?s=96&d=mm&r=g\",\"url\":\"https:\\\/\\\/secure.gravatar.com\\\/avatar\\\/b66ebee092f43558ad764994726fd73529b28b6b57f917079eef3e7c5dbd34ad?s=96&d=mm&r=g\",\"contentUrl\":\"https:\\\/\\\/secure.gravatar.com\\\/avatar\\\/b66ebee092f43558ad764994726fd73529b28b6b57f917079eef3e7c5dbd34ad?s=96&d=mm&r=g\",\"caption\":\"Revista Regional\"},\"url\":\"https:\\\/\\\/revistaregional.com.br\\\/site\\\/author\\\/revista-regionaluol-com-br\\\/\"}]}<\/script>\n<!-- \/ Yoast SEO plugin. -->","yoast_head_json":{"title":"Funda\u00e7\u00e3o Bienal leva exposi\u00e7\u00f5es ao Museu Fama - Revista Regional","robots":{"index":"index","follow":"follow","max-snippet":"max-snippet:-1","max-image-preview":"max-image-preview:large","max-video-preview":"max-video-preview:-1"},"canonical":"https:\/\/revistaregional.com.br\/site\/2026\/04\/28\/fundacao-bienal-leva-exposicoes-ao-museu-fama\/","og_locale":"pt_BR","og_type":"article","og_title":"Funda\u00e7\u00e3o Bienal leva exposi\u00e7\u00f5es ao Museu Fama - Revista Regional","og_description":"O projeto Bienal no Territ\u00f3rio Paulista \u2013 Arte Contempor\u00e2nea e Patrim\u00f4nio Cultural realiza atividades gratuitas no Museu Fama, em Itu A Funda\u00e7\u00e3o Bienal de S\u00e3o Paulo realiza, at\u00e9 final de maio, a mostra Bienal no Territ\u00f3rio Paulista &#8211; Arte Contempor\u00e2nea e Patrim\u00f4nio Cultural, iniciativa que leva ao Interior do Estado atividades gratuitas nas \u00e1reas de [&hellip;]","og_url":"https:\/\/revistaregional.com.br\/site\/2026\/04\/28\/fundacao-bienal-leva-exposicoes-ao-museu-fama\/","og_site_name":"Revista Regional","article_published_time":"2026-04-28T13:27:17+00:00","og_image":[{"width":2000,"height":1335,"url":"https:\/\/revistaregional.com.br\/site\/wp-content\/uploads\/2026\/04\/3.jpg","type":"image\/jpeg"}],"author":"Revista Regional","twitter_card":"summary_large_image","twitter_misc":{"Escrito por":"Revista Regional","Est. tempo de leitura":"4 minutos"},"schema":{"@context":"https:\/\/schema.org","@graph":[{"@type":"Article","@id":"https:\/\/revistaregional.com.br\/site\/2026\/04\/28\/fundacao-bienal-leva-exposicoes-ao-museu-fama\/#article","isPartOf":{"@id":"https:\/\/revistaregional.com.br\/site\/2026\/04\/28\/fundacao-bienal-leva-exposicoes-ao-museu-fama\/"},"author":{"name":"Revista Regional","@id":"https:\/\/revistaregional.com.br\/site\/#\/schema\/person\/36e364a1eecb8d0aa8b2b130df3b9978"},"headline":"Funda\u00e7\u00e3o Bienal leva exposi\u00e7\u00f5es ao Museu Fama","datePublished":"2026-04-28T13:27:17+00:00","mainEntityOfPage":{"@id":"https:\/\/revistaregional.com.br\/site\/2026\/04\/28\/fundacao-bienal-leva-exposicoes-ao-museu-fama\/"},"wordCount":648,"commentCount":0,"image":{"@id":"https:\/\/revistaregional.com.br\/site\/2026\/04\/28\/fundacao-bienal-leva-exposicoes-ao-museu-fama\/#primaryimage"},"thumbnailUrl":"https:\/\/revistaregional.com.br\/site\/wp-content\/uploads\/2026\/04\/3.jpg","articleSection":["Cultura 2","Destaque Lateral","Slide"],"inLanguage":"pt-BR","potentialAction":[{"@type":"CommentAction","name":"Comment","target":["https:\/\/revistaregional.com.br\/site\/2026\/04\/28\/fundacao-bienal-leva-exposicoes-ao-museu-fama\/#respond"]}]},{"@type":"WebPage","@id":"https:\/\/revistaregional.com.br\/site\/2026\/04\/28\/fundacao-bienal-leva-exposicoes-ao-museu-fama\/","url":"https:\/\/revistaregional.com.br\/site\/2026\/04\/28\/fundacao-bienal-leva-exposicoes-ao-museu-fama\/","name":"Funda\u00e7\u00e3o Bienal leva exposi\u00e7\u00f5es ao Museu Fama - Revista Regional","isPartOf":{"@id":"https:\/\/revistaregional.com.br\/site\/#website"},"primaryImageOfPage":{"@id":"https:\/\/revistaregional.com.br\/site\/2026\/04\/28\/fundacao-bienal-leva-exposicoes-ao-museu-fama\/#primaryimage"},"image":{"@id":"https:\/\/revistaregional.com.br\/site\/2026\/04\/28\/fundacao-bienal-leva-exposicoes-ao-museu-fama\/#primaryimage"},"thumbnailUrl":"https:\/\/revistaregional.com.br\/site\/wp-content\/uploads\/2026\/04\/3.jpg","datePublished":"2026-04-28T13:27:17+00:00","author":{"@id":"https:\/\/revistaregional.com.br\/site\/#\/schema\/person\/36e364a1eecb8d0aa8b2b130df3b9978"},"breadcrumb":{"@id":"https:\/\/revistaregional.com.br\/site\/2026\/04\/28\/fundacao-bienal-leva-exposicoes-ao-museu-fama\/#breadcrumb"},"inLanguage":"pt-BR","potentialAction":[{"@type":"ReadAction","target":["https:\/\/revistaregional.com.br\/site\/2026\/04\/28\/fundacao-bienal-leva-exposicoes-ao-museu-fama\/"]}]},{"@type":"ImageObject","inLanguage":"pt-BR","@id":"https:\/\/revistaregional.com.br\/site\/2026\/04\/28\/fundacao-bienal-leva-exposicoes-ao-museu-fama\/#primaryimage","url":"https:\/\/revistaregional.com.br\/site\/wp-content\/uploads\/2026\/04\/3.jpg","contentUrl":"https:\/\/revistaregional.com.br\/site\/wp-content\/uploads\/2026\/04\/3.jpg","width":2000,"height":1335,"caption":"34\u00aa Bienal de S\u00e3o Paulo, 2021 \u00a9 Levi Fanan _ Funda\u00e7\u00e3o Bienal de S\u00e3o Paulo"},{"@type":"BreadcrumbList","@id":"https:\/\/revistaregional.com.br\/site\/2026\/04\/28\/fundacao-bienal-leva-exposicoes-ao-museu-fama\/#breadcrumb","itemListElement":[{"@type":"ListItem","position":1,"name":"In\u00edcio","item":"https:\/\/revistaregional.com.br\/site\/"},{"@type":"ListItem","position":2,"name":"Funda\u00e7\u00e3o Bienal leva exposi\u00e7\u00f5es ao Museu Fama"}]},{"@type":"WebSite","@id":"https:\/\/revistaregional.com.br\/site\/#website","url":"https:\/\/revistaregional.com.br\/site\/","name":"Revista Regional","description":"Salto - Itu - Indaituba","potentialAction":[{"@type":"SearchAction","target":{"@type":"EntryPoint","urlTemplate":"https:\/\/revistaregional.com.br\/site\/?s={search_term_string}"},"query-input":{"@type":"PropertyValueSpecification","valueRequired":true,"valueName":"search_term_string"}}],"inLanguage":"pt-BR"},{"@type":"Person","@id":"https:\/\/revistaregional.com.br\/site\/#\/schema\/person\/36e364a1eecb8d0aa8b2b130df3b9978","name":"Revista Regional","image":{"@type":"ImageObject","inLanguage":"pt-BR","@id":"https:\/\/secure.gravatar.com\/avatar\/b66ebee092f43558ad764994726fd73529b28b6b57f917079eef3e7c5dbd34ad?s=96&d=mm&r=g","url":"https:\/\/secure.gravatar.com\/avatar\/b66ebee092f43558ad764994726fd73529b28b6b57f917079eef3e7c5dbd34ad?s=96&d=mm&r=g","contentUrl":"https:\/\/secure.gravatar.com\/avatar\/b66ebee092f43558ad764994726fd73529b28b6b57f917079eef3e7c5dbd34ad?s=96&d=mm&r=g","caption":"Revista Regional"},"url":"https:\/\/revistaregional.com.br\/site\/author\/revista-regionaluol-com-br\/"}]}},"views":72,"_links":{"self":[{"href":"https:\/\/revistaregional.com.br\/site\/wp-json\/wp\/v2\/posts\/36626","targetHints":{"allow":["GET"]}}],"collection":[{"href":"https:\/\/revistaregional.com.br\/site\/wp-json\/wp\/v2\/posts"}],"about":[{"href":"https:\/\/revistaregional.com.br\/site\/wp-json\/wp\/v2\/types\/post"}],"author":[{"embeddable":true,"href":"https:\/\/revistaregional.com.br\/site\/wp-json\/wp\/v2\/users\/2"}],"replies":[{"embeddable":true,"href":"https:\/\/revistaregional.com.br\/site\/wp-json\/wp\/v2\/comments?post=36626"}],"version-history":[{"count":1,"href":"https:\/\/revistaregional.com.br\/site\/wp-json\/wp\/v2\/posts\/36626\/revisions"}],"predecessor-version":[{"id":36630,"href":"https:\/\/revistaregional.com.br\/site\/wp-json\/wp\/v2\/posts\/36626\/revisions\/36630"}],"wp:featuredmedia":[{"embeddable":true,"href":"https:\/\/revistaregional.com.br\/site\/wp-json\/wp\/v2\/media\/36629"}],"wp:attachment":[{"href":"https:\/\/revistaregional.com.br\/site\/wp-json\/wp\/v2\/media?parent=36626"}],"wp:term":[{"taxonomy":"category","embeddable":true,"href":"https:\/\/revistaregional.com.br\/site\/wp-json\/wp\/v2\/categories?post=36626"},{"taxonomy":"post_tag","embeddable":true,"href":"https:\/\/revistaregional.com.br\/site\/wp-json\/wp\/v2\/tags?post=36626"}],"curies":[{"name":"wp","href":"https:\/\/api.w.org\/{rel}","templated":true}]}}