{"id":36623,"date":"2026-04-28T10:24:38","date_gmt":"2026-04-28T13:24:38","guid":{"rendered":"https:\/\/revistaregional.com.br\/site\/?p=36623"},"modified":"2026-04-28T10:24:38","modified_gmt":"2026-04-28T13:24:38","slug":"museu-republicano-oferece-curso-de-educacao-patrimonial","status":"publish","type":"post","link":"https:\/\/revistaregional.com.br\/site\/2026\/04\/28\/museu-republicano-oferece-curso-de-educacao-patrimonial\/","title":{"rendered":"Museu Republicano oferece curso de educa\u00e7\u00e3o patrimonial"},"content":{"rendered":"<p><em>Atividade \u00e9 gratuita e re\u00fane especialistas para discutir pr\u00e1ticas participativas de preserva\u00e7\u00e3o do Patrim\u00f4nio Cultural em encontros online e presenciais entre maio e junho<\/em><\/p>\n<figure id=\"attachment_36624\" aria-describedby=\"caption-attachment-36624\" style=\"width: 200px\" class=\"wp-caption aligncenter\"><a href=\"https:\/\/revistaregional.com.br\/site\/wp-content\/uploads\/2026\/04\/Wilma-Luiza-Releitura-bordada-do-detalhe-de-Festa-do-Divino-Espirito-Santo-2019-\u2014-Acervo-do-Museu-Republicano-de-Itu-\u2013-Museu-Paulista-da-USP-scaled.jpg\"><img fetchpriority=\"high\" decoding=\"async\" class=\"size-medium wp-image-36624\" src=\"https:\/\/revistaregional.com.br\/site\/wp-content\/uploads\/2026\/04\/Wilma-Luiza-Releitura-bordada-do-detalhe-de-Festa-do-Divino-Espirito-Santo-2019-\u2014-Acervo-do-Museu-Republicano-de-Itu-\u2013-Museu-Paulista-da-USP-200x300.jpg\" alt=\"\" width=\"200\" height=\"300\" srcset=\"https:\/\/revistaregional.com.br\/site\/wp-content\/uploads\/2026\/04\/Wilma-Luiza-Releitura-bordada-do-detalhe-de-Festa-do-Divino-Espirito-Santo-2019-\u2014-Acervo-do-Museu-Republicano-de-Itu-\u2013-Museu-Paulista-da-USP-200x300.jpg 200w, https:\/\/revistaregional.com.br\/site\/wp-content\/uploads\/2026\/04\/Wilma-Luiza-Releitura-bordada-do-detalhe-de-Festa-do-Divino-Espirito-Santo-2019-\u2014-Acervo-do-Museu-Republicano-de-Itu-\u2013-Museu-Paulista-da-USP-683x1024.jpg 683w, https:\/\/revistaregional.com.br\/site\/wp-content\/uploads\/2026\/04\/Wilma-Luiza-Releitura-bordada-do-detalhe-de-Festa-do-Divino-Espirito-Santo-2019-\u2014-Acervo-do-Museu-Republicano-de-Itu-\u2013-Museu-Paulista-da-USP-1024x1536.jpg 1024w, https:\/\/revistaregional.com.br\/site\/wp-content\/uploads\/2026\/04\/Wilma-Luiza-Releitura-bordada-do-detalhe-de-Festa-do-Divino-Espirito-Santo-2019-\u2014-Acervo-do-Museu-Republicano-de-Itu-\u2013-Museu-Paulista-da-USP-1365x2048.jpg 1365w, https:\/\/revistaregional.com.br\/site\/wp-content\/uploads\/2026\/04\/Wilma-Luiza-Releitura-bordada-do-detalhe-de-Festa-do-Divino-Espirito-Santo-2019-\u2014-Acervo-do-Museu-Republicano-de-Itu-\u2013-Museu-Paulista-da-USP-scaled.jpg 1707w\" sizes=\"(max-width: 200px) 100vw, 200px\" \/><\/a><figcaption id=\"caption-attachment-36624\" class=\"wp-caption-text\">Releitura bordada do detalhe de Festa do Divino Esp\u00edrito Santo, por Wilma Luiza, 2019 \u2014 Acervo do Museu Republicano de Itu \u2013 Museu Paulista da USP<\/figcaption><\/figure>\n<p>Entre os dias 16 de maio e 03 de junho de 2026, o Museu Republicano de Itu, uma das sedes do Museu Paulista da USP, realizar\u00e1 o Curso de Extens\u00e3o da Pr\u00f3-Reitoria de Cultura e Extens\u00e3o Universit\u00e1ria \u201cEduca\u00e7\u00e3o Patrimonial e Participa\u00e7\u00e3o social\u201d, voltado a educadores, pesquisadores e pessoas interessadas nas rela\u00e7\u00f5es entre patrim\u00f4nio cultural, mem\u00f3ria e participa\u00e7\u00e3o social. A atividade \u00e9 gratuita.<\/p>\n<p>Com formato h\u00edbrido, o curso contar\u00e1 com dois encontros online e dois presenciais. As aulas presenciais ocorrer\u00e3o nos dias 16 e 30 de maio das 10h \u00e0s 16h, com intervalo para almo\u00e7o entre 12h e 14h, sempre no Centro de Estudos do Museu Republicano de Itu. J\u00e1 os encontros online acontecer\u00e3o nos dias 20 de maio e 03 de junho, das 19h \u00e0s 21h, pela plataforma Google Meet. A atividade \u00e9 coordenada por Francisco de Carvalho Dias de Andrade, supervisor do Museu Republicano de Itu.<\/p>\n<p>A proposta do curso parte das abordagens contempor\u00e2neas da educa\u00e7\u00e3o patrimonial, que compreendem o patrim\u00f4nio cultural como resultado de processos coletivos e participativos de constru\u00e7\u00e3o de sentidos. Nesse contexto, as atividades buscam discutir como diferentes grupos sociais podem atuar como protagonistas na defini\u00e7\u00e3o, preserva\u00e7\u00e3o e interpreta\u00e7\u00e3o de suas refer\u00eancias culturais.<\/p>\n<p>Ao longo do programa, especialistas convidados abordar\u00e3o temas como invent\u00e1rios participativos, patrim\u00f4nio imaterial, participa\u00e7\u00e3o social nos processos de patrimonializa\u00e7\u00e3o e pr\u00e1ticas educativas vinculadas a acervos culturais. Al\u00e9m das discuss\u00f5es conceituais, o curso tamb\u00e9m prev\u00ea atividades pr\u00e1ticas, incluindo uma din\u00e2mica de constru\u00e7\u00e3o coletiva com os participantes.<\/p>\n<p>Entre os docentes e pesquisadores convidados est\u00e3o Simone Scifoni, S\u00f4nia Regina Rampim Flor\u00eancio, Marcos Monteiro Rabelo, Marycl\u00e9a Carmona Mau\u00e9s Neves, Gabrielle Cifelli, Lu\u00eds Roberto da Rocha de Francisco e Aline Antunes Zanatta, profissionais com atua\u00e7\u00e3o em pesquisa, ensino e gest\u00e3o do patrim\u00f4nio cultural.<\/p>\n<p>Com 60 vagas dispon\u00edveis, o curso \u00e9 gratuito e n\u00e3o exige pr\u00e9-requisitos. As inscri\u00e7\u00f5es ser\u00e3o realizadas online, pelo Sistema Apolo da USP, entre 16 de abril e 12 de maio de 2026, e a sele\u00e7\u00e3o ocorrer\u00e1 por ordem de inscri\u00e7\u00e3o.<\/p>\n<p><strong>Inscri\u00e7\u00f5es:<\/strong><\/p>\n<p><a href=\"https:\/\/uspdigital.usp.br\/apolo\/apoObterCurso?cod_curso=330400092&amp;cod_edicao=26001&amp;numseqofeedi=1\">https:\/\/uspdigital.usp.br\/apolo\/apoObterCurso?cod_curso=330400092&amp;cod_edicao=26001&amp;numseqofeedi=1<\/a><\/p>\n<p>&nbsp;<\/p>\n<p><strong>SERVI\u00c7O<\/strong><\/p>\n<p>Curso de extens\u00e3o: Educa\u00e7\u00e3o Patrimonial e Participa\u00e7\u00e3o social<\/p>\n<p>Datas e hor\u00e1rios:<\/p>\n<p>16 de maio de 2026 \u2014 10h \u00e0s 16h (presencial)<\/p>\n<p>20 de maio de 2026 \u2014 19h \u00e0s 21h (online)<\/p>\n<p>30 de maio de 2026 \u2014 10h \u00e0s 16h (presencial)<\/p>\n<p>3 de junho de 2026 \u2014 19h \u00e0s 21h (online)<br \/>\nLocal das aulas presenciais: Centro de Estudos do Museu Republicano de Itu<br \/>\nRua Bar\u00e3o de Itaim, 140, Centro \u2013 Itu (SP)<\/p>\n<p>Vagas: 60<\/p>\n<p>Inscri\u00e7\u00f5es gratuitas: 16\/04 a 12\/05<\/p>\n<p>Link: <a href=\"https:\/\/uspdigital.usp.br\/apolo\/apoObterCurso?cod_curso=330400092&amp;cod_edicao=26001&amp;numseqofeedi=1\">https:\/\/uspdigital.usp.br\/apolo\/apoObterCurso?cod_curso=330400092&amp;cod_edicao=26001&amp;numseqofeedi=1<\/a><\/p>\n<p>Informa\u00e7\u00f5es: (11) 4023-0240 \u2013 menu 3 | edu.mrci@usp.br<\/p>\n<p>&nbsp;<\/p>\n<p><strong>Museu Republicano Conven\u00e7\u00e3o de Itu<\/strong><\/p>\n<p>Endere\u00e7o: Rua Bar\u00e3o de Itaim, 67, Centro Hist\u00f3rico &#8211; Est\u00e2ncia Tur\u00edstica de Itu<\/p>\n<p>Funcionamento: Aberto de ter\u00e7a a domingo, das 10h \u00e0s 17 horas<\/p>\n<p><strong>Centro de Estudos do Museu Republicano de Itu<\/strong><\/p>\n<p>Endere\u00e7o: Rua Bar\u00e3o de Itaim, 140, Centro Hist\u00f3rico &#8211; Est\u00e2ncia Tur\u00edstica de Itu<\/p>\n<p>Funcionamento: Aberto de segunda a sexta, das 8h \u00e0s 17h<\/p>\n<p>Mais informa\u00e7\u00f5es: <a href=\"https:\/\/museurepublicano.usp.br\/\">https:\/\/museurepublicano.usp.br\/<\/a><\/p>\n<p>&nbsp;<\/p>\n","protected":false},"excerpt":{"rendered":"<p>Atividade \u00e9 gratuita e re\u00fane especialistas para discutir pr\u00e1ticas participativas de preserva\u00e7\u00e3o do Patrim\u00f4nio Cultural em encontros online e presenciais entre maio e junho Entre os dias 16 de maio e 03 de junho de 2026, o Museu Republicano de Itu, uma das sedes do Museu Paulista da USP, realizar\u00e1 o Curso de Extens\u00e3o da [&hellip;]<\/p>\n","protected":false},"author":2,"featured_media":36624,"comment_status":"open","ping_status":"open","sticky":false,"template":"","format":"standard","meta":{"_acf_changed":false,"ngg_post_thumbnail":0,"_joinchat":[],"footnotes":""},"categories":[4,449],"tags":[],"class_list":["post-36623","post","type-post","status-publish","format-standard","has-post-thumbnail","hentry","category-cultura","category-destaque-lateral"],"acf":[],"yoast_head":"<!-- This site is optimized with the Yoast SEO plugin v27.5 - https:\/\/yoast.com\/product\/yoast-seo-wordpress\/ -->\n<title>Museu Republicano oferece curso de educa\u00e7\u00e3o patrimonial - Revista Regional<\/title>\n<meta name=\"robots\" content=\"index, follow, max-snippet:-1, max-image-preview:large, max-video-preview:-1\" \/>\n<link rel=\"canonical\" href=\"https:\/\/revistaregional.com.br\/site\/2026\/04\/28\/museu-republicano-oferece-curso-de-educacao-patrimonial\/\" \/>\n<meta property=\"og:locale\" content=\"pt_BR\" \/>\n<meta property=\"og:type\" content=\"article\" \/>\n<meta property=\"og:title\" content=\"Museu Republicano oferece curso de educa\u00e7\u00e3o patrimonial - Revista Regional\" \/>\n<meta property=\"og:description\" content=\"Atividade \u00e9 gratuita e re\u00fane especialistas para discutir pr\u00e1ticas participativas de preserva\u00e7\u00e3o do Patrim\u00f4nio Cultural em encontros online e presenciais entre maio e junho Entre os dias 16 de maio e 03 de junho de 2026, o Museu Republicano de Itu, uma das sedes do Museu Paulista da USP, realizar\u00e1 o Curso de Extens\u00e3o da [&hellip;]\" \/>\n<meta property=\"og:url\" content=\"https:\/\/revistaregional.com.br\/site\/2026\/04\/28\/museu-republicano-oferece-curso-de-educacao-patrimonial\/\" \/>\n<meta property=\"og:site_name\" content=\"Revista Regional\" \/>\n<meta property=\"article:published_time\" content=\"2026-04-28T13:24:38+00:00\" \/>\n<meta property=\"og:image\" content=\"https:\/\/revistaregional.com.br\/site\/wp-content\/uploads\/2026\/04\/Wilma-Luiza-Releitura-bordada-do-detalhe-de-Festa-do-Divino-Espirito-Santo-2019-\u2014-Acervo-do-Museu-Republicano-de-Itu-\u2013-Museu-Paulista-da-USP-scaled.jpg\" \/>\n\t<meta property=\"og:image:width\" content=\"1707\" \/>\n\t<meta property=\"og:image:height\" content=\"2560\" \/>\n\t<meta property=\"og:image:type\" content=\"image\/jpeg\" \/>\n<meta name=\"author\" content=\"Revista Regional\" \/>\n<meta name=\"twitter:card\" content=\"summary_large_image\" \/>\n<meta name=\"twitter:label1\" content=\"Escrito por\" \/>\n\t<meta name=\"twitter:data1\" content=\"Revista Regional\" \/>\n\t<meta name=\"twitter:label2\" content=\"Est. tempo de leitura\" \/>\n\t<meta name=\"twitter:data2\" content=\"4 minutos\" \/>\n<script type=\"application\/ld+json\" class=\"yoast-schema-graph\">{\"@context\":\"https:\\\/\\\/schema.org\",\"@graph\":[{\"@type\":\"Article\",\"@id\":\"https:\\\/\\\/revistaregional.com.br\\\/site\\\/2026\\\/04\\\/28\\\/museu-republicano-oferece-curso-de-educacao-patrimonial\\\/#article\",\"isPartOf\":{\"@id\":\"https:\\\/\\\/revistaregional.com.br\\\/site\\\/2026\\\/04\\\/28\\\/museu-republicano-oferece-curso-de-educacao-patrimonial\\\/\"},\"author\":{\"name\":\"Revista Regional\",\"@id\":\"https:\\\/\\\/revistaregional.com.br\\\/site\\\/#\\\/schema\\\/person\\\/36e364a1eecb8d0aa8b2b130df3b9978\"},\"headline\":\"Museu Republicano oferece curso de educa\u00e7\u00e3o patrimonial\",\"datePublished\":\"2026-04-28T13:24:38+00:00\",\"mainEntityOfPage\":{\"@id\":\"https:\\\/\\\/revistaregional.com.br\\\/site\\\/2026\\\/04\\\/28\\\/museu-republicano-oferece-curso-de-educacao-patrimonial\\\/\"},\"wordCount\":613,\"commentCount\":0,\"image\":{\"@id\":\"https:\\\/\\\/revistaregional.com.br\\\/site\\\/2026\\\/04\\\/28\\\/museu-republicano-oferece-curso-de-educacao-patrimonial\\\/#primaryimage\"},\"thumbnailUrl\":\"https:\\\/\\\/revistaregional.com.br\\\/site\\\/wp-content\\\/uploads\\\/2026\\\/04\\\/Wilma-Luiza-Releitura-bordada-do-detalhe-de-Festa-do-Divino-Espirito-Santo-2019-\u2014-Acervo-do-Museu-Republicano-de-Itu-\u2013-Museu-Paulista-da-USP-scaled.jpg\",\"articleSection\":[\"Cultura\",\"Destaque Lateral\"],\"inLanguage\":\"pt-BR\",\"potentialAction\":[{\"@type\":\"CommentAction\",\"name\":\"Comment\",\"target\":[\"https:\\\/\\\/revistaregional.com.br\\\/site\\\/2026\\\/04\\\/28\\\/museu-republicano-oferece-curso-de-educacao-patrimonial\\\/#respond\"]}]},{\"@type\":\"WebPage\",\"@id\":\"https:\\\/\\\/revistaregional.com.br\\\/site\\\/2026\\\/04\\\/28\\\/museu-republicano-oferece-curso-de-educacao-patrimonial\\\/\",\"url\":\"https:\\\/\\\/revistaregional.com.br\\\/site\\\/2026\\\/04\\\/28\\\/museu-republicano-oferece-curso-de-educacao-patrimonial\\\/\",\"name\":\"Museu Republicano oferece curso de educa\u00e7\u00e3o patrimonial - Revista Regional\",\"isPartOf\":{\"@id\":\"https:\\\/\\\/revistaregional.com.br\\\/site\\\/#website\"},\"primaryImageOfPage\":{\"@id\":\"https:\\\/\\\/revistaregional.com.br\\\/site\\\/2026\\\/04\\\/28\\\/museu-republicano-oferece-curso-de-educacao-patrimonial\\\/#primaryimage\"},\"image\":{\"@id\":\"https:\\\/\\\/revistaregional.com.br\\\/site\\\/2026\\\/04\\\/28\\\/museu-republicano-oferece-curso-de-educacao-patrimonial\\\/#primaryimage\"},\"thumbnailUrl\":\"https:\\\/\\\/revistaregional.com.br\\\/site\\\/wp-content\\\/uploads\\\/2026\\\/04\\\/Wilma-Luiza-Releitura-bordada-do-detalhe-de-Festa-do-Divino-Espirito-Santo-2019-\u2014-Acervo-do-Museu-Republicano-de-Itu-\u2013-Museu-Paulista-da-USP-scaled.jpg\",\"datePublished\":\"2026-04-28T13:24:38+00:00\",\"author\":{\"@id\":\"https:\\\/\\\/revistaregional.com.br\\\/site\\\/#\\\/schema\\\/person\\\/36e364a1eecb8d0aa8b2b130df3b9978\"},\"breadcrumb\":{\"@id\":\"https:\\\/\\\/revistaregional.com.br\\\/site\\\/2026\\\/04\\\/28\\\/museu-republicano-oferece-curso-de-educacao-patrimonial\\\/#breadcrumb\"},\"inLanguage\":\"pt-BR\",\"potentialAction\":[{\"@type\":\"ReadAction\",\"target\":[\"https:\\\/\\\/revistaregional.com.br\\\/site\\\/2026\\\/04\\\/28\\\/museu-republicano-oferece-curso-de-educacao-patrimonial\\\/\"]}]},{\"@type\":\"ImageObject\",\"inLanguage\":\"pt-BR\",\"@id\":\"https:\\\/\\\/revistaregional.com.br\\\/site\\\/2026\\\/04\\\/28\\\/museu-republicano-oferece-curso-de-educacao-patrimonial\\\/#primaryimage\",\"url\":\"https:\\\/\\\/revistaregional.com.br\\\/site\\\/wp-content\\\/uploads\\\/2026\\\/04\\\/Wilma-Luiza-Releitura-bordada-do-detalhe-de-Festa-do-Divino-Espirito-Santo-2019-\u2014-Acervo-do-Museu-Republicano-de-Itu-\u2013-Museu-Paulista-da-USP-scaled.jpg\",\"contentUrl\":\"https:\\\/\\\/revistaregional.com.br\\\/site\\\/wp-content\\\/uploads\\\/2026\\\/04\\\/Wilma-Luiza-Releitura-bordada-do-detalhe-de-Festa-do-Divino-Espirito-Santo-2019-\u2014-Acervo-do-Museu-Republicano-de-Itu-\u2013-Museu-Paulista-da-USP-scaled.jpg\",\"width\":1707,\"height\":2560,\"caption\":\"Releitura bordada do detalhe de Festa do Divino Esp\u00edrito Santo, por Wilma Luiza, 2019 \u2014 Acervo do Museu Republicano de Itu \u2013 Museu Paulista da USP\"},{\"@type\":\"BreadcrumbList\",\"@id\":\"https:\\\/\\\/revistaregional.com.br\\\/site\\\/2026\\\/04\\\/28\\\/museu-republicano-oferece-curso-de-educacao-patrimonial\\\/#breadcrumb\",\"itemListElement\":[{\"@type\":\"ListItem\",\"position\":1,\"name\":\"In\u00edcio\",\"item\":\"https:\\\/\\\/revistaregional.com.br\\\/site\\\/\"},{\"@type\":\"ListItem\",\"position\":2,\"name\":\"Museu Republicano oferece curso de educa\u00e7\u00e3o patrimonial\"}]},{\"@type\":\"WebSite\",\"@id\":\"https:\\\/\\\/revistaregional.com.br\\\/site\\\/#website\",\"url\":\"https:\\\/\\\/revistaregional.com.br\\\/site\\\/\",\"name\":\"Revista Regional\",\"description\":\"Salto - Itu - Indaituba\",\"potentialAction\":[{\"@type\":\"SearchAction\",\"target\":{\"@type\":\"EntryPoint\",\"urlTemplate\":\"https:\\\/\\\/revistaregional.com.br\\\/site\\\/?s={search_term_string}\"},\"query-input\":{\"@type\":\"PropertyValueSpecification\",\"valueRequired\":true,\"valueName\":\"search_term_string\"}}],\"inLanguage\":\"pt-BR\"},{\"@type\":\"Person\",\"@id\":\"https:\\\/\\\/revistaregional.com.br\\\/site\\\/#\\\/schema\\\/person\\\/36e364a1eecb8d0aa8b2b130df3b9978\",\"name\":\"Revista Regional\",\"image\":{\"@type\":\"ImageObject\",\"inLanguage\":\"pt-BR\",\"@id\":\"https:\\\/\\\/secure.gravatar.com\\\/avatar\\\/b66ebee092f43558ad764994726fd73529b28b6b57f917079eef3e7c5dbd34ad?s=96&d=mm&r=g\",\"url\":\"https:\\\/\\\/secure.gravatar.com\\\/avatar\\\/b66ebee092f43558ad764994726fd73529b28b6b57f917079eef3e7c5dbd34ad?s=96&d=mm&r=g\",\"contentUrl\":\"https:\\\/\\\/secure.gravatar.com\\\/avatar\\\/b66ebee092f43558ad764994726fd73529b28b6b57f917079eef3e7c5dbd34ad?s=96&d=mm&r=g\",\"caption\":\"Revista Regional\"},\"url\":\"https:\\\/\\\/revistaregional.com.br\\\/site\\\/author\\\/revista-regionaluol-com-br\\\/\"}]}<\/script>\n<!-- \/ Yoast SEO plugin. -->","yoast_head_json":{"title":"Museu Republicano oferece curso de educa\u00e7\u00e3o patrimonial - Revista Regional","robots":{"index":"index","follow":"follow","max-snippet":"max-snippet:-1","max-image-preview":"max-image-preview:large","max-video-preview":"max-video-preview:-1"},"canonical":"https:\/\/revistaregional.com.br\/site\/2026\/04\/28\/museu-republicano-oferece-curso-de-educacao-patrimonial\/","og_locale":"pt_BR","og_type":"article","og_title":"Museu Republicano oferece curso de educa\u00e7\u00e3o patrimonial - Revista Regional","og_description":"Atividade \u00e9 gratuita e re\u00fane especialistas para discutir pr\u00e1ticas participativas de preserva\u00e7\u00e3o do Patrim\u00f4nio Cultural em encontros online e presenciais entre maio e junho Entre os dias 16 de maio e 03 de junho de 2026, o Museu Republicano de Itu, uma das sedes do Museu Paulista da USP, realizar\u00e1 o Curso de Extens\u00e3o da [&hellip;]","og_url":"https:\/\/revistaregional.com.br\/site\/2026\/04\/28\/museu-republicano-oferece-curso-de-educacao-patrimonial\/","og_site_name":"Revista Regional","article_published_time":"2026-04-28T13:24:38+00:00","og_image":[{"width":1707,"height":2560,"url":"https:\/\/revistaregional.com.br\/site\/wp-content\/uploads\/2026\/04\/Wilma-Luiza-Releitura-bordada-do-detalhe-de-Festa-do-Divino-Espirito-Santo-2019-\u2014-Acervo-do-Museu-Republicano-de-Itu-\u2013-Museu-Paulista-da-USP-scaled.jpg","type":"image\/jpeg"}],"author":"Revista Regional","twitter_card":"summary_large_image","twitter_misc":{"Escrito por":"Revista Regional","Est. tempo de leitura":"4 minutos"},"schema":{"@context":"https:\/\/schema.org","@graph":[{"@type":"Article","@id":"https:\/\/revistaregional.com.br\/site\/2026\/04\/28\/museu-republicano-oferece-curso-de-educacao-patrimonial\/#article","isPartOf":{"@id":"https:\/\/revistaregional.com.br\/site\/2026\/04\/28\/museu-republicano-oferece-curso-de-educacao-patrimonial\/"},"author":{"name":"Revista Regional","@id":"https:\/\/revistaregional.com.br\/site\/#\/schema\/person\/36e364a1eecb8d0aa8b2b130df3b9978"},"headline":"Museu Republicano oferece curso de educa\u00e7\u00e3o patrimonial","datePublished":"2026-04-28T13:24:38+00:00","mainEntityOfPage":{"@id":"https:\/\/revistaregional.com.br\/site\/2026\/04\/28\/museu-republicano-oferece-curso-de-educacao-patrimonial\/"},"wordCount":613,"commentCount":0,"image":{"@id":"https:\/\/revistaregional.com.br\/site\/2026\/04\/28\/museu-republicano-oferece-curso-de-educacao-patrimonial\/#primaryimage"},"thumbnailUrl":"https:\/\/revistaregional.com.br\/site\/wp-content\/uploads\/2026\/04\/Wilma-Luiza-Releitura-bordada-do-detalhe-de-Festa-do-Divino-Espirito-Santo-2019-\u2014-Acervo-do-Museu-Republicano-de-Itu-\u2013-Museu-Paulista-da-USP-scaled.jpg","articleSection":["Cultura","Destaque Lateral"],"inLanguage":"pt-BR","potentialAction":[{"@type":"CommentAction","name":"Comment","target":["https:\/\/revistaregional.com.br\/site\/2026\/04\/28\/museu-republicano-oferece-curso-de-educacao-patrimonial\/#respond"]}]},{"@type":"WebPage","@id":"https:\/\/revistaregional.com.br\/site\/2026\/04\/28\/museu-republicano-oferece-curso-de-educacao-patrimonial\/","url":"https:\/\/revistaregional.com.br\/site\/2026\/04\/28\/museu-republicano-oferece-curso-de-educacao-patrimonial\/","name":"Museu Republicano oferece curso de educa\u00e7\u00e3o patrimonial - Revista Regional","isPartOf":{"@id":"https:\/\/revistaregional.com.br\/site\/#website"},"primaryImageOfPage":{"@id":"https:\/\/revistaregional.com.br\/site\/2026\/04\/28\/museu-republicano-oferece-curso-de-educacao-patrimonial\/#primaryimage"},"image":{"@id":"https:\/\/revistaregional.com.br\/site\/2026\/04\/28\/museu-republicano-oferece-curso-de-educacao-patrimonial\/#primaryimage"},"thumbnailUrl":"https:\/\/revistaregional.com.br\/site\/wp-content\/uploads\/2026\/04\/Wilma-Luiza-Releitura-bordada-do-detalhe-de-Festa-do-Divino-Espirito-Santo-2019-\u2014-Acervo-do-Museu-Republicano-de-Itu-\u2013-Museu-Paulista-da-USP-scaled.jpg","datePublished":"2026-04-28T13:24:38+00:00","author":{"@id":"https:\/\/revistaregional.com.br\/site\/#\/schema\/person\/36e364a1eecb8d0aa8b2b130df3b9978"},"breadcrumb":{"@id":"https:\/\/revistaregional.com.br\/site\/2026\/04\/28\/museu-republicano-oferece-curso-de-educacao-patrimonial\/#breadcrumb"},"inLanguage":"pt-BR","potentialAction":[{"@type":"ReadAction","target":["https:\/\/revistaregional.com.br\/site\/2026\/04\/28\/museu-republicano-oferece-curso-de-educacao-patrimonial\/"]}]},{"@type":"ImageObject","inLanguage":"pt-BR","@id":"https:\/\/revistaregional.com.br\/site\/2026\/04\/28\/museu-republicano-oferece-curso-de-educacao-patrimonial\/#primaryimage","url":"https:\/\/revistaregional.com.br\/site\/wp-content\/uploads\/2026\/04\/Wilma-Luiza-Releitura-bordada-do-detalhe-de-Festa-do-Divino-Espirito-Santo-2019-\u2014-Acervo-do-Museu-Republicano-de-Itu-\u2013-Museu-Paulista-da-USP-scaled.jpg","contentUrl":"https:\/\/revistaregional.com.br\/site\/wp-content\/uploads\/2026\/04\/Wilma-Luiza-Releitura-bordada-do-detalhe-de-Festa-do-Divino-Espirito-Santo-2019-\u2014-Acervo-do-Museu-Republicano-de-Itu-\u2013-Museu-Paulista-da-USP-scaled.jpg","width":1707,"height":2560,"caption":"Releitura bordada do detalhe de Festa do Divino Esp\u00edrito Santo, por Wilma Luiza, 2019 \u2014 Acervo do Museu Republicano de Itu \u2013 Museu Paulista da USP"},{"@type":"BreadcrumbList","@id":"https:\/\/revistaregional.com.br\/site\/2026\/04\/28\/museu-republicano-oferece-curso-de-educacao-patrimonial\/#breadcrumb","itemListElement":[{"@type":"ListItem","position":1,"name":"In\u00edcio","item":"https:\/\/revistaregional.com.br\/site\/"},{"@type":"ListItem","position":2,"name":"Museu Republicano oferece curso de educa\u00e7\u00e3o patrimonial"}]},{"@type":"WebSite","@id":"https:\/\/revistaregional.com.br\/site\/#website","url":"https:\/\/revistaregional.com.br\/site\/","name":"Revista Regional","description":"Salto - Itu - Indaituba","potentialAction":[{"@type":"SearchAction","target":{"@type":"EntryPoint","urlTemplate":"https:\/\/revistaregional.com.br\/site\/?s={search_term_string}"},"query-input":{"@type":"PropertyValueSpecification","valueRequired":true,"valueName":"search_term_string"}}],"inLanguage":"pt-BR"},{"@type":"Person","@id":"https:\/\/revistaregional.com.br\/site\/#\/schema\/person\/36e364a1eecb8d0aa8b2b130df3b9978","name":"Revista Regional","image":{"@type":"ImageObject","inLanguage":"pt-BR","@id":"https:\/\/secure.gravatar.com\/avatar\/b66ebee092f43558ad764994726fd73529b28b6b57f917079eef3e7c5dbd34ad?s=96&d=mm&r=g","url":"https:\/\/secure.gravatar.com\/avatar\/b66ebee092f43558ad764994726fd73529b28b6b57f917079eef3e7c5dbd34ad?s=96&d=mm&r=g","contentUrl":"https:\/\/secure.gravatar.com\/avatar\/b66ebee092f43558ad764994726fd73529b28b6b57f917079eef3e7c5dbd34ad?s=96&d=mm&r=g","caption":"Revista Regional"},"url":"https:\/\/revistaregional.com.br\/site\/author\/revista-regionaluol-com-br\/"}]}},"views":26,"_links":{"self":[{"href":"https:\/\/revistaregional.com.br\/site\/wp-json\/wp\/v2\/posts\/36623","targetHints":{"allow":["GET"]}}],"collection":[{"href":"https:\/\/revistaregional.com.br\/site\/wp-json\/wp\/v2\/posts"}],"about":[{"href":"https:\/\/revistaregional.com.br\/site\/wp-json\/wp\/v2\/types\/post"}],"author":[{"embeddable":true,"href":"https:\/\/revistaregional.com.br\/site\/wp-json\/wp\/v2\/users\/2"}],"replies":[{"embeddable":true,"href":"https:\/\/revistaregional.com.br\/site\/wp-json\/wp\/v2\/comments?post=36623"}],"version-history":[{"count":1,"href":"https:\/\/revistaregional.com.br\/site\/wp-json\/wp\/v2\/posts\/36623\/revisions"}],"predecessor-version":[{"id":36625,"href":"https:\/\/revistaregional.com.br\/site\/wp-json\/wp\/v2\/posts\/36623\/revisions\/36625"}],"wp:featuredmedia":[{"embeddable":true,"href":"https:\/\/revistaregional.com.br\/site\/wp-json\/wp\/v2\/media\/36624"}],"wp:attachment":[{"href":"https:\/\/revistaregional.com.br\/site\/wp-json\/wp\/v2\/media?parent=36623"}],"wp:term":[{"taxonomy":"category","embeddable":true,"href":"https:\/\/revistaregional.com.br\/site\/wp-json\/wp\/v2\/categories?post=36623"},{"taxonomy":"post_tag","embeddable":true,"href":"https:\/\/revistaregional.com.br\/site\/wp-json\/wp\/v2\/tags?post=36623"}],"curies":[{"name":"wp","href":"https:\/\/api.w.org\/{rel}","templated":true}]}}