{"id":36617,"date":"2026-04-28T10:17:16","date_gmt":"2026-04-28T13:17:16","guid":{"rendered":"https:\/\/revistaregional.com.br\/site\/?p=36617"},"modified":"2026-04-28T10:17:16","modified_gmt":"2026-04-28T13:17:16","slug":"david-jr-em-entrevista-exclusiva-sucesso-em-dose-dupla","status":"publish","type":"post","link":"https:\/\/revistaregional.com.br\/site\/2026\/04\/28\/david-jr-em-entrevista-exclusiva-sucesso-em-dose-dupla\/","title":{"rendered":"David Jr. em entrevista exclusiva: sucesso em dose dupla"},"content":{"rendered":"<p><em>Ator, no ar em dose dupla nas novelas \u2018Dona Beja\u2019 e \u2018Cora\u00e7\u00e3o Acelerado\u2019, celebra suas conquistas sem perder de vista o prop\u00f3sito maior: usar a dramaturgia para plantar sementes de futuro e esperan\u00e7a<\/em><\/p>\n<figure id=\"attachment_36618\" aria-describedby=\"caption-attachment-36618\" style=\"width: 200px\" class=\"wp-caption aligncenter\"><a href=\"https:\/\/revistaregional.com.br\/site\/wp-content\/uploads\/2026\/04\/9Y2A7825.jpg.jpg\"><img fetchpriority=\"high\" decoding=\"async\" class=\"size-medium wp-image-36618\" src=\"https:\/\/revistaregional.com.br\/site\/wp-content\/uploads\/2026\/04\/9Y2A7825.jpg-200x300.jpg\" alt=\"\" width=\"200\" height=\"300\" srcset=\"https:\/\/revistaregional.com.br\/site\/wp-content\/uploads\/2026\/04\/9Y2A7825.jpg-200x300.jpg 200w, https:\/\/revistaregional.com.br\/site\/wp-content\/uploads\/2026\/04\/9Y2A7825.jpg.jpg 682w\" sizes=\"(max-width: 200px) 100vw, 200px\" \/><\/a><figcaption id=\"caption-attachment-36618\" class=\"wp-caption-text\">David Jr. em ensaio especial<\/figcaption><\/figure>\n<p>Na entrevista exclusiva concedida \u00e0 <em>Revista Regional<\/em>, o ator David Junior surge em plena ascens\u00e3o, vivendo simultaneamente dois personagens de universos opostos: o aristocrata Ant\u00f4nio em <em>Dona Beja<\/em> (HBO Max) e o produtor musical Leandro Brasil em <em>Cora\u00e7\u00e3o Acelerado<\/em> (Globo). Entre pap\u00e9is que atravessam s\u00e9culos e estere\u00f3tipos, o ator reflete sobre a pot\u00eancia da arte como ferramenta de debate social. \u201cO mais dolorido para mim, enquanto um corpo preto que se destaca, \u00e9 validar minhas vit\u00f3rias a partir da dor\u201d, afirma, destacando que sua trajet\u00f3ria n\u00e3o pode ser reduzida apenas \u00e0 narrativa da opress\u00e3o. Com eleg\u00e2ncia e firmeza, David Junior fala sobre a responsabilidade de dar vida a personagens que carregam ambiguidades e camadas hist\u00f3ricas. \u201cEu costumo dizer que o personagem escolhe o artista, e ser escolhido por Ant\u00f4nio e Leandro para contar essas hist\u00f3rias \u00e9 uma honra e um encantamento ancestral\u201d, revela. A entrevista, conduzida em tom intimista, mostra um artista que celebra conquistas sem perder de vista o prop\u00f3sito maior: usar a dramaturgia para plantar sementes de futuro e esperan\u00e7a.<\/p>\n<p><strong>&nbsp;<\/strong><\/p>\n<p><strong>REVISTA REGIONAL: Em &#8216;Dona Beja&#8217;, o Ant\u00f4nio \u00e9 um homem de tradi\u00e7\u00f5es familiares e respons\u00e1vel pela heran\u00e7a de uma matriarca poderosa, em meio a um contexto hist\u00f3rico que resgata racismo, empoderamento feminino e machismo. Como voc\u00ea enxerga o personagem navegando esses temas t\u00e3o pulsantes na sociedade atual, mesmo ambientados no s\u00e9culo XIX, e qual li\u00e7\u00e3o ele traz para os debates contempor\u00e2neos?<\/strong><\/p>\n<p>DAVID JUNIOR: O mais dolorido para mim, enquanto um corpo preto que se destaca, \u00e9 validar minhas vit\u00f3rias a partir da dor. Todas as entrevistas que dou, independente da conquista, come\u00e7a a ser abordada a partir da opress\u00e3o do racismo e isso em si, j\u00e1 deixa a ferida aberta em mim, enquanto os n\u00e3o negros celebram suas vit\u00f3rias falando de outros assuntos que n\u00e3o passam pela opress\u00e3o. Deixemos a dramaturgia falar por si e perguntemos sobre racismo a quem de fato o reproduz&#8230; Sobre a relev\u00e2ncia dos temas, essa \u00e9 a fun\u00e7\u00e3o da arte, colocar em pauta assuntos que precisam ser discutidos na sociedade. Isso mostra que estamos no caminho certo.<\/p>\n<p><strong>Voc\u00ea est\u00e1 simultaneamente como Ant\u00f4nio em \u2018Dona Beja\u2019, no HBO Max e Leandro Brasil em \u2018Cora\u00e7\u00e3o Acelerado\u2019 na Globo, como esses pap\u00e9is t\u00e3o diferentes em canais variados expandem suas possibilidades de interpreta\u00e7\u00e3o e ressignificam seu corpo, fugindo de estere\u00f3tipos?<\/strong><\/p>\n<p>Tenho uma trajet\u00f3ria art\u00edstica bem variada quanto aos meus personagens e me orgulho muito disso, mas nunca estive no ar em dois produtos ao mesmo tempo. Esse tipo de visibilidade com toda certeza \u00e9 um marco na minha carreira e estou imensamente feliz. S\u00e3o duas excelentes vitrines profissionais, com dois personagens que exigiram pesquisas especificamente diferentes. Um aristocrata do s\u00e9culo XIX e um produtor musical sertanejo, corpos e energias completamente distintas e fora de estere\u00f3tipos. Eu costumo dizer que o personagem escolhe o artista e ser escolhido por Ant\u00f4nio e Leandro para contar essas hist\u00f3rias \u00e9 uma honra e um encantamento ancestral.<\/p>\n<p><strong>Em &#8216;Americana&#8217; s\u00e9rie da Disney+, Benedito \u00e9 um ex-escravizado lutando pela sobreviv\u00eancia com um patr\u00e3o explorador. Eu gostaria que voc\u00ea contasse sobre como foi mergulhar nessa hist\u00f3ria, a sua prepara\u00e7\u00e3o, al\u00e9m claro, do elenco e data de estreia.<\/strong><\/p>\n<p>Benedito \u00e9 um sobrevivente em meio a uma sociedade regida por suas pr\u00f3prias leis. Ainda n\u00e3o temos data de estreia definida, mas nosso elenco vivenciou um mundo \u00e0 parte em \u201cAmericana\u201d. Foi uma experi\u00eancia incr\u00edvel, com uma equipe maravilhosa e disposta a contar uma boa hist\u00f3ria. Espero que gostem quando for ao ar.<\/p>\n<p><strong>Ant\u00f4nio em &#8216;Dona Beja&#8217; vive num regime onde negros ainda enfrentam barreiras sociais sutis, mesmo sem correntes, enquanto Benedito em &#8216;Americana&#8217; carrega as marcas reais da escravid\u00e3o. Como \u00e9 para voc\u00ea revisitar essa luta t\u00e3o recorrente na sua carreira, trazendo camadas t\u00e3o reais para a tela?<\/strong><\/p>\n<p>Entre lutas e vit\u00f3rias, eu escolho celebrar as vit\u00f3rias e usar meus personagens para dar esperan\u00e7a de dias melhores a quem precisa. Sempre coloco uma vis\u00e3o de futuro como mote principal em minha constru\u00e7\u00e3o art\u00edstica com meus personagens, al\u00e9m de empatia e amor ao pr\u00f3ximo. Fazer arte \u00e9 um prop\u00f3sito de vida, \u00e9 heran\u00e7a, \u00e9 plantar uma semente do amanh\u00e3 esperando dias melhores.<\/p>\n<figure id=\"attachment_36619\" aria-describedby=\"caption-attachment-36619\" style=\"width: 200px\" class=\"wp-caption aligncenter\"><a href=\"https:\/\/revistaregional.com.br\/site\/wp-content\/uploads\/2026\/04\/9Y2A7830.jpg.jpg\"><img decoding=\"async\" class=\"size-medium wp-image-36619\" src=\"https:\/\/revistaregional.com.br\/site\/wp-content\/uploads\/2026\/04\/9Y2A7830.jpg-200x300.jpg\" alt=\"\" width=\"200\" height=\"300\" srcset=\"https:\/\/revistaregional.com.br\/site\/wp-content\/uploads\/2026\/04\/9Y2A7830.jpg-200x300.jpg 200w, https:\/\/revistaregional.com.br\/site\/wp-content\/uploads\/2026\/04\/9Y2A7830.jpg.jpg 682w\" sizes=\"(max-width: 200px) 100vw, 200px\" \/><\/a><figcaption id=\"caption-attachment-36619\" class=\"wp-caption-text\">David Jr. est\u00e1 em duas novelas simultaneamente<\/figcaption><\/figure>\n<p><strong>Ao longo da hist\u00f3ria da TV brasileira, personagens como Marco Aur\u00e9lio (Vale Tudo), Felipe Barreto (O Dono do Mundo), Hor\u00e1cio Cortez (Insensato Cora\u00e7\u00e3o) e outros vil\u00f5es marcaram \u00e9poca justamente por ir contra o bem\u2011pensante e tocar em zonas cinzentas da moral. Quando voc\u00ea escolhe um papel, existe uma curiosidade ou at\u00e9 um prazer especial em assumir personalidades mais amb\u00edguas, conflituosas ou anticonvencionais como essas, em vez de um protagonista claramente alinhado \u00e0 \u2018bondade\u2019 oficial? O que, para voc\u00ea, h\u00e1 de mais atraente nesse tipo de personagem?<\/strong><\/p>\n<p>O que a religi\u00e3o de matriz africana me ensinou foi que ningu\u00e9m \u00e9 uma coisa s\u00f3. Todos temos nossas ambiguidades na condi\u00e7\u00e3o de seres humanos que somos, passivos de reproduzirmos o bem e o mal e esse conflito interno levo para todos os meus personagens. N\u00e3o acredito que ningu\u00e9m seja s\u00f3 mocinho o tempo todo, nem que o vil\u00e3o s\u00f3 faz maldade, temos subjetividades, caminhos e escolhas. Quanto ao que \u00e9 certo ou errado, gosto de deixar o p\u00fablico decidir.<\/p>\n<p><strong>Hoje, cuidar da apar\u00eancia deixou de ser um tabu para muitos homens e virou parte da rotina de uma masculinidade mais consciente: rotina de skincare, barba marcada, academia, tratamentos est\u00e9ticos, at\u00e9 procedimentos mais sofisticados. Como voc\u00ea enxerga essa evolu\u00e7\u00e3o da vaidade masculina? Em que momento o cuidado consigo mesmo passou de conven\u00e7\u00e3o social para parte essencial da sua identidade e autoestima?<\/strong><\/p>\n<p>Acho absolutamente necess\u00e1rio o homem aprender a olhar para si e valorar sua vida e sua sa\u00fade de forma geral. O excesso de vaidade a gente cuida com terapia, o que precisa mudar \u00e9 culturalmente o homem morrer mais do que a mulher por falta de cuidado pessoal. N\u00e3o somos educados a comprar nossas pr\u00f3prias cuecas, quem dir\u00e1 agendar um m\u00e9dico para um check-up anual. Cuidar do corpo, da pele, da mente e da alma faz parte da sobreviv\u00eancia do homem e que bom que estamos aprendendo a olharmos no espelho e sabermos o valor que temos.<\/p>\n<p><strong>Voc\u00ea \u00e9 um ator em plena ascens\u00e3o, formado em uma gera\u00e7\u00e3o que j\u00e1 encontra mais representatividade na tela, ainda que com muitas lacunas. Quando voc\u00ea decidiu seguir a carreira, quais foram os atores que voc\u00ea via na TV e que, de alguma forma, desenharam possibilidades para voc\u00ea, seja pelo tipo de papel, pela presen\u00e7a ou pela maneira de ocupar o espa\u00e7o? Que imagem de si mesmo esses nomes ajudaram a construir?<\/strong><\/p>\n<p>Sou da gera\u00e7\u00e3o que viu Mussum, Vera Ver\u00e3o, Milton Gon\u00e7alves, (Antonio) Pitanga, at\u00e9 ser contempor\u00e2neo de L\u00e1zaro (Ramos), Lu\u00eds Miranda, \u00c9rico Br\u00e1s, entre outros. Esses artistas formaram minha autoestima e meu poder de pertencimento dentro da arte com muita dignidade. Eles abriram caminho para que eu ocupasse o lugar que ocupo hoje e sou absolutamente grato a eles por isso.<\/p>\n<figure id=\"attachment_36620\" aria-describedby=\"caption-attachment-36620\" style=\"width: 200px\" class=\"wp-caption aligncenter\"><a href=\"https:\/\/revistaregional.com.br\/site\/wp-content\/uploads\/2026\/04\/9Y2A7849.jpg.jpg\"><img decoding=\"async\" class=\"size-medium wp-image-36620\" src=\"https:\/\/revistaregional.com.br\/site\/wp-content\/uploads\/2026\/04\/9Y2A7849.jpg-200x300.jpg\" alt=\"\" width=\"200\" height=\"300\" srcset=\"https:\/\/revistaregional.com.br\/site\/wp-content\/uploads\/2026\/04\/9Y2A7849.jpg-200x300.jpg 200w, https:\/\/revistaregional.com.br\/site\/wp-content\/uploads\/2026\/04\/9Y2A7849.jpg.jpg 682w\" sizes=\"(max-width: 200px) 100vw, 200px\" \/><\/a><figcaption id=\"caption-attachment-36620\" class=\"wp-caption-text\">David Jr. em ensaio especial<\/figcaption><\/figure>\n<p><strong>Voc\u00ea j\u00e1 afirmou que o ator entret\u00e9m, informa e, ao mesmo tempo, lan\u00e7a luz sobre quest\u00f5es sociais que muitas vezes ficam \u00e0 margem da grande audi\u00eancia. Como voc\u00ea equilibra esse papel de provocar reflex\u00f5es inc\u00f4modas ou necess\u00e1rias no p\u00fablico sem que isso comprometa a fluidez, o encanto e a contund\u00eancia da pr\u00f3pria narrativa da hist\u00f3ria?<\/strong><\/p>\n<p>Eu dou humanidade ao personagem. Ningu\u00e9m faz nada sozinho, existe sempre uma equipe conduzindo nosso dia a dia; preparadores, diretores, assistentes, c\u00e2meras, que constroem comigo essas hist\u00f3rias, al\u00e9m de meus parceiros em cena. Ouvi-los me traz a for\u00e7a que preciso para gestar a personagem e contar sua hist\u00f3ria.<\/p>\n<p><strong>O ano est\u00e1 s\u00f3 come\u00e7ando, quais ser\u00e3o os pr\u00f3ximos projeto para 2026?<\/strong><\/p>\n<p>Temos muito para construir em 2026, artisticamente e pessoalmente. Espero concluir a obra de nossa t\u00e3o sonhada casa, colocar alguns projetos na rua e continuar sendo bem recebido dentro da casa de todos voc\u00eas. Aprendi um prov\u00e9rbio africano que diz: &#8220;O primeiro alfabeto que aprendemos ao nascer \u00e9 o sil\u00eancio, fale menos e aja mais.&#8221; Faz teu corre sem contar para ningu\u00e9m, deixe que seu esfor\u00e7o fale por si. Um excelente 2026 a todos, obrigado pelo convite!<\/p>\n<p>&nbsp;<\/p>\n<p><em><strong>entrevista e texto: Ester Jacopetti<\/strong><\/em><\/p>\n<p><em><strong>fotos: Arquivo pessoal<\/strong><\/em><\/p>\n","protected":false},"excerpt":{"rendered":"<p>Ator, no ar em dose dupla nas novelas \u2018Dona Beja\u2019 e \u2018Cora\u00e7\u00e3o Acelerado\u2019, celebra suas conquistas sem perder de vista o prop\u00f3sito maior: usar a dramaturgia para plantar sementes de futuro e esperan\u00e7a Na entrevista exclusiva concedida \u00e0 Revista Regional, o ator David Junior surge em plena ascens\u00e3o, vivendo simultaneamente dois personagens de universos opostos: [&hellip;]<\/p>\n","protected":false},"author":2,"featured_media":36621,"comment_status":"open","ping_status":"open","sticky":false,"template":"","format":"standard","meta":{"_acf_changed":false,"ngg_post_thumbnail":0,"_joinchat":[],"footnotes":""},"categories":[16,449,482],"tags":[],"class_list":["post-36617","post","type-post","status-publish","format-standard","has-post-thumbnail","hentry","category-conversa","category-destaque-lateral","category-slide"],"acf":[],"yoast_head":"<!-- This site is optimized with the Yoast SEO plugin v27.5 - https:\/\/yoast.com\/product\/yoast-seo-wordpress\/ -->\n<title>David Jr. em entrevista exclusiva: sucesso em dose dupla - Revista Regional<\/title>\n<meta name=\"robots\" content=\"index, follow, max-snippet:-1, max-image-preview:large, max-video-preview:-1\" \/>\n<link rel=\"canonical\" href=\"https:\/\/revistaregional.com.br\/site\/2026\/04\/28\/david-jr-em-entrevista-exclusiva-sucesso-em-dose-dupla\/\" \/>\n<meta property=\"og:locale\" content=\"pt_BR\" \/>\n<meta property=\"og:type\" content=\"article\" \/>\n<meta property=\"og:title\" content=\"David Jr. em entrevista exclusiva: sucesso em dose dupla - Revista Regional\" \/>\n<meta property=\"og:description\" content=\"Ator, no ar em dose dupla nas novelas \u2018Dona Beja\u2019 e \u2018Cora\u00e7\u00e3o Acelerado\u2019, celebra suas conquistas sem perder de vista o prop\u00f3sito maior: usar a dramaturgia para plantar sementes de futuro e esperan\u00e7a Na entrevista exclusiva concedida \u00e0 Revista Regional, o ator David Junior surge em plena ascens\u00e3o, vivendo simultaneamente dois personagens de universos opostos: [&hellip;]\" \/>\n<meta property=\"og:url\" content=\"https:\/\/revistaregional.com.br\/site\/2026\/04\/28\/david-jr-em-entrevista-exclusiva-sucesso-em-dose-dupla\/\" \/>\n<meta property=\"og:site_name\" content=\"Revista Regional\" \/>\n<meta property=\"article:published_time\" content=\"2026-04-28T13:17:16+00:00\" \/>\n<meta property=\"og:image\" content=\"https:\/\/revistaregional.com.br\/site\/wp-content\/uploads\/2026\/04\/site-capa-scaled.jpeg\" \/>\n\t<meta property=\"og:image:width\" content=\"2560\" \/>\n\t<meta property=\"og:image:height\" content=\"1583\" \/>\n\t<meta property=\"og:image:type\" content=\"image\/jpeg\" \/>\n<meta name=\"author\" content=\"Revista Regional\" \/>\n<meta name=\"twitter:card\" content=\"summary_large_image\" \/>\n<meta name=\"twitter:label1\" content=\"Escrito por\" \/>\n\t<meta name=\"twitter:data1\" content=\"Revista Regional\" \/>\n\t<meta name=\"twitter:label2\" content=\"Est. tempo de leitura\" \/>\n\t<meta name=\"twitter:data2\" content=\"9 minutos\" \/>\n<script type=\"application\/ld+json\" class=\"yoast-schema-graph\">{\"@context\":\"https:\\\/\\\/schema.org\",\"@graph\":[{\"@type\":\"Article\",\"@id\":\"https:\\\/\\\/revistaregional.com.br\\\/site\\\/2026\\\/04\\\/28\\\/david-jr-em-entrevista-exclusiva-sucesso-em-dose-dupla\\\/#article\",\"isPartOf\":{\"@id\":\"https:\\\/\\\/revistaregional.com.br\\\/site\\\/2026\\\/04\\\/28\\\/david-jr-em-entrevista-exclusiva-sucesso-em-dose-dupla\\\/\"},\"author\":{\"name\":\"Revista Regional\",\"@id\":\"https:\\\/\\\/revistaregional.com.br\\\/site\\\/#\\\/schema\\\/person\\\/36e364a1eecb8d0aa8b2b130df3b9978\"},\"headline\":\"David Jr. em entrevista exclusiva: sucesso em dose dupla\",\"datePublished\":\"2026-04-28T13:17:16+00:00\",\"mainEntityOfPage\":{\"@id\":\"https:\\\/\\\/revistaregional.com.br\\\/site\\\/2026\\\/04\\\/28\\\/david-jr-em-entrevista-exclusiva-sucesso-em-dose-dupla\\\/\"},\"wordCount\":1533,\"commentCount\":0,\"image\":{\"@id\":\"https:\\\/\\\/revistaregional.com.br\\\/site\\\/2026\\\/04\\\/28\\\/david-jr-em-entrevista-exclusiva-sucesso-em-dose-dupla\\\/#primaryimage\"},\"thumbnailUrl\":\"https:\\\/\\\/revistaregional.com.br\\\/site\\\/wp-content\\\/uploads\\\/2026\\\/04\\\/site-capa-scaled.jpeg\",\"articleSection\":[\"Conversa\",\"Destaque Lateral\",\"Slide\"],\"inLanguage\":\"pt-BR\",\"potentialAction\":[{\"@type\":\"CommentAction\",\"name\":\"Comment\",\"target\":[\"https:\\\/\\\/revistaregional.com.br\\\/site\\\/2026\\\/04\\\/28\\\/david-jr-em-entrevista-exclusiva-sucesso-em-dose-dupla\\\/#respond\"]}]},{\"@type\":\"WebPage\",\"@id\":\"https:\\\/\\\/revistaregional.com.br\\\/site\\\/2026\\\/04\\\/28\\\/david-jr-em-entrevista-exclusiva-sucesso-em-dose-dupla\\\/\",\"url\":\"https:\\\/\\\/revistaregional.com.br\\\/site\\\/2026\\\/04\\\/28\\\/david-jr-em-entrevista-exclusiva-sucesso-em-dose-dupla\\\/\",\"name\":\"David Jr. em entrevista exclusiva: sucesso em dose dupla - Revista Regional\",\"isPartOf\":{\"@id\":\"https:\\\/\\\/revistaregional.com.br\\\/site\\\/#website\"},\"primaryImageOfPage\":{\"@id\":\"https:\\\/\\\/revistaregional.com.br\\\/site\\\/2026\\\/04\\\/28\\\/david-jr-em-entrevista-exclusiva-sucesso-em-dose-dupla\\\/#primaryimage\"},\"image\":{\"@id\":\"https:\\\/\\\/revistaregional.com.br\\\/site\\\/2026\\\/04\\\/28\\\/david-jr-em-entrevista-exclusiva-sucesso-em-dose-dupla\\\/#primaryimage\"},\"thumbnailUrl\":\"https:\\\/\\\/revistaregional.com.br\\\/site\\\/wp-content\\\/uploads\\\/2026\\\/04\\\/site-capa-scaled.jpeg\",\"datePublished\":\"2026-04-28T13:17:16+00:00\",\"author\":{\"@id\":\"https:\\\/\\\/revistaregional.com.br\\\/site\\\/#\\\/schema\\\/person\\\/36e364a1eecb8d0aa8b2b130df3b9978\"},\"breadcrumb\":{\"@id\":\"https:\\\/\\\/revistaregional.com.br\\\/site\\\/2026\\\/04\\\/28\\\/david-jr-em-entrevista-exclusiva-sucesso-em-dose-dupla\\\/#breadcrumb\"},\"inLanguage\":\"pt-BR\",\"potentialAction\":[{\"@type\":\"ReadAction\",\"target\":[\"https:\\\/\\\/revistaregional.com.br\\\/site\\\/2026\\\/04\\\/28\\\/david-jr-em-entrevista-exclusiva-sucesso-em-dose-dupla\\\/\"]}]},{\"@type\":\"ImageObject\",\"inLanguage\":\"pt-BR\",\"@id\":\"https:\\\/\\\/revistaregional.com.br\\\/site\\\/2026\\\/04\\\/28\\\/david-jr-em-entrevista-exclusiva-sucesso-em-dose-dupla\\\/#primaryimage\",\"url\":\"https:\\\/\\\/revistaregional.com.br\\\/site\\\/wp-content\\\/uploads\\\/2026\\\/04\\\/site-capa-scaled.jpeg\",\"contentUrl\":\"https:\\\/\\\/revistaregional.com.br\\\/site\\\/wp-content\\\/uploads\\\/2026\\\/04\\\/site-capa-scaled.jpeg\",\"width\":2560,\"height\":1583},{\"@type\":\"BreadcrumbList\",\"@id\":\"https:\\\/\\\/revistaregional.com.br\\\/site\\\/2026\\\/04\\\/28\\\/david-jr-em-entrevista-exclusiva-sucesso-em-dose-dupla\\\/#breadcrumb\",\"itemListElement\":[{\"@type\":\"ListItem\",\"position\":1,\"name\":\"In\u00edcio\",\"item\":\"https:\\\/\\\/revistaregional.com.br\\\/site\\\/\"},{\"@type\":\"ListItem\",\"position\":2,\"name\":\"David Jr. em entrevista exclusiva: sucesso em dose dupla\"}]},{\"@type\":\"WebSite\",\"@id\":\"https:\\\/\\\/revistaregional.com.br\\\/site\\\/#website\",\"url\":\"https:\\\/\\\/revistaregional.com.br\\\/site\\\/\",\"name\":\"Revista Regional\",\"description\":\"Salto - Itu - Indaituba\",\"potentialAction\":[{\"@type\":\"SearchAction\",\"target\":{\"@type\":\"EntryPoint\",\"urlTemplate\":\"https:\\\/\\\/revistaregional.com.br\\\/site\\\/?s={search_term_string}\"},\"query-input\":{\"@type\":\"PropertyValueSpecification\",\"valueRequired\":true,\"valueName\":\"search_term_string\"}}],\"inLanguage\":\"pt-BR\"},{\"@type\":\"Person\",\"@id\":\"https:\\\/\\\/revistaregional.com.br\\\/site\\\/#\\\/schema\\\/person\\\/36e364a1eecb8d0aa8b2b130df3b9978\",\"name\":\"Revista Regional\",\"image\":{\"@type\":\"ImageObject\",\"inLanguage\":\"pt-BR\",\"@id\":\"https:\\\/\\\/secure.gravatar.com\\\/avatar\\\/b66ebee092f43558ad764994726fd73529b28b6b57f917079eef3e7c5dbd34ad?s=96&d=mm&r=g\",\"url\":\"https:\\\/\\\/secure.gravatar.com\\\/avatar\\\/b66ebee092f43558ad764994726fd73529b28b6b57f917079eef3e7c5dbd34ad?s=96&d=mm&r=g\",\"contentUrl\":\"https:\\\/\\\/secure.gravatar.com\\\/avatar\\\/b66ebee092f43558ad764994726fd73529b28b6b57f917079eef3e7c5dbd34ad?s=96&d=mm&r=g\",\"caption\":\"Revista Regional\"},\"url\":\"https:\\\/\\\/revistaregional.com.br\\\/site\\\/author\\\/revista-regionaluol-com-br\\\/\"}]}<\/script>\n<!-- \/ Yoast SEO plugin. -->","yoast_head_json":{"title":"David Jr. em entrevista exclusiva: sucesso em dose dupla - Revista Regional","robots":{"index":"index","follow":"follow","max-snippet":"max-snippet:-1","max-image-preview":"max-image-preview:large","max-video-preview":"max-video-preview:-1"},"canonical":"https:\/\/revistaregional.com.br\/site\/2026\/04\/28\/david-jr-em-entrevista-exclusiva-sucesso-em-dose-dupla\/","og_locale":"pt_BR","og_type":"article","og_title":"David Jr. em entrevista exclusiva: sucesso em dose dupla - Revista Regional","og_description":"Ator, no ar em dose dupla nas novelas \u2018Dona Beja\u2019 e \u2018Cora\u00e7\u00e3o Acelerado\u2019, celebra suas conquistas sem perder de vista o prop\u00f3sito maior: usar a dramaturgia para plantar sementes de futuro e esperan\u00e7a Na entrevista exclusiva concedida \u00e0 Revista Regional, o ator David Junior surge em plena ascens\u00e3o, vivendo simultaneamente dois personagens de universos opostos: [&hellip;]","og_url":"https:\/\/revistaregional.com.br\/site\/2026\/04\/28\/david-jr-em-entrevista-exclusiva-sucesso-em-dose-dupla\/","og_site_name":"Revista Regional","article_published_time":"2026-04-28T13:17:16+00:00","og_image":[{"width":2560,"height":1583,"url":"https:\/\/revistaregional.com.br\/site\/wp-content\/uploads\/2026\/04\/site-capa-scaled.jpeg","type":"image\/jpeg"}],"author":"Revista Regional","twitter_card":"summary_large_image","twitter_misc":{"Escrito por":"Revista Regional","Est. tempo de leitura":"9 minutos"},"schema":{"@context":"https:\/\/schema.org","@graph":[{"@type":"Article","@id":"https:\/\/revistaregional.com.br\/site\/2026\/04\/28\/david-jr-em-entrevista-exclusiva-sucesso-em-dose-dupla\/#article","isPartOf":{"@id":"https:\/\/revistaregional.com.br\/site\/2026\/04\/28\/david-jr-em-entrevista-exclusiva-sucesso-em-dose-dupla\/"},"author":{"name":"Revista Regional","@id":"https:\/\/revistaregional.com.br\/site\/#\/schema\/person\/36e364a1eecb8d0aa8b2b130df3b9978"},"headline":"David Jr. em entrevista exclusiva: sucesso em dose dupla","datePublished":"2026-04-28T13:17:16+00:00","mainEntityOfPage":{"@id":"https:\/\/revistaregional.com.br\/site\/2026\/04\/28\/david-jr-em-entrevista-exclusiva-sucesso-em-dose-dupla\/"},"wordCount":1533,"commentCount":0,"image":{"@id":"https:\/\/revistaregional.com.br\/site\/2026\/04\/28\/david-jr-em-entrevista-exclusiva-sucesso-em-dose-dupla\/#primaryimage"},"thumbnailUrl":"https:\/\/revistaregional.com.br\/site\/wp-content\/uploads\/2026\/04\/site-capa-scaled.jpeg","articleSection":["Conversa","Destaque Lateral","Slide"],"inLanguage":"pt-BR","potentialAction":[{"@type":"CommentAction","name":"Comment","target":["https:\/\/revistaregional.com.br\/site\/2026\/04\/28\/david-jr-em-entrevista-exclusiva-sucesso-em-dose-dupla\/#respond"]}]},{"@type":"WebPage","@id":"https:\/\/revistaregional.com.br\/site\/2026\/04\/28\/david-jr-em-entrevista-exclusiva-sucesso-em-dose-dupla\/","url":"https:\/\/revistaregional.com.br\/site\/2026\/04\/28\/david-jr-em-entrevista-exclusiva-sucesso-em-dose-dupla\/","name":"David Jr. em entrevista exclusiva: sucesso em dose dupla - Revista Regional","isPartOf":{"@id":"https:\/\/revistaregional.com.br\/site\/#website"},"primaryImageOfPage":{"@id":"https:\/\/revistaregional.com.br\/site\/2026\/04\/28\/david-jr-em-entrevista-exclusiva-sucesso-em-dose-dupla\/#primaryimage"},"image":{"@id":"https:\/\/revistaregional.com.br\/site\/2026\/04\/28\/david-jr-em-entrevista-exclusiva-sucesso-em-dose-dupla\/#primaryimage"},"thumbnailUrl":"https:\/\/revistaregional.com.br\/site\/wp-content\/uploads\/2026\/04\/site-capa-scaled.jpeg","datePublished":"2026-04-28T13:17:16+00:00","author":{"@id":"https:\/\/revistaregional.com.br\/site\/#\/schema\/person\/36e364a1eecb8d0aa8b2b130df3b9978"},"breadcrumb":{"@id":"https:\/\/revistaregional.com.br\/site\/2026\/04\/28\/david-jr-em-entrevista-exclusiva-sucesso-em-dose-dupla\/#breadcrumb"},"inLanguage":"pt-BR","potentialAction":[{"@type":"ReadAction","target":["https:\/\/revistaregional.com.br\/site\/2026\/04\/28\/david-jr-em-entrevista-exclusiva-sucesso-em-dose-dupla\/"]}]},{"@type":"ImageObject","inLanguage":"pt-BR","@id":"https:\/\/revistaregional.com.br\/site\/2026\/04\/28\/david-jr-em-entrevista-exclusiva-sucesso-em-dose-dupla\/#primaryimage","url":"https:\/\/revistaregional.com.br\/site\/wp-content\/uploads\/2026\/04\/site-capa-scaled.jpeg","contentUrl":"https:\/\/revistaregional.com.br\/site\/wp-content\/uploads\/2026\/04\/site-capa-scaled.jpeg","width":2560,"height":1583},{"@type":"BreadcrumbList","@id":"https:\/\/revistaregional.com.br\/site\/2026\/04\/28\/david-jr-em-entrevista-exclusiva-sucesso-em-dose-dupla\/#breadcrumb","itemListElement":[{"@type":"ListItem","position":1,"name":"In\u00edcio","item":"https:\/\/revistaregional.com.br\/site\/"},{"@type":"ListItem","position":2,"name":"David Jr. em entrevista exclusiva: sucesso em dose dupla"}]},{"@type":"WebSite","@id":"https:\/\/revistaregional.com.br\/site\/#website","url":"https:\/\/revistaregional.com.br\/site\/","name":"Revista Regional","description":"Salto - Itu - Indaituba","potentialAction":[{"@type":"SearchAction","target":{"@type":"EntryPoint","urlTemplate":"https:\/\/revistaregional.com.br\/site\/?s={search_term_string}"},"query-input":{"@type":"PropertyValueSpecification","valueRequired":true,"valueName":"search_term_string"}}],"inLanguage":"pt-BR"},{"@type":"Person","@id":"https:\/\/revistaregional.com.br\/site\/#\/schema\/person\/36e364a1eecb8d0aa8b2b130df3b9978","name":"Revista Regional","image":{"@type":"ImageObject","inLanguage":"pt-BR","@id":"https:\/\/secure.gravatar.com\/avatar\/b66ebee092f43558ad764994726fd73529b28b6b57f917079eef3e7c5dbd34ad?s=96&d=mm&r=g","url":"https:\/\/secure.gravatar.com\/avatar\/b66ebee092f43558ad764994726fd73529b28b6b57f917079eef3e7c5dbd34ad?s=96&d=mm&r=g","contentUrl":"https:\/\/secure.gravatar.com\/avatar\/b66ebee092f43558ad764994726fd73529b28b6b57f917079eef3e7c5dbd34ad?s=96&d=mm&r=g","caption":"Revista Regional"},"url":"https:\/\/revistaregional.com.br\/site\/author\/revista-regionaluol-com-br\/"}]}},"views":7,"_links":{"self":[{"href":"https:\/\/revistaregional.com.br\/site\/wp-json\/wp\/v2\/posts\/36617","targetHints":{"allow":["GET"]}}],"collection":[{"href":"https:\/\/revistaregional.com.br\/site\/wp-json\/wp\/v2\/posts"}],"about":[{"href":"https:\/\/revistaregional.com.br\/site\/wp-json\/wp\/v2\/types\/post"}],"author":[{"embeddable":true,"href":"https:\/\/revistaregional.com.br\/site\/wp-json\/wp\/v2\/users\/2"}],"replies":[{"embeddable":true,"href":"https:\/\/revistaregional.com.br\/site\/wp-json\/wp\/v2\/comments?post=36617"}],"version-history":[{"count":1,"href":"https:\/\/revistaregional.com.br\/site\/wp-json\/wp\/v2\/posts\/36617\/revisions"}],"predecessor-version":[{"id":36622,"href":"https:\/\/revistaregional.com.br\/site\/wp-json\/wp\/v2\/posts\/36617\/revisions\/36622"}],"wp:featuredmedia":[{"embeddable":true,"href":"https:\/\/revistaregional.com.br\/site\/wp-json\/wp\/v2\/media\/36621"}],"wp:attachment":[{"href":"https:\/\/revistaregional.com.br\/site\/wp-json\/wp\/v2\/media?parent=36617"}],"wp:term":[{"taxonomy":"category","embeddable":true,"href":"https:\/\/revistaregional.com.br\/site\/wp-json\/wp\/v2\/categories?post=36617"},{"taxonomy":"post_tag","embeddable":true,"href":"https:\/\/revistaregional.com.br\/site\/wp-json\/wp\/v2\/tags?post=36617"}],"curies":[{"name":"wp","href":"https:\/\/api.w.org\/{rel}","templated":true}]}}