{"id":3599,"date":"2012-10-08T16:12:32","date_gmt":"2012-10-08T19:12:32","guid":{"rendered":"http:\/\/revistaregional.com.br\/site\/?p=3599"},"modified":"2024-01-26T10:55:23","modified_gmt":"2024-01-26T13:55:23","slug":"indaiatuba-promove-festival-outubro-literario","status":"publish","type":"post","link":"https:\/\/revistaregional.com.br\/site\/2012\/10\/08\/indaiatuba-promove-festival-outubro-literario\/","title":{"rendered":"Indaiatuba promove Festival Outubro Liter\u00e1rio"},"content":{"rendered":"<figure id=\"attachment_3600\" aria-describedby=\"caption-attachment-3600\" style=\"width: 257px\" class=\"wp-caption alignleft\"><a href=\"http:\/\/revistaregional.com.br\/site\/wp-content\/uploads\/2012\/10\/paulofreire_02v.jpg\" rel=\"attachment wp-att-3600\"><img fetchpriority=\"high\" decoding=\"async\" class=\" wp-image-3600 \" src=\"http:\/\/revistaregional.com.br\/site\/wp-content\/uploads\/2012\/10\/paulofreire_02v.jpg\" alt=\"\" width=\"257\" height=\"384\" srcset=\"https:\/\/revistaregional.com.br\/site\/wp-content\/uploads\/2012\/10\/paulofreire_02v.jpg 428w, https:\/\/revistaregional.com.br\/site\/wp-content\/uploads\/2012\/10\/paulofreire_02v-200x300.jpg 200w\" sizes=\"(max-width: 257px) 100vw, 257px\" \/><\/a><figcaption id=\"caption-attachment-3600\" class=\"wp-caption-text\">Paulo Freire \u00e9 uma das atra\u00e7\u00f5es nos eventos do Outubro Liter\u00e1rio<\/figcaption><\/figure>\n<p>A Secretaria Municipal de Cultura de Indaiatuba promove ao longo de todo o m\u00eas mais uma edi\u00e7\u00e3o do festival Outubro Liter\u00e1rio, uma s\u00e9rie de atra\u00e7\u00f5es gratuitas que visam difundir informa\u00e7\u00f5es sobre a literatura e estimular o interesse de crian\u00e7as e adultos em rela\u00e7\u00e3o \u00e0 leitura e escrita. H\u00e1 eventos para todas as idades e estilos, incluindo filmes, palestras, oficinas, rodas de conversa, feiras de trocas de livros e atra\u00e7\u00f5es musicais. A iniciativa traz ainda dois concursos liter\u00e1rios destinados a revelar novos talentos na escrita. Informa\u00e7\u00f5es (19) 3825-2056.<\/p>\n<p>&nbsp;<\/p>\n<p>Confira a agenda completa:<\/p>\n<p>&nbsp;<\/p>\n<p>&nbsp;<\/p>\n<p>&nbsp;<\/p>\n<p>&nbsp;<\/p>\n<p><strong><span style=\"text-decoration: underline;\">Eventos, oficinas e apresenta\u00e7\u00f5es<\/span><\/strong><\/p>\n<p><strong>Dia 10 \u2013 Quarta-feira \u2013 20h <\/strong><\/p>\n<p>Exibi\u00e7\u00e3o do fime \u201cVidas Secas\u201d. Local: Pra\u00e7a Leonor Barros Camargo (Pra\u00e7a da Matriz). Entrada gratuita.<\/p>\n<p><strong>Dia 13 \u2013 S\u00e1bado \u2013 15h \u00e0s 18h (Entrada livre)<\/strong><\/p>\n<p>\u201cTraga as Tra\u00e7as\u201d \u2013 evento que vai reunir apresenta\u00e7\u00e3o musical, conversa liter\u00e1ria, troca de livros, venda de obras a pre\u00e7os acess\u00edveis, feira de antiguidades, doa\u00e7\u00e3o e arrecada\u00e7\u00e3o de livros e apostilas. Local: Hotel Fazenda 4 Esta\u00e7\u00f5es. Entrada gratuita.<\/p>\n<p><strong>Dia 17 \u2013 Quarta-feira \u2013 20h <\/strong><\/p>\n<p>Sarau \u201cTodas as Palavras\u201d. Escritores, poetas, m\u00fasicos, aficcionados pela leitura e interessados em geral em se apresentar, seja com obra pr\u00f3pria ou de terceiros, s\u00e3o bem-vindos ao sarau. Quem quiser participar deve preparar uma apresenta\u00e7\u00e3o de at\u00e9 10 minutos<strong> <\/strong>e se inscrever previamente na sede da Secretaria de Cultura.<strong> <\/strong>Local: Pra\u00e7a Rui Barbosa. Entrada gratuita. Necess\u00e1ria inscri\u00e7\u00e3o pr\u00e9via para quem deseja se apresentar.<\/p>\n<p><strong>Dia 19 \u2013 Sexta-feira \u2013 20h<\/strong><\/p>\n<p>Encontro de Autores \u2013 roda de conversa com diferentes autores da cidade, onde cada um traz a refer\u00eancia liter\u00e1ria que mais o influenciou. Autores convidados: Marcus Mazieri, Eber Sander, Emerson Citta, Lalo Arias, Guilherme Sallae e Maria do C\u00e9u. Local: C\u00e2mara Municipal. Entrada gratuita.<\/p>\n<p><strong>Dia 20 \u2013 S\u00e1bado<\/strong><\/p>\n<p><strong>09h \u00e0s 12h &#8211; <\/strong>Feira de Troca de Livros \u2013 basta levar uma obra de literatura e trocar por outra de interesse. Local: Pra\u00e7a Dom Pedro II. Entrada gratuita.<\/p>\n<p><strong>10h \u00e0s 12h &#8211; <\/strong>Manh\u00e3 Musical com Paulo Freire \u2013 al\u00e9m dos ponteados caipiras tradicionais e suas pr\u00f3prias m\u00fasicas, que foram temas de seriados da TV Globo, diversas situa\u00e7\u00f5es da vida brasileira s\u00e3o mostradas nas apresenta\u00e7\u00f5es do artista: a saga de Ant\u00f4nio Conselheiro e a poesia de Jo\u00e3o Pac\u00edfico, a hist\u00f3ria do homem que virou passarinho, can\u00e7\u00f5es de Alvarenga e Ranchinho, al\u00e9m de divertidos cocos de viola. Com Cia. de Reis S\u00e3o Francisco. Local: Pra\u00e7a Dom Pedro II. Entrada gratuita.<\/p>\n<p><strong>20h \u2013 Belezarte Me Contou \u2013 <\/strong>textos de Mario de Andrade com a Cia. Prosa na Janela, com Mag\u00ea Blanques e Bruna Amado. Local: Sala Acr\u00edsio de Camargo. Entrada gratuita.<\/p>\n<p><strong>Dia 24 \u2013 Quarta-feira &#8211; 19h \u00e0s 22h<\/strong><\/p>\n<p>Oficina de Cria\u00e7\u00e3o Po\u00e9tica com Edson Cruz. Local: Centro Cultural Wanderley Peres. Entrada gratuita, p\u00fablico acima de 16 anos.<\/p>\n<p><strong>Dia 27 &#8211; S\u00e1bado<\/strong><\/p>\n<p><strong>09h \u00e0s 17h<\/strong> \u2013 Feira Liter\u00e1ria Infantil da Secretaria de Cultura dentro da programa\u00e7\u00e3o da Feira Liter\u00e1ria da Secretaria de Educa\u00e7\u00e3o, com contador de hist\u00f3rias (Giba Pedroza), mestre de cerim\u00f4nia (Ulisses \u2013 Palha\u00e7o Costelinha), feira de troca de livros e sarau infantil. Local: Pavilh\u00e3o da Viber. Entrada gratuita.<\/p>\n<p><strong>20h<\/strong> \u2013 Show da dupla Palavra Cantada. Local: Sala Acr\u00edsio de Camargo. Entrada gratuita.<\/p>\n<p><strong>Dia 31 \u2013 Quarta-feira \u2013 20h<\/strong><\/p>\n<p>Hist\u00f3rias de Indaiatuba, com Antonio da Cunha Penna, Adriana Koyama e Interven\u00e7\u00e3o Art\u00edstica Hist\u00f3ria dos Indai\u00e1s para Ouvidos Pequenos, com Marina Costa e Nau Martins. Local: Plenarinho da C\u00e2mara Municipal. Entrada gratuita.<\/p>\n<p><strong>Concursos<\/strong><\/p>\n<p><strong>8\u00ba Concurso Liter\u00e1rio Acr\u00edsio de Camargo<\/strong> \u2013 tem como objetivo divulgar o nome do autor da letra do Hino de Indaiatuba e incentivar a produ\u00e7\u00e3o liter\u00e1ria. As inscri\u00e7\u00f5es s\u00e3o gratuitas e acontecem na sede da Secretaria Municipal de Cultura at\u00e9 26 de outubro para as categorias poesia, conto e cr\u00f4nica. Podem participar pessoas residentes em Indaiatuba de qualquer faixa et\u00e1ria e cada concorrente pode inscrever uma obra em cada categoria, desde que n\u00e3o tenha sido publicada sob qualquer forma. Os pr\u00eamios ser\u00e3o de R$ 2.000,00 para primeiro lugar, R$ 1.500,00 para segundo lugar e R$ 600,00 para o terceiro lugar de cada modalidade, sendo que os textos classificados em primeiro ser\u00e3o tamb\u00e9m publicadas pelo jornal Tribuna de Indai\u00e1, que ap\u00f3ia o concurso. Para a inscri\u00e7\u00e3o \u00e9 necess\u00e1rio apresentar c\u00f3pia do RG e do CPF, quatro c\u00f3pias do trabalho sem identifica\u00e7\u00e3o e CD com os textos em formata\u00e7\u00e3o digital, preferencialmente em PDF. Regulamento e ficha de inscri\u00e7\u00e3o dispon\u00edveis no site <a href=\"http:\/\/www.indaiatuba.sp.gov.br\/\">www.indaiatuba.sp.gov.br<\/a><\/p>\n<p><strong>Pr\u00eamio Jovem Talento Literatura<\/strong> \u2013 concurso de reda\u00e7\u00e3o para alunos do 9\u00ba ano ao 3\u00ba m\u00e9dio, matriculados em escolas municipais, estaduais ou particulares de Indaiatuba. Para participar, os estudantes devem produzir um texto de no m\u00ednimo 20 e no m\u00e1ximo 60 linhas, com dois temas a escolha que celebram o centen\u00e1rio de nascimento do escritor Jorge Amado e do compositor Luiz Gonzaga. A melhor reda\u00e7\u00e3o ser\u00e1 premiada com uma bicicleta. As inscri\u00e7\u00f5es v\u00e3o at\u00e9 o dia 12 de novembro e devem ser feitas na sede da Secretaria de Cultura, conforme o regulamento e utilizando o formul\u00e1rio dispon\u00edvel na p\u00e1gina <a href=\"http:\/\/www.indaiatuba.sp.gov.br\/\">www.indaiatuba.sp.gov.br<\/a> .<\/p>\n<p><strong>\u00a0<\/strong><strong>MAIS:<\/strong><\/p>\n<p>Secretaria Municipal de Cultura \u2013 Pra\u00e7a Dom Pedro II, s\/n \u2013 Centro<\/p>\n<p>Hotel Fazenda 4 Esta\u00e7\u00f5es &#8211; Rodovia Lix Cunha SP, 73 &#8211; Jardim Brasil<\/p>\n<p>C\u00e2mara Municipal &#8211; Rua Humait\u00e1, 1.167 \u2013 Centro<\/p>\n<p>Sala Acr\u00edsio de Camargo &#8211; CIAEI &#8211; Avenida Engenheiro F\u00e1bio Roberto Barnab\u00e9, 3.665 &#8211; Jardim Regina<\/p>\n<p>Centro Cultural Wanderley Peres \u2013 Pra\u00e7a Dom Pedro II, s\/n \u2013 Centro<\/p>\n<p>Pavilh\u00e3o da Viber &#8211; Avenida Tamandar\u00e9 s\/n\u00ba &#8211; Cidade Nova<\/p>\n<p><em>\u00a0foto: Divulga\u00e7\u00e3o<\/em><\/p>\n","protected":false},"excerpt":{"rendered":"<p>A Secretaria Municipal de Cultura de Indaiatuba promove ao longo de todo o m\u00eas mais uma edi\u00e7\u00e3o do festival Outubro Liter\u00e1rio, uma s\u00e9rie de atra\u00e7\u00f5es gratuitas que visam difundir informa\u00e7\u00f5es sobre a literatura e estimular o interesse de crian\u00e7as e adultos em rela\u00e7\u00e3o \u00e0 leitura e escrita. H\u00e1 eventos para todas as idades e estilos, [&hellip;]<\/p>\n","protected":false},"author":1,"featured_media":3610,"comment_status":"open","ping_status":"open","sticky":false,"template":"","format":"standard","meta":{"_acf_changed":false,"ngg_post_thumbnail":0,"_joinchat":[],"footnotes":""},"categories":[4],"tags":[533],"class_list":["post-3599","post","type-post","status-publish","format-standard","has-post-thumbnail","hentry","category-cultura","tag-cultura"],"acf":[],"yoast_head":"<!-- This site is optimized with the Yoast SEO plugin v27.4 - https:\/\/yoast.com\/product\/yoast-seo-wordpress\/ -->\n<title>Indaiatuba promove Festival Outubro Liter\u00e1rio - Revista Regional<\/title>\n<meta name=\"robots\" content=\"index, follow, max-snippet:-1, max-image-preview:large, max-video-preview:-1\" \/>\n<link rel=\"canonical\" href=\"https:\/\/revistaregional.com.br\/site\/2012\/10\/08\/indaiatuba-promove-festival-outubro-literario\/\" \/>\n<meta property=\"og:locale\" content=\"pt_BR\" \/>\n<meta property=\"og:type\" content=\"article\" \/>\n<meta property=\"og:title\" content=\"Indaiatuba promove Festival Outubro Liter\u00e1rio - Revista Regional\" \/>\n<meta property=\"og:description\" content=\"A Secretaria Municipal de Cultura de Indaiatuba promove ao longo de todo o m\u00eas mais uma edi\u00e7\u00e3o do festival Outubro Liter\u00e1rio, uma s\u00e9rie de atra\u00e7\u00f5es gratuitas que visam difundir informa\u00e7\u00f5es sobre a literatura e estimular o interesse de crian\u00e7as e adultos em rela\u00e7\u00e3o \u00e0 leitura e escrita. H\u00e1 eventos para todas as idades e estilos, [&hellip;]\" \/>\n<meta property=\"og:url\" content=\"https:\/\/revistaregional.com.br\/site\/2012\/10\/08\/indaiatuba-promove-festival-outubro-literario\/\" \/>\n<meta property=\"og:site_name\" content=\"Revista Regional\" \/>\n<meta property=\"article:published_time\" content=\"2012-10-08T19:12:32+00:00\" \/>\n<meta property=\"article:modified_time\" content=\"2024-01-26T13:55:23+00:00\" \/>\n<meta property=\"og:image\" content=\"https:\/\/revistaregional.com.br\/site\/wp-content\/uploads\/2012\/10\/jkjkkkk.jpg\" \/>\n\t<meta property=\"og:image:width\" content=\"428\" \/>\n\t<meta property=\"og:image:height\" content=\"338\" \/>\n\t<meta property=\"og:image:type\" content=\"image\/jpeg\" \/>\n<meta name=\"author\" content=\"contato@revistaregional.com.br\" \/>\n<meta name=\"twitter:card\" content=\"summary_large_image\" \/>\n<meta name=\"twitter:label1\" content=\"Escrito por\" \/>\n\t<meta name=\"twitter:data1\" content=\"contato@revistaregional.com.br\" \/>\n\t<meta name=\"twitter:label2\" content=\"Est. tempo de leitura\" \/>\n\t<meta name=\"twitter:data2\" content=\"5 minutos\" \/>\n<script type=\"application\/ld+json\" class=\"yoast-schema-graph\">{\"@context\":\"https:\\\/\\\/schema.org\",\"@graph\":[{\"@type\":\"Article\",\"@id\":\"https:\\\/\\\/revistaregional.com.br\\\/site\\\/2012\\\/10\\\/08\\\/indaiatuba-promove-festival-outubro-literario\\\/#article\",\"isPartOf\":{\"@id\":\"https:\\\/\\\/revistaregional.com.br\\\/site\\\/2012\\\/10\\\/08\\\/indaiatuba-promove-festival-outubro-literario\\\/\"},\"author\":{\"name\":\"contato@revistaregional.com.br\",\"@id\":\"https:\\\/\\\/revistaregional.com.br\\\/site\\\/#\\\/schema\\\/person\\\/382af97c580dc1b18f55107bc316010d\"},\"headline\":\"Indaiatuba promove Festival Outubro Liter\u00e1rio\",\"datePublished\":\"2012-10-08T19:12:32+00:00\",\"dateModified\":\"2024-01-26T13:55:23+00:00\",\"mainEntityOfPage\":{\"@id\":\"https:\\\/\\\/revistaregional.com.br\\\/site\\\/2012\\\/10\\\/08\\\/indaiatuba-promove-festival-outubro-literario\\\/\"},\"wordCount\":991,\"commentCount\":0,\"image\":{\"@id\":\"https:\\\/\\\/revistaregional.com.br\\\/site\\\/2012\\\/10\\\/08\\\/indaiatuba-promove-festival-outubro-literario\\\/#primaryimage\"},\"thumbnailUrl\":\"https:\\\/\\\/revistaregional.com.br\\\/site\\\/wp-content\\\/uploads\\\/2012\\\/10\\\/jkjkkkk.jpg\",\"keywords\":[\"Cultura\"],\"articleSection\":[\"Cultura\"],\"inLanguage\":\"pt-BR\",\"potentialAction\":[{\"@type\":\"CommentAction\",\"name\":\"Comment\",\"target\":[\"https:\\\/\\\/revistaregional.com.br\\\/site\\\/2012\\\/10\\\/08\\\/indaiatuba-promove-festival-outubro-literario\\\/#respond\"]}]},{\"@type\":\"WebPage\",\"@id\":\"https:\\\/\\\/revistaregional.com.br\\\/site\\\/2012\\\/10\\\/08\\\/indaiatuba-promove-festival-outubro-literario\\\/\",\"url\":\"https:\\\/\\\/revistaregional.com.br\\\/site\\\/2012\\\/10\\\/08\\\/indaiatuba-promove-festival-outubro-literario\\\/\",\"name\":\"Indaiatuba promove Festival Outubro Liter\u00e1rio - Revista Regional\",\"isPartOf\":{\"@id\":\"https:\\\/\\\/revistaregional.com.br\\\/site\\\/#website\"},\"primaryImageOfPage\":{\"@id\":\"https:\\\/\\\/revistaregional.com.br\\\/site\\\/2012\\\/10\\\/08\\\/indaiatuba-promove-festival-outubro-literario\\\/#primaryimage\"},\"image\":{\"@id\":\"https:\\\/\\\/revistaregional.com.br\\\/site\\\/2012\\\/10\\\/08\\\/indaiatuba-promove-festival-outubro-literario\\\/#primaryimage\"},\"thumbnailUrl\":\"https:\\\/\\\/revistaregional.com.br\\\/site\\\/wp-content\\\/uploads\\\/2012\\\/10\\\/jkjkkkk.jpg\",\"datePublished\":\"2012-10-08T19:12:32+00:00\",\"dateModified\":\"2024-01-26T13:55:23+00:00\",\"author\":{\"@id\":\"https:\\\/\\\/revistaregional.com.br\\\/site\\\/#\\\/schema\\\/person\\\/382af97c580dc1b18f55107bc316010d\"},\"breadcrumb\":{\"@id\":\"https:\\\/\\\/revistaregional.com.br\\\/site\\\/2012\\\/10\\\/08\\\/indaiatuba-promove-festival-outubro-literario\\\/#breadcrumb\"},\"inLanguage\":\"pt-BR\",\"potentialAction\":[{\"@type\":\"ReadAction\",\"target\":[\"https:\\\/\\\/revistaregional.com.br\\\/site\\\/2012\\\/10\\\/08\\\/indaiatuba-promove-festival-outubro-literario\\\/\"]}]},{\"@type\":\"ImageObject\",\"inLanguage\":\"pt-BR\",\"@id\":\"https:\\\/\\\/revistaregional.com.br\\\/site\\\/2012\\\/10\\\/08\\\/indaiatuba-promove-festival-outubro-literario\\\/#primaryimage\",\"url\":\"https:\\\/\\\/revistaregional.com.br\\\/site\\\/wp-content\\\/uploads\\\/2012\\\/10\\\/jkjkkkk.jpg\",\"contentUrl\":\"https:\\\/\\\/revistaregional.com.br\\\/site\\\/wp-content\\\/uploads\\\/2012\\\/10\\\/jkjkkkk.jpg\",\"width\":\"428\",\"height\":\"338\"},{\"@type\":\"BreadcrumbList\",\"@id\":\"https:\\\/\\\/revistaregional.com.br\\\/site\\\/2012\\\/10\\\/08\\\/indaiatuba-promove-festival-outubro-literario\\\/#breadcrumb\",\"itemListElement\":[{\"@type\":\"ListItem\",\"position\":1,\"name\":\"In\u00edcio\",\"item\":\"https:\\\/\\\/revistaregional.com.br\\\/site\\\/\"},{\"@type\":\"ListItem\",\"position\":2,\"name\":\"Indaiatuba promove Festival Outubro Liter\u00e1rio\"}]},{\"@type\":\"WebSite\",\"@id\":\"https:\\\/\\\/revistaregional.com.br\\\/site\\\/#website\",\"url\":\"https:\\\/\\\/revistaregional.com.br\\\/site\\\/\",\"name\":\"Revista Regional\",\"description\":\"Salto - Itu - Indaituba\",\"potentialAction\":[{\"@type\":\"SearchAction\",\"target\":{\"@type\":\"EntryPoint\",\"urlTemplate\":\"https:\\\/\\\/revistaregional.com.br\\\/site\\\/?s={search_term_string}\"},\"query-input\":{\"@type\":\"PropertyValueSpecification\",\"valueRequired\":true,\"valueName\":\"search_term_string\"}}],\"inLanguage\":\"pt-BR\"},{\"@type\":\"Person\",\"@id\":\"https:\\\/\\\/revistaregional.com.br\\\/site\\\/#\\\/schema\\\/person\\\/382af97c580dc1b18f55107bc316010d\",\"name\":\"contato@revistaregional.com.br\",\"image\":{\"@type\":\"ImageObject\",\"inLanguage\":\"pt-BR\",\"@id\":\"https:\\\/\\\/secure.gravatar.com\\\/avatar\\\/869822917e96b2e292d5827e4635855396934485e7c4a0af84e9a214e32ca0cd?s=96&d=mm&r=g\",\"url\":\"https:\\\/\\\/secure.gravatar.com\\\/avatar\\\/869822917e96b2e292d5827e4635855396934485e7c4a0af84e9a214e32ca0cd?s=96&d=mm&r=g\",\"contentUrl\":\"https:\\\/\\\/secure.gravatar.com\\\/avatar\\\/869822917e96b2e292d5827e4635855396934485e7c4a0af84e9a214e32ca0cd?s=96&d=mm&r=g\",\"caption\":\"contato@revistaregional.com.br\"},\"url\":\"https:\\\/\\\/revistaregional.com.br\\\/site\\\/author\\\/contato@revistaregional.com.br\\\/\"}]}<\/script>\n<!-- \/ Yoast SEO plugin. -->","yoast_head_json":{"title":"Indaiatuba promove Festival Outubro Liter\u00e1rio - Revista Regional","robots":{"index":"index","follow":"follow","max-snippet":"max-snippet:-1","max-image-preview":"max-image-preview:large","max-video-preview":"max-video-preview:-1"},"canonical":"https:\/\/revistaregional.com.br\/site\/2012\/10\/08\/indaiatuba-promove-festival-outubro-literario\/","og_locale":"pt_BR","og_type":"article","og_title":"Indaiatuba promove Festival Outubro Liter\u00e1rio - Revista Regional","og_description":"A Secretaria Municipal de Cultura de Indaiatuba promove ao longo de todo o m\u00eas mais uma edi\u00e7\u00e3o do festival Outubro Liter\u00e1rio, uma s\u00e9rie de atra\u00e7\u00f5es gratuitas que visam difundir informa\u00e7\u00f5es sobre a literatura e estimular o interesse de crian\u00e7as e adultos em rela\u00e7\u00e3o \u00e0 leitura e escrita. H\u00e1 eventos para todas as idades e estilos, [&hellip;]","og_url":"https:\/\/revistaregional.com.br\/site\/2012\/10\/08\/indaiatuba-promove-festival-outubro-literario\/","og_site_name":"Revista Regional","article_published_time":"2012-10-08T19:12:32+00:00","article_modified_time":"2024-01-26T13:55:23+00:00","og_image":[{"width":428,"height":338,"url":"https:\/\/revistaregional.com.br\/site\/wp-content\/uploads\/2012\/10\/jkjkkkk.jpg","type":"image\/jpeg"}],"author":"contato@revistaregional.com.br","twitter_card":"summary_large_image","twitter_misc":{"Escrito por":"contato@revistaregional.com.br","Est. tempo de leitura":"5 minutos"},"schema":{"@context":"https:\/\/schema.org","@graph":[{"@type":"Article","@id":"https:\/\/revistaregional.com.br\/site\/2012\/10\/08\/indaiatuba-promove-festival-outubro-literario\/#article","isPartOf":{"@id":"https:\/\/revistaregional.com.br\/site\/2012\/10\/08\/indaiatuba-promove-festival-outubro-literario\/"},"author":{"name":"contato@revistaregional.com.br","@id":"https:\/\/revistaregional.com.br\/site\/#\/schema\/person\/382af97c580dc1b18f55107bc316010d"},"headline":"Indaiatuba promove Festival Outubro Liter\u00e1rio","datePublished":"2012-10-08T19:12:32+00:00","dateModified":"2024-01-26T13:55:23+00:00","mainEntityOfPage":{"@id":"https:\/\/revistaregional.com.br\/site\/2012\/10\/08\/indaiatuba-promove-festival-outubro-literario\/"},"wordCount":991,"commentCount":0,"image":{"@id":"https:\/\/revistaregional.com.br\/site\/2012\/10\/08\/indaiatuba-promove-festival-outubro-literario\/#primaryimage"},"thumbnailUrl":"https:\/\/revistaregional.com.br\/site\/wp-content\/uploads\/2012\/10\/jkjkkkk.jpg","keywords":["Cultura"],"articleSection":["Cultura"],"inLanguage":"pt-BR","potentialAction":[{"@type":"CommentAction","name":"Comment","target":["https:\/\/revistaregional.com.br\/site\/2012\/10\/08\/indaiatuba-promove-festival-outubro-literario\/#respond"]}]},{"@type":"WebPage","@id":"https:\/\/revistaregional.com.br\/site\/2012\/10\/08\/indaiatuba-promove-festival-outubro-literario\/","url":"https:\/\/revistaregional.com.br\/site\/2012\/10\/08\/indaiatuba-promove-festival-outubro-literario\/","name":"Indaiatuba promove Festival Outubro Liter\u00e1rio - Revista Regional","isPartOf":{"@id":"https:\/\/revistaregional.com.br\/site\/#website"},"primaryImageOfPage":{"@id":"https:\/\/revistaregional.com.br\/site\/2012\/10\/08\/indaiatuba-promove-festival-outubro-literario\/#primaryimage"},"image":{"@id":"https:\/\/revistaregional.com.br\/site\/2012\/10\/08\/indaiatuba-promove-festival-outubro-literario\/#primaryimage"},"thumbnailUrl":"https:\/\/revistaregional.com.br\/site\/wp-content\/uploads\/2012\/10\/jkjkkkk.jpg","datePublished":"2012-10-08T19:12:32+00:00","dateModified":"2024-01-26T13:55:23+00:00","author":{"@id":"https:\/\/revistaregional.com.br\/site\/#\/schema\/person\/382af97c580dc1b18f55107bc316010d"},"breadcrumb":{"@id":"https:\/\/revistaregional.com.br\/site\/2012\/10\/08\/indaiatuba-promove-festival-outubro-literario\/#breadcrumb"},"inLanguage":"pt-BR","potentialAction":[{"@type":"ReadAction","target":["https:\/\/revistaregional.com.br\/site\/2012\/10\/08\/indaiatuba-promove-festival-outubro-literario\/"]}]},{"@type":"ImageObject","inLanguage":"pt-BR","@id":"https:\/\/revistaregional.com.br\/site\/2012\/10\/08\/indaiatuba-promove-festival-outubro-literario\/#primaryimage","url":"https:\/\/revistaregional.com.br\/site\/wp-content\/uploads\/2012\/10\/jkjkkkk.jpg","contentUrl":"https:\/\/revistaregional.com.br\/site\/wp-content\/uploads\/2012\/10\/jkjkkkk.jpg","width":"428","height":"338"},{"@type":"BreadcrumbList","@id":"https:\/\/revistaregional.com.br\/site\/2012\/10\/08\/indaiatuba-promove-festival-outubro-literario\/#breadcrumb","itemListElement":[{"@type":"ListItem","position":1,"name":"In\u00edcio","item":"https:\/\/revistaregional.com.br\/site\/"},{"@type":"ListItem","position":2,"name":"Indaiatuba promove Festival Outubro Liter\u00e1rio"}]},{"@type":"WebSite","@id":"https:\/\/revistaregional.com.br\/site\/#website","url":"https:\/\/revistaregional.com.br\/site\/","name":"Revista Regional","description":"Salto - Itu - Indaituba","potentialAction":[{"@type":"SearchAction","target":{"@type":"EntryPoint","urlTemplate":"https:\/\/revistaregional.com.br\/site\/?s={search_term_string}"},"query-input":{"@type":"PropertyValueSpecification","valueRequired":true,"valueName":"search_term_string"}}],"inLanguage":"pt-BR"},{"@type":"Person","@id":"https:\/\/revistaregional.com.br\/site\/#\/schema\/person\/382af97c580dc1b18f55107bc316010d","name":"contato@revistaregional.com.br","image":{"@type":"ImageObject","inLanguage":"pt-BR","@id":"https:\/\/secure.gravatar.com\/avatar\/869822917e96b2e292d5827e4635855396934485e7c4a0af84e9a214e32ca0cd?s=96&d=mm&r=g","url":"https:\/\/secure.gravatar.com\/avatar\/869822917e96b2e292d5827e4635855396934485e7c4a0af84e9a214e32ca0cd?s=96&d=mm&r=g","contentUrl":"https:\/\/secure.gravatar.com\/avatar\/869822917e96b2e292d5827e4635855396934485e7c4a0af84e9a214e32ca0cd?s=96&d=mm&r=g","caption":"contato@revistaregional.com.br"},"url":"https:\/\/revistaregional.com.br\/site\/author\/contato@revistaregional.com.br\/"}]}},"views":61,"_links":{"self":[{"href":"https:\/\/revistaregional.com.br\/site\/wp-json\/wp\/v2\/posts\/3599","targetHints":{"allow":["GET"]}}],"collection":[{"href":"https:\/\/revistaregional.com.br\/site\/wp-json\/wp\/v2\/posts"}],"about":[{"href":"https:\/\/revistaregional.com.br\/site\/wp-json\/wp\/v2\/types\/post"}],"author":[{"embeddable":true,"href":"https:\/\/revistaregional.com.br\/site\/wp-json\/wp\/v2\/users\/1"}],"replies":[{"embeddable":true,"href":"https:\/\/revistaregional.com.br\/site\/wp-json\/wp\/v2\/comments?post=3599"}],"version-history":[{"count":5,"href":"https:\/\/revistaregional.com.br\/site\/wp-json\/wp\/v2\/posts\/3599\/revisions"}],"predecessor-version":[{"id":3611,"href":"https:\/\/revistaregional.com.br\/site\/wp-json\/wp\/v2\/posts\/3599\/revisions\/3611"}],"wp:featuredmedia":[{"embeddable":true,"href":"https:\/\/revistaregional.com.br\/site\/wp-json\/wp\/v2\/media\/3610"}],"wp:attachment":[{"href":"https:\/\/revistaregional.com.br\/site\/wp-json\/wp\/v2\/media?parent=3599"}],"wp:term":[{"taxonomy":"category","embeddable":true,"href":"https:\/\/revistaregional.com.br\/site\/wp-json\/wp\/v2\/categories?post=3599"},{"taxonomy":"post_tag","embeddable":true,"href":"https:\/\/revistaregional.com.br\/site\/wp-json\/wp\/v2\/tags?post=3599"}],"curies":[{"name":"wp","href":"https:\/\/api.w.org\/{rel}","templated":true}]}}