{"id":3332,"date":"2012-08-30T10:00:53","date_gmt":"2012-08-30T13:00:53","guid":{"rendered":"http:\/\/revistaregional.com.br\/site\/?p=3332"},"modified":"2024-01-26T10:55:31","modified_gmt":"2024-01-26T13:55:31","slug":"escritora-lanca-triz-em-itu","status":"publish","type":"post","link":"https:\/\/revistaregional.com.br\/site\/2012\/08\/30\/escritora-lanca-triz-em-itu\/","title":{"rendered":"Lan\u00e7amento de &#8216;Triz&#8217; acontece dia 31 em Itu"},"content":{"rendered":"<figure id=\"attachment_3333\" aria-describedby=\"caption-attachment-3333\" style=\"width: 280px\" class=\"wp-caption alignleft\"><a href=\"http:\/\/revistaregional.com.br\/site\/wp-content\/uploads\/2012\/08\/capa.jpg\" rel=\"attachment wp-att-3333\"><img fetchpriority=\"high\" decoding=\"async\" class=\" wp-image-3333 \" src=\"http:\/\/revistaregional.com.br\/site\/wp-content\/uploads\/2012\/08\/capa.jpg\" alt=\"\" width=\"280\" height=\"384\" srcset=\"https:\/\/revistaregional.com.br\/site\/wp-content\/uploads\/2012\/08\/capa.jpg 467w, https:\/\/revistaregional.com.br\/site\/wp-content\/uploads\/2012\/08\/capa-218x300.jpg 218w\" sizes=\"(max-width: 280px) 100vw, 280px\" \/><\/a><figcaption id=\"caption-attachment-3333\" class=\"wp-caption-text\">Capa do livro que ser\u00e1 lan\u00e7ado em Itu<\/figcaption><\/figure>\n<p>Ap\u00f3s lan\u00e7amento na 22<sup>a<\/sup>Bienal do Livro de S\u00e3o Paulo, no in\u00edcio de agosto, agora \u00e9 a vez de Itu. A escritora Deborah Dornellas lan\u00e7a nessa sexta-feira, dia 31 de agosto, seu livro \u201cTriz\u201d. Estreando como escritora, Deborah apresenta uma reuni\u00e3o de poemas que reflete uma diversidade de experi\u00eancias vividas. Formada em Letras e Jornalismo, ela \u00e9 Mestraem Hist\u00f3ria Cultural e \u201cTriz\u201d, seu livro de estreia, foi rec\u00e9m publicado e j\u00e1 est\u00e1 em sua segunda edi\u00e7\u00e3o. Al\u00e9m disso,<\/p>\n<p>Deborah trabalha como redatora, tradutora e revisora free-lancer. O livro foi publicado pela editora In House e os poemas divididos em cinco sess\u00f5es: Fio, Caminhos, Pedra de Rio, Mote e V\u00f4os.<\/p>\n<p><strong>MAIS:<\/strong> Sess\u00e3o de aut\u00f3grafos de Triz<\/p>\n<p>Livraria Nobel no Plaza Shopping Itu<\/p>\n<p>Dia 31 de agosto, sexta-feira \u00e0s 18h<\/p>\n<p>Pre\u00e7o do livro: R$ 25,00<\/p>\n<p>fotos: Divulga\u00e7\u00e3o<\/p>\n<figure id=\"attachment_3337\" aria-describedby=\"caption-attachment-3337\" style=\"width: 384px\" class=\"wp-caption aligncenter\"><a href=\"http:\/\/revistaregional.com.br\/site\/wp-content\/uploads\/2012\/08\/Foto-criada-em-2011-04-13-as-20.56-41.jpg\" rel=\"attachment wp-att-3337\"><img decoding=\"async\" class=\" wp-image-3337 \" src=\"http:\/\/revistaregional.com.br\/site\/wp-content\/uploads\/2012\/08\/Foto-criada-em-2011-04-13-as-20.56-41.jpg\" alt=\"\" width=\"384\" height=\"288\" srcset=\"https:\/\/revistaregional.com.br\/site\/wp-content\/uploads\/2012\/08\/Foto-criada-em-2011-04-13-as-20.56-41.jpg 640w, https:\/\/revistaregional.com.br\/site\/wp-content\/uploads\/2012\/08\/Foto-criada-em-2011-04-13-as-20.56-41-300x225.jpg 300w\" sizes=\"(max-width: 384px) 100vw, 384px\" \/><\/a><figcaption id=\"caption-attachment-3337\" class=\"wp-caption-text\">Deborah estreia como escritora com \u201cTriz\u201d<\/figcaption><\/figure>\n","protected":false},"excerpt":{"rendered":"<p>Ap\u00f3s lan\u00e7amento na 22aBienal do Livro de S\u00e3o Paulo, no in\u00edcio de agosto, agora \u00e9 a vez de Itu. A escritora Deborah Dornellas lan\u00e7a nessa sexta-feira, dia 31 de agosto, seu livro \u201cTriz\u201d. Estreando como escritora, Deborah apresenta uma reuni\u00e3o de poemas que reflete uma diversidade de experi\u00eancias vividas. Formada em Letras e Jornalismo, ela [&hellip;]<\/p>\n","protected":false},"author":1,"featured_media":3333,"comment_status":"open","ping_status":"open","sticky":false,"template":"","format":"standard","meta":{"_acf_changed":false,"ngg_post_thumbnail":0,"_joinchat":[],"footnotes":""},"categories":[4],"tags":[533],"class_list":["post-3332","post","type-post","status-publish","format-standard","has-post-thumbnail","hentry","category-cultura","tag-cultura"],"acf":[],"yoast_head":"<!-- This site is optimized with the Yoast SEO plugin v27.4 - https:\/\/yoast.com\/product\/yoast-seo-wordpress\/ -->\n<title>Lan\u00e7amento de &#039;Triz&#039; acontece dia 31 em Itu - Revista Regional<\/title>\n<meta name=\"robots\" content=\"index, follow, max-snippet:-1, max-image-preview:large, max-video-preview:-1\" \/>\n<link rel=\"canonical\" href=\"https:\/\/revistaregional.com.br\/site\/2012\/08\/30\/escritora-lanca-triz-em-itu\/\" \/>\n<meta property=\"og:locale\" content=\"pt_BR\" \/>\n<meta property=\"og:type\" content=\"article\" \/>\n<meta property=\"og:title\" content=\"Lan\u00e7amento de &#039;Triz&#039; acontece dia 31 em Itu - Revista Regional\" \/>\n<meta property=\"og:description\" content=\"Ap\u00f3s lan\u00e7amento na 22aBienal do Livro de S\u00e3o Paulo, no in\u00edcio de agosto, agora \u00e9 a vez de Itu. A escritora Deborah Dornellas lan\u00e7a nessa sexta-feira, dia 31 de agosto, seu livro \u201cTriz\u201d. Estreando como escritora, Deborah apresenta uma reuni\u00e3o de poemas que reflete uma diversidade de experi\u00eancias vividas. Formada em Letras e Jornalismo, ela [&hellip;]\" \/>\n<meta property=\"og:url\" content=\"https:\/\/revistaregional.com.br\/site\/2012\/08\/30\/escritora-lanca-triz-em-itu\/\" \/>\n<meta property=\"og:site_name\" content=\"Revista Regional\" \/>\n<meta property=\"article:published_time\" content=\"2012-08-30T13:00:53+00:00\" \/>\n<meta property=\"article:modified_time\" content=\"2024-01-26T13:55:31+00:00\" \/>\n<meta property=\"og:image\" content=\"https:\/\/revistaregional.com.br\/site\/wp-content\/uploads\/2012\/08\/capa.jpg\" \/>\n\t<meta property=\"og:image:width\" content=\"467\" \/>\n\t<meta property=\"og:image:height\" content=\"640\" \/>\n\t<meta property=\"og:image:type\" content=\"image\/jpeg\" \/>\n<meta name=\"author\" content=\"contato@revistaregional.com.br\" \/>\n<meta name=\"twitter:card\" content=\"summary_large_image\" \/>\n<meta name=\"twitter:label1\" content=\"Escrito por\" \/>\n\t<meta name=\"twitter:data1\" content=\"contato@revistaregional.com.br\" \/>\n\t<meta name=\"twitter:label2\" content=\"Est. tempo de leitura\" \/>\n\t<meta name=\"twitter:data2\" content=\"1 minuto\" \/>\n<script type=\"application\/ld+json\" class=\"yoast-schema-graph\">{\"@context\":\"https:\\\/\\\/schema.org\",\"@graph\":[{\"@type\":\"Article\",\"@id\":\"https:\\\/\\\/revistaregional.com.br\\\/site\\\/2012\\\/08\\\/30\\\/escritora-lanca-triz-em-itu\\\/#article\",\"isPartOf\":{\"@id\":\"https:\\\/\\\/revistaregional.com.br\\\/site\\\/2012\\\/08\\\/30\\\/escritora-lanca-triz-em-itu\\\/\"},\"author\":{\"name\":\"contato@revistaregional.com.br\",\"@id\":\"https:\\\/\\\/revistaregional.com.br\\\/site\\\/#\\\/schema\\\/person\\\/382af97c580dc1b18f55107bc316010d\"},\"headline\":\"Lan\u00e7amento de &#8216;Triz&#8217; acontece dia 31 em Itu\",\"datePublished\":\"2012-08-30T13:00:53+00:00\",\"dateModified\":\"2024-01-26T13:55:31+00:00\",\"mainEntityOfPage\":{\"@id\":\"https:\\\/\\\/revistaregional.com.br\\\/site\\\/2012\\\/08\\\/30\\\/escritora-lanca-triz-em-itu\\\/\"},\"wordCount\":183,\"commentCount\":0,\"image\":{\"@id\":\"https:\\\/\\\/revistaregional.com.br\\\/site\\\/2012\\\/08\\\/30\\\/escritora-lanca-triz-em-itu\\\/#primaryimage\"},\"thumbnailUrl\":\"https:\\\/\\\/revistaregional.com.br\\\/site\\\/wp-content\\\/uploads\\\/2012\\\/08\\\/capa.jpg\",\"keywords\":[\"Cultura\"],\"articleSection\":[\"Cultura\"],\"inLanguage\":\"pt-BR\",\"potentialAction\":[{\"@type\":\"CommentAction\",\"name\":\"Comment\",\"target\":[\"https:\\\/\\\/revistaregional.com.br\\\/site\\\/2012\\\/08\\\/30\\\/escritora-lanca-triz-em-itu\\\/#respond\"]}]},{\"@type\":\"WebPage\",\"@id\":\"https:\\\/\\\/revistaregional.com.br\\\/site\\\/2012\\\/08\\\/30\\\/escritora-lanca-triz-em-itu\\\/\",\"url\":\"https:\\\/\\\/revistaregional.com.br\\\/site\\\/2012\\\/08\\\/30\\\/escritora-lanca-triz-em-itu\\\/\",\"name\":\"Lan\u00e7amento de 'Triz' acontece dia 31 em Itu - Revista Regional\",\"isPartOf\":{\"@id\":\"https:\\\/\\\/revistaregional.com.br\\\/site\\\/#website\"},\"primaryImageOfPage\":{\"@id\":\"https:\\\/\\\/revistaregional.com.br\\\/site\\\/2012\\\/08\\\/30\\\/escritora-lanca-triz-em-itu\\\/#primaryimage\"},\"image\":{\"@id\":\"https:\\\/\\\/revistaregional.com.br\\\/site\\\/2012\\\/08\\\/30\\\/escritora-lanca-triz-em-itu\\\/#primaryimage\"},\"thumbnailUrl\":\"https:\\\/\\\/revistaregional.com.br\\\/site\\\/wp-content\\\/uploads\\\/2012\\\/08\\\/capa.jpg\",\"datePublished\":\"2012-08-30T13:00:53+00:00\",\"dateModified\":\"2024-01-26T13:55:31+00:00\",\"author\":{\"@id\":\"https:\\\/\\\/revistaregional.com.br\\\/site\\\/#\\\/schema\\\/person\\\/382af97c580dc1b18f55107bc316010d\"},\"breadcrumb\":{\"@id\":\"https:\\\/\\\/revistaregional.com.br\\\/site\\\/2012\\\/08\\\/30\\\/escritora-lanca-triz-em-itu\\\/#breadcrumb\"},\"inLanguage\":\"pt-BR\",\"potentialAction\":[{\"@type\":\"ReadAction\",\"target\":[\"https:\\\/\\\/revistaregional.com.br\\\/site\\\/2012\\\/08\\\/30\\\/escritora-lanca-triz-em-itu\\\/\"]}]},{\"@type\":\"ImageObject\",\"inLanguage\":\"pt-BR\",\"@id\":\"https:\\\/\\\/revistaregional.com.br\\\/site\\\/2012\\\/08\\\/30\\\/escritora-lanca-triz-em-itu\\\/#primaryimage\",\"url\":\"https:\\\/\\\/revistaregional.com.br\\\/site\\\/wp-content\\\/uploads\\\/2012\\\/08\\\/capa.jpg\",\"contentUrl\":\"https:\\\/\\\/revistaregional.com.br\\\/site\\\/wp-content\\\/uploads\\\/2012\\\/08\\\/capa.jpg\",\"width\":\"467\",\"height\":\"640\",\"caption\":\"Capa do livro que ser\u00e1 lan\u00e7ado em Itu\"},{\"@type\":\"BreadcrumbList\",\"@id\":\"https:\\\/\\\/revistaregional.com.br\\\/site\\\/2012\\\/08\\\/30\\\/escritora-lanca-triz-em-itu\\\/#breadcrumb\",\"itemListElement\":[{\"@type\":\"ListItem\",\"position\":1,\"name\":\"In\u00edcio\",\"item\":\"https:\\\/\\\/revistaregional.com.br\\\/site\\\/\"},{\"@type\":\"ListItem\",\"position\":2,\"name\":\"Lan\u00e7amento de &#8216;Triz&#8217; acontece dia 31 em Itu\"}]},{\"@type\":\"WebSite\",\"@id\":\"https:\\\/\\\/revistaregional.com.br\\\/site\\\/#website\",\"url\":\"https:\\\/\\\/revistaregional.com.br\\\/site\\\/\",\"name\":\"Revista Regional\",\"description\":\"Salto - Itu - Indaituba\",\"potentialAction\":[{\"@type\":\"SearchAction\",\"target\":{\"@type\":\"EntryPoint\",\"urlTemplate\":\"https:\\\/\\\/revistaregional.com.br\\\/site\\\/?s={search_term_string}\"},\"query-input\":{\"@type\":\"PropertyValueSpecification\",\"valueRequired\":true,\"valueName\":\"search_term_string\"}}],\"inLanguage\":\"pt-BR\"},{\"@type\":\"Person\",\"@id\":\"https:\\\/\\\/revistaregional.com.br\\\/site\\\/#\\\/schema\\\/person\\\/382af97c580dc1b18f55107bc316010d\",\"name\":\"contato@revistaregional.com.br\",\"image\":{\"@type\":\"ImageObject\",\"inLanguage\":\"pt-BR\",\"@id\":\"https:\\\/\\\/secure.gravatar.com\\\/avatar\\\/869822917e96b2e292d5827e4635855396934485e7c4a0af84e9a214e32ca0cd?s=96&d=mm&r=g\",\"url\":\"https:\\\/\\\/secure.gravatar.com\\\/avatar\\\/869822917e96b2e292d5827e4635855396934485e7c4a0af84e9a214e32ca0cd?s=96&d=mm&r=g\",\"contentUrl\":\"https:\\\/\\\/secure.gravatar.com\\\/avatar\\\/869822917e96b2e292d5827e4635855396934485e7c4a0af84e9a214e32ca0cd?s=96&d=mm&r=g\",\"caption\":\"contato@revistaregional.com.br\"},\"url\":\"https:\\\/\\\/revistaregional.com.br\\\/site\\\/author\\\/contato@revistaregional.com.br\\\/\"}]}<\/script>\n<!-- \/ Yoast SEO plugin. -->","yoast_head_json":{"title":"Lan\u00e7amento de 'Triz' acontece dia 31 em Itu - Revista Regional","robots":{"index":"index","follow":"follow","max-snippet":"max-snippet:-1","max-image-preview":"max-image-preview:large","max-video-preview":"max-video-preview:-1"},"canonical":"https:\/\/revistaregional.com.br\/site\/2012\/08\/30\/escritora-lanca-triz-em-itu\/","og_locale":"pt_BR","og_type":"article","og_title":"Lan\u00e7amento de 'Triz' acontece dia 31 em Itu - Revista Regional","og_description":"Ap\u00f3s lan\u00e7amento na 22aBienal do Livro de S\u00e3o Paulo, no in\u00edcio de agosto, agora \u00e9 a vez de Itu. A escritora Deborah Dornellas lan\u00e7a nessa sexta-feira, dia 31 de agosto, seu livro \u201cTriz\u201d. Estreando como escritora, Deborah apresenta uma reuni\u00e3o de poemas que reflete uma diversidade de experi\u00eancias vividas. Formada em Letras e Jornalismo, ela [&hellip;]","og_url":"https:\/\/revistaregional.com.br\/site\/2012\/08\/30\/escritora-lanca-triz-em-itu\/","og_site_name":"Revista Regional","article_published_time":"2012-08-30T13:00:53+00:00","article_modified_time":"2024-01-26T13:55:31+00:00","og_image":[{"width":467,"height":640,"url":"https:\/\/revistaregional.com.br\/site\/wp-content\/uploads\/2012\/08\/capa.jpg","type":"image\/jpeg"}],"author":"contato@revistaregional.com.br","twitter_card":"summary_large_image","twitter_misc":{"Escrito por":"contato@revistaregional.com.br","Est. tempo de leitura":"1 minuto"},"schema":{"@context":"https:\/\/schema.org","@graph":[{"@type":"Article","@id":"https:\/\/revistaregional.com.br\/site\/2012\/08\/30\/escritora-lanca-triz-em-itu\/#article","isPartOf":{"@id":"https:\/\/revistaregional.com.br\/site\/2012\/08\/30\/escritora-lanca-triz-em-itu\/"},"author":{"name":"contato@revistaregional.com.br","@id":"https:\/\/revistaregional.com.br\/site\/#\/schema\/person\/382af97c580dc1b18f55107bc316010d"},"headline":"Lan\u00e7amento de &#8216;Triz&#8217; acontece dia 31 em Itu","datePublished":"2012-08-30T13:00:53+00:00","dateModified":"2024-01-26T13:55:31+00:00","mainEntityOfPage":{"@id":"https:\/\/revistaregional.com.br\/site\/2012\/08\/30\/escritora-lanca-triz-em-itu\/"},"wordCount":183,"commentCount":0,"image":{"@id":"https:\/\/revistaregional.com.br\/site\/2012\/08\/30\/escritora-lanca-triz-em-itu\/#primaryimage"},"thumbnailUrl":"https:\/\/revistaregional.com.br\/site\/wp-content\/uploads\/2012\/08\/capa.jpg","keywords":["Cultura"],"articleSection":["Cultura"],"inLanguage":"pt-BR","potentialAction":[{"@type":"CommentAction","name":"Comment","target":["https:\/\/revistaregional.com.br\/site\/2012\/08\/30\/escritora-lanca-triz-em-itu\/#respond"]}]},{"@type":"WebPage","@id":"https:\/\/revistaregional.com.br\/site\/2012\/08\/30\/escritora-lanca-triz-em-itu\/","url":"https:\/\/revistaregional.com.br\/site\/2012\/08\/30\/escritora-lanca-triz-em-itu\/","name":"Lan\u00e7amento de 'Triz' acontece dia 31 em Itu - Revista Regional","isPartOf":{"@id":"https:\/\/revistaregional.com.br\/site\/#website"},"primaryImageOfPage":{"@id":"https:\/\/revistaregional.com.br\/site\/2012\/08\/30\/escritora-lanca-triz-em-itu\/#primaryimage"},"image":{"@id":"https:\/\/revistaregional.com.br\/site\/2012\/08\/30\/escritora-lanca-triz-em-itu\/#primaryimage"},"thumbnailUrl":"https:\/\/revistaregional.com.br\/site\/wp-content\/uploads\/2012\/08\/capa.jpg","datePublished":"2012-08-30T13:00:53+00:00","dateModified":"2024-01-26T13:55:31+00:00","author":{"@id":"https:\/\/revistaregional.com.br\/site\/#\/schema\/person\/382af97c580dc1b18f55107bc316010d"},"breadcrumb":{"@id":"https:\/\/revistaregional.com.br\/site\/2012\/08\/30\/escritora-lanca-triz-em-itu\/#breadcrumb"},"inLanguage":"pt-BR","potentialAction":[{"@type":"ReadAction","target":["https:\/\/revistaregional.com.br\/site\/2012\/08\/30\/escritora-lanca-triz-em-itu\/"]}]},{"@type":"ImageObject","inLanguage":"pt-BR","@id":"https:\/\/revistaregional.com.br\/site\/2012\/08\/30\/escritora-lanca-triz-em-itu\/#primaryimage","url":"https:\/\/revistaregional.com.br\/site\/wp-content\/uploads\/2012\/08\/capa.jpg","contentUrl":"https:\/\/revistaregional.com.br\/site\/wp-content\/uploads\/2012\/08\/capa.jpg","width":"467","height":"640","caption":"Capa do livro que ser\u00e1 lan\u00e7ado em Itu"},{"@type":"BreadcrumbList","@id":"https:\/\/revistaregional.com.br\/site\/2012\/08\/30\/escritora-lanca-triz-em-itu\/#breadcrumb","itemListElement":[{"@type":"ListItem","position":1,"name":"In\u00edcio","item":"https:\/\/revistaregional.com.br\/site\/"},{"@type":"ListItem","position":2,"name":"Lan\u00e7amento de &#8216;Triz&#8217; acontece dia 31 em Itu"}]},{"@type":"WebSite","@id":"https:\/\/revistaregional.com.br\/site\/#website","url":"https:\/\/revistaregional.com.br\/site\/","name":"Revista Regional","description":"Salto - Itu - Indaituba","potentialAction":[{"@type":"SearchAction","target":{"@type":"EntryPoint","urlTemplate":"https:\/\/revistaregional.com.br\/site\/?s={search_term_string}"},"query-input":{"@type":"PropertyValueSpecification","valueRequired":true,"valueName":"search_term_string"}}],"inLanguage":"pt-BR"},{"@type":"Person","@id":"https:\/\/revistaregional.com.br\/site\/#\/schema\/person\/382af97c580dc1b18f55107bc316010d","name":"contato@revistaregional.com.br","image":{"@type":"ImageObject","inLanguage":"pt-BR","@id":"https:\/\/secure.gravatar.com\/avatar\/869822917e96b2e292d5827e4635855396934485e7c4a0af84e9a214e32ca0cd?s=96&d=mm&r=g","url":"https:\/\/secure.gravatar.com\/avatar\/869822917e96b2e292d5827e4635855396934485e7c4a0af84e9a214e32ca0cd?s=96&d=mm&r=g","contentUrl":"https:\/\/secure.gravatar.com\/avatar\/869822917e96b2e292d5827e4635855396934485e7c4a0af84e9a214e32ca0cd?s=96&d=mm&r=g","caption":"contato@revistaregional.com.br"},"url":"https:\/\/revistaregional.com.br\/site\/author\/contato@revistaregional.com.br\/"}]}},"views":38,"_links":{"self":[{"href":"https:\/\/revistaregional.com.br\/site\/wp-json\/wp\/v2\/posts\/3332","targetHints":{"allow":["GET"]}}],"collection":[{"href":"https:\/\/revistaregional.com.br\/site\/wp-json\/wp\/v2\/posts"}],"about":[{"href":"https:\/\/revistaregional.com.br\/site\/wp-json\/wp\/v2\/types\/post"}],"author":[{"embeddable":true,"href":"https:\/\/revistaregional.com.br\/site\/wp-json\/wp\/v2\/users\/1"}],"replies":[{"embeddable":true,"href":"https:\/\/revistaregional.com.br\/site\/wp-json\/wp\/v2\/comments?post=3332"}],"version-history":[{"count":5,"href":"https:\/\/revistaregional.com.br\/site\/wp-json\/wp\/v2\/posts\/3332\/revisions"}],"predecessor-version":[{"id":32451,"href":"https:\/\/revistaregional.com.br\/site\/wp-json\/wp\/v2\/posts\/3332\/revisions\/32451"}],"wp:featuredmedia":[{"embeddable":true,"href":"https:\/\/revistaregional.com.br\/site\/wp-json\/wp\/v2\/media\/3333"}],"wp:attachment":[{"href":"https:\/\/revistaregional.com.br\/site\/wp-json\/wp\/v2\/media?parent=3332"}],"wp:term":[{"taxonomy":"category","embeddable":true,"href":"https:\/\/revistaregional.com.br\/site\/wp-json\/wp\/v2\/categories?post=3332"},{"taxonomy":"post_tag","embeddable":true,"href":"https:\/\/revistaregional.com.br\/site\/wp-json\/wp\/v2\/tags?post=3332"}],"curies":[{"name":"wp","href":"https:\/\/api.w.org\/{rel}","templated":true}]}}