{"id":2958,"date":"2012-07-12T10:33:47","date_gmt":"2012-07-12T13:33:47","guid":{"rendered":"http:\/\/revistaregional.com.br\/site\/?p=2958"},"modified":"2024-01-26T09:58:01","modified_gmt":"2024-01-26T12:58:01","slug":"plaza-shopping-tem-circo-durante-as-ferias","status":"publish","type":"post","link":"https:\/\/revistaregional.com.br\/site\/2012\/07\/12\/plaza-shopping-tem-circo-durante-as-ferias\/","title":{"rendered":"Plaza Shopping tem circo durante as f\u00e9rias"},"content":{"rendered":"<figure id=\"attachment_2959\" aria-describedby=\"caption-attachment-2959\" style=\"width: 384px\" class=\"wp-caption aligncenter\"><a href=\"http:\/\/revistaregional.com.br\/site\/wp-content\/uploads\/2012\/07\/site-plazashoppingitu_circo-1-800x600.jpg\" rel=\"attachment wp-att-2959\"><img fetchpriority=\"high\" decoding=\"async\" class=\"wp-image-2959 \" src=\"http:\/\/revistaregional.com.br\/site\/wp-content\/uploads\/2012\/07\/site-plazashoppingitu_circo-1-800x600.jpg\" alt=\"\" width=\"384\" height=\"257\" srcset=\"https:\/\/revistaregional.com.br\/site\/wp-content\/uploads\/2012\/07\/site-plazashoppingitu_circo-1-800x600.jpg 640w, https:\/\/revistaregional.com.br\/site\/wp-content\/uploads\/2012\/07\/site-plazashoppingitu_circo-1-800x600-300x201.jpg 300w\" sizes=\"(max-width: 384px) 100vw, 384px\" \/><\/a><figcaption id=\"caption-attachment-2959\" class=\"wp-caption-text\">O circo tem sess\u00f5es durante as f\u00e9rias de julho no Plaza Shopping Itu<\/figcaption><\/figure>\n<p>No <a href=\"http:\/\/www.plazashoppingitu.com.br\/2011\/home\/\">Plaza Shooping Itu<\/a> tem circo e palha\u00e7o? Tem sim senhor! Desde o dia 06 de julho, a programa\u00e7\u00e3o de f\u00e9rias do shopping ganhou uma atra\u00e7\u00e3o a mais: as acrobacias, magias e o humor do <a href=\"http:\/\/www.bigbrotherscirkus.com.br\/\">Big Brothers Cirkus<\/a>. Os espet\u00e1culos acontecem durante todo o m\u00eas de julho em hor\u00e1rios distintos para dias \u00fateis e finais de semana. De ter\u00e7a a sexta-feira a companhia realiza uma apresenta\u00e7\u00e3o em hor\u00e1rio \u00fanico, \u00e0s 20h30, e aos s\u00e1bados, domingos e feriados h\u00e1 op\u00e7\u00e3o de tr\u00eas sess\u00f5es \u00e0s 16h, 18h e 20h30.<\/p>\n<p>A estrutura montada pelo Big Brothers Cirkus no plat\u00f4 inferior da \u00e1rea de estacionamento do Plaza Shopping Itu tem capacidade para 700 pessoas sentadas. A companhia \u00e9 extremamente tradicional no universo circense, para se ter uma ideia, o elenco atual da trupe \u00e9 formado pela quinta gera\u00e7\u00e3o da Fam\u00edlia Lestar, que h\u00e1 mais de 200 anos mant\u00e9m o circo vivo com espet\u00e1culos por todo pa\u00eds.<\/p>\n<p>Os ingressos do espet\u00e1culo variam de R$7 a R$10 para crian\u00e7as e de R$15 a R$20 para adultos, dependendo do setor. H\u00e1 ainda a op\u00e7\u00e3o de compra de camarotes a R$ 120 para quatro pessoas.<\/p>\n<p><strong>F\u00e9rias no shopping<\/strong><\/p>\n<p>Al\u00e9m do circo, mais duas a\u00e7\u00f5es fazem parte da programa\u00e7\u00e3o de f\u00e9rias do Plaza Shopping Itu: o <a href=\"http:\/\/www.cidadeportinho.com.br\/\">Cidade Portinho<\/a> e a Esta\u00e7\u00e3o Guloseimas. O Cidade Portinho, que teve in\u00edcio dia 2 de julho, \u00e9 um evento realizado em parceria com a companhia de Seguros Porto Seguro, no qual as crian\u00e7as brincam enquanto aprendem as normas de tr\u00e2nsito. J\u00e1 a Esta\u00e7\u00e3o Guloseimas,<strong> <\/strong>que come\u00e7a a acontecer a partir do dia 18, transforma os pequenos em chefs de cozinha, com oficinas de montagem e decora\u00e7\u00e3o de cookies, cones recheados, mini pizzas, bolinhos e modelagem de docinhos.<\/p>\n<p>Os eventos de f\u00e9rias do Plaza Shopping Itu acontecem na Pra\u00e7a de Eventos e t\u00eam entrada gratuita. Outras informa\u00e7\u00f5es pelo telefone 11 4022-9400 ou no site <a href=\"http:\/\/www.plazashoppingitucom.br\/\">www.plazashoppingitucom.br<\/a> .<\/p>\n<p><strong>MAIS:<\/strong><\/p>\n<p><strong>Programa\u00e7\u00e3o de f\u00e9rias no Plaza Shopping Itu<\/strong><\/p>\n<p>Endere\u00e7o: Av. Dr. Ermelindo Maffei, 1199, Jd. Para\u00edso, Itu. Tel.: (11) 4022-9400 | <a href=\"http:\/\/www.plazashoppingitu.com.br\/\">www.plazashoppingitu.com.br<\/a><\/p>\n<p><em>\u00a0foto: Divulga\u00e7\u00e3o<\/em><\/p>\n","protected":false},"excerpt":{"rendered":"<p>No Plaza Shooping Itu tem circo e palha\u00e7o? Tem sim senhor! Desde o dia 06 de julho, a programa\u00e7\u00e3o de f\u00e9rias do shopping ganhou uma atra\u00e7\u00e3o a mais: as acrobacias, magias e o humor do Big Brothers Cirkus. Os espet\u00e1culos acontecem durante todo o m\u00eas de julho em hor\u00e1rios distintos para dias \u00fateis e finais [&hellip;]<\/p>\n","protected":false},"author":1,"featured_media":2959,"comment_status":"open","ping_status":"open","sticky":false,"template":"","format":"standard","meta":{"_acf_changed":false,"ngg_post_thumbnail":0,"_joinchat":[],"footnotes":""},"categories":[12],"tags":[527],"class_list":["post-2958","post","type-post","status-publish","format-standard","has-post-thumbnail","hentry","category-regionais","tag-regionais"],"acf":[],"yoast_head":"<!-- This site is optimized with the Yoast SEO plugin v27.4 - https:\/\/yoast.com\/product\/yoast-seo-wordpress\/ -->\n<title>Plaza Shopping tem circo durante as f\u00e9rias - Revista Regional<\/title>\n<meta name=\"robots\" content=\"index, follow, max-snippet:-1, max-image-preview:large, max-video-preview:-1\" \/>\n<link rel=\"canonical\" href=\"https:\/\/revistaregional.com.br\/site\/2012\/07\/12\/plaza-shopping-tem-circo-durante-as-ferias\/\" \/>\n<meta property=\"og:locale\" content=\"pt_BR\" \/>\n<meta property=\"og:type\" content=\"article\" \/>\n<meta property=\"og:title\" content=\"Plaza Shopping tem circo durante as f\u00e9rias - Revista Regional\" \/>\n<meta property=\"og:description\" content=\"No Plaza Shooping Itu tem circo e palha\u00e7o? Tem sim senhor! Desde o dia 06 de julho, a programa\u00e7\u00e3o de f\u00e9rias do shopping ganhou uma atra\u00e7\u00e3o a mais: as acrobacias, magias e o humor do Big Brothers Cirkus. Os espet\u00e1culos acontecem durante todo o m\u00eas de julho em hor\u00e1rios distintos para dias \u00fateis e finais [&hellip;]\" \/>\n<meta property=\"og:url\" content=\"https:\/\/revistaregional.com.br\/site\/2012\/07\/12\/plaza-shopping-tem-circo-durante-as-ferias\/\" \/>\n<meta property=\"og:site_name\" content=\"Revista Regional\" \/>\n<meta property=\"article:published_time\" content=\"2012-07-12T13:33:47+00:00\" \/>\n<meta property=\"article:modified_time\" content=\"2024-01-26T12:58:01+00:00\" \/>\n<meta property=\"og:image\" content=\"https:\/\/revistaregional.com.br\/site\/wp-content\/uploads\/2012\/07\/site-plazashoppingitu_circo-1-800x600.jpg\" \/>\n\t<meta property=\"og:image:width\" content=\"640\" \/>\n\t<meta property=\"og:image:height\" content=\"429\" \/>\n\t<meta property=\"og:image:type\" content=\"image\/jpeg\" \/>\n<meta name=\"author\" content=\"contato@revistaregional.com.br\" \/>\n<meta name=\"twitter:card\" content=\"summary_large_image\" \/>\n<meta name=\"twitter:label1\" content=\"Escrito por\" \/>\n\t<meta name=\"twitter:data1\" content=\"contato@revistaregional.com.br\" \/>\n\t<meta name=\"twitter:label2\" content=\"Est. tempo de leitura\" \/>\n\t<meta name=\"twitter:data2\" content=\"2 minutos\" \/>\n<script type=\"application\/ld+json\" class=\"yoast-schema-graph\">{\"@context\":\"https:\\\/\\\/schema.org\",\"@graph\":[{\"@type\":\"Article\",\"@id\":\"https:\\\/\\\/revistaregional.com.br\\\/site\\\/2012\\\/07\\\/12\\\/plaza-shopping-tem-circo-durante-as-ferias\\\/#article\",\"isPartOf\":{\"@id\":\"https:\\\/\\\/revistaregional.com.br\\\/site\\\/2012\\\/07\\\/12\\\/plaza-shopping-tem-circo-durante-as-ferias\\\/\"},\"author\":{\"name\":\"contato@revistaregional.com.br\",\"@id\":\"https:\\\/\\\/revistaregional.com.br\\\/site\\\/#\\\/schema\\\/person\\\/382af97c580dc1b18f55107bc316010d\"},\"headline\":\"Plaza Shopping tem circo durante as f\u00e9rias\",\"datePublished\":\"2012-07-12T13:33:47+00:00\",\"dateModified\":\"2024-01-26T12:58:01+00:00\",\"mainEntityOfPage\":{\"@id\":\"https:\\\/\\\/revistaregional.com.br\\\/site\\\/2012\\\/07\\\/12\\\/plaza-shopping-tem-circo-durante-as-ferias\\\/\"},\"wordCount\":400,\"commentCount\":0,\"image\":{\"@id\":\"https:\\\/\\\/revistaregional.com.br\\\/site\\\/2012\\\/07\\\/12\\\/plaza-shopping-tem-circo-durante-as-ferias\\\/#primaryimage\"},\"thumbnailUrl\":\"https:\\\/\\\/revistaregional.com.br\\\/site\\\/wp-content\\\/uploads\\\/2012\\\/07\\\/site-plazashoppingitu_circo-1-800x600.jpg\",\"keywords\":[\"Regionais\"],\"articleSection\":[\"Regionais\"],\"inLanguage\":\"pt-BR\",\"potentialAction\":[{\"@type\":\"CommentAction\",\"name\":\"Comment\",\"target\":[\"https:\\\/\\\/revistaregional.com.br\\\/site\\\/2012\\\/07\\\/12\\\/plaza-shopping-tem-circo-durante-as-ferias\\\/#respond\"]}]},{\"@type\":\"WebPage\",\"@id\":\"https:\\\/\\\/revistaregional.com.br\\\/site\\\/2012\\\/07\\\/12\\\/plaza-shopping-tem-circo-durante-as-ferias\\\/\",\"url\":\"https:\\\/\\\/revistaregional.com.br\\\/site\\\/2012\\\/07\\\/12\\\/plaza-shopping-tem-circo-durante-as-ferias\\\/\",\"name\":\"Plaza Shopping tem circo durante as f\u00e9rias - Revista Regional\",\"isPartOf\":{\"@id\":\"https:\\\/\\\/revistaregional.com.br\\\/site\\\/#website\"},\"primaryImageOfPage\":{\"@id\":\"https:\\\/\\\/revistaregional.com.br\\\/site\\\/2012\\\/07\\\/12\\\/plaza-shopping-tem-circo-durante-as-ferias\\\/#primaryimage\"},\"image\":{\"@id\":\"https:\\\/\\\/revistaregional.com.br\\\/site\\\/2012\\\/07\\\/12\\\/plaza-shopping-tem-circo-durante-as-ferias\\\/#primaryimage\"},\"thumbnailUrl\":\"https:\\\/\\\/revistaregional.com.br\\\/site\\\/wp-content\\\/uploads\\\/2012\\\/07\\\/site-plazashoppingitu_circo-1-800x600.jpg\",\"datePublished\":\"2012-07-12T13:33:47+00:00\",\"dateModified\":\"2024-01-26T12:58:01+00:00\",\"author\":{\"@id\":\"https:\\\/\\\/revistaregional.com.br\\\/site\\\/#\\\/schema\\\/person\\\/382af97c580dc1b18f55107bc316010d\"},\"breadcrumb\":{\"@id\":\"https:\\\/\\\/revistaregional.com.br\\\/site\\\/2012\\\/07\\\/12\\\/plaza-shopping-tem-circo-durante-as-ferias\\\/#breadcrumb\"},\"inLanguage\":\"pt-BR\",\"potentialAction\":[{\"@type\":\"ReadAction\",\"target\":[\"https:\\\/\\\/revistaregional.com.br\\\/site\\\/2012\\\/07\\\/12\\\/plaza-shopping-tem-circo-durante-as-ferias\\\/\"]}]},{\"@type\":\"ImageObject\",\"inLanguage\":\"pt-BR\",\"@id\":\"https:\\\/\\\/revistaregional.com.br\\\/site\\\/2012\\\/07\\\/12\\\/plaza-shopping-tem-circo-durante-as-ferias\\\/#primaryimage\",\"url\":\"https:\\\/\\\/revistaregional.com.br\\\/site\\\/wp-content\\\/uploads\\\/2012\\\/07\\\/site-plazashoppingitu_circo-1-800x600.jpg\",\"contentUrl\":\"https:\\\/\\\/revistaregional.com.br\\\/site\\\/wp-content\\\/uploads\\\/2012\\\/07\\\/site-plazashoppingitu_circo-1-800x600.jpg\",\"width\":\"640\",\"height\":\"429\",\"caption\":\"O circo tem sess\u00f5es durante as f\u00e9rias de julho no Plaza Shopping Itu\"},{\"@type\":\"BreadcrumbList\",\"@id\":\"https:\\\/\\\/revistaregional.com.br\\\/site\\\/2012\\\/07\\\/12\\\/plaza-shopping-tem-circo-durante-as-ferias\\\/#breadcrumb\",\"itemListElement\":[{\"@type\":\"ListItem\",\"position\":1,\"name\":\"In\u00edcio\",\"item\":\"https:\\\/\\\/revistaregional.com.br\\\/site\\\/\"},{\"@type\":\"ListItem\",\"position\":2,\"name\":\"Plaza Shopping tem circo durante as f\u00e9rias\"}]},{\"@type\":\"WebSite\",\"@id\":\"https:\\\/\\\/revistaregional.com.br\\\/site\\\/#website\",\"url\":\"https:\\\/\\\/revistaregional.com.br\\\/site\\\/\",\"name\":\"Revista Regional\",\"description\":\"Salto - Itu - Indaituba\",\"potentialAction\":[{\"@type\":\"SearchAction\",\"target\":{\"@type\":\"EntryPoint\",\"urlTemplate\":\"https:\\\/\\\/revistaregional.com.br\\\/site\\\/?s={search_term_string}\"},\"query-input\":{\"@type\":\"PropertyValueSpecification\",\"valueRequired\":true,\"valueName\":\"search_term_string\"}}],\"inLanguage\":\"pt-BR\"},{\"@type\":\"Person\",\"@id\":\"https:\\\/\\\/revistaregional.com.br\\\/site\\\/#\\\/schema\\\/person\\\/382af97c580dc1b18f55107bc316010d\",\"name\":\"contato@revistaregional.com.br\",\"image\":{\"@type\":\"ImageObject\",\"inLanguage\":\"pt-BR\",\"@id\":\"https:\\\/\\\/secure.gravatar.com\\\/avatar\\\/869822917e96b2e292d5827e4635855396934485e7c4a0af84e9a214e32ca0cd?s=96&d=mm&r=g\",\"url\":\"https:\\\/\\\/secure.gravatar.com\\\/avatar\\\/869822917e96b2e292d5827e4635855396934485e7c4a0af84e9a214e32ca0cd?s=96&d=mm&r=g\",\"contentUrl\":\"https:\\\/\\\/secure.gravatar.com\\\/avatar\\\/869822917e96b2e292d5827e4635855396934485e7c4a0af84e9a214e32ca0cd?s=96&d=mm&r=g\",\"caption\":\"contato@revistaregional.com.br\"},\"url\":\"https:\\\/\\\/revistaregional.com.br\\\/site\\\/author\\\/contato@revistaregional.com.br\\\/\"}]}<\/script>\n<!-- \/ Yoast SEO plugin. -->","yoast_head_json":{"title":"Plaza Shopping tem circo durante as f\u00e9rias - Revista Regional","robots":{"index":"index","follow":"follow","max-snippet":"max-snippet:-1","max-image-preview":"max-image-preview:large","max-video-preview":"max-video-preview:-1"},"canonical":"https:\/\/revistaregional.com.br\/site\/2012\/07\/12\/plaza-shopping-tem-circo-durante-as-ferias\/","og_locale":"pt_BR","og_type":"article","og_title":"Plaza Shopping tem circo durante as f\u00e9rias - Revista Regional","og_description":"No Plaza Shooping Itu tem circo e palha\u00e7o? Tem sim senhor! Desde o dia 06 de julho, a programa\u00e7\u00e3o de f\u00e9rias do shopping ganhou uma atra\u00e7\u00e3o a mais: as acrobacias, magias e o humor do Big Brothers Cirkus. Os espet\u00e1culos acontecem durante todo o m\u00eas de julho em hor\u00e1rios distintos para dias \u00fateis e finais [&hellip;]","og_url":"https:\/\/revistaregional.com.br\/site\/2012\/07\/12\/plaza-shopping-tem-circo-durante-as-ferias\/","og_site_name":"Revista Regional","article_published_time":"2012-07-12T13:33:47+00:00","article_modified_time":"2024-01-26T12:58:01+00:00","og_image":[{"width":640,"height":429,"url":"https:\/\/revistaregional.com.br\/site\/wp-content\/uploads\/2012\/07\/site-plazashoppingitu_circo-1-800x600.jpg","type":"image\/jpeg"}],"author":"contato@revistaregional.com.br","twitter_card":"summary_large_image","twitter_misc":{"Escrito por":"contato@revistaregional.com.br","Est. tempo de leitura":"2 minutos"},"schema":{"@context":"https:\/\/schema.org","@graph":[{"@type":"Article","@id":"https:\/\/revistaregional.com.br\/site\/2012\/07\/12\/plaza-shopping-tem-circo-durante-as-ferias\/#article","isPartOf":{"@id":"https:\/\/revistaregional.com.br\/site\/2012\/07\/12\/plaza-shopping-tem-circo-durante-as-ferias\/"},"author":{"name":"contato@revistaregional.com.br","@id":"https:\/\/revistaregional.com.br\/site\/#\/schema\/person\/382af97c580dc1b18f55107bc316010d"},"headline":"Plaza Shopping tem circo durante as f\u00e9rias","datePublished":"2012-07-12T13:33:47+00:00","dateModified":"2024-01-26T12:58:01+00:00","mainEntityOfPage":{"@id":"https:\/\/revistaregional.com.br\/site\/2012\/07\/12\/plaza-shopping-tem-circo-durante-as-ferias\/"},"wordCount":400,"commentCount":0,"image":{"@id":"https:\/\/revistaregional.com.br\/site\/2012\/07\/12\/plaza-shopping-tem-circo-durante-as-ferias\/#primaryimage"},"thumbnailUrl":"https:\/\/revistaregional.com.br\/site\/wp-content\/uploads\/2012\/07\/site-plazashoppingitu_circo-1-800x600.jpg","keywords":["Regionais"],"articleSection":["Regionais"],"inLanguage":"pt-BR","potentialAction":[{"@type":"CommentAction","name":"Comment","target":["https:\/\/revistaregional.com.br\/site\/2012\/07\/12\/plaza-shopping-tem-circo-durante-as-ferias\/#respond"]}]},{"@type":"WebPage","@id":"https:\/\/revistaregional.com.br\/site\/2012\/07\/12\/plaza-shopping-tem-circo-durante-as-ferias\/","url":"https:\/\/revistaregional.com.br\/site\/2012\/07\/12\/plaza-shopping-tem-circo-durante-as-ferias\/","name":"Plaza Shopping tem circo durante as f\u00e9rias - Revista Regional","isPartOf":{"@id":"https:\/\/revistaregional.com.br\/site\/#website"},"primaryImageOfPage":{"@id":"https:\/\/revistaregional.com.br\/site\/2012\/07\/12\/plaza-shopping-tem-circo-durante-as-ferias\/#primaryimage"},"image":{"@id":"https:\/\/revistaregional.com.br\/site\/2012\/07\/12\/plaza-shopping-tem-circo-durante-as-ferias\/#primaryimage"},"thumbnailUrl":"https:\/\/revistaregional.com.br\/site\/wp-content\/uploads\/2012\/07\/site-plazashoppingitu_circo-1-800x600.jpg","datePublished":"2012-07-12T13:33:47+00:00","dateModified":"2024-01-26T12:58:01+00:00","author":{"@id":"https:\/\/revistaregional.com.br\/site\/#\/schema\/person\/382af97c580dc1b18f55107bc316010d"},"breadcrumb":{"@id":"https:\/\/revistaregional.com.br\/site\/2012\/07\/12\/plaza-shopping-tem-circo-durante-as-ferias\/#breadcrumb"},"inLanguage":"pt-BR","potentialAction":[{"@type":"ReadAction","target":["https:\/\/revistaregional.com.br\/site\/2012\/07\/12\/plaza-shopping-tem-circo-durante-as-ferias\/"]}]},{"@type":"ImageObject","inLanguage":"pt-BR","@id":"https:\/\/revistaregional.com.br\/site\/2012\/07\/12\/plaza-shopping-tem-circo-durante-as-ferias\/#primaryimage","url":"https:\/\/revistaregional.com.br\/site\/wp-content\/uploads\/2012\/07\/site-plazashoppingitu_circo-1-800x600.jpg","contentUrl":"https:\/\/revistaregional.com.br\/site\/wp-content\/uploads\/2012\/07\/site-plazashoppingitu_circo-1-800x600.jpg","width":"640","height":"429","caption":"O circo tem sess\u00f5es durante as f\u00e9rias de julho no Plaza Shopping Itu"},{"@type":"BreadcrumbList","@id":"https:\/\/revistaregional.com.br\/site\/2012\/07\/12\/plaza-shopping-tem-circo-durante-as-ferias\/#breadcrumb","itemListElement":[{"@type":"ListItem","position":1,"name":"In\u00edcio","item":"https:\/\/revistaregional.com.br\/site\/"},{"@type":"ListItem","position":2,"name":"Plaza Shopping tem circo durante as f\u00e9rias"}]},{"@type":"WebSite","@id":"https:\/\/revistaregional.com.br\/site\/#website","url":"https:\/\/revistaregional.com.br\/site\/","name":"Revista Regional","description":"Salto - Itu - Indaituba","potentialAction":[{"@type":"SearchAction","target":{"@type":"EntryPoint","urlTemplate":"https:\/\/revistaregional.com.br\/site\/?s={search_term_string}"},"query-input":{"@type":"PropertyValueSpecification","valueRequired":true,"valueName":"search_term_string"}}],"inLanguage":"pt-BR"},{"@type":"Person","@id":"https:\/\/revistaregional.com.br\/site\/#\/schema\/person\/382af97c580dc1b18f55107bc316010d","name":"contato@revistaregional.com.br","image":{"@type":"ImageObject","inLanguage":"pt-BR","@id":"https:\/\/secure.gravatar.com\/avatar\/869822917e96b2e292d5827e4635855396934485e7c4a0af84e9a214e32ca0cd?s=96&d=mm&r=g","url":"https:\/\/secure.gravatar.com\/avatar\/869822917e96b2e292d5827e4635855396934485e7c4a0af84e9a214e32ca0cd?s=96&d=mm&r=g","contentUrl":"https:\/\/secure.gravatar.com\/avatar\/869822917e96b2e292d5827e4635855396934485e7c4a0af84e9a214e32ca0cd?s=96&d=mm&r=g","caption":"contato@revistaregional.com.br"},"url":"https:\/\/revistaregional.com.br\/site\/author\/contato@revistaregional.com.br\/"}]}},"views":128,"_links":{"self":[{"href":"https:\/\/revistaregional.com.br\/site\/wp-json\/wp\/v2\/posts\/2958","targetHints":{"allow":["GET"]}}],"collection":[{"href":"https:\/\/revistaregional.com.br\/site\/wp-json\/wp\/v2\/posts"}],"about":[{"href":"https:\/\/revistaregional.com.br\/site\/wp-json\/wp\/v2\/types\/post"}],"author":[{"embeddable":true,"href":"https:\/\/revistaregional.com.br\/site\/wp-json\/wp\/v2\/users\/1"}],"replies":[{"embeddable":true,"href":"https:\/\/revistaregional.com.br\/site\/wp-json\/wp\/v2\/comments?post=2958"}],"version-history":[{"count":4,"href":"https:\/\/revistaregional.com.br\/site\/wp-json\/wp\/v2\/posts\/2958\/revisions"}],"predecessor-version":[{"id":2963,"href":"https:\/\/revistaregional.com.br\/site\/wp-json\/wp\/v2\/posts\/2958\/revisions\/2963"}],"wp:featuredmedia":[{"embeddable":true,"href":"https:\/\/revistaregional.com.br\/site\/wp-json\/wp\/v2\/media\/2959"}],"wp:attachment":[{"href":"https:\/\/revistaregional.com.br\/site\/wp-json\/wp\/v2\/media?parent=2958"}],"wp:term":[{"taxonomy":"category","embeddable":true,"href":"https:\/\/revistaregional.com.br\/site\/wp-json\/wp\/v2\/categories?post=2958"},{"taxonomy":"post_tag","embeddable":true,"href":"https:\/\/revistaregional.com.br\/site\/wp-json\/wp\/v2\/tags?post=2958"}],"curies":[{"name":"wp","href":"https:\/\/api.w.org\/{rel}","templated":true}]}}