{"id":2951,"date":"2012-07-11T15:22:34","date_gmt":"2012-07-11T18:22:34","guid":{"rendered":"http:\/\/revistaregional.com.br\/site\/?p=2951"},"modified":"2024-01-26T10:52:08","modified_gmt":"2024-01-26T13:52:08","slug":"festival-do-minuto-acontece-em-itu","status":"publish","type":"post","link":"https:\/\/revistaregional.com.br\/site\/2012\/07\/11\/festival-do-minuto-acontece-em-itu\/","title":{"rendered":"Festival do Minuto acontece em Itu"},"content":{"rendered":"<figure id=\"attachment_2953\" aria-describedby=\"caption-attachment-2953\" style=\"width: 384px\" class=\"wp-caption aligncenter\"><a href=\"http:\/\/revistaregional.com.br\/site\/wp-content\/uploads\/2012\/07\/site-museu-minuto-2-800x6001.jpg\" rel=\"attachment wp-att-2953\"><img fetchpriority=\"high\" decoding=\"async\" class=\"wp-image-2953 \" src=\"http:\/\/revistaregional.com.br\/site\/wp-content\/uploads\/2012\/07\/site-museu-minuto-2-800x6001.jpg\" alt=\"\" width=\"384\" height=\"288\" srcset=\"https:\/\/revistaregional.com.br\/site\/wp-content\/uploads\/2012\/07\/site-museu-minuto-2-800x6001.jpg 640w, https:\/\/revistaregional.com.br\/site\/wp-content\/uploads\/2012\/07\/site-museu-minuto-2-800x6001-300x225.jpg 300w\" sizes=\"(max-width: 384px) 100vw, 384px\" \/><\/a><figcaption id=\"caption-attachment-2953\" class=\"wp-caption-text\">P\u00fablico durante o Festival realizado em anos anteriores<\/figcaption><\/figure>\n<p>O Museu da Energia em Itu exibir\u00e1 o melhor do Festival do Minuto 2011 nos dias 11, 13, 18, 20, 25 e 27 de julho. Criado no Brasil em 1991, o Festival do Minuto tem como inspira\u00e7\u00e3o a cria\u00e7\u00e3o dos festivais do minuto em mais de 50 pa\u00edses. H\u00e1 cinco anos, o Festival tornou-se permanente e online, lan\u00e7ando temas e premiando os melhores trabalhos m\u00eas a m\u00eas, tendo a id\u00e9ia como crit\u00e9rio mais relevante na avalia\u00e7\u00e3o dos v\u00eddeos, podendo ser chamado tamb\u00e9m de Festival da Ideia. Os v\u00eddeos s\u00e3o exibidos anualmente em mais de 300 centros de cultura de 200 cidades brasileiras, off-line. Em Itu, no Museu da Energia, os v\u00eddeos ser\u00e3o exibidos, gratuitamente, a partir das 18h.<\/p>\n<p>Entre os v\u00eddeos que ser\u00e3o exibidos na mostra, o filme \u201cO Menino e o Bodoque\u201d, do estudante paulistano Fabbinho, foi eleito como o melhor minuto produzido no ano de 2011, em vota\u00e7\u00e3o que durou tr\u00eas meses via o Facebook do Festival.<\/p>\n<p><strong>\u00a0MAIS<\/strong>: O Museu da Energia de Itu est\u00e1 localizado na rua Paula Souza, 669, Centro. Mais informa\u00e7\u00f5es pelo telefone (11) 4022-6832.<\/p>\n<p><em>\u00a0foto: Divulga\u00e7\u00e3o<\/em><\/p>\n","protected":false},"excerpt":{"rendered":"<p>O Museu da Energia em Itu exibir\u00e1 o melhor do Festival do Minuto 2011 nos dias 11, 13, 18, 20, 25 e 27 de julho. Criado no Brasil em 1991, o Festival do Minuto tem como inspira\u00e7\u00e3o a cria\u00e7\u00e3o dos festivais do minuto em mais de 50 pa\u00edses. H\u00e1 cinco anos, o Festival tornou-se permanente [&hellip;]<\/p>\n","protected":false},"author":1,"featured_media":2953,"comment_status":"open","ping_status":"open","sticky":false,"template":"","format":"standard","meta":{"_acf_changed":false,"ngg_post_thumbnail":0,"_joinchat":[],"footnotes":""},"categories":[4],"tags":[533],"class_list":["post-2951","post","type-post","status-publish","format-standard","has-post-thumbnail","hentry","category-cultura","tag-cultura"],"acf":[],"yoast_head":"<!-- This site is optimized with the Yoast SEO plugin v27.4 - https:\/\/yoast.com\/product\/yoast-seo-wordpress\/ -->\n<title>Festival do Minuto acontece em Itu - Revista Regional<\/title>\n<meta name=\"robots\" content=\"index, follow, max-snippet:-1, max-image-preview:large, max-video-preview:-1\" \/>\n<link rel=\"canonical\" href=\"https:\/\/revistaregional.com.br\/site\/2012\/07\/11\/festival-do-minuto-acontece-em-itu\/\" \/>\n<meta property=\"og:locale\" content=\"pt_BR\" \/>\n<meta property=\"og:type\" content=\"article\" \/>\n<meta property=\"og:title\" content=\"Festival do Minuto acontece em Itu - Revista Regional\" \/>\n<meta property=\"og:description\" content=\"O Museu da Energia em Itu exibir\u00e1 o melhor do Festival do Minuto 2011 nos dias 11, 13, 18, 20, 25 e 27 de julho. Criado no Brasil em 1991, o Festival do Minuto tem como inspira\u00e7\u00e3o a cria\u00e7\u00e3o dos festivais do minuto em mais de 50 pa\u00edses. H\u00e1 cinco anos, o Festival tornou-se permanente [&hellip;]\" \/>\n<meta property=\"og:url\" content=\"https:\/\/revistaregional.com.br\/site\/2012\/07\/11\/festival-do-minuto-acontece-em-itu\/\" \/>\n<meta property=\"og:site_name\" content=\"Revista Regional\" \/>\n<meta property=\"article:published_time\" content=\"2012-07-11T18:22:34+00:00\" \/>\n<meta property=\"article:modified_time\" content=\"2024-01-26T13:52:08+00:00\" \/>\n<meta property=\"og:image\" content=\"https:\/\/revistaregional.com.br\/site\/wp-content\/uploads\/2012\/07\/site-museu-minuto-2-800x6001.jpg\" \/>\n\t<meta property=\"og:image:width\" content=\"640\" \/>\n\t<meta property=\"og:image:height\" content=\"480\" \/>\n\t<meta property=\"og:image:type\" content=\"image\/jpeg\" \/>\n<meta name=\"author\" content=\"contato@revistaregional.com.br\" \/>\n<meta name=\"twitter:card\" content=\"summary_large_image\" \/>\n<meta name=\"twitter:label1\" content=\"Escrito por\" \/>\n\t<meta name=\"twitter:data1\" content=\"contato@revistaregional.com.br\" \/>\n\t<meta name=\"twitter:label2\" content=\"Est. tempo de leitura\" \/>\n\t<meta name=\"twitter:data2\" content=\"1 minuto\" \/>\n<script type=\"application\/ld+json\" class=\"yoast-schema-graph\">{\"@context\":\"https:\\\/\\\/schema.org\",\"@graph\":[{\"@type\":\"Article\",\"@id\":\"https:\\\/\\\/revistaregional.com.br\\\/site\\\/2012\\\/07\\\/11\\\/festival-do-minuto-acontece-em-itu\\\/#article\",\"isPartOf\":{\"@id\":\"https:\\\/\\\/revistaregional.com.br\\\/site\\\/2012\\\/07\\\/11\\\/festival-do-minuto-acontece-em-itu\\\/\"},\"author\":{\"name\":\"contato@revistaregional.com.br\",\"@id\":\"https:\\\/\\\/revistaregional.com.br\\\/site\\\/#\\\/schema\\\/person\\\/382af97c580dc1b18f55107bc316010d\"},\"headline\":\"Festival do Minuto acontece em Itu\",\"datePublished\":\"2012-07-11T18:22:34+00:00\",\"dateModified\":\"2024-01-26T13:52:08+00:00\",\"mainEntityOfPage\":{\"@id\":\"https:\\\/\\\/revistaregional.com.br\\\/site\\\/2012\\\/07\\\/11\\\/festival-do-minuto-acontece-em-itu\\\/\"},\"wordCount\":211,\"commentCount\":0,\"image\":{\"@id\":\"https:\\\/\\\/revistaregional.com.br\\\/site\\\/2012\\\/07\\\/11\\\/festival-do-minuto-acontece-em-itu\\\/#primaryimage\"},\"thumbnailUrl\":\"https:\\\/\\\/revistaregional.com.br\\\/site\\\/wp-content\\\/uploads\\\/2012\\\/07\\\/site-museu-minuto-2-800x6001.jpg\",\"keywords\":[\"Cultura\"],\"articleSection\":[\"Cultura\"],\"inLanguage\":\"pt-BR\",\"potentialAction\":[{\"@type\":\"CommentAction\",\"name\":\"Comment\",\"target\":[\"https:\\\/\\\/revistaregional.com.br\\\/site\\\/2012\\\/07\\\/11\\\/festival-do-minuto-acontece-em-itu\\\/#respond\"]}]},{\"@type\":\"WebPage\",\"@id\":\"https:\\\/\\\/revistaregional.com.br\\\/site\\\/2012\\\/07\\\/11\\\/festival-do-minuto-acontece-em-itu\\\/\",\"url\":\"https:\\\/\\\/revistaregional.com.br\\\/site\\\/2012\\\/07\\\/11\\\/festival-do-minuto-acontece-em-itu\\\/\",\"name\":\"Festival do Minuto acontece em Itu - Revista Regional\",\"isPartOf\":{\"@id\":\"https:\\\/\\\/revistaregional.com.br\\\/site\\\/#website\"},\"primaryImageOfPage\":{\"@id\":\"https:\\\/\\\/revistaregional.com.br\\\/site\\\/2012\\\/07\\\/11\\\/festival-do-minuto-acontece-em-itu\\\/#primaryimage\"},\"image\":{\"@id\":\"https:\\\/\\\/revistaregional.com.br\\\/site\\\/2012\\\/07\\\/11\\\/festival-do-minuto-acontece-em-itu\\\/#primaryimage\"},\"thumbnailUrl\":\"https:\\\/\\\/revistaregional.com.br\\\/site\\\/wp-content\\\/uploads\\\/2012\\\/07\\\/site-museu-minuto-2-800x6001.jpg\",\"datePublished\":\"2012-07-11T18:22:34+00:00\",\"dateModified\":\"2024-01-26T13:52:08+00:00\",\"author\":{\"@id\":\"https:\\\/\\\/revistaregional.com.br\\\/site\\\/#\\\/schema\\\/person\\\/382af97c580dc1b18f55107bc316010d\"},\"breadcrumb\":{\"@id\":\"https:\\\/\\\/revistaregional.com.br\\\/site\\\/2012\\\/07\\\/11\\\/festival-do-minuto-acontece-em-itu\\\/#breadcrumb\"},\"inLanguage\":\"pt-BR\",\"potentialAction\":[{\"@type\":\"ReadAction\",\"target\":[\"https:\\\/\\\/revistaregional.com.br\\\/site\\\/2012\\\/07\\\/11\\\/festival-do-minuto-acontece-em-itu\\\/\"]}]},{\"@type\":\"ImageObject\",\"inLanguage\":\"pt-BR\",\"@id\":\"https:\\\/\\\/revistaregional.com.br\\\/site\\\/2012\\\/07\\\/11\\\/festival-do-minuto-acontece-em-itu\\\/#primaryimage\",\"url\":\"https:\\\/\\\/revistaregional.com.br\\\/site\\\/wp-content\\\/uploads\\\/2012\\\/07\\\/site-museu-minuto-2-800x6001.jpg\",\"contentUrl\":\"https:\\\/\\\/revistaregional.com.br\\\/site\\\/wp-content\\\/uploads\\\/2012\\\/07\\\/site-museu-minuto-2-800x6001.jpg\",\"width\":\"640\",\"height\":\"480\",\"caption\":\"P\u00fablico durante o Festival realizado em anos anteriores\"},{\"@type\":\"BreadcrumbList\",\"@id\":\"https:\\\/\\\/revistaregional.com.br\\\/site\\\/2012\\\/07\\\/11\\\/festival-do-minuto-acontece-em-itu\\\/#breadcrumb\",\"itemListElement\":[{\"@type\":\"ListItem\",\"position\":1,\"name\":\"In\u00edcio\",\"item\":\"https:\\\/\\\/revistaregional.com.br\\\/site\\\/\"},{\"@type\":\"ListItem\",\"position\":2,\"name\":\"Festival do Minuto acontece em Itu\"}]},{\"@type\":\"WebSite\",\"@id\":\"https:\\\/\\\/revistaregional.com.br\\\/site\\\/#website\",\"url\":\"https:\\\/\\\/revistaregional.com.br\\\/site\\\/\",\"name\":\"Revista Regional\",\"description\":\"Salto - Itu - Indaituba\",\"potentialAction\":[{\"@type\":\"SearchAction\",\"target\":{\"@type\":\"EntryPoint\",\"urlTemplate\":\"https:\\\/\\\/revistaregional.com.br\\\/site\\\/?s={search_term_string}\"},\"query-input\":{\"@type\":\"PropertyValueSpecification\",\"valueRequired\":true,\"valueName\":\"search_term_string\"}}],\"inLanguage\":\"pt-BR\"},{\"@type\":\"Person\",\"@id\":\"https:\\\/\\\/revistaregional.com.br\\\/site\\\/#\\\/schema\\\/person\\\/382af97c580dc1b18f55107bc316010d\",\"name\":\"contato@revistaregional.com.br\",\"image\":{\"@type\":\"ImageObject\",\"inLanguage\":\"pt-BR\",\"@id\":\"https:\\\/\\\/secure.gravatar.com\\\/avatar\\\/869822917e96b2e292d5827e4635855396934485e7c4a0af84e9a214e32ca0cd?s=96&d=mm&r=g\",\"url\":\"https:\\\/\\\/secure.gravatar.com\\\/avatar\\\/869822917e96b2e292d5827e4635855396934485e7c4a0af84e9a214e32ca0cd?s=96&d=mm&r=g\",\"contentUrl\":\"https:\\\/\\\/secure.gravatar.com\\\/avatar\\\/869822917e96b2e292d5827e4635855396934485e7c4a0af84e9a214e32ca0cd?s=96&d=mm&r=g\",\"caption\":\"contato@revistaregional.com.br\"},\"url\":\"https:\\\/\\\/revistaregional.com.br\\\/site\\\/author\\\/contato@revistaregional.com.br\\\/\"}]}<\/script>\n<!-- \/ Yoast SEO plugin. -->","yoast_head_json":{"title":"Festival do Minuto acontece em Itu - Revista Regional","robots":{"index":"index","follow":"follow","max-snippet":"max-snippet:-1","max-image-preview":"max-image-preview:large","max-video-preview":"max-video-preview:-1"},"canonical":"https:\/\/revistaregional.com.br\/site\/2012\/07\/11\/festival-do-minuto-acontece-em-itu\/","og_locale":"pt_BR","og_type":"article","og_title":"Festival do Minuto acontece em Itu - Revista Regional","og_description":"O Museu da Energia em Itu exibir\u00e1 o melhor do Festival do Minuto 2011 nos dias 11, 13, 18, 20, 25 e 27 de julho. Criado no Brasil em 1991, o Festival do Minuto tem como inspira\u00e7\u00e3o a cria\u00e7\u00e3o dos festivais do minuto em mais de 50 pa\u00edses. H\u00e1 cinco anos, o Festival tornou-se permanente [&hellip;]","og_url":"https:\/\/revistaregional.com.br\/site\/2012\/07\/11\/festival-do-minuto-acontece-em-itu\/","og_site_name":"Revista Regional","article_published_time":"2012-07-11T18:22:34+00:00","article_modified_time":"2024-01-26T13:52:08+00:00","og_image":[{"width":640,"height":480,"url":"https:\/\/revistaregional.com.br\/site\/wp-content\/uploads\/2012\/07\/site-museu-minuto-2-800x6001.jpg","type":"image\/jpeg"}],"author":"contato@revistaregional.com.br","twitter_card":"summary_large_image","twitter_misc":{"Escrito por":"contato@revistaregional.com.br","Est. tempo de leitura":"1 minuto"},"schema":{"@context":"https:\/\/schema.org","@graph":[{"@type":"Article","@id":"https:\/\/revistaregional.com.br\/site\/2012\/07\/11\/festival-do-minuto-acontece-em-itu\/#article","isPartOf":{"@id":"https:\/\/revistaregional.com.br\/site\/2012\/07\/11\/festival-do-minuto-acontece-em-itu\/"},"author":{"name":"contato@revistaregional.com.br","@id":"https:\/\/revistaregional.com.br\/site\/#\/schema\/person\/382af97c580dc1b18f55107bc316010d"},"headline":"Festival do Minuto acontece em Itu","datePublished":"2012-07-11T18:22:34+00:00","dateModified":"2024-01-26T13:52:08+00:00","mainEntityOfPage":{"@id":"https:\/\/revistaregional.com.br\/site\/2012\/07\/11\/festival-do-minuto-acontece-em-itu\/"},"wordCount":211,"commentCount":0,"image":{"@id":"https:\/\/revistaregional.com.br\/site\/2012\/07\/11\/festival-do-minuto-acontece-em-itu\/#primaryimage"},"thumbnailUrl":"https:\/\/revistaregional.com.br\/site\/wp-content\/uploads\/2012\/07\/site-museu-minuto-2-800x6001.jpg","keywords":["Cultura"],"articleSection":["Cultura"],"inLanguage":"pt-BR","potentialAction":[{"@type":"CommentAction","name":"Comment","target":["https:\/\/revistaregional.com.br\/site\/2012\/07\/11\/festival-do-minuto-acontece-em-itu\/#respond"]}]},{"@type":"WebPage","@id":"https:\/\/revistaregional.com.br\/site\/2012\/07\/11\/festival-do-minuto-acontece-em-itu\/","url":"https:\/\/revistaregional.com.br\/site\/2012\/07\/11\/festival-do-minuto-acontece-em-itu\/","name":"Festival do Minuto acontece em Itu - Revista Regional","isPartOf":{"@id":"https:\/\/revistaregional.com.br\/site\/#website"},"primaryImageOfPage":{"@id":"https:\/\/revistaregional.com.br\/site\/2012\/07\/11\/festival-do-minuto-acontece-em-itu\/#primaryimage"},"image":{"@id":"https:\/\/revistaregional.com.br\/site\/2012\/07\/11\/festival-do-minuto-acontece-em-itu\/#primaryimage"},"thumbnailUrl":"https:\/\/revistaregional.com.br\/site\/wp-content\/uploads\/2012\/07\/site-museu-minuto-2-800x6001.jpg","datePublished":"2012-07-11T18:22:34+00:00","dateModified":"2024-01-26T13:52:08+00:00","author":{"@id":"https:\/\/revistaregional.com.br\/site\/#\/schema\/person\/382af97c580dc1b18f55107bc316010d"},"breadcrumb":{"@id":"https:\/\/revistaregional.com.br\/site\/2012\/07\/11\/festival-do-minuto-acontece-em-itu\/#breadcrumb"},"inLanguage":"pt-BR","potentialAction":[{"@type":"ReadAction","target":["https:\/\/revistaregional.com.br\/site\/2012\/07\/11\/festival-do-minuto-acontece-em-itu\/"]}]},{"@type":"ImageObject","inLanguage":"pt-BR","@id":"https:\/\/revistaregional.com.br\/site\/2012\/07\/11\/festival-do-minuto-acontece-em-itu\/#primaryimage","url":"https:\/\/revistaregional.com.br\/site\/wp-content\/uploads\/2012\/07\/site-museu-minuto-2-800x6001.jpg","contentUrl":"https:\/\/revistaregional.com.br\/site\/wp-content\/uploads\/2012\/07\/site-museu-minuto-2-800x6001.jpg","width":"640","height":"480","caption":"P\u00fablico durante o Festival realizado em anos anteriores"},{"@type":"BreadcrumbList","@id":"https:\/\/revistaregional.com.br\/site\/2012\/07\/11\/festival-do-minuto-acontece-em-itu\/#breadcrumb","itemListElement":[{"@type":"ListItem","position":1,"name":"In\u00edcio","item":"https:\/\/revistaregional.com.br\/site\/"},{"@type":"ListItem","position":2,"name":"Festival do Minuto acontece em Itu"}]},{"@type":"WebSite","@id":"https:\/\/revistaregional.com.br\/site\/#website","url":"https:\/\/revistaregional.com.br\/site\/","name":"Revista Regional","description":"Salto - Itu - Indaituba","potentialAction":[{"@type":"SearchAction","target":{"@type":"EntryPoint","urlTemplate":"https:\/\/revistaregional.com.br\/site\/?s={search_term_string}"},"query-input":{"@type":"PropertyValueSpecification","valueRequired":true,"valueName":"search_term_string"}}],"inLanguage":"pt-BR"},{"@type":"Person","@id":"https:\/\/revistaregional.com.br\/site\/#\/schema\/person\/382af97c580dc1b18f55107bc316010d","name":"contato@revistaregional.com.br","image":{"@type":"ImageObject","inLanguage":"pt-BR","@id":"https:\/\/secure.gravatar.com\/avatar\/869822917e96b2e292d5827e4635855396934485e7c4a0af84e9a214e32ca0cd?s=96&d=mm&r=g","url":"https:\/\/secure.gravatar.com\/avatar\/869822917e96b2e292d5827e4635855396934485e7c4a0af84e9a214e32ca0cd?s=96&d=mm&r=g","contentUrl":"https:\/\/secure.gravatar.com\/avatar\/869822917e96b2e292d5827e4635855396934485e7c4a0af84e9a214e32ca0cd?s=96&d=mm&r=g","caption":"contato@revistaregional.com.br"},"url":"https:\/\/revistaregional.com.br\/site\/author\/contato@revistaregional.com.br\/"}]}},"views":37,"_links":{"self":[{"href":"https:\/\/revistaregional.com.br\/site\/wp-json\/wp\/v2\/posts\/2951","targetHints":{"allow":["GET"]}}],"collection":[{"href":"https:\/\/revistaregional.com.br\/site\/wp-json\/wp\/v2\/posts"}],"about":[{"href":"https:\/\/revistaregional.com.br\/site\/wp-json\/wp\/v2\/types\/post"}],"author":[{"embeddable":true,"href":"https:\/\/revistaregional.com.br\/site\/wp-json\/wp\/v2\/users\/1"}],"replies":[{"embeddable":true,"href":"https:\/\/revistaregional.com.br\/site\/wp-json\/wp\/v2\/comments?post=2951"}],"version-history":[{"count":4,"href":"https:\/\/revistaregional.com.br\/site\/wp-json\/wp\/v2\/posts\/2951\/revisions"}],"predecessor-version":[{"id":2957,"href":"https:\/\/revistaregional.com.br\/site\/wp-json\/wp\/v2\/posts\/2951\/revisions\/2957"}],"wp:featuredmedia":[{"embeddable":true,"href":"https:\/\/revistaregional.com.br\/site\/wp-json\/wp\/v2\/media\/2953"}],"wp:attachment":[{"href":"https:\/\/revistaregional.com.br\/site\/wp-json\/wp\/v2\/media?parent=2951"}],"wp:term":[{"taxonomy":"category","embeddable":true,"href":"https:\/\/revistaregional.com.br\/site\/wp-json\/wp\/v2\/categories?post=2951"},{"taxonomy":"post_tag","embeddable":true,"href":"https:\/\/revistaregional.com.br\/site\/wp-json\/wp\/v2\/tags?post=2951"}],"curies":[{"name":"wp","href":"https:\/\/api.w.org\/{rel}","templated":true}]}}