{"id":2832,"date":"2012-07-03T11:30:41","date_gmt":"2012-07-03T14:30:41","guid":{"rendered":"http:\/\/revistaregional.com.br\/site\/?p=2832"},"modified":"2024-01-26T09:21:57","modified_gmt":"2024-01-26T12:21:57","slug":"a-ordem-e-reciclar","status":"publish","type":"post","link":"https:\/\/revistaregional.com.br\/site\/2012\/07\/03\/a-ordem-e-reciclar\/","title":{"rendered":"A ordem \u00e9 reciclar!"},"content":{"rendered":"<figure id=\"attachment_2833\" aria-describedby=\"caption-attachment-2833\" style=\"width: 384px\" class=\"wp-caption aligncenter\"><a href=\"http:\/\/revistaregional.com.br\/site\/wp-content\/uploads\/2012\/07\/site-reciclar-640x480.jpg\" rel=\"attachment wp-att-2833\"><img fetchpriority=\"high\" decoding=\"async\" class=\"wp-image-2833  \" src=\"http:\/\/revistaregional.com.br\/site\/wp-content\/uploads\/2012\/07\/site-reciclar-640x480.jpg\" alt=\"\" width=\"384\" height=\"256\" srcset=\"https:\/\/revistaregional.com.br\/site\/wp-content\/uploads\/2012\/07\/site-reciclar-640x480.jpg 640w, https:\/\/revistaregional.com.br\/site\/wp-content\/uploads\/2012\/07\/site-reciclar-640x480-300x199.jpg 300w\" sizes=\"(max-width: 384px) 100vw, 384px\" \/><\/a><figcaption id=\"caption-attachment-2833\" class=\"wp-caption-text\">Pode acreditar, reciclar \u00e9 muito simples<\/figcaption><\/figure>\n<p>H\u00e1 tempos ouvimos e vemos diversas campanhas para a reciclagem do lixo. Muita gente j\u00e1 aderiu, por\u00e9m o n\u00famero ainda \u00e9 pequeno se compararmos \u00e0s toneladas di\u00e1rias de lixo que n\u00f3s mesmos produzimos. Pode acreditar, reciclar \u00e9 muito simples. Voc\u00ea n\u00e3o precisa mudar sua vida para come\u00e7ar a reciclar seu lixo. Basta mudar pequenos h\u00e1bitos e logo essas a\u00e7\u00f5es far\u00e3o parte de sua rotina di\u00e1ria e voc\u00ea nem ir\u00e1 perceber. J\u00e1 o planeta, sim.<\/p>\n<p>Para este m\u00eas em que circula a Edi\u00e7\u00e3oVerde de Revista Regional, destacamos algumas a\u00e7\u00f5es simples para iniciar a reciclagem. Primeiro, separe dois recipientes para o seu lixo (pode ser saco ou lixeira); em um deles, separe todo o lixo molhado, org\u00e2nico (como resto de alimentos) e poeira de varri\u00e7\u00e3o; no outro, jogue todo o material a ser reciclado (embalagens longa-vida, isopor, garrafas de vidro e pl\u00e1stico, papel e outros); as embalagens com restos de comida devem ser levemente limpas, evitando o mau-cheiro; por fim, leve seu lixo recicl\u00e1vel a uma cooperativa ou eco-ponto existente na regi\u00e3o. Regional fez uma sele\u00e7\u00e3o do que pode e n\u00e3o pode ser reciclado:<\/p>\n<p><strong>Pl\u00e1stico:<\/strong> tampas, potes e frascos, embalagens de refrigerantes, \u00e1gua e \u00f3leo, embalagens de material de limpeza, copos descart\u00e1veis, canos e tubos, sacos e sacolas pl\u00e1sticas, pe\u00e7as de brinquedos e isopor podem ser reciclados; j\u00e1 as embalagens metalizadas, tomadas, cabos de panela, adesivos, espuma, fraldas descart\u00e1veis, absorventes e preservativos, n\u00e3o.<\/p>\n<p><strong>Vidro:<\/strong> garrafas, potes, copos, fracos e pratos podem ser reutilizados; mas espelhos, vidros planos (como janelas, tampos de mesa, etc), vidros temperados, cer\u00e2mica, tubos de TV, pratos e copos refrat\u00e1rios, lou\u00e7as, cristais, porcelana, \u00f3culos e ampolas de inje\u00e7\u00e3o, n\u00e3o podem ser reaproveitados.<\/p>\n<p><strong>Metal:<\/strong> podem ser reciclados os seguintes itens: tampas, ferragens, latas de a\u00e7o (latas de \u00f3leo, lata de leite em p\u00f3, etc), latas de alum\u00ednio, canos e tubos, fios, pregos e parafusos, panelas sem cabo e embalagens descart\u00e1veis; j\u00e1 clipes, grampos, esponja de a\u00e7o, latas contaminadas com res\u00edduos qu\u00edmicos como tintas e inseticidas, n\u00e3o.<\/p>\n<p><strong>Papel:<\/strong> papel\u00e3o, embalagens, jornais, revistas, folhas de caderno, envelopes, cartolinas, papel de fax, impressos, listas telef\u00f4nicas, embalagens longa-vida s\u00e3o todos recicl\u00e1veis; mas etiquetas, fitas adesivas, papel-carbono, papel higi\u00eanico, pap\u00e9is metalizados, parafinados e plastificados, tocos de cigarro e fotografias n\u00e3o s\u00e3o reutiliz\u00e1veis.<\/p>\n<p><em>foto Microfoto<\/em><\/p>\n","protected":false},"excerpt":{"rendered":"<p>H\u00e1 tempos ouvimos e vemos diversas campanhas para a reciclagem do lixo. Muita gente j\u00e1 aderiu, por\u00e9m o n\u00famero ainda \u00e9 pequeno se compararmos \u00e0s toneladas di\u00e1rias de lixo que n\u00f3s mesmos produzimos. Pode acreditar, reciclar \u00e9 muito simples. Voc\u00ea n\u00e3o precisa mudar sua vida para come\u00e7ar a reciclar seu lixo. Basta mudar pequenos h\u00e1bitos [&hellip;]<\/p>\n","protected":false},"author":1,"featured_media":2833,"comment_status":"open","ping_status":"open","sticky":false,"template":"","format":"standard","meta":{"_acf_changed":false,"ngg_post_thumbnail":0,"_joinchat":[],"footnotes":""},"categories":[8],"tags":[525],"class_list":["post-2832","post","type-post","status-publish","format-standard","has-post-thumbnail","hentry","category-saude-e-beleza","tag-saude-e-beleza"],"acf":[],"yoast_head":"<!-- This site is optimized with the Yoast SEO plugin v27.4 - https:\/\/yoast.com\/product\/yoast-seo-wordpress\/ -->\n<title>A ordem \u00e9 reciclar! - Revista Regional<\/title>\n<meta name=\"robots\" content=\"index, follow, max-snippet:-1, max-image-preview:large, max-video-preview:-1\" \/>\n<link rel=\"canonical\" href=\"https:\/\/revistaregional.com.br\/site\/2012\/07\/03\/a-ordem-e-reciclar\/\" \/>\n<meta property=\"og:locale\" content=\"pt_BR\" \/>\n<meta property=\"og:type\" content=\"article\" \/>\n<meta property=\"og:title\" content=\"A ordem \u00e9 reciclar! - Revista Regional\" \/>\n<meta property=\"og:description\" content=\"H\u00e1 tempos ouvimos e vemos diversas campanhas para a reciclagem do lixo. Muita gente j\u00e1 aderiu, por\u00e9m o n\u00famero ainda \u00e9 pequeno se compararmos \u00e0s toneladas di\u00e1rias de lixo que n\u00f3s mesmos produzimos. Pode acreditar, reciclar \u00e9 muito simples. Voc\u00ea n\u00e3o precisa mudar sua vida para come\u00e7ar a reciclar seu lixo. Basta mudar pequenos h\u00e1bitos [&hellip;]\" \/>\n<meta property=\"og:url\" content=\"https:\/\/revistaregional.com.br\/site\/2012\/07\/03\/a-ordem-e-reciclar\/\" \/>\n<meta property=\"og:site_name\" content=\"Revista Regional\" \/>\n<meta property=\"article:published_time\" content=\"2012-07-03T14:30:41+00:00\" \/>\n<meta property=\"article:modified_time\" content=\"2024-01-26T12:21:57+00:00\" \/>\n<meta property=\"og:image\" content=\"https:\/\/revistaregional.com.br\/site\/wp-content\/uploads\/2012\/07\/site-reciclar-640x480.jpg\" \/>\n\t<meta property=\"og:image:width\" content=\"640\" \/>\n\t<meta property=\"og:image:height\" content=\"426\" \/>\n\t<meta property=\"og:image:type\" content=\"image\/jpeg\" \/>\n<meta name=\"author\" content=\"contato@revistaregional.com.br\" \/>\n<meta name=\"twitter:card\" content=\"summary_large_image\" \/>\n<meta name=\"twitter:label1\" content=\"Escrito por\" \/>\n\t<meta name=\"twitter:data1\" content=\"contato@revistaregional.com.br\" \/>\n\t<meta name=\"twitter:label2\" content=\"Est. tempo de leitura\" \/>\n\t<meta name=\"twitter:data2\" content=\"2 minutos\" \/>\n<script type=\"application\/ld+json\" class=\"yoast-schema-graph\">{\"@context\":\"https:\\\/\\\/schema.org\",\"@graph\":[{\"@type\":\"Article\",\"@id\":\"https:\\\/\\\/revistaregional.com.br\\\/site\\\/2012\\\/07\\\/03\\\/a-ordem-e-reciclar\\\/#article\",\"isPartOf\":{\"@id\":\"https:\\\/\\\/revistaregional.com.br\\\/site\\\/2012\\\/07\\\/03\\\/a-ordem-e-reciclar\\\/\"},\"author\":{\"name\":\"contato@revistaregional.com.br\",\"@id\":\"https:\\\/\\\/revistaregional.com.br\\\/site\\\/#\\\/schema\\\/person\\\/382af97c580dc1b18f55107bc316010d\"},\"headline\":\"A ordem \u00e9 reciclar!\",\"datePublished\":\"2012-07-03T14:30:41+00:00\",\"dateModified\":\"2024-01-26T12:21:57+00:00\",\"mainEntityOfPage\":{\"@id\":\"https:\\\/\\\/revistaregional.com.br\\\/site\\\/2012\\\/07\\\/03\\\/a-ordem-e-reciclar\\\/\"},\"wordCount\":429,\"commentCount\":0,\"image\":{\"@id\":\"https:\\\/\\\/revistaregional.com.br\\\/site\\\/2012\\\/07\\\/03\\\/a-ordem-e-reciclar\\\/#primaryimage\"},\"thumbnailUrl\":\"https:\\\/\\\/revistaregional.com.br\\\/site\\\/wp-content\\\/uploads\\\/2012\\\/07\\\/site-reciclar-640x480.jpg\",\"keywords\":[\"Sa\u00fade e Beleza\"],\"articleSection\":[\"Sa\u00fade e Beleza\"],\"inLanguage\":\"pt-BR\",\"potentialAction\":[{\"@type\":\"CommentAction\",\"name\":\"Comment\",\"target\":[\"https:\\\/\\\/revistaregional.com.br\\\/site\\\/2012\\\/07\\\/03\\\/a-ordem-e-reciclar\\\/#respond\"]}]},{\"@type\":\"WebPage\",\"@id\":\"https:\\\/\\\/revistaregional.com.br\\\/site\\\/2012\\\/07\\\/03\\\/a-ordem-e-reciclar\\\/\",\"url\":\"https:\\\/\\\/revistaregional.com.br\\\/site\\\/2012\\\/07\\\/03\\\/a-ordem-e-reciclar\\\/\",\"name\":\"A ordem \u00e9 reciclar! - Revista Regional\",\"isPartOf\":{\"@id\":\"https:\\\/\\\/revistaregional.com.br\\\/site\\\/#website\"},\"primaryImageOfPage\":{\"@id\":\"https:\\\/\\\/revistaregional.com.br\\\/site\\\/2012\\\/07\\\/03\\\/a-ordem-e-reciclar\\\/#primaryimage\"},\"image\":{\"@id\":\"https:\\\/\\\/revistaregional.com.br\\\/site\\\/2012\\\/07\\\/03\\\/a-ordem-e-reciclar\\\/#primaryimage\"},\"thumbnailUrl\":\"https:\\\/\\\/revistaregional.com.br\\\/site\\\/wp-content\\\/uploads\\\/2012\\\/07\\\/site-reciclar-640x480.jpg\",\"datePublished\":\"2012-07-03T14:30:41+00:00\",\"dateModified\":\"2024-01-26T12:21:57+00:00\",\"author\":{\"@id\":\"https:\\\/\\\/revistaregional.com.br\\\/site\\\/#\\\/schema\\\/person\\\/382af97c580dc1b18f55107bc316010d\"},\"breadcrumb\":{\"@id\":\"https:\\\/\\\/revistaregional.com.br\\\/site\\\/2012\\\/07\\\/03\\\/a-ordem-e-reciclar\\\/#breadcrumb\"},\"inLanguage\":\"pt-BR\",\"potentialAction\":[{\"@type\":\"ReadAction\",\"target\":[\"https:\\\/\\\/revistaregional.com.br\\\/site\\\/2012\\\/07\\\/03\\\/a-ordem-e-reciclar\\\/\"]}]},{\"@type\":\"ImageObject\",\"inLanguage\":\"pt-BR\",\"@id\":\"https:\\\/\\\/revistaregional.com.br\\\/site\\\/2012\\\/07\\\/03\\\/a-ordem-e-reciclar\\\/#primaryimage\",\"url\":\"https:\\\/\\\/revistaregional.com.br\\\/site\\\/wp-content\\\/uploads\\\/2012\\\/07\\\/site-reciclar-640x480.jpg\",\"contentUrl\":\"https:\\\/\\\/revistaregional.com.br\\\/site\\\/wp-content\\\/uploads\\\/2012\\\/07\\\/site-reciclar-640x480.jpg\",\"width\":\"640\",\"height\":\"426\",\"caption\":\"Pode acreditar, reciclar \u00e9 muito simples\"},{\"@type\":\"BreadcrumbList\",\"@id\":\"https:\\\/\\\/revistaregional.com.br\\\/site\\\/2012\\\/07\\\/03\\\/a-ordem-e-reciclar\\\/#breadcrumb\",\"itemListElement\":[{\"@type\":\"ListItem\",\"position\":1,\"name\":\"In\u00edcio\",\"item\":\"https:\\\/\\\/revistaregional.com.br\\\/site\\\/\"},{\"@type\":\"ListItem\",\"position\":2,\"name\":\"A ordem \u00e9 reciclar!\"}]},{\"@type\":\"WebSite\",\"@id\":\"https:\\\/\\\/revistaregional.com.br\\\/site\\\/#website\",\"url\":\"https:\\\/\\\/revistaregional.com.br\\\/site\\\/\",\"name\":\"Revista Regional\",\"description\":\"Salto - Itu - Indaituba\",\"potentialAction\":[{\"@type\":\"SearchAction\",\"target\":{\"@type\":\"EntryPoint\",\"urlTemplate\":\"https:\\\/\\\/revistaregional.com.br\\\/site\\\/?s={search_term_string}\"},\"query-input\":{\"@type\":\"PropertyValueSpecification\",\"valueRequired\":true,\"valueName\":\"search_term_string\"}}],\"inLanguage\":\"pt-BR\"},{\"@type\":\"Person\",\"@id\":\"https:\\\/\\\/revistaregional.com.br\\\/site\\\/#\\\/schema\\\/person\\\/382af97c580dc1b18f55107bc316010d\",\"name\":\"contato@revistaregional.com.br\",\"image\":{\"@type\":\"ImageObject\",\"inLanguage\":\"pt-BR\",\"@id\":\"https:\\\/\\\/secure.gravatar.com\\\/avatar\\\/869822917e96b2e292d5827e4635855396934485e7c4a0af84e9a214e32ca0cd?s=96&d=mm&r=g\",\"url\":\"https:\\\/\\\/secure.gravatar.com\\\/avatar\\\/869822917e96b2e292d5827e4635855396934485e7c4a0af84e9a214e32ca0cd?s=96&d=mm&r=g\",\"contentUrl\":\"https:\\\/\\\/secure.gravatar.com\\\/avatar\\\/869822917e96b2e292d5827e4635855396934485e7c4a0af84e9a214e32ca0cd?s=96&d=mm&r=g\",\"caption\":\"contato@revistaregional.com.br\"},\"url\":\"https:\\\/\\\/revistaregional.com.br\\\/site\\\/author\\\/contato@revistaregional.com.br\\\/\"}]}<\/script>\n<!-- \/ Yoast SEO plugin. -->","yoast_head_json":{"title":"A ordem \u00e9 reciclar! - Revista Regional","robots":{"index":"index","follow":"follow","max-snippet":"max-snippet:-1","max-image-preview":"max-image-preview:large","max-video-preview":"max-video-preview:-1"},"canonical":"https:\/\/revistaregional.com.br\/site\/2012\/07\/03\/a-ordem-e-reciclar\/","og_locale":"pt_BR","og_type":"article","og_title":"A ordem \u00e9 reciclar! - Revista Regional","og_description":"H\u00e1 tempos ouvimos e vemos diversas campanhas para a reciclagem do lixo. Muita gente j\u00e1 aderiu, por\u00e9m o n\u00famero ainda \u00e9 pequeno se compararmos \u00e0s toneladas di\u00e1rias de lixo que n\u00f3s mesmos produzimos. Pode acreditar, reciclar \u00e9 muito simples. Voc\u00ea n\u00e3o precisa mudar sua vida para come\u00e7ar a reciclar seu lixo. Basta mudar pequenos h\u00e1bitos [&hellip;]","og_url":"https:\/\/revistaregional.com.br\/site\/2012\/07\/03\/a-ordem-e-reciclar\/","og_site_name":"Revista Regional","article_published_time":"2012-07-03T14:30:41+00:00","article_modified_time":"2024-01-26T12:21:57+00:00","og_image":[{"width":640,"height":426,"url":"https:\/\/revistaregional.com.br\/site\/wp-content\/uploads\/2012\/07\/site-reciclar-640x480.jpg","type":"image\/jpeg"}],"author":"contato@revistaregional.com.br","twitter_card":"summary_large_image","twitter_misc":{"Escrito por":"contato@revistaregional.com.br","Est. tempo de leitura":"2 minutos"},"schema":{"@context":"https:\/\/schema.org","@graph":[{"@type":"Article","@id":"https:\/\/revistaregional.com.br\/site\/2012\/07\/03\/a-ordem-e-reciclar\/#article","isPartOf":{"@id":"https:\/\/revistaregional.com.br\/site\/2012\/07\/03\/a-ordem-e-reciclar\/"},"author":{"name":"contato@revistaregional.com.br","@id":"https:\/\/revistaregional.com.br\/site\/#\/schema\/person\/382af97c580dc1b18f55107bc316010d"},"headline":"A ordem \u00e9 reciclar!","datePublished":"2012-07-03T14:30:41+00:00","dateModified":"2024-01-26T12:21:57+00:00","mainEntityOfPage":{"@id":"https:\/\/revistaregional.com.br\/site\/2012\/07\/03\/a-ordem-e-reciclar\/"},"wordCount":429,"commentCount":0,"image":{"@id":"https:\/\/revistaregional.com.br\/site\/2012\/07\/03\/a-ordem-e-reciclar\/#primaryimage"},"thumbnailUrl":"https:\/\/revistaregional.com.br\/site\/wp-content\/uploads\/2012\/07\/site-reciclar-640x480.jpg","keywords":["Sa\u00fade e Beleza"],"articleSection":["Sa\u00fade e Beleza"],"inLanguage":"pt-BR","potentialAction":[{"@type":"CommentAction","name":"Comment","target":["https:\/\/revistaregional.com.br\/site\/2012\/07\/03\/a-ordem-e-reciclar\/#respond"]}]},{"@type":"WebPage","@id":"https:\/\/revistaregional.com.br\/site\/2012\/07\/03\/a-ordem-e-reciclar\/","url":"https:\/\/revistaregional.com.br\/site\/2012\/07\/03\/a-ordem-e-reciclar\/","name":"A ordem \u00e9 reciclar! - Revista Regional","isPartOf":{"@id":"https:\/\/revistaregional.com.br\/site\/#website"},"primaryImageOfPage":{"@id":"https:\/\/revistaregional.com.br\/site\/2012\/07\/03\/a-ordem-e-reciclar\/#primaryimage"},"image":{"@id":"https:\/\/revistaregional.com.br\/site\/2012\/07\/03\/a-ordem-e-reciclar\/#primaryimage"},"thumbnailUrl":"https:\/\/revistaregional.com.br\/site\/wp-content\/uploads\/2012\/07\/site-reciclar-640x480.jpg","datePublished":"2012-07-03T14:30:41+00:00","dateModified":"2024-01-26T12:21:57+00:00","author":{"@id":"https:\/\/revistaregional.com.br\/site\/#\/schema\/person\/382af97c580dc1b18f55107bc316010d"},"breadcrumb":{"@id":"https:\/\/revistaregional.com.br\/site\/2012\/07\/03\/a-ordem-e-reciclar\/#breadcrumb"},"inLanguage":"pt-BR","potentialAction":[{"@type":"ReadAction","target":["https:\/\/revistaregional.com.br\/site\/2012\/07\/03\/a-ordem-e-reciclar\/"]}]},{"@type":"ImageObject","inLanguage":"pt-BR","@id":"https:\/\/revistaregional.com.br\/site\/2012\/07\/03\/a-ordem-e-reciclar\/#primaryimage","url":"https:\/\/revistaregional.com.br\/site\/wp-content\/uploads\/2012\/07\/site-reciclar-640x480.jpg","contentUrl":"https:\/\/revistaregional.com.br\/site\/wp-content\/uploads\/2012\/07\/site-reciclar-640x480.jpg","width":"640","height":"426","caption":"Pode acreditar, reciclar \u00e9 muito simples"},{"@type":"BreadcrumbList","@id":"https:\/\/revistaregional.com.br\/site\/2012\/07\/03\/a-ordem-e-reciclar\/#breadcrumb","itemListElement":[{"@type":"ListItem","position":1,"name":"In\u00edcio","item":"https:\/\/revistaregional.com.br\/site\/"},{"@type":"ListItem","position":2,"name":"A ordem \u00e9 reciclar!"}]},{"@type":"WebSite","@id":"https:\/\/revistaregional.com.br\/site\/#website","url":"https:\/\/revistaregional.com.br\/site\/","name":"Revista Regional","description":"Salto - Itu - Indaituba","potentialAction":[{"@type":"SearchAction","target":{"@type":"EntryPoint","urlTemplate":"https:\/\/revistaregional.com.br\/site\/?s={search_term_string}"},"query-input":{"@type":"PropertyValueSpecification","valueRequired":true,"valueName":"search_term_string"}}],"inLanguage":"pt-BR"},{"@type":"Person","@id":"https:\/\/revistaregional.com.br\/site\/#\/schema\/person\/382af97c580dc1b18f55107bc316010d","name":"contato@revistaregional.com.br","image":{"@type":"ImageObject","inLanguage":"pt-BR","@id":"https:\/\/secure.gravatar.com\/avatar\/869822917e96b2e292d5827e4635855396934485e7c4a0af84e9a214e32ca0cd?s=96&d=mm&r=g","url":"https:\/\/secure.gravatar.com\/avatar\/869822917e96b2e292d5827e4635855396934485e7c4a0af84e9a214e32ca0cd?s=96&d=mm&r=g","contentUrl":"https:\/\/secure.gravatar.com\/avatar\/869822917e96b2e292d5827e4635855396934485e7c4a0af84e9a214e32ca0cd?s=96&d=mm&r=g","caption":"contato@revistaregional.com.br"},"url":"https:\/\/revistaregional.com.br\/site\/author\/contato@revistaregional.com.br\/"}]}},"views":92,"_links":{"self":[{"href":"https:\/\/revistaregional.com.br\/site\/wp-json\/wp\/v2\/posts\/2832","targetHints":{"allow":["GET"]}}],"collection":[{"href":"https:\/\/revistaregional.com.br\/site\/wp-json\/wp\/v2\/posts"}],"about":[{"href":"https:\/\/revistaregional.com.br\/site\/wp-json\/wp\/v2\/types\/post"}],"author":[{"embeddable":true,"href":"https:\/\/revistaregional.com.br\/site\/wp-json\/wp\/v2\/users\/1"}],"replies":[{"embeddable":true,"href":"https:\/\/revistaregional.com.br\/site\/wp-json\/wp\/v2\/comments?post=2832"}],"version-history":[{"count":5,"href":"https:\/\/revistaregional.com.br\/site\/wp-json\/wp\/v2\/posts\/2832\/revisions"}],"predecessor-version":[{"id":32294,"href":"https:\/\/revistaregional.com.br\/site\/wp-json\/wp\/v2\/posts\/2832\/revisions\/32294"}],"wp:featuredmedia":[{"embeddable":true,"href":"https:\/\/revistaregional.com.br\/site\/wp-json\/wp\/v2\/media\/2833"}],"wp:attachment":[{"href":"https:\/\/revistaregional.com.br\/site\/wp-json\/wp\/v2\/media?parent=2832"}],"wp:term":[{"taxonomy":"category","embeddable":true,"href":"https:\/\/revistaregional.com.br\/site\/wp-json\/wp\/v2\/categories?post=2832"},{"taxonomy":"post_tag","embeddable":true,"href":"https:\/\/revistaregional.com.br\/site\/wp-json\/wp\/v2\/tags?post=2832"}],"curies":[{"name":"wp","href":"https:\/\/api.w.org\/{rel}","templated":true}]}}