{"id":2673,"date":"2012-05-31T14:43:09","date_gmt":"2012-05-31T17:43:09","guid":{"rendered":"http:\/\/revistaregional.com.br\/site\/?p=2673"},"modified":"2024-01-26T09:58:08","modified_gmt":"2024-01-26T12:58:08","slug":"polo-shopping-vai-dar-viagem-a-natal-para-namorados","status":"publish","type":"post","link":"https:\/\/revistaregional.com.br\/site\/2012\/05\/31\/polo-shopping-vai-dar-viagem-a-natal-para-namorados\/","title":{"rendered":"Polo Shopping vai dar viagem a Natal para namorados"},"content":{"rendered":"<p><em><\/p>\n<figure id=\"attachment_2675\" aria-describedby=\"caption-attachment-2675\" style=\"width: 384px\" class=\"wp-caption alignleft\"><a rel=\"attachment wp-att-2675\" href=\"http:\/\/revistaregional.com.br\/site\/wp-content\/uploads\/2012\/05\/polo-2.jpg\"><img fetchpriority=\"high\" decoding=\"async\" class=\"size-full wp-image-2675 \" src=\"http:\/\/revistaregional.com.br\/site\/wp-content\/uploads\/2012\/05\/polo-2.jpg\" alt=\"\" width=\"384\" height=\"310\" srcset=\"https:\/\/revistaregional.com.br\/site\/wp-content\/uploads\/2012\/05\/polo-2.jpg 640w, https:\/\/revistaregional.com.br\/site\/wp-content\/uploads\/2012\/05\/polo-2-300x242.jpg 300w\" sizes=\"(max-width: 384px) 100vw, 384px\" \/><\/a><figcaption id=\"caption-attachment-2675\" class=\"wp-caption-text\">Polo Shopping Indaiatuba dar\u00e1 uma viagem a Natal pros namorados<\/figcaption><\/figure>\n<p>Polo Shopping Indaiatuba realizar concurso cultural que premiar\u00e1 com uma viagem para Natal\/RN<\/em><\/p>\n<p>Para os rom\u00e2nticos de plant\u00e3o, o Polo Shopping Indaiatuba lan\u00e7a nesta sexta-feira, dia 1\u00ba de junho, o concurso cultural \u201cSua Cara Metade\u201d, em comemora\u00e7\u00e3o ao dia dos namorados. Para participar \u00e9 preciso preencher um cupom, que estar\u00e1 dispon\u00edvel gratuitamente em qualquer loja do shopping, com uma declara\u00e7\u00e3o de amor criativa. Os participantes podem inserir as declara\u00e7\u00f5es de amor at\u00e9 o dia 30 de junho em uma urna que estar\u00e1 na pra\u00e7a de eventos do empreendimento e podem concorrer com quantas declara\u00e7\u00f5es de amor quiserem.<\/p>\n<p>Todas as declara\u00e7\u00f5es ser\u00e3o postadas na p\u00e1gina do Facebook do Polo Shopping Indaiatuba, onde poder\u00e3o ser curtidas pelos usu\u00e1rios at\u00e9 o dia 5 de julho. As dez declara\u00e7\u00f5es mais curtidas ser\u00e3o selecionadas e julgadas por uma comiss\u00e3o julgadora para a escolha do grande vencedor, que ganhar\u00e1 uma viagem com um acompanhante para Natal, durante oito dias, oferecida em parceria com a loja CVC do shopping. A frase vencedora ser\u00e1 divulgada no dia 9 de julho.<\/p>\n<p>&nbsp;<\/p>\n<p><em>foto: BIRF<\/em><\/p>\n","protected":false},"excerpt":{"rendered":"<p>Polo Shopping Indaiatuba realizar concurso cultural que premiar\u00e1 com uma viagem para Natal\/RN Para os rom\u00e2nticos de plant\u00e3o, o Polo Shopping Indaiatuba lan\u00e7a nesta sexta-feira, dia 1\u00ba de junho, o concurso cultural \u201cSua Cara Metade\u201d, em comemora\u00e7\u00e3o ao dia dos namorados. Para participar \u00e9 preciso preencher um cupom, que estar\u00e1 dispon\u00edvel gratuitamente em qualquer loja [&hellip;]<\/p>\n","protected":false},"author":1,"featured_media":2675,"comment_status":"open","ping_status":"open","sticky":false,"template":"","format":"standard","meta":{"_acf_changed":false,"ngg_post_thumbnail":0,"_joinchat":[],"footnotes":""},"categories":[12],"tags":[527],"class_list":["post-2673","post","type-post","status-publish","format-standard","has-post-thumbnail","hentry","category-regionais","tag-regionais"],"acf":[],"yoast_head":"<!-- This site is optimized with the Yoast SEO plugin v27.4 - https:\/\/yoast.com\/product\/yoast-seo-wordpress\/ -->\n<title>Polo Shopping vai dar viagem a Natal para namorados - Revista Regional<\/title>\n<meta name=\"robots\" content=\"index, follow, max-snippet:-1, max-image-preview:large, max-video-preview:-1\" \/>\n<link rel=\"canonical\" href=\"https:\/\/revistaregional.com.br\/site\/2012\/05\/31\/polo-shopping-vai-dar-viagem-a-natal-para-namorados\/\" \/>\n<meta property=\"og:locale\" content=\"pt_BR\" \/>\n<meta property=\"og:type\" content=\"article\" \/>\n<meta property=\"og:title\" content=\"Polo Shopping vai dar viagem a Natal para namorados - Revista Regional\" \/>\n<meta property=\"og:description\" content=\"Polo Shopping Indaiatuba realizar concurso cultural que premiar\u00e1 com uma viagem para Natal\/RN Para os rom\u00e2nticos de plant\u00e3o, o Polo Shopping Indaiatuba lan\u00e7a nesta sexta-feira, dia 1\u00ba de junho, o concurso cultural \u201cSua Cara Metade\u201d, em comemora\u00e7\u00e3o ao dia dos namorados. Para participar \u00e9 preciso preencher um cupom, que estar\u00e1 dispon\u00edvel gratuitamente em qualquer loja [&hellip;]\" \/>\n<meta property=\"og:url\" content=\"https:\/\/revistaregional.com.br\/site\/2012\/05\/31\/polo-shopping-vai-dar-viagem-a-natal-para-namorados\/\" \/>\n<meta property=\"og:site_name\" content=\"Revista Regional\" \/>\n<meta property=\"article:published_time\" content=\"2012-05-31T17:43:09+00:00\" \/>\n<meta property=\"article:modified_time\" content=\"2024-01-26T12:58:08+00:00\" \/>\n<meta property=\"og:image\" content=\"https:\/\/revistaregional.com.br\/site\/wp-content\/uploads\/2012\/05\/polo-2.jpg\" \/>\n\t<meta property=\"og:image:width\" content=\"640\" \/>\n\t<meta property=\"og:image:height\" content=\"517\" \/>\n\t<meta property=\"og:image:type\" content=\"image\/jpeg\" \/>\n<meta name=\"author\" content=\"contato@revistaregional.com.br\" \/>\n<meta name=\"twitter:card\" content=\"summary_large_image\" \/>\n<meta name=\"twitter:label1\" content=\"Escrito por\" \/>\n\t<meta name=\"twitter:data1\" content=\"contato@revistaregional.com.br\" \/>\n\t<meta name=\"twitter:label2\" content=\"Est. tempo de leitura\" \/>\n\t<meta name=\"twitter:data2\" content=\"1 minuto\" \/>\n<script type=\"application\/ld+json\" class=\"yoast-schema-graph\">{\"@context\":\"https:\\\/\\\/schema.org\",\"@graph\":[{\"@type\":\"Article\",\"@id\":\"https:\\\/\\\/revistaregional.com.br\\\/site\\\/2012\\\/05\\\/31\\\/polo-shopping-vai-dar-viagem-a-natal-para-namorados\\\/#article\",\"isPartOf\":{\"@id\":\"https:\\\/\\\/revistaregional.com.br\\\/site\\\/2012\\\/05\\\/31\\\/polo-shopping-vai-dar-viagem-a-natal-para-namorados\\\/\"},\"author\":{\"name\":\"contato@revistaregional.com.br\",\"@id\":\"https:\\\/\\\/revistaregional.com.br\\\/site\\\/#\\\/schema\\\/person\\\/382af97c580dc1b18f55107bc316010d\"},\"headline\":\"Polo Shopping vai dar viagem a Natal para namorados\",\"datePublished\":\"2012-05-31T17:43:09+00:00\",\"dateModified\":\"2024-01-26T12:58:08+00:00\",\"mainEntityOfPage\":{\"@id\":\"https:\\\/\\\/revistaregional.com.br\\\/site\\\/2012\\\/05\\\/31\\\/polo-shopping-vai-dar-viagem-a-natal-para-namorados\\\/\"},\"wordCount\":215,\"commentCount\":0,\"image\":{\"@id\":\"https:\\\/\\\/revistaregional.com.br\\\/site\\\/2012\\\/05\\\/31\\\/polo-shopping-vai-dar-viagem-a-natal-para-namorados\\\/#primaryimage\"},\"thumbnailUrl\":\"https:\\\/\\\/revistaregional.com.br\\\/site\\\/wp-content\\\/uploads\\\/2012\\\/05\\\/polo-2.jpg\",\"keywords\":[\"Regionais\"],\"articleSection\":[\"Regionais\"],\"inLanguage\":\"pt-BR\",\"potentialAction\":[{\"@type\":\"CommentAction\",\"name\":\"Comment\",\"target\":[\"https:\\\/\\\/revistaregional.com.br\\\/site\\\/2012\\\/05\\\/31\\\/polo-shopping-vai-dar-viagem-a-natal-para-namorados\\\/#respond\"]}]},{\"@type\":\"WebPage\",\"@id\":\"https:\\\/\\\/revistaregional.com.br\\\/site\\\/2012\\\/05\\\/31\\\/polo-shopping-vai-dar-viagem-a-natal-para-namorados\\\/\",\"url\":\"https:\\\/\\\/revistaregional.com.br\\\/site\\\/2012\\\/05\\\/31\\\/polo-shopping-vai-dar-viagem-a-natal-para-namorados\\\/\",\"name\":\"Polo Shopping vai dar viagem a Natal para namorados - Revista Regional\",\"isPartOf\":{\"@id\":\"https:\\\/\\\/revistaregional.com.br\\\/site\\\/#website\"},\"primaryImageOfPage\":{\"@id\":\"https:\\\/\\\/revistaregional.com.br\\\/site\\\/2012\\\/05\\\/31\\\/polo-shopping-vai-dar-viagem-a-natal-para-namorados\\\/#primaryimage\"},\"image\":{\"@id\":\"https:\\\/\\\/revistaregional.com.br\\\/site\\\/2012\\\/05\\\/31\\\/polo-shopping-vai-dar-viagem-a-natal-para-namorados\\\/#primaryimage\"},\"thumbnailUrl\":\"https:\\\/\\\/revistaregional.com.br\\\/site\\\/wp-content\\\/uploads\\\/2012\\\/05\\\/polo-2.jpg\",\"datePublished\":\"2012-05-31T17:43:09+00:00\",\"dateModified\":\"2024-01-26T12:58:08+00:00\",\"author\":{\"@id\":\"https:\\\/\\\/revistaregional.com.br\\\/site\\\/#\\\/schema\\\/person\\\/382af97c580dc1b18f55107bc316010d\"},\"breadcrumb\":{\"@id\":\"https:\\\/\\\/revistaregional.com.br\\\/site\\\/2012\\\/05\\\/31\\\/polo-shopping-vai-dar-viagem-a-natal-para-namorados\\\/#breadcrumb\"},\"inLanguage\":\"pt-BR\",\"potentialAction\":[{\"@type\":\"ReadAction\",\"target\":[\"https:\\\/\\\/revistaregional.com.br\\\/site\\\/2012\\\/05\\\/31\\\/polo-shopping-vai-dar-viagem-a-natal-para-namorados\\\/\"]}]},{\"@type\":\"ImageObject\",\"inLanguage\":\"pt-BR\",\"@id\":\"https:\\\/\\\/revistaregional.com.br\\\/site\\\/2012\\\/05\\\/31\\\/polo-shopping-vai-dar-viagem-a-natal-para-namorados\\\/#primaryimage\",\"url\":\"https:\\\/\\\/revistaregional.com.br\\\/site\\\/wp-content\\\/uploads\\\/2012\\\/05\\\/polo-2.jpg\",\"contentUrl\":\"https:\\\/\\\/revistaregional.com.br\\\/site\\\/wp-content\\\/uploads\\\/2012\\\/05\\\/polo-2.jpg\",\"width\":\"640\",\"height\":\"517\",\"caption\":\"Polo Shopping Indaiatuba dar\u00e1 uma viagem a Natal pros namorados\"},{\"@type\":\"BreadcrumbList\",\"@id\":\"https:\\\/\\\/revistaregional.com.br\\\/site\\\/2012\\\/05\\\/31\\\/polo-shopping-vai-dar-viagem-a-natal-para-namorados\\\/#breadcrumb\",\"itemListElement\":[{\"@type\":\"ListItem\",\"position\":1,\"name\":\"In\u00edcio\",\"item\":\"https:\\\/\\\/revistaregional.com.br\\\/site\\\/\"},{\"@type\":\"ListItem\",\"position\":2,\"name\":\"Polo Shopping vai dar viagem a Natal para namorados\"}]},{\"@type\":\"WebSite\",\"@id\":\"https:\\\/\\\/revistaregional.com.br\\\/site\\\/#website\",\"url\":\"https:\\\/\\\/revistaregional.com.br\\\/site\\\/\",\"name\":\"Revista Regional\",\"description\":\"Salto - Itu - Indaituba\",\"potentialAction\":[{\"@type\":\"SearchAction\",\"target\":{\"@type\":\"EntryPoint\",\"urlTemplate\":\"https:\\\/\\\/revistaregional.com.br\\\/site\\\/?s={search_term_string}\"},\"query-input\":{\"@type\":\"PropertyValueSpecification\",\"valueRequired\":true,\"valueName\":\"search_term_string\"}}],\"inLanguage\":\"pt-BR\"},{\"@type\":\"Person\",\"@id\":\"https:\\\/\\\/revistaregional.com.br\\\/site\\\/#\\\/schema\\\/person\\\/382af97c580dc1b18f55107bc316010d\",\"name\":\"contato@revistaregional.com.br\",\"image\":{\"@type\":\"ImageObject\",\"inLanguage\":\"pt-BR\",\"@id\":\"https:\\\/\\\/secure.gravatar.com\\\/avatar\\\/869822917e96b2e292d5827e4635855396934485e7c4a0af84e9a214e32ca0cd?s=96&d=mm&r=g\",\"url\":\"https:\\\/\\\/secure.gravatar.com\\\/avatar\\\/869822917e96b2e292d5827e4635855396934485e7c4a0af84e9a214e32ca0cd?s=96&d=mm&r=g\",\"contentUrl\":\"https:\\\/\\\/secure.gravatar.com\\\/avatar\\\/869822917e96b2e292d5827e4635855396934485e7c4a0af84e9a214e32ca0cd?s=96&d=mm&r=g\",\"caption\":\"contato@revistaregional.com.br\"},\"url\":\"https:\\\/\\\/revistaregional.com.br\\\/site\\\/author\\\/contato@revistaregional.com.br\\\/\"}]}<\/script>\n<!-- \/ Yoast SEO plugin. -->","yoast_head_json":{"title":"Polo Shopping vai dar viagem a Natal para namorados - Revista Regional","robots":{"index":"index","follow":"follow","max-snippet":"max-snippet:-1","max-image-preview":"max-image-preview:large","max-video-preview":"max-video-preview:-1"},"canonical":"https:\/\/revistaregional.com.br\/site\/2012\/05\/31\/polo-shopping-vai-dar-viagem-a-natal-para-namorados\/","og_locale":"pt_BR","og_type":"article","og_title":"Polo Shopping vai dar viagem a Natal para namorados - Revista Regional","og_description":"Polo Shopping Indaiatuba realizar concurso cultural que premiar\u00e1 com uma viagem para Natal\/RN Para os rom\u00e2nticos de plant\u00e3o, o Polo Shopping Indaiatuba lan\u00e7a nesta sexta-feira, dia 1\u00ba de junho, o concurso cultural \u201cSua Cara Metade\u201d, em comemora\u00e7\u00e3o ao dia dos namorados. Para participar \u00e9 preciso preencher um cupom, que estar\u00e1 dispon\u00edvel gratuitamente em qualquer loja [&hellip;]","og_url":"https:\/\/revistaregional.com.br\/site\/2012\/05\/31\/polo-shopping-vai-dar-viagem-a-natal-para-namorados\/","og_site_name":"Revista Regional","article_published_time":"2012-05-31T17:43:09+00:00","article_modified_time":"2024-01-26T12:58:08+00:00","og_image":[{"width":640,"height":517,"url":"https:\/\/revistaregional.com.br\/site\/wp-content\/uploads\/2012\/05\/polo-2.jpg","type":"image\/jpeg"}],"author":"contato@revistaregional.com.br","twitter_card":"summary_large_image","twitter_misc":{"Escrito por":"contato@revistaregional.com.br","Est. tempo de leitura":"1 minuto"},"schema":{"@context":"https:\/\/schema.org","@graph":[{"@type":"Article","@id":"https:\/\/revistaregional.com.br\/site\/2012\/05\/31\/polo-shopping-vai-dar-viagem-a-natal-para-namorados\/#article","isPartOf":{"@id":"https:\/\/revistaregional.com.br\/site\/2012\/05\/31\/polo-shopping-vai-dar-viagem-a-natal-para-namorados\/"},"author":{"name":"contato@revistaregional.com.br","@id":"https:\/\/revistaregional.com.br\/site\/#\/schema\/person\/382af97c580dc1b18f55107bc316010d"},"headline":"Polo Shopping vai dar viagem a Natal para namorados","datePublished":"2012-05-31T17:43:09+00:00","dateModified":"2024-01-26T12:58:08+00:00","mainEntityOfPage":{"@id":"https:\/\/revistaregional.com.br\/site\/2012\/05\/31\/polo-shopping-vai-dar-viagem-a-natal-para-namorados\/"},"wordCount":215,"commentCount":0,"image":{"@id":"https:\/\/revistaregional.com.br\/site\/2012\/05\/31\/polo-shopping-vai-dar-viagem-a-natal-para-namorados\/#primaryimage"},"thumbnailUrl":"https:\/\/revistaregional.com.br\/site\/wp-content\/uploads\/2012\/05\/polo-2.jpg","keywords":["Regionais"],"articleSection":["Regionais"],"inLanguage":"pt-BR","potentialAction":[{"@type":"CommentAction","name":"Comment","target":["https:\/\/revistaregional.com.br\/site\/2012\/05\/31\/polo-shopping-vai-dar-viagem-a-natal-para-namorados\/#respond"]}]},{"@type":"WebPage","@id":"https:\/\/revistaregional.com.br\/site\/2012\/05\/31\/polo-shopping-vai-dar-viagem-a-natal-para-namorados\/","url":"https:\/\/revistaregional.com.br\/site\/2012\/05\/31\/polo-shopping-vai-dar-viagem-a-natal-para-namorados\/","name":"Polo Shopping vai dar viagem a Natal para namorados - Revista Regional","isPartOf":{"@id":"https:\/\/revistaregional.com.br\/site\/#website"},"primaryImageOfPage":{"@id":"https:\/\/revistaregional.com.br\/site\/2012\/05\/31\/polo-shopping-vai-dar-viagem-a-natal-para-namorados\/#primaryimage"},"image":{"@id":"https:\/\/revistaregional.com.br\/site\/2012\/05\/31\/polo-shopping-vai-dar-viagem-a-natal-para-namorados\/#primaryimage"},"thumbnailUrl":"https:\/\/revistaregional.com.br\/site\/wp-content\/uploads\/2012\/05\/polo-2.jpg","datePublished":"2012-05-31T17:43:09+00:00","dateModified":"2024-01-26T12:58:08+00:00","author":{"@id":"https:\/\/revistaregional.com.br\/site\/#\/schema\/person\/382af97c580dc1b18f55107bc316010d"},"breadcrumb":{"@id":"https:\/\/revistaregional.com.br\/site\/2012\/05\/31\/polo-shopping-vai-dar-viagem-a-natal-para-namorados\/#breadcrumb"},"inLanguage":"pt-BR","potentialAction":[{"@type":"ReadAction","target":["https:\/\/revistaregional.com.br\/site\/2012\/05\/31\/polo-shopping-vai-dar-viagem-a-natal-para-namorados\/"]}]},{"@type":"ImageObject","inLanguage":"pt-BR","@id":"https:\/\/revistaregional.com.br\/site\/2012\/05\/31\/polo-shopping-vai-dar-viagem-a-natal-para-namorados\/#primaryimage","url":"https:\/\/revistaregional.com.br\/site\/wp-content\/uploads\/2012\/05\/polo-2.jpg","contentUrl":"https:\/\/revistaregional.com.br\/site\/wp-content\/uploads\/2012\/05\/polo-2.jpg","width":"640","height":"517","caption":"Polo Shopping Indaiatuba dar\u00e1 uma viagem a Natal pros namorados"},{"@type":"BreadcrumbList","@id":"https:\/\/revistaregional.com.br\/site\/2012\/05\/31\/polo-shopping-vai-dar-viagem-a-natal-para-namorados\/#breadcrumb","itemListElement":[{"@type":"ListItem","position":1,"name":"In\u00edcio","item":"https:\/\/revistaregional.com.br\/site\/"},{"@type":"ListItem","position":2,"name":"Polo Shopping vai dar viagem a Natal para namorados"}]},{"@type":"WebSite","@id":"https:\/\/revistaregional.com.br\/site\/#website","url":"https:\/\/revistaregional.com.br\/site\/","name":"Revista Regional","description":"Salto - Itu - Indaituba","potentialAction":[{"@type":"SearchAction","target":{"@type":"EntryPoint","urlTemplate":"https:\/\/revistaregional.com.br\/site\/?s={search_term_string}"},"query-input":{"@type":"PropertyValueSpecification","valueRequired":true,"valueName":"search_term_string"}}],"inLanguage":"pt-BR"},{"@type":"Person","@id":"https:\/\/revistaregional.com.br\/site\/#\/schema\/person\/382af97c580dc1b18f55107bc316010d","name":"contato@revistaregional.com.br","image":{"@type":"ImageObject","inLanguage":"pt-BR","@id":"https:\/\/secure.gravatar.com\/avatar\/869822917e96b2e292d5827e4635855396934485e7c4a0af84e9a214e32ca0cd?s=96&d=mm&r=g","url":"https:\/\/secure.gravatar.com\/avatar\/869822917e96b2e292d5827e4635855396934485e7c4a0af84e9a214e32ca0cd?s=96&d=mm&r=g","contentUrl":"https:\/\/secure.gravatar.com\/avatar\/869822917e96b2e292d5827e4635855396934485e7c4a0af84e9a214e32ca0cd?s=96&d=mm&r=g","caption":"contato@revistaregional.com.br"},"url":"https:\/\/revistaregional.com.br\/site\/author\/contato@revistaregional.com.br\/"}]}},"views":53,"_links":{"self":[{"href":"https:\/\/revistaregional.com.br\/site\/wp-json\/wp\/v2\/posts\/2673","targetHints":{"allow":["GET"]}}],"collection":[{"href":"https:\/\/revistaregional.com.br\/site\/wp-json\/wp\/v2\/posts"}],"about":[{"href":"https:\/\/revistaregional.com.br\/site\/wp-json\/wp\/v2\/types\/post"}],"author":[{"embeddable":true,"href":"https:\/\/revistaregional.com.br\/site\/wp-json\/wp\/v2\/users\/1"}],"replies":[{"embeddable":true,"href":"https:\/\/revistaregional.com.br\/site\/wp-json\/wp\/v2\/comments?post=2673"}],"version-history":[{"count":5,"href":"https:\/\/revistaregional.com.br\/site\/wp-json\/wp\/v2\/posts\/2673\/revisions"}],"predecessor-version":[{"id":2680,"href":"https:\/\/revistaregional.com.br\/site\/wp-json\/wp\/v2\/posts\/2673\/revisions\/2680"}],"wp:featuredmedia":[{"embeddable":true,"href":"https:\/\/revistaregional.com.br\/site\/wp-json\/wp\/v2\/media\/2675"}],"wp:attachment":[{"href":"https:\/\/revistaregional.com.br\/site\/wp-json\/wp\/v2\/media?parent=2673"}],"wp:term":[{"taxonomy":"category","embeddable":true,"href":"https:\/\/revistaregional.com.br\/site\/wp-json\/wp\/v2\/categories?post=2673"},{"taxonomy":"post_tag","embeddable":true,"href":"https:\/\/revistaregional.com.br\/site\/wp-json\/wp\/v2\/tags?post=2673"}],"curies":[{"name":"wp","href":"https:\/\/api.w.org\/{rel}","templated":true}]}}