{"id":2662,"date":"2012-05-28T14:26:42","date_gmt":"2012-05-28T17:26:42","guid":{"rendered":"http:\/\/revistaregional.com.br\/site\/?p=2662"},"modified":"2024-01-26T10:52:17","modified_gmt":"2024-01-26T13:52:17","slug":"classicos-em-cena","status":"publish","type":"post","link":"https:\/\/revistaregional.com.br\/site\/2012\/05\/28\/classicos-em-cena\/","title":{"rendered":"&#8216;Cl\u00e1ssicos em Cena&#8217;"},"content":{"rendered":"<figure id=\"attachment_2663\" aria-describedby=\"caption-attachment-2663\" style=\"width: 384px\" class=\"wp-caption alignleft\"><a rel=\"attachment wp-att-2663\" href=\"http:\/\/revistaregional.com.br\/site\/wp-content\/uploads\/2012\/05\/cultura-classicos-em-cena-640x480.jpg\"><img fetchpriority=\"high\" decoding=\"async\" class=\"size-full wp-image-2663 \" src=\"http:\/\/revistaregional.com.br\/site\/wp-content\/uploads\/2012\/05\/cultura-classicos-em-cena-640x480.jpg\" alt=\"\" width=\"384\" height=\"254\" srcset=\"https:\/\/revistaregional.com.br\/site\/wp-content\/uploads\/2012\/05\/cultura-classicos-em-cena-640x480.jpg 640w, https:\/\/revistaregional.com.br\/site\/wp-content\/uploads\/2012\/05\/cultura-classicos-em-cena-640x480-300x198.jpg 300w\" sizes=\"(max-width: 384px) 100vw, 384px\" \/><\/a><figcaption id=\"caption-attachment-2663\" class=\"wp-caption-text\">Apresenta\u00e7\u00e3o no &quot;Cl\u00e1ssicos em Cena&quot; da Arjowiggins<\/figcaption><\/figure>\n<p>A Arjowiggins comemora 35 anos de atua\u00e7\u00e3o no Brasil aproximando o p\u00fablico da m\u00fasica erudita com o projeto \u201cCl\u00e1ssicos em Cena\u201d. Sendo assim, est\u00e1 presenteando Salto com quatro atra\u00e7\u00f5es musicais que acontecem na Sala Palma de Ouro. Tr\u00eas apresenta\u00e7\u00f5es j\u00e1 aconteceram, Tangata Quarteto, Black Voices e a \u00faltima, o Quinteto de Cordas de Campinas. O grupo \u00e9 formado pelos experientes m\u00fasicos Walter Finatto Ansante (violino), Samuel Pires de Lima (violino), Jos\u00e9 Eduardo D\u2019Almeida (viola), Lara Zigguiatti (violoncelo) e Walter Valentini (contrabaixo). Segundo o maestro Parcival M\u00f3dolo, curador do projeto \u201cCl\u00e1ssicos em Cena\u201d, o quinteto funciona como se fosse uma \u201cmini orquestra\u201d de cordas, pois tem um instrumento de cada uma das principais se\u00e7\u00f5es de uma grande orquestra de cordas. No espet\u00e1culo passado o p\u00fablico p\u00f4de apreciar \u201cPrimavera\u201d, de Vivaldi e a \u201cSerenata Noturna\u201d, de Mozart. O patroc\u00ednio dessa a\u00e7\u00e3o cultural diferenciada \u00e9 da Arjowiggins, que est\u00e1 proporcionando a Salto concertos exclusivos com apoio do Programa de A\u00e7\u00e3o Cultural (ProAc), da Secretaria de Cultura do Estado, e da Secretaria da Cultura e Turismo da Est\u00e2ncia Tur\u00edstica de Salto. O \u201cCl\u00e1ssicos em Cena\u201d est\u00e1 acontecendo na Sala Palma de Ouro, localizada no Centro de Educa\u00e7\u00e3o e Cultura Anselmo Duarte (rua Prudente de Moraes, 580, Salto). A pr\u00f3xima apresenta\u00e7\u00e3o acontecer\u00e1 no dia 27 de junho com entrada franca.<\/p>\n<p>&nbsp;<\/p>\n<p><strong>MAIS:<\/strong> Mais informa\u00e7\u00f5es podem ser adquiridas pelo site: <a href=\"http:\/\/www.classicosemcena.com.br\/\" target=\"_blank\" rel=\"noopener\">www.classicosemcena.com.br<\/a> .<\/p>\n<p>&nbsp;<\/p>\n<p><em>foto: Divulga\u00e7\u00e3o<\/em><\/p>\n","protected":false},"excerpt":{"rendered":"<p>A Arjowiggins comemora 35 anos de atua\u00e7\u00e3o no Brasil aproximando o p\u00fablico da m\u00fasica erudita com o projeto \u201cCl\u00e1ssicos em Cena\u201d. Sendo assim, est\u00e1 presenteando Salto com quatro atra\u00e7\u00f5es musicais que acontecem na Sala Palma de Ouro. Tr\u00eas apresenta\u00e7\u00f5es j\u00e1 aconteceram, Tangata Quarteto, Black Voices e a \u00faltima, o Quinteto de Cordas de Campinas. O [&hellip;]<\/p>\n","protected":false},"author":1,"featured_media":2663,"comment_status":"open","ping_status":"open","sticky":false,"template":"","format":"standard","meta":{"_acf_changed":false,"ngg_post_thumbnail":0,"_joinchat":[],"footnotes":""},"categories":[4],"tags":[533],"class_list":["post-2662","post","type-post","status-publish","format-standard","has-post-thumbnail","hentry","category-cultura","tag-cultura"],"acf":[],"yoast_head":"<!-- This site is optimized with the Yoast SEO plugin v27.4 - https:\/\/yoast.com\/product\/yoast-seo-wordpress\/ -->\n<title>&#039;Cl\u00e1ssicos em Cena&#039; - Revista Regional<\/title>\n<meta name=\"robots\" content=\"index, follow, max-snippet:-1, max-image-preview:large, max-video-preview:-1\" \/>\n<link rel=\"canonical\" href=\"https:\/\/revistaregional.com.br\/site\/2012\/05\/28\/classicos-em-cena\/\" \/>\n<meta property=\"og:locale\" content=\"pt_BR\" \/>\n<meta property=\"og:type\" content=\"article\" \/>\n<meta property=\"og:title\" content=\"&#039;Cl\u00e1ssicos em Cena&#039; - Revista Regional\" \/>\n<meta property=\"og:description\" content=\"A Arjowiggins comemora 35 anos de atua\u00e7\u00e3o no Brasil aproximando o p\u00fablico da m\u00fasica erudita com o projeto \u201cCl\u00e1ssicos em Cena\u201d. Sendo assim, est\u00e1 presenteando Salto com quatro atra\u00e7\u00f5es musicais que acontecem na Sala Palma de Ouro. Tr\u00eas apresenta\u00e7\u00f5es j\u00e1 aconteceram, Tangata Quarteto, Black Voices e a \u00faltima, o Quinteto de Cordas de Campinas. O [&hellip;]\" \/>\n<meta property=\"og:url\" content=\"https:\/\/revistaregional.com.br\/site\/2012\/05\/28\/classicos-em-cena\/\" \/>\n<meta property=\"og:site_name\" content=\"Revista Regional\" \/>\n<meta property=\"article:published_time\" content=\"2012-05-28T17:26:42+00:00\" \/>\n<meta property=\"article:modified_time\" content=\"2024-01-26T13:52:17+00:00\" \/>\n<meta property=\"og:image\" content=\"https:\/\/revistaregional.com.br\/site\/wp-content\/uploads\/2012\/05\/cultura-classicos-em-cena-640x480.jpg\" \/>\n\t<meta property=\"og:image:width\" content=\"640\" \/>\n\t<meta property=\"og:image:height\" content=\"423\" \/>\n\t<meta property=\"og:image:type\" content=\"image\/jpeg\" \/>\n<meta name=\"author\" content=\"contato@revistaregional.com.br\" \/>\n<meta name=\"twitter:card\" content=\"summary_large_image\" \/>\n<meta name=\"twitter:label1\" content=\"Escrito por\" \/>\n\t<meta name=\"twitter:data1\" content=\"contato@revistaregional.com.br\" \/>\n\t<meta name=\"twitter:label2\" content=\"Est. tempo de leitura\" \/>\n\t<meta name=\"twitter:data2\" content=\"1 minuto\" \/>\n<script type=\"application\/ld+json\" class=\"yoast-schema-graph\">{\"@context\":\"https:\\\/\\\/schema.org\",\"@graph\":[{\"@type\":\"Article\",\"@id\":\"https:\\\/\\\/revistaregional.com.br\\\/site\\\/2012\\\/05\\\/28\\\/classicos-em-cena\\\/#article\",\"isPartOf\":{\"@id\":\"https:\\\/\\\/revistaregional.com.br\\\/site\\\/2012\\\/05\\\/28\\\/classicos-em-cena\\\/\"},\"author\":{\"name\":\"contato@revistaregional.com.br\",\"@id\":\"https:\\\/\\\/revistaregional.com.br\\\/site\\\/#\\\/schema\\\/person\\\/382af97c580dc1b18f55107bc316010d\"},\"headline\":\"&#8216;Cl\u00e1ssicos em Cena&#8217;\",\"datePublished\":\"2012-05-28T17:26:42+00:00\",\"dateModified\":\"2024-01-26T13:52:17+00:00\",\"mainEntityOfPage\":{\"@id\":\"https:\\\/\\\/revistaregional.com.br\\\/site\\\/2012\\\/05\\\/28\\\/classicos-em-cena\\\/\"},\"wordCount\":275,\"commentCount\":0,\"image\":{\"@id\":\"https:\\\/\\\/revistaregional.com.br\\\/site\\\/2012\\\/05\\\/28\\\/classicos-em-cena\\\/#primaryimage\"},\"thumbnailUrl\":\"https:\\\/\\\/revistaregional.com.br\\\/site\\\/wp-content\\\/uploads\\\/2012\\\/05\\\/cultura-classicos-em-cena-640x480.jpg\",\"keywords\":[\"Cultura\"],\"articleSection\":[\"Cultura\"],\"inLanguage\":\"pt-BR\",\"potentialAction\":[{\"@type\":\"CommentAction\",\"name\":\"Comment\",\"target\":[\"https:\\\/\\\/revistaregional.com.br\\\/site\\\/2012\\\/05\\\/28\\\/classicos-em-cena\\\/#respond\"]}]},{\"@type\":\"WebPage\",\"@id\":\"https:\\\/\\\/revistaregional.com.br\\\/site\\\/2012\\\/05\\\/28\\\/classicos-em-cena\\\/\",\"url\":\"https:\\\/\\\/revistaregional.com.br\\\/site\\\/2012\\\/05\\\/28\\\/classicos-em-cena\\\/\",\"name\":\"'Cl\u00e1ssicos em Cena' - Revista Regional\",\"isPartOf\":{\"@id\":\"https:\\\/\\\/revistaregional.com.br\\\/site\\\/#website\"},\"primaryImageOfPage\":{\"@id\":\"https:\\\/\\\/revistaregional.com.br\\\/site\\\/2012\\\/05\\\/28\\\/classicos-em-cena\\\/#primaryimage\"},\"image\":{\"@id\":\"https:\\\/\\\/revistaregional.com.br\\\/site\\\/2012\\\/05\\\/28\\\/classicos-em-cena\\\/#primaryimage\"},\"thumbnailUrl\":\"https:\\\/\\\/revistaregional.com.br\\\/site\\\/wp-content\\\/uploads\\\/2012\\\/05\\\/cultura-classicos-em-cena-640x480.jpg\",\"datePublished\":\"2012-05-28T17:26:42+00:00\",\"dateModified\":\"2024-01-26T13:52:17+00:00\",\"author\":{\"@id\":\"https:\\\/\\\/revistaregional.com.br\\\/site\\\/#\\\/schema\\\/person\\\/382af97c580dc1b18f55107bc316010d\"},\"breadcrumb\":{\"@id\":\"https:\\\/\\\/revistaregional.com.br\\\/site\\\/2012\\\/05\\\/28\\\/classicos-em-cena\\\/#breadcrumb\"},\"inLanguage\":\"pt-BR\",\"potentialAction\":[{\"@type\":\"ReadAction\",\"target\":[\"https:\\\/\\\/revistaregional.com.br\\\/site\\\/2012\\\/05\\\/28\\\/classicos-em-cena\\\/\"]}]},{\"@type\":\"ImageObject\",\"inLanguage\":\"pt-BR\",\"@id\":\"https:\\\/\\\/revistaregional.com.br\\\/site\\\/2012\\\/05\\\/28\\\/classicos-em-cena\\\/#primaryimage\",\"url\":\"https:\\\/\\\/revistaregional.com.br\\\/site\\\/wp-content\\\/uploads\\\/2012\\\/05\\\/cultura-classicos-em-cena-640x480.jpg\",\"contentUrl\":\"https:\\\/\\\/revistaregional.com.br\\\/site\\\/wp-content\\\/uploads\\\/2012\\\/05\\\/cultura-classicos-em-cena-640x480.jpg\",\"width\":\"640\",\"height\":\"423\",\"caption\":\"Apresenta\u00e7\u00e3o no \\\"Cl\u00e1ssicos em Cena\\\" da Arjowiggins\"},{\"@type\":\"BreadcrumbList\",\"@id\":\"https:\\\/\\\/revistaregional.com.br\\\/site\\\/2012\\\/05\\\/28\\\/classicos-em-cena\\\/#breadcrumb\",\"itemListElement\":[{\"@type\":\"ListItem\",\"position\":1,\"name\":\"In\u00edcio\",\"item\":\"https:\\\/\\\/revistaregional.com.br\\\/site\\\/\"},{\"@type\":\"ListItem\",\"position\":2,\"name\":\"&#8216;Cl\u00e1ssicos em Cena&#8217;\"}]},{\"@type\":\"WebSite\",\"@id\":\"https:\\\/\\\/revistaregional.com.br\\\/site\\\/#website\",\"url\":\"https:\\\/\\\/revistaregional.com.br\\\/site\\\/\",\"name\":\"Revista Regional\",\"description\":\"Salto - Itu - Indaituba\",\"potentialAction\":[{\"@type\":\"SearchAction\",\"target\":{\"@type\":\"EntryPoint\",\"urlTemplate\":\"https:\\\/\\\/revistaregional.com.br\\\/site\\\/?s={search_term_string}\"},\"query-input\":{\"@type\":\"PropertyValueSpecification\",\"valueRequired\":true,\"valueName\":\"search_term_string\"}}],\"inLanguage\":\"pt-BR\"},{\"@type\":\"Person\",\"@id\":\"https:\\\/\\\/revistaregional.com.br\\\/site\\\/#\\\/schema\\\/person\\\/382af97c580dc1b18f55107bc316010d\",\"name\":\"contato@revistaregional.com.br\",\"image\":{\"@type\":\"ImageObject\",\"inLanguage\":\"pt-BR\",\"@id\":\"https:\\\/\\\/secure.gravatar.com\\\/avatar\\\/869822917e96b2e292d5827e4635855396934485e7c4a0af84e9a214e32ca0cd?s=96&d=mm&r=g\",\"url\":\"https:\\\/\\\/secure.gravatar.com\\\/avatar\\\/869822917e96b2e292d5827e4635855396934485e7c4a0af84e9a214e32ca0cd?s=96&d=mm&r=g\",\"contentUrl\":\"https:\\\/\\\/secure.gravatar.com\\\/avatar\\\/869822917e96b2e292d5827e4635855396934485e7c4a0af84e9a214e32ca0cd?s=96&d=mm&r=g\",\"caption\":\"contato@revistaregional.com.br\"},\"url\":\"https:\\\/\\\/revistaregional.com.br\\\/site\\\/author\\\/contato@revistaregional.com.br\\\/\"}]}<\/script>\n<!-- \/ Yoast SEO plugin. -->","yoast_head_json":{"title":"'Cl\u00e1ssicos em Cena' - Revista Regional","robots":{"index":"index","follow":"follow","max-snippet":"max-snippet:-1","max-image-preview":"max-image-preview:large","max-video-preview":"max-video-preview:-1"},"canonical":"https:\/\/revistaregional.com.br\/site\/2012\/05\/28\/classicos-em-cena\/","og_locale":"pt_BR","og_type":"article","og_title":"'Cl\u00e1ssicos em Cena' - Revista Regional","og_description":"A Arjowiggins comemora 35 anos de atua\u00e7\u00e3o no Brasil aproximando o p\u00fablico da m\u00fasica erudita com o projeto \u201cCl\u00e1ssicos em Cena\u201d. Sendo assim, est\u00e1 presenteando Salto com quatro atra\u00e7\u00f5es musicais que acontecem na Sala Palma de Ouro. Tr\u00eas apresenta\u00e7\u00f5es j\u00e1 aconteceram, Tangata Quarteto, Black Voices e a \u00faltima, o Quinteto de Cordas de Campinas. O [&hellip;]","og_url":"https:\/\/revistaregional.com.br\/site\/2012\/05\/28\/classicos-em-cena\/","og_site_name":"Revista Regional","article_published_time":"2012-05-28T17:26:42+00:00","article_modified_time":"2024-01-26T13:52:17+00:00","og_image":[{"width":640,"height":423,"url":"https:\/\/revistaregional.com.br\/site\/wp-content\/uploads\/2012\/05\/cultura-classicos-em-cena-640x480.jpg","type":"image\/jpeg"}],"author":"contato@revistaregional.com.br","twitter_card":"summary_large_image","twitter_misc":{"Escrito por":"contato@revistaregional.com.br","Est. tempo de leitura":"1 minuto"},"schema":{"@context":"https:\/\/schema.org","@graph":[{"@type":"Article","@id":"https:\/\/revistaregional.com.br\/site\/2012\/05\/28\/classicos-em-cena\/#article","isPartOf":{"@id":"https:\/\/revistaregional.com.br\/site\/2012\/05\/28\/classicos-em-cena\/"},"author":{"name":"contato@revistaregional.com.br","@id":"https:\/\/revistaregional.com.br\/site\/#\/schema\/person\/382af97c580dc1b18f55107bc316010d"},"headline":"&#8216;Cl\u00e1ssicos em Cena&#8217;","datePublished":"2012-05-28T17:26:42+00:00","dateModified":"2024-01-26T13:52:17+00:00","mainEntityOfPage":{"@id":"https:\/\/revistaregional.com.br\/site\/2012\/05\/28\/classicos-em-cena\/"},"wordCount":275,"commentCount":0,"image":{"@id":"https:\/\/revistaregional.com.br\/site\/2012\/05\/28\/classicos-em-cena\/#primaryimage"},"thumbnailUrl":"https:\/\/revistaregional.com.br\/site\/wp-content\/uploads\/2012\/05\/cultura-classicos-em-cena-640x480.jpg","keywords":["Cultura"],"articleSection":["Cultura"],"inLanguage":"pt-BR","potentialAction":[{"@type":"CommentAction","name":"Comment","target":["https:\/\/revistaregional.com.br\/site\/2012\/05\/28\/classicos-em-cena\/#respond"]}]},{"@type":"WebPage","@id":"https:\/\/revistaregional.com.br\/site\/2012\/05\/28\/classicos-em-cena\/","url":"https:\/\/revistaregional.com.br\/site\/2012\/05\/28\/classicos-em-cena\/","name":"'Cl\u00e1ssicos em Cena' - Revista Regional","isPartOf":{"@id":"https:\/\/revistaregional.com.br\/site\/#website"},"primaryImageOfPage":{"@id":"https:\/\/revistaregional.com.br\/site\/2012\/05\/28\/classicos-em-cena\/#primaryimage"},"image":{"@id":"https:\/\/revistaregional.com.br\/site\/2012\/05\/28\/classicos-em-cena\/#primaryimage"},"thumbnailUrl":"https:\/\/revistaregional.com.br\/site\/wp-content\/uploads\/2012\/05\/cultura-classicos-em-cena-640x480.jpg","datePublished":"2012-05-28T17:26:42+00:00","dateModified":"2024-01-26T13:52:17+00:00","author":{"@id":"https:\/\/revistaregional.com.br\/site\/#\/schema\/person\/382af97c580dc1b18f55107bc316010d"},"breadcrumb":{"@id":"https:\/\/revistaregional.com.br\/site\/2012\/05\/28\/classicos-em-cena\/#breadcrumb"},"inLanguage":"pt-BR","potentialAction":[{"@type":"ReadAction","target":["https:\/\/revistaregional.com.br\/site\/2012\/05\/28\/classicos-em-cena\/"]}]},{"@type":"ImageObject","inLanguage":"pt-BR","@id":"https:\/\/revistaregional.com.br\/site\/2012\/05\/28\/classicos-em-cena\/#primaryimage","url":"https:\/\/revistaregional.com.br\/site\/wp-content\/uploads\/2012\/05\/cultura-classicos-em-cena-640x480.jpg","contentUrl":"https:\/\/revistaregional.com.br\/site\/wp-content\/uploads\/2012\/05\/cultura-classicos-em-cena-640x480.jpg","width":"640","height":"423","caption":"Apresenta\u00e7\u00e3o no \"Cl\u00e1ssicos em Cena\" da Arjowiggins"},{"@type":"BreadcrumbList","@id":"https:\/\/revistaregional.com.br\/site\/2012\/05\/28\/classicos-em-cena\/#breadcrumb","itemListElement":[{"@type":"ListItem","position":1,"name":"In\u00edcio","item":"https:\/\/revistaregional.com.br\/site\/"},{"@type":"ListItem","position":2,"name":"&#8216;Cl\u00e1ssicos em Cena&#8217;"}]},{"@type":"WebSite","@id":"https:\/\/revistaregional.com.br\/site\/#website","url":"https:\/\/revistaregional.com.br\/site\/","name":"Revista Regional","description":"Salto - Itu - Indaituba","potentialAction":[{"@type":"SearchAction","target":{"@type":"EntryPoint","urlTemplate":"https:\/\/revistaregional.com.br\/site\/?s={search_term_string}"},"query-input":{"@type":"PropertyValueSpecification","valueRequired":true,"valueName":"search_term_string"}}],"inLanguage":"pt-BR"},{"@type":"Person","@id":"https:\/\/revistaregional.com.br\/site\/#\/schema\/person\/382af97c580dc1b18f55107bc316010d","name":"contato@revistaregional.com.br","image":{"@type":"ImageObject","inLanguage":"pt-BR","@id":"https:\/\/secure.gravatar.com\/avatar\/869822917e96b2e292d5827e4635855396934485e7c4a0af84e9a214e32ca0cd?s=96&d=mm&r=g","url":"https:\/\/secure.gravatar.com\/avatar\/869822917e96b2e292d5827e4635855396934485e7c4a0af84e9a214e32ca0cd?s=96&d=mm&r=g","contentUrl":"https:\/\/secure.gravatar.com\/avatar\/869822917e96b2e292d5827e4635855396934485e7c4a0af84e9a214e32ca0cd?s=96&d=mm&r=g","caption":"contato@revistaregional.com.br"},"url":"https:\/\/revistaregional.com.br\/site\/author\/contato@revistaregional.com.br\/"}]}},"views":16,"_links":{"self":[{"href":"https:\/\/revistaregional.com.br\/site\/wp-json\/wp\/v2\/posts\/2662","targetHints":{"allow":["GET"]}}],"collection":[{"href":"https:\/\/revistaregional.com.br\/site\/wp-json\/wp\/v2\/posts"}],"about":[{"href":"https:\/\/revistaregional.com.br\/site\/wp-json\/wp\/v2\/types\/post"}],"author":[{"embeddable":true,"href":"https:\/\/revistaregional.com.br\/site\/wp-json\/wp\/v2\/users\/1"}],"replies":[{"embeddable":true,"href":"https:\/\/revistaregional.com.br\/site\/wp-json\/wp\/v2\/comments?post=2662"}],"version-history":[{"count":4,"href":"https:\/\/revistaregional.com.br\/site\/wp-json\/wp\/v2\/posts\/2662\/revisions"}],"predecessor-version":[{"id":32414,"href":"https:\/\/revistaregional.com.br\/site\/wp-json\/wp\/v2\/posts\/2662\/revisions\/32414"}],"wp:featuredmedia":[{"embeddable":true,"href":"https:\/\/revistaregional.com.br\/site\/wp-json\/wp\/v2\/media\/2663"}],"wp:attachment":[{"href":"https:\/\/revistaregional.com.br\/site\/wp-json\/wp\/v2\/media?parent=2662"}],"wp:term":[{"taxonomy":"category","embeddable":true,"href":"https:\/\/revistaregional.com.br\/site\/wp-json\/wp\/v2\/categories?post=2662"},{"taxonomy":"post_tag","embeddable":true,"href":"https:\/\/revistaregional.com.br\/site\/wp-json\/wp\/v2\/tags?post=2662"}],"curies":[{"name":"wp","href":"https:\/\/api.w.org\/{rel}","templated":true}]}}