{"id":2652,"date":"2012-05-28T14:12:11","date_gmt":"2012-05-28T17:12:11","guid":{"rendered":"http:\/\/revistaregional.com.br\/site\/?p=2652"},"modified":"2024-01-26T10:52:18","modified_gmt":"2024-01-26T13:52:18","slug":"nathalia-timberg-e-rosamaria-murtinho-em-indaiatuba","status":"publish","type":"post","link":"https:\/\/revistaregional.com.br\/site\/2012\/05\/28\/nathalia-timberg-e-rosamaria-murtinho-em-indaiatuba\/","title":{"rendered":"Nathalia Timberg e Rosamaria Murtinho em Indaiatuba"},"content":{"rendered":"<p>&nbsp;<\/p>\n<p>&nbsp;<\/p>\n<figure id=\"attachment_2658\" aria-describedby=\"caption-attachment-2658\" style=\"width: 384px\" class=\"wp-caption alignleft\"><a rel=\"attachment wp-att-2658\" href=\"http:\/\/revistaregional.com.br\/site\/wp-content\/uploads\/2012\/05\/site-sopro-de-vida-apoio-regional-640x4801.jpg\"><img fetchpriority=\"high\" decoding=\"async\" class=\"size-full wp-image-2658 \" src=\"http:\/\/revistaregional.com.br\/site\/wp-content\/uploads\/2012\/05\/site-sopro-de-vida-apoio-regional-640x4801.jpg\" alt=\"\" width=\"384\" height=\"253\" srcset=\"https:\/\/revistaregional.com.br\/site\/wp-content\/uploads\/2012\/05\/site-sopro-de-vida-apoio-regional-640x4801.jpg 640w, https:\/\/revistaregional.com.br\/site\/wp-content\/uploads\/2012\/05\/site-sopro-de-vida-apoio-regional-640x4801-300x197.jpg 300w\" sizes=\"(max-width: 384px) 100vw, 384px\" \/><\/a><figcaption id=\"caption-attachment-2658\" class=\"wp-caption-text\">Nathalia e Rosamaria se apresentam em Indaiatuba; pe\u00e7a tem apoio de Revista Regional<\/figcaption><\/figure>\n<p>O p\u00fablico de Indaiatuba ter\u00e1 o privil\u00e9gio de ver de perto duas damas do palco. Nathalia Timberg e Rosamaria Murtinho trazem para a cidade a pe\u00e7a \u201cSopro de Vida\u201d, em apresenta\u00e7\u00e3o \u00fanica no Centro Integrado de Apoio \u00e0 Educa\u00e7\u00e3o de Indaiatuba (Ciaei) em 03 de junho (domingo), \u00e0s 19h.<\/p>\n<p>A trama desenrola-se entre as duas mulheres que durante 25 anos partilharam do mesmo homem. O embate acontece entre a amante, vivida por Nathalia, e a esposa, que ganha vida na pele de Rosamaria, diante de um detalhe surpreendente: a amante \u00e9 bem mais velha que a esposa.<\/p>\n<p>No desenrolar da pe\u00e7a, os espectadores v\u00e3o vivenciando com as atrizes diversas sensa\u00e7\u00f5es, sentimentos e at\u00e9, seus preconceitos. O espet\u00e1culo tem dura\u00e7\u00e3o de 90 minutos e a faixa et\u00e1ria \u00e9 a partir dos 14 anos.<\/p>\n<p>Na regi\u00e3o, o espet\u00e1culo conta com produ\u00e7\u00e3o da TeatroGT e apoio da Revista Regional.<\/p>\n<p><strong>MAIS:<\/strong><\/p>\n<p>03\/Junho \u2013 Domingo<\/p>\n<p>Hor\u00e1rio: 19h<\/p>\n<p>Ciaei \u2013 Sala Acr\u00edsio de Camargo \u2013 Indaiatuba<\/p>\n<p>Infos: 3936-3083 &#8211; 3834-7837 \u2013 www.teatrogt.com.br<\/p>\n<p>Vendas:<\/p>\n<p>Secult : Fone: 19 &#8211; 3825-2056<\/p>\n<p>Laselva \u2013 Bookstore (13 de Maio) \u2013 Fone: \u00a019 &#8211; 3834-7837<\/p>\n<p>Click Joias &#8211; Polo Shopping Indaiatuba: Fone: 19 &#8211; 3936-3083<\/p>\n<p>Pela internet: www.teatrogt.com.br<\/p>\n<p>Call Center: (11) 3030-9544 (de 2\u00aa a 6\u00aa)<\/p>\n<p>Valores:<\/p>\n<p>Inteira: R$ 60,00<\/p>\n<p>Meia-Entrada: R$ 30,00<\/p>\n<p>Valor Promocional: R$ 45,00<\/p>\n<p>&nbsp;<\/p>\n<p><em>foto: Divulga\u00e7\u00e3o<\/em><\/p>\n","protected":false},"excerpt":{"rendered":"<p>&nbsp; &nbsp; O p\u00fablico de Indaiatuba ter\u00e1 o privil\u00e9gio de ver de perto duas damas do palco. Nathalia Timberg e Rosamaria Murtinho trazem para a cidade a pe\u00e7a \u201cSopro de Vida\u201d, em apresenta\u00e7\u00e3o \u00fanica no Centro Integrado de Apoio \u00e0 Educa\u00e7\u00e3o de Indaiatuba (Ciaei) em 03 de junho (domingo), \u00e0s 19h. A trama desenrola-se entre [&hellip;]<\/p>\n","protected":false},"author":1,"featured_media":2658,"comment_status":"open","ping_status":"open","sticky":false,"template":"","format":"standard","meta":{"_acf_changed":false,"ngg_post_thumbnail":0,"_joinchat":[],"footnotes":""},"categories":[4],"tags":[533],"class_list":["post-2652","post","type-post","status-publish","format-standard","has-post-thumbnail","hentry","category-cultura","tag-cultura"],"acf":[],"yoast_head":"<!-- This site is optimized with the Yoast SEO plugin v27.4 - https:\/\/yoast.com\/product\/yoast-seo-wordpress\/ -->\n<title>Nathalia Timberg e Rosamaria Murtinho em Indaiatuba - Revista Regional<\/title>\n<meta name=\"robots\" content=\"index, follow, max-snippet:-1, max-image-preview:large, max-video-preview:-1\" \/>\n<link rel=\"canonical\" href=\"https:\/\/revistaregional.com.br\/site\/2012\/05\/28\/nathalia-timberg-e-rosamaria-murtinho-em-indaiatuba\/\" \/>\n<meta property=\"og:locale\" content=\"pt_BR\" \/>\n<meta property=\"og:type\" content=\"article\" \/>\n<meta property=\"og:title\" content=\"Nathalia Timberg e Rosamaria Murtinho em Indaiatuba - Revista Regional\" \/>\n<meta property=\"og:description\" content=\"&nbsp; &nbsp; O p\u00fablico de Indaiatuba ter\u00e1 o privil\u00e9gio de ver de perto duas damas do palco. Nathalia Timberg e Rosamaria Murtinho trazem para a cidade a pe\u00e7a \u201cSopro de Vida\u201d, em apresenta\u00e7\u00e3o \u00fanica no Centro Integrado de Apoio \u00e0 Educa\u00e7\u00e3o de Indaiatuba (Ciaei) em 03 de junho (domingo), \u00e0s 19h. A trama desenrola-se entre [&hellip;]\" \/>\n<meta property=\"og:url\" content=\"https:\/\/revistaregional.com.br\/site\/2012\/05\/28\/nathalia-timberg-e-rosamaria-murtinho-em-indaiatuba\/\" \/>\n<meta property=\"og:site_name\" content=\"Revista Regional\" \/>\n<meta property=\"article:published_time\" content=\"2012-05-28T17:12:11+00:00\" \/>\n<meta property=\"article:modified_time\" content=\"2024-01-26T13:52:18+00:00\" \/>\n<meta property=\"og:image\" content=\"https:\/\/revistaregional.com.br\/site\/wp-content\/uploads\/2012\/05\/site-sopro-de-vida-apoio-regional-640x4801.jpg\" \/>\n\t<meta property=\"og:image:width\" content=\"640\" \/>\n\t<meta property=\"og:image:height\" content=\"422\" \/>\n\t<meta property=\"og:image:type\" content=\"image\/jpeg\" \/>\n<meta name=\"author\" content=\"contato@revistaregional.com.br\" \/>\n<meta name=\"twitter:card\" content=\"summary_large_image\" \/>\n<meta name=\"twitter:label1\" content=\"Escrito por\" \/>\n\t<meta name=\"twitter:data1\" content=\"contato@revistaregional.com.br\" \/>\n\t<meta name=\"twitter:label2\" content=\"Est. tempo de leitura\" \/>\n\t<meta name=\"twitter:data2\" content=\"1 minuto\" \/>\n<script type=\"application\/ld+json\" class=\"yoast-schema-graph\">{\"@context\":\"https:\\\/\\\/schema.org\",\"@graph\":[{\"@type\":\"Article\",\"@id\":\"https:\\\/\\\/revistaregional.com.br\\\/site\\\/2012\\\/05\\\/28\\\/nathalia-timberg-e-rosamaria-murtinho-em-indaiatuba\\\/#article\",\"isPartOf\":{\"@id\":\"https:\\\/\\\/revistaregional.com.br\\\/site\\\/2012\\\/05\\\/28\\\/nathalia-timberg-e-rosamaria-murtinho-em-indaiatuba\\\/\"},\"author\":{\"name\":\"contato@revistaregional.com.br\",\"@id\":\"https:\\\/\\\/revistaregional.com.br\\\/site\\\/#\\\/schema\\\/person\\\/382af97c580dc1b18f55107bc316010d\"},\"headline\":\"Nathalia Timberg e Rosamaria Murtinho em Indaiatuba\",\"datePublished\":\"2012-05-28T17:12:11+00:00\",\"dateModified\":\"2024-01-26T13:52:18+00:00\",\"mainEntityOfPage\":{\"@id\":\"https:\\\/\\\/revistaregional.com.br\\\/site\\\/2012\\\/05\\\/28\\\/nathalia-timberg-e-rosamaria-murtinho-em-indaiatuba\\\/\"},\"wordCount\":249,\"commentCount\":0,\"image\":{\"@id\":\"https:\\\/\\\/revistaregional.com.br\\\/site\\\/2012\\\/05\\\/28\\\/nathalia-timberg-e-rosamaria-murtinho-em-indaiatuba\\\/#primaryimage\"},\"thumbnailUrl\":\"https:\\\/\\\/revistaregional.com.br\\\/site\\\/wp-content\\\/uploads\\\/2012\\\/05\\\/site-sopro-de-vida-apoio-regional-640x4801.jpg\",\"keywords\":[\"Cultura\"],\"articleSection\":[\"Cultura\"],\"inLanguage\":\"pt-BR\",\"potentialAction\":[{\"@type\":\"CommentAction\",\"name\":\"Comment\",\"target\":[\"https:\\\/\\\/revistaregional.com.br\\\/site\\\/2012\\\/05\\\/28\\\/nathalia-timberg-e-rosamaria-murtinho-em-indaiatuba\\\/#respond\"]}]},{\"@type\":\"WebPage\",\"@id\":\"https:\\\/\\\/revistaregional.com.br\\\/site\\\/2012\\\/05\\\/28\\\/nathalia-timberg-e-rosamaria-murtinho-em-indaiatuba\\\/\",\"url\":\"https:\\\/\\\/revistaregional.com.br\\\/site\\\/2012\\\/05\\\/28\\\/nathalia-timberg-e-rosamaria-murtinho-em-indaiatuba\\\/\",\"name\":\"Nathalia Timberg e Rosamaria Murtinho em Indaiatuba - Revista Regional\",\"isPartOf\":{\"@id\":\"https:\\\/\\\/revistaregional.com.br\\\/site\\\/#website\"},\"primaryImageOfPage\":{\"@id\":\"https:\\\/\\\/revistaregional.com.br\\\/site\\\/2012\\\/05\\\/28\\\/nathalia-timberg-e-rosamaria-murtinho-em-indaiatuba\\\/#primaryimage\"},\"image\":{\"@id\":\"https:\\\/\\\/revistaregional.com.br\\\/site\\\/2012\\\/05\\\/28\\\/nathalia-timberg-e-rosamaria-murtinho-em-indaiatuba\\\/#primaryimage\"},\"thumbnailUrl\":\"https:\\\/\\\/revistaregional.com.br\\\/site\\\/wp-content\\\/uploads\\\/2012\\\/05\\\/site-sopro-de-vida-apoio-regional-640x4801.jpg\",\"datePublished\":\"2012-05-28T17:12:11+00:00\",\"dateModified\":\"2024-01-26T13:52:18+00:00\",\"author\":{\"@id\":\"https:\\\/\\\/revistaregional.com.br\\\/site\\\/#\\\/schema\\\/person\\\/382af97c580dc1b18f55107bc316010d\"},\"breadcrumb\":{\"@id\":\"https:\\\/\\\/revistaregional.com.br\\\/site\\\/2012\\\/05\\\/28\\\/nathalia-timberg-e-rosamaria-murtinho-em-indaiatuba\\\/#breadcrumb\"},\"inLanguage\":\"pt-BR\",\"potentialAction\":[{\"@type\":\"ReadAction\",\"target\":[\"https:\\\/\\\/revistaregional.com.br\\\/site\\\/2012\\\/05\\\/28\\\/nathalia-timberg-e-rosamaria-murtinho-em-indaiatuba\\\/\"]}]},{\"@type\":\"ImageObject\",\"inLanguage\":\"pt-BR\",\"@id\":\"https:\\\/\\\/revistaregional.com.br\\\/site\\\/2012\\\/05\\\/28\\\/nathalia-timberg-e-rosamaria-murtinho-em-indaiatuba\\\/#primaryimage\",\"url\":\"https:\\\/\\\/revistaregional.com.br\\\/site\\\/wp-content\\\/uploads\\\/2012\\\/05\\\/site-sopro-de-vida-apoio-regional-640x4801.jpg\",\"contentUrl\":\"https:\\\/\\\/revistaregional.com.br\\\/site\\\/wp-content\\\/uploads\\\/2012\\\/05\\\/site-sopro-de-vida-apoio-regional-640x4801.jpg\",\"width\":\"640\",\"height\":\"422\",\"caption\":\"Nathalia e Rosamaria se apresentam em Indaiatuba; pe\u00e7a tem apoio de Revista Regional\"},{\"@type\":\"BreadcrumbList\",\"@id\":\"https:\\\/\\\/revistaregional.com.br\\\/site\\\/2012\\\/05\\\/28\\\/nathalia-timberg-e-rosamaria-murtinho-em-indaiatuba\\\/#breadcrumb\",\"itemListElement\":[{\"@type\":\"ListItem\",\"position\":1,\"name\":\"In\u00edcio\",\"item\":\"https:\\\/\\\/revistaregional.com.br\\\/site\\\/\"},{\"@type\":\"ListItem\",\"position\":2,\"name\":\"Nathalia Timberg e Rosamaria Murtinho em Indaiatuba\"}]},{\"@type\":\"WebSite\",\"@id\":\"https:\\\/\\\/revistaregional.com.br\\\/site\\\/#website\",\"url\":\"https:\\\/\\\/revistaregional.com.br\\\/site\\\/\",\"name\":\"Revista Regional\",\"description\":\"Salto - Itu - Indaituba\",\"potentialAction\":[{\"@type\":\"SearchAction\",\"target\":{\"@type\":\"EntryPoint\",\"urlTemplate\":\"https:\\\/\\\/revistaregional.com.br\\\/site\\\/?s={search_term_string}\"},\"query-input\":{\"@type\":\"PropertyValueSpecification\",\"valueRequired\":true,\"valueName\":\"search_term_string\"}}],\"inLanguage\":\"pt-BR\"},{\"@type\":\"Person\",\"@id\":\"https:\\\/\\\/revistaregional.com.br\\\/site\\\/#\\\/schema\\\/person\\\/382af97c580dc1b18f55107bc316010d\",\"name\":\"contato@revistaregional.com.br\",\"image\":{\"@type\":\"ImageObject\",\"inLanguage\":\"pt-BR\",\"@id\":\"https:\\\/\\\/secure.gravatar.com\\\/avatar\\\/869822917e96b2e292d5827e4635855396934485e7c4a0af84e9a214e32ca0cd?s=96&d=mm&r=g\",\"url\":\"https:\\\/\\\/secure.gravatar.com\\\/avatar\\\/869822917e96b2e292d5827e4635855396934485e7c4a0af84e9a214e32ca0cd?s=96&d=mm&r=g\",\"contentUrl\":\"https:\\\/\\\/secure.gravatar.com\\\/avatar\\\/869822917e96b2e292d5827e4635855396934485e7c4a0af84e9a214e32ca0cd?s=96&d=mm&r=g\",\"caption\":\"contato@revistaregional.com.br\"},\"url\":\"https:\\\/\\\/revistaregional.com.br\\\/site\\\/author\\\/contato@revistaregional.com.br\\\/\"}]}<\/script>\n<!-- \/ Yoast SEO plugin. -->","yoast_head_json":{"title":"Nathalia Timberg e Rosamaria Murtinho em Indaiatuba - Revista Regional","robots":{"index":"index","follow":"follow","max-snippet":"max-snippet:-1","max-image-preview":"max-image-preview:large","max-video-preview":"max-video-preview:-1"},"canonical":"https:\/\/revistaregional.com.br\/site\/2012\/05\/28\/nathalia-timberg-e-rosamaria-murtinho-em-indaiatuba\/","og_locale":"pt_BR","og_type":"article","og_title":"Nathalia Timberg e Rosamaria Murtinho em Indaiatuba - Revista Regional","og_description":"&nbsp; &nbsp; O p\u00fablico de Indaiatuba ter\u00e1 o privil\u00e9gio de ver de perto duas damas do palco. Nathalia Timberg e Rosamaria Murtinho trazem para a cidade a pe\u00e7a \u201cSopro de Vida\u201d, em apresenta\u00e7\u00e3o \u00fanica no Centro Integrado de Apoio \u00e0 Educa\u00e7\u00e3o de Indaiatuba (Ciaei) em 03 de junho (domingo), \u00e0s 19h. A trama desenrola-se entre [&hellip;]","og_url":"https:\/\/revistaregional.com.br\/site\/2012\/05\/28\/nathalia-timberg-e-rosamaria-murtinho-em-indaiatuba\/","og_site_name":"Revista Regional","article_published_time":"2012-05-28T17:12:11+00:00","article_modified_time":"2024-01-26T13:52:18+00:00","og_image":[{"width":640,"height":422,"url":"https:\/\/revistaregional.com.br\/site\/wp-content\/uploads\/2012\/05\/site-sopro-de-vida-apoio-regional-640x4801.jpg","type":"image\/jpeg"}],"author":"contato@revistaregional.com.br","twitter_card":"summary_large_image","twitter_misc":{"Escrito por":"contato@revistaregional.com.br","Est. tempo de leitura":"1 minuto"},"schema":{"@context":"https:\/\/schema.org","@graph":[{"@type":"Article","@id":"https:\/\/revistaregional.com.br\/site\/2012\/05\/28\/nathalia-timberg-e-rosamaria-murtinho-em-indaiatuba\/#article","isPartOf":{"@id":"https:\/\/revistaregional.com.br\/site\/2012\/05\/28\/nathalia-timberg-e-rosamaria-murtinho-em-indaiatuba\/"},"author":{"name":"contato@revistaregional.com.br","@id":"https:\/\/revistaregional.com.br\/site\/#\/schema\/person\/382af97c580dc1b18f55107bc316010d"},"headline":"Nathalia Timberg e Rosamaria Murtinho em Indaiatuba","datePublished":"2012-05-28T17:12:11+00:00","dateModified":"2024-01-26T13:52:18+00:00","mainEntityOfPage":{"@id":"https:\/\/revistaregional.com.br\/site\/2012\/05\/28\/nathalia-timberg-e-rosamaria-murtinho-em-indaiatuba\/"},"wordCount":249,"commentCount":0,"image":{"@id":"https:\/\/revistaregional.com.br\/site\/2012\/05\/28\/nathalia-timberg-e-rosamaria-murtinho-em-indaiatuba\/#primaryimage"},"thumbnailUrl":"https:\/\/revistaregional.com.br\/site\/wp-content\/uploads\/2012\/05\/site-sopro-de-vida-apoio-regional-640x4801.jpg","keywords":["Cultura"],"articleSection":["Cultura"],"inLanguage":"pt-BR","potentialAction":[{"@type":"CommentAction","name":"Comment","target":["https:\/\/revistaregional.com.br\/site\/2012\/05\/28\/nathalia-timberg-e-rosamaria-murtinho-em-indaiatuba\/#respond"]}]},{"@type":"WebPage","@id":"https:\/\/revistaregional.com.br\/site\/2012\/05\/28\/nathalia-timberg-e-rosamaria-murtinho-em-indaiatuba\/","url":"https:\/\/revistaregional.com.br\/site\/2012\/05\/28\/nathalia-timberg-e-rosamaria-murtinho-em-indaiatuba\/","name":"Nathalia Timberg e Rosamaria Murtinho em Indaiatuba - Revista Regional","isPartOf":{"@id":"https:\/\/revistaregional.com.br\/site\/#website"},"primaryImageOfPage":{"@id":"https:\/\/revistaregional.com.br\/site\/2012\/05\/28\/nathalia-timberg-e-rosamaria-murtinho-em-indaiatuba\/#primaryimage"},"image":{"@id":"https:\/\/revistaregional.com.br\/site\/2012\/05\/28\/nathalia-timberg-e-rosamaria-murtinho-em-indaiatuba\/#primaryimage"},"thumbnailUrl":"https:\/\/revistaregional.com.br\/site\/wp-content\/uploads\/2012\/05\/site-sopro-de-vida-apoio-regional-640x4801.jpg","datePublished":"2012-05-28T17:12:11+00:00","dateModified":"2024-01-26T13:52:18+00:00","author":{"@id":"https:\/\/revistaregional.com.br\/site\/#\/schema\/person\/382af97c580dc1b18f55107bc316010d"},"breadcrumb":{"@id":"https:\/\/revistaregional.com.br\/site\/2012\/05\/28\/nathalia-timberg-e-rosamaria-murtinho-em-indaiatuba\/#breadcrumb"},"inLanguage":"pt-BR","potentialAction":[{"@type":"ReadAction","target":["https:\/\/revistaregional.com.br\/site\/2012\/05\/28\/nathalia-timberg-e-rosamaria-murtinho-em-indaiatuba\/"]}]},{"@type":"ImageObject","inLanguage":"pt-BR","@id":"https:\/\/revistaregional.com.br\/site\/2012\/05\/28\/nathalia-timberg-e-rosamaria-murtinho-em-indaiatuba\/#primaryimage","url":"https:\/\/revistaregional.com.br\/site\/wp-content\/uploads\/2012\/05\/site-sopro-de-vida-apoio-regional-640x4801.jpg","contentUrl":"https:\/\/revistaregional.com.br\/site\/wp-content\/uploads\/2012\/05\/site-sopro-de-vida-apoio-regional-640x4801.jpg","width":"640","height":"422","caption":"Nathalia e Rosamaria se apresentam em Indaiatuba; pe\u00e7a tem apoio de Revista Regional"},{"@type":"BreadcrumbList","@id":"https:\/\/revistaregional.com.br\/site\/2012\/05\/28\/nathalia-timberg-e-rosamaria-murtinho-em-indaiatuba\/#breadcrumb","itemListElement":[{"@type":"ListItem","position":1,"name":"In\u00edcio","item":"https:\/\/revistaregional.com.br\/site\/"},{"@type":"ListItem","position":2,"name":"Nathalia Timberg e Rosamaria Murtinho em Indaiatuba"}]},{"@type":"WebSite","@id":"https:\/\/revistaregional.com.br\/site\/#website","url":"https:\/\/revistaregional.com.br\/site\/","name":"Revista Regional","description":"Salto - Itu - Indaituba","potentialAction":[{"@type":"SearchAction","target":{"@type":"EntryPoint","urlTemplate":"https:\/\/revistaregional.com.br\/site\/?s={search_term_string}"},"query-input":{"@type":"PropertyValueSpecification","valueRequired":true,"valueName":"search_term_string"}}],"inLanguage":"pt-BR"},{"@type":"Person","@id":"https:\/\/revistaregional.com.br\/site\/#\/schema\/person\/382af97c580dc1b18f55107bc316010d","name":"contato@revistaregional.com.br","image":{"@type":"ImageObject","inLanguage":"pt-BR","@id":"https:\/\/secure.gravatar.com\/avatar\/869822917e96b2e292d5827e4635855396934485e7c4a0af84e9a214e32ca0cd?s=96&d=mm&r=g","url":"https:\/\/secure.gravatar.com\/avatar\/869822917e96b2e292d5827e4635855396934485e7c4a0af84e9a214e32ca0cd?s=96&d=mm&r=g","contentUrl":"https:\/\/secure.gravatar.com\/avatar\/869822917e96b2e292d5827e4635855396934485e7c4a0af84e9a214e32ca0cd?s=96&d=mm&r=g","caption":"contato@revistaregional.com.br"},"url":"https:\/\/revistaregional.com.br\/site\/author\/contato@revistaregional.com.br\/"}]}},"views":48,"_links":{"self":[{"href":"https:\/\/revistaregional.com.br\/site\/wp-json\/wp\/v2\/posts\/2652","targetHints":{"allow":["GET"]}}],"collection":[{"href":"https:\/\/revistaregional.com.br\/site\/wp-json\/wp\/v2\/posts"}],"about":[{"href":"https:\/\/revistaregional.com.br\/site\/wp-json\/wp\/v2\/types\/post"}],"author":[{"embeddable":true,"href":"https:\/\/revistaregional.com.br\/site\/wp-json\/wp\/v2\/users\/1"}],"replies":[{"embeddable":true,"href":"https:\/\/revistaregional.com.br\/site\/wp-json\/wp\/v2\/comments?post=2652"}],"version-history":[{"count":5,"href":"https:\/\/revistaregional.com.br\/site\/wp-json\/wp\/v2\/posts\/2652\/revisions"}],"predecessor-version":[{"id":2706,"href":"https:\/\/revistaregional.com.br\/site\/wp-json\/wp\/v2\/posts\/2652\/revisions\/2706"}],"wp:featuredmedia":[{"embeddable":true,"href":"https:\/\/revistaregional.com.br\/site\/wp-json\/wp\/v2\/media\/2658"}],"wp:attachment":[{"href":"https:\/\/revistaregional.com.br\/site\/wp-json\/wp\/v2\/media?parent=2652"}],"wp:term":[{"taxonomy":"category","embeddable":true,"href":"https:\/\/revistaregional.com.br\/site\/wp-json\/wp\/v2\/categories?post=2652"},{"taxonomy":"post_tag","embeddable":true,"href":"https:\/\/revistaregional.com.br\/site\/wp-json\/wp\/v2\/tags?post=2652"}],"curies":[{"name":"wp","href":"https:\/\/api.w.org\/{rel}","templated":true}]}}