{"id":24348,"date":"2021-01-12T17:50:04","date_gmt":"2021-01-12T20:50:04","guid":{"rendered":"https:\/\/revistaregional.com.br\/site\/?p=24348"},"modified":"2024-01-26T10:15:17","modified_gmt":"2024-01-26T13:15:17","slug":"em-24h-regiao-soma-221-casos-de-covid-e-2-mortes","status":"publish","type":"post","link":"https:\/\/revistaregional.com.br\/site\/2021\/01\/12\/em-24h-regiao-soma-221-casos-de-covid-e-2-mortes\/","title":{"rendered":"Em 24h, regi\u00e3o soma 221 casos de covid e 2 mortes"},"content":{"rendered":"<ul>\n<li><strong><em>Maior n\u00famero di\u00e1rio de casos positivos foi em Itu: 94; <\/em><\/strong><\/li>\n<li><strong><em>Os 2 \u00f3bitos ocorreram em Salto e Itu; <\/em><\/strong><\/li>\n<li><strong><em>Indaiatuba tem 1.493 casos suspeitos; <\/em><\/strong><\/li>\n<li><strong><em>Governo do Estado divulgou efic\u00e1cia global da vacina Coronavac, que aguarda aprova\u00e7\u00e3o para uso emergencial ainda este m\u00eas<\/em><\/strong><\/li>\n<\/ul>\n<p>Nas \u00faltimas 24 horas, a regi\u00e3o somou mais 221 novos contaminados pelo coronav\u00edrus, conforme boletins divulgados nesta ter\u00e7a, 12 de janeiro, pelas Secretarias de Sa\u00fade de Itu, Salto e Indaiatuba.<\/p>\n<figure id=\"attachment_24349\" aria-describedby=\"caption-attachment-24349\" style=\"width: 636px\" class=\"wp-caption alignright\"><img fetchpriority=\"high\" decoding=\"async\" class=\"wp-image-24349\" src=\"https:\/\/revistaregional.com.br\/site\/wp-content\/uploads\/2021\/01\/app-12-jan-300x200.jpg\" alt=\"\" width=\"636\" height=\"424\" data-id=\"24349\" srcset=\"https:\/\/revistaregional.com.br\/site\/wp-content\/uploads\/2021\/01\/app-12-jan-300x200.jpg 300w, https:\/\/revistaregional.com.br\/site\/wp-content\/uploads\/2021\/01\/app-12-jan-150x100.jpg 150w, https:\/\/revistaregional.com.br\/site\/wp-content\/uploads\/2021\/01\/app-12-jan-272x182.jpg 272w, https:\/\/revistaregional.com.br\/site\/wp-content\/uploads\/2021\/01\/app-12-jan.jpg 626w\" sizes=\"(max-width: 636px) 100vw, 636px\" \/><figcaption id=\"caption-attachment-24349\" class=\"wp-caption-text\">Itu teve maior n\u00famero di\u00e1rio de novos casos de covid<\/figcaption><\/figure>\n<p>O maior n\u00famero di\u00e1rio foi registrado em Itu: 94 casos positivos. Com isso, a cidade soma 6.153 contaminados desde o in\u00edcio da pandemia, sendo que 142 pessoas morreram e 5.785 se recuperaram. Nesta ter\u00e7a, tamb\u00e9m foi confirmada mais uma morte pela doen\u00e7a: o paciente tinha 61 anos e estava internado em hospital local.<\/p>\n<p>Itu tem 400 suspeitos aguardando resultados de exames, 18 pacientes internados em leito cl\u00ednico e 12 em UTI. A taxa de ocupa\u00e7\u00e3o das UTIs est\u00e1 em 87,5% no Hospital Municipal e 50% no Hospital de Campanha.<\/p>\n<p>Em Indaiatuba, foram 75 novos casos de covid nas \u00faltimas 24 horas, mas sem mortes. Desde o in\u00edcio da pandemia, 12.147 pessoas contra\u00edram a doen\u00e7a no munic\u00edpio. Desses, 308 morreram e 11.792 s\u00e3o considerados curados ou est\u00e3o em recupera\u00e7\u00e3o domiciliar. H\u00e1 1.493 casos suspeitos aguardando resultados.<\/p>\n<p>Nesta ter\u00e7a, 12, h\u00e1 70 internados, dos quais 47 est\u00e3o confirmados para covid-19. Do total, 43 est\u00e3o em leitos cl\u00ednicos e 27 em UTI. A taxa de ocupa\u00e7\u00e3o das UTIs est\u00e1 em 46% no Haoc e 56% nos leitos externos contratados pela Prefeitura em Campinas. A UTI da rede privada, do Santa Ign\u00eas, voltou a ficar lotada.<\/p>\n<p>Salto tamb\u00e9m teve mais uma morte pela doen\u00e7a, segundo novo boletim divulgado pela Secretaria de Sa\u00fade. O paciente, de 84 anos, faleceu no dia 09, no Hospital Samaritano de Campinas, mas teve confirma\u00e7\u00e3o para covid apenas nesta ter\u00e7a.<\/p>\n<p>Nas \u00faltimas 24 horas, foram diagnosticados 52 casos positivos e o total foi a 4.650 contaminados desde o in\u00edcio do surto, sendo que 96 morreram e 4.542 se recuperaram. H\u00e1 386 suspeitos \u00e0 espera de resultados de exames, 10 internados, sendo 2 positivos e 1 suspeito em UTI e 2 pacientes em isolamento domiciliar. A taxa de ocupa\u00e7\u00e3o da UTI da rede p\u00fablica est\u00e1 em 50%. A situa\u00e7\u00e3o do hospital da rede privada n\u00e3o foi divulgada.<\/p>\n<p><strong>VACINA<\/strong><\/p>\n<p>O Instituto Butantan e o governo de S\u00e3o Paulo informaram na manh\u00e3 desta ter\u00e7a-feira que a vacina contra o coronav\u00edrus obteve 50,38% de efic\u00e1cia global no estudo cl\u00ednico desenvolvido no Brasil, al\u00e9m de prote\u00e7\u00e3o de 78% em casos leves e 100% contra casos moderados e graves da covid-19. Todos os \u00edndices s\u00e3o superiores ao patamar de 50% exigido pela OMS (Organiza\u00e7\u00e3o Mundial de Sa\u00fade).<\/p>\n<p>Os resultados foram submetidos a um comit\u00ea internacional independente e j\u00e1 est\u00e3o com a Anvisa (Ag\u00eancia Nacional de Vigil\u00e2ncia Sanit\u00e1ria), que analisa o pedido de uso emergencial do imunizante no Brasil. A pesquisa envolveu 16 centros de pesquisa cient\u00edfica em sete Estados e o Distrito Federal. O teste duplo cego, com aplica\u00e7\u00e3o da vacina em 50% dos volunt\u00e1rios e de placebo nos demais, envolveu 12,5 mil profissionais de sa\u00fade.<\/p>\n<p>\u201c\u00c9 uma excelente vacina esperando para ser usada em um pa\u00eds onde morrem, no momento, em torno de mil pessoas por dia. Esperamos que as autoridades entendam o momento e ajudar nossa popula\u00e7\u00e3o a receber as vacinas o mais rapidamente poss\u00edvel\u201d, afirmou o diretor do Instituto Butantan, Dimas Covas.<\/p>\n<p>\u201cOs dados s\u00e3o extremamente importantes no impacto da sa\u00fade p\u00fablica, impedindo que as pessoas adoe\u00e7am de forma grave e sobrecarreguem hospitais. \u00c9 a possibilidade de impedirmos que as pessoas morram\u201d, disse o secret\u00e1rio de Estado da Sa\u00fade, Jean Gorinchteyn. \u201cTemos uma vacina que foi testada na vida real, no meio de uma pandemia e naqueles que eram mais expostos\u201d, acrescentou.<\/p>\n<p>O estudo verificou que a menor taxa foi registrada em casos de infec\u00e7\u00f5es muito leves, considerados score 2 e verificados em pacientes que receberam placebo. De uma amostragem de 9,2 mil participantes, 85 dos casos muito leves foram de pessoas que receberam vacina, e 167 em volunt\u00e1rios que tomaram placebo.<\/p>\n<p>J\u00e1 o resultado de efic\u00e1cia dos casos leves, classificado como score 3, em pacientes que precisaram receber alguma assist\u00eancia, foi de 77,96%, sendo que sete pessoas haviam recebido a vacina, e outras 31, placebo.<\/p>\n<p>Para os casos moderados e graves que necessitaram de hospitaliza\u00e7\u00e3o, a efic\u00e1cia foi de 100%. Nenhum paciente infectado que recebeu a vacina do Butantan precisou de interna\u00e7\u00e3o. Entre os que tomaram placebo, houve sete pacientes que precisaram de interna\u00e7\u00e3o.<\/p>\n<p>Todo os volunt\u00e1rios s\u00e3o profissionais de sa\u00fade, com risco muito alto e cont\u00ednuo de exposi\u00e7\u00e3o ao coronav\u00edrus. Eles receberam duas doses da vacina, com intervalos de duas semanas entre cada aplica\u00e7\u00e3o. A pesquisa tamb\u00e9m demonstrou que o imunizante \u00e9 extremamente seguro \u2013 nenhuma rea\u00e7\u00e3o adversa grave foi registrada entre os participantes.<\/p>\n<p>A vacina \u00e9 desenvolvida pelo Butantan h\u00e1 pouco mais de seis meses, em parceria internacional com a biofarmac\u00eautica Sinovac Biotech, sediada em Pequim. O produto \u00e9 baseado na inativa\u00e7\u00e3o do v\u00edrus Sars-CoV-2 para induzir o sistema imunol\u00f3gico humano a reagir contra o agente causador da covid-19. A tecnologia \u00e9 similar \u00e0 de outras vacinas amplamente produzidas pelo instituto de S\u00e3o Paulo.<\/p>\n<p>Em novembro, a revista cient\u00edfica Lancet, uma das mais importantes no mundo, publicou os resultados de seguran\u00e7a da vacina do Butantan nas fases 1 e 2, realizados na China, com 744 volunt\u00e1rios. A publica\u00e7\u00e3o mostrou que o produto \u00e9 seguro e capaz de produzir resposta imune em 97% dos casos em at\u00e9 28 dias ap\u00f3s a aplica\u00e7\u00e3o.<\/p>\n<p>O Butantan j\u00e1 disp\u00f5e de 10,8 milh\u00f5es de doses da vacina em solo brasileiro. No final de mar\u00e7o, a carga total de imunizantes disponibilizados pelo instituto \u00e9 estimada em 46 milh\u00f5es de doses. O Plano Estadual de Imuniza\u00e7\u00e3o tem in\u00edcio previsto para o pr\u00f3ximo dia 25.<\/p>\n<p>&nbsp;<\/p>\n<p>foto: BIRF<\/p>\n","protected":false},"excerpt":{"rendered":"<p>Maior n\u00famero di\u00e1rio de casos positivos foi em Itu: 94; Os 2 \u00f3bitos ocorreram em Salto e Itu; Indaiatuba tem 1.493 casos suspeitos; Governo do Estado divulgou efic\u00e1cia global da vacina Coronavac, que aguarda aprova\u00e7\u00e3o para uso emergencial ainda este m\u00eas Nas \u00faltimas 24 horas, a regi\u00e3o somou mais 221 novos contaminados pelo coronav\u00edrus, conforme [&hellip;]<\/p>\n","protected":false},"author":1,"featured_media":24349,"comment_status":"closed","ping_status":"closed","sticky":false,"template":"","format":"standard","meta":{"_acf_changed":false,"ngg_post_thumbnail":0,"_joinchat":[],"footnotes":""},"categories":[449,12],"tags":[527],"class_list":["post-24348","post","type-post","status-publish","format-standard","has-post-thumbnail","hentry","category-destaque-lateral","category-regionais","tag-regionais"],"acf":[],"yoast_head":"<!-- This site is optimized with the Yoast SEO plugin v27.4 - https:\/\/yoast.com\/product\/yoast-seo-wordpress\/ -->\n<title>Em 24h, regi\u00e3o soma 221 casos de covid e 2 mortes - Revista Regional<\/title>\n<meta name=\"robots\" content=\"index, follow, max-snippet:-1, max-image-preview:large, max-video-preview:-1\" \/>\n<link rel=\"canonical\" href=\"https:\/\/revistaregional.com.br\/site\/2021\/01\/12\/em-24h-regiao-soma-221-casos-de-covid-e-2-mortes\/\" \/>\n<meta property=\"og:locale\" content=\"pt_BR\" \/>\n<meta property=\"og:type\" content=\"article\" \/>\n<meta property=\"og:title\" content=\"Em 24h, regi\u00e3o soma 221 casos de covid e 2 mortes - Revista Regional\" \/>\n<meta property=\"og:description\" content=\"Maior n\u00famero di\u00e1rio de casos positivos foi em Itu: 94; Os 2 \u00f3bitos ocorreram em Salto e Itu; Indaiatuba tem 1.493 casos suspeitos; Governo do Estado divulgou efic\u00e1cia global da vacina Coronavac, que aguarda aprova\u00e7\u00e3o para uso emergencial ainda este m\u00eas Nas \u00faltimas 24 horas, a regi\u00e3o somou mais 221 novos contaminados pelo coronav\u00edrus, conforme [&hellip;]\" \/>\n<meta property=\"og:url\" content=\"https:\/\/revistaregional.com.br\/site\/2021\/01\/12\/em-24h-regiao-soma-221-casos-de-covid-e-2-mortes\/\" \/>\n<meta property=\"og:site_name\" content=\"Revista Regional\" \/>\n<meta property=\"article:published_time\" content=\"2021-01-12T20:50:04+00:00\" \/>\n<meta property=\"article:modified_time\" content=\"2024-01-26T13:15:17+00:00\" \/>\n<meta property=\"og:image\" content=\"https:\/\/revistaregional.com.br\/site\/wp-content\/uploads\/2021\/01\/app-12-jan.jpg\" \/>\n\t<meta property=\"og:image:width\" content=\"626\" \/>\n\t<meta property=\"og:image:height\" content=\"417\" \/>\n\t<meta property=\"og:image:type\" content=\"image\/jpeg\" \/>\n<meta name=\"author\" content=\"contato@revistaregional.com.br\" \/>\n<meta name=\"twitter:card\" content=\"summary_large_image\" \/>\n<meta name=\"twitter:label1\" content=\"Escrito por\" \/>\n\t<meta name=\"twitter:data1\" content=\"contato@revistaregional.com.br\" \/>\n\t<meta name=\"twitter:label2\" content=\"Est. tempo de leitura\" \/>\n\t<meta name=\"twitter:data2\" content=\"5 minutos\" \/>\n<script type=\"application\/ld+json\" class=\"yoast-schema-graph\">{\"@context\":\"https:\\\/\\\/schema.org\",\"@graph\":[{\"@type\":\"Article\",\"@id\":\"https:\\\/\\\/revistaregional.com.br\\\/site\\\/2021\\\/01\\\/12\\\/em-24h-regiao-soma-221-casos-de-covid-e-2-mortes\\\/#article\",\"isPartOf\":{\"@id\":\"https:\\\/\\\/revistaregional.com.br\\\/site\\\/2021\\\/01\\\/12\\\/em-24h-regiao-soma-221-casos-de-covid-e-2-mortes\\\/\"},\"author\":{\"name\":\"contato@revistaregional.com.br\",\"@id\":\"https:\\\/\\\/revistaregional.com.br\\\/site\\\/#\\\/schema\\\/person\\\/382af97c580dc1b18f55107bc316010d\"},\"headline\":\"Em 24h, regi\u00e3o soma 221 casos de covid e 2 mortes\",\"datePublished\":\"2021-01-12T20:50:04+00:00\",\"dateModified\":\"2024-01-26T13:15:17+00:00\",\"mainEntityOfPage\":{\"@id\":\"https:\\\/\\\/revistaregional.com.br\\\/site\\\/2021\\\/01\\\/12\\\/em-24h-regiao-soma-221-casos-de-covid-e-2-mortes\\\/\"},\"wordCount\":1016,\"image\":{\"@id\":\"https:\\\/\\\/revistaregional.com.br\\\/site\\\/2021\\\/01\\\/12\\\/em-24h-regiao-soma-221-casos-de-covid-e-2-mortes\\\/#primaryimage\"},\"thumbnailUrl\":\"https:\\\/\\\/revistaregional.com.br\\\/site\\\/wp-content\\\/uploads\\\/2021\\\/01\\\/app-12-jan.jpg\",\"keywords\":[\"Regionais\"],\"articleSection\":[\"Destaque Lateral\",\"Regionais\"],\"inLanguage\":\"pt-BR\"},{\"@type\":\"WebPage\",\"@id\":\"https:\\\/\\\/revistaregional.com.br\\\/site\\\/2021\\\/01\\\/12\\\/em-24h-regiao-soma-221-casos-de-covid-e-2-mortes\\\/\",\"url\":\"https:\\\/\\\/revistaregional.com.br\\\/site\\\/2021\\\/01\\\/12\\\/em-24h-regiao-soma-221-casos-de-covid-e-2-mortes\\\/\",\"name\":\"Em 24h, regi\u00e3o soma 221 casos de covid e 2 mortes - Revista Regional\",\"isPartOf\":{\"@id\":\"https:\\\/\\\/revistaregional.com.br\\\/site\\\/#website\"},\"primaryImageOfPage\":{\"@id\":\"https:\\\/\\\/revistaregional.com.br\\\/site\\\/2021\\\/01\\\/12\\\/em-24h-regiao-soma-221-casos-de-covid-e-2-mortes\\\/#primaryimage\"},\"image\":{\"@id\":\"https:\\\/\\\/revistaregional.com.br\\\/site\\\/2021\\\/01\\\/12\\\/em-24h-regiao-soma-221-casos-de-covid-e-2-mortes\\\/#primaryimage\"},\"thumbnailUrl\":\"https:\\\/\\\/revistaregional.com.br\\\/site\\\/wp-content\\\/uploads\\\/2021\\\/01\\\/app-12-jan.jpg\",\"datePublished\":\"2021-01-12T20:50:04+00:00\",\"dateModified\":\"2024-01-26T13:15:17+00:00\",\"author\":{\"@id\":\"https:\\\/\\\/revistaregional.com.br\\\/site\\\/#\\\/schema\\\/person\\\/382af97c580dc1b18f55107bc316010d\"},\"breadcrumb\":{\"@id\":\"https:\\\/\\\/revistaregional.com.br\\\/site\\\/2021\\\/01\\\/12\\\/em-24h-regiao-soma-221-casos-de-covid-e-2-mortes\\\/#breadcrumb\"},\"inLanguage\":\"pt-BR\",\"potentialAction\":[{\"@type\":\"ReadAction\",\"target\":[\"https:\\\/\\\/revistaregional.com.br\\\/site\\\/2021\\\/01\\\/12\\\/em-24h-regiao-soma-221-casos-de-covid-e-2-mortes\\\/\"]}]},{\"@type\":\"ImageObject\",\"inLanguage\":\"pt-BR\",\"@id\":\"https:\\\/\\\/revistaregional.com.br\\\/site\\\/2021\\\/01\\\/12\\\/em-24h-regiao-soma-221-casos-de-covid-e-2-mortes\\\/#primaryimage\",\"url\":\"https:\\\/\\\/revistaregional.com.br\\\/site\\\/wp-content\\\/uploads\\\/2021\\\/01\\\/app-12-jan.jpg\",\"contentUrl\":\"https:\\\/\\\/revistaregional.com.br\\\/site\\\/wp-content\\\/uploads\\\/2021\\\/01\\\/app-12-jan.jpg\",\"width\":626,\"height\":417},{\"@type\":\"BreadcrumbList\",\"@id\":\"https:\\\/\\\/revistaregional.com.br\\\/site\\\/2021\\\/01\\\/12\\\/em-24h-regiao-soma-221-casos-de-covid-e-2-mortes\\\/#breadcrumb\",\"itemListElement\":[{\"@type\":\"ListItem\",\"position\":1,\"name\":\"In\u00edcio\",\"item\":\"https:\\\/\\\/revistaregional.com.br\\\/site\\\/\"},{\"@type\":\"ListItem\",\"position\":2,\"name\":\"Em 24h, regi\u00e3o soma 221 casos de covid e 2 mortes\"}]},{\"@type\":\"WebSite\",\"@id\":\"https:\\\/\\\/revistaregional.com.br\\\/site\\\/#website\",\"url\":\"https:\\\/\\\/revistaregional.com.br\\\/site\\\/\",\"name\":\"Revista Regional\",\"description\":\"Salto - Itu - Indaituba\",\"potentialAction\":[{\"@type\":\"SearchAction\",\"target\":{\"@type\":\"EntryPoint\",\"urlTemplate\":\"https:\\\/\\\/revistaregional.com.br\\\/site\\\/?s={search_term_string}\"},\"query-input\":{\"@type\":\"PropertyValueSpecification\",\"valueRequired\":true,\"valueName\":\"search_term_string\"}}],\"inLanguage\":\"pt-BR\"},{\"@type\":\"Person\",\"@id\":\"https:\\\/\\\/revistaregional.com.br\\\/site\\\/#\\\/schema\\\/person\\\/382af97c580dc1b18f55107bc316010d\",\"name\":\"contato@revistaregional.com.br\",\"image\":{\"@type\":\"ImageObject\",\"inLanguage\":\"pt-BR\",\"@id\":\"https:\\\/\\\/secure.gravatar.com\\\/avatar\\\/869822917e96b2e292d5827e4635855396934485e7c4a0af84e9a214e32ca0cd?s=96&d=mm&r=g\",\"url\":\"https:\\\/\\\/secure.gravatar.com\\\/avatar\\\/869822917e96b2e292d5827e4635855396934485e7c4a0af84e9a214e32ca0cd?s=96&d=mm&r=g\",\"contentUrl\":\"https:\\\/\\\/secure.gravatar.com\\\/avatar\\\/869822917e96b2e292d5827e4635855396934485e7c4a0af84e9a214e32ca0cd?s=96&d=mm&r=g\",\"caption\":\"contato@revistaregional.com.br\"},\"url\":\"https:\\\/\\\/revistaregional.com.br\\\/site\\\/author\\\/contato@revistaregional.com.br\\\/\"}]}<\/script>\n<!-- \/ Yoast SEO plugin. -->","yoast_head_json":{"title":"Em 24h, regi\u00e3o soma 221 casos de covid e 2 mortes - Revista Regional","robots":{"index":"index","follow":"follow","max-snippet":"max-snippet:-1","max-image-preview":"max-image-preview:large","max-video-preview":"max-video-preview:-1"},"canonical":"https:\/\/revistaregional.com.br\/site\/2021\/01\/12\/em-24h-regiao-soma-221-casos-de-covid-e-2-mortes\/","og_locale":"pt_BR","og_type":"article","og_title":"Em 24h, regi\u00e3o soma 221 casos de covid e 2 mortes - Revista Regional","og_description":"Maior n\u00famero di\u00e1rio de casos positivos foi em Itu: 94; Os 2 \u00f3bitos ocorreram em Salto e Itu; Indaiatuba tem 1.493 casos suspeitos; Governo do Estado divulgou efic\u00e1cia global da vacina Coronavac, que aguarda aprova\u00e7\u00e3o para uso emergencial ainda este m\u00eas Nas \u00faltimas 24 horas, a regi\u00e3o somou mais 221 novos contaminados pelo coronav\u00edrus, conforme [&hellip;]","og_url":"https:\/\/revistaregional.com.br\/site\/2021\/01\/12\/em-24h-regiao-soma-221-casos-de-covid-e-2-mortes\/","og_site_name":"Revista Regional","article_published_time":"2021-01-12T20:50:04+00:00","article_modified_time":"2024-01-26T13:15:17+00:00","og_image":[{"width":626,"height":417,"url":"https:\/\/revistaregional.com.br\/site\/wp-content\/uploads\/2021\/01\/app-12-jan.jpg","type":"image\/jpeg"}],"author":"contato@revistaregional.com.br","twitter_card":"summary_large_image","twitter_misc":{"Escrito por":"contato@revistaregional.com.br","Est. tempo de leitura":"5 minutos"},"schema":{"@context":"https:\/\/schema.org","@graph":[{"@type":"Article","@id":"https:\/\/revistaregional.com.br\/site\/2021\/01\/12\/em-24h-regiao-soma-221-casos-de-covid-e-2-mortes\/#article","isPartOf":{"@id":"https:\/\/revistaregional.com.br\/site\/2021\/01\/12\/em-24h-regiao-soma-221-casos-de-covid-e-2-mortes\/"},"author":{"name":"contato@revistaregional.com.br","@id":"https:\/\/revistaregional.com.br\/site\/#\/schema\/person\/382af97c580dc1b18f55107bc316010d"},"headline":"Em 24h, regi\u00e3o soma 221 casos de covid e 2 mortes","datePublished":"2021-01-12T20:50:04+00:00","dateModified":"2024-01-26T13:15:17+00:00","mainEntityOfPage":{"@id":"https:\/\/revistaregional.com.br\/site\/2021\/01\/12\/em-24h-regiao-soma-221-casos-de-covid-e-2-mortes\/"},"wordCount":1016,"image":{"@id":"https:\/\/revistaregional.com.br\/site\/2021\/01\/12\/em-24h-regiao-soma-221-casos-de-covid-e-2-mortes\/#primaryimage"},"thumbnailUrl":"https:\/\/revistaregional.com.br\/site\/wp-content\/uploads\/2021\/01\/app-12-jan.jpg","keywords":["Regionais"],"articleSection":["Destaque Lateral","Regionais"],"inLanguage":"pt-BR"},{"@type":"WebPage","@id":"https:\/\/revistaregional.com.br\/site\/2021\/01\/12\/em-24h-regiao-soma-221-casos-de-covid-e-2-mortes\/","url":"https:\/\/revistaregional.com.br\/site\/2021\/01\/12\/em-24h-regiao-soma-221-casos-de-covid-e-2-mortes\/","name":"Em 24h, regi\u00e3o soma 221 casos de covid e 2 mortes - Revista Regional","isPartOf":{"@id":"https:\/\/revistaregional.com.br\/site\/#website"},"primaryImageOfPage":{"@id":"https:\/\/revistaregional.com.br\/site\/2021\/01\/12\/em-24h-regiao-soma-221-casos-de-covid-e-2-mortes\/#primaryimage"},"image":{"@id":"https:\/\/revistaregional.com.br\/site\/2021\/01\/12\/em-24h-regiao-soma-221-casos-de-covid-e-2-mortes\/#primaryimage"},"thumbnailUrl":"https:\/\/revistaregional.com.br\/site\/wp-content\/uploads\/2021\/01\/app-12-jan.jpg","datePublished":"2021-01-12T20:50:04+00:00","dateModified":"2024-01-26T13:15:17+00:00","author":{"@id":"https:\/\/revistaregional.com.br\/site\/#\/schema\/person\/382af97c580dc1b18f55107bc316010d"},"breadcrumb":{"@id":"https:\/\/revistaregional.com.br\/site\/2021\/01\/12\/em-24h-regiao-soma-221-casos-de-covid-e-2-mortes\/#breadcrumb"},"inLanguage":"pt-BR","potentialAction":[{"@type":"ReadAction","target":["https:\/\/revistaregional.com.br\/site\/2021\/01\/12\/em-24h-regiao-soma-221-casos-de-covid-e-2-mortes\/"]}]},{"@type":"ImageObject","inLanguage":"pt-BR","@id":"https:\/\/revistaregional.com.br\/site\/2021\/01\/12\/em-24h-regiao-soma-221-casos-de-covid-e-2-mortes\/#primaryimage","url":"https:\/\/revistaregional.com.br\/site\/wp-content\/uploads\/2021\/01\/app-12-jan.jpg","contentUrl":"https:\/\/revistaregional.com.br\/site\/wp-content\/uploads\/2021\/01\/app-12-jan.jpg","width":626,"height":417},{"@type":"BreadcrumbList","@id":"https:\/\/revistaregional.com.br\/site\/2021\/01\/12\/em-24h-regiao-soma-221-casos-de-covid-e-2-mortes\/#breadcrumb","itemListElement":[{"@type":"ListItem","position":1,"name":"In\u00edcio","item":"https:\/\/revistaregional.com.br\/site\/"},{"@type":"ListItem","position":2,"name":"Em 24h, regi\u00e3o soma 221 casos de covid e 2 mortes"}]},{"@type":"WebSite","@id":"https:\/\/revistaregional.com.br\/site\/#website","url":"https:\/\/revistaregional.com.br\/site\/","name":"Revista Regional","description":"Salto - Itu - Indaituba","potentialAction":[{"@type":"SearchAction","target":{"@type":"EntryPoint","urlTemplate":"https:\/\/revistaregional.com.br\/site\/?s={search_term_string}"},"query-input":{"@type":"PropertyValueSpecification","valueRequired":true,"valueName":"search_term_string"}}],"inLanguage":"pt-BR"},{"@type":"Person","@id":"https:\/\/revistaregional.com.br\/site\/#\/schema\/person\/382af97c580dc1b18f55107bc316010d","name":"contato@revistaregional.com.br","image":{"@type":"ImageObject","inLanguage":"pt-BR","@id":"https:\/\/secure.gravatar.com\/avatar\/869822917e96b2e292d5827e4635855396934485e7c4a0af84e9a214e32ca0cd?s=96&d=mm&r=g","url":"https:\/\/secure.gravatar.com\/avatar\/869822917e96b2e292d5827e4635855396934485e7c4a0af84e9a214e32ca0cd?s=96&d=mm&r=g","contentUrl":"https:\/\/secure.gravatar.com\/avatar\/869822917e96b2e292d5827e4635855396934485e7c4a0af84e9a214e32ca0cd?s=96&d=mm&r=g","caption":"contato@revistaregional.com.br"},"url":"https:\/\/revistaregional.com.br\/site\/author\/contato@revistaregional.com.br\/"}]}},"views":75,"_links":{"self":[{"href":"https:\/\/revistaregional.com.br\/site\/wp-json\/wp\/v2\/posts\/24348","targetHints":{"allow":["GET"]}}],"collection":[{"href":"https:\/\/revistaregional.com.br\/site\/wp-json\/wp\/v2\/posts"}],"about":[{"href":"https:\/\/revistaregional.com.br\/site\/wp-json\/wp\/v2\/types\/post"}],"author":[{"embeddable":true,"href":"https:\/\/revistaregional.com.br\/site\/wp-json\/wp\/v2\/users\/1"}],"replies":[{"embeddable":true,"href":"https:\/\/revistaregional.com.br\/site\/wp-json\/wp\/v2\/comments?post=24348"}],"version-history":[{"count":1,"href":"https:\/\/revistaregional.com.br\/site\/wp-json\/wp\/v2\/posts\/24348\/revisions"}],"predecessor-version":[{"id":24350,"href":"https:\/\/revistaregional.com.br\/site\/wp-json\/wp\/v2\/posts\/24348\/revisions\/24350"}],"wp:featuredmedia":[{"embeddable":true,"href":"https:\/\/revistaregional.com.br\/site\/wp-json\/wp\/v2\/media\/24349"}],"wp:attachment":[{"href":"https:\/\/revistaregional.com.br\/site\/wp-json\/wp\/v2\/media?parent=24348"}],"wp:term":[{"taxonomy":"category","embeddable":true,"href":"https:\/\/revistaregional.com.br\/site\/wp-json\/wp\/v2\/categories?post=24348"},{"taxonomy":"post_tag","embeddable":true,"href":"https:\/\/revistaregional.com.br\/site\/wp-json\/wp\/v2\/tags?post=24348"}],"curies":[{"name":"wp","href":"https:\/\/api.w.org\/{rel}","templated":true}]}}