{"id":24344,"date":"2021-01-11T17:52:35","date_gmt":"2021-01-11T20:52:35","guid":{"rendered":"https:\/\/revistaregional.com.br\/site\/?p=24344"},"modified":"2024-01-26T10:15:18","modified_gmt":"2024-01-26T13:15:18","slug":"regiao-soma-mais-6-mortes-por-covid","status":"publish","type":"post","link":"https:\/\/revistaregional.com.br\/site\/2021\/01\/11\/regiao-soma-mais-6-mortes-por-covid\/","title":{"rendered":"Regi\u00e3o soma mais 6 mortes por covid"},"content":{"rendered":"<ul>\n<li><strong><em>Foram 3 em Itu e 3 em Indaiatuba durante o final de semana; <\/em><\/strong><\/li>\n<li><strong><em>H\u00e1 novos casos de contaminados em toda a regi\u00e3o; <\/em><\/strong><\/li>\n<li><strong><em>Veja a atualiza\u00e7\u00e3o da pandemia nesta segunda, 11 de janeiro<\/em><\/strong><\/li>\n<\/ul>\n<p>As cidades da \u00e1rea de cobertura da Revista Regional registraram mais 6 mortes por covid durante o final de semana, conforme boletins epidemiol\u00f3gicos divulgados nesta segunda-feira, 11 de janeiro pelas Secretarias de Sa\u00fade da regi\u00e3o. Foram 3 \u00f3bitos em Itu e mais 3 em Indaiatuba.<\/p>\n<figure id=\"attachment_24345\" aria-describedby=\"caption-attachment-24345\" style=\"width: 582px\" class=\"wp-caption alignright\"><img fetchpriority=\"high\" decoding=\"async\" class=\" wp-image-24345\" src=\"https:\/\/revistaregional.com.br\/site\/wp-content\/uploads\/2021\/01\/app-11-jan-300x146.jpg\" alt=\"\" width=\"582\" height=\"283\" data-id=\"24345\" srcset=\"https:\/\/revistaregional.com.br\/site\/wp-content\/uploads\/2021\/01\/app-11-jan-300x146.jpg 300w, https:\/\/revistaregional.com.br\/site\/wp-content\/uploads\/2021\/01\/app-11-jan-150x73.jpg 150w, https:\/\/revistaregional.com.br\/site\/wp-content\/uploads\/2021\/01\/app-11-jan.jpg 615w\" sizes=\"(max-width: 582px) 100vw, 582px\" \/><figcaption id=\"caption-attachment-24345\" class=\"wp-caption-text\">Mais 6 mortes por covid na regi\u00e3o<\/figcaption><\/figure>\n<p>Em Itu, as v\u00edtimas foram duas mulheres, com 79 e 76 anos, e um homem de 46. Todos estavam internados em hospitais locais. A Secretaria Municipal de Sa\u00fade informou ainda que foram confirmados mais 111 casos positivos de covid no per\u00edodo de s\u00e1bado, 09, a segunda, 11. Com isso, a cidade atingiu a marca de 6.059 infectados desde o in\u00edcio da pandemia, sendo que 141 pacientes morreram e 5.687 se recuperaram. H\u00e1 388 suspeitos aguardando resultados de exames, 19 pacientes internados em leitos cl\u00ednicos e 12 em UTI.<\/p>\n<p>O Hospital Municipal que estava lotado na \u00faltima semana est\u00e1 com taxa de ocupa\u00e7\u00e3o de 87,5% em sua UTI e Enfermaria nesta segunda-feira, 11. J\u00e1 a UTI do Hospital de Campanha, que ganhou mais 4 leitos extras, est\u00e1 com 50% de ocupa\u00e7\u00e3o.<\/p>\n<p>Em Indaiatuba, foram 3 mortes por covid no fim de semana. Todas aconteceram no Haoc (Hospital Augusto de Oliveira Camargo): uma mulher de 39 anos, internada desde o dia 20 de dezembro; outra de 79, hospitalizada em 18 de dezembro; e um paciente de 73 anos que estava internado desde 28 de dezembro.<\/p>\n<p>Desde o in\u00edcio da pandemia, 12.072 pessoas contra\u00edram a doen\u00e7a em Indaiatuba, sendo 208 nos \u00faltimos tr\u00eas dias. Desses, 308 morreram e 11.720 s\u00e3o considerados curados ou est\u00e3o em recupera\u00e7\u00e3o domiciliar. H\u00e1 1.410 casos suspeitos aguardando resultados.<\/p>\n<p>Nesta segunda, 11, h\u00e1 72 internados, dos quais 44 est\u00e3o confirmados para covid-19. Do total, 44 est\u00e3o em leitos cl\u00ednicos e 28 em UTI. A taxa de ocupa\u00e7\u00e3o dos leitos das UTIs \u00e9 a seguinte: 50% no Haoc; 86% no Santa Ign\u00eas; e 63% nos leitos externos contratados em Campinas.<\/p>\n<p>Em Salto, segundo novo boletim divulgado pela Secretaria de Sa\u00fade, foram confirmados 42 casos positivos no fim de semana, mas sem mortes pela doen\u00e7a. O total foi a 4.556 contaminados desde o in\u00edcio do surto, sendo que 95 morreram e 4.494 se recuperaram. H\u00e1 384 suspeitos \u00e0 espera de resultados de exames, 7 internados, sendo 2 positivos e 1 suspeito em UTI e 2 pacientes em isolamento domiciliar. A taxa de ocupa\u00e7\u00e3o da UTI da rede p\u00fablica est\u00e1 em 50%. A situa\u00e7\u00e3o do hospital da rede privada n\u00e3o foi divulgada.<\/p>\n<p>&nbsp;<\/p>\n<p>foto: BIRF<\/p>\n","protected":false},"excerpt":{"rendered":"<p>Foram 3 em Itu e 3 em Indaiatuba durante o final de semana; H\u00e1 novos casos de contaminados em toda a regi\u00e3o; Veja a atualiza\u00e7\u00e3o da pandemia nesta segunda, 11 de janeiro As cidades da \u00e1rea de cobertura da Revista Regional registraram mais 6 mortes por covid durante o final de semana, conforme boletins epidemiol\u00f3gicos [&hellip;]<\/p>\n","protected":false},"author":1,"featured_media":24345,"comment_status":"closed","ping_status":"closed","sticky":false,"template":"","format":"standard","meta":{"_acf_changed":false,"ngg_post_thumbnail":0,"_joinchat":[],"footnotes":""},"categories":[449,12],"tags":[527],"class_list":["post-24344","post","type-post","status-publish","format-standard","has-post-thumbnail","hentry","category-destaque-lateral","category-regionais","tag-regionais"],"acf":[],"yoast_head":"<!-- This site is optimized with the Yoast SEO plugin v27.4 - https:\/\/yoast.com\/product\/yoast-seo-wordpress\/ -->\n<title>Regi\u00e3o soma mais 6 mortes por covid - Revista Regional<\/title>\n<meta name=\"robots\" content=\"index, follow, max-snippet:-1, max-image-preview:large, max-video-preview:-1\" \/>\n<link rel=\"canonical\" href=\"https:\/\/revistaregional.com.br\/site\/2021\/01\/11\/regiao-soma-mais-6-mortes-por-covid\/\" \/>\n<meta property=\"og:locale\" content=\"pt_BR\" \/>\n<meta property=\"og:type\" content=\"article\" \/>\n<meta property=\"og:title\" content=\"Regi\u00e3o soma mais 6 mortes por covid - Revista Regional\" \/>\n<meta property=\"og:description\" content=\"Foram 3 em Itu e 3 em Indaiatuba durante o final de semana; H\u00e1 novos casos de contaminados em toda a regi\u00e3o; Veja a atualiza\u00e7\u00e3o da pandemia nesta segunda, 11 de janeiro As cidades da \u00e1rea de cobertura da Revista Regional registraram mais 6 mortes por covid durante o final de semana, conforme boletins epidemiol\u00f3gicos [&hellip;]\" \/>\n<meta property=\"og:url\" content=\"https:\/\/revistaregional.com.br\/site\/2021\/01\/11\/regiao-soma-mais-6-mortes-por-covid\/\" \/>\n<meta property=\"og:site_name\" content=\"Revista Regional\" \/>\n<meta property=\"article:published_time\" content=\"2021-01-11T20:52:35+00:00\" \/>\n<meta property=\"article:modified_time\" content=\"2024-01-26T13:15:18+00:00\" \/>\n<meta property=\"og:image\" content=\"https:\/\/revistaregional.com.br\/site\/wp-content\/uploads\/2021\/01\/app-11-jan.jpg\" \/>\n\t<meta property=\"og:image:width\" content=\"615\" \/>\n\t<meta property=\"og:image:height\" content=\"300\" \/>\n\t<meta property=\"og:image:type\" content=\"image\/jpeg\" \/>\n<meta name=\"author\" content=\"contato@revistaregional.com.br\" \/>\n<meta name=\"twitter:card\" content=\"summary_large_image\" \/>\n<meta name=\"twitter:label1\" content=\"Escrito por\" \/>\n\t<meta name=\"twitter:data1\" content=\"contato@revistaregional.com.br\" \/>\n\t<meta name=\"twitter:label2\" content=\"Est. tempo de leitura\" \/>\n\t<meta name=\"twitter:data2\" content=\"2 minutos\" \/>\n<script type=\"application\/ld+json\" class=\"yoast-schema-graph\">{\"@context\":\"https:\\\/\\\/schema.org\",\"@graph\":[{\"@type\":\"Article\",\"@id\":\"https:\\\/\\\/revistaregional.com.br\\\/site\\\/2021\\\/01\\\/11\\\/regiao-soma-mais-6-mortes-por-covid\\\/#article\",\"isPartOf\":{\"@id\":\"https:\\\/\\\/revistaregional.com.br\\\/site\\\/2021\\\/01\\\/11\\\/regiao-soma-mais-6-mortes-por-covid\\\/\"},\"author\":{\"name\":\"contato@revistaregional.com.br\",\"@id\":\"https:\\\/\\\/revistaregional.com.br\\\/site\\\/#\\\/schema\\\/person\\\/382af97c580dc1b18f55107bc316010d\"},\"headline\":\"Regi\u00e3o soma mais 6 mortes por covid\",\"datePublished\":\"2021-01-11T20:52:35+00:00\",\"dateModified\":\"2024-01-26T13:15:18+00:00\",\"mainEntityOfPage\":{\"@id\":\"https:\\\/\\\/revistaregional.com.br\\\/site\\\/2021\\\/01\\\/11\\\/regiao-soma-mais-6-mortes-por-covid\\\/\"},\"wordCount\":438,\"image\":{\"@id\":\"https:\\\/\\\/revistaregional.com.br\\\/site\\\/2021\\\/01\\\/11\\\/regiao-soma-mais-6-mortes-por-covid\\\/#primaryimage\"},\"thumbnailUrl\":\"https:\\\/\\\/revistaregional.com.br\\\/site\\\/wp-content\\\/uploads\\\/2021\\\/01\\\/app-11-jan.jpg\",\"keywords\":[\"Regionais\"],\"articleSection\":[\"Destaque Lateral\",\"Regionais\"],\"inLanguage\":\"pt-BR\"},{\"@type\":\"WebPage\",\"@id\":\"https:\\\/\\\/revistaregional.com.br\\\/site\\\/2021\\\/01\\\/11\\\/regiao-soma-mais-6-mortes-por-covid\\\/\",\"url\":\"https:\\\/\\\/revistaregional.com.br\\\/site\\\/2021\\\/01\\\/11\\\/regiao-soma-mais-6-mortes-por-covid\\\/\",\"name\":\"Regi\u00e3o soma mais 6 mortes por covid - Revista Regional\",\"isPartOf\":{\"@id\":\"https:\\\/\\\/revistaregional.com.br\\\/site\\\/#website\"},\"primaryImageOfPage\":{\"@id\":\"https:\\\/\\\/revistaregional.com.br\\\/site\\\/2021\\\/01\\\/11\\\/regiao-soma-mais-6-mortes-por-covid\\\/#primaryimage\"},\"image\":{\"@id\":\"https:\\\/\\\/revistaregional.com.br\\\/site\\\/2021\\\/01\\\/11\\\/regiao-soma-mais-6-mortes-por-covid\\\/#primaryimage\"},\"thumbnailUrl\":\"https:\\\/\\\/revistaregional.com.br\\\/site\\\/wp-content\\\/uploads\\\/2021\\\/01\\\/app-11-jan.jpg\",\"datePublished\":\"2021-01-11T20:52:35+00:00\",\"dateModified\":\"2024-01-26T13:15:18+00:00\",\"author\":{\"@id\":\"https:\\\/\\\/revistaregional.com.br\\\/site\\\/#\\\/schema\\\/person\\\/382af97c580dc1b18f55107bc316010d\"},\"breadcrumb\":{\"@id\":\"https:\\\/\\\/revistaregional.com.br\\\/site\\\/2021\\\/01\\\/11\\\/regiao-soma-mais-6-mortes-por-covid\\\/#breadcrumb\"},\"inLanguage\":\"pt-BR\",\"potentialAction\":[{\"@type\":\"ReadAction\",\"target\":[\"https:\\\/\\\/revistaregional.com.br\\\/site\\\/2021\\\/01\\\/11\\\/regiao-soma-mais-6-mortes-por-covid\\\/\"]}]},{\"@type\":\"ImageObject\",\"inLanguage\":\"pt-BR\",\"@id\":\"https:\\\/\\\/revistaregional.com.br\\\/site\\\/2021\\\/01\\\/11\\\/regiao-soma-mais-6-mortes-por-covid\\\/#primaryimage\",\"url\":\"https:\\\/\\\/revistaregional.com.br\\\/site\\\/wp-content\\\/uploads\\\/2021\\\/01\\\/app-11-jan.jpg\",\"contentUrl\":\"https:\\\/\\\/revistaregional.com.br\\\/site\\\/wp-content\\\/uploads\\\/2021\\\/01\\\/app-11-jan.jpg\",\"width\":615,\"height\":300,\"caption\":\"Mais 6 mortes por covid na regi\u00e3o\"},{\"@type\":\"BreadcrumbList\",\"@id\":\"https:\\\/\\\/revistaregional.com.br\\\/site\\\/2021\\\/01\\\/11\\\/regiao-soma-mais-6-mortes-por-covid\\\/#breadcrumb\",\"itemListElement\":[{\"@type\":\"ListItem\",\"position\":1,\"name\":\"In\u00edcio\",\"item\":\"https:\\\/\\\/revistaregional.com.br\\\/site\\\/\"},{\"@type\":\"ListItem\",\"position\":2,\"name\":\"Regi\u00e3o soma mais 6 mortes por covid\"}]},{\"@type\":\"WebSite\",\"@id\":\"https:\\\/\\\/revistaregional.com.br\\\/site\\\/#website\",\"url\":\"https:\\\/\\\/revistaregional.com.br\\\/site\\\/\",\"name\":\"Revista Regional\",\"description\":\"Salto - Itu - Indaituba\",\"potentialAction\":[{\"@type\":\"SearchAction\",\"target\":{\"@type\":\"EntryPoint\",\"urlTemplate\":\"https:\\\/\\\/revistaregional.com.br\\\/site\\\/?s={search_term_string}\"},\"query-input\":{\"@type\":\"PropertyValueSpecification\",\"valueRequired\":true,\"valueName\":\"search_term_string\"}}],\"inLanguage\":\"pt-BR\"},{\"@type\":\"Person\",\"@id\":\"https:\\\/\\\/revistaregional.com.br\\\/site\\\/#\\\/schema\\\/person\\\/382af97c580dc1b18f55107bc316010d\",\"name\":\"contato@revistaregional.com.br\",\"image\":{\"@type\":\"ImageObject\",\"inLanguage\":\"pt-BR\",\"@id\":\"https:\\\/\\\/secure.gravatar.com\\\/avatar\\\/869822917e96b2e292d5827e4635855396934485e7c4a0af84e9a214e32ca0cd?s=96&d=mm&r=g\",\"url\":\"https:\\\/\\\/secure.gravatar.com\\\/avatar\\\/869822917e96b2e292d5827e4635855396934485e7c4a0af84e9a214e32ca0cd?s=96&d=mm&r=g\",\"contentUrl\":\"https:\\\/\\\/secure.gravatar.com\\\/avatar\\\/869822917e96b2e292d5827e4635855396934485e7c4a0af84e9a214e32ca0cd?s=96&d=mm&r=g\",\"caption\":\"contato@revistaregional.com.br\"},\"url\":\"https:\\\/\\\/revistaregional.com.br\\\/site\\\/author\\\/contato@revistaregional.com.br\\\/\"}]}<\/script>\n<!-- \/ Yoast SEO plugin. -->","yoast_head_json":{"title":"Regi\u00e3o soma mais 6 mortes por covid - Revista Regional","robots":{"index":"index","follow":"follow","max-snippet":"max-snippet:-1","max-image-preview":"max-image-preview:large","max-video-preview":"max-video-preview:-1"},"canonical":"https:\/\/revistaregional.com.br\/site\/2021\/01\/11\/regiao-soma-mais-6-mortes-por-covid\/","og_locale":"pt_BR","og_type":"article","og_title":"Regi\u00e3o soma mais 6 mortes por covid - Revista Regional","og_description":"Foram 3 em Itu e 3 em Indaiatuba durante o final de semana; H\u00e1 novos casos de contaminados em toda a regi\u00e3o; Veja a atualiza\u00e7\u00e3o da pandemia nesta segunda, 11 de janeiro As cidades da \u00e1rea de cobertura da Revista Regional registraram mais 6 mortes por covid durante o final de semana, conforme boletins epidemiol\u00f3gicos [&hellip;]","og_url":"https:\/\/revistaregional.com.br\/site\/2021\/01\/11\/regiao-soma-mais-6-mortes-por-covid\/","og_site_name":"Revista Regional","article_published_time":"2021-01-11T20:52:35+00:00","article_modified_time":"2024-01-26T13:15:18+00:00","og_image":[{"width":615,"height":300,"url":"https:\/\/revistaregional.com.br\/site\/wp-content\/uploads\/2021\/01\/app-11-jan.jpg","type":"image\/jpeg"}],"author":"contato@revistaregional.com.br","twitter_card":"summary_large_image","twitter_misc":{"Escrito por":"contato@revistaregional.com.br","Est. tempo de leitura":"2 minutos"},"schema":{"@context":"https:\/\/schema.org","@graph":[{"@type":"Article","@id":"https:\/\/revistaregional.com.br\/site\/2021\/01\/11\/regiao-soma-mais-6-mortes-por-covid\/#article","isPartOf":{"@id":"https:\/\/revistaregional.com.br\/site\/2021\/01\/11\/regiao-soma-mais-6-mortes-por-covid\/"},"author":{"name":"contato@revistaregional.com.br","@id":"https:\/\/revistaregional.com.br\/site\/#\/schema\/person\/382af97c580dc1b18f55107bc316010d"},"headline":"Regi\u00e3o soma mais 6 mortes por covid","datePublished":"2021-01-11T20:52:35+00:00","dateModified":"2024-01-26T13:15:18+00:00","mainEntityOfPage":{"@id":"https:\/\/revistaregional.com.br\/site\/2021\/01\/11\/regiao-soma-mais-6-mortes-por-covid\/"},"wordCount":438,"image":{"@id":"https:\/\/revistaregional.com.br\/site\/2021\/01\/11\/regiao-soma-mais-6-mortes-por-covid\/#primaryimage"},"thumbnailUrl":"https:\/\/revistaregional.com.br\/site\/wp-content\/uploads\/2021\/01\/app-11-jan.jpg","keywords":["Regionais"],"articleSection":["Destaque Lateral","Regionais"],"inLanguage":"pt-BR"},{"@type":"WebPage","@id":"https:\/\/revistaregional.com.br\/site\/2021\/01\/11\/regiao-soma-mais-6-mortes-por-covid\/","url":"https:\/\/revistaregional.com.br\/site\/2021\/01\/11\/regiao-soma-mais-6-mortes-por-covid\/","name":"Regi\u00e3o soma mais 6 mortes por covid - Revista Regional","isPartOf":{"@id":"https:\/\/revistaregional.com.br\/site\/#website"},"primaryImageOfPage":{"@id":"https:\/\/revistaregional.com.br\/site\/2021\/01\/11\/regiao-soma-mais-6-mortes-por-covid\/#primaryimage"},"image":{"@id":"https:\/\/revistaregional.com.br\/site\/2021\/01\/11\/regiao-soma-mais-6-mortes-por-covid\/#primaryimage"},"thumbnailUrl":"https:\/\/revistaregional.com.br\/site\/wp-content\/uploads\/2021\/01\/app-11-jan.jpg","datePublished":"2021-01-11T20:52:35+00:00","dateModified":"2024-01-26T13:15:18+00:00","author":{"@id":"https:\/\/revistaregional.com.br\/site\/#\/schema\/person\/382af97c580dc1b18f55107bc316010d"},"breadcrumb":{"@id":"https:\/\/revistaregional.com.br\/site\/2021\/01\/11\/regiao-soma-mais-6-mortes-por-covid\/#breadcrumb"},"inLanguage":"pt-BR","potentialAction":[{"@type":"ReadAction","target":["https:\/\/revistaregional.com.br\/site\/2021\/01\/11\/regiao-soma-mais-6-mortes-por-covid\/"]}]},{"@type":"ImageObject","inLanguage":"pt-BR","@id":"https:\/\/revistaregional.com.br\/site\/2021\/01\/11\/regiao-soma-mais-6-mortes-por-covid\/#primaryimage","url":"https:\/\/revistaregional.com.br\/site\/wp-content\/uploads\/2021\/01\/app-11-jan.jpg","contentUrl":"https:\/\/revistaregional.com.br\/site\/wp-content\/uploads\/2021\/01\/app-11-jan.jpg","width":615,"height":300,"caption":"Mais 6 mortes por covid na regi\u00e3o"},{"@type":"BreadcrumbList","@id":"https:\/\/revistaregional.com.br\/site\/2021\/01\/11\/regiao-soma-mais-6-mortes-por-covid\/#breadcrumb","itemListElement":[{"@type":"ListItem","position":1,"name":"In\u00edcio","item":"https:\/\/revistaregional.com.br\/site\/"},{"@type":"ListItem","position":2,"name":"Regi\u00e3o soma mais 6 mortes por covid"}]},{"@type":"WebSite","@id":"https:\/\/revistaregional.com.br\/site\/#website","url":"https:\/\/revistaregional.com.br\/site\/","name":"Revista Regional","description":"Salto - Itu - Indaituba","potentialAction":[{"@type":"SearchAction","target":{"@type":"EntryPoint","urlTemplate":"https:\/\/revistaregional.com.br\/site\/?s={search_term_string}"},"query-input":{"@type":"PropertyValueSpecification","valueRequired":true,"valueName":"search_term_string"}}],"inLanguage":"pt-BR"},{"@type":"Person","@id":"https:\/\/revistaregional.com.br\/site\/#\/schema\/person\/382af97c580dc1b18f55107bc316010d","name":"contato@revistaregional.com.br","image":{"@type":"ImageObject","inLanguage":"pt-BR","@id":"https:\/\/secure.gravatar.com\/avatar\/869822917e96b2e292d5827e4635855396934485e7c4a0af84e9a214e32ca0cd?s=96&d=mm&r=g","url":"https:\/\/secure.gravatar.com\/avatar\/869822917e96b2e292d5827e4635855396934485e7c4a0af84e9a214e32ca0cd?s=96&d=mm&r=g","contentUrl":"https:\/\/secure.gravatar.com\/avatar\/869822917e96b2e292d5827e4635855396934485e7c4a0af84e9a214e32ca0cd?s=96&d=mm&r=g","caption":"contato@revistaregional.com.br"},"url":"https:\/\/revistaregional.com.br\/site\/author\/contato@revistaregional.com.br\/"}]}},"views":69,"_links":{"self":[{"href":"https:\/\/revistaregional.com.br\/site\/wp-json\/wp\/v2\/posts\/24344","targetHints":{"allow":["GET"]}}],"collection":[{"href":"https:\/\/revistaregional.com.br\/site\/wp-json\/wp\/v2\/posts"}],"about":[{"href":"https:\/\/revistaregional.com.br\/site\/wp-json\/wp\/v2\/types\/post"}],"author":[{"embeddable":true,"href":"https:\/\/revistaregional.com.br\/site\/wp-json\/wp\/v2\/users\/1"}],"replies":[{"embeddable":true,"href":"https:\/\/revistaregional.com.br\/site\/wp-json\/wp\/v2\/comments?post=24344"}],"version-history":[{"count":2,"href":"https:\/\/revistaregional.com.br\/site\/wp-json\/wp\/v2\/posts\/24344\/revisions"}],"predecessor-version":[{"id":24347,"href":"https:\/\/revistaregional.com.br\/site\/wp-json\/wp\/v2\/posts\/24344\/revisions\/24347"}],"wp:featuredmedia":[{"embeddable":true,"href":"https:\/\/revistaregional.com.br\/site\/wp-json\/wp\/v2\/media\/24345"}],"wp:attachment":[{"href":"https:\/\/revistaregional.com.br\/site\/wp-json\/wp\/v2\/media?parent=24344"}],"wp:term":[{"taxonomy":"category","embeddable":true,"href":"https:\/\/revistaregional.com.br\/site\/wp-json\/wp\/v2\/categories?post=24344"},{"taxonomy":"post_tag","embeddable":true,"href":"https:\/\/revistaregional.com.br\/site\/wp-json\/wp\/v2\/tags?post=24344"}],"curies":[{"name":"wp","href":"https:\/\/api.w.org\/{rel}","templated":true}]}}