{"id":24337,"date":"2021-01-11T12:23:21","date_gmt":"2021-01-11T15:23:21","guid":{"rendered":"https:\/\/revistaregional.com.br\/site\/?p=24337"},"modified":"2024-01-26T10:15:19","modified_gmt":"2024-01-26T13:15:19","slug":"hospital-de-campanha-amplia-uti-para-10-leitos-em-itu","status":"publish","type":"post","link":"https:\/\/revistaregional.com.br\/site\/2021\/01\/11\/hospital-de-campanha-amplia-uti-para-10-leitos-em-itu\/","title":{"rendered":"Hospital de Campanha amplia UTI para 10 leitos em Itu"},"content":{"rendered":"<figure id=\"attachment_24338\" aria-describedby=\"caption-attachment-24338\" style=\"width: 468px\" class=\"wp-caption alignright\"><img fetchpriority=\"high\" decoding=\"async\" class=\"wp-image-24338 \" src=\"https:\/\/revistaregional.com.br\/site\/wp-content\/uploads\/2021\/01\/app-hospital-itu-300x200.jpg\" alt=\"\" width=\"468\" height=\"312\" data-id=\"24338\" srcset=\"https:\/\/revistaregional.com.br\/site\/wp-content\/uploads\/2021\/01\/app-hospital-itu-300x200.jpg 300w, https:\/\/revistaregional.com.br\/site\/wp-content\/uploads\/2021\/01\/app-hospital-itu-1024x683.jpg 1024w, https:\/\/revistaregional.com.br\/site\/wp-content\/uploads\/2021\/01\/app-hospital-itu-1536x1024.jpg 1536w, https:\/\/revistaregional.com.br\/site\/wp-content\/uploads\/2021\/01\/app-hospital-itu-2048x1365.jpg 2048w, https:\/\/revistaregional.com.br\/site\/wp-content\/uploads\/2021\/01\/app-hospital-itu-150x100.jpg 150w, https:\/\/revistaregional.com.br\/site\/wp-content\/uploads\/2021\/01\/app-hospital-itu-272x182.jpg 272w\" sizes=\"(max-width: 468px) 100vw, 468px\" \/><figcaption id=\"caption-attachment-24338\" class=\"wp-caption-text\">Novos leitos do Hospital de Campanha<\/figcaption><\/figure>\n<ul>\n<li><em><strong>Com alta de casos graves de covid, Prefeitura de Itu decidiu criar novos leitos no Hospital de Campanha; No Estado, governo liberou atividades culturais na fase laranja, mas com protocolos de seguran\u00e7a<\/strong><\/em><\/li>\n<\/ul>\n<p>O Hospital de Campanha da Prefeitura de Itu, instalado desde as primeiras semanas da pandemia na Santa Casa, teve seu n\u00famero de leitos de UTI ampliado para 10 unidades.<\/p>\n<p>Criado pela gest\u00e3o municipal com o intuito exclusivo de oferecer \u00e0 popula\u00e7\u00e3o o suporte diante do coronav\u00edrus, o hospital, que contava com 6 leitos, teve agora o acr\u00e9scimo de mais 4.<\/p>\n<p>O aprimoramento foi anunciado oficialmente na sexta-feira, 08. A amplia\u00e7\u00e3o se deu diante da necessidade de atender o crescimento do n\u00famero de casos mais graves de covid no munic\u00edpio. No mesmo dia, a situa\u00e7\u00e3o do Hospital Municipal era de 100% de ocupa\u00e7\u00e3o na UTI e na Enfermaria.<\/p>\n<p><strong>FASE LARANJA<\/strong><\/p>\n<p>A regi\u00e3o de Sorocaba, onde est\u00e3o Itu e Salto, voltou para a fase laranja do Plano S\u00e3o Paulo, com algumas restri\u00e7\u00f5es no funcionamento das atividades.<\/p>\n<p>Por\u00e9m, o governo do Estado de S\u00e3o Paulo, com base em delibera\u00e7\u00e3o do Centro de Conting\u00eancia da covid-19, decidiu autorizar o funcionamento de espa\u00e7os e atividades culturais, como museus, bibliotecas, centros culturais, cinemas e teatros, desde que seguindo os protocolos e as restri\u00e7\u00f5es de ocupa\u00e7\u00e3o. A avalia\u00e7\u00e3o \u00e9 que s\u00e3o atividades e espa\u00e7os de baixo risco quando h\u00e1 a aplica\u00e7\u00e3o rigorosa desses protocolos e controle de acesso e fluxo.<\/p>\n<p>&#8220;As institui\u00e7\u00f5es culturais do governo do Estado de S\u00e3o Paulo seguem expressamente todos os protocolos exigidos pelas institui\u00e7\u00f5es competentes para, assim, continuar oferecendo suas atra\u00e7\u00f5es presenciais ao p\u00fablico com total seguran\u00e7a, bem como, estimular a dimens\u00e3o econ\u00f4mica da cultura&#8221;, afirma S\u00e9rgio S\u00e1 Leit\u00e3o, secret\u00e1rio estadual de Cultura e Economia Criativa. Os espa\u00e7os culturais continuar\u00e3o seguindo r\u00edgidos protocolos de seguran\u00e7a e sa\u00fade, preconizados pela Organiza\u00e7\u00e3o Mundial da Sa\u00fade e Centro de Conting\u00eancia, como distanciamento, proibi\u00e7\u00e3o de atividades com p\u00fablico<\/p>\n<p>em p\u00e9 e ado\u00e7\u00e3o dos protocolos espec\u00edficos para cada \u00e1rea cultural e higieniza\u00e7\u00e3o do ambiente. Com a reclassifica\u00e7\u00e3o, em ambas as fases, amarela e laranja, a capacidade m\u00e1xima permitida de ocupa\u00e7\u00e3o nos espa\u00e7os culturais fica limitada a 40%. J\u00e1 quanto ao hor\u00e1rio de funcionamento, na fase amarela, o limite \u00e9 de dez horas di\u00e1rias, enquanto na laranja \u00e9 de oito horas por dia. Al\u00e9m disso, h\u00e1 obriga\u00e7\u00e3o de controle de acesso, hora marcada e marca\u00e7\u00e3o de assentos.<\/p>\n<p><em>foto: Pref. Itu<\/em><\/p>\n","protected":false},"excerpt":{"rendered":"<p>Com alta de casos graves de covid, Prefeitura de Itu decidiu criar novos leitos no Hospital de Campanha; No Estado, governo liberou atividades culturais na fase laranja, mas com protocolos de seguran\u00e7a O Hospital de Campanha da Prefeitura de Itu, instalado desde as primeiras semanas da pandemia na Santa Casa, teve seu n\u00famero de leitos [&hellip;]<\/p>\n","protected":false},"author":1,"featured_media":24338,"comment_status":"closed","ping_status":"closed","sticky":false,"template":"","format":"standard","meta":{"_acf_changed":false,"ngg_post_thumbnail":0,"_joinchat":[],"footnotes":""},"categories":[449,12],"tags":[527],"class_list":["post-24337","post","type-post","status-publish","format-standard","has-post-thumbnail","hentry","category-destaque-lateral","category-regionais","tag-regionais"],"acf":[],"yoast_head":"<!-- This site is optimized with the Yoast SEO plugin v27.4 - https:\/\/yoast.com\/product\/yoast-seo-wordpress\/ -->\n<title>Hospital de Campanha amplia UTI para 10 leitos em Itu - Revista Regional<\/title>\n<meta name=\"robots\" content=\"index, follow, max-snippet:-1, max-image-preview:large, max-video-preview:-1\" \/>\n<link rel=\"canonical\" href=\"https:\/\/revistaregional.com.br\/site\/2021\/01\/11\/hospital-de-campanha-amplia-uti-para-10-leitos-em-itu\/\" \/>\n<meta property=\"og:locale\" content=\"pt_BR\" \/>\n<meta property=\"og:type\" content=\"article\" \/>\n<meta property=\"og:title\" content=\"Hospital de Campanha amplia UTI para 10 leitos em Itu - Revista Regional\" \/>\n<meta property=\"og:description\" content=\"Com alta de casos graves de covid, Prefeitura de Itu decidiu criar novos leitos no Hospital de Campanha; No Estado, governo liberou atividades culturais na fase laranja, mas com protocolos de seguran\u00e7a O Hospital de Campanha da Prefeitura de Itu, instalado desde as primeiras semanas da pandemia na Santa Casa, teve seu n\u00famero de leitos [&hellip;]\" \/>\n<meta property=\"og:url\" content=\"https:\/\/revistaregional.com.br\/site\/2021\/01\/11\/hospital-de-campanha-amplia-uti-para-10-leitos-em-itu\/\" \/>\n<meta property=\"og:site_name\" content=\"Revista Regional\" \/>\n<meta property=\"article:published_time\" content=\"2021-01-11T15:23:21+00:00\" \/>\n<meta property=\"article:modified_time\" content=\"2024-01-26T13:15:19+00:00\" \/>\n<meta property=\"og:image\" content=\"https:\/\/revistaregional.com.br\/site\/wp-content\/uploads\/2021\/01\/app-hospital-itu-scaled.jpg\" \/>\n\t<meta property=\"og:image:width\" content=\"2560\" \/>\n\t<meta property=\"og:image:height\" content=\"1707\" \/>\n\t<meta property=\"og:image:type\" content=\"image\/jpeg\" \/>\n<meta name=\"author\" content=\"contato@revistaregional.com.br\" \/>\n<meta name=\"twitter:card\" content=\"summary_large_image\" \/>\n<meta name=\"twitter:label1\" content=\"Escrito por\" \/>\n\t<meta name=\"twitter:data1\" content=\"contato@revistaregional.com.br\" \/>\n\t<meta name=\"twitter:label2\" content=\"Est. tempo de leitura\" \/>\n\t<meta name=\"twitter:data2\" content=\"2 minutos\" \/>\n<script type=\"application\/ld+json\" class=\"yoast-schema-graph\">{\"@context\":\"https:\\\/\\\/schema.org\",\"@graph\":[{\"@type\":\"Article\",\"@id\":\"https:\\\/\\\/revistaregional.com.br\\\/site\\\/2021\\\/01\\\/11\\\/hospital-de-campanha-amplia-uti-para-10-leitos-em-itu\\\/#article\",\"isPartOf\":{\"@id\":\"https:\\\/\\\/revistaregional.com.br\\\/site\\\/2021\\\/01\\\/11\\\/hospital-de-campanha-amplia-uti-para-10-leitos-em-itu\\\/\"},\"author\":{\"name\":\"contato@revistaregional.com.br\",\"@id\":\"https:\\\/\\\/revistaregional.com.br\\\/site\\\/#\\\/schema\\\/person\\\/382af97c580dc1b18f55107bc316010d\"},\"headline\":\"Hospital de Campanha amplia UTI para 10 leitos em Itu\",\"datePublished\":\"2021-01-11T15:23:21+00:00\",\"dateModified\":\"2024-01-26T13:15:19+00:00\",\"mainEntityOfPage\":{\"@id\":\"https:\\\/\\\/revistaregional.com.br\\\/site\\\/2021\\\/01\\\/11\\\/hospital-de-campanha-amplia-uti-para-10-leitos-em-itu\\\/\"},\"wordCount\":464,\"image\":{\"@id\":\"https:\\\/\\\/revistaregional.com.br\\\/site\\\/2021\\\/01\\\/11\\\/hospital-de-campanha-amplia-uti-para-10-leitos-em-itu\\\/#primaryimage\"},\"thumbnailUrl\":\"https:\\\/\\\/revistaregional.com.br\\\/site\\\/wp-content\\\/uploads\\\/2021\\\/01\\\/app-hospital-itu-scaled.jpg\",\"keywords\":[\"Regionais\"],\"articleSection\":[\"Destaque Lateral\",\"Regionais\"],\"inLanguage\":\"pt-BR\"},{\"@type\":\"WebPage\",\"@id\":\"https:\\\/\\\/revistaregional.com.br\\\/site\\\/2021\\\/01\\\/11\\\/hospital-de-campanha-amplia-uti-para-10-leitos-em-itu\\\/\",\"url\":\"https:\\\/\\\/revistaregional.com.br\\\/site\\\/2021\\\/01\\\/11\\\/hospital-de-campanha-amplia-uti-para-10-leitos-em-itu\\\/\",\"name\":\"Hospital de Campanha amplia UTI para 10 leitos em Itu - Revista Regional\",\"isPartOf\":{\"@id\":\"https:\\\/\\\/revistaregional.com.br\\\/site\\\/#website\"},\"primaryImageOfPage\":{\"@id\":\"https:\\\/\\\/revistaregional.com.br\\\/site\\\/2021\\\/01\\\/11\\\/hospital-de-campanha-amplia-uti-para-10-leitos-em-itu\\\/#primaryimage\"},\"image\":{\"@id\":\"https:\\\/\\\/revistaregional.com.br\\\/site\\\/2021\\\/01\\\/11\\\/hospital-de-campanha-amplia-uti-para-10-leitos-em-itu\\\/#primaryimage\"},\"thumbnailUrl\":\"https:\\\/\\\/revistaregional.com.br\\\/site\\\/wp-content\\\/uploads\\\/2021\\\/01\\\/app-hospital-itu-scaled.jpg\",\"datePublished\":\"2021-01-11T15:23:21+00:00\",\"dateModified\":\"2024-01-26T13:15:19+00:00\",\"author\":{\"@id\":\"https:\\\/\\\/revistaregional.com.br\\\/site\\\/#\\\/schema\\\/person\\\/382af97c580dc1b18f55107bc316010d\"},\"breadcrumb\":{\"@id\":\"https:\\\/\\\/revistaregional.com.br\\\/site\\\/2021\\\/01\\\/11\\\/hospital-de-campanha-amplia-uti-para-10-leitos-em-itu\\\/#breadcrumb\"},\"inLanguage\":\"pt-BR\",\"potentialAction\":[{\"@type\":\"ReadAction\",\"target\":[\"https:\\\/\\\/revistaregional.com.br\\\/site\\\/2021\\\/01\\\/11\\\/hospital-de-campanha-amplia-uti-para-10-leitos-em-itu\\\/\"]}]},{\"@type\":\"ImageObject\",\"inLanguage\":\"pt-BR\",\"@id\":\"https:\\\/\\\/revistaregional.com.br\\\/site\\\/2021\\\/01\\\/11\\\/hospital-de-campanha-amplia-uti-para-10-leitos-em-itu\\\/#primaryimage\",\"url\":\"https:\\\/\\\/revistaregional.com.br\\\/site\\\/wp-content\\\/uploads\\\/2021\\\/01\\\/app-hospital-itu-scaled.jpg\",\"contentUrl\":\"https:\\\/\\\/revistaregional.com.br\\\/site\\\/wp-content\\\/uploads\\\/2021\\\/01\\\/app-hospital-itu-scaled.jpg\",\"width\":2560,\"height\":1707},{\"@type\":\"BreadcrumbList\",\"@id\":\"https:\\\/\\\/revistaregional.com.br\\\/site\\\/2021\\\/01\\\/11\\\/hospital-de-campanha-amplia-uti-para-10-leitos-em-itu\\\/#breadcrumb\",\"itemListElement\":[{\"@type\":\"ListItem\",\"position\":1,\"name\":\"In\u00edcio\",\"item\":\"https:\\\/\\\/revistaregional.com.br\\\/site\\\/\"},{\"@type\":\"ListItem\",\"position\":2,\"name\":\"Hospital de Campanha amplia UTI para 10 leitos em Itu\"}]},{\"@type\":\"WebSite\",\"@id\":\"https:\\\/\\\/revistaregional.com.br\\\/site\\\/#website\",\"url\":\"https:\\\/\\\/revistaregional.com.br\\\/site\\\/\",\"name\":\"Revista Regional\",\"description\":\"Salto - Itu - Indaituba\",\"potentialAction\":[{\"@type\":\"SearchAction\",\"target\":{\"@type\":\"EntryPoint\",\"urlTemplate\":\"https:\\\/\\\/revistaregional.com.br\\\/site\\\/?s={search_term_string}\"},\"query-input\":{\"@type\":\"PropertyValueSpecification\",\"valueRequired\":true,\"valueName\":\"search_term_string\"}}],\"inLanguage\":\"pt-BR\"},{\"@type\":\"Person\",\"@id\":\"https:\\\/\\\/revistaregional.com.br\\\/site\\\/#\\\/schema\\\/person\\\/382af97c580dc1b18f55107bc316010d\",\"name\":\"contato@revistaregional.com.br\",\"image\":{\"@type\":\"ImageObject\",\"inLanguage\":\"pt-BR\",\"@id\":\"https:\\\/\\\/secure.gravatar.com\\\/avatar\\\/869822917e96b2e292d5827e4635855396934485e7c4a0af84e9a214e32ca0cd?s=96&d=mm&r=g\",\"url\":\"https:\\\/\\\/secure.gravatar.com\\\/avatar\\\/869822917e96b2e292d5827e4635855396934485e7c4a0af84e9a214e32ca0cd?s=96&d=mm&r=g\",\"contentUrl\":\"https:\\\/\\\/secure.gravatar.com\\\/avatar\\\/869822917e96b2e292d5827e4635855396934485e7c4a0af84e9a214e32ca0cd?s=96&d=mm&r=g\",\"caption\":\"contato@revistaregional.com.br\"},\"url\":\"https:\\\/\\\/revistaregional.com.br\\\/site\\\/author\\\/contato@revistaregional.com.br\\\/\"}]}<\/script>\n<!-- \/ Yoast SEO plugin. -->","yoast_head_json":{"title":"Hospital de Campanha amplia UTI para 10 leitos em Itu - Revista Regional","robots":{"index":"index","follow":"follow","max-snippet":"max-snippet:-1","max-image-preview":"max-image-preview:large","max-video-preview":"max-video-preview:-1"},"canonical":"https:\/\/revistaregional.com.br\/site\/2021\/01\/11\/hospital-de-campanha-amplia-uti-para-10-leitos-em-itu\/","og_locale":"pt_BR","og_type":"article","og_title":"Hospital de Campanha amplia UTI para 10 leitos em Itu - Revista Regional","og_description":"Com alta de casos graves de covid, Prefeitura de Itu decidiu criar novos leitos no Hospital de Campanha; No Estado, governo liberou atividades culturais na fase laranja, mas com protocolos de seguran\u00e7a O Hospital de Campanha da Prefeitura de Itu, instalado desde as primeiras semanas da pandemia na Santa Casa, teve seu n\u00famero de leitos [&hellip;]","og_url":"https:\/\/revistaregional.com.br\/site\/2021\/01\/11\/hospital-de-campanha-amplia-uti-para-10-leitos-em-itu\/","og_site_name":"Revista Regional","article_published_time":"2021-01-11T15:23:21+00:00","article_modified_time":"2024-01-26T13:15:19+00:00","og_image":[{"width":2560,"height":1707,"url":"https:\/\/revistaregional.com.br\/site\/wp-content\/uploads\/2021\/01\/app-hospital-itu-scaled.jpg","type":"image\/jpeg"}],"author":"contato@revistaregional.com.br","twitter_card":"summary_large_image","twitter_misc":{"Escrito por":"contato@revistaregional.com.br","Est. tempo de leitura":"2 minutos"},"schema":{"@context":"https:\/\/schema.org","@graph":[{"@type":"Article","@id":"https:\/\/revistaregional.com.br\/site\/2021\/01\/11\/hospital-de-campanha-amplia-uti-para-10-leitos-em-itu\/#article","isPartOf":{"@id":"https:\/\/revistaregional.com.br\/site\/2021\/01\/11\/hospital-de-campanha-amplia-uti-para-10-leitos-em-itu\/"},"author":{"name":"contato@revistaregional.com.br","@id":"https:\/\/revistaregional.com.br\/site\/#\/schema\/person\/382af97c580dc1b18f55107bc316010d"},"headline":"Hospital de Campanha amplia UTI para 10 leitos em Itu","datePublished":"2021-01-11T15:23:21+00:00","dateModified":"2024-01-26T13:15:19+00:00","mainEntityOfPage":{"@id":"https:\/\/revistaregional.com.br\/site\/2021\/01\/11\/hospital-de-campanha-amplia-uti-para-10-leitos-em-itu\/"},"wordCount":464,"image":{"@id":"https:\/\/revistaregional.com.br\/site\/2021\/01\/11\/hospital-de-campanha-amplia-uti-para-10-leitos-em-itu\/#primaryimage"},"thumbnailUrl":"https:\/\/revistaregional.com.br\/site\/wp-content\/uploads\/2021\/01\/app-hospital-itu-scaled.jpg","keywords":["Regionais"],"articleSection":["Destaque Lateral","Regionais"],"inLanguage":"pt-BR"},{"@type":"WebPage","@id":"https:\/\/revistaregional.com.br\/site\/2021\/01\/11\/hospital-de-campanha-amplia-uti-para-10-leitos-em-itu\/","url":"https:\/\/revistaregional.com.br\/site\/2021\/01\/11\/hospital-de-campanha-amplia-uti-para-10-leitos-em-itu\/","name":"Hospital de Campanha amplia UTI para 10 leitos em Itu - Revista Regional","isPartOf":{"@id":"https:\/\/revistaregional.com.br\/site\/#website"},"primaryImageOfPage":{"@id":"https:\/\/revistaregional.com.br\/site\/2021\/01\/11\/hospital-de-campanha-amplia-uti-para-10-leitos-em-itu\/#primaryimage"},"image":{"@id":"https:\/\/revistaregional.com.br\/site\/2021\/01\/11\/hospital-de-campanha-amplia-uti-para-10-leitos-em-itu\/#primaryimage"},"thumbnailUrl":"https:\/\/revistaregional.com.br\/site\/wp-content\/uploads\/2021\/01\/app-hospital-itu-scaled.jpg","datePublished":"2021-01-11T15:23:21+00:00","dateModified":"2024-01-26T13:15:19+00:00","author":{"@id":"https:\/\/revistaregional.com.br\/site\/#\/schema\/person\/382af97c580dc1b18f55107bc316010d"},"breadcrumb":{"@id":"https:\/\/revistaregional.com.br\/site\/2021\/01\/11\/hospital-de-campanha-amplia-uti-para-10-leitos-em-itu\/#breadcrumb"},"inLanguage":"pt-BR","potentialAction":[{"@type":"ReadAction","target":["https:\/\/revistaregional.com.br\/site\/2021\/01\/11\/hospital-de-campanha-amplia-uti-para-10-leitos-em-itu\/"]}]},{"@type":"ImageObject","inLanguage":"pt-BR","@id":"https:\/\/revistaregional.com.br\/site\/2021\/01\/11\/hospital-de-campanha-amplia-uti-para-10-leitos-em-itu\/#primaryimage","url":"https:\/\/revistaregional.com.br\/site\/wp-content\/uploads\/2021\/01\/app-hospital-itu-scaled.jpg","contentUrl":"https:\/\/revistaregional.com.br\/site\/wp-content\/uploads\/2021\/01\/app-hospital-itu-scaled.jpg","width":2560,"height":1707},{"@type":"BreadcrumbList","@id":"https:\/\/revistaregional.com.br\/site\/2021\/01\/11\/hospital-de-campanha-amplia-uti-para-10-leitos-em-itu\/#breadcrumb","itemListElement":[{"@type":"ListItem","position":1,"name":"In\u00edcio","item":"https:\/\/revistaregional.com.br\/site\/"},{"@type":"ListItem","position":2,"name":"Hospital de Campanha amplia UTI para 10 leitos em Itu"}]},{"@type":"WebSite","@id":"https:\/\/revistaregional.com.br\/site\/#website","url":"https:\/\/revistaregional.com.br\/site\/","name":"Revista Regional","description":"Salto - Itu - Indaituba","potentialAction":[{"@type":"SearchAction","target":{"@type":"EntryPoint","urlTemplate":"https:\/\/revistaregional.com.br\/site\/?s={search_term_string}"},"query-input":{"@type":"PropertyValueSpecification","valueRequired":true,"valueName":"search_term_string"}}],"inLanguage":"pt-BR"},{"@type":"Person","@id":"https:\/\/revistaregional.com.br\/site\/#\/schema\/person\/382af97c580dc1b18f55107bc316010d","name":"contato@revistaregional.com.br","image":{"@type":"ImageObject","inLanguage":"pt-BR","@id":"https:\/\/secure.gravatar.com\/avatar\/869822917e96b2e292d5827e4635855396934485e7c4a0af84e9a214e32ca0cd?s=96&d=mm&r=g","url":"https:\/\/secure.gravatar.com\/avatar\/869822917e96b2e292d5827e4635855396934485e7c4a0af84e9a214e32ca0cd?s=96&d=mm&r=g","contentUrl":"https:\/\/secure.gravatar.com\/avatar\/869822917e96b2e292d5827e4635855396934485e7c4a0af84e9a214e32ca0cd?s=96&d=mm&r=g","caption":"contato@revistaregional.com.br"},"url":"https:\/\/revistaregional.com.br\/site\/author\/contato@revistaregional.com.br\/"}]}},"views":130,"_links":{"self":[{"href":"https:\/\/revistaregional.com.br\/site\/wp-json\/wp\/v2\/posts\/24337","targetHints":{"allow":["GET"]}}],"collection":[{"href":"https:\/\/revistaregional.com.br\/site\/wp-json\/wp\/v2\/posts"}],"about":[{"href":"https:\/\/revistaregional.com.br\/site\/wp-json\/wp\/v2\/types\/post"}],"author":[{"embeddable":true,"href":"https:\/\/revistaregional.com.br\/site\/wp-json\/wp\/v2\/users\/1"}],"replies":[{"embeddable":true,"href":"https:\/\/revistaregional.com.br\/site\/wp-json\/wp\/v2\/comments?post=24337"}],"version-history":[{"count":4,"href":"https:\/\/revistaregional.com.br\/site\/wp-json\/wp\/v2\/posts\/24337\/revisions"}],"predecessor-version":[{"id":24343,"href":"https:\/\/revistaregional.com.br\/site\/wp-json\/wp\/v2\/posts\/24337\/revisions\/24343"}],"wp:featuredmedia":[{"embeddable":true,"href":"https:\/\/revistaregional.com.br\/site\/wp-json\/wp\/v2\/media\/24338"}],"wp:attachment":[{"href":"https:\/\/revistaregional.com.br\/site\/wp-json\/wp\/v2\/media?parent=24337"}],"wp:term":[{"taxonomy":"category","embeddable":true,"href":"https:\/\/revistaregional.com.br\/site\/wp-json\/wp\/v2\/categories?post=24337"},{"taxonomy":"post_tag","embeddable":true,"href":"https:\/\/revistaregional.com.br\/site\/wp-json\/wp\/v2\/tags?post=24337"}],"curies":[{"name":"wp","href":"https:\/\/api.w.org\/{rel}","templated":true}]}}