{"id":24229,"date":"2020-12-29T18:08:33","date_gmt":"2020-12-29T21:08:33","guid":{"rendered":"https:\/\/revistaregional.com.br\/site\/?p=24229"},"modified":"2024-01-26T10:15:28","modified_gmt":"2024-01-26T13:15:28","slug":"em-6-dias-10-mortes-por-covid-em-itu","status":"publish","type":"post","link":"https:\/\/revistaregional.com.br\/site\/2020\/12\/29\/em-6-dias-10-mortes-por-covid-em-itu\/","title":{"rendered":"Em 6 dias, 10 mortes por covid em Itu"},"content":{"rendered":"<ul>\n<li><strong><em>De 24 a 29 de dezembro, foram confirmados mais 10 \u00f3bitos pela doen\u00e7a em Itu; <\/em><\/strong><\/li>\n<li><strong><em>Indaiatuba tamb\u00e9m teve mais 2 mortes registradas na segunda, 28;<\/em><\/strong><\/li>\n<li><strong><em> Salto tem 3 \u00f3bitos suspeitos<\/em><\/strong><\/li>\n<\/ul>\n<figure id=\"attachment_24230\" aria-describedby=\"caption-attachment-24230\" style=\"width: 470px\" class=\"wp-caption aligncenter\"><img fetchpriority=\"high\" decoding=\"async\" class=\" wp-image-24230\" src=\"https:\/\/revistaregional.com.br\/site\/wp-content\/uploads\/2020\/12\/app-29-dez-300x231.jpg\" alt=\"\" width=\"470\" height=\"362\" data-id=\"24230\" srcset=\"https:\/\/revistaregional.com.br\/site\/wp-content\/uploads\/2020\/12\/app-29-dez-300x231.jpg 300w, https:\/\/revistaregional.com.br\/site\/wp-content\/uploads\/2020\/12\/app-29-dez-150x115.jpg 150w, https:\/\/revistaregional.com.br\/site\/wp-content\/uploads\/2020\/12\/app-29-dez.jpg 1024w\" sizes=\"(max-width: 470px) 100vw, 470px\" \/><figcaption id=\"caption-attachment-24230\" class=\"wp-caption-text\">Mais mortes por covid na regi\u00e3o<\/figcaption><\/figure>\n<p>O mais novo boletim epidemiol\u00f3gico divulgado pela Secretaria de Sa\u00fade de Itu nesta ter\u00e7a, 29 de dezembro, confirma a morte de 10 pacientes por covid desde o \u00faltimo dia 24, data do \u00faltimo balan\u00e7o encaminhado \u00e0 imprensa. Os \u00f3bitos, segundo a Prefeitura, foram todos em hospitais locais e s\u00e3o de pacientes de ambos os sexos, com idades entre 39 e 94 anos. N\u00e3o foram informados mais detalhes sobre as v\u00edtimas.<\/p>\n<p>Nesse mesmo per\u00edodo, foram diagnosticados 229 casos positivos de covid. Com isso, Itu soma 5.410 contaminados desde o in\u00edcio da pandemia, sendo que 128 morreram e 5.088 se recuperaram. H\u00e1 193 suspeitos aguardando resultados de exames, 16 pacientes internados em leito cl\u00ednico e 11 em UTI. A taxa de ocupa\u00e7\u00e3o das UTIs est\u00e1 em 87,5% no Hospital Municipal e 66,66% no Hospital de Campanha.<\/p>\n<p>Indaiatuba tamb\u00e9m registrou mais 2 mortes por covid, ocorridas entre domingo, 27, e segunda, 28, no Haoc (Hospital Augusto de Oliveira Camargo): uma mulher de 43 anos e um homem de 61. Nas \u00faltimas 24 horas, foram confirmados 32 novos casos da doen\u00e7a. Desde o in\u00edcio da pandemia, 11.294 pessoas contra\u00edram a doen\u00e7a no munic\u00edpio. Desses, 290 morreram e 10.966 s\u00e3o considerados curados ou est\u00e3o em recupera\u00e7\u00e3o domiciliar. H\u00e1 1.536 casos suspeitos aguardando resultados de testes.<\/p>\n<p>Nesta ter\u00e7a, 29, h\u00e1 75 internados, dos quais 38 est\u00e3o confirmados para covid-19. Do total, 38 est\u00e3o em leitos cl\u00ednicos e 37 em UTI. A situa\u00e7\u00e3o das UTIs, de acordo com a Prefeitura, \u00e9 a seguinte: 86% de ocupa\u00e7\u00e3o no Haoc, 71% no Santa Ign\u00eas e 69% nos leitos externos contratados em Campinas.<\/p>\n<p>Salto tem 3 mortes suspeitas por covid em investiga\u00e7\u00e3o. De acordo com a Prefeitura, foram confirmados 30 novos contaminados nas \u00faltimas 24 horas e agora a cidade soma 4.378 desde o come\u00e7o da pandemia, sendo que 87 pacientes morreram e 4.251 evolu\u00edram para cura. H\u00e1 6 internados (sendo 4 em UTI), 34 em isolamento domiciliar e 49 suspeitos \u00e0 espera de resultados (destes, 6 est\u00e3o em interna\u00e7\u00e3o cl\u00ednica e 1 em UTI). A taxa de ocupa\u00e7\u00e3o da UTI da rede p\u00fablica est\u00e1 em 83%, j\u00e1 a situa\u00e7\u00e3o da rede privada n\u00e3o foi divulgada.<\/p>\n<p>&nbsp;<\/p>\n<p>foto: BIRF<\/p>\n<p>&nbsp;<\/p>\n","protected":false},"excerpt":{"rendered":"<p>De 24 a 29 de dezembro, foram confirmados mais 10 \u00f3bitos pela doen\u00e7a em Itu; Indaiatuba tamb\u00e9m teve mais 2 mortes registradas na segunda, 28; Salto tem 3 \u00f3bitos suspeitos O mais novo boletim epidemiol\u00f3gico divulgado pela Secretaria de Sa\u00fade de Itu nesta ter\u00e7a, 29 de dezembro, confirma a morte de 10 pacientes por covid [&hellip;]<\/p>\n","protected":false},"author":1,"featured_media":24230,"comment_status":"closed","ping_status":"closed","sticky":false,"template":"","format":"standard","meta":{"_acf_changed":false,"ngg_post_thumbnail":0,"_joinchat":[],"footnotes":""},"categories":[449,12],"tags":[527],"class_list":["post-24229","post","type-post","status-publish","format-standard","has-post-thumbnail","hentry","category-destaque-lateral","category-regionais","tag-regionais"],"acf":[],"yoast_head":"<!-- This site is optimized with the Yoast SEO plugin v27.4 - https:\/\/yoast.com\/product\/yoast-seo-wordpress\/ -->\n<title>Em 6 dias, 10 mortes por covid em Itu - Revista Regional<\/title>\n<meta name=\"robots\" content=\"index, follow, max-snippet:-1, max-image-preview:large, max-video-preview:-1\" \/>\n<link rel=\"canonical\" href=\"https:\/\/revistaregional.com.br\/site\/2020\/12\/29\/em-6-dias-10-mortes-por-covid-em-itu\/\" \/>\n<meta property=\"og:locale\" content=\"pt_BR\" \/>\n<meta property=\"og:type\" content=\"article\" \/>\n<meta property=\"og:title\" content=\"Em 6 dias, 10 mortes por covid em Itu - Revista Regional\" \/>\n<meta property=\"og:description\" content=\"De 24 a 29 de dezembro, foram confirmados mais 10 \u00f3bitos pela doen\u00e7a em Itu; Indaiatuba tamb\u00e9m teve mais 2 mortes registradas na segunda, 28; Salto tem 3 \u00f3bitos suspeitos O mais novo boletim epidemiol\u00f3gico divulgado pela Secretaria de Sa\u00fade de Itu nesta ter\u00e7a, 29 de dezembro, confirma a morte de 10 pacientes por covid [&hellip;]\" \/>\n<meta property=\"og:url\" content=\"https:\/\/revistaregional.com.br\/site\/2020\/12\/29\/em-6-dias-10-mortes-por-covid-em-itu\/\" \/>\n<meta property=\"og:site_name\" content=\"Revista Regional\" \/>\n<meta property=\"article:published_time\" content=\"2020-12-29T21:08:33+00:00\" \/>\n<meta property=\"article:modified_time\" content=\"2024-01-26T13:15:28+00:00\" \/>\n<meta property=\"og:image\" content=\"https:\/\/revistaregional.com.br\/site\/wp-content\/uploads\/2020\/12\/app-29-dez.jpg\" \/>\n\t<meta property=\"og:image:width\" content=\"1024\" \/>\n\t<meta property=\"og:image:height\" content=\"787\" \/>\n\t<meta property=\"og:image:type\" content=\"image\/jpeg\" \/>\n<meta name=\"author\" content=\"contato@revistaregional.com.br\" \/>\n<meta name=\"twitter:card\" content=\"summary_large_image\" \/>\n<meta name=\"twitter:label1\" content=\"Escrito por\" \/>\n\t<meta name=\"twitter:data1\" content=\"contato@revistaregional.com.br\" \/>\n\t<meta name=\"twitter:label2\" content=\"Est. tempo de leitura\" \/>\n\t<meta name=\"twitter:data2\" content=\"2 minutos\" \/>\n<script type=\"application\/ld+json\" class=\"yoast-schema-graph\">{\"@context\":\"https:\\\/\\\/schema.org\",\"@graph\":[{\"@type\":\"Article\",\"@id\":\"https:\\\/\\\/revistaregional.com.br\\\/site\\\/2020\\\/12\\\/29\\\/em-6-dias-10-mortes-por-covid-em-itu\\\/#article\",\"isPartOf\":{\"@id\":\"https:\\\/\\\/revistaregional.com.br\\\/site\\\/2020\\\/12\\\/29\\\/em-6-dias-10-mortes-por-covid-em-itu\\\/\"},\"author\":{\"name\":\"contato@revistaregional.com.br\",\"@id\":\"https:\\\/\\\/revistaregional.com.br\\\/site\\\/#\\\/schema\\\/person\\\/382af97c580dc1b18f55107bc316010d\"},\"headline\":\"Em 6 dias, 10 mortes por covid em Itu\",\"datePublished\":\"2020-12-29T21:08:33+00:00\",\"dateModified\":\"2024-01-26T13:15:28+00:00\",\"mainEntityOfPage\":{\"@id\":\"https:\\\/\\\/revistaregional.com.br\\\/site\\\/2020\\\/12\\\/29\\\/em-6-dias-10-mortes-por-covid-em-itu\\\/\"},\"wordCount\":395,\"image\":{\"@id\":\"https:\\\/\\\/revistaregional.com.br\\\/site\\\/2020\\\/12\\\/29\\\/em-6-dias-10-mortes-por-covid-em-itu\\\/#primaryimage\"},\"thumbnailUrl\":\"https:\\\/\\\/revistaregional.com.br\\\/site\\\/wp-content\\\/uploads\\\/2020\\\/12\\\/app-29-dez.jpg\",\"keywords\":[\"Regionais\"],\"articleSection\":[\"Destaque Lateral\",\"Regionais\"],\"inLanguage\":\"pt-BR\"},{\"@type\":\"WebPage\",\"@id\":\"https:\\\/\\\/revistaregional.com.br\\\/site\\\/2020\\\/12\\\/29\\\/em-6-dias-10-mortes-por-covid-em-itu\\\/\",\"url\":\"https:\\\/\\\/revistaregional.com.br\\\/site\\\/2020\\\/12\\\/29\\\/em-6-dias-10-mortes-por-covid-em-itu\\\/\",\"name\":\"Em 6 dias, 10 mortes por covid em Itu - Revista Regional\",\"isPartOf\":{\"@id\":\"https:\\\/\\\/revistaregional.com.br\\\/site\\\/#website\"},\"primaryImageOfPage\":{\"@id\":\"https:\\\/\\\/revistaregional.com.br\\\/site\\\/2020\\\/12\\\/29\\\/em-6-dias-10-mortes-por-covid-em-itu\\\/#primaryimage\"},\"image\":{\"@id\":\"https:\\\/\\\/revistaregional.com.br\\\/site\\\/2020\\\/12\\\/29\\\/em-6-dias-10-mortes-por-covid-em-itu\\\/#primaryimage\"},\"thumbnailUrl\":\"https:\\\/\\\/revistaregional.com.br\\\/site\\\/wp-content\\\/uploads\\\/2020\\\/12\\\/app-29-dez.jpg\",\"datePublished\":\"2020-12-29T21:08:33+00:00\",\"dateModified\":\"2024-01-26T13:15:28+00:00\",\"author\":{\"@id\":\"https:\\\/\\\/revistaregional.com.br\\\/site\\\/#\\\/schema\\\/person\\\/382af97c580dc1b18f55107bc316010d\"},\"breadcrumb\":{\"@id\":\"https:\\\/\\\/revistaregional.com.br\\\/site\\\/2020\\\/12\\\/29\\\/em-6-dias-10-mortes-por-covid-em-itu\\\/#breadcrumb\"},\"inLanguage\":\"pt-BR\",\"potentialAction\":[{\"@type\":\"ReadAction\",\"target\":[\"https:\\\/\\\/revistaregional.com.br\\\/site\\\/2020\\\/12\\\/29\\\/em-6-dias-10-mortes-por-covid-em-itu\\\/\"]}]},{\"@type\":\"ImageObject\",\"inLanguage\":\"pt-BR\",\"@id\":\"https:\\\/\\\/revistaregional.com.br\\\/site\\\/2020\\\/12\\\/29\\\/em-6-dias-10-mortes-por-covid-em-itu\\\/#primaryimage\",\"url\":\"https:\\\/\\\/revistaregional.com.br\\\/site\\\/wp-content\\\/uploads\\\/2020\\\/12\\\/app-29-dez.jpg\",\"contentUrl\":\"https:\\\/\\\/revistaregional.com.br\\\/site\\\/wp-content\\\/uploads\\\/2020\\\/12\\\/app-29-dez.jpg\",\"width\":1024,\"height\":787,\"caption\":\"Mais mortes por covid na regi\u00e3o\"},{\"@type\":\"BreadcrumbList\",\"@id\":\"https:\\\/\\\/revistaregional.com.br\\\/site\\\/2020\\\/12\\\/29\\\/em-6-dias-10-mortes-por-covid-em-itu\\\/#breadcrumb\",\"itemListElement\":[{\"@type\":\"ListItem\",\"position\":1,\"name\":\"In\u00edcio\",\"item\":\"https:\\\/\\\/revistaregional.com.br\\\/site\\\/\"},{\"@type\":\"ListItem\",\"position\":2,\"name\":\"Em 6 dias, 10 mortes por covid em Itu\"}]},{\"@type\":\"WebSite\",\"@id\":\"https:\\\/\\\/revistaregional.com.br\\\/site\\\/#website\",\"url\":\"https:\\\/\\\/revistaregional.com.br\\\/site\\\/\",\"name\":\"Revista Regional\",\"description\":\"Salto - Itu - Indaituba\",\"potentialAction\":[{\"@type\":\"SearchAction\",\"target\":{\"@type\":\"EntryPoint\",\"urlTemplate\":\"https:\\\/\\\/revistaregional.com.br\\\/site\\\/?s={search_term_string}\"},\"query-input\":{\"@type\":\"PropertyValueSpecification\",\"valueRequired\":true,\"valueName\":\"search_term_string\"}}],\"inLanguage\":\"pt-BR\"},{\"@type\":\"Person\",\"@id\":\"https:\\\/\\\/revistaregional.com.br\\\/site\\\/#\\\/schema\\\/person\\\/382af97c580dc1b18f55107bc316010d\",\"name\":\"contato@revistaregional.com.br\",\"image\":{\"@type\":\"ImageObject\",\"inLanguage\":\"pt-BR\",\"@id\":\"https:\\\/\\\/secure.gravatar.com\\\/avatar\\\/869822917e96b2e292d5827e4635855396934485e7c4a0af84e9a214e32ca0cd?s=96&d=mm&r=g\",\"url\":\"https:\\\/\\\/secure.gravatar.com\\\/avatar\\\/869822917e96b2e292d5827e4635855396934485e7c4a0af84e9a214e32ca0cd?s=96&d=mm&r=g\",\"contentUrl\":\"https:\\\/\\\/secure.gravatar.com\\\/avatar\\\/869822917e96b2e292d5827e4635855396934485e7c4a0af84e9a214e32ca0cd?s=96&d=mm&r=g\",\"caption\":\"contato@revistaregional.com.br\"},\"url\":\"https:\\\/\\\/revistaregional.com.br\\\/site\\\/author\\\/contato@revistaregional.com.br\\\/\"}]}<\/script>\n<!-- \/ Yoast SEO plugin. -->","yoast_head_json":{"title":"Em 6 dias, 10 mortes por covid em Itu - Revista Regional","robots":{"index":"index","follow":"follow","max-snippet":"max-snippet:-1","max-image-preview":"max-image-preview:large","max-video-preview":"max-video-preview:-1"},"canonical":"https:\/\/revistaregional.com.br\/site\/2020\/12\/29\/em-6-dias-10-mortes-por-covid-em-itu\/","og_locale":"pt_BR","og_type":"article","og_title":"Em 6 dias, 10 mortes por covid em Itu - Revista Regional","og_description":"De 24 a 29 de dezembro, foram confirmados mais 10 \u00f3bitos pela doen\u00e7a em Itu; Indaiatuba tamb\u00e9m teve mais 2 mortes registradas na segunda, 28; Salto tem 3 \u00f3bitos suspeitos O mais novo boletim epidemiol\u00f3gico divulgado pela Secretaria de Sa\u00fade de Itu nesta ter\u00e7a, 29 de dezembro, confirma a morte de 10 pacientes por covid [&hellip;]","og_url":"https:\/\/revistaregional.com.br\/site\/2020\/12\/29\/em-6-dias-10-mortes-por-covid-em-itu\/","og_site_name":"Revista Regional","article_published_time":"2020-12-29T21:08:33+00:00","article_modified_time":"2024-01-26T13:15:28+00:00","og_image":[{"width":1024,"height":787,"url":"https:\/\/revistaregional.com.br\/site\/wp-content\/uploads\/2020\/12\/app-29-dez.jpg","type":"image\/jpeg"}],"author":"contato@revistaregional.com.br","twitter_card":"summary_large_image","twitter_misc":{"Escrito por":"contato@revistaregional.com.br","Est. tempo de leitura":"2 minutos"},"schema":{"@context":"https:\/\/schema.org","@graph":[{"@type":"Article","@id":"https:\/\/revistaregional.com.br\/site\/2020\/12\/29\/em-6-dias-10-mortes-por-covid-em-itu\/#article","isPartOf":{"@id":"https:\/\/revistaregional.com.br\/site\/2020\/12\/29\/em-6-dias-10-mortes-por-covid-em-itu\/"},"author":{"name":"contato@revistaregional.com.br","@id":"https:\/\/revistaregional.com.br\/site\/#\/schema\/person\/382af97c580dc1b18f55107bc316010d"},"headline":"Em 6 dias, 10 mortes por covid em Itu","datePublished":"2020-12-29T21:08:33+00:00","dateModified":"2024-01-26T13:15:28+00:00","mainEntityOfPage":{"@id":"https:\/\/revistaregional.com.br\/site\/2020\/12\/29\/em-6-dias-10-mortes-por-covid-em-itu\/"},"wordCount":395,"image":{"@id":"https:\/\/revistaregional.com.br\/site\/2020\/12\/29\/em-6-dias-10-mortes-por-covid-em-itu\/#primaryimage"},"thumbnailUrl":"https:\/\/revistaregional.com.br\/site\/wp-content\/uploads\/2020\/12\/app-29-dez.jpg","keywords":["Regionais"],"articleSection":["Destaque Lateral","Regionais"],"inLanguage":"pt-BR"},{"@type":"WebPage","@id":"https:\/\/revistaregional.com.br\/site\/2020\/12\/29\/em-6-dias-10-mortes-por-covid-em-itu\/","url":"https:\/\/revistaregional.com.br\/site\/2020\/12\/29\/em-6-dias-10-mortes-por-covid-em-itu\/","name":"Em 6 dias, 10 mortes por covid em Itu - Revista Regional","isPartOf":{"@id":"https:\/\/revistaregional.com.br\/site\/#website"},"primaryImageOfPage":{"@id":"https:\/\/revistaregional.com.br\/site\/2020\/12\/29\/em-6-dias-10-mortes-por-covid-em-itu\/#primaryimage"},"image":{"@id":"https:\/\/revistaregional.com.br\/site\/2020\/12\/29\/em-6-dias-10-mortes-por-covid-em-itu\/#primaryimage"},"thumbnailUrl":"https:\/\/revistaregional.com.br\/site\/wp-content\/uploads\/2020\/12\/app-29-dez.jpg","datePublished":"2020-12-29T21:08:33+00:00","dateModified":"2024-01-26T13:15:28+00:00","author":{"@id":"https:\/\/revistaregional.com.br\/site\/#\/schema\/person\/382af97c580dc1b18f55107bc316010d"},"breadcrumb":{"@id":"https:\/\/revistaregional.com.br\/site\/2020\/12\/29\/em-6-dias-10-mortes-por-covid-em-itu\/#breadcrumb"},"inLanguage":"pt-BR","potentialAction":[{"@type":"ReadAction","target":["https:\/\/revistaregional.com.br\/site\/2020\/12\/29\/em-6-dias-10-mortes-por-covid-em-itu\/"]}]},{"@type":"ImageObject","inLanguage":"pt-BR","@id":"https:\/\/revistaregional.com.br\/site\/2020\/12\/29\/em-6-dias-10-mortes-por-covid-em-itu\/#primaryimage","url":"https:\/\/revistaregional.com.br\/site\/wp-content\/uploads\/2020\/12\/app-29-dez.jpg","contentUrl":"https:\/\/revistaregional.com.br\/site\/wp-content\/uploads\/2020\/12\/app-29-dez.jpg","width":1024,"height":787,"caption":"Mais mortes por covid na regi\u00e3o"},{"@type":"BreadcrumbList","@id":"https:\/\/revistaregional.com.br\/site\/2020\/12\/29\/em-6-dias-10-mortes-por-covid-em-itu\/#breadcrumb","itemListElement":[{"@type":"ListItem","position":1,"name":"In\u00edcio","item":"https:\/\/revistaregional.com.br\/site\/"},{"@type":"ListItem","position":2,"name":"Em 6 dias, 10 mortes por covid em Itu"}]},{"@type":"WebSite","@id":"https:\/\/revistaregional.com.br\/site\/#website","url":"https:\/\/revistaregional.com.br\/site\/","name":"Revista Regional","description":"Salto - Itu - Indaituba","potentialAction":[{"@type":"SearchAction","target":{"@type":"EntryPoint","urlTemplate":"https:\/\/revistaregional.com.br\/site\/?s={search_term_string}"},"query-input":{"@type":"PropertyValueSpecification","valueRequired":true,"valueName":"search_term_string"}}],"inLanguage":"pt-BR"},{"@type":"Person","@id":"https:\/\/revistaregional.com.br\/site\/#\/schema\/person\/382af97c580dc1b18f55107bc316010d","name":"contato@revistaregional.com.br","image":{"@type":"ImageObject","inLanguage":"pt-BR","@id":"https:\/\/secure.gravatar.com\/avatar\/869822917e96b2e292d5827e4635855396934485e7c4a0af84e9a214e32ca0cd?s=96&d=mm&r=g","url":"https:\/\/secure.gravatar.com\/avatar\/869822917e96b2e292d5827e4635855396934485e7c4a0af84e9a214e32ca0cd?s=96&d=mm&r=g","contentUrl":"https:\/\/secure.gravatar.com\/avatar\/869822917e96b2e292d5827e4635855396934485e7c4a0af84e9a214e32ca0cd?s=96&d=mm&r=g","caption":"contato@revistaregional.com.br"},"url":"https:\/\/revistaregional.com.br\/site\/author\/contato@revistaregional.com.br\/"}]}},"views":110,"_links":{"self":[{"href":"https:\/\/revistaregional.com.br\/site\/wp-json\/wp\/v2\/posts\/24229","targetHints":{"allow":["GET"]}}],"collection":[{"href":"https:\/\/revistaregional.com.br\/site\/wp-json\/wp\/v2\/posts"}],"about":[{"href":"https:\/\/revistaregional.com.br\/site\/wp-json\/wp\/v2\/types\/post"}],"author":[{"embeddable":true,"href":"https:\/\/revistaregional.com.br\/site\/wp-json\/wp\/v2\/users\/1"}],"replies":[{"embeddable":true,"href":"https:\/\/revistaregional.com.br\/site\/wp-json\/wp\/v2\/comments?post=24229"}],"version-history":[{"count":1,"href":"https:\/\/revistaregional.com.br\/site\/wp-json\/wp\/v2\/posts\/24229\/revisions"}],"predecessor-version":[{"id":24231,"href":"https:\/\/revistaregional.com.br\/site\/wp-json\/wp\/v2\/posts\/24229\/revisions\/24231"}],"wp:featuredmedia":[{"embeddable":true,"href":"https:\/\/revistaregional.com.br\/site\/wp-json\/wp\/v2\/media\/24230"}],"wp:attachment":[{"href":"https:\/\/revistaregional.com.br\/site\/wp-json\/wp\/v2\/media?parent=24229"}],"wp:term":[{"taxonomy":"category","embeddable":true,"href":"https:\/\/revistaregional.com.br\/site\/wp-json\/wp\/v2\/categories?post=24229"},{"taxonomy":"post_tag","embeddable":true,"href":"https:\/\/revistaregional.com.br\/site\/wp-json\/wp\/v2\/tags?post=24229"}],"curies":[{"name":"wp","href":"https:\/\/api.w.org\/{rel}","templated":true}]}}