{"id":24188,"date":"2020-12-21T17:58:34","date_gmt":"2020-12-21T20:58:34","guid":{"rendered":"https:\/\/revistaregional.com.br\/site\/?p=24188"},"modified":"2024-01-26T10:15:32","modified_gmt":"2024-01-26T13:15:32","slug":"mais-6-mortes-por-covid-em-indaiatuba-e-1-em-itu","status":"publish","type":"post","link":"https:\/\/revistaregional.com.br\/site\/2020\/12\/21\/mais-6-mortes-por-covid-em-indaiatuba-e-1-em-itu\/","title":{"rendered":"Mais 6 mortes por covid em Indaiatuba e 1 em Itu"},"content":{"rendered":"<ul>\n<li><strong><em>Indaiatuba mant\u00e9m mortes di\u00e1rias pela doen\u00e7a;<\/em><\/strong><\/li>\n<li><strong><em>Entre as v\u00edtimas, uma jovem de 21 anos; <\/em><\/strong><\/li>\n<li><strong><em>H\u00e1 novos casos em toda a regi\u00e3o; <\/em><\/strong><\/li>\n<li><strong><em>Leitos extras de UTI contratados pela Prefeitura de Indaiatuba est\u00e3o lotados<\/em><\/strong><\/li>\n<\/ul>\n<figure id=\"attachment_23992\" aria-describedby=\"caption-attachment-23992\" style=\"width: 583px\" class=\"wp-caption aligncenter\"><img fetchpriority=\"high\" decoding=\"async\" class=\" wp-image-23992\" src=\"https:\/\/revistaregional.com.br\/site\/wp-content\/uploads\/2020\/11\/app-30-nov-300x156.jpg\" alt=\"\" width=\"583\" height=\"303\" data-id=\"23992\" srcset=\"https:\/\/revistaregional.com.br\/site\/wp-content\/uploads\/2020\/11\/app-30-nov-300x156.jpg 300w, https:\/\/revistaregional.com.br\/site\/wp-content\/uploads\/2020\/11\/app-30-nov-150x78.jpg 150w, https:\/\/revistaregional.com.br\/site\/wp-content\/uploads\/2020\/11\/app-30-nov.jpg 512w\" sizes=\"(max-width: 583px) 100vw, 583px\" \/><figcaption id=\"caption-attachment-23992\" class=\"wp-caption-text\">Regi\u00e3o confirma mais mortes por covid<\/figcaption><\/figure>\n<p>A regi\u00e3o voltou a ter um alto n\u00famero de mortes pela covid-19. No final de semana, foram 6 em Indaiatuba e 1 em Itu, conforme boletins epidemiol\u00f3gicos divulgados pelas Secretarias de Sa\u00fade locais.<\/p>\n<p>Quatro \u00f3bitos aconteceram no Haoc (Hospital Augusto de Oliveira Camargo): 3 homens entre 57 e 69 anos de idade e uma mulher de apenas 21 anos. Os outros 2 foram no Santa Ign\u00eas: um paciente de 63 anos e uma mulher de 68.<\/p>\n<p>Desde o in\u00edcio da pandemia, 11.014 pessoas contra\u00edram a doen\u00e7a em Indaiatuba, sendo 184 nos \u00faltimos dois dias. Desse total, 284 morreram e 10.688 s\u00e3o considerados curados ou est\u00e3o em recupera\u00e7\u00e3o domiciliar. H\u00e1 1.240 casos suspeitos que aguardam resultados de exames.<\/p>\n<p>Nesta segunda-feira, 21, h\u00e1 70 internados, dos quais 42 est\u00e3o confirmados para covid-19. Do total, 38 est\u00e3o em leitos cl\u00ednicos e 32 em UTI (Unidade de Terapia Intensiva). Os leitos extras de UTI contratados pela Prefeitura em Campinas est\u00e3o todos ocupados. J\u00e1 a taxa de ocupa\u00e7\u00e3o das UTIs da cidade est\u00e1 em 83% no Haoc e 40% no Santa Ign\u00eas.<\/p>\n<p>Itu registrou nova morte pela doen\u00e7a. Segundo a Secretaria Municipal de Sa\u00fade, a paciente tinha 81 anos e estava em hospital local. A cidade soma 5.021 casos confirmados, com 70 novos contaminados nos \u00faltimos dois dias. Desse total, 117 pacientes morreram e 4.733 se recuperaram. H\u00e1 294 suspeitos aguardando resultados, 20 pacientes internados em leito cl\u00ednico e 10 em UTI. A taxa de ocupa\u00e7\u00e3o de leitos das UTIs est\u00e1 em 87,5% no Hospital Municipal e 50% no Hospital de Campanha.<\/p>\n<p>Salto n\u00e3o teve mortes registradas, conforme informa\u00e7\u00f5es da Prefeitura, mas confirmou 25 novos infectados. Com isso, a cidade totaliza 4.268 casos positivos para covid desde o in\u00edcio da pandemia, sendo que 87 pessoas morreram, 4.056 se recuperaram, 9 seguem internadas (sendo 3 em UTI) e 116 est\u00e3o em isolamento domiciliar.<\/p>\n<p>H\u00e1 41 suspeitos que aguardam resultados. Destes, 7 est\u00e3o em interna\u00e7\u00e3o cl\u00ednica (1 em UTI). A taxa de ocupa\u00e7\u00e3o da UTI da rede p\u00fablica est\u00e1 em 67% nesta segunda, 21; a situa\u00e7\u00e3o da rede privada n\u00e3o foi divulgada.<\/p>\n<p>&nbsp;<\/p>\n<p>foto: BIRF<\/p>\n","protected":false},"excerpt":{"rendered":"<p>Indaiatuba mant\u00e9m mortes di\u00e1rias pela doen\u00e7a; Entre as v\u00edtimas, uma jovem de 21 anos; H\u00e1 novos casos em toda a regi\u00e3o; Leitos extras de UTI contratados pela Prefeitura de Indaiatuba est\u00e3o lotados A regi\u00e3o voltou a ter um alto n\u00famero de mortes pela covid-19. No final de semana, foram 6 em Indaiatuba e 1 em [&hellip;]<\/p>\n","protected":false},"author":1,"featured_media":23992,"comment_status":"closed","ping_status":"closed","sticky":false,"template":"","format":"standard","meta":{"_acf_changed":false,"ngg_post_thumbnail":0,"_joinchat":[],"footnotes":""},"categories":[449,12],"tags":[527],"class_list":["post-24188","post","type-post","status-publish","format-standard","has-post-thumbnail","hentry","category-destaque-lateral","category-regionais","tag-regionais"],"acf":[],"yoast_head":"<!-- This site is optimized with the Yoast SEO plugin v27.4 - https:\/\/yoast.com\/product\/yoast-seo-wordpress\/ -->\n<title>Mais 6 mortes por covid em Indaiatuba e 1 em Itu - Revista Regional<\/title>\n<meta name=\"robots\" content=\"index, follow, max-snippet:-1, max-image-preview:large, max-video-preview:-1\" \/>\n<link rel=\"canonical\" href=\"https:\/\/revistaregional.com.br\/site\/2020\/12\/21\/mais-6-mortes-por-covid-em-indaiatuba-e-1-em-itu\/\" \/>\n<meta property=\"og:locale\" content=\"pt_BR\" \/>\n<meta property=\"og:type\" content=\"article\" \/>\n<meta property=\"og:title\" content=\"Mais 6 mortes por covid em Indaiatuba e 1 em Itu - Revista Regional\" \/>\n<meta property=\"og:description\" content=\"Indaiatuba mant\u00e9m mortes di\u00e1rias pela doen\u00e7a; Entre as v\u00edtimas, uma jovem de 21 anos; H\u00e1 novos casos em toda a regi\u00e3o; Leitos extras de UTI contratados pela Prefeitura de Indaiatuba est\u00e3o lotados A regi\u00e3o voltou a ter um alto n\u00famero de mortes pela covid-19. No final de semana, foram 6 em Indaiatuba e 1 em [&hellip;]\" \/>\n<meta property=\"og:url\" content=\"https:\/\/revistaregional.com.br\/site\/2020\/12\/21\/mais-6-mortes-por-covid-em-indaiatuba-e-1-em-itu\/\" \/>\n<meta property=\"og:site_name\" content=\"Revista Regional\" \/>\n<meta property=\"article:published_time\" content=\"2020-12-21T20:58:34+00:00\" \/>\n<meta property=\"article:modified_time\" content=\"2024-01-26T13:15:32+00:00\" \/>\n<meta property=\"og:image\" content=\"https:\/\/revistaregional.com.br\/site\/wp-content\/uploads\/2020\/11\/app-30-nov.jpg\" \/>\n\t<meta property=\"og:image:width\" content=\"512\" \/>\n\t<meta property=\"og:image:height\" content=\"267\" \/>\n\t<meta property=\"og:image:type\" content=\"image\/jpeg\" \/>\n<meta name=\"author\" content=\"contato@revistaregional.com.br\" \/>\n<meta name=\"twitter:card\" content=\"summary_large_image\" \/>\n<meta name=\"twitter:label1\" content=\"Escrito por\" \/>\n\t<meta name=\"twitter:data1\" content=\"contato@revistaregional.com.br\" \/>\n\t<meta name=\"twitter:label2\" content=\"Est. tempo de leitura\" \/>\n\t<meta name=\"twitter:data2\" content=\"2 minutos\" \/>\n<script type=\"application\/ld+json\" class=\"yoast-schema-graph\">{\"@context\":\"https:\\\/\\\/schema.org\",\"@graph\":[{\"@type\":\"Article\",\"@id\":\"https:\\\/\\\/revistaregional.com.br\\\/site\\\/2020\\\/12\\\/21\\\/mais-6-mortes-por-covid-em-indaiatuba-e-1-em-itu\\\/#article\",\"isPartOf\":{\"@id\":\"https:\\\/\\\/revistaregional.com.br\\\/site\\\/2020\\\/12\\\/21\\\/mais-6-mortes-por-covid-em-indaiatuba-e-1-em-itu\\\/\"},\"author\":{\"name\":\"contato@revistaregional.com.br\",\"@id\":\"https:\\\/\\\/revistaregional.com.br\\\/site\\\/#\\\/schema\\\/person\\\/382af97c580dc1b18f55107bc316010d\"},\"headline\":\"Mais 6 mortes por covid em Indaiatuba e 1 em Itu\",\"datePublished\":\"2020-12-21T20:58:34+00:00\",\"dateModified\":\"2024-01-26T13:15:32+00:00\",\"mainEntityOfPage\":{\"@id\":\"https:\\\/\\\/revistaregional.com.br\\\/site\\\/2020\\\/12\\\/21\\\/mais-6-mortes-por-covid-em-indaiatuba-e-1-em-itu\\\/\"},\"wordCount\":397,\"image\":{\"@id\":\"https:\\\/\\\/revistaregional.com.br\\\/site\\\/2020\\\/12\\\/21\\\/mais-6-mortes-por-covid-em-indaiatuba-e-1-em-itu\\\/#primaryimage\"},\"thumbnailUrl\":\"https:\\\/\\\/revistaregional.com.br\\\/site\\\/wp-content\\\/uploads\\\/2020\\\/11\\\/app-30-nov.jpg\",\"keywords\":[\"Regionais\"],\"articleSection\":[\"Destaque Lateral\",\"Regionais\"],\"inLanguage\":\"pt-BR\"},{\"@type\":\"WebPage\",\"@id\":\"https:\\\/\\\/revistaregional.com.br\\\/site\\\/2020\\\/12\\\/21\\\/mais-6-mortes-por-covid-em-indaiatuba-e-1-em-itu\\\/\",\"url\":\"https:\\\/\\\/revistaregional.com.br\\\/site\\\/2020\\\/12\\\/21\\\/mais-6-mortes-por-covid-em-indaiatuba-e-1-em-itu\\\/\",\"name\":\"Mais 6 mortes por covid em Indaiatuba e 1 em Itu - Revista Regional\",\"isPartOf\":{\"@id\":\"https:\\\/\\\/revistaregional.com.br\\\/site\\\/#website\"},\"primaryImageOfPage\":{\"@id\":\"https:\\\/\\\/revistaregional.com.br\\\/site\\\/2020\\\/12\\\/21\\\/mais-6-mortes-por-covid-em-indaiatuba-e-1-em-itu\\\/#primaryimage\"},\"image\":{\"@id\":\"https:\\\/\\\/revistaregional.com.br\\\/site\\\/2020\\\/12\\\/21\\\/mais-6-mortes-por-covid-em-indaiatuba-e-1-em-itu\\\/#primaryimage\"},\"thumbnailUrl\":\"https:\\\/\\\/revistaregional.com.br\\\/site\\\/wp-content\\\/uploads\\\/2020\\\/11\\\/app-30-nov.jpg\",\"datePublished\":\"2020-12-21T20:58:34+00:00\",\"dateModified\":\"2024-01-26T13:15:32+00:00\",\"author\":{\"@id\":\"https:\\\/\\\/revistaregional.com.br\\\/site\\\/#\\\/schema\\\/person\\\/382af97c580dc1b18f55107bc316010d\"},\"breadcrumb\":{\"@id\":\"https:\\\/\\\/revistaregional.com.br\\\/site\\\/2020\\\/12\\\/21\\\/mais-6-mortes-por-covid-em-indaiatuba-e-1-em-itu\\\/#breadcrumb\"},\"inLanguage\":\"pt-BR\",\"potentialAction\":[{\"@type\":\"ReadAction\",\"target\":[\"https:\\\/\\\/revistaregional.com.br\\\/site\\\/2020\\\/12\\\/21\\\/mais-6-mortes-por-covid-em-indaiatuba-e-1-em-itu\\\/\"]}]},{\"@type\":\"ImageObject\",\"inLanguage\":\"pt-BR\",\"@id\":\"https:\\\/\\\/revistaregional.com.br\\\/site\\\/2020\\\/12\\\/21\\\/mais-6-mortes-por-covid-em-indaiatuba-e-1-em-itu\\\/#primaryimage\",\"url\":\"https:\\\/\\\/revistaregional.com.br\\\/site\\\/wp-content\\\/uploads\\\/2020\\\/11\\\/app-30-nov.jpg\",\"contentUrl\":\"https:\\\/\\\/revistaregional.com.br\\\/site\\\/wp-content\\\/uploads\\\/2020\\\/11\\\/app-30-nov.jpg\",\"width\":512,\"height\":267,\"caption\":\"Regi\u00e3o confirma mais mortes por covid\"},{\"@type\":\"BreadcrumbList\",\"@id\":\"https:\\\/\\\/revistaregional.com.br\\\/site\\\/2020\\\/12\\\/21\\\/mais-6-mortes-por-covid-em-indaiatuba-e-1-em-itu\\\/#breadcrumb\",\"itemListElement\":[{\"@type\":\"ListItem\",\"position\":1,\"name\":\"In\u00edcio\",\"item\":\"https:\\\/\\\/revistaregional.com.br\\\/site\\\/\"},{\"@type\":\"ListItem\",\"position\":2,\"name\":\"Mais 6 mortes por covid em Indaiatuba e 1 em Itu\"}]},{\"@type\":\"WebSite\",\"@id\":\"https:\\\/\\\/revistaregional.com.br\\\/site\\\/#website\",\"url\":\"https:\\\/\\\/revistaregional.com.br\\\/site\\\/\",\"name\":\"Revista Regional\",\"description\":\"Salto - Itu - Indaituba\",\"potentialAction\":[{\"@type\":\"SearchAction\",\"target\":{\"@type\":\"EntryPoint\",\"urlTemplate\":\"https:\\\/\\\/revistaregional.com.br\\\/site\\\/?s={search_term_string}\"},\"query-input\":{\"@type\":\"PropertyValueSpecification\",\"valueRequired\":true,\"valueName\":\"search_term_string\"}}],\"inLanguage\":\"pt-BR\"},{\"@type\":\"Person\",\"@id\":\"https:\\\/\\\/revistaregional.com.br\\\/site\\\/#\\\/schema\\\/person\\\/382af97c580dc1b18f55107bc316010d\",\"name\":\"contato@revistaregional.com.br\",\"image\":{\"@type\":\"ImageObject\",\"inLanguage\":\"pt-BR\",\"@id\":\"https:\\\/\\\/secure.gravatar.com\\\/avatar\\\/869822917e96b2e292d5827e4635855396934485e7c4a0af84e9a214e32ca0cd?s=96&d=mm&r=g\",\"url\":\"https:\\\/\\\/secure.gravatar.com\\\/avatar\\\/869822917e96b2e292d5827e4635855396934485e7c4a0af84e9a214e32ca0cd?s=96&d=mm&r=g\",\"contentUrl\":\"https:\\\/\\\/secure.gravatar.com\\\/avatar\\\/869822917e96b2e292d5827e4635855396934485e7c4a0af84e9a214e32ca0cd?s=96&d=mm&r=g\",\"caption\":\"contato@revistaregional.com.br\"},\"url\":\"https:\\\/\\\/revistaregional.com.br\\\/site\\\/author\\\/contato@revistaregional.com.br\\\/\"}]}<\/script>\n<!-- \/ Yoast SEO plugin. -->","yoast_head_json":{"title":"Mais 6 mortes por covid em Indaiatuba e 1 em Itu - Revista Regional","robots":{"index":"index","follow":"follow","max-snippet":"max-snippet:-1","max-image-preview":"max-image-preview:large","max-video-preview":"max-video-preview:-1"},"canonical":"https:\/\/revistaregional.com.br\/site\/2020\/12\/21\/mais-6-mortes-por-covid-em-indaiatuba-e-1-em-itu\/","og_locale":"pt_BR","og_type":"article","og_title":"Mais 6 mortes por covid em Indaiatuba e 1 em Itu - Revista Regional","og_description":"Indaiatuba mant\u00e9m mortes di\u00e1rias pela doen\u00e7a; Entre as v\u00edtimas, uma jovem de 21 anos; H\u00e1 novos casos em toda a regi\u00e3o; Leitos extras de UTI contratados pela Prefeitura de Indaiatuba est\u00e3o lotados A regi\u00e3o voltou a ter um alto n\u00famero de mortes pela covid-19. No final de semana, foram 6 em Indaiatuba e 1 em [&hellip;]","og_url":"https:\/\/revistaregional.com.br\/site\/2020\/12\/21\/mais-6-mortes-por-covid-em-indaiatuba-e-1-em-itu\/","og_site_name":"Revista Regional","article_published_time":"2020-12-21T20:58:34+00:00","article_modified_time":"2024-01-26T13:15:32+00:00","og_image":[{"width":512,"height":267,"url":"https:\/\/revistaregional.com.br\/site\/wp-content\/uploads\/2020\/11\/app-30-nov.jpg","type":"image\/jpeg"}],"author":"contato@revistaregional.com.br","twitter_card":"summary_large_image","twitter_misc":{"Escrito por":"contato@revistaregional.com.br","Est. tempo de leitura":"2 minutos"},"schema":{"@context":"https:\/\/schema.org","@graph":[{"@type":"Article","@id":"https:\/\/revistaregional.com.br\/site\/2020\/12\/21\/mais-6-mortes-por-covid-em-indaiatuba-e-1-em-itu\/#article","isPartOf":{"@id":"https:\/\/revistaregional.com.br\/site\/2020\/12\/21\/mais-6-mortes-por-covid-em-indaiatuba-e-1-em-itu\/"},"author":{"name":"contato@revistaregional.com.br","@id":"https:\/\/revistaregional.com.br\/site\/#\/schema\/person\/382af97c580dc1b18f55107bc316010d"},"headline":"Mais 6 mortes por covid em Indaiatuba e 1 em Itu","datePublished":"2020-12-21T20:58:34+00:00","dateModified":"2024-01-26T13:15:32+00:00","mainEntityOfPage":{"@id":"https:\/\/revistaregional.com.br\/site\/2020\/12\/21\/mais-6-mortes-por-covid-em-indaiatuba-e-1-em-itu\/"},"wordCount":397,"image":{"@id":"https:\/\/revistaregional.com.br\/site\/2020\/12\/21\/mais-6-mortes-por-covid-em-indaiatuba-e-1-em-itu\/#primaryimage"},"thumbnailUrl":"https:\/\/revistaregional.com.br\/site\/wp-content\/uploads\/2020\/11\/app-30-nov.jpg","keywords":["Regionais"],"articleSection":["Destaque Lateral","Regionais"],"inLanguage":"pt-BR"},{"@type":"WebPage","@id":"https:\/\/revistaregional.com.br\/site\/2020\/12\/21\/mais-6-mortes-por-covid-em-indaiatuba-e-1-em-itu\/","url":"https:\/\/revistaregional.com.br\/site\/2020\/12\/21\/mais-6-mortes-por-covid-em-indaiatuba-e-1-em-itu\/","name":"Mais 6 mortes por covid em Indaiatuba e 1 em Itu - Revista Regional","isPartOf":{"@id":"https:\/\/revistaregional.com.br\/site\/#website"},"primaryImageOfPage":{"@id":"https:\/\/revistaregional.com.br\/site\/2020\/12\/21\/mais-6-mortes-por-covid-em-indaiatuba-e-1-em-itu\/#primaryimage"},"image":{"@id":"https:\/\/revistaregional.com.br\/site\/2020\/12\/21\/mais-6-mortes-por-covid-em-indaiatuba-e-1-em-itu\/#primaryimage"},"thumbnailUrl":"https:\/\/revistaregional.com.br\/site\/wp-content\/uploads\/2020\/11\/app-30-nov.jpg","datePublished":"2020-12-21T20:58:34+00:00","dateModified":"2024-01-26T13:15:32+00:00","author":{"@id":"https:\/\/revistaregional.com.br\/site\/#\/schema\/person\/382af97c580dc1b18f55107bc316010d"},"breadcrumb":{"@id":"https:\/\/revistaregional.com.br\/site\/2020\/12\/21\/mais-6-mortes-por-covid-em-indaiatuba-e-1-em-itu\/#breadcrumb"},"inLanguage":"pt-BR","potentialAction":[{"@type":"ReadAction","target":["https:\/\/revistaregional.com.br\/site\/2020\/12\/21\/mais-6-mortes-por-covid-em-indaiatuba-e-1-em-itu\/"]}]},{"@type":"ImageObject","inLanguage":"pt-BR","@id":"https:\/\/revistaregional.com.br\/site\/2020\/12\/21\/mais-6-mortes-por-covid-em-indaiatuba-e-1-em-itu\/#primaryimage","url":"https:\/\/revistaregional.com.br\/site\/wp-content\/uploads\/2020\/11\/app-30-nov.jpg","contentUrl":"https:\/\/revistaregional.com.br\/site\/wp-content\/uploads\/2020\/11\/app-30-nov.jpg","width":512,"height":267,"caption":"Regi\u00e3o confirma mais mortes por covid"},{"@type":"BreadcrumbList","@id":"https:\/\/revistaregional.com.br\/site\/2020\/12\/21\/mais-6-mortes-por-covid-em-indaiatuba-e-1-em-itu\/#breadcrumb","itemListElement":[{"@type":"ListItem","position":1,"name":"In\u00edcio","item":"https:\/\/revistaregional.com.br\/site\/"},{"@type":"ListItem","position":2,"name":"Mais 6 mortes por covid em Indaiatuba e 1 em Itu"}]},{"@type":"WebSite","@id":"https:\/\/revistaregional.com.br\/site\/#website","url":"https:\/\/revistaregional.com.br\/site\/","name":"Revista Regional","description":"Salto - Itu - Indaituba","potentialAction":[{"@type":"SearchAction","target":{"@type":"EntryPoint","urlTemplate":"https:\/\/revistaregional.com.br\/site\/?s={search_term_string}"},"query-input":{"@type":"PropertyValueSpecification","valueRequired":true,"valueName":"search_term_string"}}],"inLanguage":"pt-BR"},{"@type":"Person","@id":"https:\/\/revistaregional.com.br\/site\/#\/schema\/person\/382af97c580dc1b18f55107bc316010d","name":"contato@revistaregional.com.br","image":{"@type":"ImageObject","inLanguage":"pt-BR","@id":"https:\/\/secure.gravatar.com\/avatar\/869822917e96b2e292d5827e4635855396934485e7c4a0af84e9a214e32ca0cd?s=96&d=mm&r=g","url":"https:\/\/secure.gravatar.com\/avatar\/869822917e96b2e292d5827e4635855396934485e7c4a0af84e9a214e32ca0cd?s=96&d=mm&r=g","contentUrl":"https:\/\/secure.gravatar.com\/avatar\/869822917e96b2e292d5827e4635855396934485e7c4a0af84e9a214e32ca0cd?s=96&d=mm&r=g","caption":"contato@revistaregional.com.br"},"url":"https:\/\/revistaregional.com.br\/site\/author\/contato@revistaregional.com.br\/"}]}},"views":62,"_links":{"self":[{"href":"https:\/\/revistaregional.com.br\/site\/wp-json\/wp\/v2\/posts\/24188","targetHints":{"allow":["GET"]}}],"collection":[{"href":"https:\/\/revistaregional.com.br\/site\/wp-json\/wp\/v2\/posts"}],"about":[{"href":"https:\/\/revistaregional.com.br\/site\/wp-json\/wp\/v2\/types\/post"}],"author":[{"embeddable":true,"href":"https:\/\/revistaregional.com.br\/site\/wp-json\/wp\/v2\/users\/1"}],"replies":[{"embeddable":true,"href":"https:\/\/revistaregional.com.br\/site\/wp-json\/wp\/v2\/comments?post=24188"}],"version-history":[{"count":1,"href":"https:\/\/revistaregional.com.br\/site\/wp-json\/wp\/v2\/posts\/24188\/revisions"}],"predecessor-version":[{"id":24189,"href":"https:\/\/revistaregional.com.br\/site\/wp-json\/wp\/v2\/posts\/24188\/revisions\/24189"}],"wp:featuredmedia":[{"embeddable":true,"href":"https:\/\/revistaregional.com.br\/site\/wp-json\/wp\/v2\/media\/23992"}],"wp:attachment":[{"href":"https:\/\/revistaregional.com.br\/site\/wp-json\/wp\/v2\/media?parent=24188"}],"wp:term":[{"taxonomy":"category","embeddable":true,"href":"https:\/\/revistaregional.com.br\/site\/wp-json\/wp\/v2\/categories?post=24188"},{"taxonomy":"post_tag","embeddable":true,"href":"https:\/\/revistaregional.com.br\/site\/wp-json\/wp\/v2\/tags?post=24188"}],"curies":[{"name":"wp","href":"https:\/\/api.w.org\/{rel}","templated":true}]}}